{"id":44552,"date":"2019-10-09T14:49:33","date_gmt":"2019-10-09T14:49:33","guid":{"rendered":"http:\/\/www.celttv.com.ar\/?p=44552"},"modified":"2019-10-09T14:49:33","modified_gmt":"2019-10-09T14:49:33","slug":"se-lleva-a-cabo-el-workshop-internacional-baccos-buenos-aires","status":"publish","type":"post","link":"https:\/\/www.celttv.com.ar\/index.php\/2019\/10\/09\/se-lleva-a-cabo-el-workshop-internacional-baccos-buenos-aires\/","title":{"rendered":"Se lleva a cabo el Workshop Internacional Bacco\u00b4s Buenos Aires"},"content":{"rendered":"<p align=\"JUSTIFY\"><span style=\"color: #000000;\"><span style=\"font-family: 'Futura Bk BT', sans-serif;\"><span style=\"font-size: medium;\">En el marco del convenio de mutua complementaci\u00f3n y cooperaci\u00f3n <\/span><\/span><\/span><span style=\"color: #000000;\"><span style=\"font-family: 'Futura Bk BT', sans-serif;\"><span style=\"font-size: medium;\">que se firm\u00f3 <\/span><\/span><\/span><span style=\"color: #000000;\"><span style=\"font-family: 'Futura Bk BT', sans-serif;\"><span style=\"font-size: medium;\">con la Facultad de Arquitectura, Dise\u00f1o, Arte y Urbanismo de la Universidad de Mor\u00f3n, el lunes 7 comenz\u00f3 a desarrollarse el Workshop<\/span><\/span><\/span><span style=\"color: #000000;\"><span style=\"font-family: 'Futura Bk BT', sans-serif;\"><span style=\"font-size: medium;\"> Internacional Bacco\u00b4s Buenos Aires &#8211; El dise\u00f1o y los procesos productivos regionales \u2013 Paisajes y bodegas de la Ruta del Vino en la Provincia de Buenos Aires\u201d<\/span><\/span><\/span><\/p>\n<p align=\"JUSTIFY\"><span style=\"color: #000000;\"><span style=\"font-family: 'Futura Bk BT', sans-serif;\"><span style=\"font-size: medium;\">Se trata de una innovadora actividad acad\u00e9mica internacional que cuenta con la participaci\u00f3n de estudiantes de arquitectura y dise\u00f1o de Argentina e Italia, quienes trabajaron en <\/span><\/span><\/span><span style=\"color: #000000;\"><span style=\"font-family: 'Futura Bk BT', sans-serif;\"><span style=\"font-size: medium;\">proyectos para brindar respuestas de dise\u00f1o, arquitectura y planificaci\u00f3n del paisaje, asociado al enoturismuno, con inserci\u00f3n real como la ruta del vino y con el patrimonio cultural de Salamone.<\/span><\/span><\/span><\/p>\n<p align=\"JUSTIFY\"><span style=\"color: #000000;\"><span style=\"font-family: 'Futura Bk BT', sans-serif;\"><span style=\"font-size: medium;\">Durante la jornada se llev\u00f3 a cabo una presentaci\u00f3n de los vinos de Buenos Aires a cargo de los en\u00f3logos y sommelier Mart\u00edn Abenel y Melisa Agamenoni. Se realizaron actividades de intercambio, workshop de dise\u00f1o, entre otros.\u00a0<\/span><\/span><\/span><\/p>\n<p align=\"JUSTIFY\"><span style=\"color: #000000;\"><span style=\"font-family: 'Futura Bk BT', sans-serif;\"><span style=\"font-size: medium;\">En la jornada de hoy, martes 8 los estudiantes recorrer\u00e1n las bodegas de la regi\u00f3n (<\/span><\/span><\/span><span style=\"color: #000000;\"><span style=\"font-family: 'Futura Bk BT', sans-serif;\"><span style=\"font-size: medium;\">Cerro Colorado de Villa Ventana, <\/span><\/span><\/span><span style=\"color: #000000;\"><span style=\"font-family: 'Futura Bk BT', sans-serif;\"><span style=\"font-size: medium;\">Bodega Saldungaray, y Myl Colores Coronel Pringles), y las obras de Salamone en Saldungaray.<\/span><\/span><\/span><\/p>\n<p align=\"JUSTIFY\"><span style=\"color: #000000;\"><span style=\"font-family: 'Futura Bk BT', sans-serif;\"><span style=\"font-size: medium;\">El Workshop Internacional Bacco\u00b4s Buenos Aires se realiz\u00f3 en el Centro Cultural de Sierra de la ventana. De la apertura participaron Susana Dos Santos, Secretaria de Turismo, el Secretario de Gobierno, Ezequiel Gabella, Alejandro Borrachia y Daniel D\u00b4Alessandro de la Universidad de Mor\u00f3n) y represent\u00e1ndolas bodegas locales Manuela Parra y Manuel Torres Andrade.\u00a0\u00a0<\/span><\/span><\/span><\/p>\n<p align=\"JUSTIFY\"><span style=\"color: #000000;\"><span style=\"font-family: 'Futura Bk BT', sans-serif;\"><span style=\"font-size: medium;\">Es importante destacar que dicho evento es declarado de inter\u00e9s tur\u00edstico municipal en primer lugar por Decreto N\u00ba973\/19. Luego la Subsecretar\u00eda de Turismo de la Provincia de Buenos Aires por Resoluci\u00f3n N\u00famero: RESOL-2019-116-GDEBA-SSTMPGP declara de Inter\u00e9s Tur\u00edstico Provincial al \u201cWorkshop Internacional BACCO\u00b4S Buenos Aires &#8211; El dise\u00f1o y los procesos productivos regionales \u2013 Paisajes y bodegas de la Ruta del Vino en la Provincia de Buenos Aires\u201d.<\/span><\/span><\/span><\/p>\n","protected":false},"excerpt":{"rendered":"<p>En el marco del convenio de mutua complementaci\u00f3n y cooperaci\u00f3n que se firm\u00f3 con la Facultad de Arquitectura, Dise\u00f1o, Arte y Urbanismo de la Universidad de Mor\u00f3n, el lunes 7 comenz\u00f3 a desarrollarse el Workshop Internacional Bacco\u00b4s Buenos Aires &#8211; El dise\u00f1o y los procesos productivos regionales \u2013 Paisajes y bodegas de la Ruta del [&hellip;]<\/p>\n","protected":false},"author":1,"featured_media":44553,"comment_status":"closed","ping_status":"open","sticky":false,"template":"","format":"standard","meta":{"footnotes":""},"categories":[55,52,58],"tags":[],"class_list":["post-44552","post","type-post","status-publish","format-standard","has-post-thumbnail","hentry","category-celt-tv-noticias","category-destacadas","category-turismo"],"yoast_head":"<!-- This site is optimized with the Yoast SEO plugin v19.7.1 - https:\/\/yoast.com\/wordpress\/plugins\/seo\/ -->\n<title>Se lleva a cabo el Workshop Internacional Bacco\u00b4s Buenos Aires - CELTTV<\/title>\n<meta name=\"description\" content=\"Sitio web de noticias de la localidad de Tornquist, provincia de Buenos Aires, Rep\u00fablica Argentina. Contenido propio originado por periodistas de CELTTV, el canal de TV local de la Cooperativa El\u00e9ctrica de Tornquist. Turismo, Pol\u00edtica, Sociedad, Deporte, Cultura y todo el contenido de inter\u00e9s general que la gente del pueblo y la regi\u00f3n debe conocer.\" \/>\n<meta name=\"robots\" content=\"index, follow, max-snippet:-1, max-image-preview:large, max-video-preview:-1\" \/>\n<link rel=\"canonical\" href=\"https:\/\/www.celttv.com.ar\/index.php\/2019\/10\/09\/se-lleva-a-cabo-el-workshop-internacional-baccos-buenos-aires\/\" \/>\n<meta property=\"og:locale\" content=\"es_ES\" \/>\n<meta property=\"og:type\" content=\"article\" \/>\n<meta property=\"og:title\" content=\"Se lleva a cabo el Workshop Internacional Bacco\u00b4s Buenos Aires - CELTTV\" \/>\n<meta property=\"og:description\" content=\"Sitio web de noticias de la localidad de Tornquist, provincia de Buenos Aires, Rep\u00fablica Argentina. Contenido propio originado por periodistas de CELTTV, el canal de TV local de la Cooperativa El\u00e9ctrica de Tornquist. Turismo, Pol\u00edtica, Sociedad, Deporte, Cultura y todo el contenido de inter\u00e9s general que la gente del pueblo y la regi\u00f3n debe conocer.\" \/>\n<meta property=\"og:url\" content=\"https:\/\/www.celttv.com.ar\/index.php\/2019\/10\/09\/se-lleva-a-cabo-el-workshop-internacional-baccos-buenos-aires\/\" \/>\n<meta property=\"og:site_name\" content=\"CELTTV\" \/>\n<meta property=\"article:publisher\" content=\"https:\/\/www.facebook.com\/celtTV\/\" \/>\n<meta property=\"article:published_time\" content=\"2019-10-09T14:49:33+00:00\" \/>\n<meta property=\"og:image\" content=\"https:\/\/www.celttv.com.ar\/wp-content\/uploads\/2019\/10\/WhatsApp-Image-2019-10-08-at-11.11.16.jpeg\" \/>\n\t<meta property=\"og:image:width\" content=\"1280\" \/>\n\t<meta property=\"og:image:height\" content=\"959\" \/>\n\t<meta property=\"og:image:type\" content=\"image\/jpeg\" \/>\n<meta name=\"author\" content=\"ulises\" \/>\n<meta name=\"twitter:card\" content=\"summary_large_image\" \/>\n<meta name=\"twitter:label1\" content=\"Escrito por\" \/>\n\t<meta name=\"twitter:data1\" content=\"ulises\" \/>\n\t<meta name=\"twitter:label2\" content=\"Tiempo de lectura\" \/>\n\t<meta name=\"twitter:data2\" content=\"2 minutos\" \/>\n<script type=\"application\/ld+json\" class=\"yoast-schema-graph\">{\"@context\":\"https:\/\/schema.org\",\"@graph\":[{\"@type\":\"NewsArticle\",\"@id\":\"https:\/\/www.celttv.com.ar\/index.php\/2019\/10\/09\/se-lleva-a-cabo-el-workshop-internacional-baccos-buenos-aires\/#article\",\"isPartOf\":{\"@id\":\"https:\/\/www.celttv.com.ar\/index.php\/2019\/10\/09\/se-lleva-a-cabo-el-workshop-internacional-baccos-buenos-aires\/\"},\"author\":{\"name\":\"ulises\",\"@id\":\"https:\/\/www.celttv.com.ar\/#\/schema\/person\/6d99c072dba59953809c81446e9d0ace\"},\"headline\":\"Se lleva a cabo el Workshop Internacional Bacco\u00b4s Buenos Aires\",\"datePublished\":\"2019-10-09T14:49:33+00:00\",\"dateModified\":\"2019-10-09T14:49:33+00:00\",\"mainEntityOfPage\":{\"@id\":\"https:\/\/www.celttv.com.ar\/index.php\/2019\/10\/09\/se-lleva-a-cabo-el-workshop-internacional-baccos-buenos-aires\/\"},\"wordCount\":348,\"publisher\":{\"@id\":\"https:\/\/www.celttv.com.ar\/#organization\"},\"articleSection\":[\"Celt TV Noticias\",\"Destacadas\",\"Turismo\"],\"inLanguage\":\"es\"},{\"@type\":\"WebPage\",\"@id\":\"https:\/\/www.celttv.com.ar\/index.php\/2019\/10\/09\/se-lleva-a-cabo-el-workshop-internacional-baccos-buenos-aires\/\",\"url\":\"https:\/\/www.celttv.com.ar\/index.php\/2019\/10\/09\/se-lleva-a-cabo-el-workshop-internacional-baccos-buenos-aires\/\",\"name\":\"Se lleva a cabo el Workshop Internacional Bacco\u00b4s Buenos Aires - CELTTV\",\"isPartOf\":{\"@id\":\"https:\/\/www.celttv.com.ar\/#website\"},\"datePublished\":\"2019-10-09T14:49:33+00:00\",\"dateModified\":\"2019-10-09T14:49:33+00:00\",\"description\":\"Sitio web de noticias de la localidad de Tornquist, provincia de Buenos Aires, Rep\u00fablica Argentina. Contenido propio originado por periodistas de CELTTV, el canal de TV local de la Cooperativa El\u00e9ctrica de Tornquist. Turismo, Pol\u00edtica, Sociedad, Deporte, Cultura y todo el contenido de inter\u00e9s general que la gente del pueblo y la regi\u00f3n debe conocer.\",\"breadcrumb\":{\"@id\":\"https:\/\/www.celttv.com.ar\/index.php\/2019\/10\/09\/se-lleva-a-cabo-el-workshop-internacional-baccos-buenos-aires\/#breadcrumb\"},\"inLanguage\":\"es\",\"potentialAction\":[{\"@type\":\"ReadAction\",\"target\":[\"https:\/\/www.celttv.com.ar\/index.php\/2019\/10\/09\/se-lleva-a-cabo-el-workshop-internacional-baccos-buenos-aires\/\"]}]},{\"@type\":\"BreadcrumbList\",\"@id\":\"https:\/\/www.celttv.com.ar\/index.php\/2019\/10\/09\/se-lleva-a-cabo-el-workshop-internacional-baccos-buenos-aires\/#breadcrumb\",\"itemListElement\":[{\"@type\":\"ListItem\",\"position\":1,\"name\":\"Inicio\",\"item\":\"https:\/\/www.celttv.com.ar\/\"},{\"@type\":\"ListItem\",\"position\":2,\"name\":\"Se lleva a cabo el Workshop Internacional Bacco\u00b4s Buenos Aires\"}]},{\"@type\":\"WebSite\",\"@id\":\"https:\/\/www.celttv.com.ar\/#website\",\"url\":\"https:\/\/www.celttv.com.ar\/\",\"name\":\"CELTTV\",\"description\":\"Cooperativa El\u00e9ctrica de Tornquist\",\"publisher\":{\"@id\":\"https:\/\/www.celttv.com.ar\/#organization\"},\"potentialAction\":[{\"@type\":\"SearchAction\",\"target\":{\"@type\":\"EntryPoint\",\"urlTemplate\":\"https:\/\/www.celttv.com.ar\/?s={search_term_string}\"},\"query-input\":\"required name=search_term_string\"}],\"inLanguage\":\"es\"},{\"@type\":\"Organization\",\"@id\":\"https:\/\/www.celttv.com.ar\/#organization\",\"name\":\"CELTTV\",\"url\":\"https:\/\/www.celttv.com.ar\/\",\"sameAs\":[\"https:\/\/www.youtube.com\/channel\/UCz_oIt8Hig64Ub-EmcNPIhg\",\"https:\/\/www.facebook.com\/celtTV\/\"],\"logo\":{\"@type\":\"ImageObject\",\"inLanguage\":\"es\",\"@id\":\"https:\/\/www.celttv.com.ar\/#\/schema\/logo\/image\/\",\"url\":\"http:\/\/www.celttv.com.ar\/wp-content\/uploads\/2022\/08\/logo-1.png\",\"contentUrl\":\"http:\/\/www.celttv.com.ar\/wp-content\/uploads\/2022\/08\/logo-1.png\",\"width\":461,\"height\":159,\"caption\":\"CELTTV\"},\"image\":{\"@id\":\"https:\/\/www.celttv.com.ar\/#\/schema\/logo\/image\/\"}},{\"@type\":\"Person\",\"@id\":\"https:\/\/www.celttv.com.ar\/#\/schema\/person\/6d99c072dba59953809c81446e9d0ace\",\"name\":\"ulises\",\"image\":{\"@type\":\"ImageObject\",\"inLanguage\":\"es\",\"@id\":\"https:\/\/www.celttv.com.ar\/#\/schema\/person\/image\/\",\"url\":\"https:\/\/secure.gravatar.com\/avatar\/7f2c48bdc33b30088f941fb6082e555f2874c98e20cb159d7b92b50eadfce793?s=96&d=mm&r=g\",\"contentUrl\":\"https:\/\/secure.gravatar.com\/avatar\/7f2c48bdc33b30088f941fb6082e555f2874c98e20cb159d7b92b50eadfce793?s=96&d=mm&r=g\",\"caption\":\"ulises\"},\"sameAs\":[\"http:\/\/www.celttv.com.ar\"]}]}<\/script>\n<!-- \/ Yoast SEO plugin. -->","yoast_head_json":{"title":"Se lleva a cabo el Workshop Internacional Bacco\u00b4s Buenos Aires - CELTTV","description":"Sitio web de noticias de la localidad de Tornquist, provincia de Buenos Aires, Rep\u00fablica Argentina. Contenido propio originado por periodistas de CELTTV, el canal de TV local de la Cooperativa El\u00e9ctrica de Tornquist. Turismo, Pol\u00edtica, Sociedad, Deporte, Cultura y todo el contenido de inter\u00e9s general que la gente del pueblo y la regi\u00f3n debe conocer.","robots":{"index":"index","follow":"follow","max-snippet":"max-snippet:-1","max-image-preview":"max-image-preview:large","max-video-preview":"max-video-preview:-1"},"canonical":"https:\/\/www.celttv.com.ar\/index.php\/2019\/10\/09\/se-lleva-a-cabo-el-workshop-internacional-baccos-buenos-aires\/","og_locale":"es_ES","og_type":"article","og_title":"Se lleva a cabo el Workshop Internacional Bacco\u00b4s Buenos Aires - CELTTV","og_description":"Sitio web de noticias de la localidad de Tornquist, provincia de Buenos Aires, Rep\u00fablica Argentina. Contenido propio originado por periodistas de CELTTV, el canal de TV local de la Cooperativa El\u00e9ctrica de Tornquist. Turismo, Pol\u00edtica, Sociedad, Deporte, Cultura y todo el contenido de inter\u00e9s general que la gente del pueblo y la regi\u00f3n debe conocer.","og_url":"https:\/\/www.celttv.com.ar\/index.php\/2019\/10\/09\/se-lleva-a-cabo-el-workshop-internacional-baccos-buenos-aires\/","og_site_name":"CELTTV","article_publisher":"https:\/\/www.facebook.com\/celtTV\/","article_published_time":"2019-10-09T14:49:33+00:00","og_image":[{"width":1280,"height":959,"url":"https:\/\/www.celttv.com.ar\/wp-content\/uploads\/2019\/10\/WhatsApp-Image-2019-10-08-at-11.11.16.jpeg","type":"image\/jpeg"}],"author":"ulises","twitter_card":"summary_large_image","twitter_misc":{"Escrito por":"ulises","Tiempo de lectura":"2 minutos"},"schema":{"@context":"https:\/\/schema.org","@graph":[{"@type":"NewsArticle","@id":"https:\/\/www.celttv.com.ar\/index.php\/2019\/10\/09\/se-lleva-a-cabo-el-workshop-internacional-baccos-buenos-aires\/#article","isPartOf":{"@id":"https:\/\/www.celttv.com.ar\/index.php\/2019\/10\/09\/se-lleva-a-cabo-el-workshop-internacional-baccos-buenos-aires\/"},"author":{"name":"ulises","@id":"https:\/\/www.celttv.com.ar\/#\/schema\/person\/6d99c072dba59953809c81446e9d0ace"},"headline":"Se lleva a cabo el Workshop Internacional Bacco\u00b4s Buenos Aires","datePublished":"2019-10-09T14:49:33+00:00","dateModified":"2019-10-09T14:49:33+00:00","mainEntityOfPage":{"@id":"https:\/\/www.celttv.com.ar\/index.php\/2019\/10\/09\/se-lleva-a-cabo-el-workshop-internacional-baccos-buenos-aires\/"},"wordCount":348,"publisher":{"@id":"https:\/\/www.celttv.com.ar\/#organization"},"articleSection":["Celt TV Noticias","Destacadas","Turismo"],"inLanguage":"es"},{"@type":"WebPage","@id":"https:\/\/www.celttv.com.ar\/index.php\/2019\/10\/09\/se-lleva-a-cabo-el-workshop-internacional-baccos-buenos-aires\/","url":"https:\/\/www.celttv.com.ar\/index.php\/2019\/10\/09\/se-lleva-a-cabo-el-workshop-internacional-baccos-buenos-aires\/","name":"Se lleva a cabo el Workshop Internacional Bacco\u00b4s Buenos Aires - CELTTV","isPartOf":{"@id":"https:\/\/www.celttv.com.ar\/#website"},"datePublished":"2019-10-09T14:49:33+00:00","dateModified":"2019-10-09T14:49:33+00:00","description":"Sitio web de noticias de la localidad de Tornquist, provincia de Buenos Aires, Rep\u00fablica Argentina. Contenido propio originado por periodistas de CELTTV, el canal de TV local de la Cooperativa El\u00e9ctrica de Tornquist. Turismo, Pol\u00edtica, Sociedad, Deporte, Cultura y todo el contenido de inter\u00e9s general que la gente del pueblo y la regi\u00f3n debe conocer.","breadcrumb":{"@id":"https:\/\/www.celttv.com.ar\/index.php\/2019\/10\/09\/se-lleva-a-cabo-el-workshop-internacional-baccos-buenos-aires\/#breadcrumb"},"inLanguage":"es","potentialAction":[{"@type":"ReadAction","target":["https:\/\/www.celttv.com.ar\/index.php\/2019\/10\/09\/se-lleva-a-cabo-el-workshop-internacional-baccos-buenos-aires\/"]}]},{"@type":"BreadcrumbList","@id":"https:\/\/www.celttv.com.ar\/index.php\/2019\/10\/09\/se-lleva-a-cabo-el-workshop-internacional-baccos-buenos-aires\/#breadcrumb","itemListElement":[{"@type":"ListItem","position":1,"name":"Inicio","item":"https:\/\/www.celttv.com.ar\/"},{"@type":"ListItem","position":2,"name":"Se lleva a cabo el Workshop Internacional Bacco\u00b4s Buenos Aires"}]},{"@type":"WebSite","@id":"https:\/\/www.celttv.com.ar\/#website","url":"https:\/\/www.celttv.com.ar\/","name":"CELTTV","description":"Cooperativa El\u00e9ctrica de Tornquist","publisher":{"@id":"https:\/\/www.celttv.com.ar\/#organization"},"potentialAction":[{"@type":"SearchAction","target":{"@type":"EntryPoint","urlTemplate":"https:\/\/www.celttv.com.ar\/?s={search_term_string}"},"query-input":"required name=search_term_string"}],"inLanguage":"es"},{"@type":"Organization","@id":"https:\/\/www.celttv.com.ar\/#organization","name":"CELTTV","url":"https:\/\/www.celttv.com.ar\/","sameAs":["https:\/\/www.youtube.com\/channel\/UCz_oIt8Hig64Ub-EmcNPIhg","https:\/\/www.facebook.com\/celtTV\/"],"logo":{"@type":"ImageObject","inLanguage":"es","@id":"https:\/\/www.celttv.com.ar\/#\/schema\/logo\/image\/","url":"http:\/\/www.celttv.com.ar\/wp-content\/uploads\/2022\/08\/logo-1.png","contentUrl":"http:\/\/www.celttv.com.ar\/wp-content\/uploads\/2022\/08\/logo-1.png","width":461,"height":159,"caption":"CELTTV"},"image":{"@id":"https:\/\/www.celttv.com.ar\/#\/schema\/logo\/image\/"}},{"@type":"Person","@id":"https:\/\/www.celttv.com.ar\/#\/schema\/person\/6d99c072dba59953809c81446e9d0ace","name":"ulises","image":{"@type":"ImageObject","inLanguage":"es","@id":"https:\/\/www.celttv.com.ar\/#\/schema\/person\/image\/","url":"https:\/\/secure.gravatar.com\/avatar\/7f2c48bdc33b30088f941fb6082e555f2874c98e20cb159d7b92b50eadfce793?s=96&d=mm&r=g","contentUrl":"https:\/\/secure.gravatar.com\/avatar\/7f2c48bdc33b30088f941fb6082e555f2874c98e20cb159d7b92b50eadfce793?s=96&d=mm&r=g","caption":"ulises"},"sameAs":["http:\/\/www.celttv.com.ar"]}]}},"_links":{"self":[{"href":"https:\/\/www.celttv.com.ar\/index.php\/wp-json\/wp\/v2\/posts\/44552","targetHints":{"allow":["GET"]}}],"collection":[{"href":"https:\/\/www.celttv.com.ar\/index.php\/wp-json\/wp\/v2\/posts"}],"about":[{"href":"https:\/\/www.celttv.com.ar\/index.php\/wp-json\/wp\/v2\/types\/post"}],"author":[{"embeddable":true,"href":"https:\/\/www.celttv.com.ar\/index.php\/wp-json\/wp\/v2\/users\/1"}],"replies":[{"embeddable":true,"href":"https:\/\/www.celttv.com.ar\/index.php\/wp-json\/wp\/v2\/comments?post=44552"}],"version-history":[{"count":0,"href":"https:\/\/www.celttv.com.ar\/index.php\/wp-json\/wp\/v2\/posts\/44552\/revisions"}],"wp:featuredmedia":[{"embeddable":true,"href":"https:\/\/www.celttv.com.ar\/index.php\/wp-json\/wp\/v2\/media\/44553"}],"wp:attachment":[{"href":"https:\/\/www.celttv.com.ar\/index.php\/wp-json\/wp\/v2\/media?parent=44552"}],"wp:term":[{"taxonomy":"category","embeddable":true,"href":"https:\/\/www.celttv.com.ar\/index.php\/wp-json\/wp\/v2\/categories?post=44552"},{"taxonomy":"post_tag","embeddable":true,"href":"https:\/\/www.celttv.com.ar\/index.php\/wp-json\/wp\/v2\/tags?post=44552"}],"curies":[{"name":"wp","href":"https:\/\/api.w.org\/{rel}","templated":true}]}}