{"id":44555,"date":"2019-10-09T20:31:22","date_gmt":"2019-10-09T20:31:22","guid":{"rendered":"http:\/\/www.celttv.com.ar\/?p=44555"},"modified":"2019-10-09T20:31:22","modified_gmt":"2019-10-09T20:31:22","slug":"realizan-allanamientos-en-la-ciudad-por-un-caso-caratulado-como-amenazas","status":"publish","type":"post","link":"https:\/\/www.celttv.com.ar\/index.php\/2019\/10\/09\/realizan-allanamientos-en-la-ciudad-por-un-caso-caratulado-como-amenazas\/","title":{"rendered":"Realizan allanamientos en la ciudad por un caso caratulado como amenazas"},"content":{"rendered":"<p>La Secretaria de Seguridad del Municipio de Tornquist, lleva a conocimiento de la Poblaci\u00f3n, que con fecha viernes 04 de Octubre del corriente, personal del Comando de Prevenci\u00f3n Rural Tornquist,\u00a0<span lang=\"ES\">procedi\u00f3 a realizar orden de allanamiento en IPP nro. 19448-19 caratulada \u201cRoberto Ferrari s\/ Amenazas\u201d, dispuesta por el Juzgado de Garant\u00eda nro. 1 Ba Ba, causa originada en la Comisaria de la Mujer de Tornquist<\/span>, con intervenci\u00f3n de la Ayudant\u00eda Fiscal de Tornquist, e<span lang=\"ES\">n el domicilio de calle URIBURU N\u00b0 735 de esta ciudad, donde residir\u00eda ROBERTO FERRARI. <\/span><\/p>\n<p><span lang=\"ES\">Si bien al momento de la diligencia no se hallaron moradores, tras realizar la requisa del domicilio se procede al secuestro de los\u00a0<\/span>siguientes\u00a0<span lang=\"ES\">elementos un (1) TEL\u00c9FONO CELULAR,\u00a0 UN (1) CASETTE TDK 8MM, 3 PORTA TARJETAS, 1 MICRO SD, 1 TARJETA DE MEMORIA Y 1 FRASCO DE CANNABIS SATIVA (MARIHUANA) conteniendo (7.08 GRMS.), por lo cual tambi\u00e9n tomo intervenci\u00f3n la Ayudant\u00eda de Drogas Il\u00edcitas (UFIJ nro. 19) de la ciudad de Bah\u00eda Blanca a cargo del Dr. Mauricio del Cero.-<\/span><\/p>\n<p>&nbsp;<\/p>\n<div id='gallery_1' class='gallery galleryid-44555 gallery-columns-3 gallery-size-medium'><figure class='gallery-item'>\n            <div class='gallery-icon landscape'>\n                <a href='https:\/\/www.celttv.com.ar\/wp-content\/uploads\/2019\/10\/alla1.jpeg'><img loading=\"lazy\" decoding=\"async\" width=\"300\" height=\"300\" src=\"\" class=\"attachment-medium size-medium lazyload\" alt=\"\" data-src=\"https:\/\/www.celttv.com.ar\/wp-content\/uploads\/2019\/10\/alla1-300x300.jpeg\" data-sizes=\"auto\" data-srcset=\"https:\/\/www.celttv.com.ar\/wp-content\/uploads\/2019\/10\/alla1-300x300.jpeg 300w, https:\/\/www.celttv.com.ar\/wp-content\/uploads\/2019\/10\/alla1-1024x1024.jpeg 1024w, https:\/\/www.celttv.com.ar\/wp-content\/uploads\/2019\/10\/alla1-150x150.jpeg 150w, https:\/\/www.celttv.com.ar\/wp-content\/uploads\/2019\/10\/alla1-768x768.jpeg 768w, https:\/\/www.celttv.com.ar\/wp-content\/uploads\/2019\/10\/alla1-75x75.jpeg 75w, https:\/\/www.celttv.com.ar\/wp-content\/uploads\/2019\/10\/alla1-750x750.jpeg 750w, https:\/\/www.celttv.com.ar\/wp-content\/uploads\/2019\/10\/alla1-1140x1140.jpeg 1140w, https:\/\/www.celttv.com.ar\/wp-content\/uploads\/2019\/10\/alla1.jpeg 1280w\" data-expand=\"700\" \/><\/a>\n            <\/div><\/figure><figure class='gallery-item'>\n            <div class='gallery-icon landscape'>\n                <a href='https:\/\/www.celttv.com.ar\/wp-content\/uploads\/2019\/10\/WhatsApp-Image-2019-10-04-at-20.26.08.jpeg'><img loading=\"lazy\" decoding=\"async\" width=\"300\" height=\"300\" src=\"\" class=\"attachment-medium size-medium lazyload\" alt=\"\" data-src=\"https:\/\/www.celttv.com.ar\/wp-content\/uploads\/2019\/10\/WhatsApp-Image-2019-10-04-at-20.26.08-300x300.jpeg\" data-sizes=\"auto\" data-srcset=\"https:\/\/www.celttv.com.ar\/wp-content\/uploads\/2019\/10\/WhatsApp-Image-2019-10-04-at-20.26.08-300x300.jpeg 300w, https:\/\/www.celttv.com.ar\/wp-content\/uploads\/2019\/10\/WhatsApp-Image-2019-10-04-at-20.26.08-1024x1024.jpeg 1024w, https:\/\/www.celttv.com.ar\/wp-content\/uploads\/2019\/10\/WhatsApp-Image-2019-10-04-at-20.26.08-150x150.jpeg 150w, https:\/\/www.celttv.com.ar\/wp-content\/uploads\/2019\/10\/WhatsApp-Image-2019-10-04-at-20.26.08-768x768.jpeg 768w, https:\/\/www.celttv.com.ar\/wp-content\/uploads\/2019\/10\/WhatsApp-Image-2019-10-04-at-20.26.08-75x75.jpeg 75w, https:\/\/www.celttv.com.ar\/wp-content\/uploads\/2019\/10\/WhatsApp-Image-2019-10-04-at-20.26.08-750x750.jpeg 750w, https:\/\/www.celttv.com.ar\/wp-content\/uploads\/2019\/10\/WhatsApp-Image-2019-10-04-at-20.26.08-1140x1140.jpeg 1140w, https:\/\/www.celttv.com.ar\/wp-content\/uploads\/2019\/10\/WhatsApp-Image-2019-10-04-at-20.26.08.jpeg 1280w\" data-expand=\"700\" \/><\/a>\n            <\/div><\/figure>\n            <br style='clear: both' \/>\n        <\/div>\n\n","protected":false},"excerpt":{"rendered":"<p>La Secretaria de Seguridad del Municipio de Tornquist, lleva a conocimiento de la Poblaci\u00f3n, que con fecha viernes 04 de Octubre del corriente, personal del Comando de Prevenci\u00f3n Rural Tornquist,\u00a0procedi\u00f3 a realizar orden de allanamiento en IPP nro. 19448-19 caratulada \u201cRoberto Ferrari s\/ Amenazas\u201d, dispuesta por el Juzgado de Garant\u00eda nro. 1 Ba Ba, causa [&hellip;]<\/p>\n","protected":false},"author":1,"featured_media":44557,"comment_status":"closed","ping_status":"open","sticky":false,"template":"","format":"standard","meta":{"footnotes":""},"categories":[51,52,61],"tags":[],"class_list":["post-44555","post","type-post","status-publish","format-standard","has-post-thumbnail","hentry","category-comunidad","category-destacadas","category-policiales"],"yoast_head":"<!-- This site is optimized with the Yoast SEO plugin v19.7.1 - https:\/\/yoast.com\/wordpress\/plugins\/seo\/ -->\n<title>Realizan allanamientos en la ciudad por un caso caratulado como amenazas - CELTTV<\/title>\n<meta name=\"description\" content=\"Sitio web de noticias de la localidad de Tornquist, provincia de Buenos Aires, Rep\u00fablica Argentina. Contenido propio originado por periodistas de CELTTV, el canal de TV local de la Cooperativa El\u00e9ctrica de Tornquist. Turismo, Pol\u00edtica, Sociedad, Deporte, Cultura y todo el contenido de inter\u00e9s general que la gente del pueblo y la regi\u00f3n debe conocer.\" \/>\n<meta name=\"robots\" content=\"index, follow, max-snippet:-1, max-image-preview:large, max-video-preview:-1\" \/>\n<link rel=\"canonical\" href=\"https:\/\/www.celttv.com.ar\/index.php\/2019\/10\/09\/realizan-allanamientos-en-la-ciudad-por-un-caso-caratulado-como-amenazas\/\" \/>\n<meta property=\"og:locale\" content=\"es_ES\" \/>\n<meta property=\"og:type\" content=\"article\" \/>\n<meta property=\"og:title\" content=\"Realizan allanamientos en la ciudad por un caso caratulado como amenazas - CELTTV\" \/>\n<meta property=\"og:description\" content=\"Sitio web de noticias de la localidad de Tornquist, provincia de Buenos Aires, Rep\u00fablica Argentina. Contenido propio originado por periodistas de CELTTV, el canal de TV local de la Cooperativa El\u00e9ctrica de Tornquist. Turismo, Pol\u00edtica, Sociedad, Deporte, Cultura y todo el contenido de inter\u00e9s general que la gente del pueblo y la regi\u00f3n debe conocer.\" \/>\n<meta property=\"og:url\" content=\"https:\/\/www.celttv.com.ar\/index.php\/2019\/10\/09\/realizan-allanamientos-en-la-ciudad-por-un-caso-caratulado-como-amenazas\/\" \/>\n<meta property=\"og:site_name\" content=\"CELTTV\" \/>\n<meta property=\"article:publisher\" content=\"https:\/\/www.facebook.com\/celtTV\/\" \/>\n<meta property=\"article:published_time\" content=\"2019-10-09T20:31:22+00:00\" \/>\n<meta property=\"og:image\" content=\"https:\/\/www.celttv.com.ar\/wp-content\/uploads\/2019\/10\/WhatsApp-Image-2019-10-04-at-20.26.08.jpeg\" \/>\n\t<meta property=\"og:image:width\" content=\"1280\" \/>\n\t<meta property=\"og:image:height\" content=\"1280\" \/>\n\t<meta property=\"og:image:type\" content=\"image\/jpeg\" \/>\n<meta name=\"author\" content=\"ulises\" \/>\n<meta name=\"twitter:card\" content=\"summary_large_image\" \/>\n<meta name=\"twitter:label1\" content=\"Escrito por\" \/>\n\t<meta name=\"twitter:data1\" content=\"ulises\" \/>\n\t<meta name=\"twitter:label2\" content=\"Tiempo de lectura\" \/>\n\t<meta name=\"twitter:data2\" content=\"1 minuto\" \/>\n<script type=\"application\/ld+json\" class=\"yoast-schema-graph\">{\"@context\":\"https:\/\/schema.org\",\"@graph\":[{\"@type\":\"NewsArticle\",\"@id\":\"https:\/\/www.celttv.com.ar\/index.php\/2019\/10\/09\/realizan-allanamientos-en-la-ciudad-por-un-caso-caratulado-como-amenazas\/#article\",\"isPartOf\":{\"@id\":\"https:\/\/www.celttv.com.ar\/index.php\/2019\/10\/09\/realizan-allanamientos-en-la-ciudad-por-un-caso-caratulado-como-amenazas\/\"},\"author\":{\"name\":\"ulises\",\"@id\":\"https:\/\/www.celttv.com.ar\/#\/schema\/person\/6d99c072dba59953809c81446e9d0ace\"},\"headline\":\"Realizan allanamientos en la ciudad por un caso caratulado como amenazas\",\"datePublished\":\"2019-10-09T20:31:22+00:00\",\"dateModified\":\"2019-10-09T20:31:22+00:00\",\"mainEntityOfPage\":{\"@id\":\"https:\/\/www.celttv.com.ar\/index.php\/2019\/10\/09\/realizan-allanamientos-en-la-ciudad-por-un-caso-caratulado-como-amenazas\/\"},\"wordCount\":187,\"publisher\":{\"@id\":\"https:\/\/www.celttv.com.ar\/#organization\"},\"articleSection\":[\"Comunidad\",\"Destacadas\",\"Policiales\"],\"inLanguage\":\"es\"},{\"@type\":\"WebPage\",\"@id\":\"https:\/\/www.celttv.com.ar\/index.php\/2019\/10\/09\/realizan-allanamientos-en-la-ciudad-por-un-caso-caratulado-como-amenazas\/\",\"url\":\"https:\/\/www.celttv.com.ar\/index.php\/2019\/10\/09\/realizan-allanamientos-en-la-ciudad-por-un-caso-caratulado-como-amenazas\/\",\"name\":\"Realizan allanamientos en la ciudad por un caso caratulado como amenazas - CELTTV\",\"isPartOf\":{\"@id\":\"https:\/\/www.celttv.com.ar\/#website\"},\"datePublished\":\"2019-10-09T20:31:22+00:00\",\"dateModified\":\"2019-10-09T20:31:22+00:00\",\"description\":\"Sitio web de noticias de la localidad de Tornquist, provincia de Buenos Aires, Rep\u00fablica Argentina. Contenido propio originado por periodistas de CELTTV, el canal de TV local de la Cooperativa El\u00e9ctrica de Tornquist. Turismo, Pol\u00edtica, Sociedad, Deporte, Cultura y todo el contenido de inter\u00e9s general que la gente del pueblo y la regi\u00f3n debe conocer.\",\"breadcrumb\":{\"@id\":\"https:\/\/www.celttv.com.ar\/index.php\/2019\/10\/09\/realizan-allanamientos-en-la-ciudad-por-un-caso-caratulado-como-amenazas\/#breadcrumb\"},\"inLanguage\":\"es\",\"potentialAction\":[{\"@type\":\"ReadAction\",\"target\":[\"https:\/\/www.celttv.com.ar\/index.php\/2019\/10\/09\/realizan-allanamientos-en-la-ciudad-por-un-caso-caratulado-como-amenazas\/\"]}]},{\"@type\":\"BreadcrumbList\",\"@id\":\"https:\/\/www.celttv.com.ar\/index.php\/2019\/10\/09\/realizan-allanamientos-en-la-ciudad-por-un-caso-caratulado-como-amenazas\/#breadcrumb\",\"itemListElement\":[{\"@type\":\"ListItem\",\"position\":1,\"name\":\"Inicio\",\"item\":\"https:\/\/www.celttv.com.ar\/\"},{\"@type\":\"ListItem\",\"position\":2,\"name\":\"Realizan allanamientos en la ciudad por un caso caratulado como amenazas\"}]},{\"@type\":\"WebSite\",\"@id\":\"https:\/\/www.celttv.com.ar\/#website\",\"url\":\"https:\/\/www.celttv.com.ar\/\",\"name\":\"CELTTV\",\"description\":\"Cooperativa El\u00e9ctrica de Tornquist\",\"publisher\":{\"@id\":\"https:\/\/www.celttv.com.ar\/#organization\"},\"potentialAction\":[{\"@type\":\"SearchAction\",\"target\":{\"@type\":\"EntryPoint\",\"urlTemplate\":\"https:\/\/www.celttv.com.ar\/?s={search_term_string}\"},\"query-input\":\"required name=search_term_string\"}],\"inLanguage\":\"es\"},{\"@type\":\"Organization\",\"@id\":\"https:\/\/www.celttv.com.ar\/#organization\",\"name\":\"CELTTV\",\"url\":\"https:\/\/www.celttv.com.ar\/\",\"sameAs\":[\"https:\/\/www.youtube.com\/channel\/UCz_oIt8Hig64Ub-EmcNPIhg\",\"https:\/\/www.facebook.com\/celtTV\/\"],\"logo\":{\"@type\":\"ImageObject\",\"inLanguage\":\"es\",\"@id\":\"https:\/\/www.celttv.com.ar\/#\/schema\/logo\/image\/\",\"url\":\"http:\/\/www.celttv.com.ar\/wp-content\/uploads\/2022\/08\/logo-1.png\",\"contentUrl\":\"http:\/\/www.celttv.com.ar\/wp-content\/uploads\/2022\/08\/logo-1.png\",\"width\":461,\"height\":159,\"caption\":\"CELTTV\"},\"image\":{\"@id\":\"https:\/\/www.celttv.com.ar\/#\/schema\/logo\/image\/\"}},{\"@type\":\"Person\",\"@id\":\"https:\/\/www.celttv.com.ar\/#\/schema\/person\/6d99c072dba59953809c81446e9d0ace\",\"name\":\"ulises\",\"image\":{\"@type\":\"ImageObject\",\"inLanguage\":\"es\",\"@id\":\"https:\/\/www.celttv.com.ar\/#\/schema\/person\/image\/\",\"url\":\"https:\/\/secure.gravatar.com\/avatar\/7f2c48bdc33b30088f941fb6082e555f2874c98e20cb159d7b92b50eadfce793?s=96&d=mm&r=g\",\"contentUrl\":\"https:\/\/secure.gravatar.com\/avatar\/7f2c48bdc33b30088f941fb6082e555f2874c98e20cb159d7b92b50eadfce793?s=96&d=mm&r=g\",\"caption\":\"ulises\"},\"sameAs\":[\"http:\/\/www.celttv.com.ar\"]}]}<\/script>\n<!-- \/ Yoast SEO plugin. -->","yoast_head_json":{"title":"Realizan allanamientos en la ciudad por un caso caratulado como amenazas - CELTTV","description":"Sitio web de noticias de la localidad de Tornquist, provincia de Buenos Aires, Rep\u00fablica Argentina. Contenido propio originado por periodistas de CELTTV, el canal de TV local de la Cooperativa El\u00e9ctrica de Tornquist. Turismo, Pol\u00edtica, Sociedad, Deporte, Cultura y todo el contenido de inter\u00e9s general que la gente del pueblo y la regi\u00f3n debe conocer.","robots":{"index":"index","follow":"follow","max-snippet":"max-snippet:-1","max-image-preview":"max-image-preview:large","max-video-preview":"max-video-preview:-1"},"canonical":"https:\/\/www.celttv.com.ar\/index.php\/2019\/10\/09\/realizan-allanamientos-en-la-ciudad-por-un-caso-caratulado-como-amenazas\/","og_locale":"es_ES","og_type":"article","og_title":"Realizan allanamientos en la ciudad por un caso caratulado como amenazas - CELTTV","og_description":"Sitio web de noticias de la localidad de Tornquist, provincia de Buenos Aires, Rep\u00fablica Argentina. Contenido propio originado por periodistas de CELTTV, el canal de TV local de la Cooperativa El\u00e9ctrica de Tornquist. Turismo, Pol\u00edtica, Sociedad, Deporte, Cultura y todo el contenido de inter\u00e9s general que la gente del pueblo y la regi\u00f3n debe conocer.","og_url":"https:\/\/www.celttv.com.ar\/index.php\/2019\/10\/09\/realizan-allanamientos-en-la-ciudad-por-un-caso-caratulado-como-amenazas\/","og_site_name":"CELTTV","article_publisher":"https:\/\/www.facebook.com\/celtTV\/","article_published_time":"2019-10-09T20:31:22+00:00","og_image":[{"width":1280,"height":1280,"url":"https:\/\/www.celttv.com.ar\/wp-content\/uploads\/2019\/10\/WhatsApp-Image-2019-10-04-at-20.26.08.jpeg","type":"image\/jpeg"}],"author":"ulises","twitter_card":"summary_large_image","twitter_misc":{"Escrito por":"ulises","Tiempo de lectura":"1 minuto"},"schema":{"@context":"https:\/\/schema.org","@graph":[{"@type":"NewsArticle","@id":"https:\/\/www.celttv.com.ar\/index.php\/2019\/10\/09\/realizan-allanamientos-en-la-ciudad-por-un-caso-caratulado-como-amenazas\/#article","isPartOf":{"@id":"https:\/\/www.celttv.com.ar\/index.php\/2019\/10\/09\/realizan-allanamientos-en-la-ciudad-por-un-caso-caratulado-como-amenazas\/"},"author":{"name":"ulises","@id":"https:\/\/www.celttv.com.ar\/#\/schema\/person\/6d99c072dba59953809c81446e9d0ace"},"headline":"Realizan allanamientos en la ciudad por un caso caratulado como amenazas","datePublished":"2019-10-09T20:31:22+00:00","dateModified":"2019-10-09T20:31:22+00:00","mainEntityOfPage":{"@id":"https:\/\/www.celttv.com.ar\/index.php\/2019\/10\/09\/realizan-allanamientos-en-la-ciudad-por-un-caso-caratulado-como-amenazas\/"},"wordCount":187,"publisher":{"@id":"https:\/\/www.celttv.com.ar\/#organization"},"articleSection":["Comunidad","Destacadas","Policiales"],"inLanguage":"es"},{"@type":"WebPage","@id":"https:\/\/www.celttv.com.ar\/index.php\/2019\/10\/09\/realizan-allanamientos-en-la-ciudad-por-un-caso-caratulado-como-amenazas\/","url":"https:\/\/www.celttv.com.ar\/index.php\/2019\/10\/09\/realizan-allanamientos-en-la-ciudad-por-un-caso-caratulado-como-amenazas\/","name":"Realizan allanamientos en la ciudad por un caso caratulado como amenazas - CELTTV","isPartOf":{"@id":"https:\/\/www.celttv.com.ar\/#website"},"datePublished":"2019-10-09T20:31:22+00:00","dateModified":"2019-10-09T20:31:22+00:00","description":"Sitio web de noticias de la localidad de Tornquist, provincia de Buenos Aires, Rep\u00fablica Argentina. Contenido propio originado por periodistas de CELTTV, el canal de TV local de la Cooperativa El\u00e9ctrica de Tornquist. Turismo, Pol\u00edtica, Sociedad, Deporte, Cultura y todo el contenido de inter\u00e9s general que la gente del pueblo y la regi\u00f3n debe conocer.","breadcrumb":{"@id":"https:\/\/www.celttv.com.ar\/index.php\/2019\/10\/09\/realizan-allanamientos-en-la-ciudad-por-un-caso-caratulado-como-amenazas\/#breadcrumb"},"inLanguage":"es","potentialAction":[{"@type":"ReadAction","target":["https:\/\/www.celttv.com.ar\/index.php\/2019\/10\/09\/realizan-allanamientos-en-la-ciudad-por-un-caso-caratulado-como-amenazas\/"]}]},{"@type":"BreadcrumbList","@id":"https:\/\/www.celttv.com.ar\/index.php\/2019\/10\/09\/realizan-allanamientos-en-la-ciudad-por-un-caso-caratulado-como-amenazas\/#breadcrumb","itemListElement":[{"@type":"ListItem","position":1,"name":"Inicio","item":"https:\/\/www.celttv.com.ar\/"},{"@type":"ListItem","position":2,"name":"Realizan allanamientos en la ciudad por un caso caratulado como amenazas"}]},{"@type":"WebSite","@id":"https:\/\/www.celttv.com.ar\/#website","url":"https:\/\/www.celttv.com.ar\/","name":"CELTTV","description":"Cooperativa El\u00e9ctrica de Tornquist","publisher":{"@id":"https:\/\/www.celttv.com.ar\/#organization"},"potentialAction":[{"@type":"SearchAction","target":{"@type":"EntryPoint","urlTemplate":"https:\/\/www.celttv.com.ar\/?s={search_term_string}"},"query-input":"required name=search_term_string"}],"inLanguage":"es"},{"@type":"Organization","@id":"https:\/\/www.celttv.com.ar\/#organization","name":"CELTTV","url":"https:\/\/www.celttv.com.ar\/","sameAs":["https:\/\/www.youtube.com\/channel\/UCz_oIt8Hig64Ub-EmcNPIhg","https:\/\/www.facebook.com\/celtTV\/"],"logo":{"@type":"ImageObject","inLanguage":"es","@id":"https:\/\/www.celttv.com.ar\/#\/schema\/logo\/image\/","url":"http:\/\/www.celttv.com.ar\/wp-content\/uploads\/2022\/08\/logo-1.png","contentUrl":"http:\/\/www.celttv.com.ar\/wp-content\/uploads\/2022\/08\/logo-1.png","width":461,"height":159,"caption":"CELTTV"},"image":{"@id":"https:\/\/www.celttv.com.ar\/#\/schema\/logo\/image\/"}},{"@type":"Person","@id":"https:\/\/www.celttv.com.ar\/#\/schema\/person\/6d99c072dba59953809c81446e9d0ace","name":"ulises","image":{"@type":"ImageObject","inLanguage":"es","@id":"https:\/\/www.celttv.com.ar\/#\/schema\/person\/image\/","url":"https:\/\/secure.gravatar.com\/avatar\/7f2c48bdc33b30088f941fb6082e555f2874c98e20cb159d7b92b50eadfce793?s=96&d=mm&r=g","contentUrl":"https:\/\/secure.gravatar.com\/avatar\/7f2c48bdc33b30088f941fb6082e555f2874c98e20cb159d7b92b50eadfce793?s=96&d=mm&r=g","caption":"ulises"},"sameAs":["http:\/\/www.celttv.com.ar"]}]}},"_links":{"self":[{"href":"https:\/\/www.celttv.com.ar\/index.php\/wp-json\/wp\/v2\/posts\/44555","targetHints":{"allow":["GET"]}}],"collection":[{"href":"https:\/\/www.celttv.com.ar\/index.php\/wp-json\/wp\/v2\/posts"}],"about":[{"href":"https:\/\/www.celttv.com.ar\/index.php\/wp-json\/wp\/v2\/types\/post"}],"author":[{"embeddable":true,"href":"https:\/\/www.celttv.com.ar\/index.php\/wp-json\/wp\/v2\/users\/1"}],"replies":[{"embeddable":true,"href":"https:\/\/www.celttv.com.ar\/index.php\/wp-json\/wp\/v2\/comments?post=44555"}],"version-history":[{"count":0,"href":"https:\/\/www.celttv.com.ar\/index.php\/wp-json\/wp\/v2\/posts\/44555\/revisions"}],"wp:featuredmedia":[{"embeddable":true,"href":"https:\/\/www.celttv.com.ar\/index.php\/wp-json\/wp\/v2\/media\/44557"}],"wp:attachment":[{"href":"https:\/\/www.celttv.com.ar\/index.php\/wp-json\/wp\/v2\/media?parent=44555"}],"wp:term":[{"taxonomy":"category","embeddable":true,"href":"https:\/\/www.celttv.com.ar\/index.php\/wp-json\/wp\/v2\/categories?post=44555"},{"taxonomy":"post_tag","embeddable":true,"href":"https:\/\/www.celttv.com.ar\/index.php\/wp-json\/wp\/v2\/tags?post=44555"}],"curies":[{"name":"wp","href":"https:\/\/api.w.org\/{rel}","templated":true}]}}