{"id":44901,"date":"2019-10-20T23:51:52","date_gmt":"2019-10-20T23:51:52","guid":{"rendered":"http:\/\/www.celttv.com.ar\/?p=44901"},"modified":"2019-10-20T23:51:52","modified_gmt":"2019-10-20T23:51:52","slug":"la-primer-final-en-tablas","status":"publish","type":"post","link":"https:\/\/www.celttv.com.ar\/index.php\/2019\/10\/20\/la-primer-final-en-tablas\/","title":{"rendered":"LA PRIMER FINAL EN TABLAS"},"content":{"rendered":"<p>Uni\u00f3n y San Mart\u00edn de Carhue igualaron 1 a 1 en la primer final de a\u00f1o de la Liga Regional de F\u00fatbol. Ezequiel Schmidt de tiro libre abri\u00f3 la cuenta para el verde, igual\u00f3 Gabino Belleggia para el santo. La segunda va el 3 de noviembre.<\/p>\n<p>Vibrante primer final se vivi\u00f3 en Tornquist. Con un gran marco de p\u00fablico y una fiesta del otro lado del alambrado, ni verdes ni calvos pudieron sacarse ventaja.<\/p>\n<p>El inicio del partido fue del local. En la primera Delgado guape\u00f3 y gan\u00f3 por la izquierda pero fall\u00f3 en la definici\u00f3n y la mando lejos por arriba. En la segunda el verde factur\u00f3. De una falta a Fritz, un tiro libre en un lugar similar al primer gol en la semifinal de cruces. Tambi\u00e9n tom\u00f3 la pelota <strong>Ezequiel Schmidt<\/strong>. Antes la hab\u00eda puesto al segundo palo. Ahora cambi\u00f3 y con un hermoso zurdazo la puso al primero, la pelota peg\u00f3 en el palo y se fue a dormir al fondo del arco. Nueve minutos y Uni\u00f3n se pon\u00eda arriba en el marcador.<\/p>\n<p>Reaccion\u00f3 San Mart\u00edn y fue contra el arco de Stefanof. Primero Sotelo casi la mete en contra e inmediatamente despu\u00e9s el verde se salv\u00f3 de manera incre\u00edble. Mil piernas, mil rebotes, la pelota que iba y ven\u00eda como en un flipper y finalmente la terminaron despejando para que los simpatizantes de Uni\u00f3n puedan respirar. Franco Belleggia de tiro libre a los 20 minutos la mand\u00f3 por arriba, y a los 30\u2019, Biondo gan\u00f3 de cabeza luego del centro de Fritz pero el bal\u00f3n se fue alto.<\/p>\n<p>Sobre los 31\u2019 le anulan un gol a San Mart\u00edn por un offside que protest\u00f3 toda la visita hasta comenzada la segunda mitad.<\/p>\n<p>A los 34\u2019 despu\u00e9s de un centro desde la derecha, la peina Callava y le pega de cabeza defectuoso Teysseyre. La pelota sali\u00f3 para el arco de Stefanof que vol\u00f3 y la descolg\u00f3 de un \u00e1ngulo para mandarla al c\u00f3rner. Unos minutos despu\u00e9s, luego de una buena jugada colectiva del verde, Fritz recibe de espaldas al arco, gira y remata. La pelota se va muy cerca del poste izquierdo de Herrero.<\/p>\n<p>Las \u00faltimas dos tambi\u00e9n fueron del local, ambas en los pies de Schmidt. En la primera parte en posici\u00f3n dudosa, encara y remata cruzado. La pelota se fue cerca. Luego recibi\u00f3 por derecha, se hamac\u00f3 para su pierna h\u00e1bil, y remat\u00f3 a las manos de Herrero. Finalizaban los primeros 45 minutos. Todos los jugadores de San Mart\u00edn fueron a reclamarle a Jara la posici\u00f3n adelantada en el gol anulado, y el lugar donde sac\u00f3 el lateral Uni\u00f3n que deriv\u00f3 en la falta y luego el gol del verde.<\/p>\n<p>En el inicio del segundo tiempo, San Mart\u00edn arranc\u00f3 con todo y al minuto, Stefanof le sac\u00f3 un cabezazo de manera impresionante a Alonso que gan\u00f3 dentro del \u00e1rea chica, y en el rebote, en el af\u00e1n de despejar, Callava se lo lleva puesto a Calzetta que la punte\u00f3 justo para ganarle la posici\u00f3n. Jara sin dudar marc\u00f3 penal. El encargado de ejecutar fue <strong>Gabino Belleggia<\/strong>, que le rompi\u00f3 el arco Stefanof para poner el 1 a 1.<\/p>\n<p>Ah\u00ed el partido se planch\u00f3 y no fue tan entretenido como la primera mitad.<\/p>\n<p>Sotelo prob\u00f3 a colocar antes de los veinte, y la pelota se fue cerca. Ingres\u00f3 Cristian Torres en la visita para intentar tener m\u00e1s juego a\u00e9reo y en la primera, gan\u00f3 (con ca\u00f1o incluido a Delgado), tir\u00f3 el centro y Casas la mand\u00f3 afuera. Un ratito despu\u00e9s el que intent\u00f3 sorprender de atr\u00e1s de mitad de cancha fue Franco Belleggia, pero encontr\u00f3 bien parado al Stefanof que resolvi\u00f3 sin problemas.<\/p>\n<p>A los 23\u2019 Grassi pudo definir pero la pelota se desvi\u00f3 y se fue muy cerca del palo derecho de Herrero. Cuatro minutos despu\u00e9s fue Teysseyre quien gan\u00f3 de cabeza y la bola se fue apenas desviada.<\/p>\n<p>Romeo ingres\u00f3 en el verde para intentar ganar la espalda de los defensores, pero no pudo prosperar y en la visita, los cambios fueron para tener aire fresco pero tampoco pudieron gravitar.<\/p>\n<p>La \u00faltima fue un cabezazo de Fritz, d\u00e9bil y desviado.<\/p>\n<p>Pitazo final de Jara (de regular arbitraje, tendr\u00eda que haber sacado alguna amarilla m\u00e1s). El partido termin\u00f3 en parda. El 3 de noviembre se volver\u00e1n a ver las caras en Carhu\u00e9, para definir o alargar la serie a un tercer partido.<\/p>\n<p><strong>Uni\u00f3n:<\/strong> Juan Manuel Stefanof; Federico Franco, Jos\u00e9 Luis Teysseyre, Sebasti\u00e1n Callava, Hern\u00e1n Delgado; \u00c1ngelo Grassi, Lucas Sotelo, Maximiliano Banegas, Lucas Biondo; Mat\u00edas Fritz, Ezequiel Schmidt. DT: Horacio Schumacher.<\/p>\n<p><u>Cambios:<\/u> ST: 28\u2019 Joaqu\u00edn Romeo por Grassi.<\/p>\n<p><u>Supl:<\/u> Juan Dorazio, Marcelo Bruzzone Maccari, Laureano Flores, Dylan Kloster.<\/p>\n<p><strong>San Mart\u00edn:<\/strong> Maximiliano Herrero; Cristian Ferreira, Franco Belleggia, Lautaro Mildemberg, Emiliano Santos; Gabino Belleggia, Gianfranco Gonz\u00e1lez, Pablo Galv\u00e1n, Juan Emilio Calzetta; Renato Casas, Leonel Alonso. DT: Eduardo L\u00f3pez.<\/p>\n<p><u>Cambios:<\/u> 20\u2019 Cristian Torres por Alonso, 36\u2019 Mart\u00edn Schmidt por G. Belleggia, 44\u2019 Guillermo Torraco por Galvan.<\/p>\n<p><u>Supl:<\/u> Lautaro Hinding, Vladimiro G\u00f3mez.<\/p>\n<p><u>Goles:<\/u> PT: 9\u2019 Ezequiel Schmidt (U). ST: 2\u2019 Gabino Belleggia (SM)<\/p>\n<p><u>\u00c1rbitro:<\/u> Lucas Jara (5) de Olavarr\u00eda.<\/p>\n<p><u>Asistentes:<\/u> Ricardo Borger, Ezequiel Mart\u00ednez.<\/p>\n<p><u>Cancha:<\/u> Estadio Juan Jos\u00e9 Bolletta.<\/p>\n<p><a href=\"https:\/\/www.facebook.com\/pg\/solofutbolcanal2\/photos\/?tab=album&amp;album_id=1178446405697881\" target=\"_blank\" rel=\"noopener\">\u00c1lbum de Fotos: Solo F\u00fatbol<\/a><\/p>\n<p><a href=\"http:\/\/www.celttv.com.ar\/?attachment_id=44902\" rel=\"attachment wp-att-44902\"><img loading=\"lazy\" decoding=\"async\" class=\"alignleft size-full wp-image-44902\" src=\"http:\/\/www.celttv.com.ar\/wp-content\/uploads\/2019\/10\/DSC_0021.jpg\" alt=\"\" width=\"960\" height=\"640\" srcset=\"https:\/\/www.celttv.com.ar\/wp-content\/uploads\/2019\/10\/DSC_0021.jpg 960w, https:\/\/www.celttv.com.ar\/wp-content\/uploads\/2019\/10\/DSC_0021-300x200.jpg 300w, https:\/\/www.celttv.com.ar\/wp-content\/uploads\/2019\/10\/DSC_0021-768x512.jpg 768w, https:\/\/www.celttv.com.ar\/wp-content\/uploads\/2019\/10\/DSC_0021-750x500.jpg 750w\" sizes=\"auto, (max-width: 960px) 100vw, 960px\" \/><\/a> <a href=\"http:\/\/www.celttv.com.ar\/?attachment_id=44903\" rel=\"attachment wp-att-44903\"><img loading=\"lazy\" decoding=\"async\" class=\"alignleft size-medium wp-image-44903\" src=\"http:\/\/www.celttv.com.ar\/wp-content\/uploads\/2019\/10\/DSC_0027.jpg\" alt=\"\" width=\"780\" height=\"520\" srcset=\"https:\/\/www.celttv.com.ar\/wp-content\/uploads\/2019\/10\/DSC_0027.jpg 960w, https:\/\/www.celttv.com.ar\/wp-content\/uploads\/2019\/10\/DSC_0027-300x200.jpg 300w, https:\/\/www.celttv.com.ar\/wp-content\/uploads\/2019\/10\/DSC_0027-768x512.jpg 768w, https:\/\/www.celttv.com.ar\/wp-content\/uploads\/2019\/10\/DSC_0027-750x500.jpg 750w\" sizes=\"auto, (max-width: 780px) 100vw, 780px\" \/><\/a> <a href=\"http:\/\/www.celttv.com.ar\/?attachment_id=44904\" rel=\"attachment wp-att-44904\"><img loading=\"lazy\" decoding=\"async\" class=\"alignleft size-medium wp-image-44904\" src=\"http:\/\/www.celttv.com.ar\/wp-content\/uploads\/2019\/10\/DSC_0050.jpg\" alt=\"\" width=\"780\" height=\"520\" srcset=\"https:\/\/www.celttv.com.ar\/wp-content\/uploads\/2019\/10\/DSC_0050.jpg 960w, https:\/\/www.celttv.com.ar\/wp-content\/uploads\/2019\/10\/DSC_0050-300x200.jpg 300w, https:\/\/www.celttv.com.ar\/wp-content\/uploads\/2019\/10\/DSC_0050-768x512.jpg 768w, https:\/\/www.celttv.com.ar\/wp-content\/uploads\/2019\/10\/DSC_0050-750x500.jpg 750w\" sizes=\"auto, (max-width: 780px) 100vw, 780px\" \/><\/a><\/p>\n","protected":false},"excerpt":{"rendered":"<p>Uni\u00f3n y San Mart\u00edn de Carhue igualaron 1 a 1 en la primer final de a\u00f1o de la Liga Regional de F\u00fatbol. Ezequiel Schmidt de tiro libre abri\u00f3 la cuenta para el verde, igual\u00f3 Gabino Belleggia para el santo. La segunda va el 3 de noviembre. Vibrante primer final se vivi\u00f3 en Tornquist. Con un [&hellip;]<\/p>\n","protected":false},"author":1,"featured_media":44903,"comment_status":"closed","ping_status":"open","sticky":false,"template":"","format":"standard","meta":{"footnotes":""},"categories":[60,52,76],"tags":[],"class_list":["post-44901","post","type-post","status-publish","format-standard","has-post-thumbnail","hentry","category-deporte","category-destacadas","category-solo-futbol"],"yoast_head":"<!-- This site is optimized with the Yoast SEO plugin v19.7.1 - https:\/\/yoast.com\/wordpress\/plugins\/seo\/ -->\n<title>LA PRIMER FINAL EN TABLAS - CELTTV<\/title>\n<meta name=\"description\" content=\"Sitio web de noticias de la localidad de Tornquist, provincia de Buenos Aires, Rep\u00fablica Argentina. Contenido propio originado por periodistas de CELTTV, el canal de TV local de la Cooperativa El\u00e9ctrica de Tornquist. Turismo, Pol\u00edtica, Sociedad, Deporte, Cultura y todo el contenido de inter\u00e9s general que la gente del pueblo y la regi\u00f3n debe conocer.\" \/>\n<meta name=\"robots\" content=\"index, follow, max-snippet:-1, max-image-preview:large, max-video-preview:-1\" \/>\n<link rel=\"canonical\" href=\"https:\/\/www.celttv.com.ar\/index.php\/2019\/10\/20\/la-primer-final-en-tablas\/\" \/>\n<meta property=\"og:locale\" content=\"es_ES\" \/>\n<meta property=\"og:type\" content=\"article\" \/>\n<meta property=\"og:title\" content=\"LA PRIMER FINAL EN TABLAS - CELTTV\" \/>\n<meta property=\"og:description\" content=\"Sitio web de noticias de la localidad de Tornquist, provincia de Buenos Aires, Rep\u00fablica Argentina. Contenido propio originado por periodistas de CELTTV, el canal de TV local de la Cooperativa El\u00e9ctrica de Tornquist. Turismo, Pol\u00edtica, Sociedad, Deporte, Cultura y todo el contenido de inter\u00e9s general que la gente del pueblo y la regi\u00f3n debe conocer.\" \/>\n<meta property=\"og:url\" content=\"https:\/\/www.celttv.com.ar\/index.php\/2019\/10\/20\/la-primer-final-en-tablas\/\" \/>\n<meta property=\"og:site_name\" content=\"CELTTV\" \/>\n<meta property=\"article:publisher\" content=\"https:\/\/www.facebook.com\/celtTV\/\" \/>\n<meta property=\"article:published_time\" content=\"2019-10-20T23:51:52+00:00\" \/>\n<meta property=\"og:image\" content=\"https:\/\/www.celttv.com.ar\/wp-content\/uploads\/2019\/10\/DSC_0027.jpg\" \/>\n\t<meta property=\"og:image:width\" content=\"960\" \/>\n\t<meta property=\"og:image:height\" content=\"640\" \/>\n\t<meta property=\"og:image:type\" content=\"image\/jpeg\" \/>\n<meta name=\"author\" content=\"ulises\" \/>\n<meta name=\"twitter:card\" content=\"summary_large_image\" \/>\n<meta name=\"twitter:label1\" content=\"Escrito por\" \/>\n\t<meta name=\"twitter:data1\" content=\"ulises\" \/>\n\t<meta name=\"twitter:label2\" content=\"Tiempo de lectura\" \/>\n\t<meta name=\"twitter:data2\" content=\"4 minutos\" \/>\n<script type=\"application\/ld+json\" class=\"yoast-schema-graph\">{\"@context\":\"https:\/\/schema.org\",\"@graph\":[{\"@type\":\"NewsArticle\",\"@id\":\"https:\/\/www.celttv.com.ar\/index.php\/2019\/10\/20\/la-primer-final-en-tablas\/#article\",\"isPartOf\":{\"@id\":\"https:\/\/www.celttv.com.ar\/index.php\/2019\/10\/20\/la-primer-final-en-tablas\/\"},\"author\":{\"name\":\"ulises\",\"@id\":\"https:\/\/www.celttv.com.ar\/#\/schema\/person\/6d99c072dba59953809c81446e9d0ace\"},\"headline\":\"LA PRIMER FINAL EN TABLAS\",\"datePublished\":\"2019-10-20T23:51:52+00:00\",\"dateModified\":\"2019-10-20T23:51:52+00:00\",\"mainEntityOfPage\":{\"@id\":\"https:\/\/www.celttv.com.ar\/index.php\/2019\/10\/20\/la-primer-final-en-tablas\/\"},\"wordCount\":893,\"publisher\":{\"@id\":\"https:\/\/www.celttv.com.ar\/#organization\"},\"articleSection\":[\"Deporte\",\"Destacadas\",\"Solo Futbol\"],\"inLanguage\":\"es\"},{\"@type\":\"WebPage\",\"@id\":\"https:\/\/www.celttv.com.ar\/index.php\/2019\/10\/20\/la-primer-final-en-tablas\/\",\"url\":\"https:\/\/www.celttv.com.ar\/index.php\/2019\/10\/20\/la-primer-final-en-tablas\/\",\"name\":\"LA PRIMER FINAL EN TABLAS - CELTTV\",\"isPartOf\":{\"@id\":\"https:\/\/www.celttv.com.ar\/#website\"},\"datePublished\":\"2019-10-20T23:51:52+00:00\",\"dateModified\":\"2019-10-20T23:51:52+00:00\",\"description\":\"Sitio web de noticias de la localidad de Tornquist, provincia de Buenos Aires, Rep\u00fablica Argentina. Contenido propio originado por periodistas de CELTTV, el canal de TV local de la Cooperativa El\u00e9ctrica de Tornquist. Turismo, Pol\u00edtica, Sociedad, Deporte, Cultura y todo el contenido de inter\u00e9s general que la gente del pueblo y la regi\u00f3n debe conocer.\",\"breadcrumb\":{\"@id\":\"https:\/\/www.celttv.com.ar\/index.php\/2019\/10\/20\/la-primer-final-en-tablas\/#breadcrumb\"},\"inLanguage\":\"es\",\"potentialAction\":[{\"@type\":\"ReadAction\",\"target\":[\"https:\/\/www.celttv.com.ar\/index.php\/2019\/10\/20\/la-primer-final-en-tablas\/\"]}]},{\"@type\":\"BreadcrumbList\",\"@id\":\"https:\/\/www.celttv.com.ar\/index.php\/2019\/10\/20\/la-primer-final-en-tablas\/#breadcrumb\",\"itemListElement\":[{\"@type\":\"ListItem\",\"position\":1,\"name\":\"Inicio\",\"item\":\"https:\/\/www.celttv.com.ar\/\"},{\"@type\":\"ListItem\",\"position\":2,\"name\":\"LA PRIMER FINAL EN TABLAS\"}]},{\"@type\":\"WebSite\",\"@id\":\"https:\/\/www.celttv.com.ar\/#website\",\"url\":\"https:\/\/www.celttv.com.ar\/\",\"name\":\"CELTTV\",\"description\":\"Cooperativa El\u00e9ctrica de Tornquist\",\"publisher\":{\"@id\":\"https:\/\/www.celttv.com.ar\/#organization\"},\"potentialAction\":[{\"@type\":\"SearchAction\",\"target\":{\"@type\":\"EntryPoint\",\"urlTemplate\":\"https:\/\/www.celttv.com.ar\/?s={search_term_string}\"},\"query-input\":\"required name=search_term_string\"}],\"inLanguage\":\"es\"},{\"@type\":\"Organization\",\"@id\":\"https:\/\/www.celttv.com.ar\/#organization\",\"name\":\"CELTTV\",\"url\":\"https:\/\/www.celttv.com.ar\/\",\"sameAs\":[\"https:\/\/www.youtube.com\/channel\/UCz_oIt8Hig64Ub-EmcNPIhg\",\"https:\/\/www.facebook.com\/celtTV\/\"],\"logo\":{\"@type\":\"ImageObject\",\"inLanguage\":\"es\",\"@id\":\"https:\/\/www.celttv.com.ar\/#\/schema\/logo\/image\/\",\"url\":\"http:\/\/www.celttv.com.ar\/wp-content\/uploads\/2022\/08\/logo-1.png\",\"contentUrl\":\"http:\/\/www.celttv.com.ar\/wp-content\/uploads\/2022\/08\/logo-1.png\",\"width\":461,\"height\":159,\"caption\":\"CELTTV\"},\"image\":{\"@id\":\"https:\/\/www.celttv.com.ar\/#\/schema\/logo\/image\/\"}},{\"@type\":\"Person\",\"@id\":\"https:\/\/www.celttv.com.ar\/#\/schema\/person\/6d99c072dba59953809c81446e9d0ace\",\"name\":\"ulises\",\"image\":{\"@type\":\"ImageObject\",\"inLanguage\":\"es\",\"@id\":\"https:\/\/www.celttv.com.ar\/#\/schema\/person\/image\/\",\"url\":\"https:\/\/secure.gravatar.com\/avatar\/7f2c48bdc33b30088f941fb6082e555f2874c98e20cb159d7b92b50eadfce793?s=96&d=mm&r=g\",\"contentUrl\":\"https:\/\/secure.gravatar.com\/avatar\/7f2c48bdc33b30088f941fb6082e555f2874c98e20cb159d7b92b50eadfce793?s=96&d=mm&r=g\",\"caption\":\"ulises\"},\"sameAs\":[\"http:\/\/www.celttv.com.ar\"]}]}<\/script>\n<!-- \/ Yoast SEO plugin. -->","yoast_head_json":{"title":"LA PRIMER FINAL EN TABLAS - CELTTV","description":"Sitio web de noticias de la localidad de Tornquist, provincia de Buenos Aires, Rep\u00fablica Argentina. Contenido propio originado por periodistas de CELTTV, el canal de TV local de la Cooperativa El\u00e9ctrica de Tornquist. Turismo, Pol\u00edtica, Sociedad, Deporte, Cultura y todo el contenido de inter\u00e9s general que la gente del pueblo y la regi\u00f3n debe conocer.","robots":{"index":"index","follow":"follow","max-snippet":"max-snippet:-1","max-image-preview":"max-image-preview:large","max-video-preview":"max-video-preview:-1"},"canonical":"https:\/\/www.celttv.com.ar\/index.php\/2019\/10\/20\/la-primer-final-en-tablas\/","og_locale":"es_ES","og_type":"article","og_title":"LA PRIMER FINAL EN TABLAS - CELTTV","og_description":"Sitio web de noticias de la localidad de Tornquist, provincia de Buenos Aires, Rep\u00fablica Argentina. Contenido propio originado por periodistas de CELTTV, el canal de TV local de la Cooperativa El\u00e9ctrica de Tornquist. Turismo, Pol\u00edtica, Sociedad, Deporte, Cultura y todo el contenido de inter\u00e9s general que la gente del pueblo y la regi\u00f3n debe conocer.","og_url":"https:\/\/www.celttv.com.ar\/index.php\/2019\/10\/20\/la-primer-final-en-tablas\/","og_site_name":"CELTTV","article_publisher":"https:\/\/www.facebook.com\/celtTV\/","article_published_time":"2019-10-20T23:51:52+00:00","og_image":[{"width":960,"height":640,"url":"https:\/\/www.celttv.com.ar\/wp-content\/uploads\/2019\/10\/DSC_0027.jpg","type":"image\/jpeg"}],"author":"ulises","twitter_card":"summary_large_image","twitter_misc":{"Escrito por":"ulises","Tiempo de lectura":"4 minutos"},"schema":{"@context":"https:\/\/schema.org","@graph":[{"@type":"NewsArticle","@id":"https:\/\/www.celttv.com.ar\/index.php\/2019\/10\/20\/la-primer-final-en-tablas\/#article","isPartOf":{"@id":"https:\/\/www.celttv.com.ar\/index.php\/2019\/10\/20\/la-primer-final-en-tablas\/"},"author":{"name":"ulises","@id":"https:\/\/www.celttv.com.ar\/#\/schema\/person\/6d99c072dba59953809c81446e9d0ace"},"headline":"LA PRIMER FINAL EN TABLAS","datePublished":"2019-10-20T23:51:52+00:00","dateModified":"2019-10-20T23:51:52+00:00","mainEntityOfPage":{"@id":"https:\/\/www.celttv.com.ar\/index.php\/2019\/10\/20\/la-primer-final-en-tablas\/"},"wordCount":893,"publisher":{"@id":"https:\/\/www.celttv.com.ar\/#organization"},"articleSection":["Deporte","Destacadas","Solo Futbol"],"inLanguage":"es"},{"@type":"WebPage","@id":"https:\/\/www.celttv.com.ar\/index.php\/2019\/10\/20\/la-primer-final-en-tablas\/","url":"https:\/\/www.celttv.com.ar\/index.php\/2019\/10\/20\/la-primer-final-en-tablas\/","name":"LA PRIMER FINAL EN TABLAS - CELTTV","isPartOf":{"@id":"https:\/\/www.celttv.com.ar\/#website"},"datePublished":"2019-10-20T23:51:52+00:00","dateModified":"2019-10-20T23:51:52+00:00","description":"Sitio web de noticias de la localidad de Tornquist, provincia de Buenos Aires, Rep\u00fablica Argentina. Contenido propio originado por periodistas de CELTTV, el canal de TV local de la Cooperativa El\u00e9ctrica de Tornquist. Turismo, Pol\u00edtica, Sociedad, Deporte, Cultura y todo el contenido de inter\u00e9s general que la gente del pueblo y la regi\u00f3n debe conocer.","breadcrumb":{"@id":"https:\/\/www.celttv.com.ar\/index.php\/2019\/10\/20\/la-primer-final-en-tablas\/#breadcrumb"},"inLanguage":"es","potentialAction":[{"@type":"ReadAction","target":["https:\/\/www.celttv.com.ar\/index.php\/2019\/10\/20\/la-primer-final-en-tablas\/"]}]},{"@type":"BreadcrumbList","@id":"https:\/\/www.celttv.com.ar\/index.php\/2019\/10\/20\/la-primer-final-en-tablas\/#breadcrumb","itemListElement":[{"@type":"ListItem","position":1,"name":"Inicio","item":"https:\/\/www.celttv.com.ar\/"},{"@type":"ListItem","position":2,"name":"LA PRIMER FINAL EN TABLAS"}]},{"@type":"WebSite","@id":"https:\/\/www.celttv.com.ar\/#website","url":"https:\/\/www.celttv.com.ar\/","name":"CELTTV","description":"Cooperativa El\u00e9ctrica de Tornquist","publisher":{"@id":"https:\/\/www.celttv.com.ar\/#organization"},"potentialAction":[{"@type":"SearchAction","target":{"@type":"EntryPoint","urlTemplate":"https:\/\/www.celttv.com.ar\/?s={search_term_string}"},"query-input":"required name=search_term_string"}],"inLanguage":"es"},{"@type":"Organization","@id":"https:\/\/www.celttv.com.ar\/#organization","name":"CELTTV","url":"https:\/\/www.celttv.com.ar\/","sameAs":["https:\/\/www.youtube.com\/channel\/UCz_oIt8Hig64Ub-EmcNPIhg","https:\/\/www.facebook.com\/celtTV\/"],"logo":{"@type":"ImageObject","inLanguage":"es","@id":"https:\/\/www.celttv.com.ar\/#\/schema\/logo\/image\/","url":"http:\/\/www.celttv.com.ar\/wp-content\/uploads\/2022\/08\/logo-1.png","contentUrl":"http:\/\/www.celttv.com.ar\/wp-content\/uploads\/2022\/08\/logo-1.png","width":461,"height":159,"caption":"CELTTV"},"image":{"@id":"https:\/\/www.celttv.com.ar\/#\/schema\/logo\/image\/"}},{"@type":"Person","@id":"https:\/\/www.celttv.com.ar\/#\/schema\/person\/6d99c072dba59953809c81446e9d0ace","name":"ulises","image":{"@type":"ImageObject","inLanguage":"es","@id":"https:\/\/www.celttv.com.ar\/#\/schema\/person\/image\/","url":"https:\/\/secure.gravatar.com\/avatar\/7f2c48bdc33b30088f941fb6082e555f2874c98e20cb159d7b92b50eadfce793?s=96&d=mm&r=g","contentUrl":"https:\/\/secure.gravatar.com\/avatar\/7f2c48bdc33b30088f941fb6082e555f2874c98e20cb159d7b92b50eadfce793?s=96&d=mm&r=g","caption":"ulises"},"sameAs":["http:\/\/www.celttv.com.ar"]}]}},"_links":{"self":[{"href":"https:\/\/www.celttv.com.ar\/index.php\/wp-json\/wp\/v2\/posts\/44901","targetHints":{"allow":["GET"]}}],"collection":[{"href":"https:\/\/www.celttv.com.ar\/index.php\/wp-json\/wp\/v2\/posts"}],"about":[{"href":"https:\/\/www.celttv.com.ar\/index.php\/wp-json\/wp\/v2\/types\/post"}],"author":[{"embeddable":true,"href":"https:\/\/www.celttv.com.ar\/index.php\/wp-json\/wp\/v2\/users\/1"}],"replies":[{"embeddable":true,"href":"https:\/\/www.celttv.com.ar\/index.php\/wp-json\/wp\/v2\/comments?post=44901"}],"version-history":[{"count":0,"href":"https:\/\/www.celttv.com.ar\/index.php\/wp-json\/wp\/v2\/posts\/44901\/revisions"}],"wp:featuredmedia":[{"embeddable":true,"href":"https:\/\/www.celttv.com.ar\/index.php\/wp-json\/wp\/v2\/media\/44903"}],"wp:attachment":[{"href":"https:\/\/www.celttv.com.ar\/index.php\/wp-json\/wp\/v2\/media?parent=44901"}],"wp:term":[{"taxonomy":"category","embeddable":true,"href":"https:\/\/www.celttv.com.ar\/index.php\/wp-json\/wp\/v2\/categories?post=44901"},{"taxonomy":"post_tag","embeddable":true,"href":"https:\/\/www.celttv.com.ar\/index.php\/wp-json\/wp\/v2\/tags?post=44901"}],"curies":[{"name":"wp","href":"https:\/\/api.w.org\/{rel}","templated":true}]}}