{"id":44908,"date":"2019-10-22T00:27:24","date_gmt":"2019-10-22T00:27:24","guid":{"rendered":"http:\/\/www.celttv.com.ar\/?p=44908"},"modified":"2019-10-22T00:27:24","modified_gmt":"2019-10-22T00:27:24","slug":"44908","status":"publish","type":"post","link":"https:\/\/www.celttv.com.ar\/index.php\/2019\/10\/22\/44908\/","title":{"rendered":"Una tarde con diferentes sensaciones para las Inferiores de Automoto"},"content":{"rendered":"<p><a href=\"http:\/\/www.celttv.com.ar\/?attachment_id=44910\" rel=\"attachment wp-att-44910\"><img loading=\"lazy\" decoding=\"async\" src=\"http:\/\/www.celttv.com.ar\/wp-content\/uploads\/2019\/10\/autito.jpg\" alt=\"\" width=\"960\" height=\"712\" class=\"alignleft size-full wp-image-44910\" srcset=\"https:\/\/www.celttv.com.ar\/wp-content\/uploads\/2019\/10\/autito.jpg 960w, https:\/\/www.celttv.com.ar\/wp-content\/uploads\/2019\/10\/autito-300x223.jpg 300w, https:\/\/www.celttv.com.ar\/wp-content\/uploads\/2019\/10\/autito-768x570.jpg 768w, https:\/\/www.celttv.com.ar\/wp-content\/uploads\/2019\/10\/autito-750x556.jpg 750w\" sizes=\"auto, (max-width: 960px) 100vw, 960px\" \/><\/a><\/p>\n<p>Una tarde con diferentes sensaciones para las Inferiores de Automoto<br \/>\n   El triunfo de la S\u00e9ptima, que ya se encuentra clasificada a la etapa definitoria del certamen, y los empates de la Octava y la Quinta, que siguen luchando para insertarse entre los ocho mejores, dej\u00f3 como saldo el enfrentamiento ante Tiro Federal de Puan, en el marco de la pen\u00faltima fecha de la fase regular del certamen de Inferiores de la Liga Regional.<br \/>\n   En el estadio Agust\u00edn Ruppel, la categor\u00eda m\u00e1s grande desperdici\u00f3 una gran oportunidad de acercarse a la clasificaci\u00f3n, al igualar con el conjunto puanense por 1 a 1. Despu\u00e9s de ir ganando con el tanto convertido por Valentino Bucchi, de penal, en el primer tiempo, el visitante logr\u00f3 llegar a la igualdad en el complemento.<br \/>\n   De ese modo, el Rojo ya no tiene chances de ganar la tercera ronda y no depende de s\u00ed mismo para clasificar por tabla general. Por eso, el pr\u00f3ximo s\u00e1bado deber\u00e1 derrotar en el cl\u00e1sico a Uni\u00f3n y aguardar un par de resultados a favor para poder insertarse en los cruces definitorios.<br \/>\n   Diferente es la situaci\u00f3n de la S\u00e9ptima, que atraviesa un muy buen momento y gole\u00f3 a Tiro Federal por 4 a 0. Los goles fueron marcados por Ger\u00f3nimo Kugler (2), Juan Mu\u00f1oz y Tom\u00e1s Dorregaray, con un exquisito taco.<br \/>\n   En esta divisional, Automoto lidera la tabla de posiciones general, en la cual se contabilizan las tres rondas de la temporada.<br \/>\n   Finalmente, la Octava dej\u00f3 dos unidades muy importantes en el camino, luego de que Tiro llegara al empate en la \u00faltima jugada del encuentro. El partido termino 2 a 2, con dos conquistas de Juan Mart\u00edn Flores.<br \/>\n   El equipo dirigido por Juan Salazar tiene grandes chances de llegar a los cuartos de final, aunque para ello deber\u00e1 esperar que Tiro no gane la tercera ronda. El \u201cT\u00e1rtaro\u201d se encuentra a cuatro unidades de los l\u00edderes Club Sarmiento \u201cA\u201d y Pe\u00f1arol, aunque tiene un partido menos.<br \/>\n   El pr\u00f3ximo s\u00e1bado se jugar\u00e1 el cl\u00e1sico de inferiores, en lo que ser\u00e1 el cierre de la etapa regular.<\/p>\n<p>   Las posiciones de la Zona \u201cA\u201d son las siguientes:<\/p>\n<p>Quinta<br \/>\nEquipo\tPts\tPJ\tG\tE\tP\tGf\tGc<br \/>\nPuan F. Club\t19\t7\t6\t1\t0\t22\t5<br \/>\nClub Sarmiento\t16\t7\t5\t1\t1\t19\t6<br \/>\nUni\u00f3n (T)\t12\t7\t4\t0\t3\t12\t10<br \/>\nAutomoto\t11\t7\t3\t2\t2\t9\t6<br \/>\nPe\u00f1arol (Pig\u00fc\u00e9)\t10\t7\t2\t4\t1\t9\t7<br \/>\nD. Argentino\t10\t8\t3\t1\t4\t10\t13<br \/>\nTiro Federal (P)\t6\t7\t1\t3\t3\t8\t9<br \/>\nE. de Comercio\t5\t7\t1\t2\t4\t6\t12<br \/>\nUni\u00f3n Pig\u00fc\u00e9\t0\t7\t0\t0\t7\t2\t29<\/p>\n<p>Sexta<br \/>\nEquipo\tPts\tPJ\tG\tE\tP\tGf\tGc<br \/>\nAutomoto\t16\t6\t5\t1\t0\t20\t2<br \/>\nPe\u00f1arol (P)\t13\t6\t4\t1\t1\t21\t4<br \/>\nClub Sarmiento\t12\t7\t3\t3\t1\t15\t7<br \/>\nD. Argentino\t11\t7\t3\t2\t2\t9\t9<br \/>\nE. de Comercio\t10\t6\t3\t1\t2\t12\t5<br \/>\nUni\u00f3n (Tornquist)\t6\t6\t2\t0\t4\t19\t12<br \/>\nPuan F. Club\t3\t6\t1\t0\t5\t5\t23<br \/>\nUni\u00f3n Pig\u00fc\u00e9\t0\t6\t0\t0\t6\t2\t41<\/p>\n<p>S\u00e9ptima<br \/>\nEquipo\tPts\tPJ\tG\tE\tP\tGf\tGc<br \/>\nD. Argentino\t15\t5\t5\t0\t0\t27\t2<br \/>\nAutomoto\t12\t5\t4\t0\t1\t15\t5<br \/>\nClub Sarmiento A\t9\t5\t3\t0\t2\t19\t6<br \/>\nSan Mart\u00edn (S)\t4\t4\t1\t1\t2\t9\t14<br \/>\nTiro Federal (P)\t4\t4\t1\t1\t2\t6\t14<br \/>\nPe\u00f1arol (Pig\u00fc\u00e9)\t3\t6\t1\t0\t5\t10\t25<br \/>\nUni\u00f3n (Tornquist)\t2\t5\t0\t2\t3\t3\t23<\/p>\n<p>Octava<br \/>\nEquipo\tPts\tPJ\tG\tE\tP\tGf\tGc<br \/>\nClub Sarmiento A\t19\t8\t6\t1\t1\t22\t5<br \/>\nPe\u00f1arol (Pig\u00fc\u00e9)\t19\t8\t6\t1\t1\t12\t2<br \/>\nD. Argentino\t16\t8\t5\t1\t2\t13\t4<br \/>\nTiro Federal (P)\t15\t7\t4\t3\t0\t14\t3<br \/>\nAutomoto\t13\t8\t4\t1\t3\t17\t9<br \/>\nE. de Comercio\t9\t8\t2\t3\t3\t5\t9<br \/>\nPuan F. Club\t8\t8\t2\t2\t4\t3\t14<br \/>\nSan Mart\u00edn (S)\t7\t7\t2\t1\t4\t7\t8<br \/>\nUni\u00f3n (Tornquist)\t2\t8\t0\t2\t6\t1\t23<br \/>\nUni\u00f3n Pig\u00fc\u00e9\t1\t8\t0\t1\t7\t1\t18<\/p>\n<p>   La tabla acumulada de las tres ruedas, es la siguiente:<br \/>\nQuinta<\/p>\n<p>Equipo\tPts\tPJ<br \/>\nPuan FC\t49\t23<br \/>\nClub Sarmiento\t48\t22<br \/>\nTiro Federal (P)\t38\t23<br \/>\nE. de Comercio\t34\t22<br \/>\nUni\u00f3n (T)\t34\t23<br \/>\nAutomoto\t33\t23<br \/>\nPe\u00f1arol (Pig\u00fc\u00e9)\t29\t23<br \/>\nD. Argentino\t27\t24<br \/>\nUni\u00f3n Pig\u00fc\u00e9\t3\t23<\/p>\n<p>Sexta<\/p>\n<p>Equipo\tPts\tPJ<br \/>\nAutomoto\t54\t22<br \/>\nPe\u00f1arol (P)\t54\t22<br \/>\nClub Sarmiento\t46\t22<br \/>\nE. de Comercio\t38\t22<br \/>\nD. Argentino\t33\t23<br \/>\nUni\u00f3n (Tornquist)\t30\t22<br \/>\nTiro Federal (P)\t9\t16<br \/>\nPuan F. Club\t6\t22<br \/>\nUni\u00f3n Pig\u00fc\u00e9\t6\t22<\/p>\n<p>S\u00e9ptima<\/p>\n<p>Equipo\tPts\tPJ<br \/>\nAutomoto\t38\t17<br \/>\nD. Argentino\t38\t17<br \/>\nClub Sarmiento A\t37\t17<br \/>\nTiro Federal (P)\t21\t16<br \/>\nPe\u00f1arol (Pig\u00fc\u00e9)\t18\t18<br \/>\nSan Mart\u00edn (S)\t17\t16<br \/>\nUni\u00f3n (Tornquist)\t2\t17<\/p>\n<p>Octava<\/p>\n<p>Equipo\tPts\tPJ<br \/>\nClub Sarmiento A\t56\t25<br \/>\nD. Argentino\t55\t26<br \/>\nPe\u00f1arol (Pig\u00fc\u00e9)\t55\t26<br \/>\nAutomoto 47\t26<br \/>\nTiro Federal (P)\t38\t25<br \/>\nPuan F. Club\t29\t26<br \/>\nE. de Comercio\t29\t25<br \/>\nSan Mart\u00edn (S)\t27\t25<br \/>\nUni\u00f3n Pig\u00fc\u00e9\t9\t26<br \/>\nUni\u00f3n (Tornquist)\t8\t26<\/p>\n<p>Departamento de Prensa \u2013 Automoto Club Deportivo<br \/>\nwww.clubautomotopasion.com.ar<br \/>\nFacebook: \/automototornquist<br \/>\nTwitter: @ClubAutomoto<\/p>\n","protected":false},"excerpt":{"rendered":"<p>Una tarde con diferentes sensaciones para las Inferiores de Automoto El triunfo de la S\u00e9ptima, que ya se encuentra clasificada a la etapa definitoria del certamen, y los empates de la Octava y la Quinta, que siguen luchando para insertarse entre los ocho mejores, dej\u00f3 como saldo el enfrentamiento ante Tiro Federal de Puan, en [&hellip;]<\/p>\n","protected":false},"author":1,"featured_media":44910,"comment_status":"closed","ping_status":"open","sticky":false,"template":"","format":"standard","meta":{"footnotes":""},"categories":[60,52],"tags":[],"class_list":["post-44908","post","type-post","status-publish","format-standard","has-post-thumbnail","hentry","category-deporte","category-destacadas"],"yoast_head":"<!-- This site is optimized with the Yoast SEO plugin v19.7.1 - https:\/\/yoast.com\/wordpress\/plugins\/seo\/ -->\n<title>Una tarde con diferentes sensaciones para las Inferiores de Automoto - CELTTV<\/title>\n<meta name=\"description\" content=\"Sitio web de noticias de la localidad de Tornquist, provincia de Buenos Aires, Rep\u00fablica Argentina. Contenido propio originado por periodistas de CELTTV, el canal de TV local de la Cooperativa El\u00e9ctrica de Tornquist. Turismo, Pol\u00edtica, Sociedad, Deporte, Cultura y todo el contenido de inter\u00e9s general que la gente del pueblo y la regi\u00f3n debe conocer.\" \/>\n<meta name=\"robots\" content=\"index, follow, max-snippet:-1, max-image-preview:large, max-video-preview:-1\" \/>\n<link rel=\"canonical\" href=\"https:\/\/www.celttv.com.ar\/index.php\/2019\/10\/22\/44908\/\" \/>\n<meta property=\"og:locale\" content=\"es_ES\" \/>\n<meta property=\"og:type\" content=\"article\" \/>\n<meta property=\"og:title\" content=\"Una tarde con diferentes sensaciones para las Inferiores de Automoto - CELTTV\" \/>\n<meta property=\"og:description\" content=\"Sitio web de noticias de la localidad de Tornquist, provincia de Buenos Aires, Rep\u00fablica Argentina. Contenido propio originado por periodistas de CELTTV, el canal de TV local de la Cooperativa El\u00e9ctrica de Tornquist. Turismo, Pol\u00edtica, Sociedad, Deporte, Cultura y todo el contenido de inter\u00e9s general que la gente del pueblo y la regi\u00f3n debe conocer.\" \/>\n<meta property=\"og:url\" content=\"https:\/\/www.celttv.com.ar\/index.php\/2019\/10\/22\/44908\/\" \/>\n<meta property=\"og:site_name\" content=\"CELTTV\" \/>\n<meta property=\"article:publisher\" content=\"https:\/\/www.facebook.com\/celtTV\/\" \/>\n<meta property=\"article:published_time\" content=\"2019-10-22T00:27:24+00:00\" \/>\n<meta property=\"og:image\" content=\"https:\/\/www.celttv.com.ar\/wp-content\/uploads\/2019\/10\/autito.jpg\" \/>\n\t<meta property=\"og:image:width\" content=\"960\" \/>\n\t<meta property=\"og:image:height\" content=\"712\" \/>\n\t<meta property=\"og:image:type\" content=\"image\/jpeg\" \/>\n<meta name=\"author\" content=\"ulises\" \/>\n<meta name=\"twitter:card\" content=\"summary_large_image\" \/>\n<meta name=\"twitter:label1\" content=\"Escrito por\" \/>\n\t<meta name=\"twitter:data1\" content=\"ulises\" \/>\n\t<meta name=\"twitter:label2\" content=\"Tiempo de lectura\" \/>\n\t<meta name=\"twitter:data2\" content=\"3 minutos\" \/>\n<script type=\"application\/ld+json\" class=\"yoast-schema-graph\">{\"@context\":\"https:\/\/schema.org\",\"@graph\":[{\"@type\":\"NewsArticle\",\"@id\":\"https:\/\/www.celttv.com.ar\/index.php\/2019\/10\/22\/44908\/#article\",\"isPartOf\":{\"@id\":\"https:\/\/www.celttv.com.ar\/index.php\/2019\/10\/22\/44908\/\"},\"author\":{\"name\":\"ulises\",\"@id\":\"https:\/\/www.celttv.com.ar\/#\/schema\/person\/6d99c072dba59953809c81446e9d0ace\"},\"headline\":\"Una tarde con diferentes sensaciones para las Inferiores de Automoto\",\"datePublished\":\"2019-10-22T00:27:24+00:00\",\"dateModified\":\"2019-10-22T00:27:24+00:00\",\"mainEntityOfPage\":{\"@id\":\"https:\/\/www.celttv.com.ar\/index.php\/2019\/10\/22\/44908\/\"},\"wordCount\":639,\"publisher\":{\"@id\":\"https:\/\/www.celttv.com.ar\/#organization\"},\"articleSection\":[\"Deporte\",\"Destacadas\"],\"inLanguage\":\"es\"},{\"@type\":\"WebPage\",\"@id\":\"https:\/\/www.celttv.com.ar\/index.php\/2019\/10\/22\/44908\/\",\"url\":\"https:\/\/www.celttv.com.ar\/index.php\/2019\/10\/22\/44908\/\",\"name\":\"Una tarde con diferentes sensaciones para las Inferiores de Automoto - CELTTV\",\"isPartOf\":{\"@id\":\"https:\/\/www.celttv.com.ar\/#website\"},\"datePublished\":\"2019-10-22T00:27:24+00:00\",\"dateModified\":\"2019-10-22T00:27:24+00:00\",\"description\":\"Sitio web de noticias de la localidad de Tornquist, provincia de Buenos Aires, Rep\u00fablica Argentina. Contenido propio originado por periodistas de CELTTV, el canal de TV local de la Cooperativa El\u00e9ctrica de Tornquist. Turismo, Pol\u00edtica, Sociedad, Deporte, Cultura y todo el contenido de inter\u00e9s general que la gente del pueblo y la regi\u00f3n debe conocer.\",\"breadcrumb\":{\"@id\":\"https:\/\/www.celttv.com.ar\/index.php\/2019\/10\/22\/44908\/#breadcrumb\"},\"inLanguage\":\"es\",\"potentialAction\":[{\"@type\":\"ReadAction\",\"target\":[\"https:\/\/www.celttv.com.ar\/index.php\/2019\/10\/22\/44908\/\"]}]},{\"@type\":\"BreadcrumbList\",\"@id\":\"https:\/\/www.celttv.com.ar\/index.php\/2019\/10\/22\/44908\/#breadcrumb\",\"itemListElement\":[{\"@type\":\"ListItem\",\"position\":1,\"name\":\"Inicio\",\"item\":\"https:\/\/www.celttv.com.ar\/\"},{\"@type\":\"ListItem\",\"position\":2,\"name\":\"Una tarde con diferentes sensaciones para las Inferiores de Automoto\"}]},{\"@type\":\"WebSite\",\"@id\":\"https:\/\/www.celttv.com.ar\/#website\",\"url\":\"https:\/\/www.celttv.com.ar\/\",\"name\":\"CELTTV\",\"description\":\"Cooperativa El\u00e9ctrica de Tornquist\",\"publisher\":{\"@id\":\"https:\/\/www.celttv.com.ar\/#organization\"},\"potentialAction\":[{\"@type\":\"SearchAction\",\"target\":{\"@type\":\"EntryPoint\",\"urlTemplate\":\"https:\/\/www.celttv.com.ar\/?s={search_term_string}\"},\"query-input\":\"required name=search_term_string\"}],\"inLanguage\":\"es\"},{\"@type\":\"Organization\",\"@id\":\"https:\/\/www.celttv.com.ar\/#organization\",\"name\":\"CELTTV\",\"url\":\"https:\/\/www.celttv.com.ar\/\",\"sameAs\":[\"https:\/\/www.youtube.com\/channel\/UCz_oIt8Hig64Ub-EmcNPIhg\",\"https:\/\/www.facebook.com\/celtTV\/\"],\"logo\":{\"@type\":\"ImageObject\",\"inLanguage\":\"es\",\"@id\":\"https:\/\/www.celttv.com.ar\/#\/schema\/logo\/image\/\",\"url\":\"http:\/\/www.celttv.com.ar\/wp-content\/uploads\/2022\/08\/logo-1.png\",\"contentUrl\":\"http:\/\/www.celttv.com.ar\/wp-content\/uploads\/2022\/08\/logo-1.png\",\"width\":461,\"height\":159,\"caption\":\"CELTTV\"},\"image\":{\"@id\":\"https:\/\/www.celttv.com.ar\/#\/schema\/logo\/image\/\"}},{\"@type\":\"Person\",\"@id\":\"https:\/\/www.celttv.com.ar\/#\/schema\/person\/6d99c072dba59953809c81446e9d0ace\",\"name\":\"ulises\",\"image\":{\"@type\":\"ImageObject\",\"inLanguage\":\"es\",\"@id\":\"https:\/\/www.celttv.com.ar\/#\/schema\/person\/image\/\",\"url\":\"https:\/\/secure.gravatar.com\/avatar\/7f2c48bdc33b30088f941fb6082e555f2874c98e20cb159d7b92b50eadfce793?s=96&d=mm&r=g\",\"contentUrl\":\"https:\/\/secure.gravatar.com\/avatar\/7f2c48bdc33b30088f941fb6082e555f2874c98e20cb159d7b92b50eadfce793?s=96&d=mm&r=g\",\"caption\":\"ulises\"},\"sameAs\":[\"http:\/\/www.celttv.com.ar\"]}]}<\/script>\n<!-- \/ Yoast SEO plugin. -->","yoast_head_json":{"title":"Una tarde con diferentes sensaciones para las Inferiores de Automoto - CELTTV","description":"Sitio web de noticias de la localidad de Tornquist, provincia de Buenos Aires, Rep\u00fablica Argentina. Contenido propio originado por periodistas de CELTTV, el canal de TV local de la Cooperativa El\u00e9ctrica de Tornquist. Turismo, Pol\u00edtica, Sociedad, Deporte, Cultura y todo el contenido de inter\u00e9s general que la gente del pueblo y la regi\u00f3n debe conocer.","robots":{"index":"index","follow":"follow","max-snippet":"max-snippet:-1","max-image-preview":"max-image-preview:large","max-video-preview":"max-video-preview:-1"},"canonical":"https:\/\/www.celttv.com.ar\/index.php\/2019\/10\/22\/44908\/","og_locale":"es_ES","og_type":"article","og_title":"Una tarde con diferentes sensaciones para las Inferiores de Automoto - CELTTV","og_description":"Sitio web de noticias de la localidad de Tornquist, provincia de Buenos Aires, Rep\u00fablica Argentina. Contenido propio originado por periodistas de CELTTV, el canal de TV local de la Cooperativa El\u00e9ctrica de Tornquist. Turismo, Pol\u00edtica, Sociedad, Deporte, Cultura y todo el contenido de inter\u00e9s general que la gente del pueblo y la regi\u00f3n debe conocer.","og_url":"https:\/\/www.celttv.com.ar\/index.php\/2019\/10\/22\/44908\/","og_site_name":"CELTTV","article_publisher":"https:\/\/www.facebook.com\/celtTV\/","article_published_time":"2019-10-22T00:27:24+00:00","og_image":[{"width":960,"height":712,"url":"https:\/\/www.celttv.com.ar\/wp-content\/uploads\/2019\/10\/autito.jpg","type":"image\/jpeg"}],"author":"ulises","twitter_card":"summary_large_image","twitter_misc":{"Escrito por":"ulises","Tiempo de lectura":"3 minutos"},"schema":{"@context":"https:\/\/schema.org","@graph":[{"@type":"NewsArticle","@id":"https:\/\/www.celttv.com.ar\/index.php\/2019\/10\/22\/44908\/#article","isPartOf":{"@id":"https:\/\/www.celttv.com.ar\/index.php\/2019\/10\/22\/44908\/"},"author":{"name":"ulises","@id":"https:\/\/www.celttv.com.ar\/#\/schema\/person\/6d99c072dba59953809c81446e9d0ace"},"headline":"Una tarde con diferentes sensaciones para las Inferiores de Automoto","datePublished":"2019-10-22T00:27:24+00:00","dateModified":"2019-10-22T00:27:24+00:00","mainEntityOfPage":{"@id":"https:\/\/www.celttv.com.ar\/index.php\/2019\/10\/22\/44908\/"},"wordCount":639,"publisher":{"@id":"https:\/\/www.celttv.com.ar\/#organization"},"articleSection":["Deporte","Destacadas"],"inLanguage":"es"},{"@type":"WebPage","@id":"https:\/\/www.celttv.com.ar\/index.php\/2019\/10\/22\/44908\/","url":"https:\/\/www.celttv.com.ar\/index.php\/2019\/10\/22\/44908\/","name":"Una tarde con diferentes sensaciones para las Inferiores de Automoto - CELTTV","isPartOf":{"@id":"https:\/\/www.celttv.com.ar\/#website"},"datePublished":"2019-10-22T00:27:24+00:00","dateModified":"2019-10-22T00:27:24+00:00","description":"Sitio web de noticias de la localidad de Tornquist, provincia de Buenos Aires, Rep\u00fablica Argentina. Contenido propio originado por periodistas de CELTTV, el canal de TV local de la Cooperativa El\u00e9ctrica de Tornquist. Turismo, Pol\u00edtica, Sociedad, Deporte, Cultura y todo el contenido de inter\u00e9s general que la gente del pueblo y la regi\u00f3n debe conocer.","breadcrumb":{"@id":"https:\/\/www.celttv.com.ar\/index.php\/2019\/10\/22\/44908\/#breadcrumb"},"inLanguage":"es","potentialAction":[{"@type":"ReadAction","target":["https:\/\/www.celttv.com.ar\/index.php\/2019\/10\/22\/44908\/"]}]},{"@type":"BreadcrumbList","@id":"https:\/\/www.celttv.com.ar\/index.php\/2019\/10\/22\/44908\/#breadcrumb","itemListElement":[{"@type":"ListItem","position":1,"name":"Inicio","item":"https:\/\/www.celttv.com.ar\/"},{"@type":"ListItem","position":2,"name":"Una tarde con diferentes sensaciones para las Inferiores de Automoto"}]},{"@type":"WebSite","@id":"https:\/\/www.celttv.com.ar\/#website","url":"https:\/\/www.celttv.com.ar\/","name":"CELTTV","description":"Cooperativa El\u00e9ctrica de Tornquist","publisher":{"@id":"https:\/\/www.celttv.com.ar\/#organization"},"potentialAction":[{"@type":"SearchAction","target":{"@type":"EntryPoint","urlTemplate":"https:\/\/www.celttv.com.ar\/?s={search_term_string}"},"query-input":"required name=search_term_string"}],"inLanguage":"es"},{"@type":"Organization","@id":"https:\/\/www.celttv.com.ar\/#organization","name":"CELTTV","url":"https:\/\/www.celttv.com.ar\/","sameAs":["https:\/\/www.youtube.com\/channel\/UCz_oIt8Hig64Ub-EmcNPIhg","https:\/\/www.facebook.com\/celtTV\/"],"logo":{"@type":"ImageObject","inLanguage":"es","@id":"https:\/\/www.celttv.com.ar\/#\/schema\/logo\/image\/","url":"http:\/\/www.celttv.com.ar\/wp-content\/uploads\/2022\/08\/logo-1.png","contentUrl":"http:\/\/www.celttv.com.ar\/wp-content\/uploads\/2022\/08\/logo-1.png","width":461,"height":159,"caption":"CELTTV"},"image":{"@id":"https:\/\/www.celttv.com.ar\/#\/schema\/logo\/image\/"}},{"@type":"Person","@id":"https:\/\/www.celttv.com.ar\/#\/schema\/person\/6d99c072dba59953809c81446e9d0ace","name":"ulises","image":{"@type":"ImageObject","inLanguage":"es","@id":"https:\/\/www.celttv.com.ar\/#\/schema\/person\/image\/","url":"https:\/\/secure.gravatar.com\/avatar\/7f2c48bdc33b30088f941fb6082e555f2874c98e20cb159d7b92b50eadfce793?s=96&d=mm&r=g","contentUrl":"https:\/\/secure.gravatar.com\/avatar\/7f2c48bdc33b30088f941fb6082e555f2874c98e20cb159d7b92b50eadfce793?s=96&d=mm&r=g","caption":"ulises"},"sameAs":["http:\/\/www.celttv.com.ar"]}]}},"_links":{"self":[{"href":"https:\/\/www.celttv.com.ar\/index.php\/wp-json\/wp\/v2\/posts\/44908","targetHints":{"allow":["GET"]}}],"collection":[{"href":"https:\/\/www.celttv.com.ar\/index.php\/wp-json\/wp\/v2\/posts"}],"about":[{"href":"https:\/\/www.celttv.com.ar\/index.php\/wp-json\/wp\/v2\/types\/post"}],"author":[{"embeddable":true,"href":"https:\/\/www.celttv.com.ar\/index.php\/wp-json\/wp\/v2\/users\/1"}],"replies":[{"embeddable":true,"href":"https:\/\/www.celttv.com.ar\/index.php\/wp-json\/wp\/v2\/comments?post=44908"}],"version-history":[{"count":0,"href":"https:\/\/www.celttv.com.ar\/index.php\/wp-json\/wp\/v2\/posts\/44908\/revisions"}],"wp:featuredmedia":[{"embeddable":true,"href":"https:\/\/www.celttv.com.ar\/index.php\/wp-json\/wp\/v2\/media\/44910"}],"wp:attachment":[{"href":"https:\/\/www.celttv.com.ar\/index.php\/wp-json\/wp\/v2\/media?parent=44908"}],"wp:term":[{"taxonomy":"category","embeddable":true,"href":"https:\/\/www.celttv.com.ar\/index.php\/wp-json\/wp\/v2\/categories?post=44908"},{"taxonomy":"post_tag","embeddable":true,"href":"https:\/\/www.celttv.com.ar\/index.php\/wp-json\/wp\/v2\/tags?post=44908"}],"curies":[{"name":"wp","href":"https:\/\/api.w.org\/{rel}","templated":true}]}}