{"id":44924,"date":"2019-10-24T00:24:12","date_gmt":"2019-10-24T00:24:12","guid":{"rendered":"http:\/\/www.celttv.com.ar\/?p=44924"},"modified":"2019-10-24T00:24:12","modified_gmt":"2019-10-24T00:24:12","slug":"en-instalaciones-del-cens-no451-de-saldungaray-se-llevo-a-cabo-un-taller-de-turismo","status":"publish","type":"post","link":"https:\/\/www.celttv.com.ar\/index.php\/2019\/10\/24\/en-instalaciones-del-cens-no451-de-saldungaray-se-llevo-a-cabo-un-taller-de-turismo\/","title":{"rendered":"En instalaciones del CENS N\u00ba451 de Saldungaray, se llev\u00f3 a cabo un Taller de Turismo"},"content":{"rendered":"<div id='gallery_1' class='gallery galleryid-44924 gallery-columns-3 gallery-size-medium'><figure class='gallery-item'>\n            <div class='gallery-icon portrait'>\n                <a href='https:\/\/www.celttv.com.ar\/wp-content\/uploads\/2019\/10\/IMG_20190925_192357484-Medium.jpg'><img loading=\"lazy\" decoding=\"async\" width=\"225\" height=\"300\" src=\"\" class=\"attachment-medium size-medium lazyload\" alt=\"\" data-src=\"https:\/\/www.celttv.com.ar\/wp-content\/uploads\/2019\/10\/IMG_20190925_192357484-Medium-225x300.jpg\" data-sizes=\"auto\" data-srcset=\"https:\/\/www.celttv.com.ar\/wp-content\/uploads\/2019\/10\/IMG_20190925_192357484-Medium-225x300.jpg 225w, https:\/\/www.celttv.com.ar\/wp-content\/uploads\/2019\/10\/IMG_20190925_192357484-Medium-750x1000.jpg 750w, https:\/\/www.celttv.com.ar\/wp-content\/uploads\/2019\/10\/IMG_20190925_192357484-Medium.jpg 768w\" data-expand=\"700\" \/><\/a>\n            <\/div><\/figure><figure class='gallery-item'>\n            <div class='gallery-icon landscape'>\n                <a href='https:\/\/www.celttv.com.ar\/wp-content\/uploads\/2019\/10\/IMG_20190925_201606807-Medium.jpg'><img loading=\"lazy\" decoding=\"async\" width=\"300\" height=\"225\" src=\"\" class=\"attachment-medium size-medium lazyload\" alt=\"\" data-src=\"https:\/\/www.celttv.com.ar\/wp-content\/uploads\/2019\/10\/IMG_20190925_201606807-Medium-300x225.jpg\" data-sizes=\"auto\" data-srcset=\"https:\/\/www.celttv.com.ar\/wp-content\/uploads\/2019\/10\/IMG_20190925_201606807-Medium-300x225.jpg 300w, https:\/\/www.celttv.com.ar\/wp-content\/uploads\/2019\/10\/IMG_20190925_201606807-Medium-768x576.jpg 768w, https:\/\/www.celttv.com.ar\/wp-content\/uploads\/2019\/10\/IMG_20190925_201606807-Medium-750x563.jpg 750w, https:\/\/www.celttv.com.ar\/wp-content\/uploads\/2019\/10\/IMG_20190925_201606807-Medium.jpg 1024w\" data-expand=\"700\" \/><\/a>\n            <\/div><\/figure><figure class='gallery-item'>\n            <div class='gallery-icon landscape'>\n                <a href='https:\/\/www.celttv.com.ar\/wp-content\/uploads\/2019\/10\/IMG_20190925_205707098-Medium.jpg'><img loading=\"lazy\" decoding=\"async\" width=\"300\" height=\"225\" src=\"\" class=\"attachment-medium size-medium lazyload\" alt=\"\" data-src=\"https:\/\/www.celttv.com.ar\/wp-content\/uploads\/2019\/10\/IMG_20190925_205707098-Medium-300x225.jpg\" data-sizes=\"auto\" data-srcset=\"https:\/\/www.celttv.com.ar\/wp-content\/uploads\/2019\/10\/IMG_20190925_205707098-Medium-300x225.jpg 300w, https:\/\/www.celttv.com.ar\/wp-content\/uploads\/2019\/10\/IMG_20190925_205707098-Medium-768x576.jpg 768w, https:\/\/www.celttv.com.ar\/wp-content\/uploads\/2019\/10\/IMG_20190925_205707098-Medium-750x563.jpg 750w, https:\/\/www.celttv.com.ar\/wp-content\/uploads\/2019\/10\/IMG_20190925_205707098-Medium.jpg 1024w\" data-expand=\"700\" \/><\/a>\n            <\/div><\/figure><br style=\"clear: both\" \/><figure class='gallery-item'>\n            <div class='gallery-icon landscape'>\n                <a href='https:\/\/www.celttv.com.ar\/wp-content\/uploads\/2019\/10\/IMG_20190925_205732766-Medium.jpg'><img loading=\"lazy\" decoding=\"async\" width=\"300\" height=\"225\" src=\"\" class=\"attachment-medium size-medium lazyload\" alt=\"\" data-src=\"https:\/\/www.celttv.com.ar\/wp-content\/uploads\/2019\/10\/IMG_20190925_205732766-Medium-300x225.jpg\" data-sizes=\"auto\" data-srcset=\"https:\/\/www.celttv.com.ar\/wp-content\/uploads\/2019\/10\/IMG_20190925_205732766-Medium-300x225.jpg 300w, https:\/\/www.celttv.com.ar\/wp-content\/uploads\/2019\/10\/IMG_20190925_205732766-Medium-768x576.jpg 768w, https:\/\/www.celttv.com.ar\/wp-content\/uploads\/2019\/10\/IMG_20190925_205732766-Medium-750x563.jpg 750w, https:\/\/www.celttv.com.ar\/wp-content\/uploads\/2019\/10\/IMG_20190925_205732766-Medium.jpg 1024w\" data-expand=\"700\" \/><\/a>\n            <\/div><\/figure><figure class='gallery-item'>\n            <div class='gallery-icon landscape'>\n                <a href='https:\/\/www.celttv.com.ar\/wp-content\/uploads\/2019\/10\/TURISMOO-TALLER-Medium.jpg'><img loading=\"lazy\" decoding=\"async\" width=\"300\" height=\"225\" src=\"\" class=\"attachment-medium size-medium lazyload\" alt=\"\" data-src=\"https:\/\/www.celttv.com.ar\/wp-content\/uploads\/2019\/10\/TURISMOO-TALLER-Medium-300x225.jpg\" data-sizes=\"auto\" data-srcset=\"https:\/\/www.celttv.com.ar\/wp-content\/uploads\/2019\/10\/TURISMOO-TALLER-Medium-300x225.jpg 300w, https:\/\/www.celttv.com.ar\/wp-content\/uploads\/2019\/10\/TURISMOO-TALLER-Medium-768x576.jpg 768w, https:\/\/www.celttv.com.ar\/wp-content\/uploads\/2019\/10\/TURISMOO-TALLER-Medium-750x563.jpg 750w, https:\/\/www.celttv.com.ar\/wp-content\/uploads\/2019\/10\/TURISMOO-TALLER-Medium.jpg 1024w\" data-expand=\"700\" \/><\/a>\n            <\/div><\/figure>\n            <br style='clear: both' \/>\n        <\/div>\n<br \/>\nCENS N\u00b0 451 \u2013 Secundaria con Oficios<\/p>\n<p> El Programa Secundaria con Oficios de la Direcci\u00f3n de Educaci\u00f3n de Adultos de la Provincia de Buenos Aires es una oferta que garantiza la terminalidad secundaria y la formaci\u00f3n profesional de un gran n\u00famero de bonaerenses, favoreciendo su inserci\u00f3n en el mercado laboral y, en consecuencia, promoviendo el crecimiento de la Provincia.<\/p>\n<p>En instalaciones del CENS N\u00ba451 de Saldungaray, se llev\u00f3 a cabo un Taller de Turismo. El mismo estuvo a cargo de los alumnos de 2do a\u00f1o, quienes en la Modalidad de Adultos y a trav\u00e9s del Programa Secundaria con Oficios, cuentan con la capacitaci\u00f3n en tem\u00e1ticas vinculadas a Hoteler\u00eda, Turismo y Gastronom\u00eda. <\/p>\n<p>Durante la jornada se abordaron temas como qu\u00e9 es el turismo, la importancia del patrimonio como atractivo tur\u00edstico y su preservaci\u00f3n, la hospitalidad, conciencia tur\u00edstica y claves para brindar una atenci\u00f3n de calidad a los turistas.<\/p>\n<p>Los asistentes al Taller fueron alumnos del CENS y miembros de la comunidad que se mostraron muy interesados en las tem\u00e1ticas tratadas y participaron activamente de las diferentes actividades propuestas.<\/p>\n<p>El principal objetivo de la jornada, que fue la primera de varias propuestas para el presente a\u00f1o, es mostrar el trabajo de alumnos y docentes, as\u00ed como lograr una apertura de la instituci\u00f3n a la comunidad, ofreciendo espacios de intercambio y capacitaci\u00f3n.<\/p>\n","protected":false},"excerpt":{"rendered":"<p>CENS N\u00b0 451 \u2013 Secundaria con Oficios El Programa Secundaria con Oficios de la Direcci\u00f3n de Educaci\u00f3n de Adultos de la Provincia de Buenos Aires es una oferta que garantiza la terminalidad secundaria y la formaci\u00f3n profesional de un gran n\u00famero de bonaerenses, favoreciendo su inserci\u00f3n en el mercado laboral y, en consecuencia, promoviendo el [&hellip;]<\/p>\n","protected":false},"author":1,"featured_media":44929,"comment_status":"closed","ping_status":"open","sticky":false,"template":"","format":"standard","meta":{"footnotes":""},"categories":[51,52],"tags":[],"class_list":["post-44924","post","type-post","status-publish","format-standard","has-post-thumbnail","hentry","category-comunidad","category-destacadas"],"yoast_head":"<!-- This site is optimized with the Yoast SEO plugin v19.7.1 - https:\/\/yoast.com\/wordpress\/plugins\/seo\/ -->\n<title>En instalaciones del CENS N\u00ba451 de Saldungaray, se llev\u00f3 a cabo un Taller de Turismo - CELTTV<\/title>\n<meta name=\"description\" content=\"Sitio web de noticias de la localidad de Tornquist, provincia de Buenos Aires, Rep\u00fablica Argentina. Contenido propio originado por periodistas de CELTTV, el canal de TV local de la Cooperativa El\u00e9ctrica de Tornquist. Turismo, Pol\u00edtica, Sociedad, Deporte, Cultura y todo el contenido de inter\u00e9s general que la gente del pueblo y la regi\u00f3n debe conocer.\" \/>\n<meta name=\"robots\" content=\"index, follow, max-snippet:-1, max-image-preview:large, max-video-preview:-1\" \/>\n<link rel=\"canonical\" href=\"https:\/\/www.celttv.com.ar\/index.php\/2019\/10\/24\/en-instalaciones-del-cens-no451-de-saldungaray-se-llevo-a-cabo-un-taller-de-turismo\/\" \/>\n<meta property=\"og:locale\" content=\"es_ES\" \/>\n<meta property=\"og:type\" content=\"article\" \/>\n<meta property=\"og:title\" content=\"En instalaciones del CENS N\u00ba451 de Saldungaray, se llev\u00f3 a cabo un Taller de Turismo - CELTTV\" \/>\n<meta property=\"og:description\" content=\"Sitio web de noticias de la localidad de Tornquist, provincia de Buenos Aires, Rep\u00fablica Argentina. Contenido propio originado por periodistas de CELTTV, el canal de TV local de la Cooperativa El\u00e9ctrica de Tornquist. Turismo, Pol\u00edtica, Sociedad, Deporte, Cultura y todo el contenido de inter\u00e9s general que la gente del pueblo y la regi\u00f3n debe conocer.\" \/>\n<meta property=\"og:url\" content=\"https:\/\/www.celttv.com.ar\/index.php\/2019\/10\/24\/en-instalaciones-del-cens-no451-de-saldungaray-se-llevo-a-cabo-un-taller-de-turismo\/\" \/>\n<meta property=\"og:site_name\" content=\"CELTTV\" \/>\n<meta property=\"article:publisher\" content=\"https:\/\/www.facebook.com\/celtTV\/\" \/>\n<meta property=\"article:published_time\" content=\"2019-10-24T00:24:12+00:00\" \/>\n<meta property=\"og:image\" content=\"https:\/\/www.celttv.com.ar\/wp-content\/uploads\/2019\/10\/IMG_20190925_205707098-Medium.jpg\" \/>\n\t<meta property=\"og:image:width\" content=\"1024\" \/>\n\t<meta property=\"og:image:height\" content=\"768\" \/>\n\t<meta property=\"og:image:type\" content=\"image\/jpeg\" \/>\n<meta name=\"author\" content=\"ulises\" \/>\n<meta name=\"twitter:card\" content=\"summary_large_image\" \/>\n<meta name=\"twitter:label1\" content=\"Escrito por\" \/>\n\t<meta name=\"twitter:data1\" content=\"ulises\" \/>\n\t<meta name=\"twitter:label2\" content=\"Tiempo de lectura\" \/>\n\t<meta name=\"twitter:data2\" content=\"1 minuto\" \/>\n<script type=\"application\/ld+json\" class=\"yoast-schema-graph\">{\"@context\":\"https:\/\/schema.org\",\"@graph\":[{\"@type\":\"NewsArticle\",\"@id\":\"https:\/\/www.celttv.com.ar\/index.php\/2019\/10\/24\/en-instalaciones-del-cens-no451-de-saldungaray-se-llevo-a-cabo-un-taller-de-turismo\/#article\",\"isPartOf\":{\"@id\":\"https:\/\/www.celttv.com.ar\/index.php\/2019\/10\/24\/en-instalaciones-del-cens-no451-de-saldungaray-se-llevo-a-cabo-un-taller-de-turismo\/\"},\"author\":{\"name\":\"ulises\",\"@id\":\"https:\/\/www.celttv.com.ar\/#\/schema\/person\/6d99c072dba59953809c81446e9d0ace\"},\"headline\":\"En instalaciones del CENS N\u00ba451 de Saldungaray, se llev\u00f3 a cabo un Taller de Turismo\",\"datePublished\":\"2019-10-24T00:24:12+00:00\",\"dateModified\":\"2019-10-24T00:24:12+00:00\",\"mainEntityOfPage\":{\"@id\":\"https:\/\/www.celttv.com.ar\/index.php\/2019\/10\/24\/en-instalaciones-del-cens-no451-de-saldungaray-se-llevo-a-cabo-un-taller-de-turismo\/\"},\"wordCount\":255,\"publisher\":{\"@id\":\"https:\/\/www.celttv.com.ar\/#organization\"},\"articleSection\":[\"Comunidad\",\"Destacadas\"],\"inLanguage\":\"es\"},{\"@type\":\"WebPage\",\"@id\":\"https:\/\/www.celttv.com.ar\/index.php\/2019\/10\/24\/en-instalaciones-del-cens-no451-de-saldungaray-se-llevo-a-cabo-un-taller-de-turismo\/\",\"url\":\"https:\/\/www.celttv.com.ar\/index.php\/2019\/10\/24\/en-instalaciones-del-cens-no451-de-saldungaray-se-llevo-a-cabo-un-taller-de-turismo\/\",\"name\":\"En instalaciones del CENS N\u00ba451 de Saldungaray, se llev\u00f3 a cabo un Taller de Turismo - CELTTV\",\"isPartOf\":{\"@id\":\"https:\/\/www.celttv.com.ar\/#website\"},\"datePublished\":\"2019-10-24T00:24:12+00:00\",\"dateModified\":\"2019-10-24T00:24:12+00:00\",\"description\":\"Sitio web de noticias de la localidad de Tornquist, provincia de Buenos Aires, Rep\u00fablica Argentina. Contenido propio originado por periodistas de CELTTV, el canal de TV local de la Cooperativa El\u00e9ctrica de Tornquist. Turismo, Pol\u00edtica, Sociedad, Deporte, Cultura y todo el contenido de inter\u00e9s general que la gente del pueblo y la regi\u00f3n debe conocer.\",\"breadcrumb\":{\"@id\":\"https:\/\/www.celttv.com.ar\/index.php\/2019\/10\/24\/en-instalaciones-del-cens-no451-de-saldungaray-se-llevo-a-cabo-un-taller-de-turismo\/#breadcrumb\"},\"inLanguage\":\"es\",\"potentialAction\":[{\"@type\":\"ReadAction\",\"target\":[\"https:\/\/www.celttv.com.ar\/index.php\/2019\/10\/24\/en-instalaciones-del-cens-no451-de-saldungaray-se-llevo-a-cabo-un-taller-de-turismo\/\"]}]},{\"@type\":\"BreadcrumbList\",\"@id\":\"https:\/\/www.celttv.com.ar\/index.php\/2019\/10\/24\/en-instalaciones-del-cens-no451-de-saldungaray-se-llevo-a-cabo-un-taller-de-turismo\/#breadcrumb\",\"itemListElement\":[{\"@type\":\"ListItem\",\"position\":1,\"name\":\"Inicio\",\"item\":\"https:\/\/www.celttv.com.ar\/\"},{\"@type\":\"ListItem\",\"position\":2,\"name\":\"En instalaciones del CENS N\u00ba451 de Saldungaray, se llev\u00f3 a cabo un Taller de Turismo\"}]},{\"@type\":\"WebSite\",\"@id\":\"https:\/\/www.celttv.com.ar\/#website\",\"url\":\"https:\/\/www.celttv.com.ar\/\",\"name\":\"CELTTV\",\"description\":\"Cooperativa El\u00e9ctrica de Tornquist\",\"publisher\":{\"@id\":\"https:\/\/www.celttv.com.ar\/#organization\"},\"potentialAction\":[{\"@type\":\"SearchAction\",\"target\":{\"@type\":\"EntryPoint\",\"urlTemplate\":\"https:\/\/www.celttv.com.ar\/?s={search_term_string}\"},\"query-input\":\"required name=search_term_string\"}],\"inLanguage\":\"es\"},{\"@type\":\"Organization\",\"@id\":\"https:\/\/www.celttv.com.ar\/#organization\",\"name\":\"CELTTV\",\"url\":\"https:\/\/www.celttv.com.ar\/\",\"sameAs\":[\"https:\/\/www.youtube.com\/channel\/UCz_oIt8Hig64Ub-EmcNPIhg\",\"https:\/\/www.facebook.com\/celtTV\/\"],\"logo\":{\"@type\":\"ImageObject\",\"inLanguage\":\"es\",\"@id\":\"https:\/\/www.celttv.com.ar\/#\/schema\/logo\/image\/\",\"url\":\"http:\/\/www.celttv.com.ar\/wp-content\/uploads\/2022\/08\/logo-1.png\",\"contentUrl\":\"http:\/\/www.celttv.com.ar\/wp-content\/uploads\/2022\/08\/logo-1.png\",\"width\":461,\"height\":159,\"caption\":\"CELTTV\"},\"image\":{\"@id\":\"https:\/\/www.celttv.com.ar\/#\/schema\/logo\/image\/\"}},{\"@type\":\"Person\",\"@id\":\"https:\/\/www.celttv.com.ar\/#\/schema\/person\/6d99c072dba59953809c81446e9d0ace\",\"name\":\"ulises\",\"image\":{\"@type\":\"ImageObject\",\"inLanguage\":\"es\",\"@id\":\"https:\/\/www.celttv.com.ar\/#\/schema\/person\/image\/\",\"url\":\"https:\/\/secure.gravatar.com\/avatar\/7f2c48bdc33b30088f941fb6082e555f2874c98e20cb159d7b92b50eadfce793?s=96&d=mm&r=g\",\"contentUrl\":\"https:\/\/secure.gravatar.com\/avatar\/7f2c48bdc33b30088f941fb6082e555f2874c98e20cb159d7b92b50eadfce793?s=96&d=mm&r=g\",\"caption\":\"ulises\"},\"sameAs\":[\"http:\/\/www.celttv.com.ar\"]}]}<\/script>\n<!-- \/ Yoast SEO plugin. -->","yoast_head_json":{"title":"En instalaciones del CENS N\u00ba451 de Saldungaray, se llev\u00f3 a cabo un Taller de Turismo - CELTTV","description":"Sitio web de noticias de la localidad de Tornquist, provincia de Buenos Aires, Rep\u00fablica Argentina. Contenido propio originado por periodistas de CELTTV, el canal de TV local de la Cooperativa El\u00e9ctrica de Tornquist. Turismo, Pol\u00edtica, Sociedad, Deporte, Cultura y todo el contenido de inter\u00e9s general que la gente del pueblo y la regi\u00f3n debe conocer.","robots":{"index":"index","follow":"follow","max-snippet":"max-snippet:-1","max-image-preview":"max-image-preview:large","max-video-preview":"max-video-preview:-1"},"canonical":"https:\/\/www.celttv.com.ar\/index.php\/2019\/10\/24\/en-instalaciones-del-cens-no451-de-saldungaray-se-llevo-a-cabo-un-taller-de-turismo\/","og_locale":"es_ES","og_type":"article","og_title":"En instalaciones del CENS N\u00ba451 de Saldungaray, se llev\u00f3 a cabo un Taller de Turismo - CELTTV","og_description":"Sitio web de noticias de la localidad de Tornquist, provincia de Buenos Aires, Rep\u00fablica Argentina. Contenido propio originado por periodistas de CELTTV, el canal de TV local de la Cooperativa El\u00e9ctrica de Tornquist. Turismo, Pol\u00edtica, Sociedad, Deporte, Cultura y todo el contenido de inter\u00e9s general que la gente del pueblo y la regi\u00f3n debe conocer.","og_url":"https:\/\/www.celttv.com.ar\/index.php\/2019\/10\/24\/en-instalaciones-del-cens-no451-de-saldungaray-se-llevo-a-cabo-un-taller-de-turismo\/","og_site_name":"CELTTV","article_publisher":"https:\/\/www.facebook.com\/celtTV\/","article_published_time":"2019-10-24T00:24:12+00:00","og_image":[{"width":1024,"height":768,"url":"https:\/\/www.celttv.com.ar\/wp-content\/uploads\/2019\/10\/IMG_20190925_205707098-Medium.jpg","type":"image\/jpeg"}],"author":"ulises","twitter_card":"summary_large_image","twitter_misc":{"Escrito por":"ulises","Tiempo de lectura":"1 minuto"},"schema":{"@context":"https:\/\/schema.org","@graph":[{"@type":"NewsArticle","@id":"https:\/\/www.celttv.com.ar\/index.php\/2019\/10\/24\/en-instalaciones-del-cens-no451-de-saldungaray-se-llevo-a-cabo-un-taller-de-turismo\/#article","isPartOf":{"@id":"https:\/\/www.celttv.com.ar\/index.php\/2019\/10\/24\/en-instalaciones-del-cens-no451-de-saldungaray-se-llevo-a-cabo-un-taller-de-turismo\/"},"author":{"name":"ulises","@id":"https:\/\/www.celttv.com.ar\/#\/schema\/person\/6d99c072dba59953809c81446e9d0ace"},"headline":"En instalaciones del CENS N\u00ba451 de Saldungaray, se llev\u00f3 a cabo un Taller de Turismo","datePublished":"2019-10-24T00:24:12+00:00","dateModified":"2019-10-24T00:24:12+00:00","mainEntityOfPage":{"@id":"https:\/\/www.celttv.com.ar\/index.php\/2019\/10\/24\/en-instalaciones-del-cens-no451-de-saldungaray-se-llevo-a-cabo-un-taller-de-turismo\/"},"wordCount":255,"publisher":{"@id":"https:\/\/www.celttv.com.ar\/#organization"},"articleSection":["Comunidad","Destacadas"],"inLanguage":"es"},{"@type":"WebPage","@id":"https:\/\/www.celttv.com.ar\/index.php\/2019\/10\/24\/en-instalaciones-del-cens-no451-de-saldungaray-se-llevo-a-cabo-un-taller-de-turismo\/","url":"https:\/\/www.celttv.com.ar\/index.php\/2019\/10\/24\/en-instalaciones-del-cens-no451-de-saldungaray-se-llevo-a-cabo-un-taller-de-turismo\/","name":"En instalaciones del CENS N\u00ba451 de Saldungaray, se llev\u00f3 a cabo un Taller de Turismo - CELTTV","isPartOf":{"@id":"https:\/\/www.celttv.com.ar\/#website"},"datePublished":"2019-10-24T00:24:12+00:00","dateModified":"2019-10-24T00:24:12+00:00","description":"Sitio web de noticias de la localidad de Tornquist, provincia de Buenos Aires, Rep\u00fablica Argentina. Contenido propio originado por periodistas de CELTTV, el canal de TV local de la Cooperativa El\u00e9ctrica de Tornquist. Turismo, Pol\u00edtica, Sociedad, Deporte, Cultura y todo el contenido de inter\u00e9s general que la gente del pueblo y la regi\u00f3n debe conocer.","breadcrumb":{"@id":"https:\/\/www.celttv.com.ar\/index.php\/2019\/10\/24\/en-instalaciones-del-cens-no451-de-saldungaray-se-llevo-a-cabo-un-taller-de-turismo\/#breadcrumb"},"inLanguage":"es","potentialAction":[{"@type":"ReadAction","target":["https:\/\/www.celttv.com.ar\/index.php\/2019\/10\/24\/en-instalaciones-del-cens-no451-de-saldungaray-se-llevo-a-cabo-un-taller-de-turismo\/"]}]},{"@type":"BreadcrumbList","@id":"https:\/\/www.celttv.com.ar\/index.php\/2019\/10\/24\/en-instalaciones-del-cens-no451-de-saldungaray-se-llevo-a-cabo-un-taller-de-turismo\/#breadcrumb","itemListElement":[{"@type":"ListItem","position":1,"name":"Inicio","item":"https:\/\/www.celttv.com.ar\/"},{"@type":"ListItem","position":2,"name":"En instalaciones del CENS N\u00ba451 de Saldungaray, se llev\u00f3 a cabo un Taller de Turismo"}]},{"@type":"WebSite","@id":"https:\/\/www.celttv.com.ar\/#website","url":"https:\/\/www.celttv.com.ar\/","name":"CELTTV","description":"Cooperativa El\u00e9ctrica de Tornquist","publisher":{"@id":"https:\/\/www.celttv.com.ar\/#organization"},"potentialAction":[{"@type":"SearchAction","target":{"@type":"EntryPoint","urlTemplate":"https:\/\/www.celttv.com.ar\/?s={search_term_string}"},"query-input":"required name=search_term_string"}],"inLanguage":"es"},{"@type":"Organization","@id":"https:\/\/www.celttv.com.ar\/#organization","name":"CELTTV","url":"https:\/\/www.celttv.com.ar\/","sameAs":["https:\/\/www.youtube.com\/channel\/UCz_oIt8Hig64Ub-EmcNPIhg","https:\/\/www.facebook.com\/celtTV\/"],"logo":{"@type":"ImageObject","inLanguage":"es","@id":"https:\/\/www.celttv.com.ar\/#\/schema\/logo\/image\/","url":"http:\/\/www.celttv.com.ar\/wp-content\/uploads\/2022\/08\/logo-1.png","contentUrl":"http:\/\/www.celttv.com.ar\/wp-content\/uploads\/2022\/08\/logo-1.png","width":461,"height":159,"caption":"CELTTV"},"image":{"@id":"https:\/\/www.celttv.com.ar\/#\/schema\/logo\/image\/"}},{"@type":"Person","@id":"https:\/\/www.celttv.com.ar\/#\/schema\/person\/6d99c072dba59953809c81446e9d0ace","name":"ulises","image":{"@type":"ImageObject","inLanguage":"es","@id":"https:\/\/www.celttv.com.ar\/#\/schema\/person\/image\/","url":"https:\/\/secure.gravatar.com\/avatar\/7f2c48bdc33b30088f941fb6082e555f2874c98e20cb159d7b92b50eadfce793?s=96&d=mm&r=g","contentUrl":"https:\/\/secure.gravatar.com\/avatar\/7f2c48bdc33b30088f941fb6082e555f2874c98e20cb159d7b92b50eadfce793?s=96&d=mm&r=g","caption":"ulises"},"sameAs":["http:\/\/www.celttv.com.ar"]}]}},"_links":{"self":[{"href":"https:\/\/www.celttv.com.ar\/index.php\/wp-json\/wp\/v2\/posts\/44924","targetHints":{"allow":["GET"]}}],"collection":[{"href":"https:\/\/www.celttv.com.ar\/index.php\/wp-json\/wp\/v2\/posts"}],"about":[{"href":"https:\/\/www.celttv.com.ar\/index.php\/wp-json\/wp\/v2\/types\/post"}],"author":[{"embeddable":true,"href":"https:\/\/www.celttv.com.ar\/index.php\/wp-json\/wp\/v2\/users\/1"}],"replies":[{"embeddable":true,"href":"https:\/\/www.celttv.com.ar\/index.php\/wp-json\/wp\/v2\/comments?post=44924"}],"version-history":[{"count":0,"href":"https:\/\/www.celttv.com.ar\/index.php\/wp-json\/wp\/v2\/posts\/44924\/revisions"}],"wp:featuredmedia":[{"embeddable":true,"href":"https:\/\/www.celttv.com.ar\/index.php\/wp-json\/wp\/v2\/media\/44929"}],"wp:attachment":[{"href":"https:\/\/www.celttv.com.ar\/index.php\/wp-json\/wp\/v2\/media?parent=44924"}],"wp:term":[{"taxonomy":"category","embeddable":true,"href":"https:\/\/www.celttv.com.ar\/index.php\/wp-json\/wp\/v2\/categories?post=44924"},{"taxonomy":"post_tag","embeddable":true,"href":"https:\/\/www.celttv.com.ar\/index.php\/wp-json\/wp\/v2\/tags?post=44924"}],"curies":[{"name":"wp","href":"https:\/\/api.w.org\/{rel}","templated":true}]}}