{"id":4511,"date":"2012-01-09T20:46:32","date_gmt":"2012-01-09T20:46:32","guid":{"rendered":"http:\/\/www.tvcnoticias.com.ar\/?p=4511"},"modified":"2012-01-09T20:46:32","modified_gmt":"2012-01-09T20:46:32","slug":"saldungaray-emotiva-reinauguracion-y-puesta-en-valor-del-fortin-pavon","status":"publish","type":"post","link":"https:\/\/www.celttv.com.ar\/index.php\/2012\/01\/09\/saldungaray-emotiva-reinauguracion-y-puesta-en-valor-del-fortin-pavon\/","title":{"rendered":"SALDUNGARAY: EMOTIVA REINAUGURACION Y PUESTA EN VALOR DEL FORTIN PAVON (proximamente video)"},"content":{"rendered":"<p>Un importante marco de p\u00fablico particip\u00f3\u00a0el pasado s\u00e1bado\u00a0de un momento hist\u00f3rico con la reinauguraci\u00f3n y puesta en valor del Fort\u00edn Pav\u00f3n de Saldungaray, uno de los mojones m\u00e1s importantes en la historia de \u00e9ste distrito y la regi\u00f3n.<br \/>\n\u00a0\u00a0 Participaron del acto protocolar el intendente Gustavo Trankels; el subsecretario de Turismo bonaerense, Roberto D\u00edaz; el secretario de Turismo, Cultura y Deportes comunal, Rub\u00e9n Testa; la directora de Turismo distrital, Yanina Torres; el delegado de Saldungaray, Jos\u00e9 Olgiatti; integrantes del DE, ediles, turistas y vecinos de la regi\u00f3n.<br \/>\n\u00a0\u00a0 La reconstrucci\u00f3n e iluminaci\u00f3n de los ranchos, de la empalizada y el mangrullo, la colocaci\u00f3n de carteler\u00eda (marcando la rese\u00f1a hist\u00f3rica del lugar); los espect\u00e1culos folkl\u00f3ricos a cargo de pe\u00f1as locales, del recitador Enrique Gonz\u00e1lez, de Adri\u00e1n y Giselle Vento, fueron las principales actividades que se desarrollaron en dicho predio.<br \/>\n\u00a0\u00a0 Las autoridades municipales y provinciales presentes, fueron las encargadas de realizar un corte de cinta en el portal de ingreso al Fort\u00edn y, posteriormente, descubrieron una placa recordatoria haciendo referencia a la reinauguraci\u00f3n del lugar, el cual cuenta con la firma del intendente Trankels y el gobernador Daniel Scioli.\u00a0<br \/>\n\u00a0\u00a0 Pasaron 149 a\u00f1os desde su creaci\u00f3n para que el Fort\u00edn Pav\u00f3n retome su fisonom\u00eda original y, a su vez, se mejore su est\u00e9tica a trav\u00e9s de las luces que fueron colocadas en cada edificaci\u00f3n para poder realzar la estructura del mismo.<br \/>\n\u00a0 Tras el corte de cinta y el acto protocolar, el jefe comunal junto al funcionario provincial, respectivamente, fueron los encargados de realizar los disparos de salva de artiller\u00eda, cuya coordinaci\u00f3n estuvo a cargo de la Cofrad\u00eda de Artilleros de la Fortaleza Tiro Federal Bah\u00eda Blanca.<br \/>\n\u00a0\u00a0 El intendente Gustavo Trankels, se mostr\u00f3 entusiasmado con la recuperaci\u00f3n de dicho edificio y destac\u00f3 el apoyo recibido por el gobierno provincial y nacional para poder llevar a cabo dicha obra.<br \/>\n\u00a0\u00a0 \u201cNos llev\u00f3 cuatro a\u00f1os de trabajo recuperar la estructura del Fort\u00edn, y durante todo este tiempo se fueron sumando esfuerzos y trabajo con los funcionarios provinciales y vecinos de la localidad que aportaron lo suyo para lograr el objetivo final\u201d, manifest\u00f3 Trankels.<br \/>\n\u00a0\u00a0 \u201cCon fondos de la secretar\u00eda de Turismo de la provincia, hemos podido avanzar en pr\u00e1cticamente el 100 % del proyecto. Tambi\u00e9n, hubo etapas llevadas a cabo con fondos\u00a0 provenientes del gobierno nacional y municipal\u201d, agreg\u00f3.<br \/>\n\u00a0\u00a0 Asimismo, resalt\u00f3 la tarea de la secretaria de Obras P\u00fablicas comunal, Anabela Madue\u00f1a, y de un grupo de asesores, quienes fueron los encargados de respetar las t\u00e9cnicas constructivas de la \u00e9poca para restaurar el Fort\u00edn.<br \/>\n\u00a0\u00a0 Por su parte, el funcionario Roberto D\u00edaz, resalt\u00f3 el esfuerzo mancomunado de los estamentos nacionales, provinciales y municipales para rescatar un moj\u00f3n importante en la historia de la regi\u00f3n.<br \/>\n\u00a0\u00a0 \u201cLa puesta en valor de este lugar, traer\u00e1 m\u00e1s turistas y eso genera trabajo para todo el distrito. Rescatar la historia del lugar es generar sentido de pertenencia para quienes viven aqu\u00ed y, a su vez, hace que entre todos cuidemos y defendamos este patrimonio hist\u00f3rico\u201d, remarc\u00f3 D\u00edaz.<br \/>\n\u00a0\u00a0 \u201cEs muy bueno que Saldungaray est\u00e9 dentro del Programa \u00b4Pueblos tur\u00edstico\u00b4. Sin dudas, le permitir\u00e1 ir creciendo en ese sentido y, con la restauraci\u00f3n del Fort\u00edn, el potencial ir\u00e1 desarroll\u00e1ndose al igual que las otras alternativas que ya viene ofreciendo al p\u00fablico que arriba a la localidad\u201d, asever\u00f3.<br \/>\n\u00a0\u00a0 En tanto, es importante mencionar que el Fort\u00edn Pav\u00f3n sufri\u00f3 con los a\u00f1os el deterioro de su estructura por el paso del tiempo y tambi\u00e9n por la desidia del hombre.<br \/>\n\u00a0\u00a0 Con respecto a la puesta en valor del Fort\u00edn, Rub\u00e9n Testa, destac\u00f3 la gesti\u00f3n del intendente Gustavo Trankels, el apoyo del gobierno nacional y provincial, el esfuerzo mancomunado del delegado de Saldungaray y del personal municipal y vecinos afectados al evento.<br \/>\n\u00a0\u00a0 \u201cSaldungaray tiene un gran potencial tur\u00edstico y este Fort\u00edn permite recuperar un espacio clave, donde la gente podr\u00e1 disfrutar de un lugar distinto e importante para quienes deseen conocer su historia\u201d, subray\u00f3 Testa.<br \/>\n\u00a0\u00a0 \u201cLa construcci\u00f3n de la oficina de Turismo y de la sala de interpretaci\u00f3n de las obras de Francisco Salamone, las cuales est\u00e1n m\u00e1s cerca de su inauguraci\u00f3n, forman parte de un circuito tur\u00edstico que a Saldungaray le dar\u00e1 mucho m\u00e1s movimiento\u201d, aleg\u00f3.<br \/>\n\u00a0\u00a0 A su vez, adelant\u00f3 que la intenci\u00f3n es \u201cvestir\u201d al Fort\u00edn con los elementos que se utilizaron en 1862.<br \/>\nRESE\u00d1A.<br \/>\nSeg\u00fan consta en la historia un 17 de Noviembre de 1862 por disposici\u00f3n del entonces Presidente Argentino General Bartolom\u00e9 Mitre, se creaba un fort\u00edn en el lugar cuya funci\u00f3n era proteger a los primeros hacendados que se radicaban en las m\u00e1rgenes del R\u00edo Sauce Grande.<br \/>\nYa en el a\u00f1o 1863, un 7 de Enero se le daba la denominaci\u00f3n de Fort\u00edn Pav\u00f3n en homenaje a la batalla hom\u00f3nima.<br \/>\nA 149 a\u00f1os de esa fecha trascendental y en honor a los sucesos acaecidos en esa zona del distrito, la comunidad de Saldungaray vivi\u00f3 su fiesta y recuper\u00f3 gran parte de su historia con la puesta en valor del Fort\u00edn Pav\u00f3n.<br \/>\nnota y fotos: Rodrigo Sgammini<br \/>\n<img loading=\"lazy\" decoding=\"async\" class=\"aligncenter size-full wp-image-4512\" title=\"FORTIN PAVON 1 (Small)\" src=\"http:\/\/www.tvcnoticias.com.ar\/wp-content\/uploads\/2012\/01\/FORTIN-PAVON-1-Small.jpg\" alt=\"\" width=\"640\" height=\"480\" \/><br \/>\n<img loading=\"lazy\" decoding=\"async\" class=\"aligncenter size-full wp-image-4513\" title=\"FORTIN PAVON 2 (Small)\" src=\"http:\/\/www.tvcnoticias.com.ar\/wp-content\/uploads\/2012\/01\/FORTIN-PAVON-2-Small.jpg\" alt=\"\" width=\"640\" height=\"480\" \/><img loading=\"lazy\" decoding=\"async\" class=\"aligncenter size-full wp-image-4514\" title=\"FORTINPAVON 3 (Small)\" src=\"http:\/\/www.tvcnoticias.com.ar\/wp-content\/uploads\/2012\/01\/FORTINPAVON-3-Small.jpg\" alt=\"\" width=\"640\" height=\"480\" \/><\/p>\n","protected":false},"excerpt":{"rendered":"<p>Un importante marco de p\u00fablico particip\u00f3\u00a0el pasado s\u00e1bado\u00a0de un momento hist\u00f3rico con la reinauguraci\u00f3n y puesta en valor del Fort\u00edn Pav\u00f3n de Saldungaray, uno de los mojones m\u00e1s importantes en la historia de \u00e9ste distrito y la regi\u00f3n. \u00a0\u00a0 Participaron del acto protocolar el intendente Gustavo Trankels; el subsecretario de Turismo bonaerense, Roberto D\u00edaz; el [&hellip;]<\/p>\n","protected":false},"author":1,"featured_media":0,"comment_status":"open","ping_status":"open","sticky":false,"template":"","format":"standard","meta":{"footnotes":""},"categories":[51,52,53],"tags":[],"class_list":["post-4511","post","type-post","status-publish","format-standard","hentry","category-comunidad","category-destacadas","category-politica"],"yoast_head":"<!-- This site is optimized with the Yoast SEO plugin v19.7.1 - https:\/\/yoast.com\/wordpress\/plugins\/seo\/ -->\n<title>SALDUNGARAY: EMOTIVA REINAUGURACION Y PUESTA EN VALOR DEL FORTIN PAVON (proximamente video) - CELTTV<\/title>\n<meta name=\"description\" content=\"Sitio web de noticias de la localidad de Tornquist, provincia de Buenos Aires, Rep\u00fablica Argentina. Contenido propio originado por periodistas de CELTTV, el canal de TV local de la Cooperativa El\u00e9ctrica de Tornquist. Turismo, Pol\u00edtica, Sociedad, Deporte, Cultura y todo el contenido de inter\u00e9s general que la gente del pueblo y la regi\u00f3n debe conocer.\" \/>\n<meta name=\"robots\" content=\"index, follow, max-snippet:-1, max-image-preview:large, max-video-preview:-1\" \/>\n<link rel=\"canonical\" href=\"https:\/\/www.celttv.com.ar\/index.php\/2012\/01\/09\/saldungaray-emotiva-reinauguracion-y-puesta-en-valor-del-fortin-pavon\/\" \/>\n<meta property=\"og:locale\" content=\"es_ES\" \/>\n<meta property=\"og:type\" content=\"article\" \/>\n<meta property=\"og:title\" content=\"SALDUNGARAY: EMOTIVA REINAUGURACION Y PUESTA EN VALOR DEL FORTIN PAVON (proximamente video) - CELTTV\" \/>\n<meta property=\"og:description\" content=\"Sitio web de noticias de la localidad de Tornquist, provincia de Buenos Aires, Rep\u00fablica Argentina. Contenido propio originado por periodistas de CELTTV, el canal de TV local de la Cooperativa El\u00e9ctrica de Tornquist. Turismo, Pol\u00edtica, Sociedad, Deporte, Cultura y todo el contenido de inter\u00e9s general que la gente del pueblo y la regi\u00f3n debe conocer.\" \/>\n<meta property=\"og:url\" content=\"https:\/\/www.celttv.com.ar\/index.php\/2012\/01\/09\/saldungaray-emotiva-reinauguracion-y-puesta-en-valor-del-fortin-pavon\/\" \/>\n<meta property=\"og:site_name\" content=\"CELTTV\" \/>\n<meta property=\"article:publisher\" content=\"https:\/\/www.facebook.com\/celtTV\/\" \/>\n<meta property=\"article:published_time\" content=\"2012-01-09T20:46:32+00:00\" \/>\n<meta property=\"og:image\" content=\"http:\/\/www.tvcnoticias.com.ar\/wp-content\/uploads\/2012\/01\/FORTIN-PAVON-1-Small.jpg\" \/>\n<meta name=\"author\" content=\"ulises\" \/>\n<meta name=\"twitter:card\" content=\"summary_large_image\" \/>\n<meta name=\"twitter:label1\" content=\"Escrito por\" \/>\n\t<meta name=\"twitter:data1\" content=\"ulises\" \/>\n\t<meta name=\"twitter:label2\" content=\"Tiempo de lectura\" \/>\n\t<meta name=\"twitter:data2\" content=\"5 minutos\" \/>\n<script type=\"application\/ld+json\" class=\"yoast-schema-graph\">{\"@context\":\"https:\/\/schema.org\",\"@graph\":[{\"@type\":\"NewsArticle\",\"@id\":\"https:\/\/www.celttv.com.ar\/index.php\/2012\/01\/09\/saldungaray-emotiva-reinauguracion-y-puesta-en-valor-del-fortin-pavon\/#article\",\"isPartOf\":{\"@id\":\"https:\/\/www.celttv.com.ar\/index.php\/2012\/01\/09\/saldungaray-emotiva-reinauguracion-y-puesta-en-valor-del-fortin-pavon\/\"},\"author\":{\"name\":\"ulises\",\"@id\":\"https:\/\/www.celttv.com.ar\/#\/schema\/person\/6d99c072dba59953809c81446e9d0ace\"},\"headline\":\"SALDUNGARAY: EMOTIVA REINAUGURACION Y PUESTA EN VALOR DEL FORTIN PAVON (proximamente video)\",\"datePublished\":\"2012-01-09T20:46:32+00:00\",\"dateModified\":\"2012-01-09T20:46:32+00:00\",\"mainEntityOfPage\":{\"@id\":\"https:\/\/www.celttv.com.ar\/index.php\/2012\/01\/09\/saldungaray-emotiva-reinauguracion-y-puesta-en-valor-del-fortin-pavon\/\"},\"wordCount\":914,\"commentCount\":0,\"publisher\":{\"@id\":\"https:\/\/www.celttv.com.ar\/#organization\"},\"articleSection\":[\"Comunidad\",\"Destacadas\",\"Pol\u00edtica\"],\"inLanguage\":\"es\"},{\"@type\":\"WebPage\",\"@id\":\"https:\/\/www.celttv.com.ar\/index.php\/2012\/01\/09\/saldungaray-emotiva-reinauguracion-y-puesta-en-valor-del-fortin-pavon\/\",\"url\":\"https:\/\/www.celttv.com.ar\/index.php\/2012\/01\/09\/saldungaray-emotiva-reinauguracion-y-puesta-en-valor-del-fortin-pavon\/\",\"name\":\"SALDUNGARAY: EMOTIVA REINAUGURACION Y PUESTA EN VALOR DEL FORTIN PAVON (proximamente video) - CELTTV\",\"isPartOf\":{\"@id\":\"https:\/\/www.celttv.com.ar\/#website\"},\"datePublished\":\"2012-01-09T20:46:32+00:00\",\"dateModified\":\"2012-01-09T20:46:32+00:00\",\"description\":\"Sitio web de noticias de la localidad de Tornquist, provincia de Buenos Aires, Rep\u00fablica Argentina. Contenido propio originado por periodistas de CELTTV, el canal de TV local de la Cooperativa El\u00e9ctrica de Tornquist. Turismo, Pol\u00edtica, Sociedad, Deporte, Cultura y todo el contenido de inter\u00e9s general que la gente del pueblo y la regi\u00f3n debe conocer.\",\"breadcrumb\":{\"@id\":\"https:\/\/www.celttv.com.ar\/index.php\/2012\/01\/09\/saldungaray-emotiva-reinauguracion-y-puesta-en-valor-del-fortin-pavon\/#breadcrumb\"},\"inLanguage\":\"es\",\"potentialAction\":[{\"@type\":\"ReadAction\",\"target\":[\"https:\/\/www.celttv.com.ar\/index.php\/2012\/01\/09\/saldungaray-emotiva-reinauguracion-y-puesta-en-valor-del-fortin-pavon\/\"]}]},{\"@type\":\"BreadcrumbList\",\"@id\":\"https:\/\/www.celttv.com.ar\/index.php\/2012\/01\/09\/saldungaray-emotiva-reinauguracion-y-puesta-en-valor-del-fortin-pavon\/#breadcrumb\",\"itemListElement\":[{\"@type\":\"ListItem\",\"position\":1,\"name\":\"Inicio\",\"item\":\"https:\/\/www.celttv.com.ar\/\"},{\"@type\":\"ListItem\",\"position\":2,\"name\":\"SALDUNGARAY: EMOTIVA REINAUGURACION Y PUESTA EN VALOR DEL FORTIN PAVON (proximamente video)\"}]},{\"@type\":\"WebSite\",\"@id\":\"https:\/\/www.celttv.com.ar\/#website\",\"url\":\"https:\/\/www.celttv.com.ar\/\",\"name\":\"CELTTV\",\"description\":\"Cooperativa El\u00e9ctrica de Tornquist\",\"publisher\":{\"@id\":\"https:\/\/www.celttv.com.ar\/#organization\"},\"potentialAction\":[{\"@type\":\"SearchAction\",\"target\":{\"@type\":\"EntryPoint\",\"urlTemplate\":\"https:\/\/www.celttv.com.ar\/?s={search_term_string}\"},\"query-input\":\"required name=search_term_string\"}],\"inLanguage\":\"es\"},{\"@type\":\"Organization\",\"@id\":\"https:\/\/www.celttv.com.ar\/#organization\",\"name\":\"CELTTV\",\"url\":\"https:\/\/www.celttv.com.ar\/\",\"sameAs\":[\"https:\/\/www.youtube.com\/channel\/UCz_oIt8Hig64Ub-EmcNPIhg\",\"https:\/\/www.facebook.com\/celtTV\/\"],\"logo\":{\"@type\":\"ImageObject\",\"inLanguage\":\"es\",\"@id\":\"https:\/\/www.celttv.com.ar\/#\/schema\/logo\/image\/\",\"url\":\"http:\/\/www.celttv.com.ar\/wp-content\/uploads\/2022\/08\/logo-1.png\",\"contentUrl\":\"http:\/\/www.celttv.com.ar\/wp-content\/uploads\/2022\/08\/logo-1.png\",\"width\":461,\"height\":159,\"caption\":\"CELTTV\"},\"image\":{\"@id\":\"https:\/\/www.celttv.com.ar\/#\/schema\/logo\/image\/\"}},{\"@type\":\"Person\",\"@id\":\"https:\/\/www.celttv.com.ar\/#\/schema\/person\/6d99c072dba59953809c81446e9d0ace\",\"name\":\"ulises\",\"image\":{\"@type\":\"ImageObject\",\"inLanguage\":\"es\",\"@id\":\"https:\/\/www.celttv.com.ar\/#\/schema\/person\/image\/\",\"url\":\"https:\/\/secure.gravatar.com\/avatar\/7f2c48bdc33b30088f941fb6082e555f2874c98e20cb159d7b92b50eadfce793?s=96&d=mm&r=g\",\"contentUrl\":\"https:\/\/secure.gravatar.com\/avatar\/7f2c48bdc33b30088f941fb6082e555f2874c98e20cb159d7b92b50eadfce793?s=96&d=mm&r=g\",\"caption\":\"ulises\"},\"sameAs\":[\"http:\/\/www.celttv.com.ar\"]}]}<\/script>\n<!-- \/ Yoast SEO plugin. -->","yoast_head_json":{"title":"SALDUNGARAY: EMOTIVA REINAUGURACION Y PUESTA EN VALOR DEL FORTIN PAVON (proximamente video) - CELTTV","description":"Sitio web de noticias de la localidad de Tornquist, provincia de Buenos Aires, Rep\u00fablica Argentina. Contenido propio originado por periodistas de CELTTV, el canal de TV local de la Cooperativa El\u00e9ctrica de Tornquist. Turismo, Pol\u00edtica, Sociedad, Deporte, Cultura y todo el contenido de inter\u00e9s general que la gente del pueblo y la regi\u00f3n debe conocer.","robots":{"index":"index","follow":"follow","max-snippet":"max-snippet:-1","max-image-preview":"max-image-preview:large","max-video-preview":"max-video-preview:-1"},"canonical":"https:\/\/www.celttv.com.ar\/index.php\/2012\/01\/09\/saldungaray-emotiva-reinauguracion-y-puesta-en-valor-del-fortin-pavon\/","og_locale":"es_ES","og_type":"article","og_title":"SALDUNGARAY: EMOTIVA REINAUGURACION Y PUESTA EN VALOR DEL FORTIN PAVON (proximamente video) - CELTTV","og_description":"Sitio web de noticias de la localidad de Tornquist, provincia de Buenos Aires, Rep\u00fablica Argentina. Contenido propio originado por periodistas de CELTTV, el canal de TV local de la Cooperativa El\u00e9ctrica de Tornquist. Turismo, Pol\u00edtica, Sociedad, Deporte, Cultura y todo el contenido de inter\u00e9s general que la gente del pueblo y la regi\u00f3n debe conocer.","og_url":"https:\/\/www.celttv.com.ar\/index.php\/2012\/01\/09\/saldungaray-emotiva-reinauguracion-y-puesta-en-valor-del-fortin-pavon\/","og_site_name":"CELTTV","article_publisher":"https:\/\/www.facebook.com\/celtTV\/","article_published_time":"2012-01-09T20:46:32+00:00","og_image":[{"url":"http:\/\/www.tvcnoticias.com.ar\/wp-content\/uploads\/2012\/01\/FORTIN-PAVON-1-Small.jpg"}],"author":"ulises","twitter_card":"summary_large_image","twitter_misc":{"Escrito por":"ulises","Tiempo de lectura":"5 minutos"},"schema":{"@context":"https:\/\/schema.org","@graph":[{"@type":"NewsArticle","@id":"https:\/\/www.celttv.com.ar\/index.php\/2012\/01\/09\/saldungaray-emotiva-reinauguracion-y-puesta-en-valor-del-fortin-pavon\/#article","isPartOf":{"@id":"https:\/\/www.celttv.com.ar\/index.php\/2012\/01\/09\/saldungaray-emotiva-reinauguracion-y-puesta-en-valor-del-fortin-pavon\/"},"author":{"name":"ulises","@id":"https:\/\/www.celttv.com.ar\/#\/schema\/person\/6d99c072dba59953809c81446e9d0ace"},"headline":"SALDUNGARAY: EMOTIVA REINAUGURACION Y PUESTA EN VALOR DEL FORTIN PAVON (proximamente video)","datePublished":"2012-01-09T20:46:32+00:00","dateModified":"2012-01-09T20:46:32+00:00","mainEntityOfPage":{"@id":"https:\/\/www.celttv.com.ar\/index.php\/2012\/01\/09\/saldungaray-emotiva-reinauguracion-y-puesta-en-valor-del-fortin-pavon\/"},"wordCount":914,"commentCount":0,"publisher":{"@id":"https:\/\/www.celttv.com.ar\/#organization"},"articleSection":["Comunidad","Destacadas","Pol\u00edtica"],"inLanguage":"es"},{"@type":"WebPage","@id":"https:\/\/www.celttv.com.ar\/index.php\/2012\/01\/09\/saldungaray-emotiva-reinauguracion-y-puesta-en-valor-del-fortin-pavon\/","url":"https:\/\/www.celttv.com.ar\/index.php\/2012\/01\/09\/saldungaray-emotiva-reinauguracion-y-puesta-en-valor-del-fortin-pavon\/","name":"SALDUNGARAY: EMOTIVA REINAUGURACION Y PUESTA EN VALOR DEL FORTIN PAVON (proximamente video) - CELTTV","isPartOf":{"@id":"https:\/\/www.celttv.com.ar\/#website"},"datePublished":"2012-01-09T20:46:32+00:00","dateModified":"2012-01-09T20:46:32+00:00","description":"Sitio web de noticias de la localidad de Tornquist, provincia de Buenos Aires, Rep\u00fablica Argentina. Contenido propio originado por periodistas de CELTTV, el canal de TV local de la Cooperativa El\u00e9ctrica de Tornquist. Turismo, Pol\u00edtica, Sociedad, Deporte, Cultura y todo el contenido de inter\u00e9s general que la gente del pueblo y la regi\u00f3n debe conocer.","breadcrumb":{"@id":"https:\/\/www.celttv.com.ar\/index.php\/2012\/01\/09\/saldungaray-emotiva-reinauguracion-y-puesta-en-valor-del-fortin-pavon\/#breadcrumb"},"inLanguage":"es","potentialAction":[{"@type":"ReadAction","target":["https:\/\/www.celttv.com.ar\/index.php\/2012\/01\/09\/saldungaray-emotiva-reinauguracion-y-puesta-en-valor-del-fortin-pavon\/"]}]},{"@type":"BreadcrumbList","@id":"https:\/\/www.celttv.com.ar\/index.php\/2012\/01\/09\/saldungaray-emotiva-reinauguracion-y-puesta-en-valor-del-fortin-pavon\/#breadcrumb","itemListElement":[{"@type":"ListItem","position":1,"name":"Inicio","item":"https:\/\/www.celttv.com.ar\/"},{"@type":"ListItem","position":2,"name":"SALDUNGARAY: EMOTIVA REINAUGURACION Y PUESTA EN VALOR DEL FORTIN PAVON (proximamente video)"}]},{"@type":"WebSite","@id":"https:\/\/www.celttv.com.ar\/#website","url":"https:\/\/www.celttv.com.ar\/","name":"CELTTV","description":"Cooperativa El\u00e9ctrica de Tornquist","publisher":{"@id":"https:\/\/www.celttv.com.ar\/#organization"},"potentialAction":[{"@type":"SearchAction","target":{"@type":"EntryPoint","urlTemplate":"https:\/\/www.celttv.com.ar\/?s={search_term_string}"},"query-input":"required name=search_term_string"}],"inLanguage":"es"},{"@type":"Organization","@id":"https:\/\/www.celttv.com.ar\/#organization","name":"CELTTV","url":"https:\/\/www.celttv.com.ar\/","sameAs":["https:\/\/www.youtube.com\/channel\/UCz_oIt8Hig64Ub-EmcNPIhg","https:\/\/www.facebook.com\/celtTV\/"],"logo":{"@type":"ImageObject","inLanguage":"es","@id":"https:\/\/www.celttv.com.ar\/#\/schema\/logo\/image\/","url":"http:\/\/www.celttv.com.ar\/wp-content\/uploads\/2022\/08\/logo-1.png","contentUrl":"http:\/\/www.celttv.com.ar\/wp-content\/uploads\/2022\/08\/logo-1.png","width":461,"height":159,"caption":"CELTTV"},"image":{"@id":"https:\/\/www.celttv.com.ar\/#\/schema\/logo\/image\/"}},{"@type":"Person","@id":"https:\/\/www.celttv.com.ar\/#\/schema\/person\/6d99c072dba59953809c81446e9d0ace","name":"ulises","image":{"@type":"ImageObject","inLanguage":"es","@id":"https:\/\/www.celttv.com.ar\/#\/schema\/person\/image\/","url":"https:\/\/secure.gravatar.com\/avatar\/7f2c48bdc33b30088f941fb6082e555f2874c98e20cb159d7b92b50eadfce793?s=96&d=mm&r=g","contentUrl":"https:\/\/secure.gravatar.com\/avatar\/7f2c48bdc33b30088f941fb6082e555f2874c98e20cb159d7b92b50eadfce793?s=96&d=mm&r=g","caption":"ulises"},"sameAs":["http:\/\/www.celttv.com.ar"]}]}},"_links":{"self":[{"href":"https:\/\/www.celttv.com.ar\/index.php\/wp-json\/wp\/v2\/posts\/4511","targetHints":{"allow":["GET"]}}],"collection":[{"href":"https:\/\/www.celttv.com.ar\/index.php\/wp-json\/wp\/v2\/posts"}],"about":[{"href":"https:\/\/www.celttv.com.ar\/index.php\/wp-json\/wp\/v2\/types\/post"}],"author":[{"embeddable":true,"href":"https:\/\/www.celttv.com.ar\/index.php\/wp-json\/wp\/v2\/users\/1"}],"replies":[{"embeddable":true,"href":"https:\/\/www.celttv.com.ar\/index.php\/wp-json\/wp\/v2\/comments?post=4511"}],"version-history":[{"count":0,"href":"https:\/\/www.celttv.com.ar\/index.php\/wp-json\/wp\/v2\/posts\/4511\/revisions"}],"wp:attachment":[{"href":"https:\/\/www.celttv.com.ar\/index.php\/wp-json\/wp\/v2\/media?parent=4511"}],"wp:term":[{"taxonomy":"category","embeddable":true,"href":"https:\/\/www.celttv.com.ar\/index.php\/wp-json\/wp\/v2\/categories?post=4511"},{"taxonomy":"post_tag","embeddable":true,"href":"https:\/\/www.celttv.com.ar\/index.php\/wp-json\/wp\/v2\/tags?post=4511"}],"curies":[{"name":"wp","href":"https:\/\/api.w.org\/{rel}","templated":true}]}}