{"id":45359,"date":"2019-11-10T17:25:35","date_gmt":"2019-11-10T17:25:35","guid":{"rendered":"http:\/\/www.celttv.com.ar\/?p=45359"},"modified":"2019-11-10T17:25:35","modified_gmt":"2019-11-10T17:25:35","slug":"deportistas-de-la-comarca-participaron-del-open-argentino-de-jiu-jitsu-realizado-en-buenos-aires-fotos","status":"publish","type":"post","link":"https:\/\/www.celttv.com.ar\/index.php\/2019\/11\/10\/deportistas-de-la-comarca-participaron-del-open-argentino-de-jiu-jitsu-realizado-en-buenos-aires-fotos\/","title":{"rendered":"Deportistas de la comarca participaron del Open Argentino de Jiu Jitsu realizado en Buenos Aires (Fotos)"},"content":{"rendered":"<p>Con una gran actuaci\u00f3n de los representantes del distrito de Tornquist, culmin\u00f3 el<strong> Open Argentino de Jiu Jitsu<\/strong>, que se llev\u00f3 a cabo durante el fin de semana en la ciudad de Buenos Aires.<\/p>\n<p>Alrededor de 1300 competidores provenientes de Chile, Paraguay, Brasil, Uruguay y Argentina (entre ellos representantes de Sierra de la Ventana y Tornquist), formaron parte de dicho torneo.<\/p>\n<p><strong>Hern\u00e1n Machado<\/strong>, obtuvo el segundo puesto en faixa blanca pesado; <strong>Leo Moyano<\/strong> perdi\u00f3 en primera ronda en medio pesado blanco; <strong>Santiago Blanco<\/strong>, fue derrotado en semifinales en faixa azul\u00a0 y <strong>Luciano Risso<\/strong>, faixa blanca leve, se ubic\u00f3 en tercer puesto de su categor\u00eda.<\/p>\n<p><a href=\"http:\/\/www.celttv.com.ar\/?attachment_id=45364\" rel=\"attachment wp-att-45364\"><img loading=\"lazy\" decoding=\"async\" class=\"alignleft size-full wp-image-45364\" src=\"http:\/\/www.celttv.com.ar\/wp-content\/uploads\/2019\/11\/WhatsApp-Image-2019-11-10-at-12.38.39-1.jpeg\" alt=\"\" width=\"1280\" height=\"960\" srcset=\"https:\/\/www.celttv.com.ar\/wp-content\/uploads\/2019\/11\/WhatsApp-Image-2019-11-10-at-12.38.39-1.jpeg 1280w, https:\/\/www.celttv.com.ar\/wp-content\/uploads\/2019\/11\/WhatsApp-Image-2019-11-10-at-12.38.39-1-300x225.jpeg 300w, https:\/\/www.celttv.com.ar\/wp-content\/uploads\/2019\/11\/WhatsApp-Image-2019-11-10-at-12.38.39-1-1024x768.jpeg 1024w, https:\/\/www.celttv.com.ar\/wp-content\/uploads\/2019\/11\/WhatsApp-Image-2019-11-10-at-12.38.39-1-768x576.jpeg 768w, https:\/\/www.celttv.com.ar\/wp-content\/uploads\/2019\/11\/WhatsApp-Image-2019-11-10-at-12.38.39-1-750x563.jpeg 750w, https:\/\/www.celttv.com.ar\/wp-content\/uploads\/2019\/11\/WhatsApp-Image-2019-11-10-at-12.38.39-1-1140x855.jpeg 1140w\" sizes=\"auto, (max-width: 1280px) 100vw, 1280px\" \/><\/a> <a href=\"http:\/\/www.celttv.com.ar\/?attachment_id=45363\" rel=\"attachment wp-att-45363\"><img loading=\"lazy\" decoding=\"async\" class=\"alignleft size-full wp-image-45363\" src=\"http:\/\/www.celttv.com.ar\/wp-content\/uploads\/2019\/11\/WhatsApp-Image-2019-11-10-at-12.38.38.jpeg\" alt=\"\" width=\"1280\" height=\"960\" srcset=\"https:\/\/www.celttv.com.ar\/wp-content\/uploads\/2019\/11\/WhatsApp-Image-2019-11-10-at-12.38.38.jpeg 1280w, https:\/\/www.celttv.com.ar\/wp-content\/uploads\/2019\/11\/WhatsApp-Image-2019-11-10-at-12.38.38-300x225.jpeg 300w, https:\/\/www.celttv.com.ar\/wp-content\/uploads\/2019\/11\/WhatsApp-Image-2019-11-10-at-12.38.38-1024x768.jpeg 1024w, https:\/\/www.celttv.com.ar\/wp-content\/uploads\/2019\/11\/WhatsApp-Image-2019-11-10-at-12.38.38-768x576.jpeg 768w, https:\/\/www.celttv.com.ar\/wp-content\/uploads\/2019\/11\/WhatsApp-Image-2019-11-10-at-12.38.38-750x563.jpeg 750w, https:\/\/www.celttv.com.ar\/wp-content\/uploads\/2019\/11\/WhatsApp-Image-2019-11-10-at-12.38.38-1140x855.jpeg 1140w\" sizes=\"auto, (max-width: 1280px) 100vw, 1280px\" \/><\/a> <a href=\"http:\/\/www.celttv.com.ar\/?attachment_id=45362\" rel=\"attachment wp-att-45362\"><img loading=\"lazy\" decoding=\"async\" class=\"alignleft size-full wp-image-45362\" src=\"http:\/\/www.celttv.com.ar\/wp-content\/uploads\/2019\/11\/WhatsApp-Image-2019-11-10-at-12.37.46.jpeg\" alt=\"\" width=\"1080\" height=\"608\" srcset=\"https:\/\/www.celttv.com.ar\/wp-content\/uploads\/2019\/11\/WhatsApp-Image-2019-11-10-at-12.37.46.jpeg 1080w, https:\/\/www.celttv.com.ar\/wp-content\/uploads\/2019\/11\/WhatsApp-Image-2019-11-10-at-12.37.46-300x169.jpeg 300w, https:\/\/www.celttv.com.ar\/wp-content\/uploads\/2019\/11\/WhatsApp-Image-2019-11-10-at-12.37.46-1024x576.jpeg 1024w, https:\/\/www.celttv.com.ar\/wp-content\/uploads\/2019\/11\/WhatsApp-Image-2019-11-10-at-12.37.46-768x432.jpeg 768w, https:\/\/www.celttv.com.ar\/wp-content\/uploads\/2019\/11\/WhatsApp-Image-2019-11-10-at-12.37.46-750x422.jpeg 750w\" sizes=\"auto, (max-width: 1080px) 100vw, 1080px\" \/><\/a> <a href=\"http:\/\/www.celttv.com.ar\/?attachment_id=45361\" rel=\"attachment wp-att-45361\"><img loading=\"lazy\" decoding=\"async\" class=\"alignleft size-full wp-image-45361\" src=\"http:\/\/www.celttv.com.ar\/wp-content\/uploads\/2019\/11\/75614148_2843915955621397_4706412578702622720_n.jpg\" alt=\"\" width=\"960\" height=\"960\" srcset=\"https:\/\/www.celttv.com.ar\/wp-content\/uploads\/2019\/11\/75614148_2843915955621397_4706412578702622720_n.jpg 960w, https:\/\/www.celttv.com.ar\/wp-content\/uploads\/2019\/11\/75614148_2843915955621397_4706412578702622720_n-300x300.jpg 300w, https:\/\/www.celttv.com.ar\/wp-content\/uploads\/2019\/11\/75614148_2843915955621397_4706412578702622720_n-150x150.jpg 150w, https:\/\/www.celttv.com.ar\/wp-content\/uploads\/2019\/11\/75614148_2843915955621397_4706412578702622720_n-768x768.jpg 768w, https:\/\/www.celttv.com.ar\/wp-content\/uploads\/2019\/11\/75614148_2843915955621397_4706412578702622720_n-75x75.jpg 75w, https:\/\/www.celttv.com.ar\/wp-content\/uploads\/2019\/11\/75614148_2843915955621397_4706412578702622720_n-750x750.jpg 750w\" sizes=\"auto, (max-width: 960px) 100vw, 960px\" \/><\/a> <a href=\"http:\/\/www.celttv.com.ar\/?attachment_id=45360\" rel=\"attachment wp-att-45360\"><img loading=\"lazy\" decoding=\"async\" class=\"alignleft size-full wp-image-45360\" src=\"http:\/\/www.celttv.com.ar\/wp-content\/uploads\/2019\/11\/75241268_2843916425621350_5181869452689408000_n-copia.jpg\" alt=\"\" width=\"960\" height=\"720\" srcset=\"https:\/\/www.celttv.com.ar\/wp-content\/uploads\/2019\/11\/75241268_2843916425621350_5181869452689408000_n-copia.jpg 960w, https:\/\/www.celttv.com.ar\/wp-content\/uploads\/2019\/11\/75241268_2843916425621350_5181869452689408000_n-copia-300x225.jpg 300w, https:\/\/www.celttv.com.ar\/wp-content\/uploads\/2019\/11\/75241268_2843916425621350_5181869452689408000_n-copia-768x576.jpg 768w, https:\/\/www.celttv.com.ar\/wp-content\/uploads\/2019\/11\/75241268_2843916425621350_5181869452689408000_n-copia-750x563.jpg 750w\" sizes=\"auto, (max-width: 960px) 100vw, 960px\" \/><\/a><\/p>\n","protected":false},"excerpt":{"rendered":"<p>Con una gran actuaci\u00f3n de los representantes del distrito de Tornquist, culmin\u00f3 el Open Argentino de Jiu Jitsu, que se llev\u00f3 a cabo durante el fin de semana en la ciudad de Buenos Aires. Alrededor de 1300 competidores provenientes de Chile, Paraguay, Brasil, Uruguay y Argentina (entre ellos representantes de Sierra de la Ventana y [&hellip;]<\/p>\n","protected":false},"author":1,"featured_media":45363,"comment_status":"closed","ping_status":"open","sticky":false,"template":"","format":"standard","meta":{"footnotes":""},"categories":[55,60,52,63],"tags":[],"class_list":["post-45359","post","type-post","status-publish","format-standard","has-post-thumbnail","hentry","category-celt-tv-noticias","category-deporte","category-destacadas","category-magazine-sport"],"yoast_head":"<!-- This site is optimized with the Yoast SEO plugin v19.7.1 - https:\/\/yoast.com\/wordpress\/plugins\/seo\/ -->\n<title>Deportistas de la comarca participaron del Open Argentino de Jiu Jitsu realizado en Buenos Aires (Fotos) - CELTTV<\/title>\n<meta name=\"description\" content=\"Sitio web de noticias de la localidad de Tornquist, provincia de Buenos Aires, Rep\u00fablica Argentina. Contenido propio originado por periodistas de CELTTV, el canal de TV local de la Cooperativa El\u00e9ctrica de Tornquist. Turismo, Pol\u00edtica, Sociedad, Deporte, Cultura y todo el contenido de inter\u00e9s general que la gente del pueblo y la regi\u00f3n debe conocer.\" \/>\n<meta name=\"robots\" content=\"index, follow, max-snippet:-1, max-image-preview:large, max-video-preview:-1\" \/>\n<link rel=\"canonical\" href=\"https:\/\/www.celttv.com.ar\/index.php\/2019\/11\/10\/deportistas-de-la-comarca-participaron-del-open-argentino-de-jiu-jitsu-realizado-en-buenos-aires-fotos\/\" \/>\n<meta property=\"og:locale\" content=\"es_ES\" \/>\n<meta property=\"og:type\" content=\"article\" \/>\n<meta property=\"og:title\" content=\"Deportistas de la comarca participaron del Open Argentino de Jiu Jitsu realizado en Buenos Aires (Fotos) - CELTTV\" \/>\n<meta property=\"og:description\" content=\"Sitio web de noticias de la localidad de Tornquist, provincia de Buenos Aires, Rep\u00fablica Argentina. Contenido propio originado por periodistas de CELTTV, el canal de TV local de la Cooperativa El\u00e9ctrica de Tornquist. Turismo, Pol\u00edtica, Sociedad, Deporte, Cultura y todo el contenido de inter\u00e9s general que la gente del pueblo y la regi\u00f3n debe conocer.\" \/>\n<meta property=\"og:url\" content=\"https:\/\/www.celttv.com.ar\/index.php\/2019\/11\/10\/deportistas-de-la-comarca-participaron-del-open-argentino-de-jiu-jitsu-realizado-en-buenos-aires-fotos\/\" \/>\n<meta property=\"og:site_name\" content=\"CELTTV\" \/>\n<meta property=\"article:publisher\" content=\"https:\/\/www.facebook.com\/celtTV\/\" \/>\n<meta property=\"article:published_time\" content=\"2019-11-10T17:25:35+00:00\" \/>\n<meta property=\"og:image\" content=\"https:\/\/www.celttv.com.ar\/wp-content\/uploads\/2019\/11\/WhatsApp-Image-2019-11-10-at-12.38.38.jpeg\" \/>\n\t<meta property=\"og:image:width\" content=\"1280\" \/>\n\t<meta property=\"og:image:height\" content=\"960\" \/>\n\t<meta property=\"og:image:type\" content=\"image\/jpeg\" \/>\n<meta name=\"author\" content=\"ulises\" \/>\n<meta name=\"twitter:card\" content=\"summary_large_image\" \/>\n<meta name=\"twitter:label1\" content=\"Escrito por\" \/>\n\t<meta name=\"twitter:data1\" content=\"ulises\" \/>\n\t<meta name=\"twitter:label2\" content=\"Tiempo de lectura\" \/>\n\t<meta name=\"twitter:data2\" content=\"1 minuto\" \/>\n<script type=\"application\/ld+json\" class=\"yoast-schema-graph\">{\"@context\":\"https:\/\/schema.org\",\"@graph\":[{\"@type\":\"NewsArticle\",\"@id\":\"https:\/\/www.celttv.com.ar\/index.php\/2019\/11\/10\/deportistas-de-la-comarca-participaron-del-open-argentino-de-jiu-jitsu-realizado-en-buenos-aires-fotos\/#article\",\"isPartOf\":{\"@id\":\"https:\/\/www.celttv.com.ar\/index.php\/2019\/11\/10\/deportistas-de-la-comarca-participaron-del-open-argentino-de-jiu-jitsu-realizado-en-buenos-aires-fotos\/\"},\"author\":{\"name\":\"ulises\",\"@id\":\"https:\/\/www.celttv.com.ar\/#\/schema\/person\/6d99c072dba59953809c81446e9d0ace\"},\"headline\":\"Deportistas de la comarca participaron del Open Argentino de Jiu Jitsu realizado en Buenos Aires (Fotos)\",\"datePublished\":\"2019-11-10T17:25:35+00:00\",\"dateModified\":\"2019-11-10T17:25:35+00:00\",\"mainEntityOfPage\":{\"@id\":\"https:\/\/www.celttv.com.ar\/index.php\/2019\/11\/10\/deportistas-de-la-comarca-participaron-del-open-argentino-de-jiu-jitsu-realizado-en-buenos-aires-fotos\/\"},\"wordCount\":122,\"publisher\":{\"@id\":\"https:\/\/www.celttv.com.ar\/#organization\"},\"articleSection\":[\"Celt TV Noticias\",\"Deporte\",\"Destacadas\",\"Magazine Sport\"],\"inLanguage\":\"es\"},{\"@type\":\"WebPage\",\"@id\":\"https:\/\/www.celttv.com.ar\/index.php\/2019\/11\/10\/deportistas-de-la-comarca-participaron-del-open-argentino-de-jiu-jitsu-realizado-en-buenos-aires-fotos\/\",\"url\":\"https:\/\/www.celttv.com.ar\/index.php\/2019\/11\/10\/deportistas-de-la-comarca-participaron-del-open-argentino-de-jiu-jitsu-realizado-en-buenos-aires-fotos\/\",\"name\":\"Deportistas de la comarca participaron del Open Argentino de Jiu Jitsu realizado en Buenos Aires (Fotos) - CELTTV\",\"isPartOf\":{\"@id\":\"https:\/\/www.celttv.com.ar\/#website\"},\"datePublished\":\"2019-11-10T17:25:35+00:00\",\"dateModified\":\"2019-11-10T17:25:35+00:00\",\"description\":\"Sitio web de noticias de la localidad de Tornquist, provincia de Buenos Aires, Rep\u00fablica Argentina. Contenido propio originado por periodistas de CELTTV, el canal de TV local de la Cooperativa El\u00e9ctrica de Tornquist. Turismo, Pol\u00edtica, Sociedad, Deporte, Cultura y todo el contenido de inter\u00e9s general que la gente del pueblo y la regi\u00f3n debe conocer.\",\"breadcrumb\":{\"@id\":\"https:\/\/www.celttv.com.ar\/index.php\/2019\/11\/10\/deportistas-de-la-comarca-participaron-del-open-argentino-de-jiu-jitsu-realizado-en-buenos-aires-fotos\/#breadcrumb\"},\"inLanguage\":\"es\",\"potentialAction\":[{\"@type\":\"ReadAction\",\"target\":[\"https:\/\/www.celttv.com.ar\/index.php\/2019\/11\/10\/deportistas-de-la-comarca-participaron-del-open-argentino-de-jiu-jitsu-realizado-en-buenos-aires-fotos\/\"]}]},{\"@type\":\"BreadcrumbList\",\"@id\":\"https:\/\/www.celttv.com.ar\/index.php\/2019\/11\/10\/deportistas-de-la-comarca-participaron-del-open-argentino-de-jiu-jitsu-realizado-en-buenos-aires-fotos\/#breadcrumb\",\"itemListElement\":[{\"@type\":\"ListItem\",\"position\":1,\"name\":\"Inicio\",\"item\":\"https:\/\/www.celttv.com.ar\/\"},{\"@type\":\"ListItem\",\"position\":2,\"name\":\"Deportistas de la comarca participaron del Open Argentino de Jiu Jitsu realizado en Buenos Aires (Fotos)\"}]},{\"@type\":\"WebSite\",\"@id\":\"https:\/\/www.celttv.com.ar\/#website\",\"url\":\"https:\/\/www.celttv.com.ar\/\",\"name\":\"CELTTV\",\"description\":\"Cooperativa El\u00e9ctrica de Tornquist\",\"publisher\":{\"@id\":\"https:\/\/www.celttv.com.ar\/#organization\"},\"potentialAction\":[{\"@type\":\"SearchAction\",\"target\":{\"@type\":\"EntryPoint\",\"urlTemplate\":\"https:\/\/www.celttv.com.ar\/?s={search_term_string}\"},\"query-input\":\"required name=search_term_string\"}],\"inLanguage\":\"es\"},{\"@type\":\"Organization\",\"@id\":\"https:\/\/www.celttv.com.ar\/#organization\",\"name\":\"CELTTV\",\"url\":\"https:\/\/www.celttv.com.ar\/\",\"sameAs\":[\"https:\/\/www.youtube.com\/channel\/UCz_oIt8Hig64Ub-EmcNPIhg\",\"https:\/\/www.facebook.com\/celtTV\/\"],\"logo\":{\"@type\":\"ImageObject\",\"inLanguage\":\"es\",\"@id\":\"https:\/\/www.celttv.com.ar\/#\/schema\/logo\/image\/\",\"url\":\"http:\/\/www.celttv.com.ar\/wp-content\/uploads\/2022\/08\/logo-1.png\",\"contentUrl\":\"http:\/\/www.celttv.com.ar\/wp-content\/uploads\/2022\/08\/logo-1.png\",\"width\":461,\"height\":159,\"caption\":\"CELTTV\"},\"image\":{\"@id\":\"https:\/\/www.celttv.com.ar\/#\/schema\/logo\/image\/\"}},{\"@type\":\"Person\",\"@id\":\"https:\/\/www.celttv.com.ar\/#\/schema\/person\/6d99c072dba59953809c81446e9d0ace\",\"name\":\"ulises\",\"image\":{\"@type\":\"ImageObject\",\"inLanguage\":\"es\",\"@id\":\"https:\/\/www.celttv.com.ar\/#\/schema\/person\/image\/\",\"url\":\"https:\/\/secure.gravatar.com\/avatar\/7f2c48bdc33b30088f941fb6082e555f2874c98e20cb159d7b92b50eadfce793?s=96&d=mm&r=g\",\"contentUrl\":\"https:\/\/secure.gravatar.com\/avatar\/7f2c48bdc33b30088f941fb6082e555f2874c98e20cb159d7b92b50eadfce793?s=96&d=mm&r=g\",\"caption\":\"ulises\"},\"sameAs\":[\"http:\/\/www.celttv.com.ar\"]}]}<\/script>\n<!-- \/ Yoast SEO plugin. -->","yoast_head_json":{"title":"Deportistas de la comarca participaron del Open Argentino de Jiu Jitsu realizado en Buenos Aires (Fotos) - CELTTV","description":"Sitio web de noticias de la localidad de Tornquist, provincia de Buenos Aires, Rep\u00fablica Argentina. Contenido propio originado por periodistas de CELTTV, el canal de TV local de la Cooperativa El\u00e9ctrica de Tornquist. Turismo, Pol\u00edtica, Sociedad, Deporte, Cultura y todo el contenido de inter\u00e9s general que la gente del pueblo y la regi\u00f3n debe conocer.","robots":{"index":"index","follow":"follow","max-snippet":"max-snippet:-1","max-image-preview":"max-image-preview:large","max-video-preview":"max-video-preview:-1"},"canonical":"https:\/\/www.celttv.com.ar\/index.php\/2019\/11\/10\/deportistas-de-la-comarca-participaron-del-open-argentino-de-jiu-jitsu-realizado-en-buenos-aires-fotos\/","og_locale":"es_ES","og_type":"article","og_title":"Deportistas de la comarca participaron del Open Argentino de Jiu Jitsu realizado en Buenos Aires (Fotos) - CELTTV","og_description":"Sitio web de noticias de la localidad de Tornquist, provincia de Buenos Aires, Rep\u00fablica Argentina. Contenido propio originado por periodistas de CELTTV, el canal de TV local de la Cooperativa El\u00e9ctrica de Tornquist. Turismo, Pol\u00edtica, Sociedad, Deporte, Cultura y todo el contenido de inter\u00e9s general que la gente del pueblo y la regi\u00f3n debe conocer.","og_url":"https:\/\/www.celttv.com.ar\/index.php\/2019\/11\/10\/deportistas-de-la-comarca-participaron-del-open-argentino-de-jiu-jitsu-realizado-en-buenos-aires-fotos\/","og_site_name":"CELTTV","article_publisher":"https:\/\/www.facebook.com\/celtTV\/","article_published_time":"2019-11-10T17:25:35+00:00","og_image":[{"width":1280,"height":960,"url":"https:\/\/www.celttv.com.ar\/wp-content\/uploads\/2019\/11\/WhatsApp-Image-2019-11-10-at-12.38.38.jpeg","type":"image\/jpeg"}],"author":"ulises","twitter_card":"summary_large_image","twitter_misc":{"Escrito por":"ulises","Tiempo de lectura":"1 minuto"},"schema":{"@context":"https:\/\/schema.org","@graph":[{"@type":"NewsArticle","@id":"https:\/\/www.celttv.com.ar\/index.php\/2019\/11\/10\/deportistas-de-la-comarca-participaron-del-open-argentino-de-jiu-jitsu-realizado-en-buenos-aires-fotos\/#article","isPartOf":{"@id":"https:\/\/www.celttv.com.ar\/index.php\/2019\/11\/10\/deportistas-de-la-comarca-participaron-del-open-argentino-de-jiu-jitsu-realizado-en-buenos-aires-fotos\/"},"author":{"name":"ulises","@id":"https:\/\/www.celttv.com.ar\/#\/schema\/person\/6d99c072dba59953809c81446e9d0ace"},"headline":"Deportistas de la comarca participaron del Open Argentino de Jiu Jitsu realizado en Buenos Aires (Fotos)","datePublished":"2019-11-10T17:25:35+00:00","dateModified":"2019-11-10T17:25:35+00:00","mainEntityOfPage":{"@id":"https:\/\/www.celttv.com.ar\/index.php\/2019\/11\/10\/deportistas-de-la-comarca-participaron-del-open-argentino-de-jiu-jitsu-realizado-en-buenos-aires-fotos\/"},"wordCount":122,"publisher":{"@id":"https:\/\/www.celttv.com.ar\/#organization"},"articleSection":["Celt TV Noticias","Deporte","Destacadas","Magazine Sport"],"inLanguage":"es"},{"@type":"WebPage","@id":"https:\/\/www.celttv.com.ar\/index.php\/2019\/11\/10\/deportistas-de-la-comarca-participaron-del-open-argentino-de-jiu-jitsu-realizado-en-buenos-aires-fotos\/","url":"https:\/\/www.celttv.com.ar\/index.php\/2019\/11\/10\/deportistas-de-la-comarca-participaron-del-open-argentino-de-jiu-jitsu-realizado-en-buenos-aires-fotos\/","name":"Deportistas de la comarca participaron del Open Argentino de Jiu Jitsu realizado en Buenos Aires (Fotos) - CELTTV","isPartOf":{"@id":"https:\/\/www.celttv.com.ar\/#website"},"datePublished":"2019-11-10T17:25:35+00:00","dateModified":"2019-11-10T17:25:35+00:00","description":"Sitio web de noticias de la localidad de Tornquist, provincia de Buenos Aires, Rep\u00fablica Argentina. Contenido propio originado por periodistas de CELTTV, el canal de TV local de la Cooperativa El\u00e9ctrica de Tornquist. Turismo, Pol\u00edtica, Sociedad, Deporte, Cultura y todo el contenido de inter\u00e9s general que la gente del pueblo y la regi\u00f3n debe conocer.","breadcrumb":{"@id":"https:\/\/www.celttv.com.ar\/index.php\/2019\/11\/10\/deportistas-de-la-comarca-participaron-del-open-argentino-de-jiu-jitsu-realizado-en-buenos-aires-fotos\/#breadcrumb"},"inLanguage":"es","potentialAction":[{"@type":"ReadAction","target":["https:\/\/www.celttv.com.ar\/index.php\/2019\/11\/10\/deportistas-de-la-comarca-participaron-del-open-argentino-de-jiu-jitsu-realizado-en-buenos-aires-fotos\/"]}]},{"@type":"BreadcrumbList","@id":"https:\/\/www.celttv.com.ar\/index.php\/2019\/11\/10\/deportistas-de-la-comarca-participaron-del-open-argentino-de-jiu-jitsu-realizado-en-buenos-aires-fotos\/#breadcrumb","itemListElement":[{"@type":"ListItem","position":1,"name":"Inicio","item":"https:\/\/www.celttv.com.ar\/"},{"@type":"ListItem","position":2,"name":"Deportistas de la comarca participaron del Open Argentino de Jiu Jitsu realizado en Buenos Aires (Fotos)"}]},{"@type":"WebSite","@id":"https:\/\/www.celttv.com.ar\/#website","url":"https:\/\/www.celttv.com.ar\/","name":"CELTTV","description":"Cooperativa El\u00e9ctrica de Tornquist","publisher":{"@id":"https:\/\/www.celttv.com.ar\/#organization"},"potentialAction":[{"@type":"SearchAction","target":{"@type":"EntryPoint","urlTemplate":"https:\/\/www.celttv.com.ar\/?s={search_term_string}"},"query-input":"required name=search_term_string"}],"inLanguage":"es"},{"@type":"Organization","@id":"https:\/\/www.celttv.com.ar\/#organization","name":"CELTTV","url":"https:\/\/www.celttv.com.ar\/","sameAs":["https:\/\/www.youtube.com\/channel\/UCz_oIt8Hig64Ub-EmcNPIhg","https:\/\/www.facebook.com\/celtTV\/"],"logo":{"@type":"ImageObject","inLanguage":"es","@id":"https:\/\/www.celttv.com.ar\/#\/schema\/logo\/image\/","url":"http:\/\/www.celttv.com.ar\/wp-content\/uploads\/2022\/08\/logo-1.png","contentUrl":"http:\/\/www.celttv.com.ar\/wp-content\/uploads\/2022\/08\/logo-1.png","width":461,"height":159,"caption":"CELTTV"},"image":{"@id":"https:\/\/www.celttv.com.ar\/#\/schema\/logo\/image\/"}},{"@type":"Person","@id":"https:\/\/www.celttv.com.ar\/#\/schema\/person\/6d99c072dba59953809c81446e9d0ace","name":"ulises","image":{"@type":"ImageObject","inLanguage":"es","@id":"https:\/\/www.celttv.com.ar\/#\/schema\/person\/image\/","url":"https:\/\/secure.gravatar.com\/avatar\/7f2c48bdc33b30088f941fb6082e555f2874c98e20cb159d7b92b50eadfce793?s=96&d=mm&r=g","contentUrl":"https:\/\/secure.gravatar.com\/avatar\/7f2c48bdc33b30088f941fb6082e555f2874c98e20cb159d7b92b50eadfce793?s=96&d=mm&r=g","caption":"ulises"},"sameAs":["http:\/\/www.celttv.com.ar"]}]}},"_links":{"self":[{"href":"https:\/\/www.celttv.com.ar\/index.php\/wp-json\/wp\/v2\/posts\/45359","targetHints":{"allow":["GET"]}}],"collection":[{"href":"https:\/\/www.celttv.com.ar\/index.php\/wp-json\/wp\/v2\/posts"}],"about":[{"href":"https:\/\/www.celttv.com.ar\/index.php\/wp-json\/wp\/v2\/types\/post"}],"author":[{"embeddable":true,"href":"https:\/\/www.celttv.com.ar\/index.php\/wp-json\/wp\/v2\/users\/1"}],"replies":[{"embeddable":true,"href":"https:\/\/www.celttv.com.ar\/index.php\/wp-json\/wp\/v2\/comments?post=45359"}],"version-history":[{"count":0,"href":"https:\/\/www.celttv.com.ar\/index.php\/wp-json\/wp\/v2\/posts\/45359\/revisions"}],"wp:featuredmedia":[{"embeddable":true,"href":"https:\/\/www.celttv.com.ar\/index.php\/wp-json\/wp\/v2\/media\/45363"}],"wp:attachment":[{"href":"https:\/\/www.celttv.com.ar\/index.php\/wp-json\/wp\/v2\/media?parent=45359"}],"wp:term":[{"taxonomy":"category","embeddable":true,"href":"https:\/\/www.celttv.com.ar\/index.php\/wp-json\/wp\/v2\/categories?post=45359"},{"taxonomy":"post_tag","embeddable":true,"href":"https:\/\/www.celttv.com.ar\/index.php\/wp-json\/wp\/v2\/tags?post=45359"}],"curies":[{"name":"wp","href":"https:\/\/api.w.org\/{rel}","templated":true}]}}