{"id":45418,"date":"2019-11-14T16:59:57","date_gmt":"2019-11-14T16:59:57","guid":{"rendered":"http:\/\/www.celttv.com.ar\/?p=45418"},"modified":"2019-11-14T16:59:57","modified_gmt":"2019-11-14T16:59:57","slug":"todas-las-imagenes-y-notas-de-la-11-carrera-aventura-y-caminata-solidaria-de-villa-ventana-6-videoso","status":"publish","type":"post","link":"https:\/\/www.celttv.com.ar\/index.php\/2019\/11\/14\/todas-las-imagenes-y-notas-de-la-11-carrera-aventura-y-caminata-solidaria-de-villa-ventana-6-videoso\/","title":{"rendered":"Todas las im\u00e1genes y notas de la 11\u00b0 Carrera Aventura y Caminata Solidaria de Villa Ventana (6 Videos)"},"content":{"rendered":"<p>Con una jornada a pleno sol y alta temperatura, se desarroll\u00f2 la<strong>\u00a011\u00ba edici\u00f3n de la Carrera Aventura y Caminata Solidaria de Villa Ventana<\/strong>, organizada por la Unidad Sanitaria de dicha localidad serrana.<\/p>\n<p>M\u00e1s de 300 atletas, representando a diferentes distritos de la provincia de Buenos Aires, se sumaron a una de las actividades deportivas m\u00e1s importantes que se realizan durante el a\u00f1o en el partido de Tornquist.<\/p>\n<p>Videos y notas realizadas durante el evento para el programa <strong>MAGAZINE SPORT.<\/strong><\/p>\n<div class=\"jeg_video_container jeg_video_content\"><iframe loading=\"lazy\" title=\"2019 11 13 MAGAZINE SPORT 11\u00b0 CARRERA AVENTURA Y CAMINATA AER\u00d3BICA SOLIDARIA EN VILLA VENTANA\" width=\"500\" height=\"281\" src=\"https:\/\/www.youtube.com\/embed\/pCn08Z0sAjU?feature=oembed\" frameborder=\"0\" allow=\"accelerometer; autoplay; clipboard-write; encrypted-media; gyroscope; picture-in-picture; web-share\" referrerpolicy=\"strict-origin-when-cross-origin\" allowfullscreen><\/iframe><\/div>\n<div class=\"jeg_video_container jeg_video_content\"><iframe loading=\"lazy\" title=\"2019 11 13 MAGAZINE SPORT ARIEL PARADA 11\u00b0 CARRERA AVENTURA Y CAMINATA AER\u00d3BICA SOLIDARIA EN VILLA V\" width=\"500\" height=\"281\" src=\"https:\/\/www.youtube.com\/embed\/fKTNH5mUTFE?feature=oembed\" frameborder=\"0\" allow=\"accelerometer; autoplay; clipboard-write; encrypted-media; gyroscope; picture-in-picture; web-share\" referrerpolicy=\"strict-origin-when-cross-origin\" allowfullscreen><\/iframe><\/div>\n<div class=\"jeg_video_container jeg_video_content\"><iframe loading=\"lazy\" title=\"2019 11 13 MAGAZINE SPORT F\u00c9LIX C\u00d3SERES, CRISTIAN BELACHUR Y CRISTIAN P\u00c9REZ 11\u00b0 CARRERA AVENTURA Y C\" width=\"500\" height=\"281\" src=\"https:\/\/www.youtube.com\/embed\/JnpkW6Rnf0Y?feature=oembed\" frameborder=\"0\" allow=\"accelerometer; autoplay; clipboard-write; encrypted-media; gyroscope; picture-in-picture; web-share\" referrerpolicy=\"strict-origin-when-cross-origin\" allowfullscreen><\/iframe><\/div>\n<div class=\"jeg_video_container jeg_video_content\"><iframe loading=\"lazy\" title=\"2019 11 13 MAGAZINE SPORT GUSTAVO IRAZABAL 11\u00b0 CARRERA AVENTURA Y CAMINATA AER\u00d3BICA SOLIDARIA EN VIL\" width=\"500\" height=\"281\" src=\"https:\/\/www.youtube.com\/embed\/FmekU27Gi-U?feature=oembed\" frameborder=\"0\" allow=\"accelerometer; autoplay; clipboard-write; encrypted-media; gyroscope; picture-in-picture; web-share\" referrerpolicy=\"strict-origin-when-cross-origin\" allowfullscreen><\/iframe><\/div>\n<div class=\"jeg_video_container jeg_video_content\"><iframe loading=\"lazy\" title=\"2019 11 13 MAGAZINE SPORT PROF  SOF\u00cdA URRIAGA 11\u00b0 CARRERA AVENTURA Y CAMINATA AER\u00d3BICA SOLIDARIA EN\" width=\"500\" height=\"281\" src=\"https:\/\/www.youtube.com\/embed\/iYujjsFW7Fk?feature=oembed\" frameborder=\"0\" allow=\"accelerometer; autoplay; clipboard-write; encrypted-media; gyroscope; picture-in-picture; web-share\" referrerpolicy=\"strict-origin-when-cross-origin\" allowfullscreen><\/iframe><\/div>\n<div class=\"jeg_video_container jeg_video_content\"><iframe loading=\"lazy\" title=\"2019 11 13 MAGAZINE SPORT SANTIAGO MAGNANI Y JAVIER DI CLEMENTI 11\u00b0 CARRERA AVENTURA Y CAMINATA AER\u00d3\" width=\"500\" height=\"281\" src=\"https:\/\/www.youtube.com\/embed\/IQIPcl2l0BI?feature=oembed\" frameborder=\"0\" allow=\"accelerometer; autoplay; clipboard-write; encrypted-media; gyroscope; picture-in-picture; web-share\" referrerpolicy=\"strict-origin-when-cross-origin\" allowfullscreen><\/iframe><\/div>\n","protected":false},"excerpt":{"rendered":"<p>Con una jornada a pleno sol y alta temperatura, se desarroll\u00f2 la\u00a011\u00ba edici\u00f3n de la Carrera Aventura y Caminata Solidaria de Villa Ventana, organizada por la Unidad Sanitaria de dicha localidad serrana. M\u00e1s de 300 atletas, representando a diferentes distritos de la provincia de Buenos Aires, se sumaron a una de las actividades deportivas m\u00e1s [&hellip;]<\/p>\n","protected":false},"author":1,"featured_media":45441,"comment_status":"closed","ping_status":"open","sticky":false,"template":"","format":"standard","meta":{"footnotes":""},"categories":[55,60,52,63,58],"tags":[],"class_list":["post-45418","post","type-post","status-publish","format-standard","has-post-thumbnail","hentry","category-celt-tv-noticias","category-deporte","category-destacadas","category-magazine-sport","category-turismo"],"yoast_head":"<!-- This site is optimized with the Yoast SEO plugin v19.7.1 - https:\/\/yoast.com\/wordpress\/plugins\/seo\/ -->\n<title>Todas las im\u00e1genes y notas de la 11\u00b0 Carrera Aventura y Caminata Solidaria de Villa Ventana (6 Videos) - CELTTV<\/title>\n<meta name=\"description\" content=\"Sitio web de noticias de la localidad de Tornquist, provincia de Buenos Aires, Rep\u00fablica Argentina. Contenido propio originado por periodistas de CELTTV, el canal de TV local de la Cooperativa El\u00e9ctrica de Tornquist. Turismo, Pol\u00edtica, Sociedad, Deporte, Cultura y todo el contenido de inter\u00e9s general que la gente del pueblo y la regi\u00f3n debe conocer.\" \/>\n<meta name=\"robots\" content=\"index, follow, max-snippet:-1, max-image-preview:large, max-video-preview:-1\" \/>\n<link rel=\"canonical\" href=\"https:\/\/www.celttv.com.ar\/index.php\/2019\/11\/14\/todas-las-imagenes-y-notas-de-la-11-carrera-aventura-y-caminata-solidaria-de-villa-ventana-6-videoso\/\" \/>\n<meta property=\"og:locale\" content=\"es_ES\" \/>\n<meta property=\"og:type\" content=\"article\" \/>\n<meta property=\"og:title\" content=\"Todas las im\u00e1genes y notas de la 11\u00b0 Carrera Aventura y Caminata Solidaria de Villa Ventana (6 Videos) - CELTTV\" \/>\n<meta property=\"og:description\" content=\"Sitio web de noticias de la localidad de Tornquist, provincia de Buenos Aires, Rep\u00fablica Argentina. Contenido propio originado por periodistas de CELTTV, el canal de TV local de la Cooperativa El\u00e9ctrica de Tornquist. Turismo, Pol\u00edtica, Sociedad, Deporte, Cultura y todo el contenido de inter\u00e9s general que la gente del pueblo y la regi\u00f3n debe conocer.\" \/>\n<meta property=\"og:url\" content=\"https:\/\/www.celttv.com.ar\/index.php\/2019\/11\/14\/todas-las-imagenes-y-notas-de-la-11-carrera-aventura-y-caminata-solidaria-de-villa-ventana-6-videoso\/\" \/>\n<meta property=\"og:site_name\" content=\"CELTTV\" \/>\n<meta property=\"article:publisher\" content=\"https:\/\/www.facebook.com\/celtTV\/\" \/>\n<meta property=\"article:published_time\" content=\"2019-11-14T16:59:57+00:00\" \/>\n<meta property=\"og:image\" content=\"https:\/\/www.celttv.com.ar\/wp-content\/uploads\/2019\/11\/106_8075-1.jpg\" \/>\n\t<meta property=\"og:image:width\" content=\"1920\" \/>\n\t<meta property=\"og:image:height\" content=\"1080\" \/>\n\t<meta property=\"og:image:type\" content=\"image\/jpeg\" \/>\n<meta name=\"author\" content=\"ulises\" \/>\n<meta name=\"twitter:card\" content=\"summary_large_image\" \/>\n<meta name=\"twitter:label1\" content=\"Escrito por\" \/>\n\t<meta name=\"twitter:data1\" content=\"ulises\" \/>\n\t<meta name=\"twitter:label2\" content=\"Tiempo de lectura\" \/>\n\t<meta name=\"twitter:data2\" content=\"1 minuto\" \/>\n<script type=\"application\/ld+json\" class=\"yoast-schema-graph\">{\"@context\":\"https:\/\/schema.org\",\"@graph\":[{\"@type\":\"NewsArticle\",\"@id\":\"https:\/\/www.celttv.com.ar\/index.php\/2019\/11\/14\/todas-las-imagenes-y-notas-de-la-11-carrera-aventura-y-caminata-solidaria-de-villa-ventana-6-videoso\/#article\",\"isPartOf\":{\"@id\":\"https:\/\/www.celttv.com.ar\/index.php\/2019\/11\/14\/todas-las-imagenes-y-notas-de-la-11-carrera-aventura-y-caminata-solidaria-de-villa-ventana-6-videoso\/\"},\"author\":{\"name\":\"ulises\",\"@id\":\"https:\/\/www.celttv.com.ar\/#\/schema\/person\/6d99c072dba59953809c81446e9d0ace\"},\"headline\":\"Todas las im\u00e1genes y notas de la 11\u00b0 Carrera Aventura y Caminata Solidaria de Villa Ventana (6 Videos)\",\"datePublished\":\"2019-11-14T16:59:57+00:00\",\"dateModified\":\"2019-11-14T16:59:57+00:00\",\"mainEntityOfPage\":{\"@id\":\"https:\/\/www.celttv.com.ar\/index.php\/2019\/11\/14\/todas-las-imagenes-y-notas-de-la-11-carrera-aventura-y-caminata-solidaria-de-villa-ventana-6-videoso\/\"},\"wordCount\":150,\"publisher\":{\"@id\":\"https:\/\/www.celttv.com.ar\/#organization\"},\"articleSection\":[\"Celt TV Noticias\",\"Deporte\",\"Destacadas\",\"Magazine Sport\",\"Turismo\"],\"inLanguage\":\"es\"},{\"@type\":\"WebPage\",\"@id\":\"https:\/\/www.celttv.com.ar\/index.php\/2019\/11\/14\/todas-las-imagenes-y-notas-de-la-11-carrera-aventura-y-caminata-solidaria-de-villa-ventana-6-videoso\/\",\"url\":\"https:\/\/www.celttv.com.ar\/index.php\/2019\/11\/14\/todas-las-imagenes-y-notas-de-la-11-carrera-aventura-y-caminata-solidaria-de-villa-ventana-6-videoso\/\",\"name\":\"Todas las im\u00e1genes y notas de la 11\u00b0 Carrera Aventura y Caminata Solidaria de Villa Ventana (6 Videos) - CELTTV\",\"isPartOf\":{\"@id\":\"https:\/\/www.celttv.com.ar\/#website\"},\"datePublished\":\"2019-11-14T16:59:57+00:00\",\"dateModified\":\"2019-11-14T16:59:57+00:00\",\"description\":\"Sitio web de noticias de la localidad de Tornquist, provincia de Buenos Aires, Rep\u00fablica Argentina. Contenido propio originado por periodistas de CELTTV, el canal de TV local de la Cooperativa El\u00e9ctrica de Tornquist. Turismo, Pol\u00edtica, Sociedad, Deporte, Cultura y todo el contenido de inter\u00e9s general que la gente del pueblo y la regi\u00f3n debe conocer.\",\"breadcrumb\":{\"@id\":\"https:\/\/www.celttv.com.ar\/index.php\/2019\/11\/14\/todas-las-imagenes-y-notas-de-la-11-carrera-aventura-y-caminata-solidaria-de-villa-ventana-6-videoso\/#breadcrumb\"},\"inLanguage\":\"es\",\"potentialAction\":[{\"@type\":\"ReadAction\",\"target\":[\"https:\/\/www.celttv.com.ar\/index.php\/2019\/11\/14\/todas-las-imagenes-y-notas-de-la-11-carrera-aventura-y-caminata-solidaria-de-villa-ventana-6-videoso\/\"]}]},{\"@type\":\"BreadcrumbList\",\"@id\":\"https:\/\/www.celttv.com.ar\/index.php\/2019\/11\/14\/todas-las-imagenes-y-notas-de-la-11-carrera-aventura-y-caminata-solidaria-de-villa-ventana-6-videoso\/#breadcrumb\",\"itemListElement\":[{\"@type\":\"ListItem\",\"position\":1,\"name\":\"Inicio\",\"item\":\"https:\/\/www.celttv.com.ar\/\"},{\"@type\":\"ListItem\",\"position\":2,\"name\":\"Todas las im\u00e1genes y notas de la 11\u00b0 Carrera Aventura y Caminata Solidaria de Villa Ventana (6 Videos)\"}]},{\"@type\":\"WebSite\",\"@id\":\"https:\/\/www.celttv.com.ar\/#website\",\"url\":\"https:\/\/www.celttv.com.ar\/\",\"name\":\"CELTTV\",\"description\":\"Cooperativa El\u00e9ctrica de Tornquist\",\"publisher\":{\"@id\":\"https:\/\/www.celttv.com.ar\/#organization\"},\"potentialAction\":[{\"@type\":\"SearchAction\",\"target\":{\"@type\":\"EntryPoint\",\"urlTemplate\":\"https:\/\/www.celttv.com.ar\/?s={search_term_string}\"},\"query-input\":\"required name=search_term_string\"}],\"inLanguage\":\"es\"},{\"@type\":\"Organization\",\"@id\":\"https:\/\/www.celttv.com.ar\/#organization\",\"name\":\"CELTTV\",\"url\":\"https:\/\/www.celttv.com.ar\/\",\"sameAs\":[\"https:\/\/www.youtube.com\/channel\/UCz_oIt8Hig64Ub-EmcNPIhg\",\"https:\/\/www.facebook.com\/celtTV\/\"],\"logo\":{\"@type\":\"ImageObject\",\"inLanguage\":\"es\",\"@id\":\"https:\/\/www.celttv.com.ar\/#\/schema\/logo\/image\/\",\"url\":\"http:\/\/www.celttv.com.ar\/wp-content\/uploads\/2022\/08\/logo-1.png\",\"contentUrl\":\"http:\/\/www.celttv.com.ar\/wp-content\/uploads\/2022\/08\/logo-1.png\",\"width\":461,\"height\":159,\"caption\":\"CELTTV\"},\"image\":{\"@id\":\"https:\/\/www.celttv.com.ar\/#\/schema\/logo\/image\/\"}},{\"@type\":\"Person\",\"@id\":\"https:\/\/www.celttv.com.ar\/#\/schema\/person\/6d99c072dba59953809c81446e9d0ace\",\"name\":\"ulises\",\"image\":{\"@type\":\"ImageObject\",\"inLanguage\":\"es\",\"@id\":\"https:\/\/www.celttv.com.ar\/#\/schema\/person\/image\/\",\"url\":\"https:\/\/secure.gravatar.com\/avatar\/7f2c48bdc33b30088f941fb6082e555f2874c98e20cb159d7b92b50eadfce793?s=96&d=mm&r=g\",\"contentUrl\":\"https:\/\/secure.gravatar.com\/avatar\/7f2c48bdc33b30088f941fb6082e555f2874c98e20cb159d7b92b50eadfce793?s=96&d=mm&r=g\",\"caption\":\"ulises\"},\"sameAs\":[\"http:\/\/www.celttv.com.ar\"]}]}<\/script>\n<!-- \/ Yoast SEO plugin. -->","yoast_head_json":{"title":"Todas las im\u00e1genes y notas de la 11\u00b0 Carrera Aventura y Caminata Solidaria de Villa Ventana (6 Videos) - CELTTV","description":"Sitio web de noticias de la localidad de Tornquist, provincia de Buenos Aires, Rep\u00fablica Argentina. Contenido propio originado por periodistas de CELTTV, el canal de TV local de la Cooperativa El\u00e9ctrica de Tornquist. Turismo, Pol\u00edtica, Sociedad, Deporte, Cultura y todo el contenido de inter\u00e9s general que la gente del pueblo y la regi\u00f3n debe conocer.","robots":{"index":"index","follow":"follow","max-snippet":"max-snippet:-1","max-image-preview":"max-image-preview:large","max-video-preview":"max-video-preview:-1"},"canonical":"https:\/\/www.celttv.com.ar\/index.php\/2019\/11\/14\/todas-las-imagenes-y-notas-de-la-11-carrera-aventura-y-caminata-solidaria-de-villa-ventana-6-videoso\/","og_locale":"es_ES","og_type":"article","og_title":"Todas las im\u00e1genes y notas de la 11\u00b0 Carrera Aventura y Caminata Solidaria de Villa Ventana (6 Videos) - CELTTV","og_description":"Sitio web de noticias de la localidad de Tornquist, provincia de Buenos Aires, Rep\u00fablica Argentina. Contenido propio originado por periodistas de CELTTV, el canal de TV local de la Cooperativa El\u00e9ctrica de Tornquist. Turismo, Pol\u00edtica, Sociedad, Deporte, Cultura y todo el contenido de inter\u00e9s general que la gente del pueblo y la regi\u00f3n debe conocer.","og_url":"https:\/\/www.celttv.com.ar\/index.php\/2019\/11\/14\/todas-las-imagenes-y-notas-de-la-11-carrera-aventura-y-caminata-solidaria-de-villa-ventana-6-videoso\/","og_site_name":"CELTTV","article_publisher":"https:\/\/www.facebook.com\/celtTV\/","article_published_time":"2019-11-14T16:59:57+00:00","og_image":[{"width":1920,"height":1080,"url":"https:\/\/www.celttv.com.ar\/wp-content\/uploads\/2019\/11\/106_8075-1.jpg","type":"image\/jpeg"}],"author":"ulises","twitter_card":"summary_large_image","twitter_misc":{"Escrito por":"ulises","Tiempo de lectura":"1 minuto"},"schema":{"@context":"https:\/\/schema.org","@graph":[{"@type":"NewsArticle","@id":"https:\/\/www.celttv.com.ar\/index.php\/2019\/11\/14\/todas-las-imagenes-y-notas-de-la-11-carrera-aventura-y-caminata-solidaria-de-villa-ventana-6-videoso\/#article","isPartOf":{"@id":"https:\/\/www.celttv.com.ar\/index.php\/2019\/11\/14\/todas-las-imagenes-y-notas-de-la-11-carrera-aventura-y-caminata-solidaria-de-villa-ventana-6-videoso\/"},"author":{"name":"ulises","@id":"https:\/\/www.celttv.com.ar\/#\/schema\/person\/6d99c072dba59953809c81446e9d0ace"},"headline":"Todas las im\u00e1genes y notas de la 11\u00b0 Carrera Aventura y Caminata Solidaria de Villa Ventana (6 Videos)","datePublished":"2019-11-14T16:59:57+00:00","dateModified":"2019-11-14T16:59:57+00:00","mainEntityOfPage":{"@id":"https:\/\/www.celttv.com.ar\/index.php\/2019\/11\/14\/todas-las-imagenes-y-notas-de-la-11-carrera-aventura-y-caminata-solidaria-de-villa-ventana-6-videoso\/"},"wordCount":150,"publisher":{"@id":"https:\/\/www.celttv.com.ar\/#organization"},"articleSection":["Celt TV Noticias","Deporte","Destacadas","Magazine Sport","Turismo"],"inLanguage":"es"},{"@type":"WebPage","@id":"https:\/\/www.celttv.com.ar\/index.php\/2019\/11\/14\/todas-las-imagenes-y-notas-de-la-11-carrera-aventura-y-caminata-solidaria-de-villa-ventana-6-videoso\/","url":"https:\/\/www.celttv.com.ar\/index.php\/2019\/11\/14\/todas-las-imagenes-y-notas-de-la-11-carrera-aventura-y-caminata-solidaria-de-villa-ventana-6-videoso\/","name":"Todas las im\u00e1genes y notas de la 11\u00b0 Carrera Aventura y Caminata Solidaria de Villa Ventana (6 Videos) - CELTTV","isPartOf":{"@id":"https:\/\/www.celttv.com.ar\/#website"},"datePublished":"2019-11-14T16:59:57+00:00","dateModified":"2019-11-14T16:59:57+00:00","description":"Sitio web de noticias de la localidad de Tornquist, provincia de Buenos Aires, Rep\u00fablica Argentina. Contenido propio originado por periodistas de CELTTV, el canal de TV local de la Cooperativa El\u00e9ctrica de Tornquist. Turismo, Pol\u00edtica, Sociedad, Deporte, Cultura y todo el contenido de inter\u00e9s general que la gente del pueblo y la regi\u00f3n debe conocer.","breadcrumb":{"@id":"https:\/\/www.celttv.com.ar\/index.php\/2019\/11\/14\/todas-las-imagenes-y-notas-de-la-11-carrera-aventura-y-caminata-solidaria-de-villa-ventana-6-videoso\/#breadcrumb"},"inLanguage":"es","potentialAction":[{"@type":"ReadAction","target":["https:\/\/www.celttv.com.ar\/index.php\/2019\/11\/14\/todas-las-imagenes-y-notas-de-la-11-carrera-aventura-y-caminata-solidaria-de-villa-ventana-6-videoso\/"]}]},{"@type":"BreadcrumbList","@id":"https:\/\/www.celttv.com.ar\/index.php\/2019\/11\/14\/todas-las-imagenes-y-notas-de-la-11-carrera-aventura-y-caminata-solidaria-de-villa-ventana-6-videoso\/#breadcrumb","itemListElement":[{"@type":"ListItem","position":1,"name":"Inicio","item":"https:\/\/www.celttv.com.ar\/"},{"@type":"ListItem","position":2,"name":"Todas las im\u00e1genes y notas de la 11\u00b0 Carrera Aventura y Caminata Solidaria de Villa Ventana (6 Videos)"}]},{"@type":"WebSite","@id":"https:\/\/www.celttv.com.ar\/#website","url":"https:\/\/www.celttv.com.ar\/","name":"CELTTV","description":"Cooperativa El\u00e9ctrica de Tornquist","publisher":{"@id":"https:\/\/www.celttv.com.ar\/#organization"},"potentialAction":[{"@type":"SearchAction","target":{"@type":"EntryPoint","urlTemplate":"https:\/\/www.celttv.com.ar\/?s={search_term_string}"},"query-input":"required name=search_term_string"}],"inLanguage":"es"},{"@type":"Organization","@id":"https:\/\/www.celttv.com.ar\/#organization","name":"CELTTV","url":"https:\/\/www.celttv.com.ar\/","sameAs":["https:\/\/www.youtube.com\/channel\/UCz_oIt8Hig64Ub-EmcNPIhg","https:\/\/www.facebook.com\/celtTV\/"],"logo":{"@type":"ImageObject","inLanguage":"es","@id":"https:\/\/www.celttv.com.ar\/#\/schema\/logo\/image\/","url":"http:\/\/www.celttv.com.ar\/wp-content\/uploads\/2022\/08\/logo-1.png","contentUrl":"http:\/\/www.celttv.com.ar\/wp-content\/uploads\/2022\/08\/logo-1.png","width":461,"height":159,"caption":"CELTTV"},"image":{"@id":"https:\/\/www.celttv.com.ar\/#\/schema\/logo\/image\/"}},{"@type":"Person","@id":"https:\/\/www.celttv.com.ar\/#\/schema\/person\/6d99c072dba59953809c81446e9d0ace","name":"ulises","image":{"@type":"ImageObject","inLanguage":"es","@id":"https:\/\/www.celttv.com.ar\/#\/schema\/person\/image\/","url":"https:\/\/secure.gravatar.com\/avatar\/7f2c48bdc33b30088f941fb6082e555f2874c98e20cb159d7b92b50eadfce793?s=96&d=mm&r=g","contentUrl":"https:\/\/secure.gravatar.com\/avatar\/7f2c48bdc33b30088f941fb6082e555f2874c98e20cb159d7b92b50eadfce793?s=96&d=mm&r=g","caption":"ulises"},"sameAs":["http:\/\/www.celttv.com.ar"]}]}},"_links":{"self":[{"href":"https:\/\/www.celttv.com.ar\/index.php\/wp-json\/wp\/v2\/posts\/45418","targetHints":{"allow":["GET"]}}],"collection":[{"href":"https:\/\/www.celttv.com.ar\/index.php\/wp-json\/wp\/v2\/posts"}],"about":[{"href":"https:\/\/www.celttv.com.ar\/index.php\/wp-json\/wp\/v2\/types\/post"}],"author":[{"embeddable":true,"href":"https:\/\/www.celttv.com.ar\/index.php\/wp-json\/wp\/v2\/users\/1"}],"replies":[{"embeddable":true,"href":"https:\/\/www.celttv.com.ar\/index.php\/wp-json\/wp\/v2\/comments?post=45418"}],"version-history":[{"count":0,"href":"https:\/\/www.celttv.com.ar\/index.php\/wp-json\/wp\/v2\/posts\/45418\/revisions"}],"wp:featuredmedia":[{"embeddable":true,"href":"https:\/\/www.celttv.com.ar\/index.php\/wp-json\/wp\/v2\/media\/45441"}],"wp:attachment":[{"href":"https:\/\/www.celttv.com.ar\/index.php\/wp-json\/wp\/v2\/media?parent=45418"}],"wp:term":[{"taxonomy":"category","embeddable":true,"href":"https:\/\/www.celttv.com.ar\/index.php\/wp-json\/wp\/v2\/categories?post=45418"},{"taxonomy":"post_tag","embeddable":true,"href":"https:\/\/www.celttv.com.ar\/index.php\/wp-json\/wp\/v2\/tags?post=45418"}],"curies":[{"name":"wp","href":"https:\/\/api.w.org\/{rel}","templated":true}]}}