{"id":45423,"date":"2019-11-14T00:20:42","date_gmt":"2019-11-14T00:20:42","guid":{"rendered":"http:\/\/www.celttv.com.ar\/?p=45423"},"modified":"2019-11-14T00:20:42","modified_gmt":"2019-11-14T00:20:42","slug":"tornquist-incluido-por-la-sequia-declaran-la-emergencia-agropecuaria-en-12-distritos-bonaerenses","status":"publish","type":"post","link":"https:\/\/www.celttv.com.ar\/index.php\/2019\/11\/14\/tornquist-incluido-por-la-sequia-declaran-la-emergencia-agropecuaria-en-12-distritos-bonaerenses\/","title":{"rendered":"TORNQUIST INCLUIDO: Por la sequ\u00eda, declaran la emergencia agropecuaria en 12 distritos bonaerenses"},"content":{"rendered":"<p>La Comisi\u00f3n de Emergencia y Desastre Agropecuario de la provincia de Buenos Aires, presidida por el ministro de Agroindustria bonaerense, Ing. Leonardo Sarquis, decidi\u00f3 en las \u00faltimas horas declarar el \u201cEstado de emergencia agropecuaria\u201d en las parcelas rurales afectadas por sequ\u00eda en doce distritos de la provincia.<\/p>\n<div><\/div>\n<div>La declaraci\u00f3n de emergencia fue extensiva a los distritos de Adolfo Alsina, Coronel Su\u00e1rez, Laprida, Pellegrini, Puan y Salliquel\u00f3, y en algunas circunscripciones de Bah\u00eda Blanca, Saavedra, Tornquist, Coronel Pringles y Villarino.<\/div>\n<div><\/div>\n<div>\u201cEs l\u00f3gico porque estamos atravesando la segunda sequ\u00eda m\u00e1s grande de los \u00faltimos 100 a\u00f1os\u201d, mencion\u00f3 Gigi Harrington, delegado zonal de la Sociedad Rural Argentina e integrante de la mesa agropecuaria provincial, en comunicaci\u00f3n con la redacci\u00f3n de LA BR\u00daJULA 24.<\/div>\n<div><\/div>\n<div>La declaraci\u00f3n de la emergencia agropecuaria prev\u00e9 una extensi\u00f3n en los plazos de pago para determinados impuestos y en los cr\u00e9ditos tomados por los productores en el Banco Provincia o Naci\u00f3n.<\/div>\n<div><\/div>\n<div>\u201cPor m\u00e1s que llueva ahora, los rindes van a hacer mucho menores. Se viene el calor y la humedad se evapora r\u00e1pidamente. La cosecha de cebada y de trigo est\u00e1n perdidas\u201d, agreg\u00f3.<\/div>\n<div><\/div>\n<div>Por eso, desde muchos sectores exigen que se dicte el Desastre Agropecuario, lo que generar\u00eda una exenci\u00f3n de pagos.<\/div>\n","protected":false},"excerpt":{"rendered":"<p>La Comisi\u00f3n de Emergencia y Desastre Agropecuario de la provincia de Buenos Aires, presidida por el ministro de Agroindustria bonaerense, Ing. Leonardo Sarquis, decidi\u00f3 en las \u00faltimas horas declarar el \u201cEstado de emergencia agropecuaria\u201d en las parcelas rurales afectadas por sequ\u00eda en doce distritos de la provincia. La declaraci\u00f3n de emergencia fue extensiva a los [&hellip;]<\/p>\n","protected":false},"author":1,"featured_media":45424,"comment_status":"closed","ping_status":"open","sticky":false,"template":"","format":"standard","meta":{"footnotes":""},"categories":[51,52,65],"tags":[],"class_list":["post-45423","post","type-post","status-publish","format-standard","has-post-thumbnail","hentry","category-comunidad","category-destacadas","category-produccion"],"yoast_head":"<!-- This site is optimized with the Yoast SEO plugin v19.7.1 - https:\/\/yoast.com\/wordpress\/plugins\/seo\/ -->\n<title>TORNQUIST INCLUIDO: Por la sequ\u00eda, declaran la emergencia agropecuaria en 12 distritos bonaerenses - CELTTV<\/title>\n<meta name=\"description\" content=\"Sitio web de noticias de la localidad de Tornquist, provincia de Buenos Aires, Rep\u00fablica Argentina. Contenido propio originado por periodistas de CELTTV, el canal de TV local de la Cooperativa El\u00e9ctrica de Tornquist. Turismo, Pol\u00edtica, Sociedad, Deporte, Cultura y todo el contenido de inter\u00e9s general que la gente del pueblo y la regi\u00f3n debe conocer.\" \/>\n<meta name=\"robots\" content=\"index, follow, max-snippet:-1, max-image-preview:large, max-video-preview:-1\" \/>\n<link rel=\"canonical\" href=\"https:\/\/www.celttv.com.ar\/index.php\/2019\/11\/14\/tornquist-incluido-por-la-sequia-declaran-la-emergencia-agropecuaria-en-12-distritos-bonaerenses\/\" \/>\n<meta property=\"og:locale\" content=\"es_ES\" \/>\n<meta property=\"og:type\" content=\"article\" \/>\n<meta property=\"og:title\" content=\"TORNQUIST INCLUIDO: Por la sequ\u00eda, declaran la emergencia agropecuaria en 12 distritos bonaerenses - CELTTV\" \/>\n<meta property=\"og:description\" content=\"Sitio web de noticias de la localidad de Tornquist, provincia de Buenos Aires, Rep\u00fablica Argentina. Contenido propio originado por periodistas de CELTTV, el canal de TV local de la Cooperativa El\u00e9ctrica de Tornquist. Turismo, Pol\u00edtica, Sociedad, Deporte, Cultura y todo el contenido de inter\u00e9s general que la gente del pueblo y la regi\u00f3n debe conocer.\" \/>\n<meta property=\"og:url\" content=\"https:\/\/www.celttv.com.ar\/index.php\/2019\/11\/14\/tornquist-incluido-por-la-sequia-declaran-la-emergencia-agropecuaria-en-12-distritos-bonaerenses\/\" \/>\n<meta property=\"og:site_name\" content=\"CELTTV\" \/>\n<meta property=\"article:publisher\" content=\"https:\/\/www.facebook.com\/celtTV\/\" \/>\n<meta property=\"article:published_time\" content=\"2019-11-14T00:20:42+00:00\" \/>\n<meta property=\"og:image\" content=\"https:\/\/www.celttv.com.ar\/wp-content\/uploads\/2019\/11\/sequia.jpg\" \/>\n\t<meta property=\"og:image:width\" content=\"1000\" \/>\n\t<meta property=\"og:image:height\" content=\"600\" \/>\n\t<meta property=\"og:image:type\" content=\"image\/jpeg\" \/>\n<meta name=\"author\" content=\"ulises\" \/>\n<meta name=\"twitter:card\" content=\"summary_large_image\" \/>\n<meta name=\"twitter:label1\" content=\"Escrito por\" \/>\n\t<meta name=\"twitter:data1\" content=\"ulises\" \/>\n\t<meta name=\"twitter:label2\" content=\"Tiempo de lectura\" \/>\n\t<meta name=\"twitter:data2\" content=\"1 minuto\" \/>\n<script type=\"application\/ld+json\" class=\"yoast-schema-graph\">{\"@context\":\"https:\/\/schema.org\",\"@graph\":[{\"@type\":\"NewsArticle\",\"@id\":\"https:\/\/www.celttv.com.ar\/index.php\/2019\/11\/14\/tornquist-incluido-por-la-sequia-declaran-la-emergencia-agropecuaria-en-12-distritos-bonaerenses\/#article\",\"isPartOf\":{\"@id\":\"https:\/\/www.celttv.com.ar\/index.php\/2019\/11\/14\/tornquist-incluido-por-la-sequia-declaran-la-emergencia-agropecuaria-en-12-distritos-bonaerenses\/\"},\"author\":{\"name\":\"ulises\",\"@id\":\"https:\/\/www.celttv.com.ar\/#\/schema\/person\/6d99c072dba59953809c81446e9d0ace\"},\"headline\":\"TORNQUIST INCLUIDO: Por la sequ\u00eda, declaran la emergencia agropecuaria en 12 distritos bonaerenses\",\"datePublished\":\"2019-11-14T00:20:42+00:00\",\"dateModified\":\"2019-11-14T00:20:42+00:00\",\"mainEntityOfPage\":{\"@id\":\"https:\/\/www.celttv.com.ar\/index.php\/2019\/11\/14\/tornquist-incluido-por-la-sequia-declaran-la-emergencia-agropecuaria-en-12-distritos-bonaerenses\/\"},\"wordCount\":234,\"publisher\":{\"@id\":\"https:\/\/www.celttv.com.ar\/#organization\"},\"articleSection\":[\"Comunidad\",\"Destacadas\",\"Producci\u00f3n y Medio Ambiente\"],\"inLanguage\":\"es\"},{\"@type\":\"WebPage\",\"@id\":\"https:\/\/www.celttv.com.ar\/index.php\/2019\/11\/14\/tornquist-incluido-por-la-sequia-declaran-la-emergencia-agropecuaria-en-12-distritos-bonaerenses\/\",\"url\":\"https:\/\/www.celttv.com.ar\/index.php\/2019\/11\/14\/tornquist-incluido-por-la-sequia-declaran-la-emergencia-agropecuaria-en-12-distritos-bonaerenses\/\",\"name\":\"TORNQUIST INCLUIDO: Por la sequ\u00eda, declaran la emergencia agropecuaria en 12 distritos bonaerenses - CELTTV\",\"isPartOf\":{\"@id\":\"https:\/\/www.celttv.com.ar\/#website\"},\"datePublished\":\"2019-11-14T00:20:42+00:00\",\"dateModified\":\"2019-11-14T00:20:42+00:00\",\"description\":\"Sitio web de noticias de la localidad de Tornquist, provincia de Buenos Aires, Rep\u00fablica Argentina. Contenido propio originado por periodistas de CELTTV, el canal de TV local de la Cooperativa El\u00e9ctrica de Tornquist. Turismo, Pol\u00edtica, Sociedad, Deporte, Cultura y todo el contenido de inter\u00e9s general que la gente del pueblo y la regi\u00f3n debe conocer.\",\"breadcrumb\":{\"@id\":\"https:\/\/www.celttv.com.ar\/index.php\/2019\/11\/14\/tornquist-incluido-por-la-sequia-declaran-la-emergencia-agropecuaria-en-12-distritos-bonaerenses\/#breadcrumb\"},\"inLanguage\":\"es\",\"potentialAction\":[{\"@type\":\"ReadAction\",\"target\":[\"https:\/\/www.celttv.com.ar\/index.php\/2019\/11\/14\/tornquist-incluido-por-la-sequia-declaran-la-emergencia-agropecuaria-en-12-distritos-bonaerenses\/\"]}]},{\"@type\":\"BreadcrumbList\",\"@id\":\"https:\/\/www.celttv.com.ar\/index.php\/2019\/11\/14\/tornquist-incluido-por-la-sequia-declaran-la-emergencia-agropecuaria-en-12-distritos-bonaerenses\/#breadcrumb\",\"itemListElement\":[{\"@type\":\"ListItem\",\"position\":1,\"name\":\"Inicio\",\"item\":\"https:\/\/www.celttv.com.ar\/\"},{\"@type\":\"ListItem\",\"position\":2,\"name\":\"TORNQUIST INCLUIDO: Por la sequ\u00eda, declaran la emergencia agropecuaria en 12 distritos bonaerenses\"}]},{\"@type\":\"WebSite\",\"@id\":\"https:\/\/www.celttv.com.ar\/#website\",\"url\":\"https:\/\/www.celttv.com.ar\/\",\"name\":\"CELTTV\",\"description\":\"Cooperativa El\u00e9ctrica de Tornquist\",\"publisher\":{\"@id\":\"https:\/\/www.celttv.com.ar\/#organization\"},\"potentialAction\":[{\"@type\":\"SearchAction\",\"target\":{\"@type\":\"EntryPoint\",\"urlTemplate\":\"https:\/\/www.celttv.com.ar\/?s={search_term_string}\"},\"query-input\":\"required name=search_term_string\"}],\"inLanguage\":\"es\"},{\"@type\":\"Organization\",\"@id\":\"https:\/\/www.celttv.com.ar\/#organization\",\"name\":\"CELTTV\",\"url\":\"https:\/\/www.celttv.com.ar\/\",\"sameAs\":[\"https:\/\/www.youtube.com\/channel\/UCz_oIt8Hig64Ub-EmcNPIhg\",\"https:\/\/www.facebook.com\/celtTV\/\"],\"logo\":{\"@type\":\"ImageObject\",\"inLanguage\":\"es\",\"@id\":\"https:\/\/www.celttv.com.ar\/#\/schema\/logo\/image\/\",\"url\":\"http:\/\/www.celttv.com.ar\/wp-content\/uploads\/2022\/08\/logo-1.png\",\"contentUrl\":\"http:\/\/www.celttv.com.ar\/wp-content\/uploads\/2022\/08\/logo-1.png\",\"width\":461,\"height\":159,\"caption\":\"CELTTV\"},\"image\":{\"@id\":\"https:\/\/www.celttv.com.ar\/#\/schema\/logo\/image\/\"}},{\"@type\":\"Person\",\"@id\":\"https:\/\/www.celttv.com.ar\/#\/schema\/person\/6d99c072dba59953809c81446e9d0ace\",\"name\":\"ulises\",\"image\":{\"@type\":\"ImageObject\",\"inLanguage\":\"es\",\"@id\":\"https:\/\/www.celttv.com.ar\/#\/schema\/person\/image\/\",\"url\":\"https:\/\/secure.gravatar.com\/avatar\/7f2c48bdc33b30088f941fb6082e555f2874c98e20cb159d7b92b50eadfce793?s=96&d=mm&r=g\",\"contentUrl\":\"https:\/\/secure.gravatar.com\/avatar\/7f2c48bdc33b30088f941fb6082e555f2874c98e20cb159d7b92b50eadfce793?s=96&d=mm&r=g\",\"caption\":\"ulises\"},\"sameAs\":[\"http:\/\/www.celttv.com.ar\"]}]}<\/script>\n<!-- \/ Yoast SEO plugin. -->","yoast_head_json":{"title":"TORNQUIST INCLUIDO: Por la sequ\u00eda, declaran la emergencia agropecuaria en 12 distritos bonaerenses - CELTTV","description":"Sitio web de noticias de la localidad de Tornquist, provincia de Buenos Aires, Rep\u00fablica Argentina. Contenido propio originado por periodistas de CELTTV, el canal de TV local de la Cooperativa El\u00e9ctrica de Tornquist. Turismo, Pol\u00edtica, Sociedad, Deporte, Cultura y todo el contenido de inter\u00e9s general que la gente del pueblo y la regi\u00f3n debe conocer.","robots":{"index":"index","follow":"follow","max-snippet":"max-snippet:-1","max-image-preview":"max-image-preview:large","max-video-preview":"max-video-preview:-1"},"canonical":"https:\/\/www.celttv.com.ar\/index.php\/2019\/11\/14\/tornquist-incluido-por-la-sequia-declaran-la-emergencia-agropecuaria-en-12-distritos-bonaerenses\/","og_locale":"es_ES","og_type":"article","og_title":"TORNQUIST INCLUIDO: Por la sequ\u00eda, declaran la emergencia agropecuaria en 12 distritos bonaerenses - CELTTV","og_description":"Sitio web de noticias de la localidad de Tornquist, provincia de Buenos Aires, Rep\u00fablica Argentina. Contenido propio originado por periodistas de CELTTV, el canal de TV local de la Cooperativa El\u00e9ctrica de Tornquist. Turismo, Pol\u00edtica, Sociedad, Deporte, Cultura y todo el contenido de inter\u00e9s general que la gente del pueblo y la regi\u00f3n debe conocer.","og_url":"https:\/\/www.celttv.com.ar\/index.php\/2019\/11\/14\/tornquist-incluido-por-la-sequia-declaran-la-emergencia-agropecuaria-en-12-distritos-bonaerenses\/","og_site_name":"CELTTV","article_publisher":"https:\/\/www.facebook.com\/celtTV\/","article_published_time":"2019-11-14T00:20:42+00:00","og_image":[{"width":1000,"height":600,"url":"https:\/\/www.celttv.com.ar\/wp-content\/uploads\/2019\/11\/sequia.jpg","type":"image\/jpeg"}],"author":"ulises","twitter_card":"summary_large_image","twitter_misc":{"Escrito por":"ulises","Tiempo de lectura":"1 minuto"},"schema":{"@context":"https:\/\/schema.org","@graph":[{"@type":"NewsArticle","@id":"https:\/\/www.celttv.com.ar\/index.php\/2019\/11\/14\/tornquist-incluido-por-la-sequia-declaran-la-emergencia-agropecuaria-en-12-distritos-bonaerenses\/#article","isPartOf":{"@id":"https:\/\/www.celttv.com.ar\/index.php\/2019\/11\/14\/tornquist-incluido-por-la-sequia-declaran-la-emergencia-agropecuaria-en-12-distritos-bonaerenses\/"},"author":{"name":"ulises","@id":"https:\/\/www.celttv.com.ar\/#\/schema\/person\/6d99c072dba59953809c81446e9d0ace"},"headline":"TORNQUIST INCLUIDO: Por la sequ\u00eda, declaran la emergencia agropecuaria en 12 distritos bonaerenses","datePublished":"2019-11-14T00:20:42+00:00","dateModified":"2019-11-14T00:20:42+00:00","mainEntityOfPage":{"@id":"https:\/\/www.celttv.com.ar\/index.php\/2019\/11\/14\/tornquist-incluido-por-la-sequia-declaran-la-emergencia-agropecuaria-en-12-distritos-bonaerenses\/"},"wordCount":234,"publisher":{"@id":"https:\/\/www.celttv.com.ar\/#organization"},"articleSection":["Comunidad","Destacadas","Producci\u00f3n y Medio Ambiente"],"inLanguage":"es"},{"@type":"WebPage","@id":"https:\/\/www.celttv.com.ar\/index.php\/2019\/11\/14\/tornquist-incluido-por-la-sequia-declaran-la-emergencia-agropecuaria-en-12-distritos-bonaerenses\/","url":"https:\/\/www.celttv.com.ar\/index.php\/2019\/11\/14\/tornquist-incluido-por-la-sequia-declaran-la-emergencia-agropecuaria-en-12-distritos-bonaerenses\/","name":"TORNQUIST INCLUIDO: Por la sequ\u00eda, declaran la emergencia agropecuaria en 12 distritos bonaerenses - CELTTV","isPartOf":{"@id":"https:\/\/www.celttv.com.ar\/#website"},"datePublished":"2019-11-14T00:20:42+00:00","dateModified":"2019-11-14T00:20:42+00:00","description":"Sitio web de noticias de la localidad de Tornquist, provincia de Buenos Aires, Rep\u00fablica Argentina. Contenido propio originado por periodistas de CELTTV, el canal de TV local de la Cooperativa El\u00e9ctrica de Tornquist. Turismo, Pol\u00edtica, Sociedad, Deporte, Cultura y todo el contenido de inter\u00e9s general que la gente del pueblo y la regi\u00f3n debe conocer.","breadcrumb":{"@id":"https:\/\/www.celttv.com.ar\/index.php\/2019\/11\/14\/tornquist-incluido-por-la-sequia-declaran-la-emergencia-agropecuaria-en-12-distritos-bonaerenses\/#breadcrumb"},"inLanguage":"es","potentialAction":[{"@type":"ReadAction","target":["https:\/\/www.celttv.com.ar\/index.php\/2019\/11\/14\/tornquist-incluido-por-la-sequia-declaran-la-emergencia-agropecuaria-en-12-distritos-bonaerenses\/"]}]},{"@type":"BreadcrumbList","@id":"https:\/\/www.celttv.com.ar\/index.php\/2019\/11\/14\/tornquist-incluido-por-la-sequia-declaran-la-emergencia-agropecuaria-en-12-distritos-bonaerenses\/#breadcrumb","itemListElement":[{"@type":"ListItem","position":1,"name":"Inicio","item":"https:\/\/www.celttv.com.ar\/"},{"@type":"ListItem","position":2,"name":"TORNQUIST INCLUIDO: Por la sequ\u00eda, declaran la emergencia agropecuaria en 12 distritos bonaerenses"}]},{"@type":"WebSite","@id":"https:\/\/www.celttv.com.ar\/#website","url":"https:\/\/www.celttv.com.ar\/","name":"CELTTV","description":"Cooperativa El\u00e9ctrica de Tornquist","publisher":{"@id":"https:\/\/www.celttv.com.ar\/#organization"},"potentialAction":[{"@type":"SearchAction","target":{"@type":"EntryPoint","urlTemplate":"https:\/\/www.celttv.com.ar\/?s={search_term_string}"},"query-input":"required name=search_term_string"}],"inLanguage":"es"},{"@type":"Organization","@id":"https:\/\/www.celttv.com.ar\/#organization","name":"CELTTV","url":"https:\/\/www.celttv.com.ar\/","sameAs":["https:\/\/www.youtube.com\/channel\/UCz_oIt8Hig64Ub-EmcNPIhg","https:\/\/www.facebook.com\/celtTV\/"],"logo":{"@type":"ImageObject","inLanguage":"es","@id":"https:\/\/www.celttv.com.ar\/#\/schema\/logo\/image\/","url":"http:\/\/www.celttv.com.ar\/wp-content\/uploads\/2022\/08\/logo-1.png","contentUrl":"http:\/\/www.celttv.com.ar\/wp-content\/uploads\/2022\/08\/logo-1.png","width":461,"height":159,"caption":"CELTTV"},"image":{"@id":"https:\/\/www.celttv.com.ar\/#\/schema\/logo\/image\/"}},{"@type":"Person","@id":"https:\/\/www.celttv.com.ar\/#\/schema\/person\/6d99c072dba59953809c81446e9d0ace","name":"ulises","image":{"@type":"ImageObject","inLanguage":"es","@id":"https:\/\/www.celttv.com.ar\/#\/schema\/person\/image\/","url":"https:\/\/secure.gravatar.com\/avatar\/7f2c48bdc33b30088f941fb6082e555f2874c98e20cb159d7b92b50eadfce793?s=96&d=mm&r=g","contentUrl":"https:\/\/secure.gravatar.com\/avatar\/7f2c48bdc33b30088f941fb6082e555f2874c98e20cb159d7b92b50eadfce793?s=96&d=mm&r=g","caption":"ulises"},"sameAs":["http:\/\/www.celttv.com.ar"]}]}},"_links":{"self":[{"href":"https:\/\/www.celttv.com.ar\/index.php\/wp-json\/wp\/v2\/posts\/45423","targetHints":{"allow":["GET"]}}],"collection":[{"href":"https:\/\/www.celttv.com.ar\/index.php\/wp-json\/wp\/v2\/posts"}],"about":[{"href":"https:\/\/www.celttv.com.ar\/index.php\/wp-json\/wp\/v2\/types\/post"}],"author":[{"embeddable":true,"href":"https:\/\/www.celttv.com.ar\/index.php\/wp-json\/wp\/v2\/users\/1"}],"replies":[{"embeddable":true,"href":"https:\/\/www.celttv.com.ar\/index.php\/wp-json\/wp\/v2\/comments?post=45423"}],"version-history":[{"count":0,"href":"https:\/\/www.celttv.com.ar\/index.php\/wp-json\/wp\/v2\/posts\/45423\/revisions"}],"wp:featuredmedia":[{"embeddable":true,"href":"https:\/\/www.celttv.com.ar\/index.php\/wp-json\/wp\/v2\/media\/45424"}],"wp:attachment":[{"href":"https:\/\/www.celttv.com.ar\/index.php\/wp-json\/wp\/v2\/media?parent=45423"}],"wp:term":[{"taxonomy":"category","embeddable":true,"href":"https:\/\/www.celttv.com.ar\/index.php\/wp-json\/wp\/v2\/categories?post=45423"},{"taxonomy":"post_tag","embeddable":true,"href":"https:\/\/www.celttv.com.ar\/index.php\/wp-json\/wp\/v2\/tags?post=45423"}],"curies":[{"name":"wp","href":"https:\/\/api.w.org\/{rel}","templated":true}]}}