{"id":4544,"date":"2012-01-11T18:24:55","date_gmt":"2012-01-11T18:24:55","guid":{"rendered":"http:\/\/www.tvcnoticias.com.ar\/?p=4544"},"modified":"2012-01-11T18:24:55","modified_gmt":"2012-01-11T18:24:55","slug":"preocupacion-intentan-mantener-su-fuente-de-trabajo-mas-de-20-operarias-de-una-fabrica-de-lenceria","status":"publish","type":"post","link":"https:\/\/www.celttv.com.ar\/index.php\/2012\/01\/11\/preocupacion-intentan-mantener-su-fuente-de-trabajo-mas-de-20-operarias-de-una-fabrica-de-lenceria\/","title":{"rendered":"PREOCUPACION: INTENTAN MANTENER SU FUENTE DE TRABAJO MAS DE 20 OPERARIAS DE UNA FABRICA DE LENCERIA"},"content":{"rendered":"<p><br \/>\nMas de 20 oprendices de una f\u00e1brica de lencer\u00eda que funciona en el ex Hogar de Ni\u00f1os &#8220;Ceferino Namuncur\u00e1&#8221; exteriorizaron p\u00fablicamente su preocupaci\u00f3n ante la posibilidad que\u00a0sus propietarios decidan trasladarse a otro lugar por no poder funcionar en el lugar mencionado.<br \/>\nEl pasado 6 de enero el Honorable Concejo Deliberante recibe una nota presentada por\u00a0este grupo de\u00a0 se\u00f1oras que plantean la problem\u00e1tica que atraviesan, al formar parte de un proyecto de trabajo, para lo cual se han estado capacitando en el oficio de costura en instalaciones del Hogar Ceferino Namuncur\u00e1.<br \/>\nAnte esta situaci\u00f3n,\u00a0 se organiza una reuni\u00f3n entre los integrantes del HCD y el Secretario de Desarrollo Social y Derechos Humanos Daniel Natali, quien est\u00e1 directamente vinculado con este tema.<br \/>\nDurante el desarrollo de la misma, Daniel Natali explica a los presentes los pasos que se sucedieron en la conformaci\u00f3n de este proyecto de trabajo, y c\u00f3mo se fue elaborando este taller en una de las alas del edificio mencionado. Pasado el per\u00edodo de capacitaci\u00f3n, el funcionario comenta sobre la exigencia por parte del municipio de regularizar este proyecto, y que para seguir funcionando con producci\u00f3n de lencer\u00eda en esas instalaciones, deb\u00edan conformarse como empresa, es decir como ente jur\u00eddico que respalde la actividad que realizan, o como una cooperativa de trabajo, de lo contrario deb\u00edan trasladarse de ese lugar. El Sr. Natali asume la responsabilidad de no haber participado a los Concejales\u00a0 de esta situaci\u00f3n, y de no haber previsto que se realice un Contrato de Comodato al ceder el uso de un lugar p\u00fablico.<br \/>\nComo conclusi\u00f3n, se establece organizar pr\u00f3ximamente una reuni\u00f3n con los due\u00f1os del taller de lencer\u00eda.<br \/>\nPor iniciativa del Concejal Horacio Buitrago, ayer 10 de enero,\u00a0 los Concejales de la oposici\u00f3n hacen una visita al edificio donde actualmente est\u00e1 instalado el taller, y mantienen una conversaci\u00f3n con sus due\u00f1os, para escuchar otra\u00a0 versi\u00f3n de lo sucedido.<br \/>\nEstando en el lugar, se hacen presentes algunas de las trabajadoras que forman parte del proyecto, manifestando la necesidad de una respuesta inmediata, ya que para ellas es imprescindible mantener su fuente de trabajo, expresando tambi\u00e9n \u00a0las esperanzas \u00a0que todas depositaron en este emprendimiento.<br \/>\nLA NOTA ENVIADA A LOS MEDIOS POR LAS TRABAJADORAS<br \/>\nDe nuestra mayor consideraci\u00f3n:<br \/>\nLa presente tiene como objetivo informar a la poblaci\u00f3n sobre lo ocurrido con nuestra fuente laboral y ver as\u00ed si, entre todos, se puede hacer algo al respeto por el crecimiento de nuestra localidaad y por el surgimiento de nuevas fuentes de trabajo para todos.<br \/>\nHace cinco meses atr\u00e1s emprendimos un proyecto para capacitarnos en el oficio de costura y conformar una cooperativa de trabajo. El Sr. Daniel Natali, con total apoyo del Intendente Gustavo Trankels, alent\u00f3 dicho proyecto y nos otorg\u00f3 encomodato el ex Hogar &#8220;Ceferino Namuncur\u00e1&#8221;. Todo marchaba sobre rieles, tanto el Sr. Natali como el Sr. Intendente se presentaron el d\u00eda de inicio del curso a transmitirnos sus buenos augurios.<br \/>\n\u00a0 Pero.. sugestivamente&#8230; luego de las \u00faltimas elecciones, el Sr. Natali nos cambi\u00f3 las condiciones del comodato ya existente entre las partes, exigi\u00e9ndonos que tuvi\u00e9ramos un n\u00famero de matr\u00edcula de Cooperativa si quer\u00edamos continuar en ese espacio f\u00edsico.<br \/>\n\u00a0\u00a0 Ya se habia hablado sobre que dicha matr\u00edcula ser\u00eda tramitada al finalizar el curso, cuya duraci\u00f3n es de un a\u00f1o.<br \/>\n\u00a0\u00a0 Como no quisimos causar problemas, decidimos iniciar los tr\u00e1mites para la constituci\u00f3n de la Cooperativa. As\u00ed, el 25 de noviembre de 2011 cumplimos conla Resoluci\u00f3n del I.P.A.C. 3\/96 y realizamos la Asamblea Constitutiva el 9 de diciembre de 2011, as\u00ed como el curso de capacitaci\u00f3n exigido por el INAES.<br \/>\n\u00a0 Pese a todo esto, el Sr. Intendente nos exigi\u00f3 que ces\u00e1ramos en las actividades de nuestro curso y nos impuso el traslado de nuestro taller a un galp\u00f3n no apto para realizar esta actividad; por el cual la intendencia se har\u00eda cargo del alquiler asumiendo, en cierta medida, la culpa de los hechos, pero no lo har\u00edan por escrito&#8230; es decir que nuevamente deber\u00edamos creer en sus &#8220;vanas promesas&#8221;.<br \/>\n\u00a0\u00a0 Es mucho nuestro dolor y desesperanza ya que cumplimos con todo lo solicitado y ellos igual amputan nuestro emprendimiento. Nos encontramos luchando conra el &#8220;poder&#8221;, en el cual cre\u00edmos con toda nuestra buena fe, siendo que s\u00f3lo buscamos una oportunidad laboral, para que nuestra localidad pueda brindar otra fuente de trabajo a las mujeres que, de otra forma, se encuentran limitadas a trabajos de limpieza o a mendigar bolsas de comida en Acci\u00f3n Social, fomentando el asistencialismo y el clientelismo pol\u00edtico.<br \/>\n\u00a0\u00a0 Grande es nuestra indignaci\u00f3n ante la despreciable actitud del Sr. Natali, quien nos apoy\u00f3 y ayud\u00f3 antes de las elecciones, pero el d\u00eda 26 de octubre &#8220;record\u00f3&#8221; que nuestro proyecto pon\u00eda en riesgo el cargo del Sr. intendente ya que nos hab\u00eda brindado unlugar perteneciente a la provincia \u00bfC\u00f3mo Sr. Natali.. reci\u00e9n despu\u00e9s de las elecciones se dio cuenta de ese detalle? As\u00ed mismo nos dej\u00f3 bienen claro\u00a0 &#8220;&#8230; que si deb\u00eda eliminar nuestro proyecto para priorizar el cargo del Intendente, lo har\u00eda sin dudar unminuto&#8230;&#8221; Nos queda as\u00ed bien claro que el Sr. Natali cuida MUY BIEN al COMPA\u00d1ERO Trankels sinimportarle el futuro de gente trabajadora de nuestra ciudad que no quiere ser subvencionada por los pol\u00edticos de turno, sino que lucha por la dignidad que brinda el trabajo honesto y el poder mantener a nuestra familia con el propio esfuerzo.<br \/>\n\u00a0 Por todo esto es que acudimos a la poblaci\u00f3n, porque nuestro proyecto es para todos, para que no nos quiten este nueva fuente de trabajo y para impedir que este Intendente y sus ineficaces adeptos, violen nuestro DERECHO a la dignidad, a la solidaridad, al esfuerzo y a un trabajo digno.<br \/>\n\u00a0\u00a0 Nuestra parte del trato ya la cumplimos, solo pedimos que cumplan consu parte, restableci\u00e9ndonos el comodato del inmueble y realizando los tr\u00e1mites necesarios para solicitar a la Provincia que nos otorgue el COMODATO LEGAL,por escrito, para evitar que nuevamente nos defrauden, ya que ha quedado demostrado que para nuestros representantes locales.. LAS PALABRAS SE LAS LLEVA EL VIENTO (generalmente despu\u00e9s de las elecciones)<\/p>\n","protected":false},"excerpt":{"rendered":"<p>Mas de 20 oprendices de una f\u00e1brica de lencer\u00eda que funciona en el ex Hogar de Ni\u00f1os &#8220;Ceferino Namuncur\u00e1&#8221; exteriorizaron p\u00fablicamente su preocupaci\u00f3n ante la posibilidad que\u00a0sus propietarios decidan trasladarse a otro lugar por no poder funcionar en el lugar mencionado. El pasado 6 de enero el Honorable Concejo Deliberante recibe una nota presentada por\u00a0este [&hellip;]<\/p>\n","protected":false},"author":1,"featured_media":0,"comment_status":"closed","ping_status":"open","sticky":false,"template":"","format":"standard","meta":{"footnotes":""},"categories":[51,52,53],"tags":[],"class_list":["post-4544","post","type-post","status-publish","format-standard","hentry","category-comunidad","category-destacadas","category-politica"],"yoast_head":"<!-- This site is optimized with the Yoast SEO plugin v19.7.1 - https:\/\/yoast.com\/wordpress\/plugins\/seo\/ -->\n<title>PREOCUPACION: INTENTAN MANTENER SU FUENTE DE TRABAJO MAS DE 20 OPERARIAS DE UNA FABRICA DE LENCERIA - CELTTV<\/title>\n<meta name=\"description\" content=\"Sitio web de noticias de la localidad de Tornquist, provincia de Buenos Aires, Rep\u00fablica Argentina. Contenido propio originado por periodistas de CELTTV, el canal de TV local de la Cooperativa El\u00e9ctrica de Tornquist. Turismo, Pol\u00edtica, Sociedad, Deporte, Cultura y todo el contenido de inter\u00e9s general que la gente del pueblo y la regi\u00f3n debe conocer.\" \/>\n<meta name=\"robots\" content=\"index, follow, max-snippet:-1, max-image-preview:large, max-video-preview:-1\" \/>\n<link rel=\"canonical\" href=\"https:\/\/www.celttv.com.ar\/index.php\/2012\/01\/11\/preocupacion-intentan-mantener-su-fuente-de-trabajo-mas-de-20-operarias-de-una-fabrica-de-lenceria\/\" \/>\n<meta property=\"og:locale\" content=\"es_ES\" \/>\n<meta property=\"og:type\" content=\"article\" \/>\n<meta property=\"og:title\" content=\"PREOCUPACION: INTENTAN MANTENER SU FUENTE DE TRABAJO MAS DE 20 OPERARIAS DE UNA FABRICA DE LENCERIA - CELTTV\" \/>\n<meta property=\"og:description\" content=\"Sitio web de noticias de la localidad de Tornquist, provincia de Buenos Aires, Rep\u00fablica Argentina. Contenido propio originado por periodistas de CELTTV, el canal de TV local de la Cooperativa El\u00e9ctrica de Tornquist. Turismo, Pol\u00edtica, Sociedad, Deporte, Cultura y todo el contenido de inter\u00e9s general que la gente del pueblo y la regi\u00f3n debe conocer.\" \/>\n<meta property=\"og:url\" content=\"https:\/\/www.celttv.com.ar\/index.php\/2012\/01\/11\/preocupacion-intentan-mantener-su-fuente-de-trabajo-mas-de-20-operarias-de-una-fabrica-de-lenceria\/\" \/>\n<meta property=\"og:site_name\" content=\"CELTTV\" \/>\n<meta property=\"article:publisher\" content=\"https:\/\/www.facebook.com\/celtTV\/\" \/>\n<meta property=\"article:published_time\" content=\"2012-01-11T18:24:55+00:00\" \/>\n<meta name=\"author\" content=\"ulises\" \/>\n<meta name=\"twitter:card\" content=\"summary_large_image\" \/>\n<meta name=\"twitter:label1\" content=\"Escrito por\" \/>\n\t<meta name=\"twitter:data1\" content=\"ulises\" \/>\n\t<meta name=\"twitter:label2\" content=\"Tiempo de lectura\" \/>\n\t<meta name=\"twitter:data2\" content=\"5 minutos\" \/>\n<script type=\"application\/ld+json\" class=\"yoast-schema-graph\">{\"@context\":\"https:\/\/schema.org\",\"@graph\":[{\"@type\":\"NewsArticle\",\"@id\":\"https:\/\/www.celttv.com.ar\/index.php\/2012\/01\/11\/preocupacion-intentan-mantener-su-fuente-de-trabajo-mas-de-20-operarias-de-una-fabrica-de-lenceria\/#article\",\"isPartOf\":{\"@id\":\"https:\/\/www.celttv.com.ar\/index.php\/2012\/01\/11\/preocupacion-intentan-mantener-su-fuente-de-trabajo-mas-de-20-operarias-de-una-fabrica-de-lenceria\/\"},\"author\":{\"name\":\"ulises\",\"@id\":\"https:\/\/www.celttv.com.ar\/#\/schema\/person\/6d99c072dba59953809c81446e9d0ace\"},\"headline\":\"PREOCUPACION: INTENTAN MANTENER SU FUENTE DE TRABAJO MAS DE 20 OPERARIAS DE UNA FABRICA DE LENCERIA\",\"datePublished\":\"2012-01-11T18:24:55+00:00\",\"dateModified\":\"2012-01-11T18:24:55+00:00\",\"mainEntityOfPage\":{\"@id\":\"https:\/\/www.celttv.com.ar\/index.php\/2012\/01\/11\/preocupacion-intentan-mantener-su-fuente-de-trabajo-mas-de-20-operarias-de-una-fabrica-de-lenceria\/\"},\"wordCount\":1080,\"publisher\":{\"@id\":\"https:\/\/www.celttv.com.ar\/#organization\"},\"articleSection\":[\"Comunidad\",\"Destacadas\",\"Pol\u00edtica\"],\"inLanguage\":\"es\"},{\"@type\":\"WebPage\",\"@id\":\"https:\/\/www.celttv.com.ar\/index.php\/2012\/01\/11\/preocupacion-intentan-mantener-su-fuente-de-trabajo-mas-de-20-operarias-de-una-fabrica-de-lenceria\/\",\"url\":\"https:\/\/www.celttv.com.ar\/index.php\/2012\/01\/11\/preocupacion-intentan-mantener-su-fuente-de-trabajo-mas-de-20-operarias-de-una-fabrica-de-lenceria\/\",\"name\":\"PREOCUPACION: INTENTAN MANTENER SU FUENTE DE TRABAJO MAS DE 20 OPERARIAS DE UNA FABRICA DE LENCERIA - CELTTV\",\"isPartOf\":{\"@id\":\"https:\/\/www.celttv.com.ar\/#website\"},\"datePublished\":\"2012-01-11T18:24:55+00:00\",\"dateModified\":\"2012-01-11T18:24:55+00:00\",\"description\":\"Sitio web de noticias de la localidad de Tornquist, provincia de Buenos Aires, Rep\u00fablica Argentina. Contenido propio originado por periodistas de CELTTV, el canal de TV local de la Cooperativa El\u00e9ctrica de Tornquist. Turismo, Pol\u00edtica, Sociedad, Deporte, Cultura y todo el contenido de inter\u00e9s general que la gente del pueblo y la regi\u00f3n debe conocer.\",\"breadcrumb\":{\"@id\":\"https:\/\/www.celttv.com.ar\/index.php\/2012\/01\/11\/preocupacion-intentan-mantener-su-fuente-de-trabajo-mas-de-20-operarias-de-una-fabrica-de-lenceria\/#breadcrumb\"},\"inLanguage\":\"es\",\"potentialAction\":[{\"@type\":\"ReadAction\",\"target\":[\"https:\/\/www.celttv.com.ar\/index.php\/2012\/01\/11\/preocupacion-intentan-mantener-su-fuente-de-trabajo-mas-de-20-operarias-de-una-fabrica-de-lenceria\/\"]}]},{\"@type\":\"BreadcrumbList\",\"@id\":\"https:\/\/www.celttv.com.ar\/index.php\/2012\/01\/11\/preocupacion-intentan-mantener-su-fuente-de-trabajo-mas-de-20-operarias-de-una-fabrica-de-lenceria\/#breadcrumb\",\"itemListElement\":[{\"@type\":\"ListItem\",\"position\":1,\"name\":\"Inicio\",\"item\":\"https:\/\/www.celttv.com.ar\/\"},{\"@type\":\"ListItem\",\"position\":2,\"name\":\"PREOCUPACION: INTENTAN MANTENER SU FUENTE DE TRABAJO MAS DE 20 OPERARIAS DE UNA FABRICA DE LENCERIA\"}]},{\"@type\":\"WebSite\",\"@id\":\"https:\/\/www.celttv.com.ar\/#website\",\"url\":\"https:\/\/www.celttv.com.ar\/\",\"name\":\"CELTTV\",\"description\":\"Cooperativa El\u00e9ctrica de Tornquist\",\"publisher\":{\"@id\":\"https:\/\/www.celttv.com.ar\/#organization\"},\"potentialAction\":[{\"@type\":\"SearchAction\",\"target\":{\"@type\":\"EntryPoint\",\"urlTemplate\":\"https:\/\/www.celttv.com.ar\/?s={search_term_string}\"},\"query-input\":\"required name=search_term_string\"}],\"inLanguage\":\"es\"},{\"@type\":\"Organization\",\"@id\":\"https:\/\/www.celttv.com.ar\/#organization\",\"name\":\"CELTTV\",\"url\":\"https:\/\/www.celttv.com.ar\/\",\"sameAs\":[\"https:\/\/www.youtube.com\/channel\/UCz_oIt8Hig64Ub-EmcNPIhg\",\"https:\/\/www.facebook.com\/celtTV\/\"],\"logo\":{\"@type\":\"ImageObject\",\"inLanguage\":\"es\",\"@id\":\"https:\/\/www.celttv.com.ar\/#\/schema\/logo\/image\/\",\"url\":\"http:\/\/www.celttv.com.ar\/wp-content\/uploads\/2022\/08\/logo-1.png\",\"contentUrl\":\"http:\/\/www.celttv.com.ar\/wp-content\/uploads\/2022\/08\/logo-1.png\",\"width\":461,\"height\":159,\"caption\":\"CELTTV\"},\"image\":{\"@id\":\"https:\/\/www.celttv.com.ar\/#\/schema\/logo\/image\/\"}},{\"@type\":\"Person\",\"@id\":\"https:\/\/www.celttv.com.ar\/#\/schema\/person\/6d99c072dba59953809c81446e9d0ace\",\"name\":\"ulises\",\"image\":{\"@type\":\"ImageObject\",\"inLanguage\":\"es\",\"@id\":\"https:\/\/www.celttv.com.ar\/#\/schema\/person\/image\/\",\"url\":\"https:\/\/secure.gravatar.com\/avatar\/7f2c48bdc33b30088f941fb6082e555f2874c98e20cb159d7b92b50eadfce793?s=96&d=mm&r=g\",\"contentUrl\":\"https:\/\/secure.gravatar.com\/avatar\/7f2c48bdc33b30088f941fb6082e555f2874c98e20cb159d7b92b50eadfce793?s=96&d=mm&r=g\",\"caption\":\"ulises\"},\"sameAs\":[\"http:\/\/www.celttv.com.ar\"]}]}<\/script>\n<!-- \/ Yoast SEO plugin. -->","yoast_head_json":{"title":"PREOCUPACION: INTENTAN MANTENER SU FUENTE DE TRABAJO MAS DE 20 OPERARIAS DE UNA FABRICA DE LENCERIA - CELTTV","description":"Sitio web de noticias de la localidad de Tornquist, provincia de Buenos Aires, Rep\u00fablica Argentina. Contenido propio originado por periodistas de CELTTV, el canal de TV local de la Cooperativa El\u00e9ctrica de Tornquist. Turismo, Pol\u00edtica, Sociedad, Deporte, Cultura y todo el contenido de inter\u00e9s general que la gente del pueblo y la regi\u00f3n debe conocer.","robots":{"index":"index","follow":"follow","max-snippet":"max-snippet:-1","max-image-preview":"max-image-preview:large","max-video-preview":"max-video-preview:-1"},"canonical":"https:\/\/www.celttv.com.ar\/index.php\/2012\/01\/11\/preocupacion-intentan-mantener-su-fuente-de-trabajo-mas-de-20-operarias-de-una-fabrica-de-lenceria\/","og_locale":"es_ES","og_type":"article","og_title":"PREOCUPACION: INTENTAN MANTENER SU FUENTE DE TRABAJO MAS DE 20 OPERARIAS DE UNA FABRICA DE LENCERIA - CELTTV","og_description":"Sitio web de noticias de la localidad de Tornquist, provincia de Buenos Aires, Rep\u00fablica Argentina. Contenido propio originado por periodistas de CELTTV, el canal de TV local de la Cooperativa El\u00e9ctrica de Tornquist. Turismo, Pol\u00edtica, Sociedad, Deporte, Cultura y todo el contenido de inter\u00e9s general que la gente del pueblo y la regi\u00f3n debe conocer.","og_url":"https:\/\/www.celttv.com.ar\/index.php\/2012\/01\/11\/preocupacion-intentan-mantener-su-fuente-de-trabajo-mas-de-20-operarias-de-una-fabrica-de-lenceria\/","og_site_name":"CELTTV","article_publisher":"https:\/\/www.facebook.com\/celtTV\/","article_published_time":"2012-01-11T18:24:55+00:00","author":"ulises","twitter_card":"summary_large_image","twitter_misc":{"Escrito por":"ulises","Tiempo de lectura":"5 minutos"},"schema":{"@context":"https:\/\/schema.org","@graph":[{"@type":"NewsArticle","@id":"https:\/\/www.celttv.com.ar\/index.php\/2012\/01\/11\/preocupacion-intentan-mantener-su-fuente-de-trabajo-mas-de-20-operarias-de-una-fabrica-de-lenceria\/#article","isPartOf":{"@id":"https:\/\/www.celttv.com.ar\/index.php\/2012\/01\/11\/preocupacion-intentan-mantener-su-fuente-de-trabajo-mas-de-20-operarias-de-una-fabrica-de-lenceria\/"},"author":{"name":"ulises","@id":"https:\/\/www.celttv.com.ar\/#\/schema\/person\/6d99c072dba59953809c81446e9d0ace"},"headline":"PREOCUPACION: INTENTAN MANTENER SU FUENTE DE TRABAJO MAS DE 20 OPERARIAS DE UNA FABRICA DE LENCERIA","datePublished":"2012-01-11T18:24:55+00:00","dateModified":"2012-01-11T18:24:55+00:00","mainEntityOfPage":{"@id":"https:\/\/www.celttv.com.ar\/index.php\/2012\/01\/11\/preocupacion-intentan-mantener-su-fuente-de-trabajo-mas-de-20-operarias-de-una-fabrica-de-lenceria\/"},"wordCount":1080,"publisher":{"@id":"https:\/\/www.celttv.com.ar\/#organization"},"articleSection":["Comunidad","Destacadas","Pol\u00edtica"],"inLanguage":"es"},{"@type":"WebPage","@id":"https:\/\/www.celttv.com.ar\/index.php\/2012\/01\/11\/preocupacion-intentan-mantener-su-fuente-de-trabajo-mas-de-20-operarias-de-una-fabrica-de-lenceria\/","url":"https:\/\/www.celttv.com.ar\/index.php\/2012\/01\/11\/preocupacion-intentan-mantener-su-fuente-de-trabajo-mas-de-20-operarias-de-una-fabrica-de-lenceria\/","name":"PREOCUPACION: INTENTAN MANTENER SU FUENTE DE TRABAJO MAS DE 20 OPERARIAS DE UNA FABRICA DE LENCERIA - CELTTV","isPartOf":{"@id":"https:\/\/www.celttv.com.ar\/#website"},"datePublished":"2012-01-11T18:24:55+00:00","dateModified":"2012-01-11T18:24:55+00:00","description":"Sitio web de noticias de la localidad de Tornquist, provincia de Buenos Aires, Rep\u00fablica Argentina. Contenido propio originado por periodistas de CELTTV, el canal de TV local de la Cooperativa El\u00e9ctrica de Tornquist. Turismo, Pol\u00edtica, Sociedad, Deporte, Cultura y todo el contenido de inter\u00e9s general que la gente del pueblo y la regi\u00f3n debe conocer.","breadcrumb":{"@id":"https:\/\/www.celttv.com.ar\/index.php\/2012\/01\/11\/preocupacion-intentan-mantener-su-fuente-de-trabajo-mas-de-20-operarias-de-una-fabrica-de-lenceria\/#breadcrumb"},"inLanguage":"es","potentialAction":[{"@type":"ReadAction","target":["https:\/\/www.celttv.com.ar\/index.php\/2012\/01\/11\/preocupacion-intentan-mantener-su-fuente-de-trabajo-mas-de-20-operarias-de-una-fabrica-de-lenceria\/"]}]},{"@type":"BreadcrumbList","@id":"https:\/\/www.celttv.com.ar\/index.php\/2012\/01\/11\/preocupacion-intentan-mantener-su-fuente-de-trabajo-mas-de-20-operarias-de-una-fabrica-de-lenceria\/#breadcrumb","itemListElement":[{"@type":"ListItem","position":1,"name":"Inicio","item":"https:\/\/www.celttv.com.ar\/"},{"@type":"ListItem","position":2,"name":"PREOCUPACION: INTENTAN MANTENER SU FUENTE DE TRABAJO MAS DE 20 OPERARIAS DE UNA FABRICA DE LENCERIA"}]},{"@type":"WebSite","@id":"https:\/\/www.celttv.com.ar\/#website","url":"https:\/\/www.celttv.com.ar\/","name":"CELTTV","description":"Cooperativa El\u00e9ctrica de Tornquist","publisher":{"@id":"https:\/\/www.celttv.com.ar\/#organization"},"potentialAction":[{"@type":"SearchAction","target":{"@type":"EntryPoint","urlTemplate":"https:\/\/www.celttv.com.ar\/?s={search_term_string}"},"query-input":"required name=search_term_string"}],"inLanguage":"es"},{"@type":"Organization","@id":"https:\/\/www.celttv.com.ar\/#organization","name":"CELTTV","url":"https:\/\/www.celttv.com.ar\/","sameAs":["https:\/\/www.youtube.com\/channel\/UCz_oIt8Hig64Ub-EmcNPIhg","https:\/\/www.facebook.com\/celtTV\/"],"logo":{"@type":"ImageObject","inLanguage":"es","@id":"https:\/\/www.celttv.com.ar\/#\/schema\/logo\/image\/","url":"http:\/\/www.celttv.com.ar\/wp-content\/uploads\/2022\/08\/logo-1.png","contentUrl":"http:\/\/www.celttv.com.ar\/wp-content\/uploads\/2022\/08\/logo-1.png","width":461,"height":159,"caption":"CELTTV"},"image":{"@id":"https:\/\/www.celttv.com.ar\/#\/schema\/logo\/image\/"}},{"@type":"Person","@id":"https:\/\/www.celttv.com.ar\/#\/schema\/person\/6d99c072dba59953809c81446e9d0ace","name":"ulises","image":{"@type":"ImageObject","inLanguage":"es","@id":"https:\/\/www.celttv.com.ar\/#\/schema\/person\/image\/","url":"https:\/\/secure.gravatar.com\/avatar\/7f2c48bdc33b30088f941fb6082e555f2874c98e20cb159d7b92b50eadfce793?s=96&d=mm&r=g","contentUrl":"https:\/\/secure.gravatar.com\/avatar\/7f2c48bdc33b30088f941fb6082e555f2874c98e20cb159d7b92b50eadfce793?s=96&d=mm&r=g","caption":"ulises"},"sameAs":["http:\/\/www.celttv.com.ar"]}]}},"_links":{"self":[{"href":"https:\/\/www.celttv.com.ar\/index.php\/wp-json\/wp\/v2\/posts\/4544","targetHints":{"allow":["GET"]}}],"collection":[{"href":"https:\/\/www.celttv.com.ar\/index.php\/wp-json\/wp\/v2\/posts"}],"about":[{"href":"https:\/\/www.celttv.com.ar\/index.php\/wp-json\/wp\/v2\/types\/post"}],"author":[{"embeddable":true,"href":"https:\/\/www.celttv.com.ar\/index.php\/wp-json\/wp\/v2\/users\/1"}],"replies":[{"embeddable":true,"href":"https:\/\/www.celttv.com.ar\/index.php\/wp-json\/wp\/v2\/comments?post=4544"}],"version-history":[{"count":0,"href":"https:\/\/www.celttv.com.ar\/index.php\/wp-json\/wp\/v2\/posts\/4544\/revisions"}],"wp:attachment":[{"href":"https:\/\/www.celttv.com.ar\/index.php\/wp-json\/wp\/v2\/media?parent=4544"}],"wp:term":[{"taxonomy":"category","embeddable":true,"href":"https:\/\/www.celttv.com.ar\/index.php\/wp-json\/wp\/v2\/categories?post=4544"},{"taxonomy":"post_tag","embeddable":true,"href":"https:\/\/www.celttv.com.ar\/index.php\/wp-json\/wp\/v2\/tags?post=4544"}],"curies":[{"name":"wp","href":"https:\/\/api.w.org\/{rel}","templated":true}]}}