{"id":45445,"date":"2019-11-14T20:07:14","date_gmt":"2019-11-14T20:07:14","guid":{"rendered":"http:\/\/www.celttv.com.ar\/?p=45445"},"modified":"2019-11-14T20:07:14","modified_gmt":"2019-11-14T20:07:14","slug":"45445","status":"publish","type":"post","link":"https:\/\/www.celttv.com.ar\/index.php\/2019\/11\/14\/45445\/","title":{"rendered":"Jornada de puertas abiertas en el D\u00eda de la Educaci\u00f3n T\u00e9cnica (fotos y videos)"},"content":{"rendered":"<div>\n<p><a href=\"https:\/\/www.facebook.com\/100009703863372\/videos\/1020017461665040\/UzpfSTEwMDAwOTcwMzg2MzM3MjoxMDIwMTI0ODUxNjU0MzAx\/?id=100009703863372\">https:\/\/www.facebook.com\/100009703863372\/videos\/1020017461665040\/UzpfSTEwMDAwOTcwMzg2MzM3MjoxMDIwMTI0ODUxNjU0MzAx\/?id=100009703863372<\/a><\/p>\n<\/div>\n<div>Con un acto protocolar se dej\u00f3 inaugurada la 4\u00ba Expo T\u00e9cnica de la Escuela T\u00e9cnica de Tornquist y conmemorando el D\u00eda de la Educaci\u00f3n T\u00e9cnica<\/div>\n<div>En la oportunidad los alumnos mostraron las producciones realizadas durante el presente ciclo lectivo.<\/div>\n<div><\/div>\n<div>El Director del establecimiento dio la bienvenida a los presentes y tuvo palabras de agradecimiento para quienes, con su apoyo, permiten el crecimiento intelectual\u00a0 y la incorporaci\u00f3n de conocimientos de los alumnos y del establecimiento.<\/div>\n<div>\u00a0\u201cLa educaci\u00f3n t\u00e9cnica se lleva en el alma\u201d explic\u00f3 con la vos entrecortada por la emoci\u00f3n, el director de la Escuela T\u00e9cnica de Tornquist Luis Quintana.<\/div>\n<div>\u201c A uno lo llena de orgullo que surjan futuros t\u00e9cnicos porque somos apasionados de lo que hacemos\u201d subray\u00f3.<\/div>\n<div>El 15 de noviembre de 1959 la naci\u00f3n Argentina pon\u00eda el futuro en marcha, porque la educaci\u00f3n t\u00e9cnica es eso; es poner un pa\u00eds en marcha y es lo que los chicos van a ser el d\u00eda en que se reciban\u201d asegur\u00f3 Quintana.<\/div>\n<div>\u201cLa educaci\u00f3n t\u00e9cnica es sin\u00f3nimo de un pa\u00eds en marcha y es lo que queremos\u201d<\/div>\n<div>\u201cEs\u00a0 un honor ser director de este colegio\u201d dijo Luis Quintana quien tuvo palabra de agradecimiento para todos quienes colaboraron con su trabajo y su presencia y realiz\u00f3 un homenaje ya que \u00e9ste viernes se cumplen dos a\u00f1os de la tragedia que enlut\u00f3 a todos los argentinos que fue la desaparici\u00f3n de los 44 tripulantes del Ara San Juan.<\/div>\n<div>\u201cRecordamos ese d\u00eda con tristeza porque se fueron 44 vidas\u201d concluy\u00f3 diciendo.<\/div>\n<div><\/div>\n<div>Un docente de la instituci\u00f3n tambi\u00e9n se refiri\u00f3 a la Expo T\u00e9cnica y destac\u00f3 la importancia de la ense\u00f1anza secundaria t\u00e9cnica.<\/div>\n<div>La inspectora jefe Mar\u00eda Rosa Gonzalez destac\u00f3 el rol de la ense\u00f1anza t\u00e9cnica y el permanente crecimiento de la Escuela T\u00e9cnica de Tornquist.<\/div>\n<div><\/div>\n<div>Por \u00faltimo el padre Norberto Lopez realiz\u00f3 una bendici\u00f3n para luego compartir el tradicional corte de cintas junto a las autoridades educativas.<\/div>\n<div><\/div>\n<div><\/div>\n<div><a href=\"http:\/\/www.celttv.com.ar\/?attachment_id=45448\" rel=\"attachment wp-att-45448\"><img loading=\"lazy\" decoding=\"async\" class=\"alignleft size-full wp-image-45448\" src=\"http:\/\/www.celttv.com.ar\/wp-content\/uploads\/2019\/11\/IMG_5220-Medium.jpg\" alt=\"\" width=\"1152\" height=\"768\" srcset=\"https:\/\/www.celttv.com.ar\/wp-content\/uploads\/2019\/11\/IMG_5220-Medium.jpg 1152w, https:\/\/www.celttv.com.ar\/wp-content\/uploads\/2019\/11\/IMG_5220-Medium-300x200.jpg 300w, https:\/\/www.celttv.com.ar\/wp-content\/uploads\/2019\/11\/IMG_5220-Medium-1024x683.jpg 1024w, https:\/\/www.celttv.com.ar\/wp-content\/uploads\/2019\/11\/IMG_5220-Medium-768x512.jpg 768w, https:\/\/www.celttv.com.ar\/wp-content\/uploads\/2019\/11\/IMG_5220-Medium-750x500.jpg 750w, https:\/\/www.celttv.com.ar\/wp-content\/uploads\/2019\/11\/IMG_5220-Medium-1140x760.jpg 1140w\" sizes=\"auto, (max-width: 1152px) 100vw, 1152px\" \/><\/a> <a href=\"http:\/\/www.celttv.com.ar\/?attachment_id=45449\" rel=\"attachment wp-att-45449\"><img loading=\"lazy\" decoding=\"async\" class=\"alignleft size-medium wp-image-45449\" src=\"http:\/\/www.celttv.com.ar\/wp-content\/uploads\/2019\/11\/IMG_5222-Medium.jpg\" alt=\"\" width=\"520\" height=\"780\" srcset=\"https:\/\/www.celttv.com.ar\/wp-content\/uploads\/2019\/11\/IMG_5222-Medium.jpg 768w, https:\/\/www.celttv.com.ar\/wp-content\/uploads\/2019\/11\/IMG_5222-Medium-200x300.jpg 200w, https:\/\/www.celttv.com.ar\/wp-content\/uploads\/2019\/11\/IMG_5222-Medium-683x1024.jpg 683w, https:\/\/www.celttv.com.ar\/wp-content\/uploads\/2019\/11\/IMG_5222-Medium-750x1125.jpg 750w\" sizes=\"auto, (max-width: 520px) 100vw, 520px\" \/><\/a> <a href=\"http:\/\/www.celttv.com.ar\/?attachment_id=45450\" rel=\"attachment wp-att-45450\"><img loading=\"lazy\" decoding=\"async\" class=\"alignleft size-medium wp-image-45450\" src=\"http:\/\/www.celttv.com.ar\/wp-content\/uploads\/2019\/11\/IMG_5223-Medium.jpg\" alt=\"\" width=\"780\" height=\"520\" srcset=\"https:\/\/www.celttv.com.ar\/wp-content\/uploads\/2019\/11\/IMG_5223-Medium.jpg 1152w, https:\/\/www.celttv.com.ar\/wp-content\/uploads\/2019\/11\/IMG_5223-Medium-300x200.jpg 300w, https:\/\/www.celttv.com.ar\/wp-content\/uploads\/2019\/11\/IMG_5223-Medium-1024x683.jpg 1024w, https:\/\/www.celttv.com.ar\/wp-content\/uploads\/2019\/11\/IMG_5223-Medium-768x512.jpg 768w, https:\/\/www.celttv.com.ar\/wp-content\/uploads\/2019\/11\/IMG_5223-Medium-750x500.jpg 750w, https:\/\/www.celttv.com.ar\/wp-content\/uploads\/2019\/11\/IMG_5223-Medium-1140x760.jpg 1140w\" sizes=\"auto, (max-width: 780px) 100vw, 780px\" \/><\/a> <a href=\"http:\/\/www.celttv.com.ar\/?attachment_id=45451\" rel=\"attachment wp-att-45451\"><img loading=\"lazy\" decoding=\"async\" class=\"alignleft size-medium wp-image-45451\" src=\"http:\/\/www.celttv.com.ar\/wp-content\/uploads\/2019\/11\/IMG_5224-Medium.jpg\" alt=\"\" width=\"780\" height=\"520\" srcset=\"https:\/\/www.celttv.com.ar\/wp-content\/uploads\/2019\/11\/IMG_5224-Medium.jpg 1152w, https:\/\/www.celttv.com.ar\/wp-content\/uploads\/2019\/11\/IMG_5224-Medium-300x200.jpg 300w, https:\/\/www.celttv.com.ar\/wp-content\/uploads\/2019\/11\/IMG_5224-Medium-1024x683.jpg 1024w, https:\/\/www.celttv.com.ar\/wp-content\/uploads\/2019\/11\/IMG_5224-Medium-768x512.jpg 768w, https:\/\/www.celttv.com.ar\/wp-content\/uploads\/2019\/11\/IMG_5224-Medium-750x500.jpg 750w, https:\/\/www.celttv.com.ar\/wp-content\/uploads\/2019\/11\/IMG_5224-Medium-1140x760.jpg 1140w\" sizes=\"auto, (max-width: 780px) 100vw, 780px\" \/><\/a> <a href=\"http:\/\/www.celttv.com.ar\/?attachment_id=45452\" rel=\"attachment wp-att-45452\"><img loading=\"lazy\" decoding=\"async\" class=\"alignleft size-medium wp-image-45452\" src=\"http:\/\/www.celttv.com.ar\/wp-content\/uploads\/2019\/11\/IMG_5225-Medium.jpg\" alt=\"\" width=\"780\" height=\"520\" srcset=\"https:\/\/www.celttv.com.ar\/wp-content\/uploads\/2019\/11\/IMG_5225-Medium.jpg 1152w, https:\/\/www.celttv.com.ar\/wp-content\/uploads\/2019\/11\/IMG_5225-Medium-300x200.jpg 300w, https:\/\/www.celttv.com.ar\/wp-content\/uploads\/2019\/11\/IMG_5225-Medium-1024x683.jpg 1024w, https:\/\/www.celttv.com.ar\/wp-content\/uploads\/2019\/11\/IMG_5225-Medium-768x512.jpg 768w, https:\/\/www.celttv.com.ar\/wp-content\/uploads\/2019\/11\/IMG_5225-Medium-750x500.jpg 750w, https:\/\/www.celttv.com.ar\/wp-content\/uploads\/2019\/11\/IMG_5225-Medium-1140x760.jpg 1140w\" sizes=\"auto, (max-width: 780px) 100vw, 780px\" \/><\/a> <a href=\"http:\/\/www.celttv.com.ar\/?attachment_id=45453\" rel=\"attachment wp-att-45453\"><img loading=\"lazy\" decoding=\"async\" class=\"alignleft size-medium wp-image-45453\" src=\"http:\/\/www.celttv.com.ar\/wp-content\/uploads\/2019\/11\/IMG_5226-Medium.jpg\" alt=\"\" width=\"780\" height=\"520\" srcset=\"https:\/\/www.celttv.com.ar\/wp-content\/uploads\/2019\/11\/IMG_5226-Medium.jpg 1152w, https:\/\/www.celttv.com.ar\/wp-content\/uploads\/2019\/11\/IMG_5226-Medium-300x200.jpg 300w, https:\/\/www.celttv.com.ar\/wp-content\/uploads\/2019\/11\/IMG_5226-Medium-1024x683.jpg 1024w, https:\/\/www.celttv.com.ar\/wp-content\/uploads\/2019\/11\/IMG_5226-Medium-768x512.jpg 768w, https:\/\/www.celttv.com.ar\/wp-content\/uploads\/2019\/11\/IMG_5226-Medium-750x500.jpg 750w, https:\/\/www.celttv.com.ar\/wp-content\/uploads\/2019\/11\/IMG_5226-Medium-1140x760.jpg 1140w\" sizes=\"auto, (max-width: 780px) 100vw, 780px\" \/><\/a> <a href=\"http:\/\/www.celttv.com.ar\/?attachment_id=45454\" rel=\"attachment wp-att-45454\"><img loading=\"lazy\" decoding=\"async\" class=\"alignleft size-medium wp-image-45454\" src=\"http:\/\/www.celttv.com.ar\/wp-content\/uploads\/2019\/11\/IMG_5228-Medium.jpg\" alt=\"\" width=\"780\" height=\"520\" srcset=\"https:\/\/www.celttv.com.ar\/wp-content\/uploads\/2019\/11\/IMG_5228-Medium.jpg 1152w, https:\/\/www.celttv.com.ar\/wp-content\/uploads\/2019\/11\/IMG_5228-Medium-300x200.jpg 300w, https:\/\/www.celttv.com.ar\/wp-content\/uploads\/2019\/11\/IMG_5228-Medium-1024x683.jpg 1024w, https:\/\/www.celttv.com.ar\/wp-content\/uploads\/2019\/11\/IMG_5228-Medium-768x512.jpg 768w, https:\/\/www.celttv.com.ar\/wp-content\/uploads\/2019\/11\/IMG_5228-Medium-750x500.jpg 750w, https:\/\/www.celttv.com.ar\/wp-content\/uploads\/2019\/11\/IMG_5228-Medium-1140x760.jpg 1140w\" sizes=\"auto, (max-width: 780px) 100vw, 780px\" \/><\/a> <a href=\"http:\/\/www.celttv.com.ar\/?attachment_id=45455\" rel=\"attachment wp-att-45455\"><img loading=\"lazy\" decoding=\"async\" class=\"alignleft size-medium wp-image-45455\" src=\"http:\/\/www.celttv.com.ar\/wp-content\/uploads\/2019\/11\/IMG_5230-Medium.jpg\" alt=\"\" width=\"520\" height=\"780\" srcset=\"https:\/\/www.celttv.com.ar\/wp-content\/uploads\/2019\/11\/IMG_5230-Medium.jpg 768w, https:\/\/www.celttv.com.ar\/wp-content\/uploads\/2019\/11\/IMG_5230-Medium-200x300.jpg 200w, https:\/\/www.celttv.com.ar\/wp-content\/uploads\/2019\/11\/IMG_5230-Medium-683x1024.jpg 683w, https:\/\/www.celttv.com.ar\/wp-content\/uploads\/2019\/11\/IMG_5230-Medium-750x1125.jpg 750w\" sizes=\"auto, (max-width: 520px) 100vw, 520px\" \/><\/a> <a href=\"http:\/\/www.celttv.com.ar\/?attachment_id=45456\" rel=\"attachment wp-att-45456\"><img loading=\"lazy\" decoding=\"async\" class=\"alignleft size-medium wp-image-45456\" src=\"http:\/\/www.celttv.com.ar\/wp-content\/uploads\/2019\/11\/IMG_5231-Medium.jpg\" alt=\"\" width=\"780\" height=\"520\" srcset=\"https:\/\/www.celttv.com.ar\/wp-content\/uploads\/2019\/11\/IMG_5231-Medium.jpg 1152w, https:\/\/www.celttv.com.ar\/wp-content\/uploads\/2019\/11\/IMG_5231-Medium-300x200.jpg 300w, https:\/\/www.celttv.com.ar\/wp-content\/uploads\/2019\/11\/IMG_5231-Medium-1024x683.jpg 1024w, https:\/\/www.celttv.com.ar\/wp-content\/uploads\/2019\/11\/IMG_5231-Medium-768x512.jpg 768w, https:\/\/www.celttv.com.ar\/wp-content\/uploads\/2019\/11\/IMG_5231-Medium-750x500.jpg 750w, https:\/\/www.celttv.com.ar\/wp-content\/uploads\/2019\/11\/IMG_5231-Medium-1140x760.jpg 1140w\" sizes=\"auto, (max-width: 780px) 100vw, 780px\" \/><\/a> <a href=\"http:\/\/www.celttv.com.ar\/?attachment_id=45457\" rel=\"attachment wp-att-45457\"><img loading=\"lazy\" decoding=\"async\" class=\"alignleft size-medium wp-image-45457\" src=\"http:\/\/www.celttv.com.ar\/wp-content\/uploads\/2019\/11\/IMG_5232-Medium.jpg\" alt=\"\" width=\"780\" height=\"520\" srcset=\"https:\/\/www.celttv.com.ar\/wp-content\/uploads\/2019\/11\/IMG_5232-Medium.jpg 1152w, https:\/\/www.celttv.com.ar\/wp-content\/uploads\/2019\/11\/IMG_5232-Medium-300x200.jpg 300w, https:\/\/www.celttv.com.ar\/wp-content\/uploads\/2019\/11\/IMG_5232-Medium-1024x683.jpg 1024w, https:\/\/www.celttv.com.ar\/wp-content\/uploads\/2019\/11\/IMG_5232-Medium-768x512.jpg 768w, https:\/\/www.celttv.com.ar\/wp-content\/uploads\/2019\/11\/IMG_5232-Medium-750x500.jpg 750w, https:\/\/www.celttv.com.ar\/wp-content\/uploads\/2019\/11\/IMG_5232-Medium-1140x760.jpg 1140w\" sizes=\"auto, (max-width: 780px) 100vw, 780px\" \/><\/a> <a href=\"http:\/\/www.celttv.com.ar\/?attachment_id=45458\" rel=\"attachment wp-att-45458\"><img loading=\"lazy\" decoding=\"async\" class=\"alignleft size-medium wp-image-45458\" src=\"http:\/\/www.celttv.com.ar\/wp-content\/uploads\/2019\/11\/IMG_5239-Medium.jpg\" alt=\"\" width=\"780\" height=\"520\" srcset=\"https:\/\/www.celttv.com.ar\/wp-content\/uploads\/2019\/11\/IMG_5239-Medium.jpg 1152w, https:\/\/www.celttv.com.ar\/wp-content\/uploads\/2019\/11\/IMG_5239-Medium-300x200.jpg 300w, https:\/\/www.celttv.com.ar\/wp-content\/uploads\/2019\/11\/IMG_5239-Medium-1024x683.jpg 1024w, https:\/\/www.celttv.com.ar\/wp-content\/uploads\/2019\/11\/IMG_5239-Medium-768x512.jpg 768w, https:\/\/www.celttv.com.ar\/wp-content\/uploads\/2019\/11\/IMG_5239-Medium-750x500.jpg 750w, https:\/\/www.celttv.com.ar\/wp-content\/uploads\/2019\/11\/IMG_5239-Medium-1140x760.jpg 1140w\" sizes=\"auto, (max-width: 780px) 100vw, 780px\" \/><\/a> <a href=\"http:\/\/www.celttv.com.ar\/?attachment_id=45459\" rel=\"attachment wp-att-45459\"><img loading=\"lazy\" decoding=\"async\" class=\"alignleft size-medium wp-image-45459\" src=\"http:\/\/www.celttv.com.ar\/wp-content\/uploads\/2019\/11\/tecnica-cinta.jpg\" alt=\"\" width=\"780\" height=\"520\" srcset=\"https:\/\/www.celttv.com.ar\/wp-content\/uploads\/2019\/11\/tecnica-cinta.jpg 1152w, https:\/\/www.celttv.com.ar\/wp-content\/uploads\/2019\/11\/tecnica-cinta-300x200.jpg 300w, https:\/\/www.celttv.com.ar\/wp-content\/uploads\/2019\/11\/tecnica-cinta-1024x683.jpg 1024w, https:\/\/www.celttv.com.ar\/wp-content\/uploads\/2019\/11\/tecnica-cinta-768x512.jpg 768w, https:\/\/www.celttv.com.ar\/wp-content\/uploads\/2019\/11\/tecnica-cinta-750x500.jpg 750w, https:\/\/www.celttv.com.ar\/wp-content\/uploads\/2019\/11\/tecnica-cinta-1140x760.jpg 1140w\" sizes=\"auto, (max-width: 780px) 100vw, 780px\" \/><\/a><\/div>\n<div><\/div>\n<div><\/div>\n<div><\/div>\n<div><\/div>\n<div><\/div>\n","protected":false},"excerpt":{"rendered":"<p>Con un acto protocolar se dej\u00f3 inaugurada la 4\u00ba Expo T\u00e9cnica de la Escuela T\u00e9cnica de Tornquist y conmemorando el D\u00eda de la Educaci\u00f3n T\u00e9cnica En la oportunidad los alumnos mostraron las producciones realizadas durante el presente ciclo lectivo. El Director del establecimiento dio la bienvenida a los presentes y tuvo palabras de agradecimiento para [&hellip;]<\/p>\n","protected":false},"author":1,"featured_media":45459,"comment_status":"closed","ping_status":"open","sticky":false,"template":"","format":"standard","meta":{"footnotes":""},"categories":[55,51,52],"tags":[],"class_list":["post-45445","post","type-post","status-publish","format-standard","has-post-thumbnail","hentry","category-celt-tv-noticias","category-comunidad","category-destacadas"],"yoast_head":"<!-- This site is optimized with the Yoast SEO plugin v19.7.1 - https:\/\/yoast.com\/wordpress\/plugins\/seo\/ -->\n<title>Jornada de puertas abiertas en el D\u00eda de la Educaci\u00f3n T\u00e9cnica (fotos y videos) - CELTTV<\/title>\n<meta name=\"description\" content=\"Sitio web de noticias de la localidad de Tornquist, provincia de Buenos Aires, Rep\u00fablica Argentina. Contenido propio originado por periodistas de CELTTV, el canal de TV local de la Cooperativa El\u00e9ctrica de Tornquist. Turismo, Pol\u00edtica, Sociedad, Deporte, Cultura y todo el contenido de inter\u00e9s general que la gente del pueblo y la regi\u00f3n debe conocer.\" \/>\n<meta name=\"robots\" content=\"index, follow, max-snippet:-1, max-image-preview:large, max-video-preview:-1\" \/>\n<link rel=\"canonical\" href=\"https:\/\/www.celttv.com.ar\/index.php\/2019\/11\/14\/45445\/\" \/>\n<meta property=\"og:locale\" content=\"es_ES\" \/>\n<meta property=\"og:type\" content=\"article\" \/>\n<meta property=\"og:title\" content=\"Jornada de puertas abiertas en el D\u00eda de la Educaci\u00f3n T\u00e9cnica (fotos y videos) - CELTTV\" \/>\n<meta property=\"og:description\" content=\"Sitio web de noticias de la localidad de Tornquist, provincia de Buenos Aires, Rep\u00fablica Argentina. Contenido propio originado por periodistas de CELTTV, el canal de TV local de la Cooperativa El\u00e9ctrica de Tornquist. Turismo, Pol\u00edtica, Sociedad, Deporte, Cultura y todo el contenido de inter\u00e9s general que la gente del pueblo y la regi\u00f3n debe conocer.\" \/>\n<meta property=\"og:url\" content=\"https:\/\/www.celttv.com.ar\/index.php\/2019\/11\/14\/45445\/\" \/>\n<meta property=\"og:site_name\" content=\"CELTTV\" \/>\n<meta property=\"article:publisher\" content=\"https:\/\/www.facebook.com\/celtTV\/\" \/>\n<meta property=\"article:published_time\" content=\"2019-11-14T20:07:14+00:00\" \/>\n<meta property=\"og:image\" content=\"https:\/\/www.celttv.com.ar\/wp-content\/uploads\/2019\/11\/tecnica-cinta.jpg\" \/>\n\t<meta property=\"og:image:width\" content=\"1152\" \/>\n\t<meta property=\"og:image:height\" content=\"768\" \/>\n\t<meta property=\"og:image:type\" content=\"image\/jpeg\" \/>\n<meta name=\"author\" content=\"ulises\" \/>\n<meta name=\"twitter:card\" content=\"summary_large_image\" \/>\n<meta name=\"twitter:label1\" content=\"Escrito por\" \/>\n\t<meta name=\"twitter:data1\" content=\"ulises\" \/>\n\t<meta name=\"twitter:label2\" content=\"Tiempo de lectura\" \/>\n\t<meta name=\"twitter:data2\" content=\"2 minutos\" \/>\n<script type=\"application\/ld+json\" class=\"yoast-schema-graph\">{\"@context\":\"https:\/\/schema.org\",\"@graph\":[{\"@type\":\"NewsArticle\",\"@id\":\"https:\/\/www.celttv.com.ar\/index.php\/2019\/11\/14\/45445\/#article\",\"isPartOf\":{\"@id\":\"https:\/\/www.celttv.com.ar\/index.php\/2019\/11\/14\/45445\/\"},\"author\":{\"name\":\"ulises\",\"@id\":\"https:\/\/www.celttv.com.ar\/#\/schema\/person\/6d99c072dba59953809c81446e9d0ace\"},\"headline\":\"Jornada de puertas abiertas en el D\u00eda de la Educaci\u00f3n T\u00e9cnica (fotos y videos)\",\"datePublished\":\"2019-11-14T20:07:14+00:00\",\"dateModified\":\"2019-11-14T20:07:14+00:00\",\"mainEntityOfPage\":{\"@id\":\"https:\/\/www.celttv.com.ar\/index.php\/2019\/11\/14\/45445\/\"},\"wordCount\":372,\"publisher\":{\"@id\":\"https:\/\/www.celttv.com.ar\/#organization\"},\"articleSection\":[\"Celt TV Noticias\",\"Comunidad\",\"Destacadas\"],\"inLanguage\":\"es\"},{\"@type\":\"WebPage\",\"@id\":\"https:\/\/www.celttv.com.ar\/index.php\/2019\/11\/14\/45445\/\",\"url\":\"https:\/\/www.celttv.com.ar\/index.php\/2019\/11\/14\/45445\/\",\"name\":\"Jornada de puertas abiertas en el D\u00eda de la Educaci\u00f3n T\u00e9cnica (fotos y videos) - CELTTV\",\"isPartOf\":{\"@id\":\"https:\/\/www.celttv.com.ar\/#website\"},\"datePublished\":\"2019-11-14T20:07:14+00:00\",\"dateModified\":\"2019-11-14T20:07:14+00:00\",\"description\":\"Sitio web de noticias de la localidad de Tornquist, provincia de Buenos Aires, Rep\u00fablica Argentina. Contenido propio originado por periodistas de CELTTV, el canal de TV local de la Cooperativa El\u00e9ctrica de Tornquist. Turismo, Pol\u00edtica, Sociedad, Deporte, Cultura y todo el contenido de inter\u00e9s general que la gente del pueblo y la regi\u00f3n debe conocer.\",\"breadcrumb\":{\"@id\":\"https:\/\/www.celttv.com.ar\/index.php\/2019\/11\/14\/45445\/#breadcrumb\"},\"inLanguage\":\"es\",\"potentialAction\":[{\"@type\":\"ReadAction\",\"target\":[\"https:\/\/www.celttv.com.ar\/index.php\/2019\/11\/14\/45445\/\"]}]},{\"@type\":\"BreadcrumbList\",\"@id\":\"https:\/\/www.celttv.com.ar\/index.php\/2019\/11\/14\/45445\/#breadcrumb\",\"itemListElement\":[{\"@type\":\"ListItem\",\"position\":1,\"name\":\"Inicio\",\"item\":\"https:\/\/www.celttv.com.ar\/\"},{\"@type\":\"ListItem\",\"position\":2,\"name\":\"Jornada de puertas abiertas en el D\u00eda de la Educaci\u00f3n T\u00e9cnica (fotos y videos)\"}]},{\"@type\":\"WebSite\",\"@id\":\"https:\/\/www.celttv.com.ar\/#website\",\"url\":\"https:\/\/www.celttv.com.ar\/\",\"name\":\"CELTTV\",\"description\":\"Cooperativa El\u00e9ctrica de Tornquist\",\"publisher\":{\"@id\":\"https:\/\/www.celttv.com.ar\/#organization\"},\"potentialAction\":[{\"@type\":\"SearchAction\",\"target\":{\"@type\":\"EntryPoint\",\"urlTemplate\":\"https:\/\/www.celttv.com.ar\/?s={search_term_string}\"},\"query-input\":\"required name=search_term_string\"}],\"inLanguage\":\"es\"},{\"@type\":\"Organization\",\"@id\":\"https:\/\/www.celttv.com.ar\/#organization\",\"name\":\"CELTTV\",\"url\":\"https:\/\/www.celttv.com.ar\/\",\"sameAs\":[\"https:\/\/www.youtube.com\/channel\/UCz_oIt8Hig64Ub-EmcNPIhg\",\"https:\/\/www.facebook.com\/celtTV\/\"],\"logo\":{\"@type\":\"ImageObject\",\"inLanguage\":\"es\",\"@id\":\"https:\/\/www.celttv.com.ar\/#\/schema\/logo\/image\/\",\"url\":\"http:\/\/www.celttv.com.ar\/wp-content\/uploads\/2022\/08\/logo-1.png\",\"contentUrl\":\"http:\/\/www.celttv.com.ar\/wp-content\/uploads\/2022\/08\/logo-1.png\",\"width\":461,\"height\":159,\"caption\":\"CELTTV\"},\"image\":{\"@id\":\"https:\/\/www.celttv.com.ar\/#\/schema\/logo\/image\/\"}},{\"@type\":\"Person\",\"@id\":\"https:\/\/www.celttv.com.ar\/#\/schema\/person\/6d99c072dba59953809c81446e9d0ace\",\"name\":\"ulises\",\"image\":{\"@type\":\"ImageObject\",\"inLanguage\":\"es\",\"@id\":\"https:\/\/www.celttv.com.ar\/#\/schema\/person\/image\/\",\"url\":\"https:\/\/secure.gravatar.com\/avatar\/7f2c48bdc33b30088f941fb6082e555f2874c98e20cb159d7b92b50eadfce793?s=96&d=mm&r=g\",\"contentUrl\":\"https:\/\/secure.gravatar.com\/avatar\/7f2c48bdc33b30088f941fb6082e555f2874c98e20cb159d7b92b50eadfce793?s=96&d=mm&r=g\",\"caption\":\"ulises\"},\"sameAs\":[\"http:\/\/www.celttv.com.ar\"]}]}<\/script>\n<!-- \/ Yoast SEO plugin. -->","yoast_head_json":{"title":"Jornada de puertas abiertas en el D\u00eda de la Educaci\u00f3n T\u00e9cnica (fotos y videos) - CELTTV","description":"Sitio web de noticias de la localidad de Tornquist, provincia de Buenos Aires, Rep\u00fablica Argentina. Contenido propio originado por periodistas de CELTTV, el canal de TV local de la Cooperativa El\u00e9ctrica de Tornquist. Turismo, Pol\u00edtica, Sociedad, Deporte, Cultura y todo el contenido de inter\u00e9s general que la gente del pueblo y la regi\u00f3n debe conocer.","robots":{"index":"index","follow":"follow","max-snippet":"max-snippet:-1","max-image-preview":"max-image-preview:large","max-video-preview":"max-video-preview:-1"},"canonical":"https:\/\/www.celttv.com.ar\/index.php\/2019\/11\/14\/45445\/","og_locale":"es_ES","og_type":"article","og_title":"Jornada de puertas abiertas en el D\u00eda de la Educaci\u00f3n T\u00e9cnica (fotos y videos) - CELTTV","og_description":"Sitio web de noticias de la localidad de Tornquist, provincia de Buenos Aires, Rep\u00fablica Argentina. Contenido propio originado por periodistas de CELTTV, el canal de TV local de la Cooperativa El\u00e9ctrica de Tornquist. Turismo, Pol\u00edtica, Sociedad, Deporte, Cultura y todo el contenido de inter\u00e9s general que la gente del pueblo y la regi\u00f3n debe conocer.","og_url":"https:\/\/www.celttv.com.ar\/index.php\/2019\/11\/14\/45445\/","og_site_name":"CELTTV","article_publisher":"https:\/\/www.facebook.com\/celtTV\/","article_published_time":"2019-11-14T20:07:14+00:00","og_image":[{"width":1152,"height":768,"url":"https:\/\/www.celttv.com.ar\/wp-content\/uploads\/2019\/11\/tecnica-cinta.jpg","type":"image\/jpeg"}],"author":"ulises","twitter_card":"summary_large_image","twitter_misc":{"Escrito por":"ulises","Tiempo de lectura":"2 minutos"},"schema":{"@context":"https:\/\/schema.org","@graph":[{"@type":"NewsArticle","@id":"https:\/\/www.celttv.com.ar\/index.php\/2019\/11\/14\/45445\/#article","isPartOf":{"@id":"https:\/\/www.celttv.com.ar\/index.php\/2019\/11\/14\/45445\/"},"author":{"name":"ulises","@id":"https:\/\/www.celttv.com.ar\/#\/schema\/person\/6d99c072dba59953809c81446e9d0ace"},"headline":"Jornada de puertas abiertas en el D\u00eda de la Educaci\u00f3n T\u00e9cnica (fotos y videos)","datePublished":"2019-11-14T20:07:14+00:00","dateModified":"2019-11-14T20:07:14+00:00","mainEntityOfPage":{"@id":"https:\/\/www.celttv.com.ar\/index.php\/2019\/11\/14\/45445\/"},"wordCount":372,"publisher":{"@id":"https:\/\/www.celttv.com.ar\/#organization"},"articleSection":["Celt TV Noticias","Comunidad","Destacadas"],"inLanguage":"es"},{"@type":"WebPage","@id":"https:\/\/www.celttv.com.ar\/index.php\/2019\/11\/14\/45445\/","url":"https:\/\/www.celttv.com.ar\/index.php\/2019\/11\/14\/45445\/","name":"Jornada de puertas abiertas en el D\u00eda de la Educaci\u00f3n T\u00e9cnica (fotos y videos) - CELTTV","isPartOf":{"@id":"https:\/\/www.celttv.com.ar\/#website"},"datePublished":"2019-11-14T20:07:14+00:00","dateModified":"2019-11-14T20:07:14+00:00","description":"Sitio web de noticias de la localidad de Tornquist, provincia de Buenos Aires, Rep\u00fablica Argentina. Contenido propio originado por periodistas de CELTTV, el canal de TV local de la Cooperativa El\u00e9ctrica de Tornquist. Turismo, Pol\u00edtica, Sociedad, Deporte, Cultura y todo el contenido de inter\u00e9s general que la gente del pueblo y la regi\u00f3n debe conocer.","breadcrumb":{"@id":"https:\/\/www.celttv.com.ar\/index.php\/2019\/11\/14\/45445\/#breadcrumb"},"inLanguage":"es","potentialAction":[{"@type":"ReadAction","target":["https:\/\/www.celttv.com.ar\/index.php\/2019\/11\/14\/45445\/"]}]},{"@type":"BreadcrumbList","@id":"https:\/\/www.celttv.com.ar\/index.php\/2019\/11\/14\/45445\/#breadcrumb","itemListElement":[{"@type":"ListItem","position":1,"name":"Inicio","item":"https:\/\/www.celttv.com.ar\/"},{"@type":"ListItem","position":2,"name":"Jornada de puertas abiertas en el D\u00eda de la Educaci\u00f3n T\u00e9cnica (fotos y videos)"}]},{"@type":"WebSite","@id":"https:\/\/www.celttv.com.ar\/#website","url":"https:\/\/www.celttv.com.ar\/","name":"CELTTV","description":"Cooperativa El\u00e9ctrica de Tornquist","publisher":{"@id":"https:\/\/www.celttv.com.ar\/#organization"},"potentialAction":[{"@type":"SearchAction","target":{"@type":"EntryPoint","urlTemplate":"https:\/\/www.celttv.com.ar\/?s={search_term_string}"},"query-input":"required name=search_term_string"}],"inLanguage":"es"},{"@type":"Organization","@id":"https:\/\/www.celttv.com.ar\/#organization","name":"CELTTV","url":"https:\/\/www.celttv.com.ar\/","sameAs":["https:\/\/www.youtube.com\/channel\/UCz_oIt8Hig64Ub-EmcNPIhg","https:\/\/www.facebook.com\/celtTV\/"],"logo":{"@type":"ImageObject","inLanguage":"es","@id":"https:\/\/www.celttv.com.ar\/#\/schema\/logo\/image\/","url":"http:\/\/www.celttv.com.ar\/wp-content\/uploads\/2022\/08\/logo-1.png","contentUrl":"http:\/\/www.celttv.com.ar\/wp-content\/uploads\/2022\/08\/logo-1.png","width":461,"height":159,"caption":"CELTTV"},"image":{"@id":"https:\/\/www.celttv.com.ar\/#\/schema\/logo\/image\/"}},{"@type":"Person","@id":"https:\/\/www.celttv.com.ar\/#\/schema\/person\/6d99c072dba59953809c81446e9d0ace","name":"ulises","image":{"@type":"ImageObject","inLanguage":"es","@id":"https:\/\/www.celttv.com.ar\/#\/schema\/person\/image\/","url":"https:\/\/secure.gravatar.com\/avatar\/7f2c48bdc33b30088f941fb6082e555f2874c98e20cb159d7b92b50eadfce793?s=96&d=mm&r=g","contentUrl":"https:\/\/secure.gravatar.com\/avatar\/7f2c48bdc33b30088f941fb6082e555f2874c98e20cb159d7b92b50eadfce793?s=96&d=mm&r=g","caption":"ulises"},"sameAs":["http:\/\/www.celttv.com.ar"]}]}},"_links":{"self":[{"href":"https:\/\/www.celttv.com.ar\/index.php\/wp-json\/wp\/v2\/posts\/45445","targetHints":{"allow":["GET"]}}],"collection":[{"href":"https:\/\/www.celttv.com.ar\/index.php\/wp-json\/wp\/v2\/posts"}],"about":[{"href":"https:\/\/www.celttv.com.ar\/index.php\/wp-json\/wp\/v2\/types\/post"}],"author":[{"embeddable":true,"href":"https:\/\/www.celttv.com.ar\/index.php\/wp-json\/wp\/v2\/users\/1"}],"replies":[{"embeddable":true,"href":"https:\/\/www.celttv.com.ar\/index.php\/wp-json\/wp\/v2\/comments?post=45445"}],"version-history":[{"count":0,"href":"https:\/\/www.celttv.com.ar\/index.php\/wp-json\/wp\/v2\/posts\/45445\/revisions"}],"wp:featuredmedia":[{"embeddable":true,"href":"https:\/\/www.celttv.com.ar\/index.php\/wp-json\/wp\/v2\/media\/45459"}],"wp:attachment":[{"href":"https:\/\/www.celttv.com.ar\/index.php\/wp-json\/wp\/v2\/media?parent=45445"}],"wp:term":[{"taxonomy":"category","embeddable":true,"href":"https:\/\/www.celttv.com.ar\/index.php\/wp-json\/wp\/v2\/categories?post=45445"},{"taxonomy":"post_tag","embeddable":true,"href":"https:\/\/www.celttv.com.ar\/index.php\/wp-json\/wp\/v2\/tags?post=45445"}],"curies":[{"name":"wp","href":"https:\/\/api.w.org\/{rel}","templated":true}]}}