{"id":45474,"date":"2019-11-15T15:20:16","date_gmt":"2019-11-15T15:20:16","guid":{"rendered":"http:\/\/www.celttv.com.ar\/?p=45474"},"modified":"2019-11-15T15:20:16","modified_gmt":"2019-11-15T15:20:16","slug":"se-cumple-la-jornada-de-puertas-abiertas-en-la-expo-tecnica-2019","status":"publish","type":"post","link":"https:\/\/www.celttv.com.ar\/index.php\/2019\/11\/15\/se-cumple-la-jornada-de-puertas-abiertas-en-la-expo-tecnica-2019\/","title":{"rendered":"Se cumple la segunda Jornada de puertas abiertas en la Expo T\u00e9cnica 2019"},"content":{"rendered":"<div>\n<p><a href=\"https:\/\/www.facebook.com\/celtTV\/videos\/537913406753800\/UzpfSTEwMDAwOTcwMzg2MzM3MjoxMDIwOTc2NTU0OTAyNDY0\/?story_fbid=1020976554902464&#038;id=100009703863372&#038;notif_id=1573830674518480&#038;notif_t=feedback_reaction_generic\">https:\/\/www.facebook.com\/celtTV\/videos\/537913406753800\/UzpfSTEwMDAwOTcwMzg2MzM3MjoxMDIwOTc2NTU0OTAyNDY0\/?story_fbid=1020976554902464&amp;id=100009703863372&amp;notif_id=1573830674518480&amp;notif_t=feedback_reaction_generic<\/a><\/p>\n<\/div>\n<div><\/div>\n<div>La segunda jornada de la 4ta. Expo T\u00e9cnica y\u00a0 conmemorando el D\u00eda de la Educaci\u00f3n T\u00e9cnica se cumple en el dia de hoy.<\/div>\n<div>CELT TV transmiti\u00f3 en directo desde la Escuela T\u00e9cnica Nro.1<\/div>\n<div>En la oportunidad los alumnos mostraron las producciones realizadas durante el presente ciclo lectivo.<\/div>\n<div><\/div>\n<div>El Director del establecimiento dio la bienvenida a los presentes y tuvo palabras de agradecimiento para quienes, con su apoyo, permiten el crecimiento intelectual\u00a0 y la incorporaci\u00f3n de conocimientos de los alumnos y del establecimiento.<\/div>\n<div><\/div>\n<div>El 15 de noviembre de 1959 la naci\u00f3n Argentina pon\u00eda el futuro en marcha, porque la educaci\u00f3n t\u00e9cnica es eso; es poner un pa\u00eds en marcha y es lo que los chicos van a ser el d\u00eda en que se reciban\u201d asegur\u00f3 Quintana.<\/div>\n<div>\u201cLa educaci\u00f3n t\u00e9cnica es sin\u00f3nimo de un pa\u00eds en marcha y es lo que queremos\u201d<\/div>\n<div>\u201cEs\u00a0 un honor ser director de este colegio\u201d dijo Luis Quintana quien tuvo palabra de agradecimiento para todos quienes colaboraron con su trabajo y su presencia y realiz\u00f3 un homenaje ya que \u00e9ste viernes se cumplen dos a\u00f1os de la tragedia que enlut\u00f3 a todos los argentinos que fue la desaparici\u00f3n de los 44 tripulantes del Ara San Juan.<\/div>\n<div>\u201cRecordamos ese d\u00eda con tristeza porque se fueron 44 vidas\u201d concluy\u00f3 diciendo.<\/div>\n<div><\/div>\n<div><\/div>\n","protected":false},"excerpt":{"rendered":"<p>La segunda jornada de la 4ta. Expo T\u00e9cnica y\u00a0 conmemorando el D\u00eda de la Educaci\u00f3n T\u00e9cnica se cumple en el dia de hoy. CELT TV transmiti\u00f3 en directo desde la Escuela T\u00e9cnica Nro.1 En la oportunidad los alumnos mostraron las producciones realizadas durante el presente ciclo lectivo. El Director del establecimiento dio la bienvenida a [&hellip;]<\/p>\n","protected":false},"author":1,"featured_media":45459,"comment_status":"closed","ping_status":"open","sticky":false,"template":"","format":"standard","meta":{"footnotes":""},"categories":[55,51,52],"tags":[],"class_list":["post-45474","post","type-post","status-publish","format-standard","has-post-thumbnail","hentry","category-celt-tv-noticias","category-comunidad","category-destacadas"],"yoast_head":"<!-- This site is optimized with the Yoast SEO plugin v19.7.1 - https:\/\/yoast.com\/wordpress\/plugins\/seo\/ -->\n<title>Se cumple la segunda Jornada de puertas abiertas en la Expo T\u00e9cnica 2019 - CELTTV<\/title>\n<meta name=\"description\" content=\"Sitio web de noticias de la localidad de Tornquist, provincia de Buenos Aires, Rep\u00fablica Argentina. Contenido propio originado por periodistas de CELTTV, el canal de TV local de la Cooperativa El\u00e9ctrica de Tornquist. Turismo, Pol\u00edtica, Sociedad, Deporte, Cultura y todo el contenido de inter\u00e9s general que la gente del pueblo y la regi\u00f3n debe conocer.\" \/>\n<meta name=\"robots\" content=\"index, follow, max-snippet:-1, max-image-preview:large, max-video-preview:-1\" \/>\n<link rel=\"canonical\" href=\"https:\/\/www.celttv.com.ar\/index.php\/2019\/11\/15\/se-cumple-la-jornada-de-puertas-abiertas-en-la-expo-tecnica-2019\/\" \/>\n<meta property=\"og:locale\" content=\"es_ES\" \/>\n<meta property=\"og:type\" content=\"article\" \/>\n<meta property=\"og:title\" content=\"Se cumple la segunda Jornada de puertas abiertas en la Expo T\u00e9cnica 2019 - CELTTV\" \/>\n<meta property=\"og:description\" content=\"Sitio web de noticias de la localidad de Tornquist, provincia de Buenos Aires, Rep\u00fablica Argentina. Contenido propio originado por periodistas de CELTTV, el canal de TV local de la Cooperativa El\u00e9ctrica de Tornquist. Turismo, Pol\u00edtica, Sociedad, Deporte, Cultura y todo el contenido de inter\u00e9s general que la gente del pueblo y la regi\u00f3n debe conocer.\" \/>\n<meta property=\"og:url\" content=\"https:\/\/www.celttv.com.ar\/index.php\/2019\/11\/15\/se-cumple-la-jornada-de-puertas-abiertas-en-la-expo-tecnica-2019\/\" \/>\n<meta property=\"og:site_name\" content=\"CELTTV\" \/>\n<meta property=\"article:publisher\" content=\"https:\/\/www.facebook.com\/celtTV\/\" \/>\n<meta property=\"article:published_time\" content=\"2019-11-15T15:20:16+00:00\" \/>\n<meta property=\"og:image\" content=\"https:\/\/www.celttv.com.ar\/wp-content\/uploads\/2019\/11\/tecnica-cinta.jpg\" \/>\n\t<meta property=\"og:image:width\" content=\"1152\" \/>\n\t<meta property=\"og:image:height\" content=\"768\" \/>\n\t<meta property=\"og:image:type\" content=\"image\/jpeg\" \/>\n<meta name=\"author\" content=\"ulises\" \/>\n<meta name=\"twitter:card\" content=\"summary_large_image\" \/>\n<meta name=\"twitter:label1\" content=\"Escrito por\" \/>\n\t<meta name=\"twitter:data1\" content=\"ulises\" \/>\n\t<meta name=\"twitter:label2\" content=\"Tiempo de lectura\" \/>\n\t<meta name=\"twitter:data2\" content=\"1 minuto\" \/>\n<script type=\"application\/ld+json\" class=\"yoast-schema-graph\">{\"@context\":\"https:\/\/schema.org\",\"@graph\":[{\"@type\":\"NewsArticle\",\"@id\":\"https:\/\/www.celttv.com.ar\/index.php\/2019\/11\/15\/se-cumple-la-jornada-de-puertas-abiertas-en-la-expo-tecnica-2019\/#article\",\"isPartOf\":{\"@id\":\"https:\/\/www.celttv.com.ar\/index.php\/2019\/11\/15\/se-cumple-la-jornada-de-puertas-abiertas-en-la-expo-tecnica-2019\/\"},\"author\":{\"name\":\"ulises\",\"@id\":\"https:\/\/www.celttv.com.ar\/#\/schema\/person\/6d99c072dba59953809c81446e9d0ace\"},\"headline\":\"Se cumple la segunda Jornada de puertas abiertas en la Expo T\u00e9cnica 2019\",\"datePublished\":\"2019-11-15T15:20:16+00:00\",\"dateModified\":\"2019-11-15T15:20:16+00:00\",\"mainEntityOfPage\":{\"@id\":\"https:\/\/www.celttv.com.ar\/index.php\/2019\/11\/15\/se-cumple-la-jornada-de-puertas-abiertas-en-la-expo-tecnica-2019\/\"},\"wordCount\":262,\"publisher\":{\"@id\":\"https:\/\/www.celttv.com.ar\/#organization\"},\"articleSection\":[\"Celt TV Noticias\",\"Comunidad\",\"Destacadas\"],\"inLanguage\":\"es\"},{\"@type\":\"WebPage\",\"@id\":\"https:\/\/www.celttv.com.ar\/index.php\/2019\/11\/15\/se-cumple-la-jornada-de-puertas-abiertas-en-la-expo-tecnica-2019\/\",\"url\":\"https:\/\/www.celttv.com.ar\/index.php\/2019\/11\/15\/se-cumple-la-jornada-de-puertas-abiertas-en-la-expo-tecnica-2019\/\",\"name\":\"Se cumple la segunda Jornada de puertas abiertas en la Expo T\u00e9cnica 2019 - CELTTV\",\"isPartOf\":{\"@id\":\"https:\/\/www.celttv.com.ar\/#website\"},\"datePublished\":\"2019-11-15T15:20:16+00:00\",\"dateModified\":\"2019-11-15T15:20:16+00:00\",\"description\":\"Sitio web de noticias de la localidad de Tornquist, provincia de Buenos Aires, Rep\u00fablica Argentina. Contenido propio originado por periodistas de CELTTV, el canal de TV local de la Cooperativa El\u00e9ctrica de Tornquist. Turismo, Pol\u00edtica, Sociedad, Deporte, Cultura y todo el contenido de inter\u00e9s general que la gente del pueblo y la regi\u00f3n debe conocer.\",\"breadcrumb\":{\"@id\":\"https:\/\/www.celttv.com.ar\/index.php\/2019\/11\/15\/se-cumple-la-jornada-de-puertas-abiertas-en-la-expo-tecnica-2019\/#breadcrumb\"},\"inLanguage\":\"es\",\"potentialAction\":[{\"@type\":\"ReadAction\",\"target\":[\"https:\/\/www.celttv.com.ar\/index.php\/2019\/11\/15\/se-cumple-la-jornada-de-puertas-abiertas-en-la-expo-tecnica-2019\/\"]}]},{\"@type\":\"BreadcrumbList\",\"@id\":\"https:\/\/www.celttv.com.ar\/index.php\/2019\/11\/15\/se-cumple-la-jornada-de-puertas-abiertas-en-la-expo-tecnica-2019\/#breadcrumb\",\"itemListElement\":[{\"@type\":\"ListItem\",\"position\":1,\"name\":\"Inicio\",\"item\":\"https:\/\/www.celttv.com.ar\/\"},{\"@type\":\"ListItem\",\"position\":2,\"name\":\"Se cumple la segunda Jornada de puertas abiertas en la Expo T\u00e9cnica 2019\"}]},{\"@type\":\"WebSite\",\"@id\":\"https:\/\/www.celttv.com.ar\/#website\",\"url\":\"https:\/\/www.celttv.com.ar\/\",\"name\":\"CELTTV\",\"description\":\"Cooperativa El\u00e9ctrica de Tornquist\",\"publisher\":{\"@id\":\"https:\/\/www.celttv.com.ar\/#organization\"},\"potentialAction\":[{\"@type\":\"SearchAction\",\"target\":{\"@type\":\"EntryPoint\",\"urlTemplate\":\"https:\/\/www.celttv.com.ar\/?s={search_term_string}\"},\"query-input\":\"required name=search_term_string\"}],\"inLanguage\":\"es\"},{\"@type\":\"Organization\",\"@id\":\"https:\/\/www.celttv.com.ar\/#organization\",\"name\":\"CELTTV\",\"url\":\"https:\/\/www.celttv.com.ar\/\",\"sameAs\":[\"https:\/\/www.youtube.com\/channel\/UCz_oIt8Hig64Ub-EmcNPIhg\",\"https:\/\/www.facebook.com\/celtTV\/\"],\"logo\":{\"@type\":\"ImageObject\",\"inLanguage\":\"es\",\"@id\":\"https:\/\/www.celttv.com.ar\/#\/schema\/logo\/image\/\",\"url\":\"http:\/\/www.celttv.com.ar\/wp-content\/uploads\/2022\/08\/logo-1.png\",\"contentUrl\":\"http:\/\/www.celttv.com.ar\/wp-content\/uploads\/2022\/08\/logo-1.png\",\"width\":461,\"height\":159,\"caption\":\"CELTTV\"},\"image\":{\"@id\":\"https:\/\/www.celttv.com.ar\/#\/schema\/logo\/image\/\"}},{\"@type\":\"Person\",\"@id\":\"https:\/\/www.celttv.com.ar\/#\/schema\/person\/6d99c072dba59953809c81446e9d0ace\",\"name\":\"ulises\",\"image\":{\"@type\":\"ImageObject\",\"inLanguage\":\"es\",\"@id\":\"https:\/\/www.celttv.com.ar\/#\/schema\/person\/image\/\",\"url\":\"https:\/\/secure.gravatar.com\/avatar\/7f2c48bdc33b30088f941fb6082e555f2874c98e20cb159d7b92b50eadfce793?s=96&d=mm&r=g\",\"contentUrl\":\"https:\/\/secure.gravatar.com\/avatar\/7f2c48bdc33b30088f941fb6082e555f2874c98e20cb159d7b92b50eadfce793?s=96&d=mm&r=g\",\"caption\":\"ulises\"},\"sameAs\":[\"http:\/\/www.celttv.com.ar\"]}]}<\/script>\n<!-- \/ Yoast SEO plugin. -->","yoast_head_json":{"title":"Se cumple la segunda Jornada de puertas abiertas en la Expo T\u00e9cnica 2019 - CELTTV","description":"Sitio web de noticias de la localidad de Tornquist, provincia de Buenos Aires, Rep\u00fablica Argentina. Contenido propio originado por periodistas de CELTTV, el canal de TV local de la Cooperativa El\u00e9ctrica de Tornquist. Turismo, Pol\u00edtica, Sociedad, Deporte, Cultura y todo el contenido de inter\u00e9s general que la gente del pueblo y la regi\u00f3n debe conocer.","robots":{"index":"index","follow":"follow","max-snippet":"max-snippet:-1","max-image-preview":"max-image-preview:large","max-video-preview":"max-video-preview:-1"},"canonical":"https:\/\/www.celttv.com.ar\/index.php\/2019\/11\/15\/se-cumple-la-jornada-de-puertas-abiertas-en-la-expo-tecnica-2019\/","og_locale":"es_ES","og_type":"article","og_title":"Se cumple la segunda Jornada de puertas abiertas en la Expo T\u00e9cnica 2019 - CELTTV","og_description":"Sitio web de noticias de la localidad de Tornquist, provincia de Buenos Aires, Rep\u00fablica Argentina. Contenido propio originado por periodistas de CELTTV, el canal de TV local de la Cooperativa El\u00e9ctrica de Tornquist. Turismo, Pol\u00edtica, Sociedad, Deporte, Cultura y todo el contenido de inter\u00e9s general que la gente del pueblo y la regi\u00f3n debe conocer.","og_url":"https:\/\/www.celttv.com.ar\/index.php\/2019\/11\/15\/se-cumple-la-jornada-de-puertas-abiertas-en-la-expo-tecnica-2019\/","og_site_name":"CELTTV","article_publisher":"https:\/\/www.facebook.com\/celtTV\/","article_published_time":"2019-11-15T15:20:16+00:00","og_image":[{"width":1152,"height":768,"url":"https:\/\/www.celttv.com.ar\/wp-content\/uploads\/2019\/11\/tecnica-cinta.jpg","type":"image\/jpeg"}],"author":"ulises","twitter_card":"summary_large_image","twitter_misc":{"Escrito por":"ulises","Tiempo de lectura":"1 minuto"},"schema":{"@context":"https:\/\/schema.org","@graph":[{"@type":"NewsArticle","@id":"https:\/\/www.celttv.com.ar\/index.php\/2019\/11\/15\/se-cumple-la-jornada-de-puertas-abiertas-en-la-expo-tecnica-2019\/#article","isPartOf":{"@id":"https:\/\/www.celttv.com.ar\/index.php\/2019\/11\/15\/se-cumple-la-jornada-de-puertas-abiertas-en-la-expo-tecnica-2019\/"},"author":{"name":"ulises","@id":"https:\/\/www.celttv.com.ar\/#\/schema\/person\/6d99c072dba59953809c81446e9d0ace"},"headline":"Se cumple la segunda Jornada de puertas abiertas en la Expo T\u00e9cnica 2019","datePublished":"2019-11-15T15:20:16+00:00","dateModified":"2019-11-15T15:20:16+00:00","mainEntityOfPage":{"@id":"https:\/\/www.celttv.com.ar\/index.php\/2019\/11\/15\/se-cumple-la-jornada-de-puertas-abiertas-en-la-expo-tecnica-2019\/"},"wordCount":262,"publisher":{"@id":"https:\/\/www.celttv.com.ar\/#organization"},"articleSection":["Celt TV Noticias","Comunidad","Destacadas"],"inLanguage":"es"},{"@type":"WebPage","@id":"https:\/\/www.celttv.com.ar\/index.php\/2019\/11\/15\/se-cumple-la-jornada-de-puertas-abiertas-en-la-expo-tecnica-2019\/","url":"https:\/\/www.celttv.com.ar\/index.php\/2019\/11\/15\/se-cumple-la-jornada-de-puertas-abiertas-en-la-expo-tecnica-2019\/","name":"Se cumple la segunda Jornada de puertas abiertas en la Expo T\u00e9cnica 2019 - CELTTV","isPartOf":{"@id":"https:\/\/www.celttv.com.ar\/#website"},"datePublished":"2019-11-15T15:20:16+00:00","dateModified":"2019-11-15T15:20:16+00:00","description":"Sitio web de noticias de la localidad de Tornquist, provincia de Buenos Aires, Rep\u00fablica Argentina. Contenido propio originado por periodistas de CELTTV, el canal de TV local de la Cooperativa El\u00e9ctrica de Tornquist. Turismo, Pol\u00edtica, Sociedad, Deporte, Cultura y todo el contenido de inter\u00e9s general que la gente del pueblo y la regi\u00f3n debe conocer.","breadcrumb":{"@id":"https:\/\/www.celttv.com.ar\/index.php\/2019\/11\/15\/se-cumple-la-jornada-de-puertas-abiertas-en-la-expo-tecnica-2019\/#breadcrumb"},"inLanguage":"es","potentialAction":[{"@type":"ReadAction","target":["https:\/\/www.celttv.com.ar\/index.php\/2019\/11\/15\/se-cumple-la-jornada-de-puertas-abiertas-en-la-expo-tecnica-2019\/"]}]},{"@type":"BreadcrumbList","@id":"https:\/\/www.celttv.com.ar\/index.php\/2019\/11\/15\/se-cumple-la-jornada-de-puertas-abiertas-en-la-expo-tecnica-2019\/#breadcrumb","itemListElement":[{"@type":"ListItem","position":1,"name":"Inicio","item":"https:\/\/www.celttv.com.ar\/"},{"@type":"ListItem","position":2,"name":"Se cumple la segunda Jornada de puertas abiertas en la Expo T\u00e9cnica 2019"}]},{"@type":"WebSite","@id":"https:\/\/www.celttv.com.ar\/#website","url":"https:\/\/www.celttv.com.ar\/","name":"CELTTV","description":"Cooperativa El\u00e9ctrica de Tornquist","publisher":{"@id":"https:\/\/www.celttv.com.ar\/#organization"},"potentialAction":[{"@type":"SearchAction","target":{"@type":"EntryPoint","urlTemplate":"https:\/\/www.celttv.com.ar\/?s={search_term_string}"},"query-input":"required name=search_term_string"}],"inLanguage":"es"},{"@type":"Organization","@id":"https:\/\/www.celttv.com.ar\/#organization","name":"CELTTV","url":"https:\/\/www.celttv.com.ar\/","sameAs":["https:\/\/www.youtube.com\/channel\/UCz_oIt8Hig64Ub-EmcNPIhg","https:\/\/www.facebook.com\/celtTV\/"],"logo":{"@type":"ImageObject","inLanguage":"es","@id":"https:\/\/www.celttv.com.ar\/#\/schema\/logo\/image\/","url":"http:\/\/www.celttv.com.ar\/wp-content\/uploads\/2022\/08\/logo-1.png","contentUrl":"http:\/\/www.celttv.com.ar\/wp-content\/uploads\/2022\/08\/logo-1.png","width":461,"height":159,"caption":"CELTTV"},"image":{"@id":"https:\/\/www.celttv.com.ar\/#\/schema\/logo\/image\/"}},{"@type":"Person","@id":"https:\/\/www.celttv.com.ar\/#\/schema\/person\/6d99c072dba59953809c81446e9d0ace","name":"ulises","image":{"@type":"ImageObject","inLanguage":"es","@id":"https:\/\/www.celttv.com.ar\/#\/schema\/person\/image\/","url":"https:\/\/secure.gravatar.com\/avatar\/7f2c48bdc33b30088f941fb6082e555f2874c98e20cb159d7b92b50eadfce793?s=96&d=mm&r=g","contentUrl":"https:\/\/secure.gravatar.com\/avatar\/7f2c48bdc33b30088f941fb6082e555f2874c98e20cb159d7b92b50eadfce793?s=96&d=mm&r=g","caption":"ulises"},"sameAs":["http:\/\/www.celttv.com.ar"]}]}},"_links":{"self":[{"href":"https:\/\/www.celttv.com.ar\/index.php\/wp-json\/wp\/v2\/posts\/45474","targetHints":{"allow":["GET"]}}],"collection":[{"href":"https:\/\/www.celttv.com.ar\/index.php\/wp-json\/wp\/v2\/posts"}],"about":[{"href":"https:\/\/www.celttv.com.ar\/index.php\/wp-json\/wp\/v2\/types\/post"}],"author":[{"embeddable":true,"href":"https:\/\/www.celttv.com.ar\/index.php\/wp-json\/wp\/v2\/users\/1"}],"replies":[{"embeddable":true,"href":"https:\/\/www.celttv.com.ar\/index.php\/wp-json\/wp\/v2\/comments?post=45474"}],"version-history":[{"count":0,"href":"https:\/\/www.celttv.com.ar\/index.php\/wp-json\/wp\/v2\/posts\/45474\/revisions"}],"wp:featuredmedia":[{"embeddable":true,"href":"https:\/\/www.celttv.com.ar\/index.php\/wp-json\/wp\/v2\/media\/45459"}],"wp:attachment":[{"href":"https:\/\/www.celttv.com.ar\/index.php\/wp-json\/wp\/v2\/media?parent=45474"}],"wp:term":[{"taxonomy":"category","embeddable":true,"href":"https:\/\/www.celttv.com.ar\/index.php\/wp-json\/wp\/v2\/categories?post=45474"},{"taxonomy":"post_tag","embeddable":true,"href":"https:\/\/www.celttv.com.ar\/index.php\/wp-json\/wp\/v2\/tags?post=45474"}],"curies":[{"name":"wp","href":"https:\/\/api.w.org\/{rel}","templated":true}]}}