{"id":45480,"date":"2019-11-16T21:45:04","date_gmt":"2019-11-16T21:45:04","guid":{"rendered":"http:\/\/www.celttv.com.ar\/?p=45480"},"modified":"2019-11-16T21:45:04","modified_gmt":"2019-11-16T21:45:04","slug":"jose-feliciano-schwab-q-e-p-d-fallecio-en-tornquist-el-16-de-noviembre-de-2019-a-los-89-anos-de-edad","status":"publish","type":"post","link":"https:\/\/www.celttv.com.ar\/index.php\/2019\/11\/16\/jose-feliciano-schwab-q-e-p-d-fallecio-en-tornquist-el-16-de-noviembre-de-2019-a-los-89-anos-de-edad\/","title":{"rendered":"\u00a0Jos\u00e9 Feliciano SCHWAB\u00a0Q.E.P.D.: Falleci\u00f3 en\u00a0\u00a0Tornquist el 16 de Noviembre de\u00a02019 a\u00a0los 89 a\u00f1os de edad"},"content":{"rendered":"<p><span lang=\"ES-TRAD\">Jos\u00e9 Feliciano SCHWAB\u00a0<\/span><span lang=\"ES-TRAD\">Q.E.P.D.: Falleci\u00f3 en\u00a0\u00a0Tornquist el 16 de Noviembre de\u00a02019 a\u00a0los 89 a\u00f1os de edad. Su hija Rosa Ana SCHWAB de BRAU. Su hijo pol\u00edtico Mario Ricardo BRAU. Sus nietos Cristian Nicol\u00e1s y Alexis Emanuel BRAU. Sus hermanos Aurelio, Omar, Florencia y Luisa SCHWAB. Sus hermanos pol\u00edticos, sobrinos, sobrinos pol\u00edticos, primos, primos pol\u00edticos, amistades y dem\u00e1s deudos participan su deceso y comunican que sus restos ser\u00e1n inhumados hoy (16\/11\/2019) a las 20.00 horas en la necr\u00f3polis de Tornquist.\u00a0\u00a0Casa de duelo Juan Manuel de Rosas 424, Tornquist. Servicio a cargo de\u00a0la Cooperativa El\u00e9ctrica\u00a0Limitada de Tornquist.<\/span><\/p>\n","protected":false},"excerpt":{"rendered":"<p>Jos\u00e9 Feliciano SCHWAB\u00a0Q.E.P.D.: Falleci\u00f3 en\u00a0\u00a0Tornquist el 16 de Noviembre de\u00a02019 a\u00a0los 89 a\u00f1os de edad. Su hija Rosa Ana SCHWAB de BRAU. Su hijo pol\u00edtico Mario Ricardo BRAU. Sus nietos Cristian Nicol\u00e1s y Alexis Emanuel BRAU. Sus hermanos Aurelio, Omar, Florencia y Luisa SCHWAB. Sus hermanos pol\u00edticos, sobrinos, sobrinos pol\u00edticos, primos, primos pol\u00edticos, amistades y [&hellip;]<\/p>\n","protected":false},"author":1,"featured_media":0,"comment_status":"closed","ping_status":"open","sticky":false,"template":"","format":"standard","meta":{"footnotes":""},"categories":[50],"tags":[],"class_list":["post-45480","post","type-post","status-publish","format-standard","hentry","category-necrologicas"],"yoast_head":"<!-- This site is optimized with the Yoast SEO plugin v19.7.1 - https:\/\/yoast.com\/wordpress\/plugins\/seo\/ -->\n<title>\u00a0Jos\u00e9 Feliciano SCHWAB\u00a0Q.E.P.D.: Falleci\u00f3 en\u00a0\u00a0Tornquist el 16 de Noviembre de\u00a02019 a\u00a0los 89 a\u00f1os de edad - CELTTV<\/title>\n<meta name=\"description\" content=\"Sitio web de noticias de la localidad de Tornquist, provincia de Buenos Aires, Rep\u00fablica Argentina. Contenido propio originado por periodistas de CELTTV, el canal de TV local de la Cooperativa El\u00e9ctrica de Tornquist. Turismo, Pol\u00edtica, Sociedad, Deporte, Cultura y todo el contenido de inter\u00e9s general que la gente del pueblo y la regi\u00f3n debe conocer.\" \/>\n<meta name=\"robots\" content=\"index, follow, max-snippet:-1, max-image-preview:large, max-video-preview:-1\" \/>\n<link rel=\"canonical\" href=\"https:\/\/www.celttv.com.ar\/index.php\/2019\/11\/16\/jose-feliciano-schwab-q-e-p-d-fallecio-en-tornquist-el-16-de-noviembre-de-2019-a-los-89-anos-de-edad\/\" \/>\n<meta property=\"og:locale\" content=\"es_ES\" \/>\n<meta property=\"og:type\" content=\"article\" \/>\n<meta property=\"og:title\" content=\"\u00a0Jos\u00e9 Feliciano SCHWAB\u00a0Q.E.P.D.: Falleci\u00f3 en\u00a0\u00a0Tornquist el 16 de Noviembre de\u00a02019 a\u00a0los 89 a\u00f1os de edad - CELTTV\" \/>\n<meta property=\"og:description\" content=\"Sitio web de noticias de la localidad de Tornquist, provincia de Buenos Aires, Rep\u00fablica Argentina. Contenido propio originado por periodistas de CELTTV, el canal de TV local de la Cooperativa El\u00e9ctrica de Tornquist. Turismo, Pol\u00edtica, Sociedad, Deporte, Cultura y todo el contenido de inter\u00e9s general que la gente del pueblo y la regi\u00f3n debe conocer.\" \/>\n<meta property=\"og:url\" content=\"https:\/\/www.celttv.com.ar\/index.php\/2019\/11\/16\/jose-feliciano-schwab-q-e-p-d-fallecio-en-tornquist-el-16-de-noviembre-de-2019-a-los-89-anos-de-edad\/\" \/>\n<meta property=\"og:site_name\" content=\"CELTTV\" \/>\n<meta property=\"article:publisher\" content=\"https:\/\/www.facebook.com\/celtTV\/\" \/>\n<meta property=\"article:published_time\" content=\"2019-11-16T21:45:04+00:00\" \/>\n<meta name=\"author\" content=\"ulises\" \/>\n<meta name=\"twitter:card\" content=\"summary_large_image\" \/>\n<meta name=\"twitter:label1\" content=\"Escrito por\" \/>\n\t<meta name=\"twitter:data1\" content=\"ulises\" \/>\n\t<meta name=\"twitter:label2\" content=\"Tiempo de lectura\" \/>\n\t<meta name=\"twitter:data2\" content=\"1 minuto\" \/>\n<script type=\"application\/ld+json\" class=\"yoast-schema-graph\">{\"@context\":\"https:\/\/schema.org\",\"@graph\":[{\"@type\":\"NewsArticle\",\"@id\":\"https:\/\/www.celttv.com.ar\/index.php\/2019\/11\/16\/jose-feliciano-schwab-q-e-p-d-fallecio-en-tornquist-el-16-de-noviembre-de-2019-a-los-89-anos-de-edad\/#article\",\"isPartOf\":{\"@id\":\"https:\/\/www.celttv.com.ar\/index.php\/2019\/11\/16\/jose-feliciano-schwab-q-e-p-d-fallecio-en-tornquist-el-16-de-noviembre-de-2019-a-los-89-anos-de-edad\/\"},\"author\":{\"name\":\"ulises\",\"@id\":\"https:\/\/www.celttv.com.ar\/#\/schema\/person\/6d99c072dba59953809c81446e9d0ace\"},\"headline\":\"\u00a0Jos\u00e9 Feliciano SCHWAB\u00a0Q.E.P.D.: Falleci\u00f3 en\u00a0\u00a0Tornquist el 16 de Noviembre de\u00a02019 a\u00a0los 89 a\u00f1os de edad\",\"datePublished\":\"2019-11-16T21:45:04+00:00\",\"dateModified\":\"2019-11-16T21:45:04+00:00\",\"mainEntityOfPage\":{\"@id\":\"https:\/\/www.celttv.com.ar\/index.php\/2019\/11\/16\/jose-feliciano-schwab-q-e-p-d-fallecio-en-tornquist-el-16-de-noviembre-de-2019-a-los-89-anos-de-edad\/\"},\"wordCount\":128,\"publisher\":{\"@id\":\"https:\/\/www.celttv.com.ar\/#organization\"},\"articleSection\":[\"Necrol\u00f3gicas\"],\"inLanguage\":\"es\"},{\"@type\":\"WebPage\",\"@id\":\"https:\/\/www.celttv.com.ar\/index.php\/2019\/11\/16\/jose-feliciano-schwab-q-e-p-d-fallecio-en-tornquist-el-16-de-noviembre-de-2019-a-los-89-anos-de-edad\/\",\"url\":\"https:\/\/www.celttv.com.ar\/index.php\/2019\/11\/16\/jose-feliciano-schwab-q-e-p-d-fallecio-en-tornquist-el-16-de-noviembre-de-2019-a-los-89-anos-de-edad\/\",\"name\":\"\u00a0Jos\u00e9 Feliciano SCHWAB\u00a0Q.E.P.D.: Falleci\u00f3 en\u00a0\u00a0Tornquist el 16 de Noviembre de\u00a02019 a\u00a0los 89 a\u00f1os de edad - CELTTV\",\"isPartOf\":{\"@id\":\"https:\/\/www.celttv.com.ar\/#website\"},\"datePublished\":\"2019-11-16T21:45:04+00:00\",\"dateModified\":\"2019-11-16T21:45:04+00:00\",\"description\":\"Sitio web de noticias de la localidad de Tornquist, provincia de Buenos Aires, Rep\u00fablica Argentina. Contenido propio originado por periodistas de CELTTV, el canal de TV local de la Cooperativa El\u00e9ctrica de Tornquist. Turismo, Pol\u00edtica, Sociedad, Deporte, Cultura y todo el contenido de inter\u00e9s general que la gente del pueblo y la regi\u00f3n debe conocer.\",\"breadcrumb\":{\"@id\":\"https:\/\/www.celttv.com.ar\/index.php\/2019\/11\/16\/jose-feliciano-schwab-q-e-p-d-fallecio-en-tornquist-el-16-de-noviembre-de-2019-a-los-89-anos-de-edad\/#breadcrumb\"},\"inLanguage\":\"es\",\"potentialAction\":[{\"@type\":\"ReadAction\",\"target\":[\"https:\/\/www.celttv.com.ar\/index.php\/2019\/11\/16\/jose-feliciano-schwab-q-e-p-d-fallecio-en-tornquist-el-16-de-noviembre-de-2019-a-los-89-anos-de-edad\/\"]}]},{\"@type\":\"BreadcrumbList\",\"@id\":\"https:\/\/www.celttv.com.ar\/index.php\/2019\/11\/16\/jose-feliciano-schwab-q-e-p-d-fallecio-en-tornquist-el-16-de-noviembre-de-2019-a-los-89-anos-de-edad\/#breadcrumb\",\"itemListElement\":[{\"@type\":\"ListItem\",\"position\":1,\"name\":\"Inicio\",\"item\":\"https:\/\/www.celttv.com.ar\/\"},{\"@type\":\"ListItem\",\"position\":2,\"name\":\"\u00a0Jos\u00e9 Feliciano SCHWAB\u00a0Q.E.P.D.: Falleci\u00f3 en\u00a0\u00a0Tornquist el 16 de Noviembre de\u00a02019 a\u00a0los 89 a\u00f1os de edad\"}]},{\"@type\":\"WebSite\",\"@id\":\"https:\/\/www.celttv.com.ar\/#website\",\"url\":\"https:\/\/www.celttv.com.ar\/\",\"name\":\"CELTTV\",\"description\":\"Cooperativa El\u00e9ctrica de Tornquist\",\"publisher\":{\"@id\":\"https:\/\/www.celttv.com.ar\/#organization\"},\"potentialAction\":[{\"@type\":\"SearchAction\",\"target\":{\"@type\":\"EntryPoint\",\"urlTemplate\":\"https:\/\/www.celttv.com.ar\/?s={search_term_string}\"},\"query-input\":\"required name=search_term_string\"}],\"inLanguage\":\"es\"},{\"@type\":\"Organization\",\"@id\":\"https:\/\/www.celttv.com.ar\/#organization\",\"name\":\"CELTTV\",\"url\":\"https:\/\/www.celttv.com.ar\/\",\"sameAs\":[\"https:\/\/www.youtube.com\/channel\/UCz_oIt8Hig64Ub-EmcNPIhg\",\"https:\/\/www.facebook.com\/celtTV\/\"],\"logo\":{\"@type\":\"ImageObject\",\"inLanguage\":\"es\",\"@id\":\"https:\/\/www.celttv.com.ar\/#\/schema\/logo\/image\/\",\"url\":\"http:\/\/www.celttv.com.ar\/wp-content\/uploads\/2022\/08\/logo-1.png\",\"contentUrl\":\"http:\/\/www.celttv.com.ar\/wp-content\/uploads\/2022\/08\/logo-1.png\",\"width\":461,\"height\":159,\"caption\":\"CELTTV\"},\"image\":{\"@id\":\"https:\/\/www.celttv.com.ar\/#\/schema\/logo\/image\/\"}},{\"@type\":\"Person\",\"@id\":\"https:\/\/www.celttv.com.ar\/#\/schema\/person\/6d99c072dba59953809c81446e9d0ace\",\"name\":\"ulises\",\"image\":{\"@type\":\"ImageObject\",\"inLanguage\":\"es\",\"@id\":\"https:\/\/www.celttv.com.ar\/#\/schema\/person\/image\/\",\"url\":\"https:\/\/secure.gravatar.com\/avatar\/7f2c48bdc33b30088f941fb6082e555f2874c98e20cb159d7b92b50eadfce793?s=96&d=mm&r=g\",\"contentUrl\":\"https:\/\/secure.gravatar.com\/avatar\/7f2c48bdc33b30088f941fb6082e555f2874c98e20cb159d7b92b50eadfce793?s=96&d=mm&r=g\",\"caption\":\"ulises\"},\"sameAs\":[\"http:\/\/www.celttv.com.ar\"]}]}<\/script>\n<!-- \/ Yoast SEO plugin. -->","yoast_head_json":{"title":"\u00a0Jos\u00e9 Feliciano SCHWAB\u00a0Q.E.P.D.: Falleci\u00f3 en\u00a0\u00a0Tornquist el 16 de Noviembre de\u00a02019 a\u00a0los 89 a\u00f1os de edad - CELTTV","description":"Sitio web de noticias de la localidad de Tornquist, provincia de Buenos Aires, Rep\u00fablica Argentina. Contenido propio originado por periodistas de CELTTV, el canal de TV local de la Cooperativa El\u00e9ctrica de Tornquist. Turismo, Pol\u00edtica, Sociedad, Deporte, Cultura y todo el contenido de inter\u00e9s general que la gente del pueblo y la regi\u00f3n debe conocer.","robots":{"index":"index","follow":"follow","max-snippet":"max-snippet:-1","max-image-preview":"max-image-preview:large","max-video-preview":"max-video-preview:-1"},"canonical":"https:\/\/www.celttv.com.ar\/index.php\/2019\/11\/16\/jose-feliciano-schwab-q-e-p-d-fallecio-en-tornquist-el-16-de-noviembre-de-2019-a-los-89-anos-de-edad\/","og_locale":"es_ES","og_type":"article","og_title":"\u00a0Jos\u00e9 Feliciano SCHWAB\u00a0Q.E.P.D.: Falleci\u00f3 en\u00a0\u00a0Tornquist el 16 de Noviembre de\u00a02019 a\u00a0los 89 a\u00f1os de edad - CELTTV","og_description":"Sitio web de noticias de la localidad de Tornquist, provincia de Buenos Aires, Rep\u00fablica Argentina. Contenido propio originado por periodistas de CELTTV, el canal de TV local de la Cooperativa El\u00e9ctrica de Tornquist. Turismo, Pol\u00edtica, Sociedad, Deporte, Cultura y todo el contenido de inter\u00e9s general que la gente del pueblo y la regi\u00f3n debe conocer.","og_url":"https:\/\/www.celttv.com.ar\/index.php\/2019\/11\/16\/jose-feliciano-schwab-q-e-p-d-fallecio-en-tornquist-el-16-de-noviembre-de-2019-a-los-89-anos-de-edad\/","og_site_name":"CELTTV","article_publisher":"https:\/\/www.facebook.com\/celtTV\/","article_published_time":"2019-11-16T21:45:04+00:00","author":"ulises","twitter_card":"summary_large_image","twitter_misc":{"Escrito por":"ulises","Tiempo de lectura":"1 minuto"},"schema":{"@context":"https:\/\/schema.org","@graph":[{"@type":"NewsArticle","@id":"https:\/\/www.celttv.com.ar\/index.php\/2019\/11\/16\/jose-feliciano-schwab-q-e-p-d-fallecio-en-tornquist-el-16-de-noviembre-de-2019-a-los-89-anos-de-edad\/#article","isPartOf":{"@id":"https:\/\/www.celttv.com.ar\/index.php\/2019\/11\/16\/jose-feliciano-schwab-q-e-p-d-fallecio-en-tornquist-el-16-de-noviembre-de-2019-a-los-89-anos-de-edad\/"},"author":{"name":"ulises","@id":"https:\/\/www.celttv.com.ar\/#\/schema\/person\/6d99c072dba59953809c81446e9d0ace"},"headline":"\u00a0Jos\u00e9 Feliciano SCHWAB\u00a0Q.E.P.D.: Falleci\u00f3 en\u00a0\u00a0Tornquist el 16 de Noviembre de\u00a02019 a\u00a0los 89 a\u00f1os de edad","datePublished":"2019-11-16T21:45:04+00:00","dateModified":"2019-11-16T21:45:04+00:00","mainEntityOfPage":{"@id":"https:\/\/www.celttv.com.ar\/index.php\/2019\/11\/16\/jose-feliciano-schwab-q-e-p-d-fallecio-en-tornquist-el-16-de-noviembre-de-2019-a-los-89-anos-de-edad\/"},"wordCount":128,"publisher":{"@id":"https:\/\/www.celttv.com.ar\/#organization"},"articleSection":["Necrol\u00f3gicas"],"inLanguage":"es"},{"@type":"WebPage","@id":"https:\/\/www.celttv.com.ar\/index.php\/2019\/11\/16\/jose-feliciano-schwab-q-e-p-d-fallecio-en-tornquist-el-16-de-noviembre-de-2019-a-los-89-anos-de-edad\/","url":"https:\/\/www.celttv.com.ar\/index.php\/2019\/11\/16\/jose-feliciano-schwab-q-e-p-d-fallecio-en-tornquist-el-16-de-noviembre-de-2019-a-los-89-anos-de-edad\/","name":"\u00a0Jos\u00e9 Feliciano SCHWAB\u00a0Q.E.P.D.: Falleci\u00f3 en\u00a0\u00a0Tornquist el 16 de Noviembre de\u00a02019 a\u00a0los 89 a\u00f1os de edad - CELTTV","isPartOf":{"@id":"https:\/\/www.celttv.com.ar\/#website"},"datePublished":"2019-11-16T21:45:04+00:00","dateModified":"2019-11-16T21:45:04+00:00","description":"Sitio web de noticias de la localidad de Tornquist, provincia de Buenos Aires, Rep\u00fablica Argentina. Contenido propio originado por periodistas de CELTTV, el canal de TV local de la Cooperativa El\u00e9ctrica de Tornquist. Turismo, Pol\u00edtica, Sociedad, Deporte, Cultura y todo el contenido de inter\u00e9s general que la gente del pueblo y la regi\u00f3n debe conocer.","breadcrumb":{"@id":"https:\/\/www.celttv.com.ar\/index.php\/2019\/11\/16\/jose-feliciano-schwab-q-e-p-d-fallecio-en-tornquist-el-16-de-noviembre-de-2019-a-los-89-anos-de-edad\/#breadcrumb"},"inLanguage":"es","potentialAction":[{"@type":"ReadAction","target":["https:\/\/www.celttv.com.ar\/index.php\/2019\/11\/16\/jose-feliciano-schwab-q-e-p-d-fallecio-en-tornquist-el-16-de-noviembre-de-2019-a-los-89-anos-de-edad\/"]}]},{"@type":"BreadcrumbList","@id":"https:\/\/www.celttv.com.ar\/index.php\/2019\/11\/16\/jose-feliciano-schwab-q-e-p-d-fallecio-en-tornquist-el-16-de-noviembre-de-2019-a-los-89-anos-de-edad\/#breadcrumb","itemListElement":[{"@type":"ListItem","position":1,"name":"Inicio","item":"https:\/\/www.celttv.com.ar\/"},{"@type":"ListItem","position":2,"name":"\u00a0Jos\u00e9 Feliciano SCHWAB\u00a0Q.E.P.D.: Falleci\u00f3 en\u00a0\u00a0Tornquist el 16 de Noviembre de\u00a02019 a\u00a0los 89 a\u00f1os de edad"}]},{"@type":"WebSite","@id":"https:\/\/www.celttv.com.ar\/#website","url":"https:\/\/www.celttv.com.ar\/","name":"CELTTV","description":"Cooperativa El\u00e9ctrica de Tornquist","publisher":{"@id":"https:\/\/www.celttv.com.ar\/#organization"},"potentialAction":[{"@type":"SearchAction","target":{"@type":"EntryPoint","urlTemplate":"https:\/\/www.celttv.com.ar\/?s={search_term_string}"},"query-input":"required name=search_term_string"}],"inLanguage":"es"},{"@type":"Organization","@id":"https:\/\/www.celttv.com.ar\/#organization","name":"CELTTV","url":"https:\/\/www.celttv.com.ar\/","sameAs":["https:\/\/www.youtube.com\/channel\/UCz_oIt8Hig64Ub-EmcNPIhg","https:\/\/www.facebook.com\/celtTV\/"],"logo":{"@type":"ImageObject","inLanguage":"es","@id":"https:\/\/www.celttv.com.ar\/#\/schema\/logo\/image\/","url":"http:\/\/www.celttv.com.ar\/wp-content\/uploads\/2022\/08\/logo-1.png","contentUrl":"http:\/\/www.celttv.com.ar\/wp-content\/uploads\/2022\/08\/logo-1.png","width":461,"height":159,"caption":"CELTTV"},"image":{"@id":"https:\/\/www.celttv.com.ar\/#\/schema\/logo\/image\/"}},{"@type":"Person","@id":"https:\/\/www.celttv.com.ar\/#\/schema\/person\/6d99c072dba59953809c81446e9d0ace","name":"ulises","image":{"@type":"ImageObject","inLanguage":"es","@id":"https:\/\/www.celttv.com.ar\/#\/schema\/person\/image\/","url":"https:\/\/secure.gravatar.com\/avatar\/7f2c48bdc33b30088f941fb6082e555f2874c98e20cb159d7b92b50eadfce793?s=96&d=mm&r=g","contentUrl":"https:\/\/secure.gravatar.com\/avatar\/7f2c48bdc33b30088f941fb6082e555f2874c98e20cb159d7b92b50eadfce793?s=96&d=mm&r=g","caption":"ulises"},"sameAs":["http:\/\/www.celttv.com.ar"]}]}},"_links":{"self":[{"href":"https:\/\/www.celttv.com.ar\/index.php\/wp-json\/wp\/v2\/posts\/45480","targetHints":{"allow":["GET"]}}],"collection":[{"href":"https:\/\/www.celttv.com.ar\/index.php\/wp-json\/wp\/v2\/posts"}],"about":[{"href":"https:\/\/www.celttv.com.ar\/index.php\/wp-json\/wp\/v2\/types\/post"}],"author":[{"embeddable":true,"href":"https:\/\/www.celttv.com.ar\/index.php\/wp-json\/wp\/v2\/users\/1"}],"replies":[{"embeddable":true,"href":"https:\/\/www.celttv.com.ar\/index.php\/wp-json\/wp\/v2\/comments?post=45480"}],"version-history":[{"count":0,"href":"https:\/\/www.celttv.com.ar\/index.php\/wp-json\/wp\/v2\/posts\/45480\/revisions"}],"wp:attachment":[{"href":"https:\/\/www.celttv.com.ar\/index.php\/wp-json\/wp\/v2\/media?parent=45480"}],"wp:term":[{"taxonomy":"category","embeddable":true,"href":"https:\/\/www.celttv.com.ar\/index.php\/wp-json\/wp\/v2\/categories?post=45480"},{"taxonomy":"post_tag","embeddable":true,"href":"https:\/\/www.celttv.com.ar\/index.php\/wp-json\/wp\/v2\/tags?post=45480"}],"curies":[{"name":"wp","href":"https:\/\/api.w.org\/{rel}","templated":true}]}}