{"id":45580,"date":"2019-11-18T19:42:17","date_gmt":"2019-11-18T19:42:17","guid":{"rendered":"http:\/\/www.celttv.com.ar\/?p=45580"},"modified":"2019-11-18T19:42:17","modified_gmt":"2019-11-18T19:42:17","slug":"comenzo-la-puesta-en-valor-de-las-canchas-de-tenis-del-club-automoto-video-y-fotos","status":"publish","type":"post","link":"https:\/\/www.celttv.com.ar\/index.php\/2019\/11\/18\/comenzo-la-puesta-en-valor-de-las-canchas-de-tenis-del-club-automoto-video-y-fotos\/","title":{"rendered":"Comenz\u00f3 la puesta en valor de las canchas de tenis del Club Automoto (Video y fotos)"},"content":{"rendered":"<p>El Club Automoto, a trav\u00e9s de la subcomisi\u00f2n de tenis, inici\u00f2 un proceso de recuperaci\u00f2n y puesta en valor de las dos canchas con las que cuenta la entidad.<\/p>\n<p>La iniciativa comenz\u00f3 a trav\u00e9s de varios simpatizantes y vecinos de la comunidad, los cuales tomaron como desaf\u00edo la posibilidad de comenzar a recuperar la disciplina.<\/p>\n<p>El mal estado de las canchas, ha demandado la contrataci\u00f2n de Eduardo &#8220;Capi&#8221; Alvarez, quien cuenta con una amplia experiencia en este tipo de trabajos, el cual inicio las primeras tareas en el amplio predio.<\/p>\n<p>&#8220;El estado de las canchas es muy complejo y va a demandar de un trabajo importante para recuperarlas. De todas maneras, la idea es terminar una para habilitarla, mientras continuamos con la segunda&#8221;, se\u00f1al\u00f3 Alvarez.<\/p>\n<p><strong>La nota completa con Capi Alvarez y el presidente de Automoto, Gabriel Artola, ser\u00e1n emitidas el martes 19, a partir de las 21 hs, en MAGAZINE SPORT por Canal 2 de CELTTV.\u00a0\u00a0<\/strong><\/p>\n<p>https:\/\/www.facebook.com\/100005499317305\/videos\/1158303167696316\/?id=100005499317305<\/p>\n<p><a href=\"http:\/\/www.celttv.com.ar\/?attachment_id=45583\" rel=\"attachment wp-att-45583\"><img loading=\"lazy\" decoding=\"async\" class=\"size-medium wp-image-45583\" src=\"http:\/\/www.celttv.com.ar\/wp-content\/uploads\/2019\/11\/106_8231.jpg\" alt=\"\" width=\"780\" height=\"439\" srcset=\"https:\/\/www.celttv.com.ar\/wp-content\/uploads\/2019\/11\/106_8231.jpg 1920w, https:\/\/www.celttv.com.ar\/wp-content\/uploads\/2019\/11\/106_8231-300x169.jpg 300w, https:\/\/www.celttv.com.ar\/wp-content\/uploads\/2019\/11\/106_8231-1024x576.jpg 1024w, https:\/\/www.celttv.com.ar\/wp-content\/uploads\/2019\/11\/106_8231-768x432.jpg 768w, https:\/\/www.celttv.com.ar\/wp-content\/uploads\/2019\/11\/106_8231-1536x864.jpg 1536w, https:\/\/www.celttv.com.ar\/wp-content\/uploads\/2019\/11\/106_8231-750x422.jpg 750w, https:\/\/www.celttv.com.ar\/wp-content\/uploads\/2019\/11\/106_8231-1140x641.jpg 1140w\" sizes=\"auto, (max-width: 780px) 100vw, 780px\" \/><\/a><\/p>\n<p><a href=\"http:\/\/www.celttv.com.ar\/?attachment_id=45584\" rel=\"attachment wp-att-45584\"><img loading=\"lazy\" decoding=\"async\" class=\"size-medium wp-image-45584\" src=\"http:\/\/www.celttv.com.ar\/wp-content\/uploads\/2019\/11\/106_8212.jpg\" alt=\"\" width=\"439\" height=\"780\" srcset=\"https:\/\/www.celttv.com.ar\/wp-content\/uploads\/2019\/11\/106_8212.jpg 1080w, https:\/\/www.celttv.com.ar\/wp-content\/uploads\/2019\/11\/106_8212-169x300.jpg 169w, https:\/\/www.celttv.com.ar\/wp-content\/uploads\/2019\/11\/106_8212-576x1024.jpg 576w, https:\/\/www.celttv.com.ar\/wp-content\/uploads\/2019\/11\/106_8212-768x1365.jpg 768w, https:\/\/www.celttv.com.ar\/wp-content\/uploads\/2019\/11\/106_8212-864x1536.jpg 864w, https:\/\/www.celttv.com.ar\/wp-content\/uploads\/2019\/11\/106_8212-750x1333.jpg 750w\" sizes=\"auto, (max-width: 439px) 100vw, 439px\" \/><\/a><\/p>\n<p><a href=\"http:\/\/www.celttv.com.ar\/?attachment_id=45585\" rel=\"attachment wp-att-45585\"><img loading=\"lazy\" decoding=\"async\" class=\"size-medium wp-image-45585\" src=\"http:\/\/www.celttv.com.ar\/wp-content\/uploads\/2019\/11\/106_8213.jpg\" alt=\"\" width=\"780\" height=\"439\" srcset=\"https:\/\/www.celttv.com.ar\/wp-content\/uploads\/2019\/11\/106_8213.jpg 1920w, https:\/\/www.celttv.com.ar\/wp-content\/uploads\/2019\/11\/106_8213-300x169.jpg 300w, https:\/\/www.celttv.com.ar\/wp-content\/uploads\/2019\/11\/106_8213-1024x576.jpg 1024w, https:\/\/www.celttv.com.ar\/wp-content\/uploads\/2019\/11\/106_8213-768x432.jpg 768w, https:\/\/www.celttv.com.ar\/wp-content\/uploads\/2019\/11\/106_8213-1536x864.jpg 1536w, https:\/\/www.celttv.com.ar\/wp-content\/uploads\/2019\/11\/106_8213-750x422.jpg 750w, https:\/\/www.celttv.com.ar\/wp-content\/uploads\/2019\/11\/106_8213-1140x641.jpg 1140w\" sizes=\"auto, (max-width: 780px) 100vw, 780px\" \/><\/a><\/p>\n<p><a href=\"http:\/\/www.celttv.com.ar\/?attachment_id=45586\" rel=\"attachment wp-att-45586\"><img loading=\"lazy\" decoding=\"async\" class=\"size-medium wp-image-45586\" src=\"http:\/\/www.celttv.com.ar\/wp-content\/uploads\/2019\/11\/106_8215.jpg\" alt=\"\" width=\"780\" height=\"439\" srcset=\"https:\/\/www.celttv.com.ar\/wp-content\/uploads\/2019\/11\/106_8215.jpg 1920w, https:\/\/www.celttv.com.ar\/wp-content\/uploads\/2019\/11\/106_8215-300x169.jpg 300w, https:\/\/www.celttv.com.ar\/wp-content\/uploads\/2019\/11\/106_8215-1024x576.jpg 1024w, https:\/\/www.celttv.com.ar\/wp-content\/uploads\/2019\/11\/106_8215-768x432.jpg 768w, https:\/\/www.celttv.com.ar\/wp-content\/uploads\/2019\/11\/106_8215-1536x864.jpg 1536w, https:\/\/www.celttv.com.ar\/wp-content\/uploads\/2019\/11\/106_8215-750x422.jpg 750w, https:\/\/www.celttv.com.ar\/wp-content\/uploads\/2019\/11\/106_8215-1140x641.jpg 1140w\" sizes=\"auto, (max-width: 780px) 100vw, 780px\" \/><\/a><\/p>\n<p><a href=\"http:\/\/www.celttv.com.ar\/?attachment_id=45587\" rel=\"attachment wp-att-45587\"><img loading=\"lazy\" decoding=\"async\" class=\"size-medium wp-image-45587\" src=\"http:\/\/www.celttv.com.ar\/wp-content\/uploads\/2019\/11\/106_8216.jpg\" alt=\"\" width=\"780\" height=\"439\" srcset=\"https:\/\/www.celttv.com.ar\/wp-content\/uploads\/2019\/11\/106_8216.jpg 1920w, https:\/\/www.celttv.com.ar\/wp-content\/uploads\/2019\/11\/106_8216-300x169.jpg 300w, https:\/\/www.celttv.com.ar\/wp-content\/uploads\/2019\/11\/106_8216-1024x576.jpg 1024w, https:\/\/www.celttv.com.ar\/wp-content\/uploads\/2019\/11\/106_8216-768x432.jpg 768w, https:\/\/www.celttv.com.ar\/wp-content\/uploads\/2019\/11\/106_8216-1536x864.jpg 1536w, https:\/\/www.celttv.com.ar\/wp-content\/uploads\/2019\/11\/106_8216-750x422.jpg 750w, https:\/\/www.celttv.com.ar\/wp-content\/uploads\/2019\/11\/106_8216-1140x641.jpg 1140w\" sizes=\"auto, (max-width: 780px) 100vw, 780px\" \/><\/a><\/p>\n<p><a href=\"http:\/\/www.celttv.com.ar\/?attachment_id=45588\" rel=\"attachment wp-att-45588\"><img loading=\"lazy\" decoding=\"async\" class=\"size-medium wp-image-45588\" src=\"http:\/\/www.celttv.com.ar\/wp-content\/uploads\/2019\/11\/106_8217.jpg\" alt=\"\" width=\"780\" height=\"439\" srcset=\"https:\/\/www.celttv.com.ar\/wp-content\/uploads\/2019\/11\/106_8217.jpg 1920w, https:\/\/www.celttv.com.ar\/wp-content\/uploads\/2019\/11\/106_8217-300x169.jpg 300w, https:\/\/www.celttv.com.ar\/wp-content\/uploads\/2019\/11\/106_8217-1024x576.jpg 1024w, https:\/\/www.celttv.com.ar\/wp-content\/uploads\/2019\/11\/106_8217-768x432.jpg 768w, https:\/\/www.celttv.com.ar\/wp-content\/uploads\/2019\/11\/106_8217-1536x864.jpg 1536w, https:\/\/www.celttv.com.ar\/wp-content\/uploads\/2019\/11\/106_8217-750x422.jpg 750w, https:\/\/www.celttv.com.ar\/wp-content\/uploads\/2019\/11\/106_8217-1140x641.jpg 1140w\" sizes=\"auto, (max-width: 780px) 100vw, 780px\" \/><\/a><\/p>\n<p><a href=\"http:\/\/www.celttv.com.ar\/?attachment_id=45589\" rel=\"attachment wp-att-45589\"><img loading=\"lazy\" decoding=\"async\" class=\"size-medium wp-image-45589\" src=\"http:\/\/www.celttv.com.ar\/wp-content\/uploads\/2019\/11\/106_8221.jpg\" alt=\"\" width=\"780\" height=\"439\" srcset=\"https:\/\/www.celttv.com.ar\/wp-content\/uploads\/2019\/11\/106_8221.jpg 1920w, https:\/\/www.celttv.com.ar\/wp-content\/uploads\/2019\/11\/106_8221-300x169.jpg 300w, https:\/\/www.celttv.com.ar\/wp-content\/uploads\/2019\/11\/106_8221-1024x576.jpg 1024w, https:\/\/www.celttv.com.ar\/wp-content\/uploads\/2019\/11\/106_8221-768x432.jpg 768w, https:\/\/www.celttv.com.ar\/wp-content\/uploads\/2019\/11\/106_8221-1536x864.jpg 1536w, https:\/\/www.celttv.com.ar\/wp-content\/uploads\/2019\/11\/106_8221-750x422.jpg 750w, https:\/\/www.celttv.com.ar\/wp-content\/uploads\/2019\/11\/106_8221-1140x641.jpg 1140w\" sizes=\"auto, (max-width: 780px) 100vw, 780px\" \/><\/a><\/p>\n<p><a href=\"http:\/\/www.celttv.com.ar\/?attachment_id=45590\" rel=\"attachment wp-att-45590\"><img loading=\"lazy\" decoding=\"async\" class=\"size-medium wp-image-45590\" src=\"http:\/\/www.celttv.com.ar\/wp-content\/uploads\/2019\/11\/106_8225.jpg\" alt=\"\" width=\"780\" height=\"439\" srcset=\"https:\/\/www.celttv.com.ar\/wp-content\/uploads\/2019\/11\/106_8225.jpg 1920w, https:\/\/www.celttv.com.ar\/wp-content\/uploads\/2019\/11\/106_8225-300x169.jpg 300w, https:\/\/www.celttv.com.ar\/wp-content\/uploads\/2019\/11\/106_8225-1024x576.jpg 1024w, https:\/\/www.celttv.com.ar\/wp-content\/uploads\/2019\/11\/106_8225-768x432.jpg 768w, https:\/\/www.celttv.com.ar\/wp-content\/uploads\/2019\/11\/106_8225-1536x864.jpg 1536w, https:\/\/www.celttv.com.ar\/wp-content\/uploads\/2019\/11\/106_8225-750x422.jpg 750w, https:\/\/www.celttv.com.ar\/wp-content\/uploads\/2019\/11\/106_8225-1140x641.jpg 1140w\" sizes=\"auto, (max-width: 780px) 100vw, 780px\" \/><\/a><\/p>\n","protected":false},"excerpt":{"rendered":"<p>El Club Automoto, a trav\u00e9s de la subcomisi\u00f2n de tenis, inici\u00f2 un proceso de recuperaci\u00f2n y puesta en valor de las dos canchas con las que cuenta la entidad. La iniciativa comenz\u00f3 a trav\u00e9s de varios simpatizantes y vecinos de la comunidad, los cuales tomaron como desaf\u00edo la posibilidad de comenzar a recuperar la disciplina. [&hellip;]<\/p>\n","protected":false},"author":1,"featured_media":45581,"comment_status":"closed","ping_status":"open","sticky":false,"template":"","format":"standard","meta":{"footnotes":""},"categories":[55,60,52,63],"tags":[],"class_list":["post-45580","post","type-post","status-publish","format-standard","has-post-thumbnail","hentry","category-celt-tv-noticias","category-deporte","category-destacadas","category-magazine-sport"],"yoast_head":"<!-- This site is optimized with the Yoast SEO plugin v19.7.1 - https:\/\/yoast.com\/wordpress\/plugins\/seo\/ -->\n<title>Comenz\u00f3 la puesta en valor de las canchas de tenis del Club Automoto (Video y fotos) - CELTTV<\/title>\n<meta name=\"description\" content=\"Sitio web de noticias de la localidad de Tornquist, provincia de Buenos Aires, Rep\u00fablica Argentina. Contenido propio originado por periodistas de CELTTV, el canal de TV local de la Cooperativa El\u00e9ctrica de Tornquist. Turismo, Pol\u00edtica, Sociedad, Deporte, Cultura y todo el contenido de inter\u00e9s general que la gente del pueblo y la regi\u00f3n debe conocer.\" \/>\n<meta name=\"robots\" content=\"index, follow, max-snippet:-1, max-image-preview:large, max-video-preview:-1\" \/>\n<link rel=\"canonical\" href=\"https:\/\/www.celttv.com.ar\/index.php\/2019\/11\/18\/comenzo-la-puesta-en-valor-de-las-canchas-de-tenis-del-club-automoto-video-y-fotos\/\" \/>\n<meta property=\"og:locale\" content=\"es_ES\" \/>\n<meta property=\"og:type\" content=\"article\" \/>\n<meta property=\"og:title\" content=\"Comenz\u00f3 la puesta en valor de las canchas de tenis del Club Automoto (Video y fotos) - CELTTV\" \/>\n<meta property=\"og:description\" content=\"Sitio web de noticias de la localidad de Tornquist, provincia de Buenos Aires, Rep\u00fablica Argentina. Contenido propio originado por periodistas de CELTTV, el canal de TV local de la Cooperativa El\u00e9ctrica de Tornquist. Turismo, Pol\u00edtica, Sociedad, Deporte, Cultura y todo el contenido de inter\u00e9s general que la gente del pueblo y la regi\u00f3n debe conocer.\" \/>\n<meta property=\"og:url\" content=\"https:\/\/www.celttv.com.ar\/index.php\/2019\/11\/18\/comenzo-la-puesta-en-valor-de-las-canchas-de-tenis-del-club-automoto-video-y-fotos\/\" \/>\n<meta property=\"og:site_name\" content=\"CELTTV\" \/>\n<meta property=\"article:publisher\" content=\"https:\/\/www.facebook.com\/celtTV\/\" \/>\n<meta property=\"article:published_time\" content=\"2019-11-18T19:42:17+00:00\" \/>\n<meta property=\"og:image\" content=\"https:\/\/www.celttv.com.ar\/wp-content\/uploads\/2019\/11\/106_8224.jpg\" \/>\n\t<meta property=\"og:image:width\" content=\"1920\" \/>\n\t<meta property=\"og:image:height\" content=\"1080\" \/>\n\t<meta property=\"og:image:type\" content=\"image\/jpeg\" \/>\n<meta name=\"author\" content=\"ulises\" \/>\n<meta name=\"twitter:card\" content=\"summary_large_image\" \/>\n<meta name=\"twitter:label1\" content=\"Escrito por\" \/>\n\t<meta name=\"twitter:data1\" content=\"ulises\" \/>\n\t<meta name=\"twitter:label2\" content=\"Tiempo de lectura\" \/>\n\t<meta name=\"twitter:data2\" content=\"1 minuto\" \/>\n<script type=\"application\/ld+json\" class=\"yoast-schema-graph\">{\"@context\":\"https:\/\/schema.org\",\"@graph\":[{\"@type\":\"NewsArticle\",\"@id\":\"https:\/\/www.celttv.com.ar\/index.php\/2019\/11\/18\/comenzo-la-puesta-en-valor-de-las-canchas-de-tenis-del-club-automoto-video-y-fotos\/#article\",\"isPartOf\":{\"@id\":\"https:\/\/www.celttv.com.ar\/index.php\/2019\/11\/18\/comenzo-la-puesta-en-valor-de-las-canchas-de-tenis-del-club-automoto-video-y-fotos\/\"},\"author\":{\"name\":\"ulises\",\"@id\":\"https:\/\/www.celttv.com.ar\/#\/schema\/person\/6d99c072dba59953809c81446e9d0ace\"},\"headline\":\"Comenz\u00f3 la puesta en valor de las canchas de tenis del Club Automoto (Video y fotos)\",\"datePublished\":\"2019-11-18T19:42:17+00:00\",\"dateModified\":\"2019-11-18T19:42:17+00:00\",\"mainEntityOfPage\":{\"@id\":\"https:\/\/www.celttv.com.ar\/index.php\/2019\/11\/18\/comenzo-la-puesta-en-valor-de-las-canchas-de-tenis-del-club-automoto-video-y-fotos\/\"},\"wordCount\":184,\"publisher\":{\"@id\":\"https:\/\/www.celttv.com.ar\/#organization\"},\"articleSection\":[\"Celt TV Noticias\",\"Deporte\",\"Destacadas\",\"Magazine Sport\"],\"inLanguage\":\"es\"},{\"@type\":\"WebPage\",\"@id\":\"https:\/\/www.celttv.com.ar\/index.php\/2019\/11\/18\/comenzo-la-puesta-en-valor-de-las-canchas-de-tenis-del-club-automoto-video-y-fotos\/\",\"url\":\"https:\/\/www.celttv.com.ar\/index.php\/2019\/11\/18\/comenzo-la-puesta-en-valor-de-las-canchas-de-tenis-del-club-automoto-video-y-fotos\/\",\"name\":\"Comenz\u00f3 la puesta en valor de las canchas de tenis del Club Automoto (Video y fotos) - CELTTV\",\"isPartOf\":{\"@id\":\"https:\/\/www.celttv.com.ar\/#website\"},\"datePublished\":\"2019-11-18T19:42:17+00:00\",\"dateModified\":\"2019-11-18T19:42:17+00:00\",\"description\":\"Sitio web de noticias de la localidad de Tornquist, provincia de Buenos Aires, Rep\u00fablica Argentina. Contenido propio originado por periodistas de CELTTV, el canal de TV local de la Cooperativa El\u00e9ctrica de Tornquist. Turismo, Pol\u00edtica, Sociedad, Deporte, Cultura y todo el contenido de inter\u00e9s general que la gente del pueblo y la regi\u00f3n debe conocer.\",\"breadcrumb\":{\"@id\":\"https:\/\/www.celttv.com.ar\/index.php\/2019\/11\/18\/comenzo-la-puesta-en-valor-de-las-canchas-de-tenis-del-club-automoto-video-y-fotos\/#breadcrumb\"},\"inLanguage\":\"es\",\"potentialAction\":[{\"@type\":\"ReadAction\",\"target\":[\"https:\/\/www.celttv.com.ar\/index.php\/2019\/11\/18\/comenzo-la-puesta-en-valor-de-las-canchas-de-tenis-del-club-automoto-video-y-fotos\/\"]}]},{\"@type\":\"BreadcrumbList\",\"@id\":\"https:\/\/www.celttv.com.ar\/index.php\/2019\/11\/18\/comenzo-la-puesta-en-valor-de-las-canchas-de-tenis-del-club-automoto-video-y-fotos\/#breadcrumb\",\"itemListElement\":[{\"@type\":\"ListItem\",\"position\":1,\"name\":\"Inicio\",\"item\":\"https:\/\/www.celttv.com.ar\/\"},{\"@type\":\"ListItem\",\"position\":2,\"name\":\"Comenz\u00f3 la puesta en valor de las canchas de tenis del Club Automoto (Video y fotos)\"}]},{\"@type\":\"WebSite\",\"@id\":\"https:\/\/www.celttv.com.ar\/#website\",\"url\":\"https:\/\/www.celttv.com.ar\/\",\"name\":\"CELTTV\",\"description\":\"Cooperativa El\u00e9ctrica de Tornquist\",\"publisher\":{\"@id\":\"https:\/\/www.celttv.com.ar\/#organization\"},\"potentialAction\":[{\"@type\":\"SearchAction\",\"target\":{\"@type\":\"EntryPoint\",\"urlTemplate\":\"https:\/\/www.celttv.com.ar\/?s={search_term_string}\"},\"query-input\":\"required name=search_term_string\"}],\"inLanguage\":\"es\"},{\"@type\":\"Organization\",\"@id\":\"https:\/\/www.celttv.com.ar\/#organization\",\"name\":\"CELTTV\",\"url\":\"https:\/\/www.celttv.com.ar\/\",\"sameAs\":[\"https:\/\/www.youtube.com\/channel\/UCz_oIt8Hig64Ub-EmcNPIhg\",\"https:\/\/www.facebook.com\/celtTV\/\"],\"logo\":{\"@type\":\"ImageObject\",\"inLanguage\":\"es\",\"@id\":\"https:\/\/www.celttv.com.ar\/#\/schema\/logo\/image\/\",\"url\":\"http:\/\/www.celttv.com.ar\/wp-content\/uploads\/2022\/08\/logo-1.png\",\"contentUrl\":\"http:\/\/www.celttv.com.ar\/wp-content\/uploads\/2022\/08\/logo-1.png\",\"width\":461,\"height\":159,\"caption\":\"CELTTV\"},\"image\":{\"@id\":\"https:\/\/www.celttv.com.ar\/#\/schema\/logo\/image\/\"}},{\"@type\":\"Person\",\"@id\":\"https:\/\/www.celttv.com.ar\/#\/schema\/person\/6d99c072dba59953809c81446e9d0ace\",\"name\":\"ulises\",\"image\":{\"@type\":\"ImageObject\",\"inLanguage\":\"es\",\"@id\":\"https:\/\/www.celttv.com.ar\/#\/schema\/person\/image\/\",\"url\":\"https:\/\/secure.gravatar.com\/avatar\/7f2c48bdc33b30088f941fb6082e555f2874c98e20cb159d7b92b50eadfce793?s=96&d=mm&r=g\",\"contentUrl\":\"https:\/\/secure.gravatar.com\/avatar\/7f2c48bdc33b30088f941fb6082e555f2874c98e20cb159d7b92b50eadfce793?s=96&d=mm&r=g\",\"caption\":\"ulises\"},\"sameAs\":[\"http:\/\/www.celttv.com.ar\"]}]}<\/script>\n<!-- \/ Yoast SEO plugin. -->","yoast_head_json":{"title":"Comenz\u00f3 la puesta en valor de las canchas de tenis del Club Automoto (Video y fotos) - CELTTV","description":"Sitio web de noticias de la localidad de Tornquist, provincia de Buenos Aires, Rep\u00fablica Argentina. Contenido propio originado por periodistas de CELTTV, el canal de TV local de la Cooperativa El\u00e9ctrica de Tornquist. Turismo, Pol\u00edtica, Sociedad, Deporte, Cultura y todo el contenido de inter\u00e9s general que la gente del pueblo y la regi\u00f3n debe conocer.","robots":{"index":"index","follow":"follow","max-snippet":"max-snippet:-1","max-image-preview":"max-image-preview:large","max-video-preview":"max-video-preview:-1"},"canonical":"https:\/\/www.celttv.com.ar\/index.php\/2019\/11\/18\/comenzo-la-puesta-en-valor-de-las-canchas-de-tenis-del-club-automoto-video-y-fotos\/","og_locale":"es_ES","og_type":"article","og_title":"Comenz\u00f3 la puesta en valor de las canchas de tenis del Club Automoto (Video y fotos) - CELTTV","og_description":"Sitio web de noticias de la localidad de Tornquist, provincia de Buenos Aires, Rep\u00fablica Argentina. Contenido propio originado por periodistas de CELTTV, el canal de TV local de la Cooperativa El\u00e9ctrica de Tornquist. Turismo, Pol\u00edtica, Sociedad, Deporte, Cultura y todo el contenido de inter\u00e9s general que la gente del pueblo y la regi\u00f3n debe conocer.","og_url":"https:\/\/www.celttv.com.ar\/index.php\/2019\/11\/18\/comenzo-la-puesta-en-valor-de-las-canchas-de-tenis-del-club-automoto-video-y-fotos\/","og_site_name":"CELTTV","article_publisher":"https:\/\/www.facebook.com\/celtTV\/","article_published_time":"2019-11-18T19:42:17+00:00","og_image":[{"width":1920,"height":1080,"url":"https:\/\/www.celttv.com.ar\/wp-content\/uploads\/2019\/11\/106_8224.jpg","type":"image\/jpeg"}],"author":"ulises","twitter_card":"summary_large_image","twitter_misc":{"Escrito por":"ulises","Tiempo de lectura":"1 minuto"},"schema":{"@context":"https:\/\/schema.org","@graph":[{"@type":"NewsArticle","@id":"https:\/\/www.celttv.com.ar\/index.php\/2019\/11\/18\/comenzo-la-puesta-en-valor-de-las-canchas-de-tenis-del-club-automoto-video-y-fotos\/#article","isPartOf":{"@id":"https:\/\/www.celttv.com.ar\/index.php\/2019\/11\/18\/comenzo-la-puesta-en-valor-de-las-canchas-de-tenis-del-club-automoto-video-y-fotos\/"},"author":{"name":"ulises","@id":"https:\/\/www.celttv.com.ar\/#\/schema\/person\/6d99c072dba59953809c81446e9d0ace"},"headline":"Comenz\u00f3 la puesta en valor de las canchas de tenis del Club Automoto (Video y fotos)","datePublished":"2019-11-18T19:42:17+00:00","dateModified":"2019-11-18T19:42:17+00:00","mainEntityOfPage":{"@id":"https:\/\/www.celttv.com.ar\/index.php\/2019\/11\/18\/comenzo-la-puesta-en-valor-de-las-canchas-de-tenis-del-club-automoto-video-y-fotos\/"},"wordCount":184,"publisher":{"@id":"https:\/\/www.celttv.com.ar\/#organization"},"articleSection":["Celt TV Noticias","Deporte","Destacadas","Magazine Sport"],"inLanguage":"es"},{"@type":"WebPage","@id":"https:\/\/www.celttv.com.ar\/index.php\/2019\/11\/18\/comenzo-la-puesta-en-valor-de-las-canchas-de-tenis-del-club-automoto-video-y-fotos\/","url":"https:\/\/www.celttv.com.ar\/index.php\/2019\/11\/18\/comenzo-la-puesta-en-valor-de-las-canchas-de-tenis-del-club-automoto-video-y-fotos\/","name":"Comenz\u00f3 la puesta en valor de las canchas de tenis del Club Automoto (Video y fotos) - CELTTV","isPartOf":{"@id":"https:\/\/www.celttv.com.ar\/#website"},"datePublished":"2019-11-18T19:42:17+00:00","dateModified":"2019-11-18T19:42:17+00:00","description":"Sitio web de noticias de la localidad de Tornquist, provincia de Buenos Aires, Rep\u00fablica Argentina. Contenido propio originado por periodistas de CELTTV, el canal de TV local de la Cooperativa El\u00e9ctrica de Tornquist. Turismo, Pol\u00edtica, Sociedad, Deporte, Cultura y todo el contenido de inter\u00e9s general que la gente del pueblo y la regi\u00f3n debe conocer.","breadcrumb":{"@id":"https:\/\/www.celttv.com.ar\/index.php\/2019\/11\/18\/comenzo-la-puesta-en-valor-de-las-canchas-de-tenis-del-club-automoto-video-y-fotos\/#breadcrumb"},"inLanguage":"es","potentialAction":[{"@type":"ReadAction","target":["https:\/\/www.celttv.com.ar\/index.php\/2019\/11\/18\/comenzo-la-puesta-en-valor-de-las-canchas-de-tenis-del-club-automoto-video-y-fotos\/"]}]},{"@type":"BreadcrumbList","@id":"https:\/\/www.celttv.com.ar\/index.php\/2019\/11\/18\/comenzo-la-puesta-en-valor-de-las-canchas-de-tenis-del-club-automoto-video-y-fotos\/#breadcrumb","itemListElement":[{"@type":"ListItem","position":1,"name":"Inicio","item":"https:\/\/www.celttv.com.ar\/"},{"@type":"ListItem","position":2,"name":"Comenz\u00f3 la puesta en valor de las canchas de tenis del Club Automoto (Video y fotos)"}]},{"@type":"WebSite","@id":"https:\/\/www.celttv.com.ar\/#website","url":"https:\/\/www.celttv.com.ar\/","name":"CELTTV","description":"Cooperativa El\u00e9ctrica de Tornquist","publisher":{"@id":"https:\/\/www.celttv.com.ar\/#organization"},"potentialAction":[{"@type":"SearchAction","target":{"@type":"EntryPoint","urlTemplate":"https:\/\/www.celttv.com.ar\/?s={search_term_string}"},"query-input":"required name=search_term_string"}],"inLanguage":"es"},{"@type":"Organization","@id":"https:\/\/www.celttv.com.ar\/#organization","name":"CELTTV","url":"https:\/\/www.celttv.com.ar\/","sameAs":["https:\/\/www.youtube.com\/channel\/UCz_oIt8Hig64Ub-EmcNPIhg","https:\/\/www.facebook.com\/celtTV\/"],"logo":{"@type":"ImageObject","inLanguage":"es","@id":"https:\/\/www.celttv.com.ar\/#\/schema\/logo\/image\/","url":"http:\/\/www.celttv.com.ar\/wp-content\/uploads\/2022\/08\/logo-1.png","contentUrl":"http:\/\/www.celttv.com.ar\/wp-content\/uploads\/2022\/08\/logo-1.png","width":461,"height":159,"caption":"CELTTV"},"image":{"@id":"https:\/\/www.celttv.com.ar\/#\/schema\/logo\/image\/"}},{"@type":"Person","@id":"https:\/\/www.celttv.com.ar\/#\/schema\/person\/6d99c072dba59953809c81446e9d0ace","name":"ulises","image":{"@type":"ImageObject","inLanguage":"es","@id":"https:\/\/www.celttv.com.ar\/#\/schema\/person\/image\/","url":"https:\/\/secure.gravatar.com\/avatar\/7f2c48bdc33b30088f941fb6082e555f2874c98e20cb159d7b92b50eadfce793?s=96&d=mm&r=g","contentUrl":"https:\/\/secure.gravatar.com\/avatar\/7f2c48bdc33b30088f941fb6082e555f2874c98e20cb159d7b92b50eadfce793?s=96&d=mm&r=g","caption":"ulises"},"sameAs":["http:\/\/www.celttv.com.ar"]}]}},"_links":{"self":[{"href":"https:\/\/www.celttv.com.ar\/index.php\/wp-json\/wp\/v2\/posts\/45580","targetHints":{"allow":["GET"]}}],"collection":[{"href":"https:\/\/www.celttv.com.ar\/index.php\/wp-json\/wp\/v2\/posts"}],"about":[{"href":"https:\/\/www.celttv.com.ar\/index.php\/wp-json\/wp\/v2\/types\/post"}],"author":[{"embeddable":true,"href":"https:\/\/www.celttv.com.ar\/index.php\/wp-json\/wp\/v2\/users\/1"}],"replies":[{"embeddable":true,"href":"https:\/\/www.celttv.com.ar\/index.php\/wp-json\/wp\/v2\/comments?post=45580"}],"version-history":[{"count":0,"href":"https:\/\/www.celttv.com.ar\/index.php\/wp-json\/wp\/v2\/posts\/45580\/revisions"}],"wp:featuredmedia":[{"embeddable":true,"href":"https:\/\/www.celttv.com.ar\/index.php\/wp-json\/wp\/v2\/media\/45581"}],"wp:attachment":[{"href":"https:\/\/www.celttv.com.ar\/index.php\/wp-json\/wp\/v2\/media?parent=45580"}],"wp:term":[{"taxonomy":"category","embeddable":true,"href":"https:\/\/www.celttv.com.ar\/index.php\/wp-json\/wp\/v2\/categories?post=45580"},{"taxonomy":"post_tag","embeddable":true,"href":"https:\/\/www.celttv.com.ar\/index.php\/wp-json\/wp\/v2\/tags?post=45580"}],"curies":[{"name":"wp","href":"https:\/\/api.w.org\/{rel}","templated":true}]}}