{"id":45607,"date":"2019-11-20T20:12:04","date_gmt":"2019-11-20T20:12:04","guid":{"rendered":"http:\/\/www.celttv.com.ar\/?p=45607"},"modified":"2019-11-20T20:12:04","modified_gmt":"2019-11-20T20:12:04","slug":"el-grupo-de-tiro-con-arco-tornquist-festejo-en-general-lamadrid-4-notas","status":"publish","type":"post","link":"https:\/\/www.celttv.com.ar\/index.php\/2019\/11\/20\/el-grupo-de-tiro-con-arco-tornquist-festejo-en-general-lamadrid-4-notas\/","title":{"rendered":"El grupo de Tiro con Arco Tornquist festej\u00f3 en General Lamadrid (4 Notas)"},"content":{"rendered":"<p>El grupo de Tiro con Arco Tornquist, partici\u00f3 de la \u00faltima fecha del torneo social realizado en la ciudad de General Lamadrid.<\/p>\n<p>Viajaron a dicha localidad 11 arqueros que representaron a Tornquist, obteniendo seis campeonatos, varios segundos puestos y menciones.<\/p>\n<p>Los arqueros <strong>Gustavo Mutti, Eliana Marconi, Martha Aguirre<\/strong> y <strong>Graciela Gonz\u00e1lez<\/strong>, estuvieron en el programa <strong>MAGAZINE SPORT<\/strong> donde contaron su experiencia en dicho torneo.<\/p>\n<p>Los resultados fueron los siguientes:<\/p>\n<p>RASO INFANTIL<br \/>\nLucas Klock, 2\u00b0 puesto del torneo, Campe\u00f3n de la categor\u00eda<br \/>\nRenata Ant\u00f3n, 3\u00b0 puesto del torneo<\/p>\n<p>RASO<br \/>\nEliana Marconi, 2\u00b0 puesto del torneo, Campe\u00f3n de la categor\u00eda<br \/>\nRomina Berra, 9\u00b0 puesto del torneo<br \/>\nCintia Williman, 10\u00b0 puesto del torneo<br \/>\nLorena Orazi y Martha Aguirre, 11\u00b0 puesto del torneo<\/p>\n<p>INSTINTIVO<br \/>\nMariano Del R\u00edo, 3\u00b0 puesto del torneo, Campe\u00f3n de la categor\u00eda<\/p>\n<p>COMPUESTO CAZADOR<br \/>\nDiego Pardo, 1\u00b0 puesto del torneo, Campe\u00f3n de la categor\u00eda<\/p>\n<p>RECURVO OL\u00cdMPICO<br \/>\nGraciela Gonzalez, 1\u00b0 puesto del torneo, Campe\u00f3n de la categor\u00eda<\/p>\n<p>COMPUESTO CAZADOR MASTER<br \/>\nGustavo Mutti, 1\u00b0 puesto del torneo, Campe\u00f3n de la categor\u00eda<\/p>\n<div class=\"jeg_video_container jeg_video_content\"><iframe loading=\"lazy\" title=\"2019 11 19 \/\/ MAGAZINE SPORT: GUSTAVO MUTTI (ARQUER\u00cdA EN GRAL. LAMADRID)\" width=\"500\" height=\"281\" src=\"https:\/\/www.youtube.com\/embed\/QC9NjZ6EgjI?start=5&#038;feature=oembed\" frameborder=\"0\" allow=\"accelerometer; autoplay; clipboard-write; encrypted-media; gyroscope; picture-in-picture; web-share\" referrerpolicy=\"strict-origin-when-cross-origin\" allowfullscreen><\/iframe><\/div>\n<div class=\"jeg_video_container jeg_video_content\"><iframe loading=\"lazy\" title=\"2019 11 19 \/\/ MAGAZINE SPORT: ELIANA MARCONI (ARQUER\u00cdA EN GRAL. LAMADRID)\" width=\"500\" height=\"281\" src=\"https:\/\/www.youtube.com\/embed\/U_5qlgQTdnM?feature=oembed\" frameborder=\"0\" allow=\"accelerometer; autoplay; clipboard-write; encrypted-media; gyroscope; picture-in-picture; web-share\" referrerpolicy=\"strict-origin-when-cross-origin\" allowfullscreen><\/iframe><\/div>\n<div class=\"jeg_video_container jeg_video_content\"><iframe loading=\"lazy\" title=\"2019 11 19 \/\/ MAGAZINE SPORT: MARTHA AGUIRRE (ARQUER\u00cdA EN GRAL. LAMADRID)\" width=\"500\" height=\"281\" src=\"https:\/\/www.youtube.com\/embed\/RRT7seaf51g?feature=oembed\" frameborder=\"0\" allow=\"accelerometer; autoplay; clipboard-write; encrypted-media; gyroscope; picture-in-picture; web-share\" referrerpolicy=\"strict-origin-when-cross-origin\" allowfullscreen><\/iframe><\/div>\n<div class=\"jeg_video_container jeg_video_content\"><iframe loading=\"lazy\" title=\"2019 11 19 \/\/ MAGAZINE SPORT: GRACIELA GONZ\u00c1LEZ (ARQUER\u00cdA EN GRAL. LAMADRID)\" width=\"500\" height=\"281\" src=\"https:\/\/www.youtube.com\/embed\/-JqOy66vP5A?feature=oembed\" frameborder=\"0\" allow=\"accelerometer; autoplay; clipboard-write; encrypted-media; gyroscope; picture-in-picture; web-share\" referrerpolicy=\"strict-origin-when-cross-origin\" allowfullscreen><\/iframe><\/div>\n<p>&nbsp;<\/p>\n","protected":false},"excerpt":{"rendered":"<p>El grupo de Tiro con Arco Tornquist, partici\u00f3 de la \u00faltima fecha del torneo social realizado en la ciudad de General Lamadrid. Viajaron a dicha localidad 11 arqueros que representaron a Tornquist, obteniendo seis campeonatos, varios segundos puestos y menciones. Los arqueros Gustavo Mutti, Eliana Marconi, Martha Aguirre y Graciela Gonz\u00e1lez, estuvieron en el programa [&hellip;]<\/p>\n","protected":false},"author":1,"featured_media":45611,"comment_status":"closed","ping_status":"open","sticky":false,"template":"","format":"standard","meta":{"footnotes":""},"categories":[55,60,52,63],"tags":[],"class_list":["post-45607","post","type-post","status-publish","format-standard","has-post-thumbnail","hentry","category-celt-tv-noticias","category-deporte","category-destacadas","category-magazine-sport"],"yoast_head":"<!-- This site is optimized with the Yoast SEO plugin v19.7.1 - https:\/\/yoast.com\/wordpress\/plugins\/seo\/ -->\n<title>El grupo de Tiro con Arco Tornquist festej\u00f3 en General Lamadrid (4 Notas) - CELTTV<\/title>\n<meta name=\"description\" content=\"Sitio web de noticias de la localidad de Tornquist, provincia de Buenos Aires, Rep\u00fablica Argentina. Contenido propio originado por periodistas de CELTTV, el canal de TV local de la Cooperativa El\u00e9ctrica de Tornquist. Turismo, Pol\u00edtica, Sociedad, Deporte, Cultura y todo el contenido de inter\u00e9s general que la gente del pueblo y la regi\u00f3n debe conocer.\" \/>\n<meta name=\"robots\" content=\"index, follow, max-snippet:-1, max-image-preview:large, max-video-preview:-1\" \/>\n<link rel=\"canonical\" href=\"https:\/\/www.celttv.com.ar\/index.php\/2019\/11\/20\/el-grupo-de-tiro-con-arco-tornquist-festejo-en-general-lamadrid-4-notas\/\" \/>\n<meta property=\"og:locale\" content=\"es_ES\" \/>\n<meta property=\"og:type\" content=\"article\" \/>\n<meta property=\"og:title\" content=\"El grupo de Tiro con Arco Tornquist festej\u00f3 en General Lamadrid (4 Notas) - CELTTV\" \/>\n<meta property=\"og:description\" content=\"Sitio web de noticias de la localidad de Tornquist, provincia de Buenos Aires, Rep\u00fablica Argentina. Contenido propio originado por periodistas de CELTTV, el canal de TV local de la Cooperativa El\u00e9ctrica de Tornquist. Turismo, Pol\u00edtica, Sociedad, Deporte, Cultura y todo el contenido de inter\u00e9s general que la gente del pueblo y la regi\u00f3n debe conocer.\" \/>\n<meta property=\"og:url\" content=\"https:\/\/www.celttv.com.ar\/index.php\/2019\/11\/20\/el-grupo-de-tiro-con-arco-tornquist-festejo-en-general-lamadrid-4-notas\/\" \/>\n<meta property=\"og:site_name\" content=\"CELTTV\" \/>\n<meta property=\"article:publisher\" content=\"https:\/\/www.facebook.com\/celtTV\/\" \/>\n<meta property=\"article:published_time\" content=\"2019-11-20T20:12:04+00:00\" \/>\n<meta property=\"og:image\" content=\"https:\/\/www.celttv.com.ar\/wp-content\/uploads\/2019\/11\/WhatsApp-Image-2019-11-20-at-12.14.14-1-1.jpeg\" \/>\n\t<meta property=\"og:image:width\" content=\"1275\" \/>\n\t<meta property=\"og:image:height\" content=\"647\" \/>\n\t<meta property=\"og:image:type\" content=\"image\/jpeg\" \/>\n<meta name=\"author\" content=\"ulises\" \/>\n<meta name=\"twitter:card\" content=\"summary_large_image\" \/>\n<meta name=\"twitter:label1\" content=\"Escrito por\" \/>\n\t<meta name=\"twitter:data1\" content=\"ulises\" \/>\n\t<meta name=\"twitter:label2\" content=\"Tiempo de lectura\" \/>\n\t<meta name=\"twitter:data2\" content=\"1 minuto\" \/>\n<script type=\"application\/ld+json\" class=\"yoast-schema-graph\">{\"@context\":\"https:\/\/schema.org\",\"@graph\":[{\"@type\":\"NewsArticle\",\"@id\":\"https:\/\/www.celttv.com.ar\/index.php\/2019\/11\/20\/el-grupo-de-tiro-con-arco-tornquist-festejo-en-general-lamadrid-4-notas\/#article\",\"isPartOf\":{\"@id\":\"https:\/\/www.celttv.com.ar\/index.php\/2019\/11\/20\/el-grupo-de-tiro-con-arco-tornquist-festejo-en-general-lamadrid-4-notas\/\"},\"author\":{\"name\":\"ulises\",\"@id\":\"https:\/\/www.celttv.com.ar\/#\/schema\/person\/6d99c072dba59953809c81446e9d0ace\"},\"headline\":\"El grupo de Tiro con Arco Tornquist festej\u00f3 en General Lamadrid (4 Notas)\",\"datePublished\":\"2019-11-20T20:12:04+00:00\",\"dateModified\":\"2019-11-20T20:12:04+00:00\",\"mainEntityOfPage\":{\"@id\":\"https:\/\/www.celttv.com.ar\/index.php\/2019\/11\/20\/el-grupo-de-tiro-con-arco-tornquist-festejo-en-general-lamadrid-4-notas\/\"},\"wordCount\":224,\"publisher\":{\"@id\":\"https:\/\/www.celttv.com.ar\/#organization\"},\"articleSection\":[\"Celt TV Noticias\",\"Deporte\",\"Destacadas\",\"Magazine Sport\"],\"inLanguage\":\"es\"},{\"@type\":\"WebPage\",\"@id\":\"https:\/\/www.celttv.com.ar\/index.php\/2019\/11\/20\/el-grupo-de-tiro-con-arco-tornquist-festejo-en-general-lamadrid-4-notas\/\",\"url\":\"https:\/\/www.celttv.com.ar\/index.php\/2019\/11\/20\/el-grupo-de-tiro-con-arco-tornquist-festejo-en-general-lamadrid-4-notas\/\",\"name\":\"El grupo de Tiro con Arco Tornquist festej\u00f3 en General Lamadrid (4 Notas) - CELTTV\",\"isPartOf\":{\"@id\":\"https:\/\/www.celttv.com.ar\/#website\"},\"datePublished\":\"2019-11-20T20:12:04+00:00\",\"dateModified\":\"2019-11-20T20:12:04+00:00\",\"description\":\"Sitio web de noticias de la localidad de Tornquist, provincia de Buenos Aires, Rep\u00fablica Argentina. Contenido propio originado por periodistas de CELTTV, el canal de TV local de la Cooperativa El\u00e9ctrica de Tornquist. Turismo, Pol\u00edtica, Sociedad, Deporte, Cultura y todo el contenido de inter\u00e9s general que la gente del pueblo y la regi\u00f3n debe conocer.\",\"breadcrumb\":{\"@id\":\"https:\/\/www.celttv.com.ar\/index.php\/2019\/11\/20\/el-grupo-de-tiro-con-arco-tornquist-festejo-en-general-lamadrid-4-notas\/#breadcrumb\"},\"inLanguage\":\"es\",\"potentialAction\":[{\"@type\":\"ReadAction\",\"target\":[\"https:\/\/www.celttv.com.ar\/index.php\/2019\/11\/20\/el-grupo-de-tiro-con-arco-tornquist-festejo-en-general-lamadrid-4-notas\/\"]}]},{\"@type\":\"BreadcrumbList\",\"@id\":\"https:\/\/www.celttv.com.ar\/index.php\/2019\/11\/20\/el-grupo-de-tiro-con-arco-tornquist-festejo-en-general-lamadrid-4-notas\/#breadcrumb\",\"itemListElement\":[{\"@type\":\"ListItem\",\"position\":1,\"name\":\"Inicio\",\"item\":\"https:\/\/www.celttv.com.ar\/\"},{\"@type\":\"ListItem\",\"position\":2,\"name\":\"El grupo de Tiro con Arco Tornquist festej\u00f3 en General Lamadrid (4 Notas)\"}]},{\"@type\":\"WebSite\",\"@id\":\"https:\/\/www.celttv.com.ar\/#website\",\"url\":\"https:\/\/www.celttv.com.ar\/\",\"name\":\"CELTTV\",\"description\":\"Cooperativa El\u00e9ctrica de Tornquist\",\"publisher\":{\"@id\":\"https:\/\/www.celttv.com.ar\/#organization\"},\"potentialAction\":[{\"@type\":\"SearchAction\",\"target\":{\"@type\":\"EntryPoint\",\"urlTemplate\":\"https:\/\/www.celttv.com.ar\/?s={search_term_string}\"},\"query-input\":\"required name=search_term_string\"}],\"inLanguage\":\"es\"},{\"@type\":\"Organization\",\"@id\":\"https:\/\/www.celttv.com.ar\/#organization\",\"name\":\"CELTTV\",\"url\":\"https:\/\/www.celttv.com.ar\/\",\"sameAs\":[\"https:\/\/www.youtube.com\/channel\/UCz_oIt8Hig64Ub-EmcNPIhg\",\"https:\/\/www.facebook.com\/celtTV\/\"],\"logo\":{\"@type\":\"ImageObject\",\"inLanguage\":\"es\",\"@id\":\"https:\/\/www.celttv.com.ar\/#\/schema\/logo\/image\/\",\"url\":\"http:\/\/www.celttv.com.ar\/wp-content\/uploads\/2022\/08\/logo-1.png\",\"contentUrl\":\"http:\/\/www.celttv.com.ar\/wp-content\/uploads\/2022\/08\/logo-1.png\",\"width\":461,\"height\":159,\"caption\":\"CELTTV\"},\"image\":{\"@id\":\"https:\/\/www.celttv.com.ar\/#\/schema\/logo\/image\/\"}},{\"@type\":\"Person\",\"@id\":\"https:\/\/www.celttv.com.ar\/#\/schema\/person\/6d99c072dba59953809c81446e9d0ace\",\"name\":\"ulises\",\"image\":{\"@type\":\"ImageObject\",\"inLanguage\":\"es\",\"@id\":\"https:\/\/www.celttv.com.ar\/#\/schema\/person\/image\/\",\"url\":\"https:\/\/secure.gravatar.com\/avatar\/7f2c48bdc33b30088f941fb6082e555f2874c98e20cb159d7b92b50eadfce793?s=96&d=mm&r=g\",\"contentUrl\":\"https:\/\/secure.gravatar.com\/avatar\/7f2c48bdc33b30088f941fb6082e555f2874c98e20cb159d7b92b50eadfce793?s=96&d=mm&r=g\",\"caption\":\"ulises\"},\"sameAs\":[\"http:\/\/www.celttv.com.ar\"]}]}<\/script>\n<!-- \/ Yoast SEO plugin. -->","yoast_head_json":{"title":"El grupo de Tiro con Arco Tornquist festej\u00f3 en General Lamadrid (4 Notas) - CELTTV","description":"Sitio web de noticias de la localidad de Tornquist, provincia de Buenos Aires, Rep\u00fablica Argentina. Contenido propio originado por periodistas de CELTTV, el canal de TV local de la Cooperativa El\u00e9ctrica de Tornquist. Turismo, Pol\u00edtica, Sociedad, Deporte, Cultura y todo el contenido de inter\u00e9s general que la gente del pueblo y la regi\u00f3n debe conocer.","robots":{"index":"index","follow":"follow","max-snippet":"max-snippet:-1","max-image-preview":"max-image-preview:large","max-video-preview":"max-video-preview:-1"},"canonical":"https:\/\/www.celttv.com.ar\/index.php\/2019\/11\/20\/el-grupo-de-tiro-con-arco-tornquist-festejo-en-general-lamadrid-4-notas\/","og_locale":"es_ES","og_type":"article","og_title":"El grupo de Tiro con Arco Tornquist festej\u00f3 en General Lamadrid (4 Notas) - CELTTV","og_description":"Sitio web de noticias de la localidad de Tornquist, provincia de Buenos Aires, Rep\u00fablica Argentina. Contenido propio originado por periodistas de CELTTV, el canal de TV local de la Cooperativa El\u00e9ctrica de Tornquist. Turismo, Pol\u00edtica, Sociedad, Deporte, Cultura y todo el contenido de inter\u00e9s general que la gente del pueblo y la regi\u00f3n debe conocer.","og_url":"https:\/\/www.celttv.com.ar\/index.php\/2019\/11\/20\/el-grupo-de-tiro-con-arco-tornquist-festejo-en-general-lamadrid-4-notas\/","og_site_name":"CELTTV","article_publisher":"https:\/\/www.facebook.com\/celtTV\/","article_published_time":"2019-11-20T20:12:04+00:00","og_image":[{"width":1275,"height":647,"url":"https:\/\/www.celttv.com.ar\/wp-content\/uploads\/2019\/11\/WhatsApp-Image-2019-11-20-at-12.14.14-1-1.jpeg","type":"image\/jpeg"}],"author":"ulises","twitter_card":"summary_large_image","twitter_misc":{"Escrito por":"ulises","Tiempo de lectura":"1 minuto"},"schema":{"@context":"https:\/\/schema.org","@graph":[{"@type":"NewsArticle","@id":"https:\/\/www.celttv.com.ar\/index.php\/2019\/11\/20\/el-grupo-de-tiro-con-arco-tornquist-festejo-en-general-lamadrid-4-notas\/#article","isPartOf":{"@id":"https:\/\/www.celttv.com.ar\/index.php\/2019\/11\/20\/el-grupo-de-tiro-con-arco-tornquist-festejo-en-general-lamadrid-4-notas\/"},"author":{"name":"ulises","@id":"https:\/\/www.celttv.com.ar\/#\/schema\/person\/6d99c072dba59953809c81446e9d0ace"},"headline":"El grupo de Tiro con Arco Tornquist festej\u00f3 en General Lamadrid (4 Notas)","datePublished":"2019-11-20T20:12:04+00:00","dateModified":"2019-11-20T20:12:04+00:00","mainEntityOfPage":{"@id":"https:\/\/www.celttv.com.ar\/index.php\/2019\/11\/20\/el-grupo-de-tiro-con-arco-tornquist-festejo-en-general-lamadrid-4-notas\/"},"wordCount":224,"publisher":{"@id":"https:\/\/www.celttv.com.ar\/#organization"},"articleSection":["Celt TV Noticias","Deporte","Destacadas","Magazine Sport"],"inLanguage":"es"},{"@type":"WebPage","@id":"https:\/\/www.celttv.com.ar\/index.php\/2019\/11\/20\/el-grupo-de-tiro-con-arco-tornquist-festejo-en-general-lamadrid-4-notas\/","url":"https:\/\/www.celttv.com.ar\/index.php\/2019\/11\/20\/el-grupo-de-tiro-con-arco-tornquist-festejo-en-general-lamadrid-4-notas\/","name":"El grupo de Tiro con Arco Tornquist festej\u00f3 en General Lamadrid (4 Notas) - CELTTV","isPartOf":{"@id":"https:\/\/www.celttv.com.ar\/#website"},"datePublished":"2019-11-20T20:12:04+00:00","dateModified":"2019-11-20T20:12:04+00:00","description":"Sitio web de noticias de la localidad de Tornquist, provincia de Buenos Aires, Rep\u00fablica Argentina. Contenido propio originado por periodistas de CELTTV, el canal de TV local de la Cooperativa El\u00e9ctrica de Tornquist. Turismo, Pol\u00edtica, Sociedad, Deporte, Cultura y todo el contenido de inter\u00e9s general que la gente del pueblo y la regi\u00f3n debe conocer.","breadcrumb":{"@id":"https:\/\/www.celttv.com.ar\/index.php\/2019\/11\/20\/el-grupo-de-tiro-con-arco-tornquist-festejo-en-general-lamadrid-4-notas\/#breadcrumb"},"inLanguage":"es","potentialAction":[{"@type":"ReadAction","target":["https:\/\/www.celttv.com.ar\/index.php\/2019\/11\/20\/el-grupo-de-tiro-con-arco-tornquist-festejo-en-general-lamadrid-4-notas\/"]}]},{"@type":"BreadcrumbList","@id":"https:\/\/www.celttv.com.ar\/index.php\/2019\/11\/20\/el-grupo-de-tiro-con-arco-tornquist-festejo-en-general-lamadrid-4-notas\/#breadcrumb","itemListElement":[{"@type":"ListItem","position":1,"name":"Inicio","item":"https:\/\/www.celttv.com.ar\/"},{"@type":"ListItem","position":2,"name":"El grupo de Tiro con Arco Tornquist festej\u00f3 en General Lamadrid (4 Notas)"}]},{"@type":"WebSite","@id":"https:\/\/www.celttv.com.ar\/#website","url":"https:\/\/www.celttv.com.ar\/","name":"CELTTV","description":"Cooperativa El\u00e9ctrica de Tornquist","publisher":{"@id":"https:\/\/www.celttv.com.ar\/#organization"},"potentialAction":[{"@type":"SearchAction","target":{"@type":"EntryPoint","urlTemplate":"https:\/\/www.celttv.com.ar\/?s={search_term_string}"},"query-input":"required name=search_term_string"}],"inLanguage":"es"},{"@type":"Organization","@id":"https:\/\/www.celttv.com.ar\/#organization","name":"CELTTV","url":"https:\/\/www.celttv.com.ar\/","sameAs":["https:\/\/www.youtube.com\/channel\/UCz_oIt8Hig64Ub-EmcNPIhg","https:\/\/www.facebook.com\/celtTV\/"],"logo":{"@type":"ImageObject","inLanguage":"es","@id":"https:\/\/www.celttv.com.ar\/#\/schema\/logo\/image\/","url":"http:\/\/www.celttv.com.ar\/wp-content\/uploads\/2022\/08\/logo-1.png","contentUrl":"http:\/\/www.celttv.com.ar\/wp-content\/uploads\/2022\/08\/logo-1.png","width":461,"height":159,"caption":"CELTTV"},"image":{"@id":"https:\/\/www.celttv.com.ar\/#\/schema\/logo\/image\/"}},{"@type":"Person","@id":"https:\/\/www.celttv.com.ar\/#\/schema\/person\/6d99c072dba59953809c81446e9d0ace","name":"ulises","image":{"@type":"ImageObject","inLanguage":"es","@id":"https:\/\/www.celttv.com.ar\/#\/schema\/person\/image\/","url":"https:\/\/secure.gravatar.com\/avatar\/7f2c48bdc33b30088f941fb6082e555f2874c98e20cb159d7b92b50eadfce793?s=96&d=mm&r=g","contentUrl":"https:\/\/secure.gravatar.com\/avatar\/7f2c48bdc33b30088f941fb6082e555f2874c98e20cb159d7b92b50eadfce793?s=96&d=mm&r=g","caption":"ulises"},"sameAs":["http:\/\/www.celttv.com.ar"]}]}},"_links":{"self":[{"href":"https:\/\/www.celttv.com.ar\/index.php\/wp-json\/wp\/v2\/posts\/45607","targetHints":{"allow":["GET"]}}],"collection":[{"href":"https:\/\/www.celttv.com.ar\/index.php\/wp-json\/wp\/v2\/posts"}],"about":[{"href":"https:\/\/www.celttv.com.ar\/index.php\/wp-json\/wp\/v2\/types\/post"}],"author":[{"embeddable":true,"href":"https:\/\/www.celttv.com.ar\/index.php\/wp-json\/wp\/v2\/users\/1"}],"replies":[{"embeddable":true,"href":"https:\/\/www.celttv.com.ar\/index.php\/wp-json\/wp\/v2\/comments?post=45607"}],"version-history":[{"count":0,"href":"https:\/\/www.celttv.com.ar\/index.php\/wp-json\/wp\/v2\/posts\/45607\/revisions"}],"wp:featuredmedia":[{"embeddable":true,"href":"https:\/\/www.celttv.com.ar\/index.php\/wp-json\/wp\/v2\/media\/45611"}],"wp:attachment":[{"href":"https:\/\/www.celttv.com.ar\/index.php\/wp-json\/wp\/v2\/media?parent=45607"}],"wp:term":[{"taxonomy":"category","embeddable":true,"href":"https:\/\/www.celttv.com.ar\/index.php\/wp-json\/wp\/v2\/categories?post=45607"},{"taxonomy":"post_tag","embeddable":true,"href":"https:\/\/www.celttv.com.ar\/index.php\/wp-json\/wp\/v2\/tags?post=45607"}],"curies":[{"name":"wp","href":"https:\/\/api.w.org\/{rel}","templated":true}]}}