{"id":4565,"date":"2012-01-12T13:21:48","date_gmt":"2012-01-12T13:21:48","guid":{"rendered":"http:\/\/www.tvcnoticias.com.ar\/?p=4565"},"modified":"2012-01-12T13:21:48","modified_gmt":"2012-01-12T13:21:48","slug":"automoto-presento-su-staff-y-el-plan-de-trabajo-para-el-2012","status":"publish","type":"post","link":"https:\/\/www.celttv.com.ar\/index.php\/2012\/01\/12\/automoto-presento-su-staff-y-el-plan-de-trabajo-para-el-2012\/","title":{"rendered":"AUTOMOTO PRESENTO SU STAFF Y EL PLAN DE TRABAJO PARA EL 2012"},"content":{"rendered":"<p>En el fog\u00f3n del Automoto Club Deportivo, recientemente climatizado para sofocar los 41\u00ba registrados este lunes, los dirigentes de la entidad y el cuerpo t\u00e9cnico se reunieron con los jugadores de los plantes de primera, reserva y quinta divisi\u00f3n con el fin de darles a conocer los lineamientos trazados para el presente a\u00f1o futbol\u00edstico.<br \/>\n\u00a0\u00a0 La reuni\u00f3n fue presidida por el titular de la entidad azulgrana Rodrigo Fhur y en la misma fue presentado Carlos Salvi como coordinador general de todas las divisiones de f\u00fatbol y como DT de primera divisi\u00f3n.El preparador f\u00edsico continuar\u00e1 siendo el profesor Edgardo Etchegno que adem\u00e1s coordinar\u00e1 las divisiones inferiores.<br \/>\n\u00a0\u00a0\u00a0 Ariel Abalos ser\u00e1 ayudante t\u00e9cnico y dirigir\u00e1 la divisi\u00f3n reserva por otro lado el Profesor Mauricio Kugler ser\u00e1 el asistente.<br \/>\n\u00a0\u00a0\u00a0 En divisiones inferiores, Ariel Abalos ser\u00e1 Dt en 5ta(95\/96).Hern\u00e1n Bilbao dirigir\u00e1 la 6ta.(97 y 98 y ser\u00e1 preparador f\u00edsico de las categor\u00edas juveniles). La novedad este a\u00f1o es la incorporaci\u00f3n de Billy Gatti(Arquero de primera divisi\u00f3n) como DT de 7ma y 8va y entrenador de arqueros.<br \/>\n\u00a0\u00a0\u00a0 Las categor\u00edas infantiles tendr\u00e1n un coordinador general que ser\u00e1 Mauricio Kugler a qui\u00e9n acompa\u00f1ar\u00e1 Billy Gatti(Ayudante de coordinaci\u00f3n).<br \/>\n\u00a0\u00a0\u00a0\u00a0 Los utileros ser\u00e1n Luis Amer.Jorge Andes y Cristian Andes y en divisiones inferiores ser\u00e1 utilero Fabi\u00e1n Lascalea siendo ayudante Mat\u00edas Holzmann.Tanto Lascalea como Jorge Andes cumplir\u00e1n tambi\u00e9n funciones como delegados.<br \/>\n\u00a0\u00a0\u00a0 El profesor Juli\u00e1n Toy ser\u00e1 el coordinador administrativo y se inform\u00f3 la fecha de inicio de la pretemporada que fue fijada para el 30 de enero y para juveniles el 7 de febrero con una jornada de bienvenida.<br \/>\n\u00a0\u00a0\u00a0 Se supo adem\u00e1s que fue confirmado como nuevo jugador el volante central NICOLAS SALAS(Hizo las inferiores en Automoto) jug\u00f3 en Racing y en Liniers. Tambi\u00e9n interesa un delantero (Ex Uni\u00f3n) , por quien estar\u00edan avanzadas las conversaciones. Adem\u00e1s llegar\u00eda un defensor que tambi\u00e9n hizo su paso por el club.<br \/>\n\u00a0Por \u00faltimo se confirm\u00f3 un campeonato de penales para ni\u00f1os y adultos a llevarse a cabo en la segunda quincena de enero.<br \/>\nNota: Marcelo Alga\u00f1araz<br \/>\n<a href=\"http:\/\/www.noticiastornquisrt.com.ar\">www.noticiastornquisrt.com.ar<\/a><br \/>\n<a href=\"http:\/\/www.youtube.com\/watch?v=E7P8dw0jSwU\">httpv:\/\/www.youtube.com\/watch?v=E7P8dw0jSwU<\/a><br \/>\n<a>httpv:\/\/www.youtube.com\/watch?v=ulISzj4P5qE<\/a><\/p>\n","protected":false},"excerpt":{"rendered":"<p>En el fog\u00f3n del Automoto Club Deportivo, recientemente climatizado para sofocar los 41\u00ba registrados este lunes, los dirigentes de la entidad y el cuerpo t\u00e9cnico se reunieron con los jugadores de los plantes de primera, reserva y quinta divisi\u00f3n con el fin de darles a conocer los lineamientos trazados para el presente a\u00f1o futbol\u00edstico. \u00a0\u00a0 [&hellip;]<\/p>\n","protected":false},"author":1,"featured_media":0,"comment_status":"closed","ping_status":"open","sticky":false,"template":"","format":"standard","meta":{"footnotes":""},"categories":[60,52,64],"tags":[],"class_list":["post-4565","post","type-post","status-publish","format-standard","hentry","category-deporte","category-destacadas","category-videos-destacados"],"yoast_head":"<!-- This site is optimized with the Yoast SEO plugin v19.7.1 - https:\/\/yoast.com\/wordpress\/plugins\/seo\/ -->\n<title>AUTOMOTO PRESENTO SU STAFF Y EL PLAN DE TRABAJO PARA EL 2012 - CELTTV<\/title>\n<meta name=\"description\" content=\"Sitio web de noticias de la localidad de Tornquist, provincia de Buenos Aires, Rep\u00fablica Argentina. Contenido propio originado por periodistas de CELTTV, el canal de TV local de la Cooperativa El\u00e9ctrica de Tornquist. Turismo, Pol\u00edtica, Sociedad, Deporte, Cultura y todo el contenido de inter\u00e9s general que la gente del pueblo y la regi\u00f3n debe conocer.\" \/>\n<meta name=\"robots\" content=\"index, follow, max-snippet:-1, max-image-preview:large, max-video-preview:-1\" \/>\n<link rel=\"canonical\" href=\"https:\/\/www.celttv.com.ar\/index.php\/2012\/01\/12\/automoto-presento-su-staff-y-el-plan-de-trabajo-para-el-2012\/\" \/>\n<meta property=\"og:locale\" content=\"es_ES\" \/>\n<meta property=\"og:type\" content=\"article\" \/>\n<meta property=\"og:title\" content=\"AUTOMOTO PRESENTO SU STAFF Y EL PLAN DE TRABAJO PARA EL 2012 - CELTTV\" \/>\n<meta property=\"og:description\" content=\"Sitio web de noticias de la localidad de Tornquist, provincia de Buenos Aires, Rep\u00fablica Argentina. Contenido propio originado por periodistas de CELTTV, el canal de TV local de la Cooperativa El\u00e9ctrica de Tornquist. Turismo, Pol\u00edtica, Sociedad, Deporte, Cultura y todo el contenido de inter\u00e9s general que la gente del pueblo y la regi\u00f3n debe conocer.\" \/>\n<meta property=\"og:url\" content=\"https:\/\/www.celttv.com.ar\/index.php\/2012\/01\/12\/automoto-presento-su-staff-y-el-plan-de-trabajo-para-el-2012\/\" \/>\n<meta property=\"og:site_name\" content=\"CELTTV\" \/>\n<meta property=\"article:publisher\" content=\"https:\/\/www.facebook.com\/celtTV\/\" \/>\n<meta property=\"article:published_time\" content=\"2012-01-12T13:21:48+00:00\" \/>\n<meta name=\"author\" content=\"ulises\" \/>\n<meta name=\"twitter:card\" content=\"summary_large_image\" \/>\n<meta name=\"twitter:label1\" content=\"Escrito por\" \/>\n\t<meta name=\"twitter:data1\" content=\"ulises\" \/>\n\t<meta name=\"twitter:label2\" content=\"Tiempo de lectura\" \/>\n\t<meta name=\"twitter:data2\" content=\"2 minutos\" \/>\n<script type=\"application\/ld+json\" class=\"yoast-schema-graph\">{\"@context\":\"https:\/\/schema.org\",\"@graph\":[{\"@type\":\"NewsArticle\",\"@id\":\"https:\/\/www.celttv.com.ar\/index.php\/2012\/01\/12\/automoto-presento-su-staff-y-el-plan-de-trabajo-para-el-2012\/#article\",\"isPartOf\":{\"@id\":\"https:\/\/www.celttv.com.ar\/index.php\/2012\/01\/12\/automoto-presento-su-staff-y-el-plan-de-trabajo-para-el-2012\/\"},\"author\":{\"name\":\"ulises\",\"@id\":\"https:\/\/www.celttv.com.ar\/#\/schema\/person\/6d99c072dba59953809c81446e9d0ace\"},\"headline\":\"AUTOMOTO PRESENTO SU STAFF Y EL PLAN DE TRABAJO PARA EL 2012\",\"datePublished\":\"2012-01-12T13:21:48+00:00\",\"dateModified\":\"2012-01-12T13:21:48+00:00\",\"mainEntityOfPage\":{\"@id\":\"https:\/\/www.celttv.com.ar\/index.php\/2012\/01\/12\/automoto-presento-su-staff-y-el-plan-de-trabajo-para-el-2012\/\"},\"wordCount\":404,\"publisher\":{\"@id\":\"https:\/\/www.celttv.com.ar\/#organization\"},\"articleSection\":[\"Deporte\",\"Destacadas\",\"Videos Destacados\"],\"inLanguage\":\"es\"},{\"@type\":\"WebPage\",\"@id\":\"https:\/\/www.celttv.com.ar\/index.php\/2012\/01\/12\/automoto-presento-su-staff-y-el-plan-de-trabajo-para-el-2012\/\",\"url\":\"https:\/\/www.celttv.com.ar\/index.php\/2012\/01\/12\/automoto-presento-su-staff-y-el-plan-de-trabajo-para-el-2012\/\",\"name\":\"AUTOMOTO PRESENTO SU STAFF Y EL PLAN DE TRABAJO PARA EL 2012 - CELTTV\",\"isPartOf\":{\"@id\":\"https:\/\/www.celttv.com.ar\/#website\"},\"datePublished\":\"2012-01-12T13:21:48+00:00\",\"dateModified\":\"2012-01-12T13:21:48+00:00\",\"description\":\"Sitio web de noticias de la localidad de Tornquist, provincia de Buenos Aires, Rep\u00fablica Argentina. Contenido propio originado por periodistas de CELTTV, el canal de TV local de la Cooperativa El\u00e9ctrica de Tornquist. Turismo, Pol\u00edtica, Sociedad, Deporte, Cultura y todo el contenido de inter\u00e9s general que la gente del pueblo y la regi\u00f3n debe conocer.\",\"breadcrumb\":{\"@id\":\"https:\/\/www.celttv.com.ar\/index.php\/2012\/01\/12\/automoto-presento-su-staff-y-el-plan-de-trabajo-para-el-2012\/#breadcrumb\"},\"inLanguage\":\"es\",\"potentialAction\":[{\"@type\":\"ReadAction\",\"target\":[\"https:\/\/www.celttv.com.ar\/index.php\/2012\/01\/12\/automoto-presento-su-staff-y-el-plan-de-trabajo-para-el-2012\/\"]}]},{\"@type\":\"BreadcrumbList\",\"@id\":\"https:\/\/www.celttv.com.ar\/index.php\/2012\/01\/12\/automoto-presento-su-staff-y-el-plan-de-trabajo-para-el-2012\/#breadcrumb\",\"itemListElement\":[{\"@type\":\"ListItem\",\"position\":1,\"name\":\"Inicio\",\"item\":\"https:\/\/www.celttv.com.ar\/\"},{\"@type\":\"ListItem\",\"position\":2,\"name\":\"AUTOMOTO PRESENTO SU STAFF Y EL PLAN DE TRABAJO PARA EL 2012\"}]},{\"@type\":\"WebSite\",\"@id\":\"https:\/\/www.celttv.com.ar\/#website\",\"url\":\"https:\/\/www.celttv.com.ar\/\",\"name\":\"CELTTV\",\"description\":\"Cooperativa El\u00e9ctrica de Tornquist\",\"publisher\":{\"@id\":\"https:\/\/www.celttv.com.ar\/#organization\"},\"potentialAction\":[{\"@type\":\"SearchAction\",\"target\":{\"@type\":\"EntryPoint\",\"urlTemplate\":\"https:\/\/www.celttv.com.ar\/?s={search_term_string}\"},\"query-input\":\"required name=search_term_string\"}],\"inLanguage\":\"es\"},{\"@type\":\"Organization\",\"@id\":\"https:\/\/www.celttv.com.ar\/#organization\",\"name\":\"CELTTV\",\"url\":\"https:\/\/www.celttv.com.ar\/\",\"sameAs\":[\"https:\/\/www.youtube.com\/channel\/UCz_oIt8Hig64Ub-EmcNPIhg\",\"https:\/\/www.facebook.com\/celtTV\/\"],\"logo\":{\"@type\":\"ImageObject\",\"inLanguage\":\"es\",\"@id\":\"https:\/\/www.celttv.com.ar\/#\/schema\/logo\/image\/\",\"url\":\"http:\/\/www.celttv.com.ar\/wp-content\/uploads\/2022\/08\/logo-1.png\",\"contentUrl\":\"http:\/\/www.celttv.com.ar\/wp-content\/uploads\/2022\/08\/logo-1.png\",\"width\":461,\"height\":159,\"caption\":\"CELTTV\"},\"image\":{\"@id\":\"https:\/\/www.celttv.com.ar\/#\/schema\/logo\/image\/\"}},{\"@type\":\"Person\",\"@id\":\"https:\/\/www.celttv.com.ar\/#\/schema\/person\/6d99c072dba59953809c81446e9d0ace\",\"name\":\"ulises\",\"image\":{\"@type\":\"ImageObject\",\"inLanguage\":\"es\",\"@id\":\"https:\/\/www.celttv.com.ar\/#\/schema\/person\/image\/\",\"url\":\"https:\/\/secure.gravatar.com\/avatar\/7f2c48bdc33b30088f941fb6082e555f2874c98e20cb159d7b92b50eadfce793?s=96&d=mm&r=g\",\"contentUrl\":\"https:\/\/secure.gravatar.com\/avatar\/7f2c48bdc33b30088f941fb6082e555f2874c98e20cb159d7b92b50eadfce793?s=96&d=mm&r=g\",\"caption\":\"ulises\"},\"sameAs\":[\"http:\/\/www.celttv.com.ar\"]}]}<\/script>\n<!-- \/ Yoast SEO plugin. -->","yoast_head_json":{"title":"AUTOMOTO PRESENTO SU STAFF Y EL PLAN DE TRABAJO PARA EL 2012 - CELTTV","description":"Sitio web de noticias de la localidad de Tornquist, provincia de Buenos Aires, Rep\u00fablica Argentina. Contenido propio originado por periodistas de CELTTV, el canal de TV local de la Cooperativa El\u00e9ctrica de Tornquist. Turismo, Pol\u00edtica, Sociedad, Deporte, Cultura y todo el contenido de inter\u00e9s general que la gente del pueblo y la regi\u00f3n debe conocer.","robots":{"index":"index","follow":"follow","max-snippet":"max-snippet:-1","max-image-preview":"max-image-preview:large","max-video-preview":"max-video-preview:-1"},"canonical":"https:\/\/www.celttv.com.ar\/index.php\/2012\/01\/12\/automoto-presento-su-staff-y-el-plan-de-trabajo-para-el-2012\/","og_locale":"es_ES","og_type":"article","og_title":"AUTOMOTO PRESENTO SU STAFF Y EL PLAN DE TRABAJO PARA EL 2012 - CELTTV","og_description":"Sitio web de noticias de la localidad de Tornquist, provincia de Buenos Aires, Rep\u00fablica Argentina. Contenido propio originado por periodistas de CELTTV, el canal de TV local de la Cooperativa El\u00e9ctrica de Tornquist. Turismo, Pol\u00edtica, Sociedad, Deporte, Cultura y todo el contenido de inter\u00e9s general que la gente del pueblo y la regi\u00f3n debe conocer.","og_url":"https:\/\/www.celttv.com.ar\/index.php\/2012\/01\/12\/automoto-presento-su-staff-y-el-plan-de-trabajo-para-el-2012\/","og_site_name":"CELTTV","article_publisher":"https:\/\/www.facebook.com\/celtTV\/","article_published_time":"2012-01-12T13:21:48+00:00","author":"ulises","twitter_card":"summary_large_image","twitter_misc":{"Escrito por":"ulises","Tiempo de lectura":"2 minutos"},"schema":{"@context":"https:\/\/schema.org","@graph":[{"@type":"NewsArticle","@id":"https:\/\/www.celttv.com.ar\/index.php\/2012\/01\/12\/automoto-presento-su-staff-y-el-plan-de-trabajo-para-el-2012\/#article","isPartOf":{"@id":"https:\/\/www.celttv.com.ar\/index.php\/2012\/01\/12\/automoto-presento-su-staff-y-el-plan-de-trabajo-para-el-2012\/"},"author":{"name":"ulises","@id":"https:\/\/www.celttv.com.ar\/#\/schema\/person\/6d99c072dba59953809c81446e9d0ace"},"headline":"AUTOMOTO PRESENTO SU STAFF Y EL PLAN DE TRABAJO PARA EL 2012","datePublished":"2012-01-12T13:21:48+00:00","dateModified":"2012-01-12T13:21:48+00:00","mainEntityOfPage":{"@id":"https:\/\/www.celttv.com.ar\/index.php\/2012\/01\/12\/automoto-presento-su-staff-y-el-plan-de-trabajo-para-el-2012\/"},"wordCount":404,"publisher":{"@id":"https:\/\/www.celttv.com.ar\/#organization"},"articleSection":["Deporte","Destacadas","Videos Destacados"],"inLanguage":"es"},{"@type":"WebPage","@id":"https:\/\/www.celttv.com.ar\/index.php\/2012\/01\/12\/automoto-presento-su-staff-y-el-plan-de-trabajo-para-el-2012\/","url":"https:\/\/www.celttv.com.ar\/index.php\/2012\/01\/12\/automoto-presento-su-staff-y-el-plan-de-trabajo-para-el-2012\/","name":"AUTOMOTO PRESENTO SU STAFF Y EL PLAN DE TRABAJO PARA EL 2012 - CELTTV","isPartOf":{"@id":"https:\/\/www.celttv.com.ar\/#website"},"datePublished":"2012-01-12T13:21:48+00:00","dateModified":"2012-01-12T13:21:48+00:00","description":"Sitio web de noticias de la localidad de Tornquist, provincia de Buenos Aires, Rep\u00fablica Argentina. Contenido propio originado por periodistas de CELTTV, el canal de TV local de la Cooperativa El\u00e9ctrica de Tornquist. Turismo, Pol\u00edtica, Sociedad, Deporte, Cultura y todo el contenido de inter\u00e9s general que la gente del pueblo y la regi\u00f3n debe conocer.","breadcrumb":{"@id":"https:\/\/www.celttv.com.ar\/index.php\/2012\/01\/12\/automoto-presento-su-staff-y-el-plan-de-trabajo-para-el-2012\/#breadcrumb"},"inLanguage":"es","potentialAction":[{"@type":"ReadAction","target":["https:\/\/www.celttv.com.ar\/index.php\/2012\/01\/12\/automoto-presento-su-staff-y-el-plan-de-trabajo-para-el-2012\/"]}]},{"@type":"BreadcrumbList","@id":"https:\/\/www.celttv.com.ar\/index.php\/2012\/01\/12\/automoto-presento-su-staff-y-el-plan-de-trabajo-para-el-2012\/#breadcrumb","itemListElement":[{"@type":"ListItem","position":1,"name":"Inicio","item":"https:\/\/www.celttv.com.ar\/"},{"@type":"ListItem","position":2,"name":"AUTOMOTO PRESENTO SU STAFF Y EL PLAN DE TRABAJO PARA EL 2012"}]},{"@type":"WebSite","@id":"https:\/\/www.celttv.com.ar\/#website","url":"https:\/\/www.celttv.com.ar\/","name":"CELTTV","description":"Cooperativa El\u00e9ctrica de Tornquist","publisher":{"@id":"https:\/\/www.celttv.com.ar\/#organization"},"potentialAction":[{"@type":"SearchAction","target":{"@type":"EntryPoint","urlTemplate":"https:\/\/www.celttv.com.ar\/?s={search_term_string}"},"query-input":"required name=search_term_string"}],"inLanguage":"es"},{"@type":"Organization","@id":"https:\/\/www.celttv.com.ar\/#organization","name":"CELTTV","url":"https:\/\/www.celttv.com.ar\/","sameAs":["https:\/\/www.youtube.com\/channel\/UCz_oIt8Hig64Ub-EmcNPIhg","https:\/\/www.facebook.com\/celtTV\/"],"logo":{"@type":"ImageObject","inLanguage":"es","@id":"https:\/\/www.celttv.com.ar\/#\/schema\/logo\/image\/","url":"http:\/\/www.celttv.com.ar\/wp-content\/uploads\/2022\/08\/logo-1.png","contentUrl":"http:\/\/www.celttv.com.ar\/wp-content\/uploads\/2022\/08\/logo-1.png","width":461,"height":159,"caption":"CELTTV"},"image":{"@id":"https:\/\/www.celttv.com.ar\/#\/schema\/logo\/image\/"}},{"@type":"Person","@id":"https:\/\/www.celttv.com.ar\/#\/schema\/person\/6d99c072dba59953809c81446e9d0ace","name":"ulises","image":{"@type":"ImageObject","inLanguage":"es","@id":"https:\/\/www.celttv.com.ar\/#\/schema\/person\/image\/","url":"https:\/\/secure.gravatar.com\/avatar\/7f2c48bdc33b30088f941fb6082e555f2874c98e20cb159d7b92b50eadfce793?s=96&d=mm&r=g","contentUrl":"https:\/\/secure.gravatar.com\/avatar\/7f2c48bdc33b30088f941fb6082e555f2874c98e20cb159d7b92b50eadfce793?s=96&d=mm&r=g","caption":"ulises"},"sameAs":["http:\/\/www.celttv.com.ar"]}]}},"_links":{"self":[{"href":"https:\/\/www.celttv.com.ar\/index.php\/wp-json\/wp\/v2\/posts\/4565","targetHints":{"allow":["GET"]}}],"collection":[{"href":"https:\/\/www.celttv.com.ar\/index.php\/wp-json\/wp\/v2\/posts"}],"about":[{"href":"https:\/\/www.celttv.com.ar\/index.php\/wp-json\/wp\/v2\/types\/post"}],"author":[{"embeddable":true,"href":"https:\/\/www.celttv.com.ar\/index.php\/wp-json\/wp\/v2\/users\/1"}],"replies":[{"embeddable":true,"href":"https:\/\/www.celttv.com.ar\/index.php\/wp-json\/wp\/v2\/comments?post=4565"}],"version-history":[{"count":0,"href":"https:\/\/www.celttv.com.ar\/index.php\/wp-json\/wp\/v2\/posts\/4565\/revisions"}],"wp:attachment":[{"href":"https:\/\/www.celttv.com.ar\/index.php\/wp-json\/wp\/v2\/media?parent=4565"}],"wp:term":[{"taxonomy":"category","embeddable":true,"href":"https:\/\/www.celttv.com.ar\/index.php\/wp-json\/wp\/v2\/categories?post=4565"},{"taxonomy":"post_tag","embeddable":true,"href":"https:\/\/www.celttv.com.ar\/index.php\/wp-json\/wp\/v2\/tags?post=4565"}],"curies":[{"name":"wp","href":"https:\/\/api.w.org\/{rel}","templated":true}]}}