{"id":45685,"date":"2019-11-23T17:16:37","date_gmt":"2019-11-23T17:16:37","guid":{"rendered":"http:\/\/www.celttv.com.ar\/?p=45685"},"modified":"2019-11-23T17:16:37","modified_gmt":"2019-11-23T17:16:37","slug":"el-encuentro-de-newcom-se-vive-a-pleno-en-nuestra-ciudad-videos-y-fotos","status":"publish","type":"post","link":"https:\/\/www.celttv.com.ar\/index.php\/2019\/11\/23\/el-encuentro-de-newcom-se-vive-a-pleno-en-nuestra-ciudad-videos-y-fotos\/","title":{"rendered":"El encuentro de Newcom se vivi\u00f3 a pleno en nuestra ciudad (Videos y fotos)"},"content":{"rendered":"<p>La actividad comenz\u00f3 con un breve acto de apertura y entrega de presentes a los equipos de diferentes localidades de la zona que forman parte del encuentro.<br \/>\nLuego, se dio inicio al mismo.<\/p>\n<p><strong>El martes 26, a partir de las 21, en el programa MAGAZINE SPORT\u00a0 de Canal 2, se emitir\u00e1n las notas e im\u00e1genes del encuentro.<\/strong><\/p>\n<p>https:\/\/www.facebook.com\/100005499317305\/videos\/1162634800596486\/?id=100005499317305<\/p>\n<p>https:\/\/www.facebook.com\/celtTV\/videos\/571051506978431\/<\/p>\n<p><a href=\"http:\/\/www.celttv.com.ar\/?attachment_id=45686\" rel=\"attachment wp-att-45686\"><img loading=\"lazy\" decoding=\"async\" class=\"size-full wp-image-45686\" src=\"http:\/\/www.celttv.com.ar\/wp-content\/uploads\/2019\/11\/106_8270-copia.jpg\" alt=\"\" width=\"1920\" height=\"1080\" srcset=\"https:\/\/www.celttv.com.ar\/wp-content\/uploads\/2019\/11\/106_8270-copia.jpg 1920w, https:\/\/www.celttv.com.ar\/wp-content\/uploads\/2019\/11\/106_8270-copia-300x169.jpg 300w, https:\/\/www.celttv.com.ar\/wp-content\/uploads\/2019\/11\/106_8270-copia-1024x576.jpg 1024w, https:\/\/www.celttv.com.ar\/wp-content\/uploads\/2019\/11\/106_8270-copia-768x432.jpg 768w, https:\/\/www.celttv.com.ar\/wp-content\/uploads\/2019\/11\/106_8270-copia-1536x864.jpg 1536w, https:\/\/www.celttv.com.ar\/wp-content\/uploads\/2019\/11\/106_8270-copia-750x422.jpg 750w, https:\/\/www.celttv.com.ar\/wp-content\/uploads\/2019\/11\/106_8270-copia-1140x641.jpg 1140w\" sizes=\"auto, (max-width: 1920px) 100vw, 1920px\" \/><\/a><\/p>\n<p><a href=\"http:\/\/www.celttv.com.ar\/?attachment_id=45687\" rel=\"attachment wp-att-45687\"><img loading=\"lazy\" decoding=\"async\" class=\"size-medium wp-image-45687\" src=\"http:\/\/www.celttv.com.ar\/wp-content\/uploads\/2019\/11\/106_8235-copia.jpg\" alt=\"\" width=\"780\" height=\"439\" srcset=\"https:\/\/www.celttv.com.ar\/wp-content\/uploads\/2019\/11\/106_8235-copia.jpg 1920w, https:\/\/www.celttv.com.ar\/wp-content\/uploads\/2019\/11\/106_8235-copia-300x169.jpg 300w, https:\/\/www.celttv.com.ar\/wp-content\/uploads\/2019\/11\/106_8235-copia-1024x576.jpg 1024w, https:\/\/www.celttv.com.ar\/wp-content\/uploads\/2019\/11\/106_8235-copia-768x432.jpg 768w, https:\/\/www.celttv.com.ar\/wp-content\/uploads\/2019\/11\/106_8235-copia-1536x864.jpg 1536w, https:\/\/www.celttv.com.ar\/wp-content\/uploads\/2019\/11\/106_8235-copia-750x422.jpg 750w, https:\/\/www.celttv.com.ar\/wp-content\/uploads\/2019\/11\/106_8235-copia-1140x641.jpg 1140w\" sizes=\"auto, (max-width: 780px) 100vw, 780px\" \/><\/a><\/p>\n<p><a href=\"http:\/\/www.celttv.com.ar\/?attachment_id=45688\" rel=\"attachment wp-att-45688\"><img loading=\"lazy\" decoding=\"async\" class=\"size-medium wp-image-45688\" src=\"http:\/\/www.celttv.com.ar\/wp-content\/uploads\/2019\/11\/106_8237-copia.jpg\" alt=\"\" width=\"780\" height=\"439\" srcset=\"https:\/\/www.celttv.com.ar\/wp-content\/uploads\/2019\/11\/106_8237-copia.jpg 1920w, https:\/\/www.celttv.com.ar\/wp-content\/uploads\/2019\/11\/106_8237-copia-300x169.jpg 300w, https:\/\/www.celttv.com.ar\/wp-content\/uploads\/2019\/11\/106_8237-copia-1024x576.jpg 1024w, https:\/\/www.celttv.com.ar\/wp-content\/uploads\/2019\/11\/106_8237-copia-768x432.jpg 768w, https:\/\/www.celttv.com.ar\/wp-content\/uploads\/2019\/11\/106_8237-copia-1536x864.jpg 1536w, https:\/\/www.celttv.com.ar\/wp-content\/uploads\/2019\/11\/106_8237-copia-750x422.jpg 750w, https:\/\/www.celttv.com.ar\/wp-content\/uploads\/2019\/11\/106_8237-copia-1140x641.jpg 1140w\" sizes=\"auto, (max-width: 780px) 100vw, 780px\" \/><\/a><\/p>\n<p><a href=\"http:\/\/www.celttv.com.ar\/?attachment_id=45689\" rel=\"attachment wp-att-45689\"><img loading=\"lazy\" decoding=\"async\" class=\"size-medium wp-image-45689\" src=\"http:\/\/www.celttv.com.ar\/wp-content\/uploads\/2019\/11\/106_8241-copia.jpg\" alt=\"\" width=\"780\" height=\"439\" srcset=\"https:\/\/www.celttv.com.ar\/wp-content\/uploads\/2019\/11\/106_8241-copia.jpg 1920w, https:\/\/www.celttv.com.ar\/wp-content\/uploads\/2019\/11\/106_8241-copia-300x169.jpg 300w, https:\/\/www.celttv.com.ar\/wp-content\/uploads\/2019\/11\/106_8241-copia-1024x576.jpg 1024w, https:\/\/www.celttv.com.ar\/wp-content\/uploads\/2019\/11\/106_8241-copia-768x432.jpg 768w, https:\/\/www.celttv.com.ar\/wp-content\/uploads\/2019\/11\/106_8241-copia-1536x864.jpg 1536w, https:\/\/www.celttv.com.ar\/wp-content\/uploads\/2019\/11\/106_8241-copia-750x422.jpg 750w, https:\/\/www.celttv.com.ar\/wp-content\/uploads\/2019\/11\/106_8241-copia-1140x641.jpg 1140w\" sizes=\"auto, (max-width: 780px) 100vw, 780px\" \/><\/a><\/p>\n<p><a href=\"http:\/\/www.celttv.com.ar\/?attachment_id=45690\" rel=\"attachment wp-att-45690\"><img loading=\"lazy\" decoding=\"async\" class=\"size-medium wp-image-45690\" src=\"http:\/\/www.celttv.com.ar\/wp-content\/uploads\/2019\/11\/106_8244-copia.jpg\" alt=\"\" width=\"780\" height=\"439\" srcset=\"https:\/\/www.celttv.com.ar\/wp-content\/uploads\/2019\/11\/106_8244-copia.jpg 1920w, https:\/\/www.celttv.com.ar\/wp-content\/uploads\/2019\/11\/106_8244-copia-300x169.jpg 300w, https:\/\/www.celttv.com.ar\/wp-content\/uploads\/2019\/11\/106_8244-copia-1024x576.jpg 1024w, https:\/\/www.celttv.com.ar\/wp-content\/uploads\/2019\/11\/106_8244-copia-768x432.jpg 768w, https:\/\/www.celttv.com.ar\/wp-content\/uploads\/2019\/11\/106_8244-copia-1536x864.jpg 1536w, https:\/\/www.celttv.com.ar\/wp-content\/uploads\/2019\/11\/106_8244-copia-750x422.jpg 750w, https:\/\/www.celttv.com.ar\/wp-content\/uploads\/2019\/11\/106_8244-copia-1140x641.jpg 1140w\" sizes=\"auto, (max-width: 780px) 100vw, 780px\" \/><\/a><\/p>\n<p><a href=\"http:\/\/www.celttv.com.ar\/?attachment_id=45691\" rel=\"attachment wp-att-45691\"><img loading=\"lazy\" decoding=\"async\" class=\"size-medium wp-image-45691\" src=\"http:\/\/www.celttv.com.ar\/wp-content\/uploads\/2019\/11\/106_8246-copia.jpg\" alt=\"\" width=\"780\" height=\"439\" srcset=\"https:\/\/www.celttv.com.ar\/wp-content\/uploads\/2019\/11\/106_8246-copia.jpg 1920w, https:\/\/www.celttv.com.ar\/wp-content\/uploads\/2019\/11\/106_8246-copia-300x169.jpg 300w, https:\/\/www.celttv.com.ar\/wp-content\/uploads\/2019\/11\/106_8246-copia-1024x576.jpg 1024w, https:\/\/www.celttv.com.ar\/wp-content\/uploads\/2019\/11\/106_8246-copia-768x432.jpg 768w, https:\/\/www.celttv.com.ar\/wp-content\/uploads\/2019\/11\/106_8246-copia-1536x864.jpg 1536w, https:\/\/www.celttv.com.ar\/wp-content\/uploads\/2019\/11\/106_8246-copia-750x422.jpg 750w, https:\/\/www.celttv.com.ar\/wp-content\/uploads\/2019\/11\/106_8246-copia-1140x641.jpg 1140w\" sizes=\"auto, (max-width: 780px) 100vw, 780px\" \/><\/a><\/p>\n<p><a href=\"http:\/\/www.celttv.com.ar\/?attachment_id=45692\" rel=\"attachment wp-att-45692\"><img loading=\"lazy\" decoding=\"async\" class=\"size-medium wp-image-45692\" src=\"http:\/\/www.celttv.com.ar\/wp-content\/uploads\/2019\/11\/106_8247-copia.jpg\" alt=\"\" width=\"780\" height=\"439\" srcset=\"https:\/\/www.celttv.com.ar\/wp-content\/uploads\/2019\/11\/106_8247-copia.jpg 1920w, https:\/\/www.celttv.com.ar\/wp-content\/uploads\/2019\/11\/106_8247-copia-300x169.jpg 300w, https:\/\/www.celttv.com.ar\/wp-content\/uploads\/2019\/11\/106_8247-copia-1024x576.jpg 1024w, https:\/\/www.celttv.com.ar\/wp-content\/uploads\/2019\/11\/106_8247-copia-768x432.jpg 768w, https:\/\/www.celttv.com.ar\/wp-content\/uploads\/2019\/11\/106_8247-copia-1536x864.jpg 1536w, https:\/\/www.celttv.com.ar\/wp-content\/uploads\/2019\/11\/106_8247-copia-750x422.jpg 750w, https:\/\/www.celttv.com.ar\/wp-content\/uploads\/2019\/11\/106_8247-copia-1140x641.jpg 1140w\" sizes=\"auto, (max-width: 780px) 100vw, 780px\" \/><\/a><\/p>\n<p><a href=\"http:\/\/www.celttv.com.ar\/?attachment_id=45693\" rel=\"attachment wp-att-45693\"><img loading=\"lazy\" decoding=\"async\" class=\"size-medium wp-image-45693\" src=\"http:\/\/www.celttv.com.ar\/wp-content\/uploads\/2019\/11\/106_8248-copia.jpg\" alt=\"\" width=\"780\" height=\"439\" srcset=\"https:\/\/www.celttv.com.ar\/wp-content\/uploads\/2019\/11\/106_8248-copia.jpg 1920w, https:\/\/www.celttv.com.ar\/wp-content\/uploads\/2019\/11\/106_8248-copia-300x169.jpg 300w, https:\/\/www.celttv.com.ar\/wp-content\/uploads\/2019\/11\/106_8248-copia-1024x576.jpg 1024w, https:\/\/www.celttv.com.ar\/wp-content\/uploads\/2019\/11\/106_8248-copia-768x432.jpg 768w, https:\/\/www.celttv.com.ar\/wp-content\/uploads\/2019\/11\/106_8248-copia-1536x864.jpg 1536w, https:\/\/www.celttv.com.ar\/wp-content\/uploads\/2019\/11\/106_8248-copia-750x422.jpg 750w, https:\/\/www.celttv.com.ar\/wp-content\/uploads\/2019\/11\/106_8248-copia-1140x641.jpg 1140w\" sizes=\"auto, (max-width: 780px) 100vw, 780px\" \/><\/a><\/p>\n<p><a href=\"http:\/\/www.celttv.com.ar\/?attachment_id=45694\" rel=\"attachment wp-att-45694\"><img loading=\"lazy\" decoding=\"async\" class=\"size-medium wp-image-45694\" src=\"http:\/\/www.celttv.com.ar\/wp-content\/uploads\/2019\/11\/106_8249-copia.jpg\" alt=\"\" width=\"780\" height=\"439\" srcset=\"https:\/\/www.celttv.com.ar\/wp-content\/uploads\/2019\/11\/106_8249-copia.jpg 1920w, https:\/\/www.celttv.com.ar\/wp-content\/uploads\/2019\/11\/106_8249-copia-300x169.jpg 300w, https:\/\/www.celttv.com.ar\/wp-content\/uploads\/2019\/11\/106_8249-copia-1024x576.jpg 1024w, https:\/\/www.celttv.com.ar\/wp-content\/uploads\/2019\/11\/106_8249-copia-768x432.jpg 768w, https:\/\/www.celttv.com.ar\/wp-content\/uploads\/2019\/11\/106_8249-copia-1536x864.jpg 1536w, https:\/\/www.celttv.com.ar\/wp-content\/uploads\/2019\/11\/106_8249-copia-750x422.jpg 750w, https:\/\/www.celttv.com.ar\/wp-content\/uploads\/2019\/11\/106_8249-copia-1140x641.jpg 1140w\" sizes=\"auto, (max-width: 780px) 100vw, 780px\" \/><\/a><\/p>\n<p><a href=\"http:\/\/www.celttv.com.ar\/?attachment_id=45695\" rel=\"attachment wp-att-45695\"><img loading=\"lazy\" decoding=\"async\" class=\"size-medium wp-image-45695\" src=\"http:\/\/www.celttv.com.ar\/wp-content\/uploads\/2019\/11\/106_8252-copia.jpg\" alt=\"\" width=\"780\" height=\"439\" srcset=\"https:\/\/www.celttv.com.ar\/wp-content\/uploads\/2019\/11\/106_8252-copia.jpg 1920w, https:\/\/www.celttv.com.ar\/wp-content\/uploads\/2019\/11\/106_8252-copia-300x169.jpg 300w, https:\/\/www.celttv.com.ar\/wp-content\/uploads\/2019\/11\/106_8252-copia-1024x576.jpg 1024w, https:\/\/www.celttv.com.ar\/wp-content\/uploads\/2019\/11\/106_8252-copia-768x432.jpg 768w, https:\/\/www.celttv.com.ar\/wp-content\/uploads\/2019\/11\/106_8252-copia-1536x864.jpg 1536w, https:\/\/www.celttv.com.ar\/wp-content\/uploads\/2019\/11\/106_8252-copia-750x422.jpg 750w, https:\/\/www.celttv.com.ar\/wp-content\/uploads\/2019\/11\/106_8252-copia-1140x641.jpg 1140w\" sizes=\"auto, (max-width: 780px) 100vw, 780px\" \/><\/a><\/p>\n<p><a href=\"http:\/\/www.celttv.com.ar\/?attachment_id=45696\" rel=\"attachment wp-att-45696\"><img loading=\"lazy\" decoding=\"async\" class=\"size-medium wp-image-45696\" src=\"http:\/\/www.celttv.com.ar\/wp-content\/uploads\/2019\/11\/106_8253-copia.jpg\" alt=\"\" width=\"780\" height=\"439\" srcset=\"https:\/\/www.celttv.com.ar\/wp-content\/uploads\/2019\/11\/106_8253-copia.jpg 1920w, https:\/\/www.celttv.com.ar\/wp-content\/uploads\/2019\/11\/106_8253-copia-300x169.jpg 300w, https:\/\/www.celttv.com.ar\/wp-content\/uploads\/2019\/11\/106_8253-copia-1024x576.jpg 1024w, https:\/\/www.celttv.com.ar\/wp-content\/uploads\/2019\/11\/106_8253-copia-768x432.jpg 768w, https:\/\/www.celttv.com.ar\/wp-content\/uploads\/2019\/11\/106_8253-copia-1536x864.jpg 1536w, https:\/\/www.celttv.com.ar\/wp-content\/uploads\/2019\/11\/106_8253-copia-750x422.jpg 750w, https:\/\/www.celttv.com.ar\/wp-content\/uploads\/2019\/11\/106_8253-copia-1140x641.jpg 1140w\" sizes=\"auto, (max-width: 780px) 100vw, 780px\" \/><\/a><\/p>\n<p><a href=\"http:\/\/www.celttv.com.ar\/?attachment_id=45697\" rel=\"attachment wp-att-45697\"><img loading=\"lazy\" decoding=\"async\" class=\"size-medium wp-image-45697\" src=\"http:\/\/www.celttv.com.ar\/wp-content\/uploads\/2019\/11\/106_8254-copia.jpg\" alt=\"\" width=\"780\" height=\"439\" srcset=\"https:\/\/www.celttv.com.ar\/wp-content\/uploads\/2019\/11\/106_8254-copia.jpg 1920w, https:\/\/www.celttv.com.ar\/wp-content\/uploads\/2019\/11\/106_8254-copia-300x169.jpg 300w, https:\/\/www.celttv.com.ar\/wp-content\/uploads\/2019\/11\/106_8254-copia-1024x576.jpg 1024w, https:\/\/www.celttv.com.ar\/wp-content\/uploads\/2019\/11\/106_8254-copia-768x432.jpg 768w, https:\/\/www.celttv.com.ar\/wp-content\/uploads\/2019\/11\/106_8254-copia-1536x864.jpg 1536w, https:\/\/www.celttv.com.ar\/wp-content\/uploads\/2019\/11\/106_8254-copia-750x422.jpg 750w, https:\/\/www.celttv.com.ar\/wp-content\/uploads\/2019\/11\/106_8254-copia-1140x641.jpg 1140w\" sizes=\"auto, (max-width: 780px) 100vw, 780px\" \/><\/a><\/p>\n<p><a href=\"http:\/\/www.celttv.com.ar\/?attachment_id=45698\" rel=\"attachment wp-att-45698\"><img loading=\"lazy\" decoding=\"async\" class=\"size-medium wp-image-45698\" src=\"http:\/\/www.celttv.com.ar\/wp-content\/uploads\/2019\/11\/106_8255-copia.jpg\" alt=\"\" width=\"780\" height=\"439\" srcset=\"https:\/\/www.celttv.com.ar\/wp-content\/uploads\/2019\/11\/106_8255-copia.jpg 1920w, https:\/\/www.celttv.com.ar\/wp-content\/uploads\/2019\/11\/106_8255-copia-300x169.jpg 300w, https:\/\/www.celttv.com.ar\/wp-content\/uploads\/2019\/11\/106_8255-copia-1024x576.jpg 1024w, https:\/\/www.celttv.com.ar\/wp-content\/uploads\/2019\/11\/106_8255-copia-768x432.jpg 768w, https:\/\/www.celttv.com.ar\/wp-content\/uploads\/2019\/11\/106_8255-copia-1536x864.jpg 1536w, https:\/\/www.celttv.com.ar\/wp-content\/uploads\/2019\/11\/106_8255-copia-750x422.jpg 750w, https:\/\/www.celttv.com.ar\/wp-content\/uploads\/2019\/11\/106_8255-copia-1140x641.jpg 1140w\" sizes=\"auto, (max-width: 780px) 100vw, 780px\" \/><\/a><\/p>\n<p><a href=\"http:\/\/www.celttv.com.ar\/?attachment_id=45699\" rel=\"attachment wp-att-45699\"><img loading=\"lazy\" decoding=\"async\" class=\"size-medium wp-image-45699\" src=\"http:\/\/www.celttv.com.ar\/wp-content\/uploads\/2019\/11\/106_8256-copia.jpg\" alt=\"\" width=\"780\" height=\"439\" srcset=\"https:\/\/www.celttv.com.ar\/wp-content\/uploads\/2019\/11\/106_8256-copia.jpg 1920w, https:\/\/www.celttv.com.ar\/wp-content\/uploads\/2019\/11\/106_8256-copia-300x169.jpg 300w, https:\/\/www.celttv.com.ar\/wp-content\/uploads\/2019\/11\/106_8256-copia-1024x576.jpg 1024w, https:\/\/www.celttv.com.ar\/wp-content\/uploads\/2019\/11\/106_8256-copia-768x432.jpg 768w, https:\/\/www.celttv.com.ar\/wp-content\/uploads\/2019\/11\/106_8256-copia-1536x864.jpg 1536w, https:\/\/www.celttv.com.ar\/wp-content\/uploads\/2019\/11\/106_8256-copia-750x422.jpg 750w, https:\/\/www.celttv.com.ar\/wp-content\/uploads\/2019\/11\/106_8256-copia-1140x641.jpg 1140w\" sizes=\"auto, (max-width: 780px) 100vw, 780px\" \/><\/a><\/p>\n<p><a href=\"http:\/\/www.celttv.com.ar\/?attachment_id=45700\" rel=\"attachment wp-att-45700\"><img loading=\"lazy\" decoding=\"async\" class=\"size-medium wp-image-45700\" src=\"http:\/\/www.celttv.com.ar\/wp-content\/uploads\/2019\/11\/106_8257-copia.jpg\" alt=\"\" width=\"780\" height=\"439\" srcset=\"https:\/\/www.celttv.com.ar\/wp-content\/uploads\/2019\/11\/106_8257-copia.jpg 1920w, https:\/\/www.celttv.com.ar\/wp-content\/uploads\/2019\/11\/106_8257-copia-300x169.jpg 300w, https:\/\/www.celttv.com.ar\/wp-content\/uploads\/2019\/11\/106_8257-copia-1024x576.jpg 1024w, https:\/\/www.celttv.com.ar\/wp-content\/uploads\/2019\/11\/106_8257-copia-768x432.jpg 768w, https:\/\/www.celttv.com.ar\/wp-content\/uploads\/2019\/11\/106_8257-copia-1536x864.jpg 1536w, https:\/\/www.celttv.com.ar\/wp-content\/uploads\/2019\/11\/106_8257-copia-750x422.jpg 750w, https:\/\/www.celttv.com.ar\/wp-content\/uploads\/2019\/11\/106_8257-copia-1140x641.jpg 1140w\" sizes=\"auto, (max-width: 780px) 100vw, 780px\" \/><\/a><\/p>\n<p><a href=\"http:\/\/www.celttv.com.ar\/?attachment_id=45701\" rel=\"attachment wp-att-45701\"><img loading=\"lazy\" decoding=\"async\" class=\"size-medium wp-image-45701\" src=\"http:\/\/www.celttv.com.ar\/wp-content\/uploads\/2019\/11\/106_8260-copia.jpg\" alt=\"\" width=\"780\" height=\"439\" srcset=\"https:\/\/www.celttv.com.ar\/wp-content\/uploads\/2019\/11\/106_8260-copia.jpg 1920w, https:\/\/www.celttv.com.ar\/wp-content\/uploads\/2019\/11\/106_8260-copia-300x169.jpg 300w, https:\/\/www.celttv.com.ar\/wp-content\/uploads\/2019\/11\/106_8260-copia-1024x576.jpg 1024w, https:\/\/www.celttv.com.ar\/wp-content\/uploads\/2019\/11\/106_8260-copia-768x432.jpg 768w, https:\/\/www.celttv.com.ar\/wp-content\/uploads\/2019\/11\/106_8260-copia-1536x864.jpg 1536w, https:\/\/www.celttv.com.ar\/wp-content\/uploads\/2019\/11\/106_8260-copia-750x422.jpg 750w, https:\/\/www.celttv.com.ar\/wp-content\/uploads\/2019\/11\/106_8260-copia-1140x641.jpg 1140w\" sizes=\"auto, (max-width: 780px) 100vw, 780px\" \/><\/a><\/p>\n<p><a href=\"http:\/\/www.celttv.com.ar\/?attachment_id=45702\" rel=\"attachment wp-att-45702\"><img loading=\"lazy\" decoding=\"async\" class=\"size-medium wp-image-45702\" src=\"http:\/\/www.celttv.com.ar\/wp-content\/uploads\/2019\/11\/106_8261-copia.jpg\" alt=\"\" width=\"780\" height=\"439\" srcset=\"https:\/\/www.celttv.com.ar\/wp-content\/uploads\/2019\/11\/106_8261-copia.jpg 1920w, https:\/\/www.celttv.com.ar\/wp-content\/uploads\/2019\/11\/106_8261-copia-300x169.jpg 300w, https:\/\/www.celttv.com.ar\/wp-content\/uploads\/2019\/11\/106_8261-copia-1024x576.jpg 1024w, https:\/\/www.celttv.com.ar\/wp-content\/uploads\/2019\/11\/106_8261-copia-768x432.jpg 768w, https:\/\/www.celttv.com.ar\/wp-content\/uploads\/2019\/11\/106_8261-copia-1536x864.jpg 1536w, https:\/\/www.celttv.com.ar\/wp-content\/uploads\/2019\/11\/106_8261-copia-750x422.jpg 750w, https:\/\/www.celttv.com.ar\/wp-content\/uploads\/2019\/11\/106_8261-copia-1140x641.jpg 1140w\" sizes=\"auto, (max-width: 780px) 100vw, 780px\" \/><\/a><\/p>\n<p><a href=\"http:\/\/www.celttv.com.ar\/?attachment_id=45703\" rel=\"attachment wp-att-45703\"><img loading=\"lazy\" decoding=\"async\" class=\"size-medium wp-image-45703\" src=\"http:\/\/www.celttv.com.ar\/wp-content\/uploads\/2019\/11\/106_8263-copia.jpg\" alt=\"\" width=\"780\" height=\"439\" srcset=\"https:\/\/www.celttv.com.ar\/wp-content\/uploads\/2019\/11\/106_8263-copia.jpg 1920w, https:\/\/www.celttv.com.ar\/wp-content\/uploads\/2019\/11\/106_8263-copia-300x169.jpg 300w, https:\/\/www.celttv.com.ar\/wp-content\/uploads\/2019\/11\/106_8263-copia-1024x576.jpg 1024w, https:\/\/www.celttv.com.ar\/wp-content\/uploads\/2019\/11\/106_8263-copia-768x432.jpg 768w, https:\/\/www.celttv.com.ar\/wp-content\/uploads\/2019\/11\/106_8263-copia-1536x864.jpg 1536w, https:\/\/www.celttv.com.ar\/wp-content\/uploads\/2019\/11\/106_8263-copia-750x422.jpg 750w, https:\/\/www.celttv.com.ar\/wp-content\/uploads\/2019\/11\/106_8263-copia-1140x641.jpg 1140w\" sizes=\"auto, (max-width: 780px) 100vw, 780px\" \/><\/a><\/p>\n<p><a href=\"http:\/\/www.celttv.com.ar\/?attachment_id=45704\" rel=\"attachment wp-att-45704\"><img loading=\"lazy\" decoding=\"async\" class=\"size-medium wp-image-45704\" src=\"http:\/\/www.celttv.com.ar\/wp-content\/uploads\/2019\/11\/106_8264-copia.jpg\" alt=\"\" width=\"780\" height=\"439\" srcset=\"https:\/\/www.celttv.com.ar\/wp-content\/uploads\/2019\/11\/106_8264-copia.jpg 1920w, https:\/\/www.celttv.com.ar\/wp-content\/uploads\/2019\/11\/106_8264-copia-300x169.jpg 300w, https:\/\/www.celttv.com.ar\/wp-content\/uploads\/2019\/11\/106_8264-copia-1024x576.jpg 1024w, https:\/\/www.celttv.com.ar\/wp-content\/uploads\/2019\/11\/106_8264-copia-768x432.jpg 768w, https:\/\/www.celttv.com.ar\/wp-content\/uploads\/2019\/11\/106_8264-copia-1536x864.jpg 1536w, https:\/\/www.celttv.com.ar\/wp-content\/uploads\/2019\/11\/106_8264-copia-750x422.jpg 750w, https:\/\/www.celttv.com.ar\/wp-content\/uploads\/2019\/11\/106_8264-copia-1140x641.jpg 1140w\" sizes=\"auto, (max-width: 780px) 100vw, 780px\" \/><\/a><\/p>\n<p><a href=\"http:\/\/www.celttv.com.ar\/?attachment_id=45705\" rel=\"attachment wp-att-45705\"><img loading=\"lazy\" decoding=\"async\" class=\"size-medium wp-image-45705\" src=\"http:\/\/www.celttv.com.ar\/wp-content\/uploads\/2019\/11\/106_8265-copia.jpg\" alt=\"\" width=\"780\" height=\"439\" srcset=\"https:\/\/www.celttv.com.ar\/wp-content\/uploads\/2019\/11\/106_8265-copia.jpg 1920w, https:\/\/www.celttv.com.ar\/wp-content\/uploads\/2019\/11\/106_8265-copia-300x169.jpg 300w, https:\/\/www.celttv.com.ar\/wp-content\/uploads\/2019\/11\/106_8265-copia-1024x576.jpg 1024w, https:\/\/www.celttv.com.ar\/wp-content\/uploads\/2019\/11\/106_8265-copia-768x432.jpg 768w, https:\/\/www.celttv.com.ar\/wp-content\/uploads\/2019\/11\/106_8265-copia-1536x864.jpg 1536w, https:\/\/www.celttv.com.ar\/wp-content\/uploads\/2019\/11\/106_8265-copia-750x422.jpg 750w, https:\/\/www.celttv.com.ar\/wp-content\/uploads\/2019\/11\/106_8265-copia-1140x641.jpg 1140w\" sizes=\"auto, (max-width: 780px) 100vw, 780px\" \/><\/a><\/p>\n<p><a href=\"http:\/\/www.celttv.com.ar\/?attachment_id=45706\" rel=\"attachment wp-att-45706\"><img loading=\"lazy\" decoding=\"async\" class=\"size-medium wp-image-45706\" src=\"http:\/\/www.celttv.com.ar\/wp-content\/uploads\/2019\/11\/106_8268-copia.jpg\" alt=\"\" width=\"780\" height=\"439\" srcset=\"https:\/\/www.celttv.com.ar\/wp-content\/uploads\/2019\/11\/106_8268-copia.jpg 1920w, https:\/\/www.celttv.com.ar\/wp-content\/uploads\/2019\/11\/106_8268-copia-300x169.jpg 300w, https:\/\/www.celttv.com.ar\/wp-content\/uploads\/2019\/11\/106_8268-copia-1024x576.jpg 1024w, https:\/\/www.celttv.com.ar\/wp-content\/uploads\/2019\/11\/106_8268-copia-768x432.jpg 768w, https:\/\/www.celttv.com.ar\/wp-content\/uploads\/2019\/11\/106_8268-copia-1536x864.jpg 1536w, https:\/\/www.celttv.com.ar\/wp-content\/uploads\/2019\/11\/106_8268-copia-750x422.jpg 750w, https:\/\/www.celttv.com.ar\/wp-content\/uploads\/2019\/11\/106_8268-copia-1140x641.jpg 1140w\" sizes=\"auto, (max-width: 780px) 100vw, 780px\" \/><\/a><\/p>\n","protected":false},"excerpt":{"rendered":"<p>La actividad comenz\u00f3 con un breve acto de apertura y entrega de presentes a los equipos de diferentes localidades de la zona que forman parte del encuentro. Luego, se dio inicio al mismo. El martes 26, a partir de las 21, en el programa MAGAZINE SPORT\u00a0 de Canal 2, se emitir\u00e1n las notas e im\u00e1genes [&hellip;]<\/p>\n","protected":false},"author":1,"featured_media":45688,"comment_status":"closed","ping_status":"open","sticky":false,"template":"","format":"standard","meta":{"footnotes":""},"categories":[55,60,52,63],"tags":[],"class_list":["post-45685","post","type-post","status-publish","format-standard","has-post-thumbnail","hentry","category-celt-tv-noticias","category-deporte","category-destacadas","category-magazine-sport"],"yoast_head":"<!-- This site is optimized with the Yoast SEO plugin v19.7.1 - https:\/\/yoast.com\/wordpress\/plugins\/seo\/ -->\n<title>El encuentro de Newcom se vivi\u00f3 a pleno en nuestra ciudad (Videos y fotos) - CELTTV<\/title>\n<meta name=\"description\" content=\"Sitio web de noticias de la localidad de Tornquist, provincia de Buenos Aires, Rep\u00fablica Argentina. Contenido propio originado por periodistas de CELTTV, el canal de TV local de la Cooperativa El\u00e9ctrica de Tornquist. Turismo, Pol\u00edtica, Sociedad, Deporte, Cultura y todo el contenido de inter\u00e9s general que la gente del pueblo y la regi\u00f3n debe conocer.\" \/>\n<meta name=\"robots\" content=\"index, follow, max-snippet:-1, max-image-preview:large, max-video-preview:-1\" \/>\n<link rel=\"canonical\" href=\"https:\/\/www.celttv.com.ar\/index.php\/2019\/11\/23\/el-encuentro-de-newcom-se-vive-a-pleno-en-nuestra-ciudad-videos-y-fotos\/\" \/>\n<meta property=\"og:locale\" content=\"es_ES\" \/>\n<meta property=\"og:type\" content=\"article\" \/>\n<meta property=\"og:title\" content=\"El encuentro de Newcom se vivi\u00f3 a pleno en nuestra ciudad (Videos y fotos) - CELTTV\" \/>\n<meta property=\"og:description\" content=\"Sitio web de noticias de la localidad de Tornquist, provincia de Buenos Aires, Rep\u00fablica Argentina. Contenido propio originado por periodistas de CELTTV, el canal de TV local de la Cooperativa El\u00e9ctrica de Tornquist. Turismo, Pol\u00edtica, Sociedad, Deporte, Cultura y todo el contenido de inter\u00e9s general que la gente del pueblo y la regi\u00f3n debe conocer.\" \/>\n<meta property=\"og:url\" content=\"https:\/\/www.celttv.com.ar\/index.php\/2019\/11\/23\/el-encuentro-de-newcom-se-vive-a-pleno-en-nuestra-ciudad-videos-y-fotos\/\" \/>\n<meta property=\"og:site_name\" content=\"CELTTV\" \/>\n<meta property=\"article:publisher\" content=\"https:\/\/www.facebook.com\/celtTV\/\" \/>\n<meta property=\"article:published_time\" content=\"2019-11-23T17:16:37+00:00\" \/>\n<meta property=\"og:image\" content=\"https:\/\/www.celttv.com.ar\/wp-content\/uploads\/2019\/11\/106_8237-copia.jpg\" \/>\n\t<meta property=\"og:image:width\" content=\"1920\" \/>\n\t<meta property=\"og:image:height\" content=\"1080\" \/>\n\t<meta property=\"og:image:type\" content=\"image\/jpeg\" \/>\n<meta name=\"author\" content=\"ulises\" \/>\n<meta name=\"twitter:card\" content=\"summary_large_image\" \/>\n<meta name=\"twitter:label1\" content=\"Escrito por\" \/>\n\t<meta name=\"twitter:data1\" content=\"ulises\" \/>\n<script type=\"application\/ld+json\" class=\"yoast-schema-graph\">{\"@context\":\"https:\/\/schema.org\",\"@graph\":[{\"@type\":\"NewsArticle\",\"@id\":\"https:\/\/www.celttv.com.ar\/index.php\/2019\/11\/23\/el-encuentro-de-newcom-se-vive-a-pleno-en-nuestra-ciudad-videos-y-fotos\/#article\",\"isPartOf\":{\"@id\":\"https:\/\/www.celttv.com.ar\/index.php\/2019\/11\/23\/el-encuentro-de-newcom-se-vive-a-pleno-en-nuestra-ciudad-videos-y-fotos\/\"},\"author\":{\"name\":\"ulises\",\"@id\":\"https:\/\/www.celttv.com.ar\/#\/schema\/person\/6d99c072dba59953809c81446e9d0ace\"},\"headline\":\"El encuentro de Newcom se vivi\u00f3 a pleno en nuestra ciudad (Videos y fotos)\",\"datePublished\":\"2019-11-23T17:16:37+00:00\",\"dateModified\":\"2019-11-23T17:16:37+00:00\",\"mainEntityOfPage\":{\"@id\":\"https:\/\/www.celttv.com.ar\/index.php\/2019\/11\/23\/el-encuentro-de-newcom-se-vive-a-pleno-en-nuestra-ciudad-videos-y-fotos\/\"},\"wordCount\":82,\"publisher\":{\"@id\":\"https:\/\/www.celttv.com.ar\/#organization\"},\"articleSection\":[\"Celt TV Noticias\",\"Deporte\",\"Destacadas\",\"Magazine Sport\"],\"inLanguage\":\"es\"},{\"@type\":\"WebPage\",\"@id\":\"https:\/\/www.celttv.com.ar\/index.php\/2019\/11\/23\/el-encuentro-de-newcom-se-vive-a-pleno-en-nuestra-ciudad-videos-y-fotos\/\",\"url\":\"https:\/\/www.celttv.com.ar\/index.php\/2019\/11\/23\/el-encuentro-de-newcom-se-vive-a-pleno-en-nuestra-ciudad-videos-y-fotos\/\",\"name\":\"El encuentro de Newcom se vivi\u00f3 a pleno en nuestra ciudad (Videos y fotos) - CELTTV\",\"isPartOf\":{\"@id\":\"https:\/\/www.celttv.com.ar\/#website\"},\"datePublished\":\"2019-11-23T17:16:37+00:00\",\"dateModified\":\"2019-11-23T17:16:37+00:00\",\"description\":\"Sitio web de noticias de la localidad de Tornquist, provincia de Buenos Aires, Rep\u00fablica Argentina. Contenido propio originado por periodistas de CELTTV, el canal de TV local de la Cooperativa El\u00e9ctrica de Tornquist. Turismo, Pol\u00edtica, Sociedad, Deporte, Cultura y todo el contenido de inter\u00e9s general que la gente del pueblo y la regi\u00f3n debe conocer.\",\"breadcrumb\":{\"@id\":\"https:\/\/www.celttv.com.ar\/index.php\/2019\/11\/23\/el-encuentro-de-newcom-se-vive-a-pleno-en-nuestra-ciudad-videos-y-fotos\/#breadcrumb\"},\"inLanguage\":\"es\",\"potentialAction\":[{\"@type\":\"ReadAction\",\"target\":[\"https:\/\/www.celttv.com.ar\/index.php\/2019\/11\/23\/el-encuentro-de-newcom-se-vive-a-pleno-en-nuestra-ciudad-videos-y-fotos\/\"]}]},{\"@type\":\"BreadcrumbList\",\"@id\":\"https:\/\/www.celttv.com.ar\/index.php\/2019\/11\/23\/el-encuentro-de-newcom-se-vive-a-pleno-en-nuestra-ciudad-videos-y-fotos\/#breadcrumb\",\"itemListElement\":[{\"@type\":\"ListItem\",\"position\":1,\"name\":\"Inicio\",\"item\":\"https:\/\/www.celttv.com.ar\/\"},{\"@type\":\"ListItem\",\"position\":2,\"name\":\"El encuentro de Newcom se vivi\u00f3 a pleno en nuestra ciudad (Videos y fotos)\"}]},{\"@type\":\"WebSite\",\"@id\":\"https:\/\/www.celttv.com.ar\/#website\",\"url\":\"https:\/\/www.celttv.com.ar\/\",\"name\":\"CELTTV\",\"description\":\"Cooperativa El\u00e9ctrica de Tornquist\",\"publisher\":{\"@id\":\"https:\/\/www.celttv.com.ar\/#organization\"},\"potentialAction\":[{\"@type\":\"SearchAction\",\"target\":{\"@type\":\"EntryPoint\",\"urlTemplate\":\"https:\/\/www.celttv.com.ar\/?s={search_term_string}\"},\"query-input\":\"required name=search_term_string\"}],\"inLanguage\":\"es\"},{\"@type\":\"Organization\",\"@id\":\"https:\/\/www.celttv.com.ar\/#organization\",\"name\":\"CELTTV\",\"url\":\"https:\/\/www.celttv.com.ar\/\",\"sameAs\":[\"https:\/\/www.youtube.com\/channel\/UCz_oIt8Hig64Ub-EmcNPIhg\",\"https:\/\/www.facebook.com\/celtTV\/\"],\"logo\":{\"@type\":\"ImageObject\",\"inLanguage\":\"es\",\"@id\":\"https:\/\/www.celttv.com.ar\/#\/schema\/logo\/image\/\",\"url\":\"http:\/\/www.celttv.com.ar\/wp-content\/uploads\/2022\/08\/logo-1.png\",\"contentUrl\":\"http:\/\/www.celttv.com.ar\/wp-content\/uploads\/2022\/08\/logo-1.png\",\"width\":461,\"height\":159,\"caption\":\"CELTTV\"},\"image\":{\"@id\":\"https:\/\/www.celttv.com.ar\/#\/schema\/logo\/image\/\"}},{\"@type\":\"Person\",\"@id\":\"https:\/\/www.celttv.com.ar\/#\/schema\/person\/6d99c072dba59953809c81446e9d0ace\",\"name\":\"ulises\",\"image\":{\"@type\":\"ImageObject\",\"inLanguage\":\"es\",\"@id\":\"https:\/\/www.celttv.com.ar\/#\/schema\/person\/image\/\",\"url\":\"https:\/\/secure.gravatar.com\/avatar\/7f2c48bdc33b30088f941fb6082e555f2874c98e20cb159d7b92b50eadfce793?s=96&d=mm&r=g\",\"contentUrl\":\"https:\/\/secure.gravatar.com\/avatar\/7f2c48bdc33b30088f941fb6082e555f2874c98e20cb159d7b92b50eadfce793?s=96&d=mm&r=g\",\"caption\":\"ulises\"},\"sameAs\":[\"http:\/\/www.celttv.com.ar\"]}]}<\/script>\n<!-- \/ Yoast SEO plugin. -->","yoast_head_json":{"title":"El encuentro de Newcom se vivi\u00f3 a pleno en nuestra ciudad (Videos y fotos) - CELTTV","description":"Sitio web de noticias de la localidad de Tornquist, provincia de Buenos Aires, Rep\u00fablica Argentina. Contenido propio originado por periodistas de CELTTV, el canal de TV local de la Cooperativa El\u00e9ctrica de Tornquist. Turismo, Pol\u00edtica, Sociedad, Deporte, Cultura y todo el contenido de inter\u00e9s general que la gente del pueblo y la regi\u00f3n debe conocer.","robots":{"index":"index","follow":"follow","max-snippet":"max-snippet:-1","max-image-preview":"max-image-preview:large","max-video-preview":"max-video-preview:-1"},"canonical":"https:\/\/www.celttv.com.ar\/index.php\/2019\/11\/23\/el-encuentro-de-newcom-se-vive-a-pleno-en-nuestra-ciudad-videos-y-fotos\/","og_locale":"es_ES","og_type":"article","og_title":"El encuentro de Newcom se vivi\u00f3 a pleno en nuestra ciudad (Videos y fotos) - CELTTV","og_description":"Sitio web de noticias de la localidad de Tornquist, provincia de Buenos Aires, Rep\u00fablica Argentina. Contenido propio originado por periodistas de CELTTV, el canal de TV local de la Cooperativa El\u00e9ctrica de Tornquist. Turismo, Pol\u00edtica, Sociedad, Deporte, Cultura y todo el contenido de inter\u00e9s general que la gente del pueblo y la regi\u00f3n debe conocer.","og_url":"https:\/\/www.celttv.com.ar\/index.php\/2019\/11\/23\/el-encuentro-de-newcom-se-vive-a-pleno-en-nuestra-ciudad-videos-y-fotos\/","og_site_name":"CELTTV","article_publisher":"https:\/\/www.facebook.com\/celtTV\/","article_published_time":"2019-11-23T17:16:37+00:00","og_image":[{"width":1920,"height":1080,"url":"https:\/\/www.celttv.com.ar\/wp-content\/uploads\/2019\/11\/106_8237-copia.jpg","type":"image\/jpeg"}],"author":"ulises","twitter_card":"summary_large_image","twitter_misc":{"Escrito por":"ulises"},"schema":{"@context":"https:\/\/schema.org","@graph":[{"@type":"NewsArticle","@id":"https:\/\/www.celttv.com.ar\/index.php\/2019\/11\/23\/el-encuentro-de-newcom-se-vive-a-pleno-en-nuestra-ciudad-videos-y-fotos\/#article","isPartOf":{"@id":"https:\/\/www.celttv.com.ar\/index.php\/2019\/11\/23\/el-encuentro-de-newcom-se-vive-a-pleno-en-nuestra-ciudad-videos-y-fotos\/"},"author":{"name":"ulises","@id":"https:\/\/www.celttv.com.ar\/#\/schema\/person\/6d99c072dba59953809c81446e9d0ace"},"headline":"El encuentro de Newcom se vivi\u00f3 a pleno en nuestra ciudad (Videos y fotos)","datePublished":"2019-11-23T17:16:37+00:00","dateModified":"2019-11-23T17:16:37+00:00","mainEntityOfPage":{"@id":"https:\/\/www.celttv.com.ar\/index.php\/2019\/11\/23\/el-encuentro-de-newcom-se-vive-a-pleno-en-nuestra-ciudad-videos-y-fotos\/"},"wordCount":82,"publisher":{"@id":"https:\/\/www.celttv.com.ar\/#organization"},"articleSection":["Celt TV Noticias","Deporte","Destacadas","Magazine Sport"],"inLanguage":"es"},{"@type":"WebPage","@id":"https:\/\/www.celttv.com.ar\/index.php\/2019\/11\/23\/el-encuentro-de-newcom-se-vive-a-pleno-en-nuestra-ciudad-videos-y-fotos\/","url":"https:\/\/www.celttv.com.ar\/index.php\/2019\/11\/23\/el-encuentro-de-newcom-se-vive-a-pleno-en-nuestra-ciudad-videos-y-fotos\/","name":"El encuentro de Newcom se vivi\u00f3 a pleno en nuestra ciudad (Videos y fotos) - CELTTV","isPartOf":{"@id":"https:\/\/www.celttv.com.ar\/#website"},"datePublished":"2019-11-23T17:16:37+00:00","dateModified":"2019-11-23T17:16:37+00:00","description":"Sitio web de noticias de la localidad de Tornquist, provincia de Buenos Aires, Rep\u00fablica Argentina. Contenido propio originado por periodistas de CELTTV, el canal de TV local de la Cooperativa El\u00e9ctrica de Tornquist. Turismo, Pol\u00edtica, Sociedad, Deporte, Cultura y todo el contenido de inter\u00e9s general que la gente del pueblo y la regi\u00f3n debe conocer.","breadcrumb":{"@id":"https:\/\/www.celttv.com.ar\/index.php\/2019\/11\/23\/el-encuentro-de-newcom-se-vive-a-pleno-en-nuestra-ciudad-videos-y-fotos\/#breadcrumb"},"inLanguage":"es","potentialAction":[{"@type":"ReadAction","target":["https:\/\/www.celttv.com.ar\/index.php\/2019\/11\/23\/el-encuentro-de-newcom-se-vive-a-pleno-en-nuestra-ciudad-videos-y-fotos\/"]}]},{"@type":"BreadcrumbList","@id":"https:\/\/www.celttv.com.ar\/index.php\/2019\/11\/23\/el-encuentro-de-newcom-se-vive-a-pleno-en-nuestra-ciudad-videos-y-fotos\/#breadcrumb","itemListElement":[{"@type":"ListItem","position":1,"name":"Inicio","item":"https:\/\/www.celttv.com.ar\/"},{"@type":"ListItem","position":2,"name":"El encuentro de Newcom se vivi\u00f3 a pleno en nuestra ciudad (Videos y fotos)"}]},{"@type":"WebSite","@id":"https:\/\/www.celttv.com.ar\/#website","url":"https:\/\/www.celttv.com.ar\/","name":"CELTTV","description":"Cooperativa El\u00e9ctrica de Tornquist","publisher":{"@id":"https:\/\/www.celttv.com.ar\/#organization"},"potentialAction":[{"@type":"SearchAction","target":{"@type":"EntryPoint","urlTemplate":"https:\/\/www.celttv.com.ar\/?s={search_term_string}"},"query-input":"required name=search_term_string"}],"inLanguage":"es"},{"@type":"Organization","@id":"https:\/\/www.celttv.com.ar\/#organization","name":"CELTTV","url":"https:\/\/www.celttv.com.ar\/","sameAs":["https:\/\/www.youtube.com\/channel\/UCz_oIt8Hig64Ub-EmcNPIhg","https:\/\/www.facebook.com\/celtTV\/"],"logo":{"@type":"ImageObject","inLanguage":"es","@id":"https:\/\/www.celttv.com.ar\/#\/schema\/logo\/image\/","url":"http:\/\/www.celttv.com.ar\/wp-content\/uploads\/2022\/08\/logo-1.png","contentUrl":"http:\/\/www.celttv.com.ar\/wp-content\/uploads\/2022\/08\/logo-1.png","width":461,"height":159,"caption":"CELTTV"},"image":{"@id":"https:\/\/www.celttv.com.ar\/#\/schema\/logo\/image\/"}},{"@type":"Person","@id":"https:\/\/www.celttv.com.ar\/#\/schema\/person\/6d99c072dba59953809c81446e9d0ace","name":"ulises","image":{"@type":"ImageObject","inLanguage":"es","@id":"https:\/\/www.celttv.com.ar\/#\/schema\/person\/image\/","url":"https:\/\/secure.gravatar.com\/avatar\/7f2c48bdc33b30088f941fb6082e555f2874c98e20cb159d7b92b50eadfce793?s=96&d=mm&r=g","contentUrl":"https:\/\/secure.gravatar.com\/avatar\/7f2c48bdc33b30088f941fb6082e555f2874c98e20cb159d7b92b50eadfce793?s=96&d=mm&r=g","caption":"ulises"},"sameAs":["http:\/\/www.celttv.com.ar"]}]}},"_links":{"self":[{"href":"https:\/\/www.celttv.com.ar\/index.php\/wp-json\/wp\/v2\/posts\/45685","targetHints":{"allow":["GET"]}}],"collection":[{"href":"https:\/\/www.celttv.com.ar\/index.php\/wp-json\/wp\/v2\/posts"}],"about":[{"href":"https:\/\/www.celttv.com.ar\/index.php\/wp-json\/wp\/v2\/types\/post"}],"author":[{"embeddable":true,"href":"https:\/\/www.celttv.com.ar\/index.php\/wp-json\/wp\/v2\/users\/1"}],"replies":[{"embeddable":true,"href":"https:\/\/www.celttv.com.ar\/index.php\/wp-json\/wp\/v2\/comments?post=45685"}],"version-history":[{"count":0,"href":"https:\/\/www.celttv.com.ar\/index.php\/wp-json\/wp\/v2\/posts\/45685\/revisions"}],"wp:featuredmedia":[{"embeddable":true,"href":"https:\/\/www.celttv.com.ar\/index.php\/wp-json\/wp\/v2\/media\/45688"}],"wp:attachment":[{"href":"https:\/\/www.celttv.com.ar\/index.php\/wp-json\/wp\/v2\/media?parent=45685"}],"wp:term":[{"taxonomy":"category","embeddable":true,"href":"https:\/\/www.celttv.com.ar\/index.php\/wp-json\/wp\/v2\/categories?post=45685"},{"taxonomy":"post_tag","embeddable":true,"href":"https:\/\/www.celttv.com.ar\/index.php\/wp-json\/wp\/v2\/tags?post=45685"}],"curies":[{"name":"wp","href":"https:\/\/api.w.org\/{rel}","templated":true}]}}