{"id":45907,"date":"2019-12-01T16:28:28","date_gmt":"2019-12-01T16:28:28","guid":{"rendered":"http:\/\/www.celttv.com.ar\/?p=45907"},"modified":"2019-12-01T16:28:28","modified_gmt":"2019-12-01T16:28:28","slug":"automoto-voley-cerro-el-ano-a-puro-festejo-en-la-abv-fotos-y-videos","status":"publish","type":"post","link":"https:\/\/www.celttv.com.ar\/index.php\/2019\/12\/01\/automoto-voley-cerro-el-ano-a-puro-festejo-en-la-abv-fotos-y-videos\/","title":{"rendered":"Automoto Voley cerr\u00f3 el a\u00f1o a puro festejo en la ABV"},"content":{"rendered":"<p>Un cierre de a\u00f1o exitoso es el que tuvo Automoto Voley, luego de quedarse con la Copa de Plata en Sub-16 y la de Oro en Sub-18, tras los triunfos obtenidos en las finales jugadas este fin de semana en Bah\u00eda Blanca.<\/p>\n<p>El equipo superior femenino venci\u00f3 en la final a Espora de Punta Alta por 25-14 y 25-22, consagr\u00e1ndose campe\u00f3n de la Copa de Oro de la Asociaci\u00f3n Bahiense de Voley.<\/p>\n<p>Por su parte, la Sub-16 le gan\u00f3 al Club Estudiantes (BB) por 25-13 y 25-12, y se qued\u00f3 con la Copa de Plata.<\/p>\n<p>Por \u00faltimo, el equipo masculino Sub-19 de Automoto Vooley se qued\u00f3 con el tercer puesto de la Copa de Oro del podio tras vencer a Liniers Voley por 25-18, 23-25 y 15-12.<\/p>\n<p><a href=\"http:\/\/www.celttv.com.ar\/?attachment_id=45910\" rel=\"attachment wp-att-45910\"><img loading=\"lazy\" decoding=\"async\" class=\"alignleft size-medium wp-image-45910\" src=\"http:\/\/www.celttv.com.ar\/wp-content\/uploads\/2019\/12\/79357446_1169257866600846_5835712609290027008_n.jpg\" alt=\"\" width=\"551\" height=\"551\" srcset=\"https:\/\/www.celttv.com.ar\/wp-content\/uploads\/2019\/12\/79357446_1169257866600846_5835712609290027008_n.jpg 551w, https:\/\/www.celttv.com.ar\/wp-content\/uploads\/2019\/12\/79357446_1169257866600846_5835712609290027008_n-300x300.jpg 300w, https:\/\/www.celttv.com.ar\/wp-content\/uploads\/2019\/12\/79357446_1169257866600846_5835712609290027008_n-150x150.jpg 150w, https:\/\/www.celttv.com.ar\/wp-content\/uploads\/2019\/12\/79357446_1169257866600846_5835712609290027008_n-75x75.jpg 75w\" sizes=\"auto, (max-width: 551px) 100vw, 551px\" \/><\/a><\/p>\n<p>&nbsp;<\/p>\n<p>&nbsp;<\/p>\n<p>&nbsp;<\/p>\n<p>&nbsp;<\/p>\n<p>&nbsp;<\/p>\n<p>&nbsp;<\/p>\n<p>&nbsp;<\/p>\n<p>&nbsp;<\/p>\n<p>&nbsp;<\/p>\n<p>&nbsp;<\/p>\n<p>&nbsp;<\/p>\n<p>&nbsp;<\/p>\n<p>&nbsp;<\/p>\n<p>&nbsp;<\/p>\n<p><a href=\"http:\/\/www.celttv.com.ar\/?attachment_id=45908\" rel=\"attachment wp-att-45908\"><img loading=\"lazy\" decoding=\"async\" class=\"alignleft size-full wp-image-45908\" src=\"http:\/\/www.celttv.com.ar\/wp-content\/uploads\/2019\/12\/78317938_1169141663279133_5279587011009708032_n.jpg\" alt=\"\" width=\"540\" height=\"540\" srcset=\"https:\/\/www.celttv.com.ar\/wp-content\/uploads\/2019\/12\/78317938_1169141663279133_5279587011009708032_n.jpg 540w, https:\/\/www.celttv.com.ar\/wp-content\/uploads\/2019\/12\/78317938_1169141663279133_5279587011009708032_n-300x300.jpg 300w, https:\/\/www.celttv.com.ar\/wp-content\/uploads\/2019\/12\/78317938_1169141663279133_5279587011009708032_n-150x150.jpg 150w, https:\/\/www.celttv.com.ar\/wp-content\/uploads\/2019\/12\/78317938_1169141663279133_5279587011009708032_n-75x75.jpg 75w\" sizes=\"auto, (max-width: 540px) 100vw, 540px\" \/><\/a> <a href=\"http:\/\/www.celttv.com.ar\/?attachment_id=45909\" rel=\"attachment wp-att-45909\"><img loading=\"lazy\" decoding=\"async\" class=\"alignleft size-full wp-image-45909\" src=\"http:\/\/www.celttv.com.ar\/wp-content\/uploads\/2019\/12\/78846136_1169345093258790_9167735541603500032_n.jpg\" alt=\"\" width=\"540\" height=\"540\" srcset=\"https:\/\/www.celttv.com.ar\/wp-content\/uploads\/2019\/12\/78846136_1169345093258790_9167735541603500032_n.jpg 540w, https:\/\/www.celttv.com.ar\/wp-content\/uploads\/2019\/12\/78846136_1169345093258790_9167735541603500032_n-300x300.jpg 300w, https:\/\/www.celttv.com.ar\/wp-content\/uploads\/2019\/12\/78846136_1169345093258790_9167735541603500032_n-150x150.jpg 150w, https:\/\/www.celttv.com.ar\/wp-content\/uploads\/2019\/12\/78846136_1169345093258790_9167735541603500032_n-75x75.jpg 75w\" sizes=\"auto, (max-width: 540px) 100vw, 540px\" \/><\/a><\/p>\n<p>&nbsp;<\/p>\n<p>&nbsp;<\/p>\n<p>&nbsp;<\/p>\n<p>&nbsp;<\/p>\n<p>&nbsp;<\/p>\n<p>&nbsp;<\/p>\n<p>&nbsp;<\/p>\n<p>&nbsp;<\/p>\n<p>&nbsp;<\/p>\n<p>&nbsp;<\/p>\n<p>&nbsp;<\/p>\n<p>&nbsp;<\/p>\n<p>&nbsp;<\/p>\n<p>&nbsp;<\/p>\n<p>&nbsp;<\/p>\n<p>&nbsp;<\/p>\n<p>&nbsp;<\/p>\n<p>&nbsp;<\/p>\n<p>&nbsp;<\/p>\n<p>&nbsp;<\/p>\n<p>&nbsp;<\/p>\n<p>&nbsp;<\/p>\n<p>&nbsp;<\/p>\n<p>&nbsp;<\/p>\n<p>&nbsp;<\/p>\n<p>&nbsp;<\/p>\n<p>&nbsp;<\/p>\n<p>&nbsp;<\/p>\n<p>https:\/\/www.facebook.com\/automototornquist\/videos\/310918499791353\/UzpfSTEwMDAwNTQ5OTMxNzMwNToxMTY5MDEyMDczMjkyMDky\/?id=100005499317305<\/p>\n<p>\u00daltimo punto de la categor\u00eda Sub-16.<\/p>\n<p>https:\/\/www.facebook.com\/automototornquist\/videos\/583946529007872\/UzpfSTEwMDAwNTQ5OTMxNzMwNToxMTY5MjUzNTgzMjY3OTQx\/?id=100005499317305<\/p>\n<p>\u00daltimo punto Sub 18.<\/p>\n","protected":false},"excerpt":{"rendered":"<p>Un cierre de a\u00f1o exitoso es el que tuvo Automoto Voley, luego de quedarse con la Copa de Plata en Sub-16 y la de Oro en Sub-18, tras los triunfos obtenidos en las finales jugadas este fin de semana en Bah\u00eda Blanca. El equipo superior femenino venci\u00f3 en la final a Espora de Punta Alta [&hellip;]<\/p>\n","protected":false},"author":1,"featured_media":45910,"comment_status":"closed","ping_status":"open","sticky":false,"template":"","format":"standard","meta":{"footnotes":""},"categories":[55,60,62,52,63],"tags":[],"class_list":["post-45907","post","type-post","status-publish","format-standard","has-post-thumbnail","hentry","category-celt-tv-noticias","category-deporte","category-deportes","category-destacadas","category-magazine-sport"],"yoast_head":"<!-- This site is optimized with the Yoast SEO plugin v19.7.1 - https:\/\/yoast.com\/wordpress\/plugins\/seo\/ -->\n<title>Automoto Voley cerr\u00f3 el a\u00f1o a puro festejo en la ABV - CELTTV<\/title>\n<meta name=\"description\" content=\"Sitio web de noticias de la localidad de Tornquist, provincia de Buenos Aires, Rep\u00fablica Argentina. Contenido propio originado por periodistas de CELTTV, el canal de TV local de la Cooperativa El\u00e9ctrica de Tornquist. Turismo, Pol\u00edtica, Sociedad, Deporte, Cultura y todo el contenido de inter\u00e9s general que la gente del pueblo y la regi\u00f3n debe conocer.\" \/>\n<meta name=\"robots\" content=\"index, follow, max-snippet:-1, max-image-preview:large, max-video-preview:-1\" \/>\n<link rel=\"canonical\" href=\"https:\/\/www.celttv.com.ar\/index.php\/2019\/12\/01\/automoto-voley-cerro-el-ano-a-puro-festejo-en-la-abv-fotos-y-videos\/\" \/>\n<meta property=\"og:locale\" content=\"es_ES\" \/>\n<meta property=\"og:type\" content=\"article\" \/>\n<meta property=\"og:title\" content=\"Automoto Voley cerr\u00f3 el a\u00f1o a puro festejo en la ABV - CELTTV\" \/>\n<meta property=\"og:description\" content=\"Sitio web de noticias de la localidad de Tornquist, provincia de Buenos Aires, Rep\u00fablica Argentina. Contenido propio originado por periodistas de CELTTV, el canal de TV local de la Cooperativa El\u00e9ctrica de Tornquist. Turismo, Pol\u00edtica, Sociedad, Deporte, Cultura y todo el contenido de inter\u00e9s general que la gente del pueblo y la regi\u00f3n debe conocer.\" \/>\n<meta property=\"og:url\" content=\"https:\/\/www.celttv.com.ar\/index.php\/2019\/12\/01\/automoto-voley-cerro-el-ano-a-puro-festejo-en-la-abv-fotos-y-videos\/\" \/>\n<meta property=\"og:site_name\" content=\"CELTTV\" \/>\n<meta property=\"article:publisher\" content=\"https:\/\/www.facebook.com\/celtTV\/\" \/>\n<meta property=\"article:published_time\" content=\"2019-12-01T16:28:28+00:00\" \/>\n<meta property=\"og:image\" content=\"https:\/\/www.celttv.com.ar\/wp-content\/uploads\/2019\/12\/79357446_1169257866600846_5835712609290027008_n.jpg\" \/>\n\t<meta property=\"og:image:width\" content=\"551\" \/>\n\t<meta property=\"og:image:height\" content=\"551\" \/>\n\t<meta property=\"og:image:type\" content=\"image\/jpeg\" \/>\n<meta name=\"author\" content=\"ulises\" \/>\n<meta name=\"twitter:card\" content=\"summary_large_image\" \/>\n<meta name=\"twitter:label1\" content=\"Escrito por\" \/>\n\t<meta name=\"twitter:data1\" content=\"ulises\" \/>\n\t<meta name=\"twitter:label2\" content=\"Tiempo de lectura\" \/>\n\t<meta name=\"twitter:data2\" content=\"1 minuto\" \/>\n<script type=\"application\/ld+json\" class=\"yoast-schema-graph\">{\"@context\":\"https:\/\/schema.org\",\"@graph\":[{\"@type\":\"NewsArticle\",\"@id\":\"https:\/\/www.celttv.com.ar\/index.php\/2019\/12\/01\/automoto-voley-cerro-el-ano-a-puro-festejo-en-la-abv-fotos-y-videos\/#article\",\"isPartOf\":{\"@id\":\"https:\/\/www.celttv.com.ar\/index.php\/2019\/12\/01\/automoto-voley-cerro-el-ano-a-puro-festejo-en-la-abv-fotos-y-videos\/\"},\"author\":{\"name\":\"ulises\",\"@id\":\"https:\/\/www.celttv.com.ar\/#\/schema\/person\/6d99c072dba59953809c81446e9d0ace\"},\"headline\":\"Automoto Voley cerr\u00f3 el a\u00f1o a puro festejo en la ABV\",\"datePublished\":\"2019-12-01T16:28:28+00:00\",\"dateModified\":\"2019-12-01T16:28:28+00:00\",\"mainEntityOfPage\":{\"@id\":\"https:\/\/www.celttv.com.ar\/index.php\/2019\/12\/01\/automoto-voley-cerro-el-ano-a-puro-festejo-en-la-abv-fotos-y-videos\/\"},\"wordCount\":217,\"publisher\":{\"@id\":\"https:\/\/www.celttv.com.ar\/#organization\"},\"articleSection\":[\"Celt TV Noticias\",\"Deporte\",\"Deportes\",\"Destacadas\",\"Magazine Sport\"],\"inLanguage\":\"es\"},{\"@type\":\"WebPage\",\"@id\":\"https:\/\/www.celttv.com.ar\/index.php\/2019\/12\/01\/automoto-voley-cerro-el-ano-a-puro-festejo-en-la-abv-fotos-y-videos\/\",\"url\":\"https:\/\/www.celttv.com.ar\/index.php\/2019\/12\/01\/automoto-voley-cerro-el-ano-a-puro-festejo-en-la-abv-fotos-y-videos\/\",\"name\":\"Automoto Voley cerr\u00f3 el a\u00f1o a puro festejo en la ABV - CELTTV\",\"isPartOf\":{\"@id\":\"https:\/\/www.celttv.com.ar\/#website\"},\"datePublished\":\"2019-12-01T16:28:28+00:00\",\"dateModified\":\"2019-12-01T16:28:28+00:00\",\"description\":\"Sitio web de noticias de la localidad de Tornquist, provincia de Buenos Aires, Rep\u00fablica Argentina. Contenido propio originado por periodistas de CELTTV, el canal de TV local de la Cooperativa El\u00e9ctrica de Tornquist. Turismo, Pol\u00edtica, Sociedad, Deporte, Cultura y todo el contenido de inter\u00e9s general que la gente del pueblo y la regi\u00f3n debe conocer.\",\"breadcrumb\":{\"@id\":\"https:\/\/www.celttv.com.ar\/index.php\/2019\/12\/01\/automoto-voley-cerro-el-ano-a-puro-festejo-en-la-abv-fotos-y-videos\/#breadcrumb\"},\"inLanguage\":\"es\",\"potentialAction\":[{\"@type\":\"ReadAction\",\"target\":[\"https:\/\/www.celttv.com.ar\/index.php\/2019\/12\/01\/automoto-voley-cerro-el-ano-a-puro-festejo-en-la-abv-fotos-y-videos\/\"]}]},{\"@type\":\"BreadcrumbList\",\"@id\":\"https:\/\/www.celttv.com.ar\/index.php\/2019\/12\/01\/automoto-voley-cerro-el-ano-a-puro-festejo-en-la-abv-fotos-y-videos\/#breadcrumb\",\"itemListElement\":[{\"@type\":\"ListItem\",\"position\":1,\"name\":\"Inicio\",\"item\":\"https:\/\/www.celttv.com.ar\/\"},{\"@type\":\"ListItem\",\"position\":2,\"name\":\"Automoto Voley cerr\u00f3 el a\u00f1o a puro festejo en la ABV\"}]},{\"@type\":\"WebSite\",\"@id\":\"https:\/\/www.celttv.com.ar\/#website\",\"url\":\"https:\/\/www.celttv.com.ar\/\",\"name\":\"CELTTV\",\"description\":\"Cooperativa El\u00e9ctrica de Tornquist\",\"publisher\":{\"@id\":\"https:\/\/www.celttv.com.ar\/#organization\"},\"potentialAction\":[{\"@type\":\"SearchAction\",\"target\":{\"@type\":\"EntryPoint\",\"urlTemplate\":\"https:\/\/www.celttv.com.ar\/?s={search_term_string}\"},\"query-input\":\"required name=search_term_string\"}],\"inLanguage\":\"es\"},{\"@type\":\"Organization\",\"@id\":\"https:\/\/www.celttv.com.ar\/#organization\",\"name\":\"CELTTV\",\"url\":\"https:\/\/www.celttv.com.ar\/\",\"sameAs\":[\"https:\/\/www.youtube.com\/channel\/UCz_oIt8Hig64Ub-EmcNPIhg\",\"https:\/\/www.facebook.com\/celtTV\/\"],\"logo\":{\"@type\":\"ImageObject\",\"inLanguage\":\"es\",\"@id\":\"https:\/\/www.celttv.com.ar\/#\/schema\/logo\/image\/\",\"url\":\"http:\/\/www.celttv.com.ar\/wp-content\/uploads\/2022\/08\/logo-1.png\",\"contentUrl\":\"http:\/\/www.celttv.com.ar\/wp-content\/uploads\/2022\/08\/logo-1.png\",\"width\":461,\"height\":159,\"caption\":\"CELTTV\"},\"image\":{\"@id\":\"https:\/\/www.celttv.com.ar\/#\/schema\/logo\/image\/\"}},{\"@type\":\"Person\",\"@id\":\"https:\/\/www.celttv.com.ar\/#\/schema\/person\/6d99c072dba59953809c81446e9d0ace\",\"name\":\"ulises\",\"image\":{\"@type\":\"ImageObject\",\"inLanguage\":\"es\",\"@id\":\"https:\/\/www.celttv.com.ar\/#\/schema\/person\/image\/\",\"url\":\"https:\/\/secure.gravatar.com\/avatar\/7f2c48bdc33b30088f941fb6082e555f2874c98e20cb159d7b92b50eadfce793?s=96&d=mm&r=g\",\"contentUrl\":\"https:\/\/secure.gravatar.com\/avatar\/7f2c48bdc33b30088f941fb6082e555f2874c98e20cb159d7b92b50eadfce793?s=96&d=mm&r=g\",\"caption\":\"ulises\"},\"sameAs\":[\"http:\/\/www.celttv.com.ar\"]}]}<\/script>\n<!-- \/ Yoast SEO plugin. -->","yoast_head_json":{"title":"Automoto Voley cerr\u00f3 el a\u00f1o a puro festejo en la ABV - CELTTV","description":"Sitio web de noticias de la localidad de Tornquist, provincia de Buenos Aires, Rep\u00fablica Argentina. Contenido propio originado por periodistas de CELTTV, el canal de TV local de la Cooperativa El\u00e9ctrica de Tornquist. Turismo, Pol\u00edtica, Sociedad, Deporte, Cultura y todo el contenido de inter\u00e9s general que la gente del pueblo y la regi\u00f3n debe conocer.","robots":{"index":"index","follow":"follow","max-snippet":"max-snippet:-1","max-image-preview":"max-image-preview:large","max-video-preview":"max-video-preview:-1"},"canonical":"https:\/\/www.celttv.com.ar\/index.php\/2019\/12\/01\/automoto-voley-cerro-el-ano-a-puro-festejo-en-la-abv-fotos-y-videos\/","og_locale":"es_ES","og_type":"article","og_title":"Automoto Voley cerr\u00f3 el a\u00f1o a puro festejo en la ABV - CELTTV","og_description":"Sitio web de noticias de la localidad de Tornquist, provincia de Buenos Aires, Rep\u00fablica Argentina. Contenido propio originado por periodistas de CELTTV, el canal de TV local de la Cooperativa El\u00e9ctrica de Tornquist. Turismo, Pol\u00edtica, Sociedad, Deporte, Cultura y todo el contenido de inter\u00e9s general que la gente del pueblo y la regi\u00f3n debe conocer.","og_url":"https:\/\/www.celttv.com.ar\/index.php\/2019\/12\/01\/automoto-voley-cerro-el-ano-a-puro-festejo-en-la-abv-fotos-y-videos\/","og_site_name":"CELTTV","article_publisher":"https:\/\/www.facebook.com\/celtTV\/","article_published_time":"2019-12-01T16:28:28+00:00","og_image":[{"width":551,"height":551,"url":"https:\/\/www.celttv.com.ar\/wp-content\/uploads\/2019\/12\/79357446_1169257866600846_5835712609290027008_n.jpg","type":"image\/jpeg"}],"author":"ulises","twitter_card":"summary_large_image","twitter_misc":{"Escrito por":"ulises","Tiempo de lectura":"1 minuto"},"schema":{"@context":"https:\/\/schema.org","@graph":[{"@type":"NewsArticle","@id":"https:\/\/www.celttv.com.ar\/index.php\/2019\/12\/01\/automoto-voley-cerro-el-ano-a-puro-festejo-en-la-abv-fotos-y-videos\/#article","isPartOf":{"@id":"https:\/\/www.celttv.com.ar\/index.php\/2019\/12\/01\/automoto-voley-cerro-el-ano-a-puro-festejo-en-la-abv-fotos-y-videos\/"},"author":{"name":"ulises","@id":"https:\/\/www.celttv.com.ar\/#\/schema\/person\/6d99c072dba59953809c81446e9d0ace"},"headline":"Automoto Voley cerr\u00f3 el a\u00f1o a puro festejo en la ABV","datePublished":"2019-12-01T16:28:28+00:00","dateModified":"2019-12-01T16:28:28+00:00","mainEntityOfPage":{"@id":"https:\/\/www.celttv.com.ar\/index.php\/2019\/12\/01\/automoto-voley-cerro-el-ano-a-puro-festejo-en-la-abv-fotos-y-videos\/"},"wordCount":217,"publisher":{"@id":"https:\/\/www.celttv.com.ar\/#organization"},"articleSection":["Celt TV Noticias","Deporte","Deportes","Destacadas","Magazine Sport"],"inLanguage":"es"},{"@type":"WebPage","@id":"https:\/\/www.celttv.com.ar\/index.php\/2019\/12\/01\/automoto-voley-cerro-el-ano-a-puro-festejo-en-la-abv-fotos-y-videos\/","url":"https:\/\/www.celttv.com.ar\/index.php\/2019\/12\/01\/automoto-voley-cerro-el-ano-a-puro-festejo-en-la-abv-fotos-y-videos\/","name":"Automoto Voley cerr\u00f3 el a\u00f1o a puro festejo en la ABV - CELTTV","isPartOf":{"@id":"https:\/\/www.celttv.com.ar\/#website"},"datePublished":"2019-12-01T16:28:28+00:00","dateModified":"2019-12-01T16:28:28+00:00","description":"Sitio web de noticias de la localidad de Tornquist, provincia de Buenos Aires, Rep\u00fablica Argentina. Contenido propio originado por periodistas de CELTTV, el canal de TV local de la Cooperativa El\u00e9ctrica de Tornquist. Turismo, Pol\u00edtica, Sociedad, Deporte, Cultura y todo el contenido de inter\u00e9s general que la gente del pueblo y la regi\u00f3n debe conocer.","breadcrumb":{"@id":"https:\/\/www.celttv.com.ar\/index.php\/2019\/12\/01\/automoto-voley-cerro-el-ano-a-puro-festejo-en-la-abv-fotos-y-videos\/#breadcrumb"},"inLanguage":"es","potentialAction":[{"@type":"ReadAction","target":["https:\/\/www.celttv.com.ar\/index.php\/2019\/12\/01\/automoto-voley-cerro-el-ano-a-puro-festejo-en-la-abv-fotos-y-videos\/"]}]},{"@type":"BreadcrumbList","@id":"https:\/\/www.celttv.com.ar\/index.php\/2019\/12\/01\/automoto-voley-cerro-el-ano-a-puro-festejo-en-la-abv-fotos-y-videos\/#breadcrumb","itemListElement":[{"@type":"ListItem","position":1,"name":"Inicio","item":"https:\/\/www.celttv.com.ar\/"},{"@type":"ListItem","position":2,"name":"Automoto Voley cerr\u00f3 el a\u00f1o a puro festejo en la ABV"}]},{"@type":"WebSite","@id":"https:\/\/www.celttv.com.ar\/#website","url":"https:\/\/www.celttv.com.ar\/","name":"CELTTV","description":"Cooperativa El\u00e9ctrica de Tornquist","publisher":{"@id":"https:\/\/www.celttv.com.ar\/#organization"},"potentialAction":[{"@type":"SearchAction","target":{"@type":"EntryPoint","urlTemplate":"https:\/\/www.celttv.com.ar\/?s={search_term_string}"},"query-input":"required name=search_term_string"}],"inLanguage":"es"},{"@type":"Organization","@id":"https:\/\/www.celttv.com.ar\/#organization","name":"CELTTV","url":"https:\/\/www.celttv.com.ar\/","sameAs":["https:\/\/www.youtube.com\/channel\/UCz_oIt8Hig64Ub-EmcNPIhg","https:\/\/www.facebook.com\/celtTV\/"],"logo":{"@type":"ImageObject","inLanguage":"es","@id":"https:\/\/www.celttv.com.ar\/#\/schema\/logo\/image\/","url":"http:\/\/www.celttv.com.ar\/wp-content\/uploads\/2022\/08\/logo-1.png","contentUrl":"http:\/\/www.celttv.com.ar\/wp-content\/uploads\/2022\/08\/logo-1.png","width":461,"height":159,"caption":"CELTTV"},"image":{"@id":"https:\/\/www.celttv.com.ar\/#\/schema\/logo\/image\/"}},{"@type":"Person","@id":"https:\/\/www.celttv.com.ar\/#\/schema\/person\/6d99c072dba59953809c81446e9d0ace","name":"ulises","image":{"@type":"ImageObject","inLanguage":"es","@id":"https:\/\/www.celttv.com.ar\/#\/schema\/person\/image\/","url":"https:\/\/secure.gravatar.com\/avatar\/7f2c48bdc33b30088f941fb6082e555f2874c98e20cb159d7b92b50eadfce793?s=96&d=mm&r=g","contentUrl":"https:\/\/secure.gravatar.com\/avatar\/7f2c48bdc33b30088f941fb6082e555f2874c98e20cb159d7b92b50eadfce793?s=96&d=mm&r=g","caption":"ulises"},"sameAs":["http:\/\/www.celttv.com.ar"]}]}},"_links":{"self":[{"href":"https:\/\/www.celttv.com.ar\/index.php\/wp-json\/wp\/v2\/posts\/45907","targetHints":{"allow":["GET"]}}],"collection":[{"href":"https:\/\/www.celttv.com.ar\/index.php\/wp-json\/wp\/v2\/posts"}],"about":[{"href":"https:\/\/www.celttv.com.ar\/index.php\/wp-json\/wp\/v2\/types\/post"}],"author":[{"embeddable":true,"href":"https:\/\/www.celttv.com.ar\/index.php\/wp-json\/wp\/v2\/users\/1"}],"replies":[{"embeddable":true,"href":"https:\/\/www.celttv.com.ar\/index.php\/wp-json\/wp\/v2\/comments?post=45907"}],"version-history":[{"count":0,"href":"https:\/\/www.celttv.com.ar\/index.php\/wp-json\/wp\/v2\/posts\/45907\/revisions"}],"wp:featuredmedia":[{"embeddable":true,"href":"https:\/\/www.celttv.com.ar\/index.php\/wp-json\/wp\/v2\/media\/45910"}],"wp:attachment":[{"href":"https:\/\/www.celttv.com.ar\/index.php\/wp-json\/wp\/v2\/media?parent=45907"}],"wp:term":[{"taxonomy":"category","embeddable":true,"href":"https:\/\/www.celttv.com.ar\/index.php\/wp-json\/wp\/v2\/categories?post=45907"},{"taxonomy":"post_tag","embeddable":true,"href":"https:\/\/www.celttv.com.ar\/index.php\/wp-json\/wp\/v2\/tags?post=45907"}],"curies":[{"name":"wp","href":"https:\/\/api.w.org\/{rel}","templated":true}]}}