{"id":45921,"date":"2019-12-02T20:30:28","date_gmt":"2019-12-02T20:30:28","guid":{"rendered":"http:\/\/www.celttv.com.ar\/?p=45921"},"modified":"2019-12-02T20:30:28","modified_gmt":"2019-12-02T20:30:28","slug":"agradecimiento-del-geriatrico-municipal-fotos","status":"publish","type":"post","link":"https:\/\/www.celttv.com.ar\/index.php\/2019\/12\/02\/agradecimiento-del-geriatrico-municipal-fotos\/","title":{"rendered":"Agradecimiento del Geri\u00e1trico Municipal"},"content":{"rendered":"<p>A principios del 2019, el Geri\u00e1trico Municipal \u201cDr. Alberto Castro\u201d fue elegido por los alumnos de 3\u00b0 a\u00f1o de Secundaria del Colegio Nuestra Sra. De Luj\u00e1n, para llevar adelante el proyecto escolar \u201cRenovando el Jard\u00edn\u201d, propuesto a trav\u00e9s de las materias Construcci\u00f3n de la Ciudadan\u00eda y Formaci\u00f3n Religiosa, a cargo de los prof. Alberto Tombesi y Hrna. Mar\u00eda Elena Maldonado.<br \/>\nA lo largo del a\u00f1o, fueron embelleciendo las paredes del patio, con dibujos y pinturas, as\u00ed tambi\u00e9n como bancos, mesas y sillas. Durante el desarrollo de estas tareas, los alumnos generaron v\u00ednculos con los residentes, a trav\u00e9s de charlas, mates y juegos.<br \/>\nEl pasado viernes 29, qued\u00f3 inaugurado con el nombre \u201cPatio San Francisco de As\u00eds\u201d, con la bendici\u00f3n del cura p\u00e1rroco Norberto L\u00f3pez.<br \/>\nTornquist Municipio, a trav\u00e9s del equipo del Geri\u00e1trico Municipal, agradece a los alumnos y a la instituci\u00f3n educativa, por haber elegido nuestro espacio para este intercambio maravilloso, entre j\u00f3venes y adultos mayores. Trabajo solidario, generoso, responsable y digno.<br \/>\nNuevamente Muchas Gracias!<\/p>\n<p><a href=\"http:\/\/www.celttv.com.ar\/?attachment_id=45922\" rel=\"attachment wp-att-45922\"><img loading=\"lazy\" decoding=\"async\" class=\"alignleft size-full wp-image-45922\" src=\"http:\/\/www.celttv.com.ar\/wp-content\/uploads\/2019\/12\/WhatsApp-Image-2019-12-02-at-09.26.31.jpeg\" alt=\"\" width=\"1280\" height=\"440\" srcset=\"https:\/\/www.celttv.com.ar\/wp-content\/uploads\/2019\/12\/WhatsApp-Image-2019-12-02-at-09.26.31.jpeg 1280w, https:\/\/www.celttv.com.ar\/wp-content\/uploads\/2019\/12\/WhatsApp-Image-2019-12-02-at-09.26.31-300x103.jpeg 300w, https:\/\/www.celttv.com.ar\/wp-content\/uploads\/2019\/12\/WhatsApp-Image-2019-12-02-at-09.26.31-1024x352.jpeg 1024w, https:\/\/www.celttv.com.ar\/wp-content\/uploads\/2019\/12\/WhatsApp-Image-2019-12-02-at-09.26.31-768x264.jpeg 768w, https:\/\/www.celttv.com.ar\/wp-content\/uploads\/2019\/12\/WhatsApp-Image-2019-12-02-at-09.26.31-750x258.jpeg 750w, https:\/\/www.celttv.com.ar\/wp-content\/uploads\/2019\/12\/WhatsApp-Image-2019-12-02-at-09.26.31-1140x392.jpeg 1140w\" sizes=\"auto, (max-width: 1280px) 100vw, 1280px\" \/><\/a> <a href=\"http:\/\/www.celttv.com.ar\/?attachment_id=45923\" rel=\"attachment wp-att-45923\"><img loading=\"lazy\" decoding=\"async\" class=\"alignleft size-medium wp-image-45923\" src=\"http:\/\/www.celttv.com.ar\/wp-content\/uploads\/2019\/12\/WhatsApp-Image-2019-12-02-at-09.26.31-1-1024x576-1.jpeg\" alt=\"\" width=\"780\" height=\"439\" srcset=\"https:\/\/www.celttv.com.ar\/wp-content\/uploads\/2019\/12\/WhatsApp-Image-2019-12-02-at-09.26.31-1-1024x576-1.jpeg 1024w, https:\/\/www.celttv.com.ar\/wp-content\/uploads\/2019\/12\/WhatsApp-Image-2019-12-02-at-09.26.31-1-1024x576-1-300x169.jpeg 300w, https:\/\/www.celttv.com.ar\/wp-content\/uploads\/2019\/12\/WhatsApp-Image-2019-12-02-at-09.26.31-1-1024x576-1-768x432.jpeg 768w, https:\/\/www.celttv.com.ar\/wp-content\/uploads\/2019\/12\/WhatsApp-Image-2019-12-02-at-09.26.31-1-1024x576-1-750x422.jpeg 750w\" sizes=\"auto, (max-width: 780px) 100vw, 780px\" \/><\/a> <a href=\"http:\/\/www.celttv.com.ar\/?attachment_id=45924\" rel=\"attachment wp-att-45924\"><img loading=\"lazy\" decoding=\"async\" class=\"alignleft size-medium wp-image-45924\" src=\"http:\/\/www.celttv.com.ar\/wp-content\/uploads\/2019\/12\/WhatsApp-Image-2019-12-02-at-09.26.32-576x1024-1.jpeg\" alt=\"\" width=\"439\" height=\"780\" srcset=\"https:\/\/www.celttv.com.ar\/wp-content\/uploads\/2019\/12\/WhatsApp-Image-2019-12-02-at-09.26.32-576x1024-1.jpeg 576w, https:\/\/www.celttv.com.ar\/wp-content\/uploads\/2019\/12\/WhatsApp-Image-2019-12-02-at-09.26.32-576x1024-1-169x300.jpeg 169w\" sizes=\"auto, (max-width: 439px) 100vw, 439px\" \/><\/a> <a href=\"http:\/\/www.celttv.com.ar\/?attachment_id=45925\" rel=\"attachment wp-att-45925\"><img loading=\"lazy\" decoding=\"async\" class=\"alignleft size-medium wp-image-45925\" src=\"http:\/\/www.celttv.com.ar\/wp-content\/uploads\/2019\/12\/WhatsApp-Image-2019-12-02-at-09.26.33-576x1024-1.jpeg\" alt=\"\" width=\"439\" height=\"780\" srcset=\"https:\/\/www.celttv.com.ar\/wp-content\/uploads\/2019\/12\/WhatsApp-Image-2019-12-02-at-09.26.33-576x1024-1.jpeg 576w, https:\/\/www.celttv.com.ar\/wp-content\/uploads\/2019\/12\/WhatsApp-Image-2019-12-02-at-09.26.33-576x1024-1-169x300.jpeg 169w\" sizes=\"auto, (max-width: 439px) 100vw, 439px\" \/><\/a> <a href=\"http:\/\/www.celttv.com.ar\/?attachment_id=45926\" rel=\"attachment wp-att-45926\"><img loading=\"lazy\" decoding=\"async\" class=\"alignleft size-medium wp-image-45926\" src=\"http:\/\/www.celttv.com.ar\/wp-content\/uploads\/2019\/12\/WhatsApp-Image-2019-12-02-at-09.26.34-2-576x1024-1.jpeg\" alt=\"\" width=\"439\" height=\"780\" srcset=\"https:\/\/www.celttv.com.ar\/wp-content\/uploads\/2019\/12\/WhatsApp-Image-2019-12-02-at-09.26.34-2-576x1024-1.jpeg 576w, https:\/\/www.celttv.com.ar\/wp-content\/uploads\/2019\/12\/WhatsApp-Image-2019-12-02-at-09.26.34-2-576x1024-1-169x300.jpeg 169w\" sizes=\"auto, (max-width: 439px) 100vw, 439px\" \/><\/a> <a href=\"http:\/\/www.celttv.com.ar\/?attachment_id=45927\" rel=\"attachment wp-att-45927\"><img loading=\"lazy\" decoding=\"async\" class=\"alignleft size-medium wp-image-45927\" src=\"http:\/\/www.celttv.com.ar\/wp-content\/uploads\/2019\/12\/WhatsApp-Image-2019-12-02-at-09.26.34-576x1024-1.jpeg\" alt=\"\" width=\"439\" height=\"780\" srcset=\"https:\/\/www.celttv.com.ar\/wp-content\/uploads\/2019\/12\/WhatsApp-Image-2019-12-02-at-09.26.34-576x1024-1.jpeg 576w, https:\/\/www.celttv.com.ar\/wp-content\/uploads\/2019\/12\/WhatsApp-Image-2019-12-02-at-09.26.34-576x1024-1-169x300.jpeg 169w\" sizes=\"auto, (max-width: 439px) 100vw, 439px\" \/><\/a> <a href=\"http:\/\/www.celttv.com.ar\/?attachment_id=45928\" rel=\"attachment wp-att-45928\"><img loading=\"lazy\" decoding=\"async\" class=\"alignleft size-medium wp-image-45928\" src=\"http:\/\/www.celttv.com.ar\/wp-content\/uploads\/2019\/12\/WhatsApp-Image-2019-12-02-at-09.26.37-576x1024-1.jpeg\" alt=\"\" width=\"439\" height=\"780\" srcset=\"https:\/\/www.celttv.com.ar\/wp-content\/uploads\/2019\/12\/WhatsApp-Image-2019-12-02-at-09.26.37-576x1024-1.jpeg 576w, https:\/\/www.celttv.com.ar\/wp-content\/uploads\/2019\/12\/WhatsApp-Image-2019-12-02-at-09.26.37-576x1024-1-169x300.jpeg 169w\" sizes=\"auto, (max-width: 439px) 100vw, 439px\" \/><\/a><\/p>\n","protected":false},"excerpt":{"rendered":"<p>A principios del 2019, el Geri\u00e1trico Municipal \u201cDr. Alberto Castro\u201d fue elegido por los alumnos de 3\u00b0 a\u00f1o de Secundaria del Colegio Nuestra Sra. De Luj\u00e1n, para llevar adelante el proyecto escolar \u201cRenovando el Jard\u00edn\u201d, propuesto a trav\u00e9s de las materias Construcci\u00f3n de la Ciudadan\u00eda y Formaci\u00f3n Religiosa, a cargo de los prof. Alberto Tombesi [&hellip;]<\/p>\n","protected":false},"author":1,"featured_media":45922,"comment_status":"closed","ping_status":"open","sticky":false,"template":"","format":"standard","meta":{"footnotes":""},"categories":[55,51,52],"tags":[],"class_list":["post-45921","post","type-post","status-publish","format-standard","has-post-thumbnail","hentry","category-celt-tv-noticias","category-comunidad","category-destacadas"],"yoast_head":"<!-- This site is optimized with the Yoast SEO plugin v19.7.1 - https:\/\/yoast.com\/wordpress\/plugins\/seo\/ -->\n<title>Agradecimiento del Geri\u00e1trico Municipal - CELTTV<\/title>\n<meta name=\"description\" content=\"Sitio web de noticias de la localidad de Tornquist, provincia de Buenos Aires, Rep\u00fablica Argentina. Contenido propio originado por periodistas de CELTTV, el canal de TV local de la Cooperativa El\u00e9ctrica de Tornquist. Turismo, Pol\u00edtica, Sociedad, Deporte, Cultura y todo el contenido de inter\u00e9s general que la gente del pueblo y la regi\u00f3n debe conocer.\" \/>\n<meta name=\"robots\" content=\"index, follow, max-snippet:-1, max-image-preview:large, max-video-preview:-1\" \/>\n<link rel=\"canonical\" href=\"https:\/\/www.celttv.com.ar\/index.php\/2019\/12\/02\/agradecimiento-del-geriatrico-municipal-fotos\/\" \/>\n<meta property=\"og:locale\" content=\"es_ES\" \/>\n<meta property=\"og:type\" content=\"article\" \/>\n<meta property=\"og:title\" content=\"Agradecimiento del Geri\u00e1trico Municipal - CELTTV\" \/>\n<meta property=\"og:description\" content=\"Sitio web de noticias de la localidad de Tornquist, provincia de Buenos Aires, Rep\u00fablica Argentina. Contenido propio originado por periodistas de CELTTV, el canal de TV local de la Cooperativa El\u00e9ctrica de Tornquist. Turismo, Pol\u00edtica, Sociedad, Deporte, Cultura y todo el contenido de inter\u00e9s general que la gente del pueblo y la regi\u00f3n debe conocer.\" \/>\n<meta property=\"og:url\" content=\"https:\/\/www.celttv.com.ar\/index.php\/2019\/12\/02\/agradecimiento-del-geriatrico-municipal-fotos\/\" \/>\n<meta property=\"og:site_name\" content=\"CELTTV\" \/>\n<meta property=\"article:publisher\" content=\"https:\/\/www.facebook.com\/celtTV\/\" \/>\n<meta property=\"article:published_time\" content=\"2019-12-02T20:30:28+00:00\" \/>\n<meta property=\"og:image\" content=\"https:\/\/www.celttv.com.ar\/wp-content\/uploads\/2019\/12\/WhatsApp-Image-2019-12-02-at-09.26.31.jpeg\" \/>\n\t<meta property=\"og:image:width\" content=\"1280\" \/>\n\t<meta property=\"og:image:height\" content=\"440\" \/>\n\t<meta property=\"og:image:type\" content=\"image\/jpeg\" \/>\n<meta name=\"author\" content=\"ulises\" \/>\n<meta name=\"twitter:card\" content=\"summary_large_image\" \/>\n<meta name=\"twitter:label1\" content=\"Escrito por\" \/>\n\t<meta name=\"twitter:data1\" content=\"ulises\" \/>\n\t<meta name=\"twitter:label2\" content=\"Tiempo de lectura\" \/>\n\t<meta name=\"twitter:data2\" content=\"1 minuto\" \/>\n<script type=\"application\/ld+json\" class=\"yoast-schema-graph\">{\"@context\":\"https:\/\/schema.org\",\"@graph\":[{\"@type\":\"NewsArticle\",\"@id\":\"https:\/\/www.celttv.com.ar\/index.php\/2019\/12\/02\/agradecimiento-del-geriatrico-municipal-fotos\/#article\",\"isPartOf\":{\"@id\":\"https:\/\/www.celttv.com.ar\/index.php\/2019\/12\/02\/agradecimiento-del-geriatrico-municipal-fotos\/\"},\"author\":{\"name\":\"ulises\",\"@id\":\"https:\/\/www.celttv.com.ar\/#\/schema\/person\/6d99c072dba59953809c81446e9d0ace\"},\"headline\":\"Agradecimiento del Geri\u00e1trico Municipal\",\"datePublished\":\"2019-12-02T20:30:28+00:00\",\"dateModified\":\"2019-12-02T20:30:28+00:00\",\"mainEntityOfPage\":{\"@id\":\"https:\/\/www.celttv.com.ar\/index.php\/2019\/12\/02\/agradecimiento-del-geriatrico-municipal-fotos\/\"},\"wordCount\":188,\"publisher\":{\"@id\":\"https:\/\/www.celttv.com.ar\/#organization\"},\"articleSection\":[\"Celt TV Noticias\",\"Comunidad\",\"Destacadas\"],\"inLanguage\":\"es\"},{\"@type\":\"WebPage\",\"@id\":\"https:\/\/www.celttv.com.ar\/index.php\/2019\/12\/02\/agradecimiento-del-geriatrico-municipal-fotos\/\",\"url\":\"https:\/\/www.celttv.com.ar\/index.php\/2019\/12\/02\/agradecimiento-del-geriatrico-municipal-fotos\/\",\"name\":\"Agradecimiento del Geri\u00e1trico Municipal - CELTTV\",\"isPartOf\":{\"@id\":\"https:\/\/www.celttv.com.ar\/#website\"},\"datePublished\":\"2019-12-02T20:30:28+00:00\",\"dateModified\":\"2019-12-02T20:30:28+00:00\",\"description\":\"Sitio web de noticias de la localidad de Tornquist, provincia de Buenos Aires, Rep\u00fablica Argentina. Contenido propio originado por periodistas de CELTTV, el canal de TV local de la Cooperativa El\u00e9ctrica de Tornquist. Turismo, Pol\u00edtica, Sociedad, Deporte, Cultura y todo el contenido de inter\u00e9s general que la gente del pueblo y la regi\u00f3n debe conocer.\",\"breadcrumb\":{\"@id\":\"https:\/\/www.celttv.com.ar\/index.php\/2019\/12\/02\/agradecimiento-del-geriatrico-municipal-fotos\/#breadcrumb\"},\"inLanguage\":\"es\",\"potentialAction\":[{\"@type\":\"ReadAction\",\"target\":[\"https:\/\/www.celttv.com.ar\/index.php\/2019\/12\/02\/agradecimiento-del-geriatrico-municipal-fotos\/\"]}]},{\"@type\":\"BreadcrumbList\",\"@id\":\"https:\/\/www.celttv.com.ar\/index.php\/2019\/12\/02\/agradecimiento-del-geriatrico-municipal-fotos\/#breadcrumb\",\"itemListElement\":[{\"@type\":\"ListItem\",\"position\":1,\"name\":\"Inicio\",\"item\":\"https:\/\/www.celttv.com.ar\/\"},{\"@type\":\"ListItem\",\"position\":2,\"name\":\"Agradecimiento del Geri\u00e1trico Municipal\"}]},{\"@type\":\"WebSite\",\"@id\":\"https:\/\/www.celttv.com.ar\/#website\",\"url\":\"https:\/\/www.celttv.com.ar\/\",\"name\":\"CELTTV\",\"description\":\"Cooperativa El\u00e9ctrica de Tornquist\",\"publisher\":{\"@id\":\"https:\/\/www.celttv.com.ar\/#organization\"},\"potentialAction\":[{\"@type\":\"SearchAction\",\"target\":{\"@type\":\"EntryPoint\",\"urlTemplate\":\"https:\/\/www.celttv.com.ar\/?s={search_term_string}\"},\"query-input\":\"required name=search_term_string\"}],\"inLanguage\":\"es\"},{\"@type\":\"Organization\",\"@id\":\"https:\/\/www.celttv.com.ar\/#organization\",\"name\":\"CELTTV\",\"url\":\"https:\/\/www.celttv.com.ar\/\",\"sameAs\":[\"https:\/\/www.youtube.com\/channel\/UCz_oIt8Hig64Ub-EmcNPIhg\",\"https:\/\/www.facebook.com\/celtTV\/\"],\"logo\":{\"@type\":\"ImageObject\",\"inLanguage\":\"es\",\"@id\":\"https:\/\/www.celttv.com.ar\/#\/schema\/logo\/image\/\",\"url\":\"http:\/\/www.celttv.com.ar\/wp-content\/uploads\/2022\/08\/logo-1.png\",\"contentUrl\":\"http:\/\/www.celttv.com.ar\/wp-content\/uploads\/2022\/08\/logo-1.png\",\"width\":461,\"height\":159,\"caption\":\"CELTTV\"},\"image\":{\"@id\":\"https:\/\/www.celttv.com.ar\/#\/schema\/logo\/image\/\"}},{\"@type\":\"Person\",\"@id\":\"https:\/\/www.celttv.com.ar\/#\/schema\/person\/6d99c072dba59953809c81446e9d0ace\",\"name\":\"ulises\",\"image\":{\"@type\":\"ImageObject\",\"inLanguage\":\"es\",\"@id\":\"https:\/\/www.celttv.com.ar\/#\/schema\/person\/image\/\",\"url\":\"https:\/\/secure.gravatar.com\/avatar\/7f2c48bdc33b30088f941fb6082e555f2874c98e20cb159d7b92b50eadfce793?s=96&d=mm&r=g\",\"contentUrl\":\"https:\/\/secure.gravatar.com\/avatar\/7f2c48bdc33b30088f941fb6082e555f2874c98e20cb159d7b92b50eadfce793?s=96&d=mm&r=g\",\"caption\":\"ulises\"},\"sameAs\":[\"http:\/\/www.celttv.com.ar\"]}]}<\/script>\n<!-- \/ Yoast SEO plugin. -->","yoast_head_json":{"title":"Agradecimiento del Geri\u00e1trico Municipal - CELTTV","description":"Sitio web de noticias de la localidad de Tornquist, provincia de Buenos Aires, Rep\u00fablica Argentina. Contenido propio originado por periodistas de CELTTV, el canal de TV local de la Cooperativa El\u00e9ctrica de Tornquist. Turismo, Pol\u00edtica, Sociedad, Deporte, Cultura y todo el contenido de inter\u00e9s general que la gente del pueblo y la regi\u00f3n debe conocer.","robots":{"index":"index","follow":"follow","max-snippet":"max-snippet:-1","max-image-preview":"max-image-preview:large","max-video-preview":"max-video-preview:-1"},"canonical":"https:\/\/www.celttv.com.ar\/index.php\/2019\/12\/02\/agradecimiento-del-geriatrico-municipal-fotos\/","og_locale":"es_ES","og_type":"article","og_title":"Agradecimiento del Geri\u00e1trico Municipal - CELTTV","og_description":"Sitio web de noticias de la localidad de Tornquist, provincia de Buenos Aires, Rep\u00fablica Argentina. Contenido propio originado por periodistas de CELTTV, el canal de TV local de la Cooperativa El\u00e9ctrica de Tornquist. Turismo, Pol\u00edtica, Sociedad, Deporte, Cultura y todo el contenido de inter\u00e9s general que la gente del pueblo y la regi\u00f3n debe conocer.","og_url":"https:\/\/www.celttv.com.ar\/index.php\/2019\/12\/02\/agradecimiento-del-geriatrico-municipal-fotos\/","og_site_name":"CELTTV","article_publisher":"https:\/\/www.facebook.com\/celtTV\/","article_published_time":"2019-12-02T20:30:28+00:00","og_image":[{"width":1280,"height":440,"url":"https:\/\/www.celttv.com.ar\/wp-content\/uploads\/2019\/12\/WhatsApp-Image-2019-12-02-at-09.26.31.jpeg","type":"image\/jpeg"}],"author":"ulises","twitter_card":"summary_large_image","twitter_misc":{"Escrito por":"ulises","Tiempo de lectura":"1 minuto"},"schema":{"@context":"https:\/\/schema.org","@graph":[{"@type":"NewsArticle","@id":"https:\/\/www.celttv.com.ar\/index.php\/2019\/12\/02\/agradecimiento-del-geriatrico-municipal-fotos\/#article","isPartOf":{"@id":"https:\/\/www.celttv.com.ar\/index.php\/2019\/12\/02\/agradecimiento-del-geriatrico-municipal-fotos\/"},"author":{"name":"ulises","@id":"https:\/\/www.celttv.com.ar\/#\/schema\/person\/6d99c072dba59953809c81446e9d0ace"},"headline":"Agradecimiento del Geri\u00e1trico Municipal","datePublished":"2019-12-02T20:30:28+00:00","dateModified":"2019-12-02T20:30:28+00:00","mainEntityOfPage":{"@id":"https:\/\/www.celttv.com.ar\/index.php\/2019\/12\/02\/agradecimiento-del-geriatrico-municipal-fotos\/"},"wordCount":188,"publisher":{"@id":"https:\/\/www.celttv.com.ar\/#organization"},"articleSection":["Celt TV Noticias","Comunidad","Destacadas"],"inLanguage":"es"},{"@type":"WebPage","@id":"https:\/\/www.celttv.com.ar\/index.php\/2019\/12\/02\/agradecimiento-del-geriatrico-municipal-fotos\/","url":"https:\/\/www.celttv.com.ar\/index.php\/2019\/12\/02\/agradecimiento-del-geriatrico-municipal-fotos\/","name":"Agradecimiento del Geri\u00e1trico Municipal - CELTTV","isPartOf":{"@id":"https:\/\/www.celttv.com.ar\/#website"},"datePublished":"2019-12-02T20:30:28+00:00","dateModified":"2019-12-02T20:30:28+00:00","description":"Sitio web de noticias de la localidad de Tornquist, provincia de Buenos Aires, Rep\u00fablica Argentina. Contenido propio originado por periodistas de CELTTV, el canal de TV local de la Cooperativa El\u00e9ctrica de Tornquist. Turismo, Pol\u00edtica, Sociedad, Deporte, Cultura y todo el contenido de inter\u00e9s general que la gente del pueblo y la regi\u00f3n debe conocer.","breadcrumb":{"@id":"https:\/\/www.celttv.com.ar\/index.php\/2019\/12\/02\/agradecimiento-del-geriatrico-municipal-fotos\/#breadcrumb"},"inLanguage":"es","potentialAction":[{"@type":"ReadAction","target":["https:\/\/www.celttv.com.ar\/index.php\/2019\/12\/02\/agradecimiento-del-geriatrico-municipal-fotos\/"]}]},{"@type":"BreadcrumbList","@id":"https:\/\/www.celttv.com.ar\/index.php\/2019\/12\/02\/agradecimiento-del-geriatrico-municipal-fotos\/#breadcrumb","itemListElement":[{"@type":"ListItem","position":1,"name":"Inicio","item":"https:\/\/www.celttv.com.ar\/"},{"@type":"ListItem","position":2,"name":"Agradecimiento del Geri\u00e1trico Municipal"}]},{"@type":"WebSite","@id":"https:\/\/www.celttv.com.ar\/#website","url":"https:\/\/www.celttv.com.ar\/","name":"CELTTV","description":"Cooperativa El\u00e9ctrica de Tornquist","publisher":{"@id":"https:\/\/www.celttv.com.ar\/#organization"},"potentialAction":[{"@type":"SearchAction","target":{"@type":"EntryPoint","urlTemplate":"https:\/\/www.celttv.com.ar\/?s={search_term_string}"},"query-input":"required name=search_term_string"}],"inLanguage":"es"},{"@type":"Organization","@id":"https:\/\/www.celttv.com.ar\/#organization","name":"CELTTV","url":"https:\/\/www.celttv.com.ar\/","sameAs":["https:\/\/www.youtube.com\/channel\/UCz_oIt8Hig64Ub-EmcNPIhg","https:\/\/www.facebook.com\/celtTV\/"],"logo":{"@type":"ImageObject","inLanguage":"es","@id":"https:\/\/www.celttv.com.ar\/#\/schema\/logo\/image\/","url":"http:\/\/www.celttv.com.ar\/wp-content\/uploads\/2022\/08\/logo-1.png","contentUrl":"http:\/\/www.celttv.com.ar\/wp-content\/uploads\/2022\/08\/logo-1.png","width":461,"height":159,"caption":"CELTTV"},"image":{"@id":"https:\/\/www.celttv.com.ar\/#\/schema\/logo\/image\/"}},{"@type":"Person","@id":"https:\/\/www.celttv.com.ar\/#\/schema\/person\/6d99c072dba59953809c81446e9d0ace","name":"ulises","image":{"@type":"ImageObject","inLanguage":"es","@id":"https:\/\/www.celttv.com.ar\/#\/schema\/person\/image\/","url":"https:\/\/secure.gravatar.com\/avatar\/7f2c48bdc33b30088f941fb6082e555f2874c98e20cb159d7b92b50eadfce793?s=96&d=mm&r=g","contentUrl":"https:\/\/secure.gravatar.com\/avatar\/7f2c48bdc33b30088f941fb6082e555f2874c98e20cb159d7b92b50eadfce793?s=96&d=mm&r=g","caption":"ulises"},"sameAs":["http:\/\/www.celttv.com.ar"]}]}},"_links":{"self":[{"href":"https:\/\/www.celttv.com.ar\/index.php\/wp-json\/wp\/v2\/posts\/45921","targetHints":{"allow":["GET"]}}],"collection":[{"href":"https:\/\/www.celttv.com.ar\/index.php\/wp-json\/wp\/v2\/posts"}],"about":[{"href":"https:\/\/www.celttv.com.ar\/index.php\/wp-json\/wp\/v2\/types\/post"}],"author":[{"embeddable":true,"href":"https:\/\/www.celttv.com.ar\/index.php\/wp-json\/wp\/v2\/users\/1"}],"replies":[{"embeddable":true,"href":"https:\/\/www.celttv.com.ar\/index.php\/wp-json\/wp\/v2\/comments?post=45921"}],"version-history":[{"count":0,"href":"https:\/\/www.celttv.com.ar\/index.php\/wp-json\/wp\/v2\/posts\/45921\/revisions"}],"wp:featuredmedia":[{"embeddable":true,"href":"https:\/\/www.celttv.com.ar\/index.php\/wp-json\/wp\/v2\/media\/45922"}],"wp:attachment":[{"href":"https:\/\/www.celttv.com.ar\/index.php\/wp-json\/wp\/v2\/media?parent=45921"}],"wp:term":[{"taxonomy":"category","embeddable":true,"href":"https:\/\/www.celttv.com.ar\/index.php\/wp-json\/wp\/v2\/categories?post=45921"},{"taxonomy":"post_tag","embeddable":true,"href":"https:\/\/www.celttv.com.ar\/index.php\/wp-json\/wp\/v2\/tags?post=45921"}],"curies":[{"name":"wp","href":"https:\/\/api.w.org\/{rel}","templated":true}]}}