{"id":45930,"date":"2019-12-02T20:36:37","date_gmt":"2019-12-02T20:36:37","guid":{"rendered":"http:\/\/www.celttv.com.ar\/?p=45930"},"modified":"2019-12-02T20:36:37","modified_gmt":"2019-12-02T20:36:37","slug":"retorno-del-viaje-a-buenos-aires-el-futbol-femenino-municipal-de-tornquist","status":"publish","type":"post","link":"https:\/\/www.celttv.com.ar\/index.php\/2019\/12\/02\/retorno-del-viaje-a-buenos-aires-el-futbol-femenino-municipal-de-tornquist\/","title":{"rendered":"Retorn\u00f3 del viaje a Buenos Aires el f\u00fatbol femenino municipal de Tornquist"},"content":{"rendered":"<div>En el d\u00eda de ayer en horas de la ma\u00f1ana arribo la delegaci\u00f3n de f\u00fatbol femenino municipal de Tornquist proveniente de Capital Federal. La misma integrada por 23 ocupantes entre mayores y juveniles de la escuela de f\u00fatbol femenino, a cargo del entrenador Pablo Diaz, se hospedo en las c\u00f3modas instalaciones del CEDEM 1 en la localidad de Caseros del Municipio de Tres de Febrero Direcci\u00f3n de deportes. Durante el d\u00eda viernes visitaron la Bombonera, el predio de casa amarilla, el paseo &#8220;Caminito&#8221; y dem\u00e1s instalaciones del Club Boca Juniors como el Museo Xeneise. Sobre el d\u00eda s\u00e1bado visitaron El estadio Monumental de Nu\u00f1ez, el museo millonario y dem\u00e1s instalaciones del Club River Plate. En horas de la tarde se trasladaron al predio del Club Independiente de Avellaneda que posee en Villa Dominico, donde observaron el partido por el Torneo profesional de AFA entre las locales y River Plate respectivamente. All\u00ed luego de finalizado el encuentro la delegaci\u00f3n de Tornquist intercambio saludos y fotos con ambos planteles profesionales. Tambi\u00e9n se le hizo entrega de un presente a la capitana de Independiente y River por parte de la Direcci\u00f3n de Deportes Tornquist Municipio. En horas de la noche el grupo comparti\u00f3 una cena en la localidad de Saladillo.<\/div>\n<div>Por ultimo queremos agradecer a cada una de las chicas por el correcto comportamiento durante el viaje y estad\u00eda en Buenos Aires; como as\u00ed tambi\u00e9n a los padres de las chicas por su buena onda y predisposici\u00f3n. Se est\u00e1n programando diferentes viajes en el futuro debido a las varias invitaciones recibidas.<\/div>\n<div><\/div>\n<div>Direcci\u00f3n de Deportes. Tornquist Municipio<\/div>\n<div>Tel: 4940426.<\/div>\n<div><a href=\"http:\/\/www.celttv.com.ar\/?attachment_id=45931\" rel=\"attachment wp-att-45931\"><img loading=\"lazy\" decoding=\"async\" class=\"alignleft size-full wp-image-45931\" src=\"http:\/\/www.celttv.com.ar\/wp-content\/uploads\/2019\/12\/Foto2-Baires.jpg\" alt=\"\" width=\"1280\" height=\"960\" srcset=\"https:\/\/www.celttv.com.ar\/wp-content\/uploads\/2019\/12\/Foto2-Baires.jpg 1280w, https:\/\/www.celttv.com.ar\/wp-content\/uploads\/2019\/12\/Foto2-Baires-300x225.jpg 300w, https:\/\/www.celttv.com.ar\/wp-content\/uploads\/2019\/12\/Foto2-Baires-1024x768.jpg 1024w, https:\/\/www.celttv.com.ar\/wp-content\/uploads\/2019\/12\/Foto2-Baires-768x576.jpg 768w, https:\/\/www.celttv.com.ar\/wp-content\/uploads\/2019\/12\/Foto2-Baires-750x563.jpg 750w, https:\/\/www.celttv.com.ar\/wp-content\/uploads\/2019\/12\/Foto2-Baires-1140x855.jpg 1140w\" sizes=\"auto, (max-width: 1280px) 100vw, 1280px\" \/><\/a> <a href=\"http:\/\/www.celttv.com.ar\/?attachment_id=45932\" rel=\"attachment wp-att-45932\"><img loading=\"lazy\" decoding=\"async\" class=\"alignleft size-medium wp-image-45932\" src=\"http:\/\/www.celttv.com.ar\/wp-content\/uploads\/2019\/12\/Foto3-Baires.jpg\" alt=\"\" width=\"585\" height=\"780\" srcset=\"https:\/\/www.celttv.com.ar\/wp-content\/uploads\/2019\/12\/Foto3-Baires.jpg 774w, https:\/\/www.celttv.com.ar\/wp-content\/uploads\/2019\/12\/Foto3-Baires-225x300.jpg 225w, https:\/\/www.celttv.com.ar\/wp-content\/uploads\/2019\/12\/Foto3-Baires-768x1024.jpg 768w, https:\/\/www.celttv.com.ar\/wp-content\/uploads\/2019\/12\/Foto3-Baires-750x1000.jpg 750w\" sizes=\"auto, (max-width: 585px) 100vw, 585px\" \/><\/a> <a href=\"http:\/\/www.celttv.com.ar\/?attachment_id=45933\" rel=\"attachment wp-att-45933\"><img loading=\"lazy\" decoding=\"async\" class=\"alignleft size-medium wp-image-45933\" src=\"http:\/\/www.celttv.com.ar\/wp-content\/uploads\/2019\/12\/Foto4-Baires.jpg\" alt=\"\" width=\"468\" height=\"780\" srcset=\"https:\/\/www.celttv.com.ar\/wp-content\/uploads\/2019\/12\/Foto4-Baires.jpg 768w, https:\/\/www.celttv.com.ar\/wp-content\/uploads\/2019\/12\/Foto4-Baires-180x300.jpg 180w, https:\/\/www.celttv.com.ar\/wp-content\/uploads\/2019\/12\/Foto4-Baires-614x1024.jpg 614w, https:\/\/www.celttv.com.ar\/wp-content\/uploads\/2019\/12\/Foto4-Baires-750x1250.jpg 750w\" sizes=\"auto, (max-width: 468px) 100vw, 468px\" \/><\/a> <a href=\"http:\/\/www.celttv.com.ar\/?attachment_id=45934\" rel=\"attachment wp-att-45934\"><img loading=\"lazy\" decoding=\"async\" class=\"alignleft size-medium wp-image-45934\" src=\"http:\/\/www.celttv.com.ar\/wp-content\/uploads\/2019\/12\/Foto5-Baires.jpg\" alt=\"\" width=\"780\" height=\"468\" srcset=\"https:\/\/www.celttv.com.ar\/wp-content\/uploads\/2019\/12\/Foto5-Baires.jpg 1280w, https:\/\/www.celttv.com.ar\/wp-content\/uploads\/2019\/12\/Foto5-Baires-300x180.jpg 300w, https:\/\/www.celttv.com.ar\/wp-content\/uploads\/2019\/12\/Foto5-Baires-1024x614.jpg 1024w, https:\/\/www.celttv.com.ar\/wp-content\/uploads\/2019\/12\/Foto5-Baires-768x461.jpg 768w, https:\/\/www.celttv.com.ar\/wp-content\/uploads\/2019\/12\/Foto5-Baires-750x450.jpg 750w, https:\/\/www.celttv.com.ar\/wp-content\/uploads\/2019\/12\/Foto5-Baires-1140x684.jpg 1140w\" sizes=\"auto, (max-width: 780px) 100vw, 780px\" \/><\/a> <a href=\"http:\/\/www.celttv.com.ar\/?attachment_id=45935\" rel=\"attachment wp-att-45935\"><img loading=\"lazy\" decoding=\"async\" class=\"alignleft size-medium wp-image-45935\" src=\"http:\/\/www.celttv.com.ar\/wp-content\/uploads\/2019\/12\/Foto6-Baires.jpg\" alt=\"\" width=\"780\" height=\"390\" srcset=\"https:\/\/www.celttv.com.ar\/wp-content\/uploads\/2019\/12\/Foto6-Baires.jpg 1280w, https:\/\/www.celttv.com.ar\/wp-content\/uploads\/2019\/12\/Foto6-Baires-300x150.jpg 300w, https:\/\/www.celttv.com.ar\/wp-content\/uploads\/2019\/12\/Foto6-Baires-1024x512.jpg 1024w, https:\/\/www.celttv.com.ar\/wp-content\/uploads\/2019\/12\/Foto6-Baires-768x384.jpg 768w, https:\/\/www.celttv.com.ar\/wp-content\/uploads\/2019\/12\/Foto6-Baires-360x180.jpg 360w, https:\/\/www.celttv.com.ar\/wp-content\/uploads\/2019\/12\/Foto6-Baires-750x375.jpg 750w, https:\/\/www.celttv.com.ar\/wp-content\/uploads\/2019\/12\/Foto6-Baires-1140x570.jpg 1140w\" sizes=\"auto, (max-width: 780px) 100vw, 780px\" \/><\/a><\/div>\n","protected":false},"excerpt":{"rendered":"<p>En el d\u00eda de ayer en horas de la ma\u00f1ana arribo la delegaci\u00f3n de f\u00fatbol femenino municipal de Tornquist proveniente de Capital Federal. La misma integrada por 23 ocupantes entre mayores y juveniles de la escuela de f\u00fatbol femenino, a cargo del entrenador Pablo Diaz, se hospedo en las c\u00f3modas instalaciones del CEDEM 1 en [&hellip;]<\/p>\n","protected":false},"author":1,"featured_media":45935,"comment_status":"closed","ping_status":"open","sticky":false,"template":"","format":"standard","meta":{"footnotes":""},"categories":[55,62,52,63],"tags":[],"class_list":["post-45930","post","type-post","status-publish","format-standard","has-post-thumbnail","hentry","category-celt-tv-noticias","category-deportes","category-destacadas","category-magazine-sport"],"yoast_head":"<!-- This site is optimized with the Yoast SEO plugin v19.7.1 - https:\/\/yoast.com\/wordpress\/plugins\/seo\/ -->\n<title>Retorn\u00f3 del viaje a Buenos Aires el f\u00fatbol femenino municipal de Tornquist - CELTTV<\/title>\n<meta name=\"description\" content=\"Sitio web de noticias de la localidad de Tornquist, provincia de Buenos Aires, Rep\u00fablica Argentina. Contenido propio originado por periodistas de CELTTV, el canal de TV local de la Cooperativa El\u00e9ctrica de Tornquist. Turismo, Pol\u00edtica, Sociedad, Deporte, Cultura y todo el contenido de inter\u00e9s general que la gente del pueblo y la regi\u00f3n debe conocer.\" \/>\n<meta name=\"robots\" content=\"index, follow, max-snippet:-1, max-image-preview:large, max-video-preview:-1\" \/>\n<link rel=\"canonical\" href=\"https:\/\/www.celttv.com.ar\/index.php\/2019\/12\/02\/retorno-del-viaje-a-buenos-aires-el-futbol-femenino-municipal-de-tornquist\/\" \/>\n<meta property=\"og:locale\" content=\"es_ES\" \/>\n<meta property=\"og:type\" content=\"article\" \/>\n<meta property=\"og:title\" content=\"Retorn\u00f3 del viaje a Buenos Aires el f\u00fatbol femenino municipal de Tornquist - CELTTV\" \/>\n<meta property=\"og:description\" content=\"Sitio web de noticias de la localidad de Tornquist, provincia de Buenos Aires, Rep\u00fablica Argentina. Contenido propio originado por periodistas de CELTTV, el canal de TV local de la Cooperativa El\u00e9ctrica de Tornquist. Turismo, Pol\u00edtica, Sociedad, Deporte, Cultura y todo el contenido de inter\u00e9s general que la gente del pueblo y la regi\u00f3n debe conocer.\" \/>\n<meta property=\"og:url\" content=\"https:\/\/www.celttv.com.ar\/index.php\/2019\/12\/02\/retorno-del-viaje-a-buenos-aires-el-futbol-femenino-municipal-de-tornquist\/\" \/>\n<meta property=\"og:site_name\" content=\"CELTTV\" \/>\n<meta property=\"article:publisher\" content=\"https:\/\/www.facebook.com\/celtTV\/\" \/>\n<meta property=\"article:published_time\" content=\"2019-12-02T20:36:37+00:00\" \/>\n<meta property=\"og:image\" content=\"https:\/\/www.celttv.com.ar\/wp-content\/uploads\/2019\/12\/Foto6-Baires.jpg\" \/>\n\t<meta property=\"og:image:width\" content=\"1280\" \/>\n\t<meta property=\"og:image:height\" content=\"640\" \/>\n\t<meta property=\"og:image:type\" content=\"image\/jpeg\" \/>\n<meta name=\"author\" content=\"ulises\" \/>\n<meta name=\"twitter:card\" content=\"summary_large_image\" \/>\n<meta name=\"twitter:label1\" content=\"Escrito por\" \/>\n\t<meta name=\"twitter:data1\" content=\"ulises\" \/>\n\t<meta name=\"twitter:label2\" content=\"Tiempo de lectura\" \/>\n\t<meta name=\"twitter:data2\" content=\"1 minuto\" \/>\n<script type=\"application\/ld+json\" class=\"yoast-schema-graph\">{\"@context\":\"https:\/\/schema.org\",\"@graph\":[{\"@type\":\"NewsArticle\",\"@id\":\"https:\/\/www.celttv.com.ar\/index.php\/2019\/12\/02\/retorno-del-viaje-a-buenos-aires-el-futbol-femenino-municipal-de-tornquist\/#article\",\"isPartOf\":{\"@id\":\"https:\/\/www.celttv.com.ar\/index.php\/2019\/12\/02\/retorno-del-viaje-a-buenos-aires-el-futbol-femenino-municipal-de-tornquist\/\"},\"author\":{\"name\":\"ulises\",\"@id\":\"https:\/\/www.celttv.com.ar\/#\/schema\/person\/6d99c072dba59953809c81446e9d0ace\"},\"headline\":\"Retorn\u00f3 del viaje a Buenos Aires el f\u00fatbol femenino municipal de Tornquist\",\"datePublished\":\"2019-12-02T20:36:37+00:00\",\"dateModified\":\"2019-12-02T20:36:37+00:00\",\"mainEntityOfPage\":{\"@id\":\"https:\/\/www.celttv.com.ar\/index.php\/2019\/12\/02\/retorno-del-viaje-a-buenos-aires-el-futbol-femenino-municipal-de-tornquist\/\"},\"wordCount\":296,\"publisher\":{\"@id\":\"https:\/\/www.celttv.com.ar\/#organization\"},\"articleSection\":[\"Celt TV Noticias\",\"Deportes\",\"Destacadas\",\"Magazine Sport\"],\"inLanguage\":\"es\"},{\"@type\":\"WebPage\",\"@id\":\"https:\/\/www.celttv.com.ar\/index.php\/2019\/12\/02\/retorno-del-viaje-a-buenos-aires-el-futbol-femenino-municipal-de-tornquist\/\",\"url\":\"https:\/\/www.celttv.com.ar\/index.php\/2019\/12\/02\/retorno-del-viaje-a-buenos-aires-el-futbol-femenino-municipal-de-tornquist\/\",\"name\":\"Retorn\u00f3 del viaje a Buenos Aires el f\u00fatbol femenino municipal de Tornquist - CELTTV\",\"isPartOf\":{\"@id\":\"https:\/\/www.celttv.com.ar\/#website\"},\"datePublished\":\"2019-12-02T20:36:37+00:00\",\"dateModified\":\"2019-12-02T20:36:37+00:00\",\"description\":\"Sitio web de noticias de la localidad de Tornquist, provincia de Buenos Aires, Rep\u00fablica Argentina. Contenido propio originado por periodistas de CELTTV, el canal de TV local de la Cooperativa El\u00e9ctrica de Tornquist. Turismo, Pol\u00edtica, Sociedad, Deporte, Cultura y todo el contenido de inter\u00e9s general que la gente del pueblo y la regi\u00f3n debe conocer.\",\"breadcrumb\":{\"@id\":\"https:\/\/www.celttv.com.ar\/index.php\/2019\/12\/02\/retorno-del-viaje-a-buenos-aires-el-futbol-femenino-municipal-de-tornquist\/#breadcrumb\"},\"inLanguage\":\"es\",\"potentialAction\":[{\"@type\":\"ReadAction\",\"target\":[\"https:\/\/www.celttv.com.ar\/index.php\/2019\/12\/02\/retorno-del-viaje-a-buenos-aires-el-futbol-femenino-municipal-de-tornquist\/\"]}]},{\"@type\":\"BreadcrumbList\",\"@id\":\"https:\/\/www.celttv.com.ar\/index.php\/2019\/12\/02\/retorno-del-viaje-a-buenos-aires-el-futbol-femenino-municipal-de-tornquist\/#breadcrumb\",\"itemListElement\":[{\"@type\":\"ListItem\",\"position\":1,\"name\":\"Inicio\",\"item\":\"https:\/\/www.celttv.com.ar\/\"},{\"@type\":\"ListItem\",\"position\":2,\"name\":\"Retorn\u00f3 del viaje a Buenos Aires el f\u00fatbol femenino municipal de Tornquist\"}]},{\"@type\":\"WebSite\",\"@id\":\"https:\/\/www.celttv.com.ar\/#website\",\"url\":\"https:\/\/www.celttv.com.ar\/\",\"name\":\"CELTTV\",\"description\":\"Cooperativa El\u00e9ctrica de Tornquist\",\"publisher\":{\"@id\":\"https:\/\/www.celttv.com.ar\/#organization\"},\"potentialAction\":[{\"@type\":\"SearchAction\",\"target\":{\"@type\":\"EntryPoint\",\"urlTemplate\":\"https:\/\/www.celttv.com.ar\/?s={search_term_string}\"},\"query-input\":\"required name=search_term_string\"}],\"inLanguage\":\"es\"},{\"@type\":\"Organization\",\"@id\":\"https:\/\/www.celttv.com.ar\/#organization\",\"name\":\"CELTTV\",\"url\":\"https:\/\/www.celttv.com.ar\/\",\"sameAs\":[\"https:\/\/www.youtube.com\/channel\/UCz_oIt8Hig64Ub-EmcNPIhg\",\"https:\/\/www.facebook.com\/celtTV\/\"],\"logo\":{\"@type\":\"ImageObject\",\"inLanguage\":\"es\",\"@id\":\"https:\/\/www.celttv.com.ar\/#\/schema\/logo\/image\/\",\"url\":\"http:\/\/www.celttv.com.ar\/wp-content\/uploads\/2022\/08\/logo-1.png\",\"contentUrl\":\"http:\/\/www.celttv.com.ar\/wp-content\/uploads\/2022\/08\/logo-1.png\",\"width\":461,\"height\":159,\"caption\":\"CELTTV\"},\"image\":{\"@id\":\"https:\/\/www.celttv.com.ar\/#\/schema\/logo\/image\/\"}},{\"@type\":\"Person\",\"@id\":\"https:\/\/www.celttv.com.ar\/#\/schema\/person\/6d99c072dba59953809c81446e9d0ace\",\"name\":\"ulises\",\"image\":{\"@type\":\"ImageObject\",\"inLanguage\":\"es\",\"@id\":\"https:\/\/www.celttv.com.ar\/#\/schema\/person\/image\/\",\"url\":\"https:\/\/secure.gravatar.com\/avatar\/7f2c48bdc33b30088f941fb6082e555f2874c98e20cb159d7b92b50eadfce793?s=96&d=mm&r=g\",\"contentUrl\":\"https:\/\/secure.gravatar.com\/avatar\/7f2c48bdc33b30088f941fb6082e555f2874c98e20cb159d7b92b50eadfce793?s=96&d=mm&r=g\",\"caption\":\"ulises\"},\"sameAs\":[\"http:\/\/www.celttv.com.ar\"]}]}<\/script>\n<!-- \/ Yoast SEO plugin. -->","yoast_head_json":{"title":"Retorn\u00f3 del viaje a Buenos Aires el f\u00fatbol femenino municipal de Tornquist - CELTTV","description":"Sitio web de noticias de la localidad de Tornquist, provincia de Buenos Aires, Rep\u00fablica Argentina. Contenido propio originado por periodistas de CELTTV, el canal de TV local de la Cooperativa El\u00e9ctrica de Tornquist. Turismo, Pol\u00edtica, Sociedad, Deporte, Cultura y todo el contenido de inter\u00e9s general que la gente del pueblo y la regi\u00f3n debe conocer.","robots":{"index":"index","follow":"follow","max-snippet":"max-snippet:-1","max-image-preview":"max-image-preview:large","max-video-preview":"max-video-preview:-1"},"canonical":"https:\/\/www.celttv.com.ar\/index.php\/2019\/12\/02\/retorno-del-viaje-a-buenos-aires-el-futbol-femenino-municipal-de-tornquist\/","og_locale":"es_ES","og_type":"article","og_title":"Retorn\u00f3 del viaje a Buenos Aires el f\u00fatbol femenino municipal de Tornquist - CELTTV","og_description":"Sitio web de noticias de la localidad de Tornquist, provincia de Buenos Aires, Rep\u00fablica Argentina. Contenido propio originado por periodistas de CELTTV, el canal de TV local de la Cooperativa El\u00e9ctrica de Tornquist. Turismo, Pol\u00edtica, Sociedad, Deporte, Cultura y todo el contenido de inter\u00e9s general que la gente del pueblo y la regi\u00f3n debe conocer.","og_url":"https:\/\/www.celttv.com.ar\/index.php\/2019\/12\/02\/retorno-del-viaje-a-buenos-aires-el-futbol-femenino-municipal-de-tornquist\/","og_site_name":"CELTTV","article_publisher":"https:\/\/www.facebook.com\/celtTV\/","article_published_time":"2019-12-02T20:36:37+00:00","og_image":[{"width":1280,"height":640,"url":"https:\/\/www.celttv.com.ar\/wp-content\/uploads\/2019\/12\/Foto6-Baires.jpg","type":"image\/jpeg"}],"author":"ulises","twitter_card":"summary_large_image","twitter_misc":{"Escrito por":"ulises","Tiempo de lectura":"1 minuto"},"schema":{"@context":"https:\/\/schema.org","@graph":[{"@type":"NewsArticle","@id":"https:\/\/www.celttv.com.ar\/index.php\/2019\/12\/02\/retorno-del-viaje-a-buenos-aires-el-futbol-femenino-municipal-de-tornquist\/#article","isPartOf":{"@id":"https:\/\/www.celttv.com.ar\/index.php\/2019\/12\/02\/retorno-del-viaje-a-buenos-aires-el-futbol-femenino-municipal-de-tornquist\/"},"author":{"name":"ulises","@id":"https:\/\/www.celttv.com.ar\/#\/schema\/person\/6d99c072dba59953809c81446e9d0ace"},"headline":"Retorn\u00f3 del viaje a Buenos Aires el f\u00fatbol femenino municipal de Tornquist","datePublished":"2019-12-02T20:36:37+00:00","dateModified":"2019-12-02T20:36:37+00:00","mainEntityOfPage":{"@id":"https:\/\/www.celttv.com.ar\/index.php\/2019\/12\/02\/retorno-del-viaje-a-buenos-aires-el-futbol-femenino-municipal-de-tornquist\/"},"wordCount":296,"publisher":{"@id":"https:\/\/www.celttv.com.ar\/#organization"},"articleSection":["Celt TV Noticias","Deportes","Destacadas","Magazine Sport"],"inLanguage":"es"},{"@type":"WebPage","@id":"https:\/\/www.celttv.com.ar\/index.php\/2019\/12\/02\/retorno-del-viaje-a-buenos-aires-el-futbol-femenino-municipal-de-tornquist\/","url":"https:\/\/www.celttv.com.ar\/index.php\/2019\/12\/02\/retorno-del-viaje-a-buenos-aires-el-futbol-femenino-municipal-de-tornquist\/","name":"Retorn\u00f3 del viaje a Buenos Aires el f\u00fatbol femenino municipal de Tornquist - CELTTV","isPartOf":{"@id":"https:\/\/www.celttv.com.ar\/#website"},"datePublished":"2019-12-02T20:36:37+00:00","dateModified":"2019-12-02T20:36:37+00:00","description":"Sitio web de noticias de la localidad de Tornquist, provincia de Buenos Aires, Rep\u00fablica Argentina. Contenido propio originado por periodistas de CELTTV, el canal de TV local de la Cooperativa El\u00e9ctrica de Tornquist. Turismo, Pol\u00edtica, Sociedad, Deporte, Cultura y todo el contenido de inter\u00e9s general que la gente del pueblo y la regi\u00f3n debe conocer.","breadcrumb":{"@id":"https:\/\/www.celttv.com.ar\/index.php\/2019\/12\/02\/retorno-del-viaje-a-buenos-aires-el-futbol-femenino-municipal-de-tornquist\/#breadcrumb"},"inLanguage":"es","potentialAction":[{"@type":"ReadAction","target":["https:\/\/www.celttv.com.ar\/index.php\/2019\/12\/02\/retorno-del-viaje-a-buenos-aires-el-futbol-femenino-municipal-de-tornquist\/"]}]},{"@type":"BreadcrumbList","@id":"https:\/\/www.celttv.com.ar\/index.php\/2019\/12\/02\/retorno-del-viaje-a-buenos-aires-el-futbol-femenino-municipal-de-tornquist\/#breadcrumb","itemListElement":[{"@type":"ListItem","position":1,"name":"Inicio","item":"https:\/\/www.celttv.com.ar\/"},{"@type":"ListItem","position":2,"name":"Retorn\u00f3 del viaje a Buenos Aires el f\u00fatbol femenino municipal de Tornquist"}]},{"@type":"WebSite","@id":"https:\/\/www.celttv.com.ar\/#website","url":"https:\/\/www.celttv.com.ar\/","name":"CELTTV","description":"Cooperativa El\u00e9ctrica de Tornquist","publisher":{"@id":"https:\/\/www.celttv.com.ar\/#organization"},"potentialAction":[{"@type":"SearchAction","target":{"@type":"EntryPoint","urlTemplate":"https:\/\/www.celttv.com.ar\/?s={search_term_string}"},"query-input":"required name=search_term_string"}],"inLanguage":"es"},{"@type":"Organization","@id":"https:\/\/www.celttv.com.ar\/#organization","name":"CELTTV","url":"https:\/\/www.celttv.com.ar\/","sameAs":["https:\/\/www.youtube.com\/channel\/UCz_oIt8Hig64Ub-EmcNPIhg","https:\/\/www.facebook.com\/celtTV\/"],"logo":{"@type":"ImageObject","inLanguage":"es","@id":"https:\/\/www.celttv.com.ar\/#\/schema\/logo\/image\/","url":"http:\/\/www.celttv.com.ar\/wp-content\/uploads\/2022\/08\/logo-1.png","contentUrl":"http:\/\/www.celttv.com.ar\/wp-content\/uploads\/2022\/08\/logo-1.png","width":461,"height":159,"caption":"CELTTV"},"image":{"@id":"https:\/\/www.celttv.com.ar\/#\/schema\/logo\/image\/"}},{"@type":"Person","@id":"https:\/\/www.celttv.com.ar\/#\/schema\/person\/6d99c072dba59953809c81446e9d0ace","name":"ulises","image":{"@type":"ImageObject","inLanguage":"es","@id":"https:\/\/www.celttv.com.ar\/#\/schema\/person\/image\/","url":"https:\/\/secure.gravatar.com\/avatar\/7f2c48bdc33b30088f941fb6082e555f2874c98e20cb159d7b92b50eadfce793?s=96&d=mm&r=g","contentUrl":"https:\/\/secure.gravatar.com\/avatar\/7f2c48bdc33b30088f941fb6082e555f2874c98e20cb159d7b92b50eadfce793?s=96&d=mm&r=g","caption":"ulises"},"sameAs":["http:\/\/www.celttv.com.ar"]}]}},"_links":{"self":[{"href":"https:\/\/www.celttv.com.ar\/index.php\/wp-json\/wp\/v2\/posts\/45930","targetHints":{"allow":["GET"]}}],"collection":[{"href":"https:\/\/www.celttv.com.ar\/index.php\/wp-json\/wp\/v2\/posts"}],"about":[{"href":"https:\/\/www.celttv.com.ar\/index.php\/wp-json\/wp\/v2\/types\/post"}],"author":[{"embeddable":true,"href":"https:\/\/www.celttv.com.ar\/index.php\/wp-json\/wp\/v2\/users\/1"}],"replies":[{"embeddable":true,"href":"https:\/\/www.celttv.com.ar\/index.php\/wp-json\/wp\/v2\/comments?post=45930"}],"version-history":[{"count":0,"href":"https:\/\/www.celttv.com.ar\/index.php\/wp-json\/wp\/v2\/posts\/45930\/revisions"}],"wp:featuredmedia":[{"embeddable":true,"href":"https:\/\/www.celttv.com.ar\/index.php\/wp-json\/wp\/v2\/media\/45935"}],"wp:attachment":[{"href":"https:\/\/www.celttv.com.ar\/index.php\/wp-json\/wp\/v2\/media?parent=45930"}],"wp:term":[{"taxonomy":"category","embeddable":true,"href":"https:\/\/www.celttv.com.ar\/index.php\/wp-json\/wp\/v2\/categories?post=45930"},{"taxonomy":"post_tag","embeddable":true,"href":"https:\/\/www.celttv.com.ar\/index.php\/wp-json\/wp\/v2\/tags?post=45930"}],"curies":[{"name":"wp","href":"https:\/\/api.w.org\/{rel}","templated":true}]}}