{"id":45978,"date":"2019-12-04T20:01:00","date_gmt":"2019-12-04T20:01:00","guid":{"rendered":"http:\/\/www.celttv.com.ar\/?p=45978"},"modified":"2019-12-04T20:01:00","modified_gmt":"2019-12-04T20:01:00","slug":"la-primera-red-de-fibra-optica-al-hogar-de-furukawa-para-cooperativas-cumple-10-anos-notas","status":"publish","type":"post","link":"https:\/\/www.celttv.com.ar\/index.php\/2019\/12\/04\/la-primera-red-de-fibra-optica-al-hogar-de-furukawa-para-cooperativas-cumple-10-anos-notas\/","title":{"rendered":"La Cooperativa El\u00e9ctrica de Huanguel\u00e9n pionera en la fibra \u00f3ptica de la provincia (Notas)"},"content":{"rendered":"<p>La Cooperativa El\u00e9ctrica de Huanguel\u00e9n se constituy\u00f3 hace 10 a\u00f1os como pionera en la regi\u00f3n, ofreciendo tecnolog\u00eda FTTh a prueba de futuro.<\/p>\n<p>Bajo una misma red \u00f3ptica y sin necesidad de cambiar su infraestructura, pasaron de ofrecer internet de 256 Kb en 2009 a 50 Mb en 2019. Hoy se plantean ofrecer TV IP, CCTV, firewall de nuevas generaciones, soluciones inal\u00e1mbricas, e incluso el cach\u00e9 de los principales servicios de streaming mundial, todo con la misma tecnolog\u00eda.<\/p>\n<p>La Cooperativa El\u00e8ctrica de Tornquist estuvo presente durante dicho\u00a0encuentro dedicado especialmente para proveedores de redes de acceso. A su vez, se presentaron los avances tecnol\u00f3gicos y las tendencias de cara a los pr\u00f3ximos 10 a\u00f1os, tanto para redes fijas como m\u00f3viles.<\/p>\n<p>Con foco en las cooperativas, la propuesta fue profundizar en temas como Internet, nuevos productos, killer aps, IoT, Smart Cities, IA, y Cloud, entre otros.<\/p>\n<p>CELTTV Noticias estuvo presente en el encuntro y dialog\u00f3 con Javier Cabral, gerente de la Cooperativa El\u00e9ctrica de Huanguel\u00e9n; Pablo Medina, integrante de la empresa Furukawa, y Edgardo Curzel, presidente del consejo de administraci\u00f3n de la Cooperativa de Huanguel\u00e8n.<\/p>\n<div class=\"jeg_video_container jeg_video_content\"><iframe loading=\"lazy\" title=\"2019 12 04 NOTAS HUANGUELEN 1 JAVIER CABRAL\" width=\"500\" height=\"281\" src=\"https:\/\/www.youtube.com\/embed\/PtvLcALZ2OI?feature=oembed\" frameborder=\"0\" allow=\"accelerometer; autoplay; clipboard-write; encrypted-media; gyroscope; picture-in-picture; web-share\" referrerpolicy=\"strict-origin-when-cross-origin\" allowfullscreen><\/iframe><\/div>\n<div class=\"jeg_video_container jeg_video_content\"><iframe loading=\"lazy\" title=\"2019 12 04 NOTAS HUANGUELEN 2 PABLO MEDINA\" width=\"500\" height=\"281\" src=\"https:\/\/www.youtube.com\/embed\/bYOtJRE3VfQ?feature=oembed\" frameborder=\"0\" allow=\"accelerometer; autoplay; clipboard-write; encrypted-media; gyroscope; picture-in-picture; web-share\" referrerpolicy=\"strict-origin-when-cross-origin\" allowfullscreen><\/iframe><\/div>\n<div class=\"jeg_video_container jeg_video_content\"><iframe loading=\"lazy\" title=\"2019 12 04 NOTAS HUANGUELEN 3 EDGARDO DANIEL CURZEL\" width=\"500\" height=\"281\" src=\"https:\/\/www.youtube.com\/embed\/GDsR5mBKUbQ?feature=oembed\" frameborder=\"0\" allow=\"accelerometer; autoplay; clipboard-write; encrypted-media; gyroscope; picture-in-picture; web-share\" referrerpolicy=\"strict-origin-when-cross-origin\" allowfullscreen><\/iframe><\/div>\n","protected":false},"excerpt":{"rendered":"<p>La Cooperativa El\u00e9ctrica de Huanguel\u00e9n se constituy\u00f3 hace 10 a\u00f1os como pionera en la regi\u00f3n, ofreciendo tecnolog\u00eda FTTh a prueba de futuro. Bajo una misma red \u00f3ptica y sin necesidad de cambiar su infraestructura, pasaron de ofrecer internet de 256 Kb en 2009 a 50 Mb en 2019. Hoy se plantean ofrecer TV IP, CCTV, [&hellip;]<\/p>\n","protected":false},"author":1,"featured_media":45979,"comment_status":"closed","ping_status":"open","sticky":false,"template":"","format":"standard","meta":{"footnotes":""},"categories":[55,51,52],"tags":[],"class_list":["post-45978","post","type-post","status-publish","format-standard","has-post-thumbnail","hentry","category-celt-tv-noticias","category-comunidad","category-destacadas"],"yoast_head":"<!-- This site is optimized with the Yoast SEO plugin v19.7.1 - https:\/\/yoast.com\/wordpress\/plugins\/seo\/ -->\n<title>La Cooperativa El\u00e9ctrica de Huanguel\u00e9n pionera en la fibra \u00f3ptica de la provincia (Notas) - CELTTV<\/title>\n<meta name=\"description\" content=\"Sitio web de noticias de la localidad de Tornquist, provincia de Buenos Aires, Rep\u00fablica Argentina. Contenido propio originado por periodistas de CELTTV, el canal de TV local de la Cooperativa El\u00e9ctrica de Tornquist. Turismo, Pol\u00edtica, Sociedad, Deporte, Cultura y todo el contenido de inter\u00e9s general que la gente del pueblo y la regi\u00f3n debe conocer.\" \/>\n<meta name=\"robots\" content=\"index, follow, max-snippet:-1, max-image-preview:large, max-video-preview:-1\" \/>\n<link rel=\"canonical\" href=\"https:\/\/www.celttv.com.ar\/index.php\/2019\/12\/04\/la-primera-red-de-fibra-optica-al-hogar-de-furukawa-para-cooperativas-cumple-10-anos-notas\/\" \/>\n<meta property=\"og:locale\" content=\"es_ES\" \/>\n<meta property=\"og:type\" content=\"article\" \/>\n<meta property=\"og:title\" content=\"La Cooperativa El\u00e9ctrica de Huanguel\u00e9n pionera en la fibra \u00f3ptica de la provincia (Notas) - CELTTV\" \/>\n<meta property=\"og:description\" content=\"Sitio web de noticias de la localidad de Tornquist, provincia de Buenos Aires, Rep\u00fablica Argentina. Contenido propio originado por periodistas de CELTTV, el canal de TV local de la Cooperativa El\u00e9ctrica de Tornquist. Turismo, Pol\u00edtica, Sociedad, Deporte, Cultura y todo el contenido de inter\u00e9s general que la gente del pueblo y la regi\u00f3n debe conocer.\" \/>\n<meta property=\"og:url\" content=\"https:\/\/www.celttv.com.ar\/index.php\/2019\/12\/04\/la-primera-red-de-fibra-optica-al-hogar-de-furukawa-para-cooperativas-cumple-10-anos-notas\/\" \/>\n<meta property=\"og:site_name\" content=\"CELTTV\" \/>\n<meta property=\"article:publisher\" content=\"https:\/\/www.facebook.com\/celtTV\/\" \/>\n<meta property=\"article:published_time\" content=\"2019-12-04T20:01:00+00:00\" \/>\n<meta property=\"og:image\" content=\"https:\/\/www.celttv.com.ar\/wp-content\/uploads\/2019\/12\/83bf74da-ea1d-4a01-8d2d-34a9cea352fd.jpg\" \/>\n\t<meta property=\"og:image:width\" content=\"1280\" \/>\n\t<meta property=\"og:image:height\" content=\"960\" \/>\n\t<meta property=\"og:image:type\" content=\"image\/jpeg\" \/>\n<meta name=\"author\" content=\"ulises\" \/>\n<meta name=\"twitter:card\" content=\"summary_large_image\" \/>\n<meta name=\"twitter:label1\" content=\"Escrito por\" \/>\n\t<meta name=\"twitter:data1\" content=\"ulises\" \/>\n\t<meta name=\"twitter:label2\" content=\"Tiempo de lectura\" \/>\n\t<meta name=\"twitter:data2\" content=\"1 minuto\" \/>\n<script type=\"application\/ld+json\" class=\"yoast-schema-graph\">{\"@context\":\"https:\/\/schema.org\",\"@graph\":[{\"@type\":\"NewsArticle\",\"@id\":\"https:\/\/www.celttv.com.ar\/index.php\/2019\/12\/04\/la-primera-red-de-fibra-optica-al-hogar-de-furukawa-para-cooperativas-cumple-10-anos-notas\/#article\",\"isPartOf\":{\"@id\":\"https:\/\/www.celttv.com.ar\/index.php\/2019\/12\/04\/la-primera-red-de-fibra-optica-al-hogar-de-furukawa-para-cooperativas-cumple-10-anos-notas\/\"},\"author\":{\"name\":\"ulises\",\"@id\":\"https:\/\/www.celttv.com.ar\/#\/schema\/person\/6d99c072dba59953809c81446e9d0ace\"},\"headline\":\"La Cooperativa El\u00e9ctrica de Huanguel\u00e9n pionera en la fibra \u00f3ptica de la provincia (Notas)\",\"datePublished\":\"2019-12-04T20:01:00+00:00\",\"dateModified\":\"2019-12-04T20:01:00+00:00\",\"mainEntityOfPage\":{\"@id\":\"https:\/\/www.celttv.com.ar\/index.php\/2019\/12\/04\/la-primera-red-de-fibra-optica-al-hogar-de-furukawa-para-cooperativas-cumple-10-anos-notas\/\"},\"wordCount\":233,\"publisher\":{\"@id\":\"https:\/\/www.celttv.com.ar\/#organization\"},\"articleSection\":[\"Celt TV Noticias\",\"Comunidad\",\"Destacadas\"],\"inLanguage\":\"es\"},{\"@type\":\"WebPage\",\"@id\":\"https:\/\/www.celttv.com.ar\/index.php\/2019\/12\/04\/la-primera-red-de-fibra-optica-al-hogar-de-furukawa-para-cooperativas-cumple-10-anos-notas\/\",\"url\":\"https:\/\/www.celttv.com.ar\/index.php\/2019\/12\/04\/la-primera-red-de-fibra-optica-al-hogar-de-furukawa-para-cooperativas-cumple-10-anos-notas\/\",\"name\":\"La Cooperativa El\u00e9ctrica de Huanguel\u00e9n pionera en la fibra \u00f3ptica de la provincia (Notas) - CELTTV\",\"isPartOf\":{\"@id\":\"https:\/\/www.celttv.com.ar\/#website\"},\"datePublished\":\"2019-12-04T20:01:00+00:00\",\"dateModified\":\"2019-12-04T20:01:00+00:00\",\"description\":\"Sitio web de noticias de la localidad de Tornquist, provincia de Buenos Aires, Rep\u00fablica Argentina. Contenido propio originado por periodistas de CELTTV, el canal de TV local de la Cooperativa El\u00e9ctrica de Tornquist. Turismo, Pol\u00edtica, Sociedad, Deporte, Cultura y todo el contenido de inter\u00e9s general que la gente del pueblo y la regi\u00f3n debe conocer.\",\"breadcrumb\":{\"@id\":\"https:\/\/www.celttv.com.ar\/index.php\/2019\/12\/04\/la-primera-red-de-fibra-optica-al-hogar-de-furukawa-para-cooperativas-cumple-10-anos-notas\/#breadcrumb\"},\"inLanguage\":\"es\",\"potentialAction\":[{\"@type\":\"ReadAction\",\"target\":[\"https:\/\/www.celttv.com.ar\/index.php\/2019\/12\/04\/la-primera-red-de-fibra-optica-al-hogar-de-furukawa-para-cooperativas-cumple-10-anos-notas\/\"]}]},{\"@type\":\"BreadcrumbList\",\"@id\":\"https:\/\/www.celttv.com.ar\/index.php\/2019\/12\/04\/la-primera-red-de-fibra-optica-al-hogar-de-furukawa-para-cooperativas-cumple-10-anos-notas\/#breadcrumb\",\"itemListElement\":[{\"@type\":\"ListItem\",\"position\":1,\"name\":\"Inicio\",\"item\":\"https:\/\/www.celttv.com.ar\/\"},{\"@type\":\"ListItem\",\"position\":2,\"name\":\"La Cooperativa El\u00e9ctrica de Huanguel\u00e9n pionera en la fibra \u00f3ptica de la provincia (Notas)\"}]},{\"@type\":\"WebSite\",\"@id\":\"https:\/\/www.celttv.com.ar\/#website\",\"url\":\"https:\/\/www.celttv.com.ar\/\",\"name\":\"CELTTV\",\"description\":\"Cooperativa El\u00e9ctrica de Tornquist\",\"publisher\":{\"@id\":\"https:\/\/www.celttv.com.ar\/#organization\"},\"potentialAction\":[{\"@type\":\"SearchAction\",\"target\":{\"@type\":\"EntryPoint\",\"urlTemplate\":\"https:\/\/www.celttv.com.ar\/?s={search_term_string}\"},\"query-input\":\"required name=search_term_string\"}],\"inLanguage\":\"es\"},{\"@type\":\"Organization\",\"@id\":\"https:\/\/www.celttv.com.ar\/#organization\",\"name\":\"CELTTV\",\"url\":\"https:\/\/www.celttv.com.ar\/\",\"sameAs\":[\"https:\/\/www.youtube.com\/channel\/UCz_oIt8Hig64Ub-EmcNPIhg\",\"https:\/\/www.facebook.com\/celtTV\/\"],\"logo\":{\"@type\":\"ImageObject\",\"inLanguage\":\"es\",\"@id\":\"https:\/\/www.celttv.com.ar\/#\/schema\/logo\/image\/\",\"url\":\"http:\/\/www.celttv.com.ar\/wp-content\/uploads\/2022\/08\/logo-1.png\",\"contentUrl\":\"http:\/\/www.celttv.com.ar\/wp-content\/uploads\/2022\/08\/logo-1.png\",\"width\":461,\"height\":159,\"caption\":\"CELTTV\"},\"image\":{\"@id\":\"https:\/\/www.celttv.com.ar\/#\/schema\/logo\/image\/\"}},{\"@type\":\"Person\",\"@id\":\"https:\/\/www.celttv.com.ar\/#\/schema\/person\/6d99c072dba59953809c81446e9d0ace\",\"name\":\"ulises\",\"image\":{\"@type\":\"ImageObject\",\"inLanguage\":\"es\",\"@id\":\"https:\/\/www.celttv.com.ar\/#\/schema\/person\/image\/\",\"url\":\"https:\/\/secure.gravatar.com\/avatar\/7f2c48bdc33b30088f941fb6082e555f2874c98e20cb159d7b92b50eadfce793?s=96&d=mm&r=g\",\"contentUrl\":\"https:\/\/secure.gravatar.com\/avatar\/7f2c48bdc33b30088f941fb6082e555f2874c98e20cb159d7b92b50eadfce793?s=96&d=mm&r=g\",\"caption\":\"ulises\"},\"sameAs\":[\"http:\/\/www.celttv.com.ar\"]}]}<\/script>\n<!-- \/ Yoast SEO plugin. -->","yoast_head_json":{"title":"La Cooperativa El\u00e9ctrica de Huanguel\u00e9n pionera en la fibra \u00f3ptica de la provincia (Notas) - CELTTV","description":"Sitio web de noticias de la localidad de Tornquist, provincia de Buenos Aires, Rep\u00fablica Argentina. Contenido propio originado por periodistas de CELTTV, el canal de TV local de la Cooperativa El\u00e9ctrica de Tornquist. Turismo, Pol\u00edtica, Sociedad, Deporte, Cultura y todo el contenido de inter\u00e9s general que la gente del pueblo y la regi\u00f3n debe conocer.","robots":{"index":"index","follow":"follow","max-snippet":"max-snippet:-1","max-image-preview":"max-image-preview:large","max-video-preview":"max-video-preview:-1"},"canonical":"https:\/\/www.celttv.com.ar\/index.php\/2019\/12\/04\/la-primera-red-de-fibra-optica-al-hogar-de-furukawa-para-cooperativas-cumple-10-anos-notas\/","og_locale":"es_ES","og_type":"article","og_title":"La Cooperativa El\u00e9ctrica de Huanguel\u00e9n pionera en la fibra \u00f3ptica de la provincia (Notas) - CELTTV","og_description":"Sitio web de noticias de la localidad de Tornquist, provincia de Buenos Aires, Rep\u00fablica Argentina. Contenido propio originado por periodistas de CELTTV, el canal de TV local de la Cooperativa El\u00e9ctrica de Tornquist. Turismo, Pol\u00edtica, Sociedad, Deporte, Cultura y todo el contenido de inter\u00e9s general que la gente del pueblo y la regi\u00f3n debe conocer.","og_url":"https:\/\/www.celttv.com.ar\/index.php\/2019\/12\/04\/la-primera-red-de-fibra-optica-al-hogar-de-furukawa-para-cooperativas-cumple-10-anos-notas\/","og_site_name":"CELTTV","article_publisher":"https:\/\/www.facebook.com\/celtTV\/","article_published_time":"2019-12-04T20:01:00+00:00","og_image":[{"width":1280,"height":960,"url":"https:\/\/www.celttv.com.ar\/wp-content\/uploads\/2019\/12\/83bf74da-ea1d-4a01-8d2d-34a9cea352fd.jpg","type":"image\/jpeg"}],"author":"ulises","twitter_card":"summary_large_image","twitter_misc":{"Escrito por":"ulises","Tiempo de lectura":"1 minuto"},"schema":{"@context":"https:\/\/schema.org","@graph":[{"@type":"NewsArticle","@id":"https:\/\/www.celttv.com.ar\/index.php\/2019\/12\/04\/la-primera-red-de-fibra-optica-al-hogar-de-furukawa-para-cooperativas-cumple-10-anos-notas\/#article","isPartOf":{"@id":"https:\/\/www.celttv.com.ar\/index.php\/2019\/12\/04\/la-primera-red-de-fibra-optica-al-hogar-de-furukawa-para-cooperativas-cumple-10-anos-notas\/"},"author":{"name":"ulises","@id":"https:\/\/www.celttv.com.ar\/#\/schema\/person\/6d99c072dba59953809c81446e9d0ace"},"headline":"La Cooperativa El\u00e9ctrica de Huanguel\u00e9n pionera en la fibra \u00f3ptica de la provincia (Notas)","datePublished":"2019-12-04T20:01:00+00:00","dateModified":"2019-12-04T20:01:00+00:00","mainEntityOfPage":{"@id":"https:\/\/www.celttv.com.ar\/index.php\/2019\/12\/04\/la-primera-red-de-fibra-optica-al-hogar-de-furukawa-para-cooperativas-cumple-10-anos-notas\/"},"wordCount":233,"publisher":{"@id":"https:\/\/www.celttv.com.ar\/#organization"},"articleSection":["Celt TV Noticias","Comunidad","Destacadas"],"inLanguage":"es"},{"@type":"WebPage","@id":"https:\/\/www.celttv.com.ar\/index.php\/2019\/12\/04\/la-primera-red-de-fibra-optica-al-hogar-de-furukawa-para-cooperativas-cumple-10-anos-notas\/","url":"https:\/\/www.celttv.com.ar\/index.php\/2019\/12\/04\/la-primera-red-de-fibra-optica-al-hogar-de-furukawa-para-cooperativas-cumple-10-anos-notas\/","name":"La Cooperativa El\u00e9ctrica de Huanguel\u00e9n pionera en la fibra \u00f3ptica de la provincia (Notas) - CELTTV","isPartOf":{"@id":"https:\/\/www.celttv.com.ar\/#website"},"datePublished":"2019-12-04T20:01:00+00:00","dateModified":"2019-12-04T20:01:00+00:00","description":"Sitio web de noticias de la localidad de Tornquist, provincia de Buenos Aires, Rep\u00fablica Argentina. Contenido propio originado por periodistas de CELTTV, el canal de TV local de la Cooperativa El\u00e9ctrica de Tornquist. Turismo, Pol\u00edtica, Sociedad, Deporte, Cultura y todo el contenido de inter\u00e9s general que la gente del pueblo y la regi\u00f3n debe conocer.","breadcrumb":{"@id":"https:\/\/www.celttv.com.ar\/index.php\/2019\/12\/04\/la-primera-red-de-fibra-optica-al-hogar-de-furukawa-para-cooperativas-cumple-10-anos-notas\/#breadcrumb"},"inLanguage":"es","potentialAction":[{"@type":"ReadAction","target":["https:\/\/www.celttv.com.ar\/index.php\/2019\/12\/04\/la-primera-red-de-fibra-optica-al-hogar-de-furukawa-para-cooperativas-cumple-10-anos-notas\/"]}]},{"@type":"BreadcrumbList","@id":"https:\/\/www.celttv.com.ar\/index.php\/2019\/12\/04\/la-primera-red-de-fibra-optica-al-hogar-de-furukawa-para-cooperativas-cumple-10-anos-notas\/#breadcrumb","itemListElement":[{"@type":"ListItem","position":1,"name":"Inicio","item":"https:\/\/www.celttv.com.ar\/"},{"@type":"ListItem","position":2,"name":"La Cooperativa El\u00e9ctrica de Huanguel\u00e9n pionera en la fibra \u00f3ptica de la provincia (Notas)"}]},{"@type":"WebSite","@id":"https:\/\/www.celttv.com.ar\/#website","url":"https:\/\/www.celttv.com.ar\/","name":"CELTTV","description":"Cooperativa El\u00e9ctrica de Tornquist","publisher":{"@id":"https:\/\/www.celttv.com.ar\/#organization"},"potentialAction":[{"@type":"SearchAction","target":{"@type":"EntryPoint","urlTemplate":"https:\/\/www.celttv.com.ar\/?s={search_term_string}"},"query-input":"required name=search_term_string"}],"inLanguage":"es"},{"@type":"Organization","@id":"https:\/\/www.celttv.com.ar\/#organization","name":"CELTTV","url":"https:\/\/www.celttv.com.ar\/","sameAs":["https:\/\/www.youtube.com\/channel\/UCz_oIt8Hig64Ub-EmcNPIhg","https:\/\/www.facebook.com\/celtTV\/"],"logo":{"@type":"ImageObject","inLanguage":"es","@id":"https:\/\/www.celttv.com.ar\/#\/schema\/logo\/image\/","url":"http:\/\/www.celttv.com.ar\/wp-content\/uploads\/2022\/08\/logo-1.png","contentUrl":"http:\/\/www.celttv.com.ar\/wp-content\/uploads\/2022\/08\/logo-1.png","width":461,"height":159,"caption":"CELTTV"},"image":{"@id":"https:\/\/www.celttv.com.ar\/#\/schema\/logo\/image\/"}},{"@type":"Person","@id":"https:\/\/www.celttv.com.ar\/#\/schema\/person\/6d99c072dba59953809c81446e9d0ace","name":"ulises","image":{"@type":"ImageObject","inLanguage":"es","@id":"https:\/\/www.celttv.com.ar\/#\/schema\/person\/image\/","url":"https:\/\/secure.gravatar.com\/avatar\/7f2c48bdc33b30088f941fb6082e555f2874c98e20cb159d7b92b50eadfce793?s=96&d=mm&r=g","contentUrl":"https:\/\/secure.gravatar.com\/avatar\/7f2c48bdc33b30088f941fb6082e555f2874c98e20cb159d7b92b50eadfce793?s=96&d=mm&r=g","caption":"ulises"},"sameAs":["http:\/\/www.celttv.com.ar"]}]}},"_links":{"self":[{"href":"https:\/\/www.celttv.com.ar\/index.php\/wp-json\/wp\/v2\/posts\/45978","targetHints":{"allow":["GET"]}}],"collection":[{"href":"https:\/\/www.celttv.com.ar\/index.php\/wp-json\/wp\/v2\/posts"}],"about":[{"href":"https:\/\/www.celttv.com.ar\/index.php\/wp-json\/wp\/v2\/types\/post"}],"author":[{"embeddable":true,"href":"https:\/\/www.celttv.com.ar\/index.php\/wp-json\/wp\/v2\/users\/1"}],"replies":[{"embeddable":true,"href":"https:\/\/www.celttv.com.ar\/index.php\/wp-json\/wp\/v2\/comments?post=45978"}],"version-history":[{"count":0,"href":"https:\/\/www.celttv.com.ar\/index.php\/wp-json\/wp\/v2\/posts\/45978\/revisions"}],"wp:featuredmedia":[{"embeddable":true,"href":"https:\/\/www.celttv.com.ar\/index.php\/wp-json\/wp\/v2\/media\/45979"}],"wp:attachment":[{"href":"https:\/\/www.celttv.com.ar\/index.php\/wp-json\/wp\/v2\/media?parent=45978"}],"wp:term":[{"taxonomy":"category","embeddable":true,"href":"https:\/\/www.celttv.com.ar\/index.php\/wp-json\/wp\/v2\/categories?post=45978"},{"taxonomy":"post_tag","embeddable":true,"href":"https:\/\/www.celttv.com.ar\/index.php\/wp-json\/wp\/v2\/tags?post=45978"}],"curies":[{"name":"wp","href":"https:\/\/api.w.org\/{rel}","templated":true}]}}