{"id":45981,"date":"2019-12-04T20:24:08","date_gmt":"2019-12-04T20:24:08","guid":{"rendered":"http:\/\/www.celttv.com.ar\/?p=45981"},"modified":"2019-12-04T20:24:08","modified_gmt":"2019-12-04T20:24:08","slug":"automoto-voley-testimonios-de-los-protagonistas-tras-un-ano-de-muchos-logros-deportivos-notas","status":"publish","type":"post","link":"https:\/\/www.celttv.com.ar\/index.php\/2019\/12\/04\/automoto-voley-testimonios-de-los-protagonistas-tras-un-ano-de-muchos-logros-deportivos-notas\/","title":{"rendered":"Automoto Voley: Testimonios de los protagonistas tras un a\u00f1o de varios logros deportivos (Notas)"},"content":{"rendered":"<p>Con el testimonio de las entrenadoras e integrantes de los planteles sub-19, sub-18 y sub-16 de Automoto Voley, la entidad azulgrana cierra un a\u00f1o colmado de buenos resultados y t\u00edtulos para encarar la temporada 2020 de la Asociaci\u00f3n Bahiense de Voley.<\/p>\n<div class=\"jeg_video_container jeg_video_content\"><iframe loading=\"lazy\" title=\"2019 12 03 \/\/ MAGAZINE SPORT: PROF. SOF\u00cdA URRIAGA (ENTRENADORA DE AUTOMOTO VOLEY)\" width=\"500\" height=\"281\" src=\"https:\/\/www.youtube.com\/embed\/-GHWQyrlbrE?feature=oembed\" frameborder=\"0\" allow=\"accelerometer; autoplay; clipboard-write; encrypted-media; gyroscope; picture-in-picture; web-share\" referrerpolicy=\"strict-origin-when-cross-origin\" allowfullscreen><\/iframe><\/div>\n<div class=\"jeg_video_container jeg_video_content\"><iframe loading=\"lazy\" title=\"2019 12 03 \/\/ MAGAZINE SPORT: GIANELA LAMBICHI Y JULIETA SCHWAB (AUTOMOTO VOLEY: COPA DE ORO)\" width=\"500\" height=\"281\" src=\"https:\/\/www.youtube.com\/embed\/KNH5Grul1aE?start=8&#038;feature=oembed\" frameborder=\"0\" allow=\"accelerometer; autoplay; clipboard-write; encrypted-media; gyroscope; picture-in-picture; web-share\" referrerpolicy=\"strict-origin-when-cross-origin\" allowfullscreen><\/iframe><\/div>\n<div class=\"jeg_video_container jeg_video_content\"><iframe loading=\"lazy\" title=\"2019 12 03 \/\/ MAGAZINE SPORT: VICTORIA RUSCONI Y JOSEFINA CANDAL (AUTOMOTO VOLEY: COPA DE PLATA)\" width=\"500\" height=\"281\" src=\"https:\/\/www.youtube.com\/embed\/EKIgEabdD-U?feature=oembed\" frameborder=\"0\" allow=\"accelerometer; autoplay; clipboard-write; encrypted-media; gyroscope; picture-in-picture; web-share\" referrerpolicy=\"strict-origin-when-cross-origin\" allowfullscreen><\/iframe><\/div>\n<div class=\"jeg_video_container jeg_video_content\"><iframe loading=\"lazy\" title=\"2019 12 03 \/\/ MAGAZINE SPORT: ALEJANDRO CABRERA (AUTOMOTO VOLEY: 3\u00ba PUESTO COPA DE ORO)\" width=\"500\" height=\"281\" src=\"https:\/\/www.youtube.com\/embed\/7oYLlOij528?feature=oembed\" frameborder=\"0\" allow=\"accelerometer; autoplay; clipboard-write; encrypted-media; gyroscope; picture-in-picture; web-share\" referrerpolicy=\"strict-origin-when-cross-origin\" allowfullscreen><\/iframe><\/div>\n<div class=\"jeg_video_container jeg_video_content\"><iframe loading=\"lazy\" title=\"2019 12 03 \/\/ MAGAZINE SPORT: CINTIA ABREG\u00da (AUTOMOTO VOLEY : ENTRENADORA SUB-19)\" width=\"500\" height=\"281\" src=\"https:\/\/www.youtube.com\/embed\/NtXaWeDgB9I?feature=oembed\" frameborder=\"0\" allow=\"accelerometer; autoplay; clipboard-write; encrypted-media; gyroscope; picture-in-picture; web-share\" referrerpolicy=\"strict-origin-when-cross-origin\" allowfullscreen><\/iframe><\/div>\n","protected":false},"excerpt":{"rendered":"<p>Con el testimonio de las entrenadoras e integrantes de los planteles sub-19, sub-18 y sub-16 de Automoto Voley, la entidad azulgrana cierra un a\u00f1o colmado de buenos resultados y t\u00edtulos para encarar la temporada 2020 de la Asociaci\u00f3n Bahiense de Voley.<\/p>\n","protected":false},"author":1,"featured_media":45982,"comment_status":"closed","ping_status":"open","sticky":false,"template":"","format":"standard","meta":{"footnotes":""},"categories":[55,60,62,52,63],"tags":[],"class_list":["post-45981","post","type-post","status-publish","format-standard","has-post-thumbnail","hentry","category-celt-tv-noticias","category-deporte","category-deportes","category-destacadas","category-magazine-sport"],"yoast_head":"<!-- This site is optimized with the Yoast SEO plugin v19.7.1 - https:\/\/yoast.com\/wordpress\/plugins\/seo\/ -->\n<title>Automoto Voley: Testimonios de los protagonistas tras un a\u00f1o de varios logros deportivos (Notas) - CELTTV<\/title>\n<meta name=\"description\" content=\"Sitio web de noticias de la localidad de Tornquist, provincia de Buenos Aires, Rep\u00fablica Argentina. Contenido propio originado por periodistas de CELTTV, el canal de TV local de la Cooperativa El\u00e9ctrica de Tornquist. Turismo, Pol\u00edtica, Sociedad, Deporte, Cultura y todo el contenido de inter\u00e9s general que la gente del pueblo y la regi\u00f3n debe conocer.\" \/>\n<meta name=\"robots\" content=\"index, follow, max-snippet:-1, max-image-preview:large, max-video-preview:-1\" \/>\n<link rel=\"canonical\" href=\"https:\/\/www.celttv.com.ar\/index.php\/2019\/12\/04\/automoto-voley-testimonios-de-los-protagonistas-tras-un-ano-de-muchos-logros-deportivos-notas\/\" \/>\n<meta property=\"og:locale\" content=\"es_ES\" \/>\n<meta property=\"og:type\" content=\"article\" \/>\n<meta property=\"og:title\" content=\"Automoto Voley: Testimonios de los protagonistas tras un a\u00f1o de varios logros deportivos (Notas) - CELTTV\" \/>\n<meta property=\"og:description\" content=\"Sitio web de noticias de la localidad de Tornquist, provincia de Buenos Aires, Rep\u00fablica Argentina. Contenido propio originado por periodistas de CELTTV, el canal de TV local de la Cooperativa El\u00e9ctrica de Tornquist. Turismo, Pol\u00edtica, Sociedad, Deporte, Cultura y todo el contenido de inter\u00e9s general que la gente del pueblo y la regi\u00f3n debe conocer.\" \/>\n<meta property=\"og:url\" content=\"https:\/\/www.celttv.com.ar\/index.php\/2019\/12\/04\/automoto-voley-testimonios-de-los-protagonistas-tras-un-ano-de-muchos-logros-deportivos-notas\/\" \/>\n<meta property=\"og:site_name\" content=\"CELTTV\" \/>\n<meta property=\"article:publisher\" content=\"https:\/\/www.facebook.com\/celtTV\/\" \/>\n<meta property=\"article:published_time\" content=\"2019-12-04T20:24:08+00:00\" \/>\n<meta property=\"og:image\" content=\"https:\/\/www.celttv.com.ar\/wp-content\/uploads\/2019\/12\/01-533x400-1.jpg\" \/>\n\t<meta property=\"og:image:width\" content=\"533\" \/>\n\t<meta property=\"og:image:height\" content=\"400\" \/>\n\t<meta property=\"og:image:type\" content=\"image\/jpeg\" \/>\n<meta name=\"author\" content=\"ulises\" \/>\n<meta name=\"twitter:card\" content=\"summary_large_image\" \/>\n<meta name=\"twitter:label1\" content=\"Escrito por\" \/>\n\t<meta name=\"twitter:data1\" content=\"ulises\" \/>\n<script type=\"application\/ld+json\" class=\"yoast-schema-graph\">{\"@context\":\"https:\/\/schema.org\",\"@graph\":[{\"@type\":\"NewsArticle\",\"@id\":\"https:\/\/www.celttv.com.ar\/index.php\/2019\/12\/04\/automoto-voley-testimonios-de-los-protagonistas-tras-un-ano-de-muchos-logros-deportivos-notas\/#article\",\"isPartOf\":{\"@id\":\"https:\/\/www.celttv.com.ar\/index.php\/2019\/12\/04\/automoto-voley-testimonios-de-los-protagonistas-tras-un-ano-de-muchos-logros-deportivos-notas\/\"},\"author\":{\"name\":\"ulises\",\"@id\":\"https:\/\/www.celttv.com.ar\/#\/schema\/person\/6d99c072dba59953809c81446e9d0ace\"},\"headline\":\"Automoto Voley: Testimonios de los protagonistas tras un a\u00f1o de varios logros deportivos (Notas)\",\"datePublished\":\"2019-12-04T20:24:08+00:00\",\"dateModified\":\"2019-12-04T20:24:08+00:00\",\"mainEntityOfPage\":{\"@id\":\"https:\/\/www.celttv.com.ar\/index.php\/2019\/12\/04\/automoto-voley-testimonios-de-los-protagonistas-tras-un-ano-de-muchos-logros-deportivos-notas\/\"},\"wordCount\":99,\"publisher\":{\"@id\":\"https:\/\/www.celttv.com.ar\/#organization\"},\"articleSection\":[\"Celt TV Noticias\",\"Deporte\",\"Deportes\",\"Destacadas\",\"Magazine Sport\"],\"inLanguage\":\"es\"},{\"@type\":\"WebPage\",\"@id\":\"https:\/\/www.celttv.com.ar\/index.php\/2019\/12\/04\/automoto-voley-testimonios-de-los-protagonistas-tras-un-ano-de-muchos-logros-deportivos-notas\/\",\"url\":\"https:\/\/www.celttv.com.ar\/index.php\/2019\/12\/04\/automoto-voley-testimonios-de-los-protagonistas-tras-un-ano-de-muchos-logros-deportivos-notas\/\",\"name\":\"Automoto Voley: Testimonios de los protagonistas tras un a\u00f1o de varios logros deportivos (Notas) - CELTTV\",\"isPartOf\":{\"@id\":\"https:\/\/www.celttv.com.ar\/#website\"},\"datePublished\":\"2019-12-04T20:24:08+00:00\",\"dateModified\":\"2019-12-04T20:24:08+00:00\",\"description\":\"Sitio web de noticias de la localidad de Tornquist, provincia de Buenos Aires, Rep\u00fablica Argentina. Contenido propio originado por periodistas de CELTTV, el canal de TV local de la Cooperativa El\u00e9ctrica de Tornquist. Turismo, Pol\u00edtica, Sociedad, Deporte, Cultura y todo el contenido de inter\u00e9s general que la gente del pueblo y la regi\u00f3n debe conocer.\",\"breadcrumb\":{\"@id\":\"https:\/\/www.celttv.com.ar\/index.php\/2019\/12\/04\/automoto-voley-testimonios-de-los-protagonistas-tras-un-ano-de-muchos-logros-deportivos-notas\/#breadcrumb\"},\"inLanguage\":\"es\",\"potentialAction\":[{\"@type\":\"ReadAction\",\"target\":[\"https:\/\/www.celttv.com.ar\/index.php\/2019\/12\/04\/automoto-voley-testimonios-de-los-protagonistas-tras-un-ano-de-muchos-logros-deportivos-notas\/\"]}]},{\"@type\":\"BreadcrumbList\",\"@id\":\"https:\/\/www.celttv.com.ar\/index.php\/2019\/12\/04\/automoto-voley-testimonios-de-los-protagonistas-tras-un-ano-de-muchos-logros-deportivos-notas\/#breadcrumb\",\"itemListElement\":[{\"@type\":\"ListItem\",\"position\":1,\"name\":\"Inicio\",\"item\":\"https:\/\/www.celttv.com.ar\/\"},{\"@type\":\"ListItem\",\"position\":2,\"name\":\"Automoto Voley: Testimonios de los protagonistas tras un a\u00f1o de varios logros deportivos (Notas)\"}]},{\"@type\":\"WebSite\",\"@id\":\"https:\/\/www.celttv.com.ar\/#website\",\"url\":\"https:\/\/www.celttv.com.ar\/\",\"name\":\"CELTTV\",\"description\":\"Cooperativa El\u00e9ctrica de Tornquist\",\"publisher\":{\"@id\":\"https:\/\/www.celttv.com.ar\/#organization\"},\"potentialAction\":[{\"@type\":\"SearchAction\",\"target\":{\"@type\":\"EntryPoint\",\"urlTemplate\":\"https:\/\/www.celttv.com.ar\/?s={search_term_string}\"},\"query-input\":\"required name=search_term_string\"}],\"inLanguage\":\"es\"},{\"@type\":\"Organization\",\"@id\":\"https:\/\/www.celttv.com.ar\/#organization\",\"name\":\"CELTTV\",\"url\":\"https:\/\/www.celttv.com.ar\/\",\"sameAs\":[\"https:\/\/www.youtube.com\/channel\/UCz_oIt8Hig64Ub-EmcNPIhg\",\"https:\/\/www.facebook.com\/celtTV\/\"],\"logo\":{\"@type\":\"ImageObject\",\"inLanguage\":\"es\",\"@id\":\"https:\/\/www.celttv.com.ar\/#\/schema\/logo\/image\/\",\"url\":\"http:\/\/www.celttv.com.ar\/wp-content\/uploads\/2022\/08\/logo-1.png\",\"contentUrl\":\"http:\/\/www.celttv.com.ar\/wp-content\/uploads\/2022\/08\/logo-1.png\",\"width\":461,\"height\":159,\"caption\":\"CELTTV\"},\"image\":{\"@id\":\"https:\/\/www.celttv.com.ar\/#\/schema\/logo\/image\/\"}},{\"@type\":\"Person\",\"@id\":\"https:\/\/www.celttv.com.ar\/#\/schema\/person\/6d99c072dba59953809c81446e9d0ace\",\"name\":\"ulises\",\"image\":{\"@type\":\"ImageObject\",\"inLanguage\":\"es\",\"@id\":\"https:\/\/www.celttv.com.ar\/#\/schema\/person\/image\/\",\"url\":\"https:\/\/secure.gravatar.com\/avatar\/7f2c48bdc33b30088f941fb6082e555f2874c98e20cb159d7b92b50eadfce793?s=96&d=mm&r=g\",\"contentUrl\":\"https:\/\/secure.gravatar.com\/avatar\/7f2c48bdc33b30088f941fb6082e555f2874c98e20cb159d7b92b50eadfce793?s=96&d=mm&r=g\",\"caption\":\"ulises\"},\"sameAs\":[\"http:\/\/www.celttv.com.ar\"]}]}<\/script>\n<!-- \/ Yoast SEO plugin. -->","yoast_head_json":{"title":"Automoto Voley: Testimonios de los protagonistas tras un a\u00f1o de varios logros deportivos (Notas) - CELTTV","description":"Sitio web de noticias de la localidad de Tornquist, provincia de Buenos Aires, Rep\u00fablica Argentina. Contenido propio originado por periodistas de CELTTV, el canal de TV local de la Cooperativa El\u00e9ctrica de Tornquist. Turismo, Pol\u00edtica, Sociedad, Deporte, Cultura y todo el contenido de inter\u00e9s general que la gente del pueblo y la regi\u00f3n debe conocer.","robots":{"index":"index","follow":"follow","max-snippet":"max-snippet:-1","max-image-preview":"max-image-preview:large","max-video-preview":"max-video-preview:-1"},"canonical":"https:\/\/www.celttv.com.ar\/index.php\/2019\/12\/04\/automoto-voley-testimonios-de-los-protagonistas-tras-un-ano-de-muchos-logros-deportivos-notas\/","og_locale":"es_ES","og_type":"article","og_title":"Automoto Voley: Testimonios de los protagonistas tras un a\u00f1o de varios logros deportivos (Notas) - CELTTV","og_description":"Sitio web de noticias de la localidad de Tornquist, provincia de Buenos Aires, Rep\u00fablica Argentina. Contenido propio originado por periodistas de CELTTV, el canal de TV local de la Cooperativa El\u00e9ctrica de Tornquist. Turismo, Pol\u00edtica, Sociedad, Deporte, Cultura y todo el contenido de inter\u00e9s general que la gente del pueblo y la regi\u00f3n debe conocer.","og_url":"https:\/\/www.celttv.com.ar\/index.php\/2019\/12\/04\/automoto-voley-testimonios-de-los-protagonistas-tras-un-ano-de-muchos-logros-deportivos-notas\/","og_site_name":"CELTTV","article_publisher":"https:\/\/www.facebook.com\/celtTV\/","article_published_time":"2019-12-04T20:24:08+00:00","og_image":[{"width":533,"height":400,"url":"https:\/\/www.celttv.com.ar\/wp-content\/uploads\/2019\/12\/01-533x400-1.jpg","type":"image\/jpeg"}],"author":"ulises","twitter_card":"summary_large_image","twitter_misc":{"Escrito por":"ulises"},"schema":{"@context":"https:\/\/schema.org","@graph":[{"@type":"NewsArticle","@id":"https:\/\/www.celttv.com.ar\/index.php\/2019\/12\/04\/automoto-voley-testimonios-de-los-protagonistas-tras-un-ano-de-muchos-logros-deportivos-notas\/#article","isPartOf":{"@id":"https:\/\/www.celttv.com.ar\/index.php\/2019\/12\/04\/automoto-voley-testimonios-de-los-protagonistas-tras-un-ano-de-muchos-logros-deportivos-notas\/"},"author":{"name":"ulises","@id":"https:\/\/www.celttv.com.ar\/#\/schema\/person\/6d99c072dba59953809c81446e9d0ace"},"headline":"Automoto Voley: Testimonios de los protagonistas tras un a\u00f1o de varios logros deportivos (Notas)","datePublished":"2019-12-04T20:24:08+00:00","dateModified":"2019-12-04T20:24:08+00:00","mainEntityOfPage":{"@id":"https:\/\/www.celttv.com.ar\/index.php\/2019\/12\/04\/automoto-voley-testimonios-de-los-protagonistas-tras-un-ano-de-muchos-logros-deportivos-notas\/"},"wordCount":99,"publisher":{"@id":"https:\/\/www.celttv.com.ar\/#organization"},"articleSection":["Celt TV Noticias","Deporte","Deportes","Destacadas","Magazine Sport"],"inLanguage":"es"},{"@type":"WebPage","@id":"https:\/\/www.celttv.com.ar\/index.php\/2019\/12\/04\/automoto-voley-testimonios-de-los-protagonistas-tras-un-ano-de-muchos-logros-deportivos-notas\/","url":"https:\/\/www.celttv.com.ar\/index.php\/2019\/12\/04\/automoto-voley-testimonios-de-los-protagonistas-tras-un-ano-de-muchos-logros-deportivos-notas\/","name":"Automoto Voley: Testimonios de los protagonistas tras un a\u00f1o de varios logros deportivos (Notas) - CELTTV","isPartOf":{"@id":"https:\/\/www.celttv.com.ar\/#website"},"datePublished":"2019-12-04T20:24:08+00:00","dateModified":"2019-12-04T20:24:08+00:00","description":"Sitio web de noticias de la localidad de Tornquist, provincia de Buenos Aires, Rep\u00fablica Argentina. Contenido propio originado por periodistas de CELTTV, el canal de TV local de la Cooperativa El\u00e9ctrica de Tornquist. Turismo, Pol\u00edtica, Sociedad, Deporte, Cultura y todo el contenido de inter\u00e9s general que la gente del pueblo y la regi\u00f3n debe conocer.","breadcrumb":{"@id":"https:\/\/www.celttv.com.ar\/index.php\/2019\/12\/04\/automoto-voley-testimonios-de-los-protagonistas-tras-un-ano-de-muchos-logros-deportivos-notas\/#breadcrumb"},"inLanguage":"es","potentialAction":[{"@type":"ReadAction","target":["https:\/\/www.celttv.com.ar\/index.php\/2019\/12\/04\/automoto-voley-testimonios-de-los-protagonistas-tras-un-ano-de-muchos-logros-deportivos-notas\/"]}]},{"@type":"BreadcrumbList","@id":"https:\/\/www.celttv.com.ar\/index.php\/2019\/12\/04\/automoto-voley-testimonios-de-los-protagonistas-tras-un-ano-de-muchos-logros-deportivos-notas\/#breadcrumb","itemListElement":[{"@type":"ListItem","position":1,"name":"Inicio","item":"https:\/\/www.celttv.com.ar\/"},{"@type":"ListItem","position":2,"name":"Automoto Voley: Testimonios de los protagonistas tras un a\u00f1o de varios logros deportivos (Notas)"}]},{"@type":"WebSite","@id":"https:\/\/www.celttv.com.ar\/#website","url":"https:\/\/www.celttv.com.ar\/","name":"CELTTV","description":"Cooperativa El\u00e9ctrica de Tornquist","publisher":{"@id":"https:\/\/www.celttv.com.ar\/#organization"},"potentialAction":[{"@type":"SearchAction","target":{"@type":"EntryPoint","urlTemplate":"https:\/\/www.celttv.com.ar\/?s={search_term_string}"},"query-input":"required name=search_term_string"}],"inLanguage":"es"},{"@type":"Organization","@id":"https:\/\/www.celttv.com.ar\/#organization","name":"CELTTV","url":"https:\/\/www.celttv.com.ar\/","sameAs":["https:\/\/www.youtube.com\/channel\/UCz_oIt8Hig64Ub-EmcNPIhg","https:\/\/www.facebook.com\/celtTV\/"],"logo":{"@type":"ImageObject","inLanguage":"es","@id":"https:\/\/www.celttv.com.ar\/#\/schema\/logo\/image\/","url":"http:\/\/www.celttv.com.ar\/wp-content\/uploads\/2022\/08\/logo-1.png","contentUrl":"http:\/\/www.celttv.com.ar\/wp-content\/uploads\/2022\/08\/logo-1.png","width":461,"height":159,"caption":"CELTTV"},"image":{"@id":"https:\/\/www.celttv.com.ar\/#\/schema\/logo\/image\/"}},{"@type":"Person","@id":"https:\/\/www.celttv.com.ar\/#\/schema\/person\/6d99c072dba59953809c81446e9d0ace","name":"ulises","image":{"@type":"ImageObject","inLanguage":"es","@id":"https:\/\/www.celttv.com.ar\/#\/schema\/person\/image\/","url":"https:\/\/secure.gravatar.com\/avatar\/7f2c48bdc33b30088f941fb6082e555f2874c98e20cb159d7b92b50eadfce793?s=96&d=mm&r=g","contentUrl":"https:\/\/secure.gravatar.com\/avatar\/7f2c48bdc33b30088f941fb6082e555f2874c98e20cb159d7b92b50eadfce793?s=96&d=mm&r=g","caption":"ulises"},"sameAs":["http:\/\/www.celttv.com.ar"]}]}},"_links":{"self":[{"href":"https:\/\/www.celttv.com.ar\/index.php\/wp-json\/wp\/v2\/posts\/45981","targetHints":{"allow":["GET"]}}],"collection":[{"href":"https:\/\/www.celttv.com.ar\/index.php\/wp-json\/wp\/v2\/posts"}],"about":[{"href":"https:\/\/www.celttv.com.ar\/index.php\/wp-json\/wp\/v2\/types\/post"}],"author":[{"embeddable":true,"href":"https:\/\/www.celttv.com.ar\/index.php\/wp-json\/wp\/v2\/users\/1"}],"replies":[{"embeddable":true,"href":"https:\/\/www.celttv.com.ar\/index.php\/wp-json\/wp\/v2\/comments?post=45981"}],"version-history":[{"count":0,"href":"https:\/\/www.celttv.com.ar\/index.php\/wp-json\/wp\/v2\/posts\/45981\/revisions"}],"wp:featuredmedia":[{"embeddable":true,"href":"https:\/\/www.celttv.com.ar\/index.php\/wp-json\/wp\/v2\/media\/45982"}],"wp:attachment":[{"href":"https:\/\/www.celttv.com.ar\/index.php\/wp-json\/wp\/v2\/media?parent=45981"}],"wp:term":[{"taxonomy":"category","embeddable":true,"href":"https:\/\/www.celttv.com.ar\/index.php\/wp-json\/wp\/v2\/categories?post=45981"},{"taxonomy":"post_tag","embeddable":true,"href":"https:\/\/www.celttv.com.ar\/index.php\/wp-json\/wp\/v2\/tags?post=45981"}],"curies":[{"name":"wp","href":"https:\/\/api.w.org\/{rel}","templated":true}]}}