{"id":46001,"date":"2019-12-07T00:23:23","date_gmt":"2019-12-07T00:23:23","guid":{"rendered":"http:\/\/www.celttv.com.ar\/?p=46001"},"modified":"2019-12-07T00:23:23","modified_gmt":"2019-12-07T00:23:23","slug":"hcd-convocan-a-sesion-preparatoria-para-el-proximo-lunes","status":"publish","type":"post","link":"https:\/\/www.celttv.com.ar\/index.php\/2019\/12\/07\/hcd-convocan-a-sesion-preparatoria-para-el-proximo-lunes\/","title":{"rendered":"HCD.: Convocan a Sesi\u00f3n Preparatoria para el pr\u00f3ximo lunes"},"content":{"rendered":"<p>DECRETO\u00a0 N\u00ba 11\/19<\/p>\n<p><strong><u>\u00a0<\/u><\/strong><\/p>\n<p><strong><u>\u00a0<\/u><\/strong><\/p>\n<p><strong><u>VISTO:<\/u><\/strong><\/p>\n<p>&nbsp;<\/p>\n<p>La Resoluci\u00f3n recibida de la Honorable Junta Electoral de la Provincia de Buenos Aires para el inicio de las Sesiones Preparatorias, y;<\/p>\n<p>&nbsp;<\/p>\n<p><strong><u>CONSIDERANDO:<\/u><\/strong><\/p>\n<p>&nbsp;<\/p>\n<p>Que la mencionada notificaci\u00f3n informa la fecha en la cual deber\u00e1 llevarse a cabo la Sesi\u00f3n Preparatoria, como asimismo, la n\u00f3mina de Concejales titulares y suplentes, que han resultado electos en los comicios del 27 de octubre pr\u00f3ximo pasado y como consecuencia de ello, diplomados por dicho organismo.<\/p>\n<p>Que de conformidad al Art\u00edculo 18\u00ba de la Ley Org\u00e1nica de las Municipalidades (Decreto Ley N\u00ba 6.769\/58), procede la presente convocatoria.<\/p>\n<p>&nbsp;<\/p>\n<p><strong><u>POR ELLO:<\/u><\/strong><\/p>\n<p>&nbsp;<\/p>\n<h3>El PRESIDENTE del HONORABLE CONCEJO DELIBERANTE,<\/h3>\n<p>en uso de sus facultades:<\/p>\n<p><strong><u>D E C R E T A.<\/u><\/strong><\/p>\n<p><strong><u>\u00a0<\/u><\/strong><\/p>\n<p><strong><u>ARTICULO 1\u00ba:<\/u><\/strong> Convocase a Sesi\u00f3n Preparatoria a los Se\u00f1ores Concejales que no cesan en sus mandatos y a los Se\u00f1ores Concejales electos el 27 de Octubre de 2019 y diplomados por la Honorable Junta Electoral de la Provincia de Buenos Aires; la que se llevar\u00e1 a cabo el d\u00eda 09 de Diciembre de 2019, a partir de la hora 10 en el Recinto de este Honorable Concejo Deliberante.<\/p>\n<p>&nbsp;<\/p>\n<p><strong><u>ARTICULO 2\u00ba:<\/u><\/strong> Los temas a considerar ser\u00e1n los siguientes:<\/p>\n<p>&nbsp;<\/p>\n<p><strong>1.- Constituci\u00f3n de la Comisi\u00f3n de Poderes<\/strong>, la que estar\u00e1 integrada por los se\u00f1ores Concejales que no cesan en sus mandatos y deber\u00e1 expedirse sobre las condiciones legales de los nuevos electos para asumir sus funciones (Art\u00edculo 18\u00ba L.O.M.).<\/p>\n<p><strong>\u00a0<\/strong><\/p>\n<p><strong>2.- Elecci\u00f3n de Autoridades del H. Concejo Deliberante:<\/strong> Presidente, Vicepresidente Primero, Vicepresidente Segundo y Secretario (Art\u00edculo 19\u00ba L.O.M.). y Prosecretario.-<\/p>\n<p>&nbsp;<\/p>\n<p><strong><u>ARTICULO 3\u00ba:<\/u><\/strong> Comun\u00edquese, Publ\u00edquese, Reg\u00edstrese y Cumplido: ARCH\u00cdVESE.-<\/p>\n<p>&nbsp;<\/p>\n<p>&nbsp;<\/p>\n<p>Tornquist, 06 de diciembre de 2019.-<\/p>\n<p>&nbsp;<\/p>\n<p>&nbsp;<\/p>\n<p>&nbsp;<\/p>\n<p>&nbsp;<\/p>\n<p><strong>\u00a0\u00a0\u00a0\u00a0\u00a0\u00a0 Germ\u00e1n de Larena\u00a0\u00a0\u00a0\u00a0\u00a0\u00a0 \u00a0\u00a0\u00a0\u00a0\u00a0\u00a0\u00a0\u00a0\u00a0\u00a0\u00a0\u00a0\u00a0\u00a0\u00a0\u00a0\u00a0\u00a0\u00a0\u00a0\u00a0\u00a0\u00a0\u00a0\u00a0\u00a0\u00a0\u00a0\u00a0\u00a0\u00a0\u00a0\u00a0\u00a0\u00a0\u00a0\u00a0\u00a0\u00a0\u00a0\u00a0\u00a0Gustavo Moroncini<\/strong><\/p>\n<p><strong>\u00a0\u00a0\u00a0\u00a0\u00a0\u00a0\u00a0\u00a0\u00a0\u00a0\u00a0\u00a0\u00a0 Secretario\u00a0\u00a0\u00a0\u00a0\u00a0\u00a0\u00a0\u00a0\u00a0\u00a0\u00a0\u00a0\u00a0\u00a0\u00a0\u00a0\u00a0\u00a0 \u00a0\u00a0\u00a0\u00a0\u00a0\u00a0\u00a0\u00a0\u00a0\u00a0\u00a0\u00a0\u00a0\u00a0\u00a0\u00a0\u00a0\u00a0\u00a0\u00a0\u00a0\u00a0\u00a0\u00a0\u00a0\u00a0\u00a0\u00a0\u00a0\u00a0\u00a0\u00a0\u00a0\u00a0\u00a0\u00a0\u00a0\u00a0\u00a0\u00a0\u00a0\u00a0\u00a0\u00a0\u00a0Presidente<\/strong><\/p>\n<p><strong>\u00a0\u00a0\u00a0\u00a0\u00a0\u00a0\u00a0\u00a0\u00a0\u00a0\u00a0\u00a0\u00a0\u00a0\u00a0\u00a0\u00a0 H.C.D.\u00a0\u00a0\u00a0\u00a0\u00a0\u00a0\u00a0\u00a0\u00a0\u00a0\u00a0\u00a0\u00a0\u00a0\u00a0\u00a0\u00a0\u00a0\u00a0\u00a0\u00a0\u00a0\u00a0\u00a0\u00a0 \u00a0\u00a0\u00a0\u00a0\u00a0\u00a0\u00a0\u00a0\u00a0\u00a0\u00a0\u00a0\u00a0\u00a0\u00a0\u00a0\u00a0\u00a0\u00a0\u00a0\u00a0\u00a0\u00a0\u00a0\u00a0\u00a0\u00a0\u00a0\u00a0\u00a0\u00a0\u00a0\u00a0\u00a0\u00a0\u00a0\u00a0\u00a0\u00a0\u00a0\u00a0\u00a0\u00a0\u00a0\u00a0\u00a0H.C.D.<\/strong><\/p>\n<p>&nbsp;<\/p>\n<p>&nbsp;<\/p>\n","protected":false},"excerpt":{"rendered":"<p>DECRETO\u00a0 N\u00ba 11\/19 \u00a0 \u00a0 VISTO: &nbsp; La Resoluci\u00f3n recibida de la Honorable Junta Electoral de la Provincia de Buenos Aires para el inicio de las Sesiones Preparatorias, y; &nbsp; CONSIDERANDO: &nbsp; Que la mencionada notificaci\u00f3n informa la fecha en la cual deber\u00e1 llevarse a cabo la Sesi\u00f3n Preparatoria, como asimismo, la n\u00f3mina de Concejales [&hellip;]<\/p>\n","protected":false},"author":1,"featured_media":46002,"comment_status":"closed","ping_status":"open","sticky":false,"template":"","format":"standard","meta":{"footnotes":""},"categories":[52],"tags":[],"class_list":["post-46001","post","type-post","status-publish","format-standard","has-post-thumbnail","hentry","category-destacadas"],"yoast_head":"<!-- This site is optimized with the Yoast SEO plugin v19.7.1 - https:\/\/yoast.com\/wordpress\/plugins\/seo\/ -->\n<title>HCD.: Convocan a Sesi\u00f3n Preparatoria para el pr\u00f3ximo lunes - CELTTV<\/title>\n<meta name=\"description\" content=\"Sitio web de noticias de la localidad de Tornquist, provincia de Buenos Aires, Rep\u00fablica Argentina. Contenido propio originado por periodistas de CELTTV, el canal de TV local de la Cooperativa El\u00e9ctrica de Tornquist. Turismo, Pol\u00edtica, Sociedad, Deporte, Cultura y todo el contenido de inter\u00e9s general que la gente del pueblo y la regi\u00f3n debe conocer.\" \/>\n<meta name=\"robots\" content=\"index, follow, max-snippet:-1, max-image-preview:large, max-video-preview:-1\" \/>\n<link rel=\"canonical\" href=\"https:\/\/www.celttv.com.ar\/index.php\/2019\/12\/07\/hcd-convocan-a-sesion-preparatoria-para-el-proximo-lunes\/\" \/>\n<meta property=\"og:locale\" content=\"es_ES\" \/>\n<meta property=\"og:type\" content=\"article\" \/>\n<meta property=\"og:title\" content=\"HCD.: Convocan a Sesi\u00f3n Preparatoria para el pr\u00f3ximo lunes - CELTTV\" \/>\n<meta property=\"og:description\" content=\"Sitio web de noticias de la localidad de Tornquist, provincia de Buenos Aires, Rep\u00fablica Argentina. Contenido propio originado por periodistas de CELTTV, el canal de TV local de la Cooperativa El\u00e9ctrica de Tornquist. Turismo, Pol\u00edtica, Sociedad, Deporte, Cultura y todo el contenido de inter\u00e9s general que la gente del pueblo y la regi\u00f3n debe conocer.\" \/>\n<meta property=\"og:url\" content=\"https:\/\/www.celttv.com.ar\/index.php\/2019\/12\/07\/hcd-convocan-a-sesion-preparatoria-para-el-proximo-lunes\/\" \/>\n<meta property=\"og:site_name\" content=\"CELTTV\" \/>\n<meta property=\"article:publisher\" content=\"https:\/\/www.facebook.com\/celtTV\/\" \/>\n<meta property=\"article:published_time\" content=\"2019-12-07T00:23:23+00:00\" \/>\n<meta property=\"og:image\" content=\"https:\/\/www.celttv.com.ar\/wp-content\/uploads\/2019\/12\/HCD-FOTO-14.jpg\" \/>\n\t<meta property=\"og:image:width\" content=\"750\" \/>\n\t<meta property=\"og:image:height\" content=\"430\" \/>\n\t<meta property=\"og:image:type\" content=\"image\/jpeg\" \/>\n<meta name=\"author\" content=\"ulises\" \/>\n<meta name=\"twitter:card\" content=\"summary_large_image\" \/>\n<meta name=\"twitter:label1\" content=\"Escrito por\" \/>\n\t<meta name=\"twitter:data1\" content=\"ulises\" \/>\n\t<meta name=\"twitter:label2\" content=\"Tiempo de lectura\" \/>\n\t<meta name=\"twitter:data2\" content=\"2 minutos\" \/>\n<script type=\"application\/ld+json\" class=\"yoast-schema-graph\">{\"@context\":\"https:\/\/schema.org\",\"@graph\":[{\"@type\":\"NewsArticle\",\"@id\":\"https:\/\/www.celttv.com.ar\/index.php\/2019\/12\/07\/hcd-convocan-a-sesion-preparatoria-para-el-proximo-lunes\/#article\",\"isPartOf\":{\"@id\":\"https:\/\/www.celttv.com.ar\/index.php\/2019\/12\/07\/hcd-convocan-a-sesion-preparatoria-para-el-proximo-lunes\/\"},\"author\":{\"name\":\"ulises\",\"@id\":\"https:\/\/www.celttv.com.ar\/#\/schema\/person\/6d99c072dba59953809c81446e9d0ace\"},\"headline\":\"HCD.: Convocan a Sesi\u00f3n Preparatoria para el pr\u00f3ximo lunes\",\"datePublished\":\"2019-12-07T00:23:23+00:00\",\"dateModified\":\"2019-12-07T00:23:23+00:00\",\"mainEntityOfPage\":{\"@id\":\"https:\/\/www.celttv.com.ar\/index.php\/2019\/12\/07\/hcd-convocan-a-sesion-preparatoria-para-el-proximo-lunes\/\"},\"wordCount\":320,\"publisher\":{\"@id\":\"https:\/\/www.celttv.com.ar\/#organization\"},\"articleSection\":[\"Destacadas\"],\"inLanguage\":\"es\"},{\"@type\":\"WebPage\",\"@id\":\"https:\/\/www.celttv.com.ar\/index.php\/2019\/12\/07\/hcd-convocan-a-sesion-preparatoria-para-el-proximo-lunes\/\",\"url\":\"https:\/\/www.celttv.com.ar\/index.php\/2019\/12\/07\/hcd-convocan-a-sesion-preparatoria-para-el-proximo-lunes\/\",\"name\":\"HCD.: Convocan a Sesi\u00f3n Preparatoria para el pr\u00f3ximo lunes - CELTTV\",\"isPartOf\":{\"@id\":\"https:\/\/www.celttv.com.ar\/#website\"},\"datePublished\":\"2019-12-07T00:23:23+00:00\",\"dateModified\":\"2019-12-07T00:23:23+00:00\",\"description\":\"Sitio web de noticias de la localidad de Tornquist, provincia de Buenos Aires, Rep\u00fablica Argentina. Contenido propio originado por periodistas de CELTTV, el canal de TV local de la Cooperativa El\u00e9ctrica de Tornquist. Turismo, Pol\u00edtica, Sociedad, Deporte, Cultura y todo el contenido de inter\u00e9s general que la gente del pueblo y la regi\u00f3n debe conocer.\",\"breadcrumb\":{\"@id\":\"https:\/\/www.celttv.com.ar\/index.php\/2019\/12\/07\/hcd-convocan-a-sesion-preparatoria-para-el-proximo-lunes\/#breadcrumb\"},\"inLanguage\":\"es\",\"potentialAction\":[{\"@type\":\"ReadAction\",\"target\":[\"https:\/\/www.celttv.com.ar\/index.php\/2019\/12\/07\/hcd-convocan-a-sesion-preparatoria-para-el-proximo-lunes\/\"]}]},{\"@type\":\"BreadcrumbList\",\"@id\":\"https:\/\/www.celttv.com.ar\/index.php\/2019\/12\/07\/hcd-convocan-a-sesion-preparatoria-para-el-proximo-lunes\/#breadcrumb\",\"itemListElement\":[{\"@type\":\"ListItem\",\"position\":1,\"name\":\"Inicio\",\"item\":\"https:\/\/www.celttv.com.ar\/\"},{\"@type\":\"ListItem\",\"position\":2,\"name\":\"HCD.: Convocan a Sesi\u00f3n Preparatoria para el pr\u00f3ximo lunes\"}]},{\"@type\":\"WebSite\",\"@id\":\"https:\/\/www.celttv.com.ar\/#website\",\"url\":\"https:\/\/www.celttv.com.ar\/\",\"name\":\"CELTTV\",\"description\":\"Cooperativa El\u00e9ctrica de Tornquist\",\"publisher\":{\"@id\":\"https:\/\/www.celttv.com.ar\/#organization\"},\"potentialAction\":[{\"@type\":\"SearchAction\",\"target\":{\"@type\":\"EntryPoint\",\"urlTemplate\":\"https:\/\/www.celttv.com.ar\/?s={search_term_string}\"},\"query-input\":\"required name=search_term_string\"}],\"inLanguage\":\"es\"},{\"@type\":\"Organization\",\"@id\":\"https:\/\/www.celttv.com.ar\/#organization\",\"name\":\"CELTTV\",\"url\":\"https:\/\/www.celttv.com.ar\/\",\"sameAs\":[\"https:\/\/www.youtube.com\/channel\/UCz_oIt8Hig64Ub-EmcNPIhg\",\"https:\/\/www.facebook.com\/celtTV\/\"],\"logo\":{\"@type\":\"ImageObject\",\"inLanguage\":\"es\",\"@id\":\"https:\/\/www.celttv.com.ar\/#\/schema\/logo\/image\/\",\"url\":\"http:\/\/www.celttv.com.ar\/wp-content\/uploads\/2022\/08\/logo-1.png\",\"contentUrl\":\"http:\/\/www.celttv.com.ar\/wp-content\/uploads\/2022\/08\/logo-1.png\",\"width\":461,\"height\":159,\"caption\":\"CELTTV\"},\"image\":{\"@id\":\"https:\/\/www.celttv.com.ar\/#\/schema\/logo\/image\/\"}},{\"@type\":\"Person\",\"@id\":\"https:\/\/www.celttv.com.ar\/#\/schema\/person\/6d99c072dba59953809c81446e9d0ace\",\"name\":\"ulises\",\"image\":{\"@type\":\"ImageObject\",\"inLanguage\":\"es\",\"@id\":\"https:\/\/www.celttv.com.ar\/#\/schema\/person\/image\/\",\"url\":\"https:\/\/secure.gravatar.com\/avatar\/7f2c48bdc33b30088f941fb6082e555f2874c98e20cb159d7b92b50eadfce793?s=96&d=mm&r=g\",\"contentUrl\":\"https:\/\/secure.gravatar.com\/avatar\/7f2c48bdc33b30088f941fb6082e555f2874c98e20cb159d7b92b50eadfce793?s=96&d=mm&r=g\",\"caption\":\"ulises\"},\"sameAs\":[\"http:\/\/www.celttv.com.ar\"]}]}<\/script>\n<!-- \/ Yoast SEO plugin. -->","yoast_head_json":{"title":"HCD.: Convocan a Sesi\u00f3n Preparatoria para el pr\u00f3ximo lunes - CELTTV","description":"Sitio web de noticias de la localidad de Tornquist, provincia de Buenos Aires, Rep\u00fablica Argentina. Contenido propio originado por periodistas de CELTTV, el canal de TV local de la Cooperativa El\u00e9ctrica de Tornquist. Turismo, Pol\u00edtica, Sociedad, Deporte, Cultura y todo el contenido de inter\u00e9s general que la gente del pueblo y la regi\u00f3n debe conocer.","robots":{"index":"index","follow":"follow","max-snippet":"max-snippet:-1","max-image-preview":"max-image-preview:large","max-video-preview":"max-video-preview:-1"},"canonical":"https:\/\/www.celttv.com.ar\/index.php\/2019\/12\/07\/hcd-convocan-a-sesion-preparatoria-para-el-proximo-lunes\/","og_locale":"es_ES","og_type":"article","og_title":"HCD.: Convocan a Sesi\u00f3n Preparatoria para el pr\u00f3ximo lunes - CELTTV","og_description":"Sitio web de noticias de la localidad de Tornquist, provincia de Buenos Aires, Rep\u00fablica Argentina. Contenido propio originado por periodistas de CELTTV, el canal de TV local de la Cooperativa El\u00e9ctrica de Tornquist. Turismo, Pol\u00edtica, Sociedad, Deporte, Cultura y todo el contenido de inter\u00e9s general que la gente del pueblo y la regi\u00f3n debe conocer.","og_url":"https:\/\/www.celttv.com.ar\/index.php\/2019\/12\/07\/hcd-convocan-a-sesion-preparatoria-para-el-proximo-lunes\/","og_site_name":"CELTTV","article_publisher":"https:\/\/www.facebook.com\/celtTV\/","article_published_time":"2019-12-07T00:23:23+00:00","og_image":[{"width":750,"height":430,"url":"https:\/\/www.celttv.com.ar\/wp-content\/uploads\/2019\/12\/HCD-FOTO-14.jpg","type":"image\/jpeg"}],"author":"ulises","twitter_card":"summary_large_image","twitter_misc":{"Escrito por":"ulises","Tiempo de lectura":"2 minutos"},"schema":{"@context":"https:\/\/schema.org","@graph":[{"@type":"NewsArticle","@id":"https:\/\/www.celttv.com.ar\/index.php\/2019\/12\/07\/hcd-convocan-a-sesion-preparatoria-para-el-proximo-lunes\/#article","isPartOf":{"@id":"https:\/\/www.celttv.com.ar\/index.php\/2019\/12\/07\/hcd-convocan-a-sesion-preparatoria-para-el-proximo-lunes\/"},"author":{"name":"ulises","@id":"https:\/\/www.celttv.com.ar\/#\/schema\/person\/6d99c072dba59953809c81446e9d0ace"},"headline":"HCD.: Convocan a Sesi\u00f3n Preparatoria para el pr\u00f3ximo lunes","datePublished":"2019-12-07T00:23:23+00:00","dateModified":"2019-12-07T00:23:23+00:00","mainEntityOfPage":{"@id":"https:\/\/www.celttv.com.ar\/index.php\/2019\/12\/07\/hcd-convocan-a-sesion-preparatoria-para-el-proximo-lunes\/"},"wordCount":320,"publisher":{"@id":"https:\/\/www.celttv.com.ar\/#organization"},"articleSection":["Destacadas"],"inLanguage":"es"},{"@type":"WebPage","@id":"https:\/\/www.celttv.com.ar\/index.php\/2019\/12\/07\/hcd-convocan-a-sesion-preparatoria-para-el-proximo-lunes\/","url":"https:\/\/www.celttv.com.ar\/index.php\/2019\/12\/07\/hcd-convocan-a-sesion-preparatoria-para-el-proximo-lunes\/","name":"HCD.: Convocan a Sesi\u00f3n Preparatoria para el pr\u00f3ximo lunes - CELTTV","isPartOf":{"@id":"https:\/\/www.celttv.com.ar\/#website"},"datePublished":"2019-12-07T00:23:23+00:00","dateModified":"2019-12-07T00:23:23+00:00","description":"Sitio web de noticias de la localidad de Tornquist, provincia de Buenos Aires, Rep\u00fablica Argentina. Contenido propio originado por periodistas de CELTTV, el canal de TV local de la Cooperativa El\u00e9ctrica de Tornquist. Turismo, Pol\u00edtica, Sociedad, Deporte, Cultura y todo el contenido de inter\u00e9s general que la gente del pueblo y la regi\u00f3n debe conocer.","breadcrumb":{"@id":"https:\/\/www.celttv.com.ar\/index.php\/2019\/12\/07\/hcd-convocan-a-sesion-preparatoria-para-el-proximo-lunes\/#breadcrumb"},"inLanguage":"es","potentialAction":[{"@type":"ReadAction","target":["https:\/\/www.celttv.com.ar\/index.php\/2019\/12\/07\/hcd-convocan-a-sesion-preparatoria-para-el-proximo-lunes\/"]}]},{"@type":"BreadcrumbList","@id":"https:\/\/www.celttv.com.ar\/index.php\/2019\/12\/07\/hcd-convocan-a-sesion-preparatoria-para-el-proximo-lunes\/#breadcrumb","itemListElement":[{"@type":"ListItem","position":1,"name":"Inicio","item":"https:\/\/www.celttv.com.ar\/"},{"@type":"ListItem","position":2,"name":"HCD.: Convocan a Sesi\u00f3n Preparatoria para el pr\u00f3ximo lunes"}]},{"@type":"WebSite","@id":"https:\/\/www.celttv.com.ar\/#website","url":"https:\/\/www.celttv.com.ar\/","name":"CELTTV","description":"Cooperativa El\u00e9ctrica de Tornquist","publisher":{"@id":"https:\/\/www.celttv.com.ar\/#organization"},"potentialAction":[{"@type":"SearchAction","target":{"@type":"EntryPoint","urlTemplate":"https:\/\/www.celttv.com.ar\/?s={search_term_string}"},"query-input":"required name=search_term_string"}],"inLanguage":"es"},{"@type":"Organization","@id":"https:\/\/www.celttv.com.ar\/#organization","name":"CELTTV","url":"https:\/\/www.celttv.com.ar\/","sameAs":["https:\/\/www.youtube.com\/channel\/UCz_oIt8Hig64Ub-EmcNPIhg","https:\/\/www.facebook.com\/celtTV\/"],"logo":{"@type":"ImageObject","inLanguage":"es","@id":"https:\/\/www.celttv.com.ar\/#\/schema\/logo\/image\/","url":"http:\/\/www.celttv.com.ar\/wp-content\/uploads\/2022\/08\/logo-1.png","contentUrl":"http:\/\/www.celttv.com.ar\/wp-content\/uploads\/2022\/08\/logo-1.png","width":461,"height":159,"caption":"CELTTV"},"image":{"@id":"https:\/\/www.celttv.com.ar\/#\/schema\/logo\/image\/"}},{"@type":"Person","@id":"https:\/\/www.celttv.com.ar\/#\/schema\/person\/6d99c072dba59953809c81446e9d0ace","name":"ulises","image":{"@type":"ImageObject","inLanguage":"es","@id":"https:\/\/www.celttv.com.ar\/#\/schema\/person\/image\/","url":"https:\/\/secure.gravatar.com\/avatar\/7f2c48bdc33b30088f941fb6082e555f2874c98e20cb159d7b92b50eadfce793?s=96&d=mm&r=g","contentUrl":"https:\/\/secure.gravatar.com\/avatar\/7f2c48bdc33b30088f941fb6082e555f2874c98e20cb159d7b92b50eadfce793?s=96&d=mm&r=g","caption":"ulises"},"sameAs":["http:\/\/www.celttv.com.ar"]}]}},"_links":{"self":[{"href":"https:\/\/www.celttv.com.ar\/index.php\/wp-json\/wp\/v2\/posts\/46001","targetHints":{"allow":["GET"]}}],"collection":[{"href":"https:\/\/www.celttv.com.ar\/index.php\/wp-json\/wp\/v2\/posts"}],"about":[{"href":"https:\/\/www.celttv.com.ar\/index.php\/wp-json\/wp\/v2\/types\/post"}],"author":[{"embeddable":true,"href":"https:\/\/www.celttv.com.ar\/index.php\/wp-json\/wp\/v2\/users\/1"}],"replies":[{"embeddable":true,"href":"https:\/\/www.celttv.com.ar\/index.php\/wp-json\/wp\/v2\/comments?post=46001"}],"version-history":[{"count":0,"href":"https:\/\/www.celttv.com.ar\/index.php\/wp-json\/wp\/v2\/posts\/46001\/revisions"}],"wp:featuredmedia":[{"embeddable":true,"href":"https:\/\/www.celttv.com.ar\/index.php\/wp-json\/wp\/v2\/media\/46002"}],"wp:attachment":[{"href":"https:\/\/www.celttv.com.ar\/index.php\/wp-json\/wp\/v2\/media?parent=46001"}],"wp:term":[{"taxonomy":"category","embeddable":true,"href":"https:\/\/www.celttv.com.ar\/index.php\/wp-json\/wp\/v2\/categories?post=46001"},{"taxonomy":"post_tag","embeddable":true,"href":"https:\/\/www.celttv.com.ar\/index.php\/wp-json\/wp\/v2\/tags?post=46001"}],"curies":[{"name":"wp","href":"https:\/\/api.w.org\/{rel}","templated":true}]}}