{"id":46311,"date":"2019-12-13T20:34:24","date_gmt":"2019-12-13T20:34:24","guid":{"rendered":"http:\/\/www.celttv.com.ar\/?p=46311"},"modified":"2019-12-13T20:34:24","modified_gmt":"2019-12-13T20:34:24","slug":"el-fuego-destruyo-vehiculos-de-rezago-y-un-deposito-de-madera-fotos-y-video-en-proceso","status":"publish","type":"post","link":"https:\/\/www.celttv.com.ar\/index.php\/2019\/12\/13\/el-fuego-destruyo-vehiculos-de-rezago-y-un-deposito-de-madera-fotos-y-video-en-proceso\/","title":{"rendered":"El fuego destruy\u00f3 veh\u00edculos de rezago y un dep\u00f3sito de madera ( fotos y video )"},"content":{"rendered":"<p>Varias dotaciones de los Bomberos Voluntarios de Tornquist concurrieron despu\u00e9s de las 14:30 hs. de \u00e9ste jueves a un incendio declarado detr\u00e1s de la Planta de Verificaci\u00f3n Policial donde el Municipio tenia depositado veh\u00edculos en desuso y varios palet de madera acopiados por la Municipalidad destinado al \u00e1rea de acci\u00f3n social.<\/p>\n<p>El fuerte viento y la combustibilidad de los elementos depositados en el lugar gener\u00f3 una densa humareda que en un primer momento gener\u00f3 la l\u00f3gica preocupaci\u00f3n del vecindario.<\/p>\n<p>Por el desarrollo de las llamas se presume que el foco \u00edgneo se inicio en el sector de dep\u00f3sito de la madera y el fuerte viento ayud\u00f3 para que de inmediado el fuego afecte a varios veh\u00edculos de rezago. El fuerte viento hizo que las llamas ganaron el campo vecino donde actualmente est\u00e1 instalada la cancha de rudby.<\/p>\n<p>Concurrieron seis dotaciones del Cuerpo de Bomberos local, compuesta de 24 efectivos al mando del segundo jefe Comandante Walter Becker.<\/p>\n<p>Particip\u00f3 de la seguridad y el corte de calles personal de la Polic\u00eda Comunal e inspectores municipales.<\/p>\n<p>Tambi\u00e9n se hicieron presentes el intendente municipal y miembros de su gabinete.<\/p>\n<p>&nbsp;<\/p>\n<div class=\"jeg_video_container jeg_video_content\"><iframe loading=\"lazy\" title=\"2019 12 13 INCENDIO PREDIO MUNICIPAL\" width=\"500\" height=\"281\" src=\"https:\/\/www.youtube.com\/embed\/k-9fpOYFNUQ?feature=oembed\" frameborder=\"0\" allow=\"accelerometer; autoplay; clipboard-write; encrypted-media; gyroscope; picture-in-picture; web-share\" referrerpolicy=\"strict-origin-when-cross-origin\" allowfullscreen><\/iframe><\/div>\n<p>&nbsp;<\/p>\n<p><a href=\"http:\/\/www.celttv.com.ar\/?attachment_id=46312\" rel=\"attachment wp-att-46312\"><img loading=\"lazy\" decoding=\"async\" class=\"alignleft size-full wp-image-46312\" src=\"http:\/\/www.celttv.com.ar\/wp-content\/uploads\/2019\/12\/IMG_20191213_163955491-Medium.jpg\" alt=\"\" width=\"1024\" height=\"768\" srcset=\"https:\/\/www.celttv.com.ar\/wp-content\/uploads\/2019\/12\/IMG_20191213_163955491-Medium.jpg 1024w, https:\/\/www.celttv.com.ar\/wp-content\/uploads\/2019\/12\/IMG_20191213_163955491-Medium-300x225.jpg 300w, https:\/\/www.celttv.com.ar\/wp-content\/uploads\/2019\/12\/IMG_20191213_163955491-Medium-768x576.jpg 768w, https:\/\/www.celttv.com.ar\/wp-content\/uploads\/2019\/12\/IMG_20191213_163955491-Medium-750x563.jpg 750w\" sizes=\"auto, (max-width: 1024px) 100vw, 1024px\" \/><\/a> <a href=\"http:\/\/www.celttv.com.ar\/?attachment_id=46313\" rel=\"attachment wp-att-46313\"><img loading=\"lazy\" decoding=\"async\" class=\"alignleft size-medium wp-image-46313\" src=\"http:\/\/www.celttv.com.ar\/wp-content\/uploads\/2019\/12\/IMG_20191213_164002626-Medium.jpg\" alt=\"\" width=\"780\" height=\"585\" srcset=\"https:\/\/www.celttv.com.ar\/wp-content\/uploads\/2019\/12\/IMG_20191213_164002626-Medium.jpg 1024w, https:\/\/www.celttv.com.ar\/wp-content\/uploads\/2019\/12\/IMG_20191213_164002626-Medium-300x225.jpg 300w, https:\/\/www.celttv.com.ar\/wp-content\/uploads\/2019\/12\/IMG_20191213_164002626-Medium-768x576.jpg 768w, https:\/\/www.celttv.com.ar\/wp-content\/uploads\/2019\/12\/IMG_20191213_164002626-Medium-750x563.jpg 750w\" sizes=\"auto, (max-width: 780px) 100vw, 780px\" \/><\/a> <a href=\"http:\/\/www.celttv.com.ar\/?attachment_id=46314\" rel=\"attachment wp-att-46314\"><img loading=\"lazy\" decoding=\"async\" class=\"alignleft size-medium wp-image-46314\" src=\"http:\/\/www.celttv.com.ar\/wp-content\/uploads\/2019\/12\/IMG_20191213_164010805-Medium.jpg\" alt=\"\" width=\"780\" height=\"585\" srcset=\"https:\/\/www.celttv.com.ar\/wp-content\/uploads\/2019\/12\/IMG_20191213_164010805-Medium.jpg 1024w, https:\/\/www.celttv.com.ar\/wp-content\/uploads\/2019\/12\/IMG_20191213_164010805-Medium-300x225.jpg 300w, https:\/\/www.celttv.com.ar\/wp-content\/uploads\/2019\/12\/IMG_20191213_164010805-Medium-768x576.jpg 768w, https:\/\/www.celttv.com.ar\/wp-content\/uploads\/2019\/12\/IMG_20191213_164010805-Medium-750x563.jpg 750w\" sizes=\"auto, (max-width: 780px) 100vw, 780px\" \/><\/a> <a href=\"http:\/\/www.celttv.com.ar\/?attachment_id=46315\" rel=\"attachment wp-att-46315\"><img loading=\"lazy\" decoding=\"async\" class=\"alignleft size-medium wp-image-46315\" src=\"http:\/\/www.celttv.com.ar\/wp-content\/uploads\/2019\/12\/IMG_20191213_164217961-Medium.jpg\" alt=\"\" width=\"780\" height=\"585\" srcset=\"https:\/\/www.celttv.com.ar\/wp-content\/uploads\/2019\/12\/IMG_20191213_164217961-Medium.jpg 1024w, https:\/\/www.celttv.com.ar\/wp-content\/uploads\/2019\/12\/IMG_20191213_164217961-Medium-300x225.jpg 300w, https:\/\/www.celttv.com.ar\/wp-content\/uploads\/2019\/12\/IMG_20191213_164217961-Medium-768x576.jpg 768w, https:\/\/www.celttv.com.ar\/wp-content\/uploads\/2019\/12\/IMG_20191213_164217961-Medium-750x563.jpg 750w\" sizes=\"auto, (max-width: 780px) 100vw, 780px\" \/><\/a> <a href=\"http:\/\/www.celttv.com.ar\/?attachment_id=46316\" rel=\"attachment wp-att-46316\"><img loading=\"lazy\" decoding=\"async\" class=\"alignleft size-medium wp-image-46316\" src=\"http:\/\/www.celttv.com.ar\/wp-content\/uploads\/2019\/12\/IMG_20191213_164649957-Medium.jpg\" alt=\"\" width=\"780\" height=\"585\" srcset=\"https:\/\/www.celttv.com.ar\/wp-content\/uploads\/2019\/12\/IMG_20191213_164649957-Medium.jpg 1024w, https:\/\/www.celttv.com.ar\/wp-content\/uploads\/2019\/12\/IMG_20191213_164649957-Medium-300x225.jpg 300w, https:\/\/www.celttv.com.ar\/wp-content\/uploads\/2019\/12\/IMG_20191213_164649957-Medium-768x576.jpg 768w, https:\/\/www.celttv.com.ar\/wp-content\/uploads\/2019\/12\/IMG_20191213_164649957-Medium-750x563.jpg 750w\" sizes=\"auto, (max-width: 780px) 100vw, 780px\" \/><\/a> <a href=\"http:\/\/www.celttv.com.ar\/?attachment_id=46317\" rel=\"attachment wp-att-46317\"><img loading=\"lazy\" decoding=\"async\" class=\"alignleft size-medium wp-image-46317\" src=\"http:\/\/www.celttv.com.ar\/wp-content\/uploads\/2019\/12\/IMG_20191213_164655578-Medium.jpg\" alt=\"\" width=\"780\" height=\"585\" srcset=\"https:\/\/www.celttv.com.ar\/wp-content\/uploads\/2019\/12\/IMG_20191213_164655578-Medium.jpg 1024w, https:\/\/www.celttv.com.ar\/wp-content\/uploads\/2019\/12\/IMG_20191213_164655578-Medium-300x225.jpg 300w, https:\/\/www.celttv.com.ar\/wp-content\/uploads\/2019\/12\/IMG_20191213_164655578-Medium-768x576.jpg 768w, https:\/\/www.celttv.com.ar\/wp-content\/uploads\/2019\/12\/IMG_20191213_164655578-Medium-750x563.jpg 750w\" sizes=\"auto, (max-width: 780px) 100vw, 780px\" \/><\/a> <a href=\"http:\/\/www.celttv.com.ar\/?attachment_id=46318\" rel=\"attachment wp-att-46318\"><img loading=\"lazy\" decoding=\"async\" class=\"alignleft size-medium wp-image-46318\" src=\"http:\/\/www.celttv.com.ar\/wp-content\/uploads\/2019\/12\/IMG_20191213_164708767-Medium.jpg\" alt=\"\" width=\"780\" height=\"585\" srcset=\"https:\/\/www.celttv.com.ar\/wp-content\/uploads\/2019\/12\/IMG_20191213_164708767-Medium.jpg 1024w, https:\/\/www.celttv.com.ar\/wp-content\/uploads\/2019\/12\/IMG_20191213_164708767-Medium-300x225.jpg 300w, https:\/\/www.celttv.com.ar\/wp-content\/uploads\/2019\/12\/IMG_20191213_164708767-Medium-768x576.jpg 768w, https:\/\/www.celttv.com.ar\/wp-content\/uploads\/2019\/12\/IMG_20191213_164708767-Medium-750x563.jpg 750w\" sizes=\"auto, (max-width: 780px) 100vw, 780px\" \/><\/a><\/p>\n","protected":false},"excerpt":{"rendered":"<p>Varias dotaciones de los Bomberos Voluntarios de Tornquist concurrieron despu\u00e9s de las 14:30 hs. de \u00e9ste jueves a un incendio declarado detr\u00e1s de la Planta de Verificaci\u00f3n Policial donde el Municipio tenia depositado veh\u00edculos en desuso y varios palet de madera acopiados por la Municipalidad destinado al \u00e1rea de acci\u00f3n social. El fuerte viento y [&hellip;]<\/p>\n","protected":false},"author":1,"featured_media":46315,"comment_status":"closed","ping_status":"open","sticky":false,"template":"","format":"standard","meta":{"footnotes":""},"categories":[51,52],"tags":[],"class_list":["post-46311","post","type-post","status-publish","format-standard","has-post-thumbnail","hentry","category-comunidad","category-destacadas"],"yoast_head":"<!-- This site is optimized with the Yoast SEO plugin v19.7.1 - https:\/\/yoast.com\/wordpress\/plugins\/seo\/ -->\n<title>El fuego destruy\u00f3 veh\u00edculos de rezago y un dep\u00f3sito de madera ( fotos y video ) - CELTTV<\/title>\n<meta name=\"description\" content=\"Sitio web de noticias de la localidad de Tornquist, provincia de Buenos Aires, Rep\u00fablica Argentina. Contenido propio originado por periodistas de CELTTV, el canal de TV local de la Cooperativa El\u00e9ctrica de Tornquist. Turismo, Pol\u00edtica, Sociedad, Deporte, Cultura y todo el contenido de inter\u00e9s general que la gente del pueblo y la regi\u00f3n debe conocer.\" \/>\n<meta name=\"robots\" content=\"index, follow, max-snippet:-1, max-image-preview:large, max-video-preview:-1\" \/>\n<link rel=\"canonical\" href=\"https:\/\/www.celttv.com.ar\/index.php\/2019\/12\/13\/el-fuego-destruyo-vehiculos-de-rezago-y-un-deposito-de-madera-fotos-y-video-en-proceso\/\" \/>\n<meta property=\"og:locale\" content=\"es_ES\" \/>\n<meta property=\"og:type\" content=\"article\" \/>\n<meta property=\"og:title\" content=\"El fuego destruy\u00f3 veh\u00edculos de rezago y un dep\u00f3sito de madera ( fotos y video ) - CELTTV\" \/>\n<meta property=\"og:description\" content=\"Sitio web de noticias de la localidad de Tornquist, provincia de Buenos Aires, Rep\u00fablica Argentina. Contenido propio originado por periodistas de CELTTV, el canal de TV local de la Cooperativa El\u00e9ctrica de Tornquist. Turismo, Pol\u00edtica, Sociedad, Deporte, Cultura y todo el contenido de inter\u00e9s general que la gente del pueblo y la regi\u00f3n debe conocer.\" \/>\n<meta property=\"og:url\" content=\"https:\/\/www.celttv.com.ar\/index.php\/2019\/12\/13\/el-fuego-destruyo-vehiculos-de-rezago-y-un-deposito-de-madera-fotos-y-video-en-proceso\/\" \/>\n<meta property=\"og:site_name\" content=\"CELTTV\" \/>\n<meta property=\"article:publisher\" content=\"https:\/\/www.facebook.com\/celtTV\/\" \/>\n<meta property=\"article:published_time\" content=\"2019-12-13T20:34:24+00:00\" \/>\n<meta property=\"og:image\" content=\"https:\/\/www.celttv.com.ar\/wp-content\/uploads\/2019\/12\/IMG_20191213_164217961-Medium.jpg\" \/>\n\t<meta property=\"og:image:width\" content=\"1024\" \/>\n\t<meta property=\"og:image:height\" content=\"768\" \/>\n\t<meta property=\"og:image:type\" content=\"image\/jpeg\" \/>\n<meta name=\"author\" content=\"ulises\" \/>\n<meta name=\"twitter:card\" content=\"summary_large_image\" \/>\n<meta name=\"twitter:label1\" content=\"Escrito por\" \/>\n\t<meta name=\"twitter:data1\" content=\"ulises\" \/>\n\t<meta name=\"twitter:label2\" content=\"Tiempo de lectura\" \/>\n\t<meta name=\"twitter:data2\" content=\"1 minuto\" \/>\n<script type=\"application\/ld+json\" class=\"yoast-schema-graph\">{\"@context\":\"https:\/\/schema.org\",\"@graph\":[{\"@type\":\"NewsArticle\",\"@id\":\"https:\/\/www.celttv.com.ar\/index.php\/2019\/12\/13\/el-fuego-destruyo-vehiculos-de-rezago-y-un-deposito-de-madera-fotos-y-video-en-proceso\/#article\",\"isPartOf\":{\"@id\":\"https:\/\/www.celttv.com.ar\/index.php\/2019\/12\/13\/el-fuego-destruyo-vehiculos-de-rezago-y-un-deposito-de-madera-fotos-y-video-en-proceso\/\"},\"author\":{\"name\":\"ulises\",\"@id\":\"https:\/\/www.celttv.com.ar\/#\/schema\/person\/6d99c072dba59953809c81446e9d0ace\"},\"headline\":\"El fuego destruy\u00f3 veh\u00edculos de rezago y un dep\u00f3sito de madera ( fotos y video )\",\"datePublished\":\"2019-12-13T20:34:24+00:00\",\"dateModified\":\"2019-12-13T20:34:24+00:00\",\"mainEntityOfPage\":{\"@id\":\"https:\/\/www.celttv.com.ar\/index.php\/2019\/12\/13\/el-fuego-destruyo-vehiculos-de-rezago-y-un-deposito-de-madera-fotos-y-video-en-proceso\/\"},\"wordCount\":221,\"publisher\":{\"@id\":\"https:\/\/www.celttv.com.ar\/#organization\"},\"articleSection\":[\"Comunidad\",\"Destacadas\"],\"inLanguage\":\"es\"},{\"@type\":\"WebPage\",\"@id\":\"https:\/\/www.celttv.com.ar\/index.php\/2019\/12\/13\/el-fuego-destruyo-vehiculos-de-rezago-y-un-deposito-de-madera-fotos-y-video-en-proceso\/\",\"url\":\"https:\/\/www.celttv.com.ar\/index.php\/2019\/12\/13\/el-fuego-destruyo-vehiculos-de-rezago-y-un-deposito-de-madera-fotos-y-video-en-proceso\/\",\"name\":\"El fuego destruy\u00f3 veh\u00edculos de rezago y un dep\u00f3sito de madera ( fotos y video ) - CELTTV\",\"isPartOf\":{\"@id\":\"https:\/\/www.celttv.com.ar\/#website\"},\"datePublished\":\"2019-12-13T20:34:24+00:00\",\"dateModified\":\"2019-12-13T20:34:24+00:00\",\"description\":\"Sitio web de noticias de la localidad de Tornquist, provincia de Buenos Aires, Rep\u00fablica Argentina. Contenido propio originado por periodistas de CELTTV, el canal de TV local de la Cooperativa El\u00e9ctrica de Tornquist. Turismo, Pol\u00edtica, Sociedad, Deporte, Cultura y todo el contenido de inter\u00e9s general que la gente del pueblo y la regi\u00f3n debe conocer.\",\"breadcrumb\":{\"@id\":\"https:\/\/www.celttv.com.ar\/index.php\/2019\/12\/13\/el-fuego-destruyo-vehiculos-de-rezago-y-un-deposito-de-madera-fotos-y-video-en-proceso\/#breadcrumb\"},\"inLanguage\":\"es\",\"potentialAction\":[{\"@type\":\"ReadAction\",\"target\":[\"https:\/\/www.celttv.com.ar\/index.php\/2019\/12\/13\/el-fuego-destruyo-vehiculos-de-rezago-y-un-deposito-de-madera-fotos-y-video-en-proceso\/\"]}]},{\"@type\":\"BreadcrumbList\",\"@id\":\"https:\/\/www.celttv.com.ar\/index.php\/2019\/12\/13\/el-fuego-destruyo-vehiculos-de-rezago-y-un-deposito-de-madera-fotos-y-video-en-proceso\/#breadcrumb\",\"itemListElement\":[{\"@type\":\"ListItem\",\"position\":1,\"name\":\"Inicio\",\"item\":\"https:\/\/www.celttv.com.ar\/\"},{\"@type\":\"ListItem\",\"position\":2,\"name\":\"El fuego destruy\u00f3 veh\u00edculos de rezago y un dep\u00f3sito de madera ( fotos y video )\"}]},{\"@type\":\"WebSite\",\"@id\":\"https:\/\/www.celttv.com.ar\/#website\",\"url\":\"https:\/\/www.celttv.com.ar\/\",\"name\":\"CELTTV\",\"description\":\"Cooperativa El\u00e9ctrica de Tornquist\",\"publisher\":{\"@id\":\"https:\/\/www.celttv.com.ar\/#organization\"},\"potentialAction\":[{\"@type\":\"SearchAction\",\"target\":{\"@type\":\"EntryPoint\",\"urlTemplate\":\"https:\/\/www.celttv.com.ar\/?s={search_term_string}\"},\"query-input\":\"required name=search_term_string\"}],\"inLanguage\":\"es\"},{\"@type\":\"Organization\",\"@id\":\"https:\/\/www.celttv.com.ar\/#organization\",\"name\":\"CELTTV\",\"url\":\"https:\/\/www.celttv.com.ar\/\",\"sameAs\":[\"https:\/\/www.youtube.com\/channel\/UCz_oIt8Hig64Ub-EmcNPIhg\",\"https:\/\/www.facebook.com\/celtTV\/\"],\"logo\":{\"@type\":\"ImageObject\",\"inLanguage\":\"es\",\"@id\":\"https:\/\/www.celttv.com.ar\/#\/schema\/logo\/image\/\",\"url\":\"http:\/\/www.celttv.com.ar\/wp-content\/uploads\/2022\/08\/logo-1.png\",\"contentUrl\":\"http:\/\/www.celttv.com.ar\/wp-content\/uploads\/2022\/08\/logo-1.png\",\"width\":461,\"height\":159,\"caption\":\"CELTTV\"},\"image\":{\"@id\":\"https:\/\/www.celttv.com.ar\/#\/schema\/logo\/image\/\"}},{\"@type\":\"Person\",\"@id\":\"https:\/\/www.celttv.com.ar\/#\/schema\/person\/6d99c072dba59953809c81446e9d0ace\",\"name\":\"ulises\",\"image\":{\"@type\":\"ImageObject\",\"inLanguage\":\"es\",\"@id\":\"https:\/\/www.celttv.com.ar\/#\/schema\/person\/image\/\",\"url\":\"https:\/\/secure.gravatar.com\/avatar\/7f2c48bdc33b30088f941fb6082e555f2874c98e20cb159d7b92b50eadfce793?s=96&d=mm&r=g\",\"contentUrl\":\"https:\/\/secure.gravatar.com\/avatar\/7f2c48bdc33b30088f941fb6082e555f2874c98e20cb159d7b92b50eadfce793?s=96&d=mm&r=g\",\"caption\":\"ulises\"},\"sameAs\":[\"http:\/\/www.celttv.com.ar\"]}]}<\/script>\n<!-- \/ Yoast SEO plugin. -->","yoast_head_json":{"title":"El fuego destruy\u00f3 veh\u00edculos de rezago y un dep\u00f3sito de madera ( fotos y video ) - CELTTV","description":"Sitio web de noticias de la localidad de Tornquist, provincia de Buenos Aires, Rep\u00fablica Argentina. Contenido propio originado por periodistas de CELTTV, el canal de TV local de la Cooperativa El\u00e9ctrica de Tornquist. Turismo, Pol\u00edtica, Sociedad, Deporte, Cultura y todo el contenido de inter\u00e9s general que la gente del pueblo y la regi\u00f3n debe conocer.","robots":{"index":"index","follow":"follow","max-snippet":"max-snippet:-1","max-image-preview":"max-image-preview:large","max-video-preview":"max-video-preview:-1"},"canonical":"https:\/\/www.celttv.com.ar\/index.php\/2019\/12\/13\/el-fuego-destruyo-vehiculos-de-rezago-y-un-deposito-de-madera-fotos-y-video-en-proceso\/","og_locale":"es_ES","og_type":"article","og_title":"El fuego destruy\u00f3 veh\u00edculos de rezago y un dep\u00f3sito de madera ( fotos y video ) - CELTTV","og_description":"Sitio web de noticias de la localidad de Tornquist, provincia de Buenos Aires, Rep\u00fablica Argentina. Contenido propio originado por periodistas de CELTTV, el canal de TV local de la Cooperativa El\u00e9ctrica de Tornquist. Turismo, Pol\u00edtica, Sociedad, Deporte, Cultura y todo el contenido de inter\u00e9s general que la gente del pueblo y la regi\u00f3n debe conocer.","og_url":"https:\/\/www.celttv.com.ar\/index.php\/2019\/12\/13\/el-fuego-destruyo-vehiculos-de-rezago-y-un-deposito-de-madera-fotos-y-video-en-proceso\/","og_site_name":"CELTTV","article_publisher":"https:\/\/www.facebook.com\/celtTV\/","article_published_time":"2019-12-13T20:34:24+00:00","og_image":[{"width":1024,"height":768,"url":"https:\/\/www.celttv.com.ar\/wp-content\/uploads\/2019\/12\/IMG_20191213_164217961-Medium.jpg","type":"image\/jpeg"}],"author":"ulises","twitter_card":"summary_large_image","twitter_misc":{"Escrito por":"ulises","Tiempo de lectura":"1 minuto"},"schema":{"@context":"https:\/\/schema.org","@graph":[{"@type":"NewsArticle","@id":"https:\/\/www.celttv.com.ar\/index.php\/2019\/12\/13\/el-fuego-destruyo-vehiculos-de-rezago-y-un-deposito-de-madera-fotos-y-video-en-proceso\/#article","isPartOf":{"@id":"https:\/\/www.celttv.com.ar\/index.php\/2019\/12\/13\/el-fuego-destruyo-vehiculos-de-rezago-y-un-deposito-de-madera-fotos-y-video-en-proceso\/"},"author":{"name":"ulises","@id":"https:\/\/www.celttv.com.ar\/#\/schema\/person\/6d99c072dba59953809c81446e9d0ace"},"headline":"El fuego destruy\u00f3 veh\u00edculos de rezago y un dep\u00f3sito de madera ( fotos y video )","datePublished":"2019-12-13T20:34:24+00:00","dateModified":"2019-12-13T20:34:24+00:00","mainEntityOfPage":{"@id":"https:\/\/www.celttv.com.ar\/index.php\/2019\/12\/13\/el-fuego-destruyo-vehiculos-de-rezago-y-un-deposito-de-madera-fotos-y-video-en-proceso\/"},"wordCount":221,"publisher":{"@id":"https:\/\/www.celttv.com.ar\/#organization"},"articleSection":["Comunidad","Destacadas"],"inLanguage":"es"},{"@type":"WebPage","@id":"https:\/\/www.celttv.com.ar\/index.php\/2019\/12\/13\/el-fuego-destruyo-vehiculos-de-rezago-y-un-deposito-de-madera-fotos-y-video-en-proceso\/","url":"https:\/\/www.celttv.com.ar\/index.php\/2019\/12\/13\/el-fuego-destruyo-vehiculos-de-rezago-y-un-deposito-de-madera-fotos-y-video-en-proceso\/","name":"El fuego destruy\u00f3 veh\u00edculos de rezago y un dep\u00f3sito de madera ( fotos y video ) - CELTTV","isPartOf":{"@id":"https:\/\/www.celttv.com.ar\/#website"},"datePublished":"2019-12-13T20:34:24+00:00","dateModified":"2019-12-13T20:34:24+00:00","description":"Sitio web de noticias de la localidad de Tornquist, provincia de Buenos Aires, Rep\u00fablica Argentina. Contenido propio originado por periodistas de CELTTV, el canal de TV local de la Cooperativa El\u00e9ctrica de Tornquist. Turismo, Pol\u00edtica, Sociedad, Deporte, Cultura y todo el contenido de inter\u00e9s general que la gente del pueblo y la regi\u00f3n debe conocer.","breadcrumb":{"@id":"https:\/\/www.celttv.com.ar\/index.php\/2019\/12\/13\/el-fuego-destruyo-vehiculos-de-rezago-y-un-deposito-de-madera-fotos-y-video-en-proceso\/#breadcrumb"},"inLanguage":"es","potentialAction":[{"@type":"ReadAction","target":["https:\/\/www.celttv.com.ar\/index.php\/2019\/12\/13\/el-fuego-destruyo-vehiculos-de-rezago-y-un-deposito-de-madera-fotos-y-video-en-proceso\/"]}]},{"@type":"BreadcrumbList","@id":"https:\/\/www.celttv.com.ar\/index.php\/2019\/12\/13\/el-fuego-destruyo-vehiculos-de-rezago-y-un-deposito-de-madera-fotos-y-video-en-proceso\/#breadcrumb","itemListElement":[{"@type":"ListItem","position":1,"name":"Inicio","item":"https:\/\/www.celttv.com.ar\/"},{"@type":"ListItem","position":2,"name":"El fuego destruy\u00f3 veh\u00edculos de rezago y un dep\u00f3sito de madera ( fotos y video )"}]},{"@type":"WebSite","@id":"https:\/\/www.celttv.com.ar\/#website","url":"https:\/\/www.celttv.com.ar\/","name":"CELTTV","description":"Cooperativa El\u00e9ctrica de Tornquist","publisher":{"@id":"https:\/\/www.celttv.com.ar\/#organization"},"potentialAction":[{"@type":"SearchAction","target":{"@type":"EntryPoint","urlTemplate":"https:\/\/www.celttv.com.ar\/?s={search_term_string}"},"query-input":"required name=search_term_string"}],"inLanguage":"es"},{"@type":"Organization","@id":"https:\/\/www.celttv.com.ar\/#organization","name":"CELTTV","url":"https:\/\/www.celttv.com.ar\/","sameAs":["https:\/\/www.youtube.com\/channel\/UCz_oIt8Hig64Ub-EmcNPIhg","https:\/\/www.facebook.com\/celtTV\/"],"logo":{"@type":"ImageObject","inLanguage":"es","@id":"https:\/\/www.celttv.com.ar\/#\/schema\/logo\/image\/","url":"http:\/\/www.celttv.com.ar\/wp-content\/uploads\/2022\/08\/logo-1.png","contentUrl":"http:\/\/www.celttv.com.ar\/wp-content\/uploads\/2022\/08\/logo-1.png","width":461,"height":159,"caption":"CELTTV"},"image":{"@id":"https:\/\/www.celttv.com.ar\/#\/schema\/logo\/image\/"}},{"@type":"Person","@id":"https:\/\/www.celttv.com.ar\/#\/schema\/person\/6d99c072dba59953809c81446e9d0ace","name":"ulises","image":{"@type":"ImageObject","inLanguage":"es","@id":"https:\/\/www.celttv.com.ar\/#\/schema\/person\/image\/","url":"https:\/\/secure.gravatar.com\/avatar\/7f2c48bdc33b30088f941fb6082e555f2874c98e20cb159d7b92b50eadfce793?s=96&d=mm&r=g","contentUrl":"https:\/\/secure.gravatar.com\/avatar\/7f2c48bdc33b30088f941fb6082e555f2874c98e20cb159d7b92b50eadfce793?s=96&d=mm&r=g","caption":"ulises"},"sameAs":["http:\/\/www.celttv.com.ar"]}]}},"_links":{"self":[{"href":"https:\/\/www.celttv.com.ar\/index.php\/wp-json\/wp\/v2\/posts\/46311","targetHints":{"allow":["GET"]}}],"collection":[{"href":"https:\/\/www.celttv.com.ar\/index.php\/wp-json\/wp\/v2\/posts"}],"about":[{"href":"https:\/\/www.celttv.com.ar\/index.php\/wp-json\/wp\/v2\/types\/post"}],"author":[{"embeddable":true,"href":"https:\/\/www.celttv.com.ar\/index.php\/wp-json\/wp\/v2\/users\/1"}],"replies":[{"embeddable":true,"href":"https:\/\/www.celttv.com.ar\/index.php\/wp-json\/wp\/v2\/comments?post=46311"}],"version-history":[{"count":0,"href":"https:\/\/www.celttv.com.ar\/index.php\/wp-json\/wp\/v2\/posts\/46311\/revisions"}],"wp:featuredmedia":[{"embeddable":true,"href":"https:\/\/www.celttv.com.ar\/index.php\/wp-json\/wp\/v2\/media\/46315"}],"wp:attachment":[{"href":"https:\/\/www.celttv.com.ar\/index.php\/wp-json\/wp\/v2\/media?parent=46311"}],"wp:term":[{"taxonomy":"category","embeddable":true,"href":"https:\/\/www.celttv.com.ar\/index.php\/wp-json\/wp\/v2\/categories?post=46311"},{"taxonomy":"post_tag","embeddable":true,"href":"https:\/\/www.celttv.com.ar\/index.php\/wp-json\/wp\/v2\/tags?post=46311"}],"curies":[{"name":"wp","href":"https:\/\/api.w.org\/{rel}","templated":true}]}}