{"id":46346,"date":"2019-12-16T13:08:01","date_gmt":"2019-12-16T13:08:01","guid":{"rendered":"http:\/\/www.celttv.com.ar\/?p=46346"},"modified":"2019-12-16T13:08:01","modified_gmt":"2019-12-16T13:08:01","slug":"se-realizo-la-ultima-jornada-hipica-del-2019","status":"publish","type":"post","link":"https:\/\/www.celttv.com.ar\/index.php\/2019\/12\/16\/se-realizo-la-ultima-jornada-hipica-del-2019\/","title":{"rendered":"Se realiz\u00f3 la \u00faltima jornada h\u00edpica del 2019 (Nota)"},"content":{"rendered":"<div class=\"adelanto\">\n<p>La prueba central fue ganada por el caballo de Coronel Suarez. Su propietario le dedic\u00f3 el triunfo al organizador recientemente fallecido. Su familia estuvo presente en un momento emotivo. Se corrieron 16 carreras y volver\u00e1 el 8 de Marzo de 2020.<\/p>\n<\/div>\n<div class=\"text\">\n<p>Tornquist, vivi\u00f3 este domingo una interminable jornada h\u00edpica que tuvo el r\u00e9cord de 17 carreras en programa y con la disputa de 16, en la pista hist\u00f3rica del Club H\u00edpico y Social \u201cLas Sierras\u201d, esta vez con la organizaci\u00f3n de Mario Siri de Coronel Pringles.<\/p>\n<p>La reuni\u00f3n a la que asistieron unas 800 personas sirvi\u00f3 para cerrar el a\u00f1o y pensar en el 8 de marzo de 2020 cuando vuelva la tradicional Polla de Potrillos de la recta serrana. Hubo 5 triunfos de Tornquist.<\/p>\n<p>La temperatura marc\u00f3 32\u00ba y el d\u00eda estuvo a pleno con alguna llovizna sobre el atardecer. En lo que respecta a las carreras en s\u00ed un momento muy emotivo se llev\u00f3 a cabo en el cierre del programa al disputarse el Premio C\u00e9sar \u201cFlaco\u201d Oteiza, en honor al ex organizador de Tornquist fallecido recientemente.<\/p>\n<p>La comisi\u00f3n directiva encabezada por el Dr. Rub\u00e9n Braun, Omar Vittori y Omar Arrieta hicieron entrega de una plaqueta recordatoria a su familia. Ah\u00ed estuvieron Nery Gisler y sus hermanos Adri\u00e1n y Triana Oteiza. Entre l\u00e1grimas el propio Adri\u00e1n luego entreg\u00f3 la copa al ganador de la Prueba Don Latigo de Coronel Suarez. Su propietario le dedic\u00f3 en un solo grito la carrera al ex organizador. \u201cVine por \u00e9l\u201d dijo y siemrpe lo recordar\u00e9. Quer\u00eda ganar esta carrera\u201d manifest\u00f3 emocionado.<\/p>\n<p>Con respecto a la prueba hizo una muy buena carrera el pupilo de Otegui para venecer por medio cuerpo al tordillo Que Paisano de Huanguelen. El local Austral se ubic\u00f3 tercero a un cuerpo y medio del ganador y cerr\u00f3 el listado Tortugon desconectado del resto. Devolvi\u00f3 a ganador $ 4 y lo llevo a la victoria Guillermo Calvente.<\/p>\n<p>El especial de precoces fue la \u00fanica carrera que no se corri\u00f3. En la s\u00e9ptima carrera un inconveniente con la electricidad hizo que el fotochart no saliera. Los rayeros dieron ganador al 2 Mabelita sobre el 5 Gran Saquita de Tornquist. Pese al reclamo de sus allegados el fallo emitido fue de cabeza.<\/p>\n<p>Resultados<\/p>\n<p>Primera 650 1- GRAN CHAVALA(Estevez) Villa Iris 2-Catita\/C.Suarez 3-Rusita\/Libano. Corrieron tambi\u00e9n fuera de foto: Berebele\/C.Pringles y Marilin\/C.Pringles. Borrado:Esp\u00e1tula. Fallo: 1 \u00bd y 7 cuerpos. Jockey: Luis Rueda. Sport$ 7.<\/p>\n<p>Segunda: 650 1- CANABIS(Torres) Tornquist 2- No me Espantan\/Salldiquelo 3-Risk Lees\/Lamadrid\u00a0 Fallo: 6 cuerpos,Cabeza y 3 cpos. Jockey: Jose Luis Puente. Sport: 2<\/p>\n<p>Tercera 600\u00a0 1- BENICIO(Acu\u00f1a) Tornquist 2- Veterana\/Villa Iris 3- Lucky Sunday\/Olavarria- Tambi\u00e9 corrieron: Transportista y Mumu. Borrados:Comadreja y Chamuyo. Fallo: Pescuezo y 5 cpos. Jockey: Luis Jose Luis Puente. Sport $ 6<\/p>\n<p>Cuarta 600\u00a0 1- PUPILA(Tunesi) Bah\u00eda Blanca 2- Sin Verg\u00fcenza\/Puan 3- Tomas\/B.Blanca 4-Pata Achada\/Huanguelen. Borrados: Gringa y Juan Sin Ropa. Fallo: 5 cuerpos y 1 cpo. Jockey: Luis Rueda. Sport $ 6<\/p>\n<p>Quinta 350\u00a0 1- CICATRIZ(Pesi\u00f1a) Bahia Blanca 2- Barraquero\/Cabildo 3- La Liebre\/C.Pringles 4- Medallita\/C.Pringles 5-Tan Chismoso\/C.Pringles 6- Despreciada\/Tornquist U- La Pili(Bahia Blanca). Borrados: Santo,Luchi Holt y Bandido. Fallo:\u00a0 \u00be cpo y 1 cpo, 1 cpo,1 11\/2 y \u00be cpo. Jockey: Lucas Garay. Sport: $ 5<\/p>\n<p>Sexta 650 1- AMIGAZO(Mengui) Tornquist 2- Guille\/C.Pringles 3-Euro\/Tornquist 4- Angelito\/Carhue 5- Dominguero\/Carhue U- Don Prudencio\/Tornquist(No Largo). Corrieron Todos. Fallo: 2 cpos y 3 \u00bd .Jockey:\u00a0\u00a0\u00a0\u00a0 Sport $ 2<\/p>\n<p>S\u00e9ptima 650\u00a0 1- MABELITA(Villareta) Salliquel\u00f3 2- Gran saquita\/Tornquist. Borrado: Don Barcino. En esta competencia hubo un baj\u00f3n de energ\u00eda el\u00e9ctrica y no qued\u00f3 registrado el fotochart de la misma. Los rayeros vieron ganador a Mabelita de Saliquel\u00f3. Prueba ganada por cabeza.Jockey: Nicol\u00e1s Villarreta.Sport $ 3<\/p>\n<p>Octava 500 1- SOY CHIROLITA(Juarez) General Lamadrid 2- Do\u00f1a Rosa\/Tornquist 3- Indio\/Puan. 4- Bandida\/Tornquist. Tambien estuvieron: Panadera,Rusito,Memoriosa y Topolino. . Fallo: 2 cuerpos y \u00bd cabeza Jockey: Hugo Alegre Sport $ 5.<\/p>\n<p>Novena 400 1- DON COCO(Santa) Tornquist 2-Galan \/Tornquist U- Chanchito\/C.Pringles. Borrados: Buena Sarmiento y Coqueta. Fallo: Varios Cuerpos.Jockey: Jorge Barroso. Sport $ 1,50<\/p>\n<p>D\u00e9cima 600 Debutantes 1- CHARLY KNOCK Salerno\/Saldungaray 2- Furtivo Embarullado \/ C. Suarez. 3- La Galguera\/Macachin 4-Catriel\/ Bonifacio 5- Galenza\/Tornquist. Completaron Flor de Noche y Aclara La Vuelta.\u00a0 \u00a0Jockey: Lucas Garay. Borrados: La Pety, La Suarense y Zorrito. Fallo: 1 1 \/2. Sport $ 2<\/p>\n<p>Und\u00e9cima 400 1- GRAN PEQUE Quiroga\/Gral Acha 2- Brujita\/Pigue 3- Viento Norte\/ Bahia Blanca U- Linyera\/C.Pringles. Borrado: Princesita. Fallo: Cabeza. Jockey: Martin Gonzalez. Sport $ 1,50<\/p>\n<p>Ducod\u00e9cima 500 1- ASOCIADA(Torres) Tornquist 2- So\u00f1ador\/Tres Lomas 3- Victoria\/Felipe Sola 4- Ree Pinton\/Pigue 5-Don Pascual 6-Garufero Soy\/Olavarria U-Camionero\/Tornquist. Fallo: 2, 1 \u00bd ,1cpo. Jockey: Jose Luis Puente. Sport $ 3<\/p>\n<p>Decimotercera 500 1- SE\u00d1OR(CArdozo) Carhue 2- Mu\u00f1eco\/Tornquist 3- Mois\u00e9s\/Medanos U-Plata Falsa\/Saldungaray. Borrados Fly Copero y Lucky Sheiner.Fallo: 5 cuerpos y 1 cpo.Jockey: Tin Palma. Sport $ 3.<\/p>\n<p>Decimocuarta 650 1-MO\u00d1OCO(Fleita) C. Pringles 2- Che PIbito\/Carhue 3-Martincho\/Puan 4- Ingeniero\/El Sauce 5- Por si acaso\/Lamadrid U-Amigo Colon\/Salliquel\u00f3. Corrieron todos . Fallo: \u00bd pczo y 1 cpo. Jockey: Mart\u00edn Gonzalez. Sport $ 3<\/p>\n<p>Decimoquinta 650 No se corrio(Precoces)<\/p>\n<p>Decimosexta 650 Premio C\u00e9sar \u201cFlaco\u201d Oteiza\u00a0 1- DON LATIGO(Otegui) C.Suarez 2- Que Paisano\/Huanguelen 3- Austral\/Tornquist U- Tortug\u00f3n\/Villalonga. Fallo: \u00bd cpo, 1 cpo y 3 cpos. Jockey: Guillermo Calvente. Sport $ 4.<\/p>\n<p>Decimoseptima 450 A Clasificar 1- Piojo(Go\u00f1i) Olavarr\u00eda 2- Moralito\/Tornquist. Borrados: Tomasito,Don producencio y Don Daniel. Fallo: 2 \u00bd .Jockey: Roberto Torres. Sport $ 1,50.<\/p>\n<p>INFORME: NT<\/p>\n<div class=\"jeg_video_container jeg_video_content\"><iframe loading=\"lazy\" title=\"2019 12 17 \/\/ MAGAZINE SPORT: RUB\u00c9N BRAUN (\u00d9LTIMA JORNADA TURFISTICA DEL 2019)\" width=\"500\" height=\"281\" src=\"https:\/\/www.youtube.com\/embed\/lyNAahQ8E0c?feature=oembed\" frameborder=\"0\" allow=\"accelerometer; autoplay; clipboard-write; encrypted-media; gyroscope; picture-in-picture; web-share\" referrerpolicy=\"strict-origin-when-cross-origin\" allowfullscreen><\/iframe><\/div>\n<p>https:\/\/www.facebook.com\/1816728288547896\/videos\/519067938689723\/<\/p>\n<\/div>\n","protected":false},"excerpt":{"rendered":"<p>La prueba central fue ganada por el caballo de Coronel Suarez. Su propietario le dedic\u00f3 el triunfo al organizador recientemente fallecido. Su familia estuvo presente en un momento emotivo. Se corrieron 16 carreras y volver\u00e1 el 8 de Marzo de 2020. Tornquist, vivi\u00f3 este domingo una interminable jornada h\u00edpica que tuvo el r\u00e9cord de 17 [&hellip;]<\/p>\n","protected":false},"author":1,"featured_media":46347,"comment_status":"closed","ping_status":"open","sticky":false,"template":"","format":"standard","meta":{"footnotes":""},"categories":[55,60,62,52,63],"tags":[],"class_list":["post-46346","post","type-post","status-publish","format-standard","has-post-thumbnail","hentry","category-celt-tv-noticias","category-deporte","category-deportes","category-destacadas","category-magazine-sport"],"yoast_head":"<!-- This site is optimized with the Yoast SEO plugin v19.7.1 - https:\/\/yoast.com\/wordpress\/plugins\/seo\/ -->\n<title>Se realiz\u00f3 la \u00faltima jornada h\u00edpica del 2019 (Nota) - CELTTV<\/title>\n<meta name=\"description\" content=\"Sitio web de noticias de la localidad de Tornquist, provincia de Buenos Aires, Rep\u00fablica Argentina. Contenido propio originado por periodistas de CELTTV, el canal de TV local de la Cooperativa El\u00e9ctrica de Tornquist. Turismo, Pol\u00edtica, Sociedad, Deporte, Cultura y todo el contenido de inter\u00e9s general que la gente del pueblo y la regi\u00f3n debe conocer.\" \/>\n<meta name=\"robots\" content=\"index, follow, max-snippet:-1, max-image-preview:large, max-video-preview:-1\" \/>\n<link rel=\"canonical\" href=\"https:\/\/www.celttv.com.ar\/index.php\/2019\/12\/16\/se-realizo-la-ultima-jornada-hipica-del-2019\/\" \/>\n<meta property=\"og:locale\" content=\"es_ES\" \/>\n<meta property=\"og:type\" content=\"article\" \/>\n<meta property=\"og:title\" content=\"Se realiz\u00f3 la \u00faltima jornada h\u00edpica del 2019 (Nota) - CELTTV\" \/>\n<meta property=\"og:description\" content=\"Sitio web de noticias de la localidad de Tornquist, provincia de Buenos Aires, Rep\u00fablica Argentina. Contenido propio originado por periodistas de CELTTV, el canal de TV local de la Cooperativa El\u00e9ctrica de Tornquist. Turismo, Pol\u00edtica, Sociedad, Deporte, Cultura y todo el contenido de inter\u00e9s general que la gente del pueblo y la regi\u00f3n debe conocer.\" \/>\n<meta property=\"og:url\" content=\"https:\/\/www.celttv.com.ar\/index.php\/2019\/12\/16\/se-realizo-la-ultima-jornada-hipica-del-2019\/\" \/>\n<meta property=\"og:site_name\" content=\"CELTTV\" \/>\n<meta property=\"article:publisher\" content=\"https:\/\/www.facebook.com\/celtTV\/\" \/>\n<meta property=\"article:published_time\" content=\"2019-12-16T13:08:01+00:00\" \/>\n<meta property=\"og:image\" content=\"https:\/\/www.celttv.com.ar\/wp-content\/uploads\/2019\/12\/79626944_3305579882847239_1319486392249614336_o.jpg\" \/>\n\t<meta property=\"og:image:width\" content=\"959\" \/>\n\t<meta property=\"og:image:height\" content=\"640\" \/>\n\t<meta property=\"og:image:type\" content=\"image\/jpeg\" \/>\n<meta name=\"author\" content=\"ulises\" \/>\n<meta name=\"twitter:card\" content=\"summary_large_image\" \/>\n<meta name=\"twitter:label1\" content=\"Escrito por\" \/>\n\t<meta name=\"twitter:data1\" content=\"ulises\" \/>\n\t<meta name=\"twitter:label2\" content=\"Tiempo de lectura\" \/>\n\t<meta name=\"twitter:data2\" content=\"5 minutos\" \/>\n<script type=\"application\/ld+json\" class=\"yoast-schema-graph\">{\"@context\":\"https:\/\/schema.org\",\"@graph\":[{\"@type\":\"NewsArticle\",\"@id\":\"https:\/\/www.celttv.com.ar\/index.php\/2019\/12\/16\/se-realizo-la-ultima-jornada-hipica-del-2019\/#article\",\"isPartOf\":{\"@id\":\"https:\/\/www.celttv.com.ar\/index.php\/2019\/12\/16\/se-realizo-la-ultima-jornada-hipica-del-2019\/\"},\"author\":{\"name\":\"ulises\",\"@id\":\"https:\/\/www.celttv.com.ar\/#\/schema\/person\/6d99c072dba59953809c81446e9d0ace\"},\"headline\":\"Se realiz\u00f3 la \u00faltima jornada h\u00edpica del 2019 (Nota)\",\"datePublished\":\"2019-12-16T13:08:01+00:00\",\"dateModified\":\"2019-12-16T13:08:01+00:00\",\"mainEntityOfPage\":{\"@id\":\"https:\/\/www.celttv.com.ar\/index.php\/2019\/12\/16\/se-realizo-la-ultima-jornada-hipica-del-2019\/\"},\"wordCount\":939,\"publisher\":{\"@id\":\"https:\/\/www.celttv.com.ar\/#organization\"},\"articleSection\":[\"Celt TV Noticias\",\"Deporte\",\"Deportes\",\"Destacadas\",\"Magazine Sport\"],\"inLanguage\":\"es\"},{\"@type\":\"WebPage\",\"@id\":\"https:\/\/www.celttv.com.ar\/index.php\/2019\/12\/16\/se-realizo-la-ultima-jornada-hipica-del-2019\/\",\"url\":\"https:\/\/www.celttv.com.ar\/index.php\/2019\/12\/16\/se-realizo-la-ultima-jornada-hipica-del-2019\/\",\"name\":\"Se realiz\u00f3 la \u00faltima jornada h\u00edpica del 2019 (Nota) - CELTTV\",\"isPartOf\":{\"@id\":\"https:\/\/www.celttv.com.ar\/#website\"},\"datePublished\":\"2019-12-16T13:08:01+00:00\",\"dateModified\":\"2019-12-16T13:08:01+00:00\",\"description\":\"Sitio web de noticias de la localidad de Tornquist, provincia de Buenos Aires, Rep\u00fablica Argentina. Contenido propio originado por periodistas de CELTTV, el canal de TV local de la Cooperativa El\u00e9ctrica de Tornquist. Turismo, Pol\u00edtica, Sociedad, Deporte, Cultura y todo el contenido de inter\u00e9s general que la gente del pueblo y la regi\u00f3n debe conocer.\",\"breadcrumb\":{\"@id\":\"https:\/\/www.celttv.com.ar\/index.php\/2019\/12\/16\/se-realizo-la-ultima-jornada-hipica-del-2019\/#breadcrumb\"},\"inLanguage\":\"es\",\"potentialAction\":[{\"@type\":\"ReadAction\",\"target\":[\"https:\/\/www.celttv.com.ar\/index.php\/2019\/12\/16\/se-realizo-la-ultima-jornada-hipica-del-2019\/\"]}]},{\"@type\":\"BreadcrumbList\",\"@id\":\"https:\/\/www.celttv.com.ar\/index.php\/2019\/12\/16\/se-realizo-la-ultima-jornada-hipica-del-2019\/#breadcrumb\",\"itemListElement\":[{\"@type\":\"ListItem\",\"position\":1,\"name\":\"Inicio\",\"item\":\"https:\/\/www.celttv.com.ar\/\"},{\"@type\":\"ListItem\",\"position\":2,\"name\":\"Se realiz\u00f3 la \u00faltima jornada h\u00edpica del 2019 (Nota)\"}]},{\"@type\":\"WebSite\",\"@id\":\"https:\/\/www.celttv.com.ar\/#website\",\"url\":\"https:\/\/www.celttv.com.ar\/\",\"name\":\"CELTTV\",\"description\":\"Cooperativa El\u00e9ctrica de Tornquist\",\"publisher\":{\"@id\":\"https:\/\/www.celttv.com.ar\/#organization\"},\"potentialAction\":[{\"@type\":\"SearchAction\",\"target\":{\"@type\":\"EntryPoint\",\"urlTemplate\":\"https:\/\/www.celttv.com.ar\/?s={search_term_string}\"},\"query-input\":\"required name=search_term_string\"}],\"inLanguage\":\"es\"},{\"@type\":\"Organization\",\"@id\":\"https:\/\/www.celttv.com.ar\/#organization\",\"name\":\"CELTTV\",\"url\":\"https:\/\/www.celttv.com.ar\/\",\"sameAs\":[\"https:\/\/www.youtube.com\/channel\/UCz_oIt8Hig64Ub-EmcNPIhg\",\"https:\/\/www.facebook.com\/celtTV\/\"],\"logo\":{\"@type\":\"ImageObject\",\"inLanguage\":\"es\",\"@id\":\"https:\/\/www.celttv.com.ar\/#\/schema\/logo\/image\/\",\"url\":\"http:\/\/www.celttv.com.ar\/wp-content\/uploads\/2022\/08\/logo-1.png\",\"contentUrl\":\"http:\/\/www.celttv.com.ar\/wp-content\/uploads\/2022\/08\/logo-1.png\",\"width\":461,\"height\":159,\"caption\":\"CELTTV\"},\"image\":{\"@id\":\"https:\/\/www.celttv.com.ar\/#\/schema\/logo\/image\/\"}},{\"@type\":\"Person\",\"@id\":\"https:\/\/www.celttv.com.ar\/#\/schema\/person\/6d99c072dba59953809c81446e9d0ace\",\"name\":\"ulises\",\"image\":{\"@type\":\"ImageObject\",\"inLanguage\":\"es\",\"@id\":\"https:\/\/www.celttv.com.ar\/#\/schema\/person\/image\/\",\"url\":\"https:\/\/secure.gravatar.com\/avatar\/7f2c48bdc33b30088f941fb6082e555f2874c98e20cb159d7b92b50eadfce793?s=96&d=mm&r=g\",\"contentUrl\":\"https:\/\/secure.gravatar.com\/avatar\/7f2c48bdc33b30088f941fb6082e555f2874c98e20cb159d7b92b50eadfce793?s=96&d=mm&r=g\",\"caption\":\"ulises\"},\"sameAs\":[\"http:\/\/www.celttv.com.ar\"]}]}<\/script>\n<!-- \/ Yoast SEO plugin. -->","yoast_head_json":{"title":"Se realiz\u00f3 la \u00faltima jornada h\u00edpica del 2019 (Nota) - CELTTV","description":"Sitio web de noticias de la localidad de Tornquist, provincia de Buenos Aires, Rep\u00fablica Argentina. Contenido propio originado por periodistas de CELTTV, el canal de TV local de la Cooperativa El\u00e9ctrica de Tornquist. Turismo, Pol\u00edtica, Sociedad, Deporte, Cultura y todo el contenido de inter\u00e9s general que la gente del pueblo y la regi\u00f3n debe conocer.","robots":{"index":"index","follow":"follow","max-snippet":"max-snippet:-1","max-image-preview":"max-image-preview:large","max-video-preview":"max-video-preview:-1"},"canonical":"https:\/\/www.celttv.com.ar\/index.php\/2019\/12\/16\/se-realizo-la-ultima-jornada-hipica-del-2019\/","og_locale":"es_ES","og_type":"article","og_title":"Se realiz\u00f3 la \u00faltima jornada h\u00edpica del 2019 (Nota) - CELTTV","og_description":"Sitio web de noticias de la localidad de Tornquist, provincia de Buenos Aires, Rep\u00fablica Argentina. Contenido propio originado por periodistas de CELTTV, el canal de TV local de la Cooperativa El\u00e9ctrica de Tornquist. Turismo, Pol\u00edtica, Sociedad, Deporte, Cultura y todo el contenido de inter\u00e9s general que la gente del pueblo y la regi\u00f3n debe conocer.","og_url":"https:\/\/www.celttv.com.ar\/index.php\/2019\/12\/16\/se-realizo-la-ultima-jornada-hipica-del-2019\/","og_site_name":"CELTTV","article_publisher":"https:\/\/www.facebook.com\/celtTV\/","article_published_time":"2019-12-16T13:08:01+00:00","og_image":[{"width":959,"height":640,"url":"https:\/\/www.celttv.com.ar\/wp-content\/uploads\/2019\/12\/79626944_3305579882847239_1319486392249614336_o.jpg","type":"image\/jpeg"}],"author":"ulises","twitter_card":"summary_large_image","twitter_misc":{"Escrito por":"ulises","Tiempo de lectura":"5 minutos"},"schema":{"@context":"https:\/\/schema.org","@graph":[{"@type":"NewsArticle","@id":"https:\/\/www.celttv.com.ar\/index.php\/2019\/12\/16\/se-realizo-la-ultima-jornada-hipica-del-2019\/#article","isPartOf":{"@id":"https:\/\/www.celttv.com.ar\/index.php\/2019\/12\/16\/se-realizo-la-ultima-jornada-hipica-del-2019\/"},"author":{"name":"ulises","@id":"https:\/\/www.celttv.com.ar\/#\/schema\/person\/6d99c072dba59953809c81446e9d0ace"},"headline":"Se realiz\u00f3 la \u00faltima jornada h\u00edpica del 2019 (Nota)","datePublished":"2019-12-16T13:08:01+00:00","dateModified":"2019-12-16T13:08:01+00:00","mainEntityOfPage":{"@id":"https:\/\/www.celttv.com.ar\/index.php\/2019\/12\/16\/se-realizo-la-ultima-jornada-hipica-del-2019\/"},"wordCount":939,"publisher":{"@id":"https:\/\/www.celttv.com.ar\/#organization"},"articleSection":["Celt TV Noticias","Deporte","Deportes","Destacadas","Magazine Sport"],"inLanguage":"es"},{"@type":"WebPage","@id":"https:\/\/www.celttv.com.ar\/index.php\/2019\/12\/16\/se-realizo-la-ultima-jornada-hipica-del-2019\/","url":"https:\/\/www.celttv.com.ar\/index.php\/2019\/12\/16\/se-realizo-la-ultima-jornada-hipica-del-2019\/","name":"Se realiz\u00f3 la \u00faltima jornada h\u00edpica del 2019 (Nota) - CELTTV","isPartOf":{"@id":"https:\/\/www.celttv.com.ar\/#website"},"datePublished":"2019-12-16T13:08:01+00:00","dateModified":"2019-12-16T13:08:01+00:00","description":"Sitio web de noticias de la localidad de Tornquist, provincia de Buenos Aires, Rep\u00fablica Argentina. Contenido propio originado por periodistas de CELTTV, el canal de TV local de la Cooperativa El\u00e9ctrica de Tornquist. Turismo, Pol\u00edtica, Sociedad, Deporte, Cultura y todo el contenido de inter\u00e9s general que la gente del pueblo y la regi\u00f3n debe conocer.","breadcrumb":{"@id":"https:\/\/www.celttv.com.ar\/index.php\/2019\/12\/16\/se-realizo-la-ultima-jornada-hipica-del-2019\/#breadcrumb"},"inLanguage":"es","potentialAction":[{"@type":"ReadAction","target":["https:\/\/www.celttv.com.ar\/index.php\/2019\/12\/16\/se-realizo-la-ultima-jornada-hipica-del-2019\/"]}]},{"@type":"BreadcrumbList","@id":"https:\/\/www.celttv.com.ar\/index.php\/2019\/12\/16\/se-realizo-la-ultima-jornada-hipica-del-2019\/#breadcrumb","itemListElement":[{"@type":"ListItem","position":1,"name":"Inicio","item":"https:\/\/www.celttv.com.ar\/"},{"@type":"ListItem","position":2,"name":"Se realiz\u00f3 la \u00faltima jornada h\u00edpica del 2019 (Nota)"}]},{"@type":"WebSite","@id":"https:\/\/www.celttv.com.ar\/#website","url":"https:\/\/www.celttv.com.ar\/","name":"CELTTV","description":"Cooperativa El\u00e9ctrica de Tornquist","publisher":{"@id":"https:\/\/www.celttv.com.ar\/#organization"},"potentialAction":[{"@type":"SearchAction","target":{"@type":"EntryPoint","urlTemplate":"https:\/\/www.celttv.com.ar\/?s={search_term_string}"},"query-input":"required name=search_term_string"}],"inLanguage":"es"},{"@type":"Organization","@id":"https:\/\/www.celttv.com.ar\/#organization","name":"CELTTV","url":"https:\/\/www.celttv.com.ar\/","sameAs":["https:\/\/www.youtube.com\/channel\/UCz_oIt8Hig64Ub-EmcNPIhg","https:\/\/www.facebook.com\/celtTV\/"],"logo":{"@type":"ImageObject","inLanguage":"es","@id":"https:\/\/www.celttv.com.ar\/#\/schema\/logo\/image\/","url":"http:\/\/www.celttv.com.ar\/wp-content\/uploads\/2022\/08\/logo-1.png","contentUrl":"http:\/\/www.celttv.com.ar\/wp-content\/uploads\/2022\/08\/logo-1.png","width":461,"height":159,"caption":"CELTTV"},"image":{"@id":"https:\/\/www.celttv.com.ar\/#\/schema\/logo\/image\/"}},{"@type":"Person","@id":"https:\/\/www.celttv.com.ar\/#\/schema\/person\/6d99c072dba59953809c81446e9d0ace","name":"ulises","image":{"@type":"ImageObject","inLanguage":"es","@id":"https:\/\/www.celttv.com.ar\/#\/schema\/person\/image\/","url":"https:\/\/secure.gravatar.com\/avatar\/7f2c48bdc33b30088f941fb6082e555f2874c98e20cb159d7b92b50eadfce793?s=96&d=mm&r=g","contentUrl":"https:\/\/secure.gravatar.com\/avatar\/7f2c48bdc33b30088f941fb6082e555f2874c98e20cb159d7b92b50eadfce793?s=96&d=mm&r=g","caption":"ulises"},"sameAs":["http:\/\/www.celttv.com.ar"]}]}},"_links":{"self":[{"href":"https:\/\/www.celttv.com.ar\/index.php\/wp-json\/wp\/v2\/posts\/46346","targetHints":{"allow":["GET"]}}],"collection":[{"href":"https:\/\/www.celttv.com.ar\/index.php\/wp-json\/wp\/v2\/posts"}],"about":[{"href":"https:\/\/www.celttv.com.ar\/index.php\/wp-json\/wp\/v2\/types\/post"}],"author":[{"embeddable":true,"href":"https:\/\/www.celttv.com.ar\/index.php\/wp-json\/wp\/v2\/users\/1"}],"replies":[{"embeddable":true,"href":"https:\/\/www.celttv.com.ar\/index.php\/wp-json\/wp\/v2\/comments?post=46346"}],"version-history":[{"count":0,"href":"https:\/\/www.celttv.com.ar\/index.php\/wp-json\/wp\/v2\/posts\/46346\/revisions"}],"wp:featuredmedia":[{"embeddable":true,"href":"https:\/\/www.celttv.com.ar\/index.php\/wp-json\/wp\/v2\/media\/46347"}],"wp:attachment":[{"href":"https:\/\/www.celttv.com.ar\/index.php\/wp-json\/wp\/v2\/media?parent=46346"}],"wp:term":[{"taxonomy":"category","embeddable":true,"href":"https:\/\/www.celttv.com.ar\/index.php\/wp-json\/wp\/v2\/categories?post=46346"},{"taxonomy":"post_tag","embeddable":true,"href":"https:\/\/www.celttv.com.ar\/index.php\/wp-json\/wp\/v2\/tags?post=46346"}],"curies":[{"name":"wp","href":"https:\/\/api.w.org\/{rel}","templated":true}]}}