{"id":46350,"date":"2019-12-17T00:17:40","date_gmt":"2019-12-17T00:17:40","guid":{"rendered":"http:\/\/www.celttv.com.ar\/?p=46350"},"modified":"2019-12-17T00:17:40","modified_gmt":"2019-12-17T00:17:40","slug":"laguna-literatura-la-mano-de-los-asadores-y-una-dia-espectacular","status":"publish","type":"post","link":"https:\/\/www.celttv.com.ar\/index.php\/2019\/12\/17\/laguna-literatura-la-mano-de-los-asadores-y-una-dia-espectacular\/","title":{"rendered":"\u00a0Laguna: Literatura, la mano de los asadores y una d\u00eda espectacular (fotos)"},"content":{"rendered":"<div><strong>Todos los ingredientes conjugados para lograr un combo ideal en una nueva inauguraci\u00f3n de temporada en el Club de Pesca Tornquist.<\/strong><\/div>\n<div><\/div>\n<div>\u00a0<strong>El clima un factor determinante<\/strong><\/div>\n<div>Un d\u00eda \u201calquilado\u201d dir\u00eda un veterano lagunero cuando muy temprano fue a recorrer el sector de los asadores y aprovech\u00f3 para acercarse al sector de espig\u00f3n y de playa.<\/div>\n<div>Por entonces la temperatura en 27 grados y en ascenso, lo cual hacia suponer que a la hora de playa estar\u00edamos por encima de los 33 grados y as\u00ed fue.<\/div>\n<div>El poco viento reinante hacia que la laguna estuviera planchada y los pescadores no lo desaprovecharon.<\/div>\n<div><\/div>\n<div><strong>El desaf\u00edo de los asadores<\/strong><\/div>\n<div>Desde temprano, como ocurre a\u00f1o a a\u00f1o, la mirada puesta en la tarea de los asadores en esa especie de ritual que comienza el d\u00eda anterior con la preparaci\u00f3n y el\u00a0 salado de la carne y el escenario de cocci\u00f3n.<\/div>\n<div>La batuta de la rueda de corderos la tubo nuevamente Gonzalo Lambichi y, junto a sus colaboradores, presentaron un verdadero manjar.<\/div>\n<div><\/div>\n<div><strong>La tradicional procesi\u00f3n<\/strong><\/div>\n<div>Momento de regocijo espiritual que dio comienzo pasada la hora 11 en que fue retirada de su\u00a0 gruta la imagen de la virgen Nuestra Se\u00f1ora de Luj\u00e1n, patrona de la laguna, comenzando la tradicional procesi\u00f3n hasta el sector de embarcadero donde varias embarcaciones se dispon\u00edan a acompa\u00f1ar el recorrido hasta el sector de playa.<\/div>\n<div>Fue el Intendente Municipal Sergio Bordoni quien asumi\u00f3 la responsabilidad de llevar la imagen en una embarcaci\u00f3n, acompa\u00f1ado de Ricardo Rossini, el lagunero nuevamente elegido para portar la bandera Argentina.<\/div>\n<div>El importante grupo de feligreses aguard\u00f3 en la playa ese emotivo momento en que la imagen regresaba a tierra firme y desde all\u00ed era trasladada nuevamente a su gruta desde donde brindar\u00e1 su protecci\u00f3n espiritual y donde permanentemente recibe la visita de muchos creyentes.<\/div>\n<div><\/div>\n<div><strong>Momento literario de jerarqu\u00eda<\/strong><\/div>\n<div>La presencia de Horacio Alba en la Biblioteca Lagunera fue una visita de jerarqu\u00eda para este primer a\u00f1o de un espacio creado y empujado permanentemente por Guillermina Mutti y Roberto Mutti.<\/div>\n<div>Para su primer cumplea\u00f1os la biblioteca recibi\u00f3 la visita de un escritor de cuentos infantiles muy reconocido y que cautiv\u00f3 a grandes y chicos.<\/div>\n<div>Previamente el escritor comparti\u00f3 la procesi\u00f3n y en di\u00e1logo con los medios dijo sentirse gratamente sorprendido por el lugar y la calidez de un espacio literario logrado con mucha dedicaci\u00f3n y cari\u00f1o.<\/div>\n<div><\/div>\n<div><strong>El momento del almuerzo<\/strong><\/div>\n<div>Otro momento de mucha atenci\u00f3n donde los laguneros y el p\u00fablico que se acerc\u00f3 para compartir la jornada fue la voz de \u201caura\u201d para disfrutar de los asados que siempre tienen una gran poder convocante.<\/div>\n<div><\/div>\n<div><strong>Tarde de playa a pleno<\/strong><\/div>\n<div>Las condiciones clim\u00e1ticas hicieron que este a\u00f1o el Club de Pesca tuviera una playa con la suficiente amplitud como para que grandes y chicos disfruten a pleno.<\/div>\n<div>El sol de este domingo ayud\u00f3 para que se conjuguen todos los ingredientes y tengamos una inauguraci\u00f3n de temporada de lo mejor.<\/div>\n<div>La Laguna seguramente ser\u00e1 una de las mejores alternativas de una nueva temporada estival.<\/div>\n<div><\/div>\n<div><strong>Alberto \u201cTito\u201d Musso, presidente del Club de Pesca Tornquist<\/strong><\/div>\n<div>\u00a0 \u201cEstamos muy satisfechos porque colm\u00f3 todas las expectativas, con mucha gente que nos acompa\u00f1\u00f3 y un clima que fue el ideal\u201d Dijo el presidente lagunero al referirse a la inauguraci\u00f3n de la temporada 2019\/2020.<\/div>\n<div>\u201cNos sentimos muy acompa\u00f1ados por el socio y el turista y eso nos empuja a seguir desarrollando proyectos que permitan mejorar los servicios en la Villa\u201d agreg\u00f3.<\/div>\n<div>\u201cEste a\u00f1o nos sorprendi\u00f3 la cantidad de nuevas viviendas que se est\u00e1n edificando, en otros casos mejorando, y para nosotros es muy auspicioso porque se amplia la cantidad de frentistas y tenemos\u00a0 un crecimiento sostenido\u201d asegur\u00f3 Musso.<\/div>\n<div><\/div>\n<div><strong>Hablando de proyectos \u201cTito\u201d destac\u00f3 que se est\u00e1 trabajando para una mayor conectividad<\/strong>.<\/div>\n<div>\u201cEste es un lugar so\u00f1ado donde tenemos lo que un turista necesita o el frentista requiere. Estamos muy contentos en tener el club en estas condiciones. Somos un poco mas ambiciosos y queremos seguir creciendo y una de las cosas que nos reclaman es estar un poco mas comunicados, por eso estamos viendo la posibilidad de tener se\u00f1al de WiFi en gran parte de la Villa\u201d<\/div>\n<div>\u201cTito\u201d Musso agradeci\u00f3 a los asociados y frentistas laguneros y a la Municipalidad de Tornquist<\/div>\n<div>\u201cEl intendente realmente nos escucha y trata de solucionarnos la mayor cantidad de cuestiones que le llevamos\u201d sostuvo Musso.<\/div>\n<div>\u201cLos invito a todos a que visiten el lugar porque en realidad este es el paraiso\u201d concluy\u00f3.<\/div>\n<div><\/div>\n<div><strong>Sergio Bordoni, Intendente Municipal<\/strong><\/div>\n<div>\u201cNos toc\u00f3 un d\u00eda espectacular, recuperamos la playa que tuvimos hace algunos a\u00f1os y tenemos la gente del Club de Pesca que est\u00e1 trabajando a full, teniendo el predio en \u00f3ptimas condiciones y haciendo mejoras. D\u00eda a d\u00eda va creciendo esta laguna que es un lugar en el mundo\u201d sintetiz\u00f3 el jefe comunal y asiduo concurrente lagunero.<\/div>\n<div>\u201cHay una generaci\u00f3n de gente joven que est\u00e1 descubriendo la laguna y quiere venir a pasar el fin de semana y se est\u00e1 notando porque cada vez hay mas construcciones y hay gente que quiere comprar y sobre todo gente joven\u201d destac\u00f3.<\/div>\n<div>Bordoni espera contar pronto con la casa propia en la villa lagunera \u201cpara mi es una descarga a tierra. Venir u n fin de semana\u00a0 es como que te desconectas, viv\u00eds otra realidad, otra tranquilidad a pesar de que la responsabilidad sigue siendo la misma y uno est\u00e1 al tanto de los acontecimientos\u201d subray\u00f3<\/div>\n<div>\u201cOjal\u00e1 que mucha gente pueda empezar a venir porque la laguna est\u00e1 hermosa y cada vez tenemos mas servicios y eso es lo importante, que la gente que venga cada vez pueda disfrutar de mas comodidades\u201d<\/div>\n<div>Respecto a la vivencia de haber compartido por primera vez la procesi\u00f3n trasladando por las aguas laguneras la imagen de la Virgen de Luj\u00e1n, el Intendente sostuvo que \u201cNo he querido venir antes porque se torna como que uno est\u00e1 haciendo pol\u00edtica. Hoy hay una necesidad a nivel pa\u00eds de volcarse a cualquier religi\u00f3n y tener mucha fe para poder sacar el pais adelante porque es una situaci\u00f3n muy cr\u00edtica la que est\u00e1 viviendo la Argentina y uno tiene que apoyarse en algo espiritual. Si uno no creyera en Dios esto es muy dif\u00edcil de llevarlo adelante a lo largo de los cuatro a\u00f1os de gesti\u00f3n.<\/div>\n<div>El \u00fanico que nos puede dar una mano en este pa\u00eds es Dios y los gobernantes que estamos a cargo del pa\u00eds tenemos que enfocarnos atr\u00e1s de esa consigna para hacer las cosas bien y sacarlos adelante, sea cual sea el color pol\u00edtico. Necesitamos que Dios est\u00e9 presente en cada acto de gobierno que hagamos o que realicemos. Hoy es la primera vez que participo de la procesi\u00f3n, porque no hay campa\u00f1a de por medio y para que no se preste a la mala interpretaci\u00f3n de que uno viene a\u00a0 hacer pol\u00edtica. Yo ac\u00e1 vengo a descansar, pero tengo la necesidad de acercarme a Dios porque realmente lo voy a necesitar en estos cuatro a\u00f1os de gesti\u00f3n. Solo un pol\u00edtico no puede hacer nada, si tenes la ayuda de Dios es mucho mejor\u201d concluy\u00f3 diciendo.<\/div>\n<div><\/div>\n<div><strong>Martin Olhaberry &#8211; Sub secretario de Turismo<\/strong><\/div>\n<div>\u201cEl d\u00eda acompa\u00f1a y hace que el atractivo sea mas m\u00e1gico; la laguna est\u00e1 hermosa y el predio inmaculado. Estamos disfrutando del inicio de esta temporada y trabajando para todo lo que va a\u00a0 ser el verano apuntando fuertemente al turismo regional y la laguna es un interesante atractivo dentro de la comarca\u201d sostuvo Mart\u00edn Olhaberry.<\/div>\n<div>\u201cEl desaf\u00edo de esta nueva temporada es ser competitivo con la costa. Obviamente el turista que viene a la laguna no es el turismo de mar; es el turista que busca otra tranquilidad y otra armon\u00eda con la naturaleza. Nosotros tenemos distintas alternativas. Nuestra gran responsabilidad desde las oficinas de turismo es retransmitirles toda la informaci\u00f3n de los espejos de agua tanto rios como laguna y que el camino no sea un inconveniente. Hay que motivarlos y esperemos tener \u00e9xito\u201d\u00a0 dijo Olhaberry.<\/div>\n<div>\u201cMonte Hermoso es nuestro competidor 30 o 45 d\u00edas, el resto del a\u00f1o el turista de la zona y de Buenos Aires viene a la comarca\u201d<\/div>\n<div>\u201cEst\u00e1n dadas las condiciones para tener un buen verano de turismo; la gente va a estar mucho en movimiento buscando opciones, ofertas y descuentos. Lo que buscan hoy es la convivencia con la naturaleza y disfrutar y el bienestar de la gente\u201d se\u00f1al\u00f3.<\/div>\n<div><\/div>\n<div><\/div>\n<div><\/div>\n<div><a href=\"http:\/\/www.celttv.com.ar\/?attachment_id=46355\" rel=\"attachment wp-att-46355\"><img loading=\"lazy\" decoding=\"async\" class=\"alignleft size-full wp-image-46355\" src=\"http:\/\/www.celttv.com.ar\/wp-content\/uploads\/2019\/12\/IMG_5394-Medium.jpg\" alt=\"\" width=\"1152\" height=\"768\" srcset=\"https:\/\/www.celttv.com.ar\/wp-content\/uploads\/2019\/12\/IMG_5394-Medium.jpg 1152w, https:\/\/www.celttv.com.ar\/wp-content\/uploads\/2019\/12\/IMG_5394-Medium-300x200.jpg 300w, https:\/\/www.celttv.com.ar\/wp-content\/uploads\/2019\/12\/IMG_5394-Medium-1024x683.jpg 1024w, https:\/\/www.celttv.com.ar\/wp-content\/uploads\/2019\/12\/IMG_5394-Medium-768x512.jpg 768w, https:\/\/www.celttv.com.ar\/wp-content\/uploads\/2019\/12\/IMG_5394-Medium-750x500.jpg 750w, https:\/\/www.celttv.com.ar\/wp-content\/uploads\/2019\/12\/IMG_5394-Medium-1140x760.jpg 1140w\" sizes=\"auto, (max-width: 1152px) 100vw, 1152px\" \/><\/a> <a href=\"http:\/\/www.celttv.com.ar\/?attachment_id=46356\" rel=\"attachment wp-att-46356\"><img loading=\"lazy\" decoding=\"async\" class=\"alignleft size-medium wp-image-46356\" src=\"http:\/\/www.celttv.com.ar\/wp-content\/uploads\/2019\/12\/IMG_5397-Medium.jpg\" alt=\"\" width=\"780\" height=\"520\" srcset=\"https:\/\/www.celttv.com.ar\/wp-content\/uploads\/2019\/12\/IMG_5397-Medium.jpg 1152w, https:\/\/www.celttv.com.ar\/wp-content\/uploads\/2019\/12\/IMG_5397-Medium-300x200.jpg 300w, https:\/\/www.celttv.com.ar\/wp-content\/uploads\/2019\/12\/IMG_5397-Medium-1024x683.jpg 1024w, https:\/\/www.celttv.com.ar\/wp-content\/uploads\/2019\/12\/IMG_5397-Medium-768x512.jpg 768w, https:\/\/www.celttv.com.ar\/wp-content\/uploads\/2019\/12\/IMG_5397-Medium-750x500.jpg 750w, https:\/\/www.celttv.com.ar\/wp-content\/uploads\/2019\/12\/IMG_5397-Medium-1140x760.jpg 1140w\" sizes=\"auto, (max-width: 780px) 100vw, 780px\" \/><\/a> <a href=\"http:\/\/www.celttv.com.ar\/?attachment_id=46357\" rel=\"attachment wp-att-46357\"><img loading=\"lazy\" decoding=\"async\" class=\"alignleft size-medium wp-image-46357\" src=\"http:\/\/www.celttv.com.ar\/wp-content\/uploads\/2019\/12\/IMG_5399-Medium.jpg\" alt=\"\" width=\"780\" height=\"520\" srcset=\"https:\/\/www.celttv.com.ar\/wp-content\/uploads\/2019\/12\/IMG_5399-Medium.jpg 1152w, https:\/\/www.celttv.com.ar\/wp-content\/uploads\/2019\/12\/IMG_5399-Medium-300x200.jpg 300w, https:\/\/www.celttv.com.ar\/wp-content\/uploads\/2019\/12\/IMG_5399-Medium-1024x683.jpg 1024w, https:\/\/www.celttv.com.ar\/wp-content\/uploads\/2019\/12\/IMG_5399-Medium-768x512.jpg 768w, https:\/\/www.celttv.com.ar\/wp-content\/uploads\/2019\/12\/IMG_5399-Medium-750x500.jpg 750w, https:\/\/www.celttv.com.ar\/wp-content\/uploads\/2019\/12\/IMG_5399-Medium-1140x760.jpg 1140w\" sizes=\"auto, (max-width: 780px) 100vw, 780px\" \/><\/a> <a href=\"http:\/\/www.celttv.com.ar\/?attachment_id=46358\" rel=\"attachment wp-att-46358\"><img loading=\"lazy\" decoding=\"async\" class=\"alignleft size-medium wp-image-46358\" src=\"http:\/\/www.celttv.com.ar\/wp-content\/uploads\/2019\/12\/IMG_5400-Medium.jpg\" alt=\"\" width=\"780\" height=\"520\" srcset=\"https:\/\/www.celttv.com.ar\/wp-content\/uploads\/2019\/12\/IMG_5400-Medium.jpg 1152w, https:\/\/www.celttv.com.ar\/wp-content\/uploads\/2019\/12\/IMG_5400-Medium-300x200.jpg 300w, https:\/\/www.celttv.com.ar\/wp-content\/uploads\/2019\/12\/IMG_5400-Medium-1024x683.jpg 1024w, https:\/\/www.celttv.com.ar\/wp-content\/uploads\/2019\/12\/IMG_5400-Medium-768x512.jpg 768w, https:\/\/www.celttv.com.ar\/wp-content\/uploads\/2019\/12\/IMG_5400-Medium-750x500.jpg 750w, https:\/\/www.celttv.com.ar\/wp-content\/uploads\/2019\/12\/IMG_5400-Medium-1140x760.jpg 1140w\" sizes=\"auto, (max-width: 780px) 100vw, 780px\" \/><\/a> <a href=\"http:\/\/www.celttv.com.ar\/?attachment_id=46359\" rel=\"attachment wp-att-46359\"><img loading=\"lazy\" decoding=\"async\" class=\"alignleft size-medium wp-image-46359\" src=\"http:\/\/www.celttv.com.ar\/wp-content\/uploads\/2019\/12\/IMG_5402-Medium.jpg\" alt=\"\" width=\"780\" height=\"520\" srcset=\"https:\/\/www.celttv.com.ar\/wp-content\/uploads\/2019\/12\/IMG_5402-Medium.jpg 1152w, https:\/\/www.celttv.com.ar\/wp-content\/uploads\/2019\/12\/IMG_5402-Medium-300x200.jpg 300w, https:\/\/www.celttv.com.ar\/wp-content\/uploads\/2019\/12\/IMG_5402-Medium-1024x683.jpg 1024w, https:\/\/www.celttv.com.ar\/wp-content\/uploads\/2019\/12\/IMG_5402-Medium-768x512.jpg 768w, https:\/\/www.celttv.com.ar\/wp-content\/uploads\/2019\/12\/IMG_5402-Medium-750x500.jpg 750w, https:\/\/www.celttv.com.ar\/wp-content\/uploads\/2019\/12\/IMG_5402-Medium-1140x760.jpg 1140w\" sizes=\"auto, (max-width: 780px) 100vw, 780px\" \/><\/a> <a href=\"http:\/\/www.celttv.com.ar\/?attachment_id=46360\" rel=\"attachment wp-att-46360\"><img loading=\"lazy\" decoding=\"async\" class=\"alignleft size-medium wp-image-46360\" src=\"http:\/\/www.celttv.com.ar\/wp-content\/uploads\/2019\/12\/IMG_5403-Medium.jpg\" alt=\"\" width=\"780\" height=\"520\" srcset=\"https:\/\/www.celttv.com.ar\/wp-content\/uploads\/2019\/12\/IMG_5403-Medium.jpg 1152w, https:\/\/www.celttv.com.ar\/wp-content\/uploads\/2019\/12\/IMG_5403-Medium-300x200.jpg 300w, https:\/\/www.celttv.com.ar\/wp-content\/uploads\/2019\/12\/IMG_5403-Medium-1024x683.jpg 1024w, https:\/\/www.celttv.com.ar\/wp-content\/uploads\/2019\/12\/IMG_5403-Medium-768x512.jpg 768w, https:\/\/www.celttv.com.ar\/wp-content\/uploads\/2019\/12\/IMG_5403-Medium-750x500.jpg 750w, https:\/\/www.celttv.com.ar\/wp-content\/uploads\/2019\/12\/IMG_5403-Medium-1140x760.jpg 1140w\" sizes=\"auto, (max-width: 780px) 100vw, 780px\" \/><\/a> <a href=\"http:\/\/www.celttv.com.ar\/?attachment_id=46361\" rel=\"attachment wp-att-46361\"><img loading=\"lazy\" decoding=\"async\" class=\"alignleft size-medium wp-image-46361\" src=\"http:\/\/www.celttv.com.ar\/wp-content\/uploads\/2019\/12\/IMG_5406-Medium.jpg\" alt=\"\" width=\"780\" height=\"520\" srcset=\"https:\/\/www.celttv.com.ar\/wp-content\/uploads\/2019\/12\/IMG_5406-Medium.jpg 1152w, https:\/\/www.celttv.com.ar\/wp-content\/uploads\/2019\/12\/IMG_5406-Medium-300x200.jpg 300w, https:\/\/www.celttv.com.ar\/wp-content\/uploads\/2019\/12\/IMG_5406-Medium-1024x683.jpg 1024w, https:\/\/www.celttv.com.ar\/wp-content\/uploads\/2019\/12\/IMG_5406-Medium-768x512.jpg 768w, https:\/\/www.celttv.com.ar\/wp-content\/uploads\/2019\/12\/IMG_5406-Medium-750x500.jpg 750w, https:\/\/www.celttv.com.ar\/wp-content\/uploads\/2019\/12\/IMG_5406-Medium-1140x760.jpg 1140w\" sizes=\"auto, (max-width: 780px) 100vw, 780px\" \/><\/a> <a href=\"http:\/\/www.celttv.com.ar\/?attachment_id=46362\" rel=\"attachment wp-att-46362\"><img loading=\"lazy\" decoding=\"async\" class=\"alignleft size-medium wp-image-46362\" src=\"http:\/\/www.celttv.com.ar\/wp-content\/uploads\/2019\/12\/IMG_5407-Medium.jpg\" alt=\"\" width=\"780\" height=\"520\" srcset=\"https:\/\/www.celttv.com.ar\/wp-content\/uploads\/2019\/12\/IMG_5407-Medium.jpg 1152w, https:\/\/www.celttv.com.ar\/wp-content\/uploads\/2019\/12\/IMG_5407-Medium-300x200.jpg 300w, https:\/\/www.celttv.com.ar\/wp-content\/uploads\/2019\/12\/IMG_5407-Medium-1024x683.jpg 1024w, https:\/\/www.celttv.com.ar\/wp-content\/uploads\/2019\/12\/IMG_5407-Medium-768x512.jpg 768w, https:\/\/www.celttv.com.ar\/wp-content\/uploads\/2019\/12\/IMG_5407-Medium-750x500.jpg 750w, https:\/\/www.celttv.com.ar\/wp-content\/uploads\/2019\/12\/IMG_5407-Medium-1140x760.jpg 1140w\" sizes=\"auto, (max-width: 780px) 100vw, 780px\" \/><\/a> <a href=\"http:\/\/www.celttv.com.ar\/?attachment_id=46363\" rel=\"attachment wp-att-46363\"><img loading=\"lazy\" decoding=\"async\" class=\"alignleft size-medium wp-image-46363\" src=\"http:\/\/www.celttv.com.ar\/wp-content\/uploads\/2019\/12\/IMG_5409-Medium.jpg\" alt=\"\" width=\"780\" height=\"520\" srcset=\"https:\/\/www.celttv.com.ar\/wp-content\/uploads\/2019\/12\/IMG_5409-Medium.jpg 1152w, https:\/\/www.celttv.com.ar\/wp-content\/uploads\/2019\/12\/IMG_5409-Medium-300x200.jpg 300w, https:\/\/www.celttv.com.ar\/wp-content\/uploads\/2019\/12\/IMG_5409-Medium-1024x683.jpg 1024w, https:\/\/www.celttv.com.ar\/wp-content\/uploads\/2019\/12\/IMG_5409-Medium-768x512.jpg 768w, https:\/\/www.celttv.com.ar\/wp-content\/uploads\/2019\/12\/IMG_5409-Medium-750x500.jpg 750w, https:\/\/www.celttv.com.ar\/wp-content\/uploads\/2019\/12\/IMG_5409-Medium-1140x760.jpg 1140w\" sizes=\"auto, (max-width: 780px) 100vw, 780px\" \/><\/a> <a href=\"http:\/\/www.celttv.com.ar\/?attachment_id=46364\" rel=\"attachment wp-att-46364\"><img loading=\"lazy\" decoding=\"async\" class=\"alignleft size-medium wp-image-46364\" src=\"http:\/\/www.celttv.com.ar\/wp-content\/uploads\/2019\/12\/IMG_5410-Medium.jpg\" alt=\"\" width=\"780\" height=\"520\" srcset=\"https:\/\/www.celttv.com.ar\/wp-content\/uploads\/2019\/12\/IMG_5410-Medium.jpg 1152w, https:\/\/www.celttv.com.ar\/wp-content\/uploads\/2019\/12\/IMG_5410-Medium-300x200.jpg 300w, https:\/\/www.celttv.com.ar\/wp-content\/uploads\/2019\/12\/IMG_5410-Medium-1024x683.jpg 1024w, https:\/\/www.celttv.com.ar\/wp-content\/uploads\/2019\/12\/IMG_5410-Medium-768x512.jpg 768w, https:\/\/www.celttv.com.ar\/wp-content\/uploads\/2019\/12\/IMG_5410-Medium-750x500.jpg 750w, https:\/\/www.celttv.com.ar\/wp-content\/uploads\/2019\/12\/IMG_5410-Medium-1140x760.jpg 1140w\" sizes=\"auto, (max-width: 780px) 100vw, 780px\" \/><\/a> <a href=\"http:\/\/www.celttv.com.ar\/?attachment_id=46365\" rel=\"attachment wp-att-46365\"><img loading=\"lazy\" decoding=\"async\" class=\"alignleft size-medium wp-image-46365\" src=\"http:\/\/www.celttv.com.ar\/wp-content\/uploads\/2019\/12\/IMG_5413-Medium.jpg\" alt=\"\" width=\"780\" height=\"520\" srcset=\"https:\/\/www.celttv.com.ar\/wp-content\/uploads\/2019\/12\/IMG_5413-Medium.jpg 1152w, https:\/\/www.celttv.com.ar\/wp-content\/uploads\/2019\/12\/IMG_5413-Medium-300x200.jpg 300w, https:\/\/www.celttv.com.ar\/wp-content\/uploads\/2019\/12\/IMG_5413-Medium-1024x683.jpg 1024w, https:\/\/www.celttv.com.ar\/wp-content\/uploads\/2019\/12\/IMG_5413-Medium-768x512.jpg 768w, https:\/\/www.celttv.com.ar\/wp-content\/uploads\/2019\/12\/IMG_5413-Medium-750x500.jpg 750w, https:\/\/www.celttv.com.ar\/wp-content\/uploads\/2019\/12\/IMG_5413-Medium-1140x760.jpg 1140w\" sizes=\"auto, (max-width: 780px) 100vw, 780px\" \/><\/a> <a href=\"http:\/\/www.celttv.com.ar\/?attachment_id=46366\" rel=\"attachment wp-att-46366\"><img loading=\"lazy\" decoding=\"async\" class=\"alignleft size-medium wp-image-46366\" src=\"http:\/\/www.celttv.com.ar\/wp-content\/uploads\/2019\/12\/IMG_5421-Medium.jpg\" alt=\"\" width=\"780\" height=\"520\" srcset=\"https:\/\/www.celttv.com.ar\/wp-content\/uploads\/2019\/12\/IMG_5421-Medium.jpg 1152w, https:\/\/www.celttv.com.ar\/wp-content\/uploads\/2019\/12\/IMG_5421-Medium-300x200.jpg 300w, https:\/\/www.celttv.com.ar\/wp-content\/uploads\/2019\/12\/IMG_5421-Medium-1024x683.jpg 1024w, https:\/\/www.celttv.com.ar\/wp-content\/uploads\/2019\/12\/IMG_5421-Medium-768x512.jpg 768w, https:\/\/www.celttv.com.ar\/wp-content\/uploads\/2019\/12\/IMG_5421-Medium-750x500.jpg 750w, https:\/\/www.celttv.com.ar\/wp-content\/uploads\/2019\/12\/IMG_5421-Medium-1140x760.jpg 1140w\" sizes=\"auto, (max-width: 780px) 100vw, 780px\" \/><\/a> <a href=\"http:\/\/www.celttv.com.ar\/?attachment_id=46367\" rel=\"attachment wp-att-46367\"><img loading=\"lazy\" decoding=\"async\" class=\"alignleft size-medium wp-image-46367\" src=\"http:\/\/www.celttv.com.ar\/wp-content\/uploads\/2019\/12\/IMG_5422-Medium.jpg\" alt=\"\" width=\"780\" height=\"520\" srcset=\"https:\/\/www.celttv.com.ar\/wp-content\/uploads\/2019\/12\/IMG_5422-Medium.jpg 1152w, https:\/\/www.celttv.com.ar\/wp-content\/uploads\/2019\/12\/IMG_5422-Medium-300x200.jpg 300w, https:\/\/www.celttv.com.ar\/wp-content\/uploads\/2019\/12\/IMG_5422-Medium-1024x683.jpg 1024w, https:\/\/www.celttv.com.ar\/wp-content\/uploads\/2019\/12\/IMG_5422-Medium-768x512.jpg 768w, https:\/\/www.celttv.com.ar\/wp-content\/uploads\/2019\/12\/IMG_5422-Medium-750x500.jpg 750w, https:\/\/www.celttv.com.ar\/wp-content\/uploads\/2019\/12\/IMG_5422-Medium-1140x760.jpg 1140w\" sizes=\"auto, (max-width: 780px) 100vw, 780px\" \/><\/a> <a href=\"http:\/\/www.celttv.com.ar\/?attachment_id=46368\" rel=\"attachment wp-att-46368\"><img loading=\"lazy\" decoding=\"async\" class=\"alignleft size-medium wp-image-46368\" src=\"http:\/\/www.celttv.com.ar\/wp-content\/uploads\/2019\/12\/IMG_5423-Medium.jpg\" alt=\"\" width=\"780\" height=\"520\" srcset=\"https:\/\/www.celttv.com.ar\/wp-content\/uploads\/2019\/12\/IMG_5423-Medium.jpg 1152w, https:\/\/www.celttv.com.ar\/wp-content\/uploads\/2019\/12\/IMG_5423-Medium-300x200.jpg 300w, https:\/\/www.celttv.com.ar\/wp-content\/uploads\/2019\/12\/IMG_5423-Medium-1024x683.jpg 1024w, https:\/\/www.celttv.com.ar\/wp-content\/uploads\/2019\/12\/IMG_5423-Medium-768x512.jpg 768w, https:\/\/www.celttv.com.ar\/wp-content\/uploads\/2019\/12\/IMG_5423-Medium-750x500.jpg 750w, https:\/\/www.celttv.com.ar\/wp-content\/uploads\/2019\/12\/IMG_5423-Medium-1140x760.jpg 1140w\" sizes=\"auto, (max-width: 780px) 100vw, 780px\" \/><\/a> <a href=\"http:\/\/www.celttv.com.ar\/?attachment_id=46369\" rel=\"attachment wp-att-46369\"><img loading=\"lazy\" decoding=\"async\" class=\"alignleft size-medium wp-image-46369\" src=\"http:\/\/www.celttv.com.ar\/wp-content\/uploads\/2019\/12\/IMG_5429-Medium.jpg\" alt=\"\" width=\"780\" height=\"520\" srcset=\"https:\/\/www.celttv.com.ar\/wp-content\/uploads\/2019\/12\/IMG_5429-Medium.jpg 1152w, https:\/\/www.celttv.com.ar\/wp-content\/uploads\/2019\/12\/IMG_5429-Medium-300x200.jpg 300w, https:\/\/www.celttv.com.ar\/wp-content\/uploads\/2019\/12\/IMG_5429-Medium-1024x683.jpg 1024w, https:\/\/www.celttv.com.ar\/wp-content\/uploads\/2019\/12\/IMG_5429-Medium-768x512.jpg 768w, https:\/\/www.celttv.com.ar\/wp-content\/uploads\/2019\/12\/IMG_5429-Medium-750x500.jpg 750w, https:\/\/www.celttv.com.ar\/wp-content\/uploads\/2019\/12\/IMG_5429-Medium-1140x760.jpg 1140w\" sizes=\"auto, (max-width: 780px) 100vw, 780px\" \/><\/a> <a href=\"http:\/\/www.celttv.com.ar\/?attachment_id=46370\" rel=\"attachment wp-att-46370\"><img loading=\"lazy\" decoding=\"async\" class=\"alignleft size-medium wp-image-46370\" src=\"http:\/\/www.celttv.com.ar\/wp-content\/uploads\/2019\/12\/IMG_5435-Medium.jpg\" alt=\"\" width=\"780\" height=\"520\" srcset=\"https:\/\/www.celttv.com.ar\/wp-content\/uploads\/2019\/12\/IMG_5435-Medium.jpg 1152w, https:\/\/www.celttv.com.ar\/wp-content\/uploads\/2019\/12\/IMG_5435-Medium-300x200.jpg 300w, https:\/\/www.celttv.com.ar\/wp-content\/uploads\/2019\/12\/IMG_5435-Medium-1024x683.jpg 1024w, https:\/\/www.celttv.com.ar\/wp-content\/uploads\/2019\/12\/IMG_5435-Medium-768x512.jpg 768w, https:\/\/www.celttv.com.ar\/wp-content\/uploads\/2019\/12\/IMG_5435-Medium-750x500.jpg 750w, https:\/\/www.celttv.com.ar\/wp-content\/uploads\/2019\/12\/IMG_5435-Medium-1140x760.jpg 1140w\" sizes=\"auto, (max-width: 780px) 100vw, 780px\" \/><\/a> <a href=\"http:\/\/www.celttv.com.ar\/?attachment_id=46371\" rel=\"attachment wp-att-46371\"><img loading=\"lazy\" decoding=\"async\" class=\"alignleft size-medium wp-image-46371\" src=\"http:\/\/www.celttv.com.ar\/wp-content\/uploads\/2019\/12\/IMG_5438-Medium.jpg\" alt=\"\" width=\"780\" height=\"520\" srcset=\"https:\/\/www.celttv.com.ar\/wp-content\/uploads\/2019\/12\/IMG_5438-Medium.jpg 1152w, https:\/\/www.celttv.com.ar\/wp-content\/uploads\/2019\/12\/IMG_5438-Medium-300x200.jpg 300w, https:\/\/www.celttv.com.ar\/wp-content\/uploads\/2019\/12\/IMG_5438-Medium-1024x683.jpg 1024w, https:\/\/www.celttv.com.ar\/wp-content\/uploads\/2019\/12\/IMG_5438-Medium-768x512.jpg 768w, https:\/\/www.celttv.com.ar\/wp-content\/uploads\/2019\/12\/IMG_5438-Medium-750x500.jpg 750w, https:\/\/www.celttv.com.ar\/wp-content\/uploads\/2019\/12\/IMG_5438-Medium-1140x760.jpg 1140w\" sizes=\"auto, (max-width: 780px) 100vw, 780px\" \/><\/a> <a href=\"http:\/\/www.celttv.com.ar\/?attachment_id=46372\" rel=\"attachment wp-att-46372\"><img loading=\"lazy\" decoding=\"async\" class=\"alignleft size-medium wp-image-46372\" src=\"http:\/\/www.celttv.com.ar\/wp-content\/uploads\/2019\/12\/IMG_5445-Medium.jpg\" alt=\"\" width=\"780\" height=\"520\" srcset=\"https:\/\/www.celttv.com.ar\/wp-content\/uploads\/2019\/12\/IMG_5445-Medium.jpg 1152w, https:\/\/www.celttv.com.ar\/wp-content\/uploads\/2019\/12\/IMG_5445-Medium-300x200.jpg 300w, https:\/\/www.celttv.com.ar\/wp-content\/uploads\/2019\/12\/IMG_5445-Medium-1024x683.jpg 1024w, https:\/\/www.celttv.com.ar\/wp-content\/uploads\/2019\/12\/IMG_5445-Medium-768x512.jpg 768w, https:\/\/www.celttv.com.ar\/wp-content\/uploads\/2019\/12\/IMG_5445-Medium-750x500.jpg 750w, https:\/\/www.celttv.com.ar\/wp-content\/uploads\/2019\/12\/IMG_5445-Medium-1140x760.jpg 1140w\" sizes=\"auto, (max-width: 780px) 100vw, 780px\" \/><\/a><\/div>\n","protected":false},"excerpt":{"rendered":"<p>Todos los ingredientes conjugados para lograr un combo ideal en una nueva inauguraci\u00f3n de temporada en el Club de Pesca Tornquist. \u00a0El clima un factor determinante Un d\u00eda \u201calquilado\u201d dir\u00eda un veterano lagunero cuando muy temprano fue a recorrer el sector de los asadores y aprovech\u00f3 para acercarse al sector de espig\u00f3n y de playa. [&hellip;]<\/p>\n","protected":false},"author":1,"featured_media":46361,"comment_status":"closed","ping_status":"open","sticky":false,"template":"","format":"standard","meta":{"footnotes":""},"categories":[51,52],"tags":[],"class_list":["post-46350","post","type-post","status-publish","format-standard","has-post-thumbnail","hentry","category-comunidad","category-destacadas"],"yoast_head":"<!-- This site is optimized with the Yoast SEO plugin v19.7.1 - https:\/\/yoast.com\/wordpress\/plugins\/seo\/ -->\n<title>\u00a0Laguna: Literatura, la mano de los asadores y una d\u00eda espectacular (fotos) - CELTTV<\/title>\n<meta name=\"description\" content=\"Sitio web de noticias de la localidad de Tornquist, provincia de Buenos Aires, Rep\u00fablica Argentina. Contenido propio originado por periodistas de CELTTV, el canal de TV local de la Cooperativa El\u00e9ctrica de Tornquist. Turismo, Pol\u00edtica, Sociedad, Deporte, Cultura y todo el contenido de inter\u00e9s general que la gente del pueblo y la regi\u00f3n debe conocer.\" \/>\n<meta name=\"robots\" content=\"index, follow, max-snippet:-1, max-image-preview:large, max-video-preview:-1\" \/>\n<link rel=\"canonical\" href=\"https:\/\/www.celttv.com.ar\/index.php\/2019\/12\/17\/laguna-literatura-la-mano-de-los-asadores-y-una-dia-espectacular\/\" \/>\n<meta property=\"og:locale\" content=\"es_ES\" \/>\n<meta property=\"og:type\" content=\"article\" \/>\n<meta property=\"og:title\" content=\"\u00a0Laguna: Literatura, la mano de los asadores y una d\u00eda espectacular (fotos) - CELTTV\" \/>\n<meta property=\"og:description\" content=\"Sitio web de noticias de la localidad de Tornquist, provincia de Buenos Aires, Rep\u00fablica Argentina. Contenido propio originado por periodistas de CELTTV, el canal de TV local de la Cooperativa El\u00e9ctrica de Tornquist. Turismo, Pol\u00edtica, Sociedad, Deporte, Cultura y todo el contenido de inter\u00e9s general que la gente del pueblo y la regi\u00f3n debe conocer.\" \/>\n<meta property=\"og:url\" content=\"https:\/\/www.celttv.com.ar\/index.php\/2019\/12\/17\/laguna-literatura-la-mano-de-los-asadores-y-una-dia-espectacular\/\" \/>\n<meta property=\"og:site_name\" content=\"CELTTV\" \/>\n<meta property=\"article:publisher\" content=\"https:\/\/www.facebook.com\/celtTV\/\" \/>\n<meta property=\"article:published_time\" content=\"2019-12-17T00:17:40+00:00\" \/>\n<meta property=\"og:image\" content=\"https:\/\/www.celttv.com.ar\/wp-content\/uploads\/2019\/12\/IMG_5406-Medium.jpg\" \/>\n\t<meta property=\"og:image:width\" content=\"1152\" \/>\n\t<meta property=\"og:image:height\" content=\"768\" \/>\n\t<meta property=\"og:image:type\" content=\"image\/jpeg\" \/>\n<meta name=\"author\" content=\"ulises\" \/>\n<meta name=\"twitter:card\" content=\"summary_large_image\" \/>\n<meta name=\"twitter:label1\" content=\"Escrito por\" \/>\n\t<meta name=\"twitter:data1\" content=\"ulises\" \/>\n\t<meta name=\"twitter:label2\" content=\"Tiempo de lectura\" \/>\n\t<meta name=\"twitter:data2\" content=\"7 minutos\" \/>\n<script type=\"application\/ld+json\" class=\"yoast-schema-graph\">{\"@context\":\"https:\/\/schema.org\",\"@graph\":[{\"@type\":\"NewsArticle\",\"@id\":\"https:\/\/www.celttv.com.ar\/index.php\/2019\/12\/17\/laguna-literatura-la-mano-de-los-asadores-y-una-dia-espectacular\/#article\",\"isPartOf\":{\"@id\":\"https:\/\/www.celttv.com.ar\/index.php\/2019\/12\/17\/laguna-literatura-la-mano-de-los-asadores-y-una-dia-espectacular\/\"},\"author\":{\"name\":\"ulises\",\"@id\":\"https:\/\/www.celttv.com.ar\/#\/schema\/person\/6d99c072dba59953809c81446e9d0ace\"},\"headline\":\"\u00a0Laguna: Literatura, la mano de los asadores y una d\u00eda espectacular (fotos)\",\"datePublished\":\"2019-12-17T00:17:40+00:00\",\"dateModified\":\"2019-12-17T00:17:40+00:00\",\"mainEntityOfPage\":{\"@id\":\"https:\/\/www.celttv.com.ar\/index.php\/2019\/12\/17\/laguna-literatura-la-mano-de-los-asadores-y-una-dia-espectacular\/\"},\"wordCount\":1465,\"publisher\":{\"@id\":\"https:\/\/www.celttv.com.ar\/#organization\"},\"articleSection\":[\"Comunidad\",\"Destacadas\"],\"inLanguage\":\"es\"},{\"@type\":\"WebPage\",\"@id\":\"https:\/\/www.celttv.com.ar\/index.php\/2019\/12\/17\/laguna-literatura-la-mano-de-los-asadores-y-una-dia-espectacular\/\",\"url\":\"https:\/\/www.celttv.com.ar\/index.php\/2019\/12\/17\/laguna-literatura-la-mano-de-los-asadores-y-una-dia-espectacular\/\",\"name\":\"\u00a0Laguna: Literatura, la mano de los asadores y una d\u00eda espectacular (fotos) - CELTTV\",\"isPartOf\":{\"@id\":\"https:\/\/www.celttv.com.ar\/#website\"},\"datePublished\":\"2019-12-17T00:17:40+00:00\",\"dateModified\":\"2019-12-17T00:17:40+00:00\",\"description\":\"Sitio web de noticias de la localidad de Tornquist, provincia de Buenos Aires, Rep\u00fablica Argentina. Contenido propio originado por periodistas de CELTTV, el canal de TV local de la Cooperativa El\u00e9ctrica de Tornquist. Turismo, Pol\u00edtica, Sociedad, Deporte, Cultura y todo el contenido de inter\u00e9s general que la gente del pueblo y la regi\u00f3n debe conocer.\",\"breadcrumb\":{\"@id\":\"https:\/\/www.celttv.com.ar\/index.php\/2019\/12\/17\/laguna-literatura-la-mano-de-los-asadores-y-una-dia-espectacular\/#breadcrumb\"},\"inLanguage\":\"es\",\"potentialAction\":[{\"@type\":\"ReadAction\",\"target\":[\"https:\/\/www.celttv.com.ar\/index.php\/2019\/12\/17\/laguna-literatura-la-mano-de-los-asadores-y-una-dia-espectacular\/\"]}]},{\"@type\":\"BreadcrumbList\",\"@id\":\"https:\/\/www.celttv.com.ar\/index.php\/2019\/12\/17\/laguna-literatura-la-mano-de-los-asadores-y-una-dia-espectacular\/#breadcrumb\",\"itemListElement\":[{\"@type\":\"ListItem\",\"position\":1,\"name\":\"Inicio\",\"item\":\"https:\/\/www.celttv.com.ar\/\"},{\"@type\":\"ListItem\",\"position\":2,\"name\":\"\u00a0Laguna: Literatura, la mano de los asadores y una d\u00eda espectacular (fotos)\"}]},{\"@type\":\"WebSite\",\"@id\":\"https:\/\/www.celttv.com.ar\/#website\",\"url\":\"https:\/\/www.celttv.com.ar\/\",\"name\":\"CELTTV\",\"description\":\"Cooperativa El\u00e9ctrica de Tornquist\",\"publisher\":{\"@id\":\"https:\/\/www.celttv.com.ar\/#organization\"},\"potentialAction\":[{\"@type\":\"SearchAction\",\"target\":{\"@type\":\"EntryPoint\",\"urlTemplate\":\"https:\/\/www.celttv.com.ar\/?s={search_term_string}\"},\"query-input\":\"required name=search_term_string\"}],\"inLanguage\":\"es\"},{\"@type\":\"Organization\",\"@id\":\"https:\/\/www.celttv.com.ar\/#organization\",\"name\":\"CELTTV\",\"url\":\"https:\/\/www.celttv.com.ar\/\",\"sameAs\":[\"https:\/\/www.youtube.com\/channel\/UCz_oIt8Hig64Ub-EmcNPIhg\",\"https:\/\/www.facebook.com\/celtTV\/\"],\"logo\":{\"@type\":\"ImageObject\",\"inLanguage\":\"es\",\"@id\":\"https:\/\/www.celttv.com.ar\/#\/schema\/logo\/image\/\",\"url\":\"http:\/\/www.celttv.com.ar\/wp-content\/uploads\/2022\/08\/logo-1.png\",\"contentUrl\":\"http:\/\/www.celttv.com.ar\/wp-content\/uploads\/2022\/08\/logo-1.png\",\"width\":461,\"height\":159,\"caption\":\"CELTTV\"},\"image\":{\"@id\":\"https:\/\/www.celttv.com.ar\/#\/schema\/logo\/image\/\"}},{\"@type\":\"Person\",\"@id\":\"https:\/\/www.celttv.com.ar\/#\/schema\/person\/6d99c072dba59953809c81446e9d0ace\",\"name\":\"ulises\",\"image\":{\"@type\":\"ImageObject\",\"inLanguage\":\"es\",\"@id\":\"https:\/\/www.celttv.com.ar\/#\/schema\/person\/image\/\",\"url\":\"https:\/\/secure.gravatar.com\/avatar\/7f2c48bdc33b30088f941fb6082e555f2874c98e20cb159d7b92b50eadfce793?s=96&d=mm&r=g\",\"contentUrl\":\"https:\/\/secure.gravatar.com\/avatar\/7f2c48bdc33b30088f941fb6082e555f2874c98e20cb159d7b92b50eadfce793?s=96&d=mm&r=g\",\"caption\":\"ulises\"},\"sameAs\":[\"http:\/\/www.celttv.com.ar\"]}]}<\/script>\n<!-- \/ Yoast SEO plugin. -->","yoast_head_json":{"title":"\u00a0Laguna: Literatura, la mano de los asadores y una d\u00eda espectacular (fotos) - CELTTV","description":"Sitio web de noticias de la localidad de Tornquist, provincia de Buenos Aires, Rep\u00fablica Argentina. Contenido propio originado por periodistas de CELTTV, el canal de TV local de la Cooperativa El\u00e9ctrica de Tornquist. Turismo, Pol\u00edtica, Sociedad, Deporte, Cultura y todo el contenido de inter\u00e9s general que la gente del pueblo y la regi\u00f3n debe conocer.","robots":{"index":"index","follow":"follow","max-snippet":"max-snippet:-1","max-image-preview":"max-image-preview:large","max-video-preview":"max-video-preview:-1"},"canonical":"https:\/\/www.celttv.com.ar\/index.php\/2019\/12\/17\/laguna-literatura-la-mano-de-los-asadores-y-una-dia-espectacular\/","og_locale":"es_ES","og_type":"article","og_title":"\u00a0Laguna: Literatura, la mano de los asadores y una d\u00eda espectacular (fotos) - CELTTV","og_description":"Sitio web de noticias de la localidad de Tornquist, provincia de Buenos Aires, Rep\u00fablica Argentina. Contenido propio originado por periodistas de CELTTV, el canal de TV local de la Cooperativa El\u00e9ctrica de Tornquist. Turismo, Pol\u00edtica, Sociedad, Deporte, Cultura y todo el contenido de inter\u00e9s general que la gente del pueblo y la regi\u00f3n debe conocer.","og_url":"https:\/\/www.celttv.com.ar\/index.php\/2019\/12\/17\/laguna-literatura-la-mano-de-los-asadores-y-una-dia-espectacular\/","og_site_name":"CELTTV","article_publisher":"https:\/\/www.facebook.com\/celtTV\/","article_published_time":"2019-12-17T00:17:40+00:00","og_image":[{"width":1152,"height":768,"url":"https:\/\/www.celttv.com.ar\/wp-content\/uploads\/2019\/12\/IMG_5406-Medium.jpg","type":"image\/jpeg"}],"author":"ulises","twitter_card":"summary_large_image","twitter_misc":{"Escrito por":"ulises","Tiempo de lectura":"7 minutos"},"schema":{"@context":"https:\/\/schema.org","@graph":[{"@type":"NewsArticle","@id":"https:\/\/www.celttv.com.ar\/index.php\/2019\/12\/17\/laguna-literatura-la-mano-de-los-asadores-y-una-dia-espectacular\/#article","isPartOf":{"@id":"https:\/\/www.celttv.com.ar\/index.php\/2019\/12\/17\/laguna-literatura-la-mano-de-los-asadores-y-una-dia-espectacular\/"},"author":{"name":"ulises","@id":"https:\/\/www.celttv.com.ar\/#\/schema\/person\/6d99c072dba59953809c81446e9d0ace"},"headline":"\u00a0Laguna: Literatura, la mano de los asadores y una d\u00eda espectacular (fotos)","datePublished":"2019-12-17T00:17:40+00:00","dateModified":"2019-12-17T00:17:40+00:00","mainEntityOfPage":{"@id":"https:\/\/www.celttv.com.ar\/index.php\/2019\/12\/17\/laguna-literatura-la-mano-de-los-asadores-y-una-dia-espectacular\/"},"wordCount":1465,"publisher":{"@id":"https:\/\/www.celttv.com.ar\/#organization"},"articleSection":["Comunidad","Destacadas"],"inLanguage":"es"},{"@type":"WebPage","@id":"https:\/\/www.celttv.com.ar\/index.php\/2019\/12\/17\/laguna-literatura-la-mano-de-los-asadores-y-una-dia-espectacular\/","url":"https:\/\/www.celttv.com.ar\/index.php\/2019\/12\/17\/laguna-literatura-la-mano-de-los-asadores-y-una-dia-espectacular\/","name":"\u00a0Laguna: Literatura, la mano de los asadores y una d\u00eda espectacular (fotos) - CELTTV","isPartOf":{"@id":"https:\/\/www.celttv.com.ar\/#website"},"datePublished":"2019-12-17T00:17:40+00:00","dateModified":"2019-12-17T00:17:40+00:00","description":"Sitio web de noticias de la localidad de Tornquist, provincia de Buenos Aires, Rep\u00fablica Argentina. Contenido propio originado por periodistas de CELTTV, el canal de TV local de la Cooperativa El\u00e9ctrica de Tornquist. Turismo, Pol\u00edtica, Sociedad, Deporte, Cultura y todo el contenido de inter\u00e9s general que la gente del pueblo y la regi\u00f3n debe conocer.","breadcrumb":{"@id":"https:\/\/www.celttv.com.ar\/index.php\/2019\/12\/17\/laguna-literatura-la-mano-de-los-asadores-y-una-dia-espectacular\/#breadcrumb"},"inLanguage":"es","potentialAction":[{"@type":"ReadAction","target":["https:\/\/www.celttv.com.ar\/index.php\/2019\/12\/17\/laguna-literatura-la-mano-de-los-asadores-y-una-dia-espectacular\/"]}]},{"@type":"BreadcrumbList","@id":"https:\/\/www.celttv.com.ar\/index.php\/2019\/12\/17\/laguna-literatura-la-mano-de-los-asadores-y-una-dia-espectacular\/#breadcrumb","itemListElement":[{"@type":"ListItem","position":1,"name":"Inicio","item":"https:\/\/www.celttv.com.ar\/"},{"@type":"ListItem","position":2,"name":"\u00a0Laguna: Literatura, la mano de los asadores y una d\u00eda espectacular (fotos)"}]},{"@type":"WebSite","@id":"https:\/\/www.celttv.com.ar\/#website","url":"https:\/\/www.celttv.com.ar\/","name":"CELTTV","description":"Cooperativa El\u00e9ctrica de Tornquist","publisher":{"@id":"https:\/\/www.celttv.com.ar\/#organization"},"potentialAction":[{"@type":"SearchAction","target":{"@type":"EntryPoint","urlTemplate":"https:\/\/www.celttv.com.ar\/?s={search_term_string}"},"query-input":"required name=search_term_string"}],"inLanguage":"es"},{"@type":"Organization","@id":"https:\/\/www.celttv.com.ar\/#organization","name":"CELTTV","url":"https:\/\/www.celttv.com.ar\/","sameAs":["https:\/\/www.youtube.com\/channel\/UCz_oIt8Hig64Ub-EmcNPIhg","https:\/\/www.facebook.com\/celtTV\/"],"logo":{"@type":"ImageObject","inLanguage":"es","@id":"https:\/\/www.celttv.com.ar\/#\/schema\/logo\/image\/","url":"http:\/\/www.celttv.com.ar\/wp-content\/uploads\/2022\/08\/logo-1.png","contentUrl":"http:\/\/www.celttv.com.ar\/wp-content\/uploads\/2022\/08\/logo-1.png","width":461,"height":159,"caption":"CELTTV"},"image":{"@id":"https:\/\/www.celttv.com.ar\/#\/schema\/logo\/image\/"}},{"@type":"Person","@id":"https:\/\/www.celttv.com.ar\/#\/schema\/person\/6d99c072dba59953809c81446e9d0ace","name":"ulises","image":{"@type":"ImageObject","inLanguage":"es","@id":"https:\/\/www.celttv.com.ar\/#\/schema\/person\/image\/","url":"https:\/\/secure.gravatar.com\/avatar\/7f2c48bdc33b30088f941fb6082e555f2874c98e20cb159d7b92b50eadfce793?s=96&d=mm&r=g","contentUrl":"https:\/\/secure.gravatar.com\/avatar\/7f2c48bdc33b30088f941fb6082e555f2874c98e20cb159d7b92b50eadfce793?s=96&d=mm&r=g","caption":"ulises"},"sameAs":["http:\/\/www.celttv.com.ar"]}]}},"_links":{"self":[{"href":"https:\/\/www.celttv.com.ar\/index.php\/wp-json\/wp\/v2\/posts\/46350","targetHints":{"allow":["GET"]}}],"collection":[{"href":"https:\/\/www.celttv.com.ar\/index.php\/wp-json\/wp\/v2\/posts"}],"about":[{"href":"https:\/\/www.celttv.com.ar\/index.php\/wp-json\/wp\/v2\/types\/post"}],"author":[{"embeddable":true,"href":"https:\/\/www.celttv.com.ar\/index.php\/wp-json\/wp\/v2\/users\/1"}],"replies":[{"embeddable":true,"href":"https:\/\/www.celttv.com.ar\/index.php\/wp-json\/wp\/v2\/comments?post=46350"}],"version-history":[{"count":0,"href":"https:\/\/www.celttv.com.ar\/index.php\/wp-json\/wp\/v2\/posts\/46350\/revisions"}],"wp:featuredmedia":[{"embeddable":true,"href":"https:\/\/www.celttv.com.ar\/index.php\/wp-json\/wp\/v2\/media\/46361"}],"wp:attachment":[{"href":"https:\/\/www.celttv.com.ar\/index.php\/wp-json\/wp\/v2\/media?parent=46350"}],"wp:term":[{"taxonomy":"category","embeddable":true,"href":"https:\/\/www.celttv.com.ar\/index.php\/wp-json\/wp\/v2\/categories?post=46350"},{"taxonomy":"post_tag","embeddable":true,"href":"https:\/\/www.celttv.com.ar\/index.php\/wp-json\/wp\/v2\/tags?post=46350"}],"curies":[{"name":"wp","href":"https:\/\/api.w.org\/{rel}","templated":true}]}}