{"id":46540,"date":"2020-01-08T00:40:17","date_gmt":"2020-01-08T00:40:17","guid":{"rendered":"http:\/\/www.celttv.com.ar\/?p=46540"},"modified":"2020-01-08T00:40:17","modified_gmt":"2020-01-08T00:40:17","slug":"iniciaron-las-actividades-en-la-escuela-municipal-de-natacion","status":"publish","type":"post","link":"https:\/\/www.celttv.com.ar\/index.php\/2020\/01\/08\/iniciaron-las-actividades-en-la-escuela-municipal-de-natacion\/","title":{"rendered":"Iniciaron las actividades en la Escuela Municipal de Nataci\u00f3n"},"content":{"rendered":"<p><a href=\"http:\/\/www.celttv.com.ar\/?attachment_id=46543\" rel=\"attachment wp-att-46543\"><img loading=\"lazy\" decoding=\"async\" class=\"alignleft size-full wp-image-46543\" src=\"http:\/\/www.celttv.com.ar\/wp-content\/uploads\/2020\/01\/WhatsApp-Image-2020-01-07-at-14.11.20-1-720x380-1.jpeg\" alt=\"\" width=\"720\" height=\"380\" srcset=\"https:\/\/www.celttv.com.ar\/wp-content\/uploads\/2020\/01\/WhatsApp-Image-2020-01-07-at-14.11.20-1-720x380-1.jpeg 720w, https:\/\/www.celttv.com.ar\/wp-content\/uploads\/2020\/01\/WhatsApp-Image-2020-01-07-at-14.11.20-1-720x380-1-300x158.jpeg 300w\" sizes=\"auto, (max-width: 720px) 100vw, 720px\" \/><\/a> <a href=\"http:\/\/www.celttv.com.ar\/?attachment_id=46544\" rel=\"attachment wp-att-46544\"><img loading=\"lazy\" decoding=\"async\" class=\"alignleft size-medium wp-image-46544\" src=\"http:\/\/www.celttv.com.ar\/wp-content\/uploads\/2020\/01\/WhatsApp-Image-2020-01-07-at-14.11.20-2-768x1024-1.jpeg\" alt=\"\" width=\"585\" height=\"780\" srcset=\"https:\/\/www.celttv.com.ar\/wp-content\/uploads\/2020\/01\/WhatsApp-Image-2020-01-07-at-14.11.20-2-768x1024-1.jpeg 768w, https:\/\/www.celttv.com.ar\/wp-content\/uploads\/2020\/01\/WhatsApp-Image-2020-01-07-at-14.11.20-2-768x1024-1-225x300.jpeg 225w, https:\/\/www.celttv.com.ar\/wp-content\/uploads\/2020\/01\/WhatsApp-Image-2020-01-07-at-14.11.20-2-768x1024-1-750x1000.jpeg 750w\" sizes=\"auto, (max-width: 585px) 100vw, 585px\" \/><\/a> <a href=\"http:\/\/www.celttv.com.ar\/?attachment_id=46545\" rel=\"attachment wp-att-46545\"><img loading=\"lazy\" decoding=\"async\" class=\"alignleft size-medium wp-image-46545\" src=\"http:\/\/www.celttv.com.ar\/wp-content\/uploads\/2020\/01\/WhatsApp-Image-2020-01-07-at-14.11.20-3-768x1024-1.jpeg\" alt=\"\" width=\"585\" height=\"780\" srcset=\"https:\/\/www.celttv.com.ar\/wp-content\/uploads\/2020\/01\/WhatsApp-Image-2020-01-07-at-14.11.20-3-768x1024-1.jpeg 768w, https:\/\/www.celttv.com.ar\/wp-content\/uploads\/2020\/01\/WhatsApp-Image-2020-01-07-at-14.11.20-3-768x1024-1-225x300.jpeg 225w, https:\/\/www.celttv.com.ar\/wp-content\/uploads\/2020\/01\/WhatsApp-Image-2020-01-07-at-14.11.20-3-768x1024-1-750x1000.jpeg 750w\" sizes=\"auto, (max-width: 585px) 100vw, 585px\" \/><\/a> <a href=\"http:\/\/www.celttv.com.ar\/?attachment_id=46546\" rel=\"attachment wp-att-46546\"><img loading=\"lazy\" decoding=\"async\" class=\"alignleft size-medium wp-image-46546\" src=\"http:\/\/www.celttv.com.ar\/wp-content\/uploads\/2020\/01\/WhatsApp-Image-2020-01-07-at-14.11.20-1024x768-1.jpeg\" alt=\"\" width=\"780\" height=\"585\" srcset=\"https:\/\/www.celttv.com.ar\/wp-content\/uploads\/2020\/01\/WhatsApp-Image-2020-01-07-at-14.11.20-1024x768-1.jpeg 1024w, https:\/\/www.celttv.com.ar\/wp-content\/uploads\/2020\/01\/WhatsApp-Image-2020-01-07-at-14.11.20-1024x768-1-300x225.jpeg 300w, https:\/\/www.celttv.com.ar\/wp-content\/uploads\/2020\/01\/WhatsApp-Image-2020-01-07-at-14.11.20-1024x768-1-768x576.jpeg 768w, https:\/\/www.celttv.com.ar\/wp-content\/uploads\/2020\/01\/WhatsApp-Image-2020-01-07-at-14.11.20-1024x768-1-750x563.jpeg 750w\" sizes=\"auto, (max-width: 780px) 100vw, 780px\" \/><\/a> <a href=\"http:\/\/www.celttv.com.ar\/?attachment_id=46547\" rel=\"attachment wp-att-46547\"><img loading=\"lazy\" decoding=\"async\" class=\"alignleft size-medium wp-image-46547\" src=\"http:\/\/www.celttv.com.ar\/wp-content\/uploads\/2020\/01\/WhatsApp-Image-2020-01-07-at-14.11.21-768x1024-1.jpeg\" alt=\"\" width=\"585\" height=\"780\" srcset=\"https:\/\/www.celttv.com.ar\/wp-content\/uploads\/2020\/01\/WhatsApp-Image-2020-01-07-at-14.11.21-768x1024-1.jpeg 768w, https:\/\/www.celttv.com.ar\/wp-content\/uploads\/2020\/01\/WhatsApp-Image-2020-01-07-at-14.11.21-768x1024-1-225x300.jpeg 225w, https:\/\/www.celttv.com.ar\/wp-content\/uploads\/2020\/01\/WhatsApp-Image-2020-01-07-at-14.11.21-768x1024-1-750x1000.jpeg 750w\" sizes=\"auto, (max-width: 585px) 100vw, 585px\" \/><\/a> <a href=\"http:\/\/www.celttv.com.ar\/?attachment_id=46548\" rel=\"attachment wp-att-46548\"><img loading=\"lazy\" decoding=\"async\" class=\"alignleft size-medium wp-image-46548\" src=\"http:\/\/www.celttv.com.ar\/wp-content\/uploads\/2020\/01\/WhatsApp-Image-2020-01-07-at-14.11.21-768x1024-2.jpeg\" alt=\"\" width=\"585\" height=\"780\" srcset=\"https:\/\/www.celttv.com.ar\/wp-content\/uploads\/2020\/01\/WhatsApp-Image-2020-01-07-at-14.11.21-768x1024-2.jpeg 768w, https:\/\/www.celttv.com.ar\/wp-content\/uploads\/2020\/01\/WhatsApp-Image-2020-01-07-at-14.11.21-768x1024-2-225x300.jpeg 225w, https:\/\/www.celttv.com.ar\/wp-content\/uploads\/2020\/01\/WhatsApp-Image-2020-01-07-at-14.11.21-768x1024-2-750x1000.jpeg 750w\" sizes=\"auto, (max-width: 585px) 100vw, 585px\" \/><\/a>Esta semana comenzaron las actividades en la Escuela Municipal de Nataci\u00f3n en las piletas municipales.<\/p>\n<p>Las clases, destinadas a ni\u00f1os de 5 a 15 a\u00f1os, se dictan los martes, jueves y viernes. A continuaci\u00f3n, se detallan los horarios de cada categor\u00eda:<\/p>\n<p>Tortuguita: de 11 a 12 hs.<\/p>\n<p>Caballito de mar 1: de 10 a 11 hs.<\/p>\n<p>Caballito de mar 2: de 11 a 12 hs.<\/p>\n<p>Pulpo 1, foca y delf\u00edn: de 10 a 11 hs.<\/p>\n<p>Pulpo 2: de 11 a 12 hs.<\/p>\n<p>Las clases continuar\u00e1n hasta el viernes 14 de febrero.<\/p>\n<p>Se recuerda que dicha actividad articula con la escuelita de verano.<\/p>\n<p>Desde deportes informaron que a\u00fan pueden sumarse y comenzar la actividad que es totalmente gratuita. Los interesados pueden inscribirse acerc\u00e1ndose a las piletas los d\u00edas martes, jueves y viernes de 10 a 12.00 hs.<\/p>\n","protected":false},"excerpt":{"rendered":"<p>Esta semana comenzaron las actividades en la Escuela Municipal de Nataci\u00f3n en las piletas municipales. Las clases, destinadas a ni\u00f1os de 5 a 15 a\u00f1os, se dictan los martes, jueves y viernes. A continuaci\u00f3n, se detallan los horarios de cada categor\u00eda: Tortuguita: de 11 a 12 hs. Caballito de mar 1: de 10 a 11 [&hellip;]<\/p>\n","protected":false},"author":1,"featured_media":46542,"comment_status":"closed","ping_status":"open","sticky":false,"template":"","format":"standard","meta":{"footnotes":""},"categories":[55,51,60,62,52],"tags":[],"class_list":["post-46540","post","type-post","status-publish","format-standard","has-post-thumbnail","hentry","category-celt-tv-noticias","category-comunidad","category-deporte","category-deportes","category-destacadas"],"yoast_head":"<!-- This site is optimized with the Yoast SEO plugin v19.7.1 - https:\/\/yoast.com\/wordpress\/plugins\/seo\/ -->\n<title>Iniciaron las actividades en la Escuela Municipal de Nataci\u00f3n - CELTTV<\/title>\n<meta name=\"description\" content=\"Sitio web de noticias de la localidad de Tornquist, provincia de Buenos Aires, Rep\u00fablica Argentina. Contenido propio originado por periodistas de CELTTV, el canal de TV local de la Cooperativa El\u00e9ctrica de Tornquist. Turismo, Pol\u00edtica, Sociedad, Deporte, Cultura y todo el contenido de inter\u00e9s general que la gente del pueblo y la regi\u00f3n debe conocer.\" \/>\n<meta name=\"robots\" content=\"index, follow, max-snippet:-1, max-image-preview:large, max-video-preview:-1\" \/>\n<link rel=\"canonical\" href=\"https:\/\/www.celttv.com.ar\/index.php\/2020\/01\/08\/iniciaron-las-actividades-en-la-escuela-municipal-de-natacion\/\" \/>\n<meta property=\"og:locale\" content=\"es_ES\" \/>\n<meta property=\"og:type\" content=\"article\" \/>\n<meta property=\"og:title\" content=\"Iniciaron las actividades en la Escuela Municipal de Nataci\u00f3n - CELTTV\" \/>\n<meta property=\"og:description\" content=\"Sitio web de noticias de la localidad de Tornquist, provincia de Buenos Aires, Rep\u00fablica Argentina. Contenido propio originado por periodistas de CELTTV, el canal de TV local de la Cooperativa El\u00e9ctrica de Tornquist. Turismo, Pol\u00edtica, Sociedad, Deporte, Cultura y todo el contenido de inter\u00e9s general que la gente del pueblo y la regi\u00f3n debe conocer.\" \/>\n<meta property=\"og:url\" content=\"https:\/\/www.celttv.com.ar\/index.php\/2020\/01\/08\/iniciaron-las-actividades-en-la-escuela-municipal-de-natacion\/\" \/>\n<meta property=\"og:site_name\" content=\"CELTTV\" \/>\n<meta property=\"article:publisher\" content=\"https:\/\/www.facebook.com\/celtTV\/\" \/>\n<meta property=\"article:published_time\" content=\"2020-01-08T00:40:17+00:00\" \/>\n<meta property=\"og:image\" content=\"https:\/\/www.celttv.com.ar\/wp-content\/uploads\/2020\/01\/escuenata.jpeg\" \/>\n\t<meta property=\"og:image:width\" content=\"1024\" \/>\n\t<meta property=\"og:image:height\" content=\"768\" \/>\n\t<meta property=\"og:image:type\" content=\"image\/jpeg\" \/>\n<meta name=\"author\" content=\"ulises\" \/>\n<meta name=\"twitter:card\" content=\"summary_large_image\" \/>\n<meta name=\"twitter:label1\" content=\"Escrito por\" \/>\n\t<meta name=\"twitter:data1\" content=\"ulises\" \/>\n\t<meta name=\"twitter:label2\" content=\"Tiempo de lectura\" \/>\n\t<meta name=\"twitter:data2\" content=\"1 minuto\" \/>\n<script type=\"application\/ld+json\" class=\"yoast-schema-graph\">{\"@context\":\"https:\/\/schema.org\",\"@graph\":[{\"@type\":\"NewsArticle\",\"@id\":\"https:\/\/www.celttv.com.ar\/index.php\/2020\/01\/08\/iniciaron-las-actividades-en-la-escuela-municipal-de-natacion\/#article\",\"isPartOf\":{\"@id\":\"https:\/\/www.celttv.com.ar\/index.php\/2020\/01\/08\/iniciaron-las-actividades-en-la-escuela-municipal-de-natacion\/\"},\"author\":{\"name\":\"ulises\",\"@id\":\"https:\/\/www.celttv.com.ar\/#\/schema\/person\/6d99c072dba59953809c81446e9d0ace\"},\"headline\":\"Iniciaron las actividades en la Escuela Municipal de Nataci\u00f3n\",\"datePublished\":\"2020-01-08T00:40:17+00:00\",\"dateModified\":\"2020-01-08T00:40:17+00:00\",\"mainEntityOfPage\":{\"@id\":\"https:\/\/www.celttv.com.ar\/index.php\/2020\/01\/08\/iniciaron-las-actividades-en-la-escuela-municipal-de-natacion\/\"},\"wordCount\":137,\"publisher\":{\"@id\":\"https:\/\/www.celttv.com.ar\/#organization\"},\"articleSection\":[\"Celt TV Noticias\",\"Comunidad\",\"Deporte\",\"Deportes\",\"Destacadas\"],\"inLanguage\":\"es\"},{\"@type\":\"WebPage\",\"@id\":\"https:\/\/www.celttv.com.ar\/index.php\/2020\/01\/08\/iniciaron-las-actividades-en-la-escuela-municipal-de-natacion\/\",\"url\":\"https:\/\/www.celttv.com.ar\/index.php\/2020\/01\/08\/iniciaron-las-actividades-en-la-escuela-municipal-de-natacion\/\",\"name\":\"Iniciaron las actividades en la Escuela Municipal de Nataci\u00f3n - CELTTV\",\"isPartOf\":{\"@id\":\"https:\/\/www.celttv.com.ar\/#website\"},\"datePublished\":\"2020-01-08T00:40:17+00:00\",\"dateModified\":\"2020-01-08T00:40:17+00:00\",\"description\":\"Sitio web de noticias de la localidad de Tornquist, provincia de Buenos Aires, Rep\u00fablica Argentina. Contenido propio originado por periodistas de CELTTV, el canal de TV local de la Cooperativa El\u00e9ctrica de Tornquist. Turismo, Pol\u00edtica, Sociedad, Deporte, Cultura y todo el contenido de inter\u00e9s general que la gente del pueblo y la regi\u00f3n debe conocer.\",\"breadcrumb\":{\"@id\":\"https:\/\/www.celttv.com.ar\/index.php\/2020\/01\/08\/iniciaron-las-actividades-en-la-escuela-municipal-de-natacion\/#breadcrumb\"},\"inLanguage\":\"es\",\"potentialAction\":[{\"@type\":\"ReadAction\",\"target\":[\"https:\/\/www.celttv.com.ar\/index.php\/2020\/01\/08\/iniciaron-las-actividades-en-la-escuela-municipal-de-natacion\/\"]}]},{\"@type\":\"BreadcrumbList\",\"@id\":\"https:\/\/www.celttv.com.ar\/index.php\/2020\/01\/08\/iniciaron-las-actividades-en-la-escuela-municipal-de-natacion\/#breadcrumb\",\"itemListElement\":[{\"@type\":\"ListItem\",\"position\":1,\"name\":\"Inicio\",\"item\":\"https:\/\/www.celttv.com.ar\/\"},{\"@type\":\"ListItem\",\"position\":2,\"name\":\"Iniciaron las actividades en la Escuela Municipal de Nataci\u00f3n\"}]},{\"@type\":\"WebSite\",\"@id\":\"https:\/\/www.celttv.com.ar\/#website\",\"url\":\"https:\/\/www.celttv.com.ar\/\",\"name\":\"CELTTV\",\"description\":\"Cooperativa El\u00e9ctrica de Tornquist\",\"publisher\":{\"@id\":\"https:\/\/www.celttv.com.ar\/#organization\"},\"potentialAction\":[{\"@type\":\"SearchAction\",\"target\":{\"@type\":\"EntryPoint\",\"urlTemplate\":\"https:\/\/www.celttv.com.ar\/?s={search_term_string}\"},\"query-input\":\"required name=search_term_string\"}],\"inLanguage\":\"es\"},{\"@type\":\"Organization\",\"@id\":\"https:\/\/www.celttv.com.ar\/#organization\",\"name\":\"CELTTV\",\"url\":\"https:\/\/www.celttv.com.ar\/\",\"sameAs\":[\"https:\/\/www.youtube.com\/channel\/UCz_oIt8Hig64Ub-EmcNPIhg\",\"https:\/\/www.facebook.com\/celtTV\/\"],\"logo\":{\"@type\":\"ImageObject\",\"inLanguage\":\"es\",\"@id\":\"https:\/\/www.celttv.com.ar\/#\/schema\/logo\/image\/\",\"url\":\"http:\/\/www.celttv.com.ar\/wp-content\/uploads\/2022\/08\/logo-1.png\",\"contentUrl\":\"http:\/\/www.celttv.com.ar\/wp-content\/uploads\/2022\/08\/logo-1.png\",\"width\":461,\"height\":159,\"caption\":\"CELTTV\"},\"image\":{\"@id\":\"https:\/\/www.celttv.com.ar\/#\/schema\/logo\/image\/\"}},{\"@type\":\"Person\",\"@id\":\"https:\/\/www.celttv.com.ar\/#\/schema\/person\/6d99c072dba59953809c81446e9d0ace\",\"name\":\"ulises\",\"image\":{\"@type\":\"ImageObject\",\"inLanguage\":\"es\",\"@id\":\"https:\/\/www.celttv.com.ar\/#\/schema\/person\/image\/\",\"url\":\"https:\/\/secure.gravatar.com\/avatar\/7f2c48bdc33b30088f941fb6082e555f2874c98e20cb159d7b92b50eadfce793?s=96&d=mm&r=g\",\"contentUrl\":\"https:\/\/secure.gravatar.com\/avatar\/7f2c48bdc33b30088f941fb6082e555f2874c98e20cb159d7b92b50eadfce793?s=96&d=mm&r=g\",\"caption\":\"ulises\"},\"sameAs\":[\"http:\/\/www.celttv.com.ar\"]}]}<\/script>\n<!-- \/ Yoast SEO plugin. -->","yoast_head_json":{"title":"Iniciaron las actividades en la Escuela Municipal de Nataci\u00f3n - CELTTV","description":"Sitio web de noticias de la localidad de Tornquist, provincia de Buenos Aires, Rep\u00fablica Argentina. Contenido propio originado por periodistas de CELTTV, el canal de TV local de la Cooperativa El\u00e9ctrica de Tornquist. Turismo, Pol\u00edtica, Sociedad, Deporte, Cultura y todo el contenido de inter\u00e9s general que la gente del pueblo y la regi\u00f3n debe conocer.","robots":{"index":"index","follow":"follow","max-snippet":"max-snippet:-1","max-image-preview":"max-image-preview:large","max-video-preview":"max-video-preview:-1"},"canonical":"https:\/\/www.celttv.com.ar\/index.php\/2020\/01\/08\/iniciaron-las-actividades-en-la-escuela-municipal-de-natacion\/","og_locale":"es_ES","og_type":"article","og_title":"Iniciaron las actividades en la Escuela Municipal de Nataci\u00f3n - CELTTV","og_description":"Sitio web de noticias de la localidad de Tornquist, provincia de Buenos Aires, Rep\u00fablica Argentina. Contenido propio originado por periodistas de CELTTV, el canal de TV local de la Cooperativa El\u00e9ctrica de Tornquist. Turismo, Pol\u00edtica, Sociedad, Deporte, Cultura y todo el contenido de inter\u00e9s general que la gente del pueblo y la regi\u00f3n debe conocer.","og_url":"https:\/\/www.celttv.com.ar\/index.php\/2020\/01\/08\/iniciaron-las-actividades-en-la-escuela-municipal-de-natacion\/","og_site_name":"CELTTV","article_publisher":"https:\/\/www.facebook.com\/celtTV\/","article_published_time":"2020-01-08T00:40:17+00:00","og_image":[{"width":1024,"height":768,"url":"https:\/\/www.celttv.com.ar\/wp-content\/uploads\/2020\/01\/escuenata.jpeg","type":"image\/jpeg"}],"author":"ulises","twitter_card":"summary_large_image","twitter_misc":{"Escrito por":"ulises","Tiempo de lectura":"1 minuto"},"schema":{"@context":"https:\/\/schema.org","@graph":[{"@type":"NewsArticle","@id":"https:\/\/www.celttv.com.ar\/index.php\/2020\/01\/08\/iniciaron-las-actividades-en-la-escuela-municipal-de-natacion\/#article","isPartOf":{"@id":"https:\/\/www.celttv.com.ar\/index.php\/2020\/01\/08\/iniciaron-las-actividades-en-la-escuela-municipal-de-natacion\/"},"author":{"name":"ulises","@id":"https:\/\/www.celttv.com.ar\/#\/schema\/person\/6d99c072dba59953809c81446e9d0ace"},"headline":"Iniciaron las actividades en la Escuela Municipal de Nataci\u00f3n","datePublished":"2020-01-08T00:40:17+00:00","dateModified":"2020-01-08T00:40:17+00:00","mainEntityOfPage":{"@id":"https:\/\/www.celttv.com.ar\/index.php\/2020\/01\/08\/iniciaron-las-actividades-en-la-escuela-municipal-de-natacion\/"},"wordCount":137,"publisher":{"@id":"https:\/\/www.celttv.com.ar\/#organization"},"articleSection":["Celt TV Noticias","Comunidad","Deporte","Deportes","Destacadas"],"inLanguage":"es"},{"@type":"WebPage","@id":"https:\/\/www.celttv.com.ar\/index.php\/2020\/01\/08\/iniciaron-las-actividades-en-la-escuela-municipal-de-natacion\/","url":"https:\/\/www.celttv.com.ar\/index.php\/2020\/01\/08\/iniciaron-las-actividades-en-la-escuela-municipal-de-natacion\/","name":"Iniciaron las actividades en la Escuela Municipal de Nataci\u00f3n - CELTTV","isPartOf":{"@id":"https:\/\/www.celttv.com.ar\/#website"},"datePublished":"2020-01-08T00:40:17+00:00","dateModified":"2020-01-08T00:40:17+00:00","description":"Sitio web de noticias de la localidad de Tornquist, provincia de Buenos Aires, Rep\u00fablica Argentina. Contenido propio originado por periodistas de CELTTV, el canal de TV local de la Cooperativa El\u00e9ctrica de Tornquist. Turismo, Pol\u00edtica, Sociedad, Deporte, Cultura y todo el contenido de inter\u00e9s general que la gente del pueblo y la regi\u00f3n debe conocer.","breadcrumb":{"@id":"https:\/\/www.celttv.com.ar\/index.php\/2020\/01\/08\/iniciaron-las-actividades-en-la-escuela-municipal-de-natacion\/#breadcrumb"},"inLanguage":"es","potentialAction":[{"@type":"ReadAction","target":["https:\/\/www.celttv.com.ar\/index.php\/2020\/01\/08\/iniciaron-las-actividades-en-la-escuela-municipal-de-natacion\/"]}]},{"@type":"BreadcrumbList","@id":"https:\/\/www.celttv.com.ar\/index.php\/2020\/01\/08\/iniciaron-las-actividades-en-la-escuela-municipal-de-natacion\/#breadcrumb","itemListElement":[{"@type":"ListItem","position":1,"name":"Inicio","item":"https:\/\/www.celttv.com.ar\/"},{"@type":"ListItem","position":2,"name":"Iniciaron las actividades en la Escuela Municipal de Nataci\u00f3n"}]},{"@type":"WebSite","@id":"https:\/\/www.celttv.com.ar\/#website","url":"https:\/\/www.celttv.com.ar\/","name":"CELTTV","description":"Cooperativa El\u00e9ctrica de Tornquist","publisher":{"@id":"https:\/\/www.celttv.com.ar\/#organization"},"potentialAction":[{"@type":"SearchAction","target":{"@type":"EntryPoint","urlTemplate":"https:\/\/www.celttv.com.ar\/?s={search_term_string}"},"query-input":"required name=search_term_string"}],"inLanguage":"es"},{"@type":"Organization","@id":"https:\/\/www.celttv.com.ar\/#organization","name":"CELTTV","url":"https:\/\/www.celttv.com.ar\/","sameAs":["https:\/\/www.youtube.com\/channel\/UCz_oIt8Hig64Ub-EmcNPIhg","https:\/\/www.facebook.com\/celtTV\/"],"logo":{"@type":"ImageObject","inLanguage":"es","@id":"https:\/\/www.celttv.com.ar\/#\/schema\/logo\/image\/","url":"http:\/\/www.celttv.com.ar\/wp-content\/uploads\/2022\/08\/logo-1.png","contentUrl":"http:\/\/www.celttv.com.ar\/wp-content\/uploads\/2022\/08\/logo-1.png","width":461,"height":159,"caption":"CELTTV"},"image":{"@id":"https:\/\/www.celttv.com.ar\/#\/schema\/logo\/image\/"}},{"@type":"Person","@id":"https:\/\/www.celttv.com.ar\/#\/schema\/person\/6d99c072dba59953809c81446e9d0ace","name":"ulises","image":{"@type":"ImageObject","inLanguage":"es","@id":"https:\/\/www.celttv.com.ar\/#\/schema\/person\/image\/","url":"https:\/\/secure.gravatar.com\/avatar\/7f2c48bdc33b30088f941fb6082e555f2874c98e20cb159d7b92b50eadfce793?s=96&d=mm&r=g","contentUrl":"https:\/\/secure.gravatar.com\/avatar\/7f2c48bdc33b30088f941fb6082e555f2874c98e20cb159d7b92b50eadfce793?s=96&d=mm&r=g","caption":"ulises"},"sameAs":["http:\/\/www.celttv.com.ar"]}]}},"_links":{"self":[{"href":"https:\/\/www.celttv.com.ar\/index.php\/wp-json\/wp\/v2\/posts\/46540","targetHints":{"allow":["GET"]}}],"collection":[{"href":"https:\/\/www.celttv.com.ar\/index.php\/wp-json\/wp\/v2\/posts"}],"about":[{"href":"https:\/\/www.celttv.com.ar\/index.php\/wp-json\/wp\/v2\/types\/post"}],"author":[{"embeddable":true,"href":"https:\/\/www.celttv.com.ar\/index.php\/wp-json\/wp\/v2\/users\/1"}],"replies":[{"embeddable":true,"href":"https:\/\/www.celttv.com.ar\/index.php\/wp-json\/wp\/v2\/comments?post=46540"}],"version-history":[{"count":0,"href":"https:\/\/www.celttv.com.ar\/index.php\/wp-json\/wp\/v2\/posts\/46540\/revisions"}],"wp:featuredmedia":[{"embeddable":true,"href":"https:\/\/www.celttv.com.ar\/index.php\/wp-json\/wp\/v2\/media\/46542"}],"wp:attachment":[{"href":"https:\/\/www.celttv.com.ar\/index.php\/wp-json\/wp\/v2\/media?parent=46540"}],"wp:term":[{"taxonomy":"category","embeddable":true,"href":"https:\/\/www.celttv.com.ar\/index.php\/wp-json\/wp\/v2\/categories?post=46540"},{"taxonomy":"post_tag","embeddable":true,"href":"https:\/\/www.celttv.com.ar\/index.php\/wp-json\/wp\/v2\/tags?post=46540"}],"curies":[{"name":"wp","href":"https:\/\/api.w.org\/{rel}","templated":true}]}}