{"id":4685,"date":"2012-01-17T16:31:31","date_gmt":"2012-01-17T16:31:31","guid":{"rendered":"http:\/\/www.tvcnoticias.com.ar\/?p=4685"},"modified":"2012-01-17T16:31:31","modified_gmt":"2012-01-17T16:31:31","slug":"es-el-tercer-incendio-de-la-temporada-que-afecta-al-parque-provincial","status":"publish","type":"post","link":"https:\/\/www.celttv.com.ar\/index.php\/2012\/01\/17\/es-el-tercer-incendio-de-la-temporada-que-afecta-al-parque-provincial\/","title":{"rendered":"ES EL TERCER INCENDIO DE LA TEMPORADA QUE AFECTA AL PARQUE PROVINCIAL"},"content":{"rendered":"<p>El pasado domingo 15 de enero, aproximadamente a las 16:40 hs., por razones no determinadas, se desata un incendio sobre la banquina de la ruta provincial N\u00ba 76 , a unos mil quinientos metros del l\u00edmite del Parque Provincial Ernesto Tornquist, en direcci\u00f3n a la ciudad de Tornquist.<br \/>\nMientras personal guardaparque realizaba una guardia m\u00f3vil de vig\u00eda de fuego sobre la misma ruta, sobre el sector del Mirador del Monumento Natural Cerro de la Ventana, un ciudadano avisa del incendio en proceso.<br \/>\nInmediatamente el Guardaparque se dirigi\u00f3 al lugar realizando un ataque inicial r\u00e1pido y efectivo que permiti\u00f3 controlar y extinguir el incipiente incendio en escasos cinco minutos, dado que la velocidad de propagaci\u00f3n era lenta, por tratarse de un sector donde la vegetaci\u00f3n se encuentra recientemente cortada por personal de Vialidad Provincial. Solo se quem\u00f3 una superficie de 20 metros cuadrados, afectando vegetaci\u00f3n de banquina.<br \/>\nEn un borde del incendio, una vez extinto y a partir de una inspecci\u00f3n ocular de la zona afectada, se observ\u00f3 una colilla de cigarrillo, que podr\u00eda haber sido la causa del incendio.<br \/>\nSe dio aviso telef\u00f3nico al cuartel de Bomberos de Tornquist, ya que corresponde jurisdiccionalmente, pero no fue necesaria su participaci\u00f3n en el combate del incendio dada la pronta extinci\u00f3n del mismo.<br \/>\nAgradecemos la acci\u00f3n del Sr. Julio Dom\u00ednguez, oriundo de Punta Alta, ya que gracias a su aviso temprano pudo suprimirse la propagaci\u00f3n del incendio.<br \/>\nComo es usual en esta \u00e9poca del a\u00f1o, los incendios son altamente frecuentes y es por ello que la colaboraci\u00f3n de la comunidad ser\u00e1 bienvenida para detectar incendios dentro y fuera del Parque. Los avisos se dar\u00e1n al servicio de Guardaparques en los centros de informes o al 0291-4910039, tanto como a Bomberos Voluntarios y\/o Polic\u00eda al tel. 100.<br \/>\nPRENSA PARQUE PROVINCIAL<br \/>\n<\/p>\n","protected":false},"excerpt":{"rendered":"<p>El pasado domingo 15 de enero, aproximadamente a las 16:40 hs., por razones no determinadas, se desata un incendio sobre la banquina de la ruta provincial N\u00ba 76 , a unos mil quinientos metros del l\u00edmite del Parque Provincial Ernesto Tornquist, en direcci\u00f3n a la ciudad de Tornquist. Mientras personal guardaparque realizaba una guardia m\u00f3vil [&hellip;]<\/p>\n","protected":false},"author":1,"featured_media":0,"comment_status":"closed","ping_status":"open","sticky":false,"template":"","format":"standard","meta":{"footnotes":""},"categories":[51,52],"tags":[],"class_list":["post-4685","post","type-post","status-publish","format-standard","hentry","category-comunidad","category-destacadas"],"yoast_head":"<!-- This site is optimized with the Yoast SEO plugin v19.7.1 - https:\/\/yoast.com\/wordpress\/plugins\/seo\/ -->\n<title>ES EL TERCER INCENDIO DE LA TEMPORADA QUE AFECTA AL PARQUE PROVINCIAL - CELTTV<\/title>\n<meta name=\"description\" content=\"Sitio web de noticias de la localidad de Tornquist, provincia de Buenos Aires, Rep\u00fablica Argentina. Contenido propio originado por periodistas de CELTTV, el canal de TV local de la Cooperativa El\u00e9ctrica de Tornquist. Turismo, Pol\u00edtica, Sociedad, Deporte, Cultura y todo el contenido de inter\u00e9s general que la gente del pueblo y la regi\u00f3n debe conocer.\" \/>\n<meta name=\"robots\" content=\"index, follow, max-snippet:-1, max-image-preview:large, max-video-preview:-1\" \/>\n<link rel=\"canonical\" href=\"https:\/\/www.celttv.com.ar\/index.php\/2012\/01\/17\/es-el-tercer-incendio-de-la-temporada-que-afecta-al-parque-provincial\/\" \/>\n<meta property=\"og:locale\" content=\"es_ES\" \/>\n<meta property=\"og:type\" content=\"article\" \/>\n<meta property=\"og:title\" content=\"ES EL TERCER INCENDIO DE LA TEMPORADA QUE AFECTA AL PARQUE PROVINCIAL - CELTTV\" \/>\n<meta property=\"og:description\" content=\"Sitio web de noticias de la localidad de Tornquist, provincia de Buenos Aires, Rep\u00fablica Argentina. Contenido propio originado por periodistas de CELTTV, el canal de TV local de la Cooperativa El\u00e9ctrica de Tornquist. Turismo, Pol\u00edtica, Sociedad, Deporte, Cultura y todo el contenido de inter\u00e9s general que la gente del pueblo y la regi\u00f3n debe conocer.\" \/>\n<meta property=\"og:url\" content=\"https:\/\/www.celttv.com.ar\/index.php\/2012\/01\/17\/es-el-tercer-incendio-de-la-temporada-que-afecta-al-parque-provincial\/\" \/>\n<meta property=\"og:site_name\" content=\"CELTTV\" \/>\n<meta property=\"article:publisher\" content=\"https:\/\/www.facebook.com\/celtTV\/\" \/>\n<meta property=\"article:published_time\" content=\"2012-01-17T16:31:31+00:00\" \/>\n<meta name=\"author\" content=\"ulises\" \/>\n<meta name=\"twitter:card\" content=\"summary_large_image\" \/>\n<meta name=\"twitter:label1\" content=\"Escrito por\" \/>\n\t<meta name=\"twitter:data1\" content=\"ulises\" \/>\n\t<meta name=\"twitter:label2\" content=\"Tiempo de lectura\" \/>\n\t<meta name=\"twitter:data2\" content=\"2 minutos\" \/>\n<script type=\"application\/ld+json\" class=\"yoast-schema-graph\">{\"@context\":\"https:\/\/schema.org\",\"@graph\":[{\"@type\":\"NewsArticle\",\"@id\":\"https:\/\/www.celttv.com.ar\/index.php\/2012\/01\/17\/es-el-tercer-incendio-de-la-temporada-que-afecta-al-parque-provincial\/#article\",\"isPartOf\":{\"@id\":\"https:\/\/www.celttv.com.ar\/index.php\/2012\/01\/17\/es-el-tercer-incendio-de-la-temporada-que-afecta-al-parque-provincial\/\"},\"author\":{\"name\":\"ulises\",\"@id\":\"https:\/\/www.celttv.com.ar\/#\/schema\/person\/6d99c072dba59953809c81446e9d0ace\"},\"headline\":\"ES EL TERCER INCENDIO DE LA TEMPORADA QUE AFECTA AL PARQUE PROVINCIAL\",\"datePublished\":\"2012-01-17T16:31:31+00:00\",\"dateModified\":\"2012-01-17T16:31:31+00:00\",\"mainEntityOfPage\":{\"@id\":\"https:\/\/www.celttv.com.ar\/index.php\/2012\/01\/17\/es-el-tercer-incendio-de-la-temporada-que-afecta-al-parque-provincial\/\"},\"wordCount\":327,\"publisher\":{\"@id\":\"https:\/\/www.celttv.com.ar\/#organization\"},\"articleSection\":[\"Comunidad\",\"Destacadas\"],\"inLanguage\":\"es\"},{\"@type\":\"WebPage\",\"@id\":\"https:\/\/www.celttv.com.ar\/index.php\/2012\/01\/17\/es-el-tercer-incendio-de-la-temporada-que-afecta-al-parque-provincial\/\",\"url\":\"https:\/\/www.celttv.com.ar\/index.php\/2012\/01\/17\/es-el-tercer-incendio-de-la-temporada-que-afecta-al-parque-provincial\/\",\"name\":\"ES EL TERCER INCENDIO DE LA TEMPORADA QUE AFECTA AL PARQUE PROVINCIAL - CELTTV\",\"isPartOf\":{\"@id\":\"https:\/\/www.celttv.com.ar\/#website\"},\"datePublished\":\"2012-01-17T16:31:31+00:00\",\"dateModified\":\"2012-01-17T16:31:31+00:00\",\"description\":\"Sitio web de noticias de la localidad de Tornquist, provincia de Buenos Aires, Rep\u00fablica Argentina. Contenido propio originado por periodistas de CELTTV, el canal de TV local de la Cooperativa El\u00e9ctrica de Tornquist. Turismo, Pol\u00edtica, Sociedad, Deporte, Cultura y todo el contenido de inter\u00e9s general que la gente del pueblo y la regi\u00f3n debe conocer.\",\"breadcrumb\":{\"@id\":\"https:\/\/www.celttv.com.ar\/index.php\/2012\/01\/17\/es-el-tercer-incendio-de-la-temporada-que-afecta-al-parque-provincial\/#breadcrumb\"},\"inLanguage\":\"es\",\"potentialAction\":[{\"@type\":\"ReadAction\",\"target\":[\"https:\/\/www.celttv.com.ar\/index.php\/2012\/01\/17\/es-el-tercer-incendio-de-la-temporada-que-afecta-al-parque-provincial\/\"]}]},{\"@type\":\"BreadcrumbList\",\"@id\":\"https:\/\/www.celttv.com.ar\/index.php\/2012\/01\/17\/es-el-tercer-incendio-de-la-temporada-que-afecta-al-parque-provincial\/#breadcrumb\",\"itemListElement\":[{\"@type\":\"ListItem\",\"position\":1,\"name\":\"Inicio\",\"item\":\"https:\/\/www.celttv.com.ar\/\"},{\"@type\":\"ListItem\",\"position\":2,\"name\":\"ES EL TERCER INCENDIO DE LA TEMPORADA QUE AFECTA AL PARQUE PROVINCIAL\"}]},{\"@type\":\"WebSite\",\"@id\":\"https:\/\/www.celttv.com.ar\/#website\",\"url\":\"https:\/\/www.celttv.com.ar\/\",\"name\":\"CELTTV\",\"description\":\"Cooperativa El\u00e9ctrica de Tornquist\",\"publisher\":{\"@id\":\"https:\/\/www.celttv.com.ar\/#organization\"},\"potentialAction\":[{\"@type\":\"SearchAction\",\"target\":{\"@type\":\"EntryPoint\",\"urlTemplate\":\"https:\/\/www.celttv.com.ar\/?s={search_term_string}\"},\"query-input\":\"required name=search_term_string\"}],\"inLanguage\":\"es\"},{\"@type\":\"Organization\",\"@id\":\"https:\/\/www.celttv.com.ar\/#organization\",\"name\":\"CELTTV\",\"url\":\"https:\/\/www.celttv.com.ar\/\",\"sameAs\":[\"https:\/\/www.youtube.com\/channel\/UCz_oIt8Hig64Ub-EmcNPIhg\",\"https:\/\/www.facebook.com\/celtTV\/\"],\"logo\":{\"@type\":\"ImageObject\",\"inLanguage\":\"es\",\"@id\":\"https:\/\/www.celttv.com.ar\/#\/schema\/logo\/image\/\",\"url\":\"http:\/\/www.celttv.com.ar\/wp-content\/uploads\/2022\/08\/logo-1.png\",\"contentUrl\":\"http:\/\/www.celttv.com.ar\/wp-content\/uploads\/2022\/08\/logo-1.png\",\"width\":461,\"height\":159,\"caption\":\"CELTTV\"},\"image\":{\"@id\":\"https:\/\/www.celttv.com.ar\/#\/schema\/logo\/image\/\"}},{\"@type\":\"Person\",\"@id\":\"https:\/\/www.celttv.com.ar\/#\/schema\/person\/6d99c072dba59953809c81446e9d0ace\",\"name\":\"ulises\",\"image\":{\"@type\":\"ImageObject\",\"inLanguage\":\"es\",\"@id\":\"https:\/\/www.celttv.com.ar\/#\/schema\/person\/image\/\",\"url\":\"https:\/\/secure.gravatar.com\/avatar\/7f2c48bdc33b30088f941fb6082e555f2874c98e20cb159d7b92b50eadfce793?s=96&d=mm&r=g\",\"contentUrl\":\"https:\/\/secure.gravatar.com\/avatar\/7f2c48bdc33b30088f941fb6082e555f2874c98e20cb159d7b92b50eadfce793?s=96&d=mm&r=g\",\"caption\":\"ulises\"},\"sameAs\":[\"http:\/\/www.celttv.com.ar\"]}]}<\/script>\n<!-- \/ Yoast SEO plugin. -->","yoast_head_json":{"title":"ES EL TERCER INCENDIO DE LA TEMPORADA QUE AFECTA AL PARQUE PROVINCIAL - CELTTV","description":"Sitio web de noticias de la localidad de Tornquist, provincia de Buenos Aires, Rep\u00fablica Argentina. Contenido propio originado por periodistas de CELTTV, el canal de TV local de la Cooperativa El\u00e9ctrica de Tornquist. Turismo, Pol\u00edtica, Sociedad, Deporte, Cultura y todo el contenido de inter\u00e9s general que la gente del pueblo y la regi\u00f3n debe conocer.","robots":{"index":"index","follow":"follow","max-snippet":"max-snippet:-1","max-image-preview":"max-image-preview:large","max-video-preview":"max-video-preview:-1"},"canonical":"https:\/\/www.celttv.com.ar\/index.php\/2012\/01\/17\/es-el-tercer-incendio-de-la-temporada-que-afecta-al-parque-provincial\/","og_locale":"es_ES","og_type":"article","og_title":"ES EL TERCER INCENDIO DE LA TEMPORADA QUE AFECTA AL PARQUE PROVINCIAL - CELTTV","og_description":"Sitio web de noticias de la localidad de Tornquist, provincia de Buenos Aires, Rep\u00fablica Argentina. Contenido propio originado por periodistas de CELTTV, el canal de TV local de la Cooperativa El\u00e9ctrica de Tornquist. Turismo, Pol\u00edtica, Sociedad, Deporte, Cultura y todo el contenido de inter\u00e9s general que la gente del pueblo y la regi\u00f3n debe conocer.","og_url":"https:\/\/www.celttv.com.ar\/index.php\/2012\/01\/17\/es-el-tercer-incendio-de-la-temporada-que-afecta-al-parque-provincial\/","og_site_name":"CELTTV","article_publisher":"https:\/\/www.facebook.com\/celtTV\/","article_published_time":"2012-01-17T16:31:31+00:00","author":"ulises","twitter_card":"summary_large_image","twitter_misc":{"Escrito por":"ulises","Tiempo de lectura":"2 minutos"},"schema":{"@context":"https:\/\/schema.org","@graph":[{"@type":"NewsArticle","@id":"https:\/\/www.celttv.com.ar\/index.php\/2012\/01\/17\/es-el-tercer-incendio-de-la-temporada-que-afecta-al-parque-provincial\/#article","isPartOf":{"@id":"https:\/\/www.celttv.com.ar\/index.php\/2012\/01\/17\/es-el-tercer-incendio-de-la-temporada-que-afecta-al-parque-provincial\/"},"author":{"name":"ulises","@id":"https:\/\/www.celttv.com.ar\/#\/schema\/person\/6d99c072dba59953809c81446e9d0ace"},"headline":"ES EL TERCER INCENDIO DE LA TEMPORADA QUE AFECTA AL PARQUE PROVINCIAL","datePublished":"2012-01-17T16:31:31+00:00","dateModified":"2012-01-17T16:31:31+00:00","mainEntityOfPage":{"@id":"https:\/\/www.celttv.com.ar\/index.php\/2012\/01\/17\/es-el-tercer-incendio-de-la-temporada-que-afecta-al-parque-provincial\/"},"wordCount":327,"publisher":{"@id":"https:\/\/www.celttv.com.ar\/#organization"},"articleSection":["Comunidad","Destacadas"],"inLanguage":"es"},{"@type":"WebPage","@id":"https:\/\/www.celttv.com.ar\/index.php\/2012\/01\/17\/es-el-tercer-incendio-de-la-temporada-que-afecta-al-parque-provincial\/","url":"https:\/\/www.celttv.com.ar\/index.php\/2012\/01\/17\/es-el-tercer-incendio-de-la-temporada-que-afecta-al-parque-provincial\/","name":"ES EL TERCER INCENDIO DE LA TEMPORADA QUE AFECTA AL PARQUE PROVINCIAL - CELTTV","isPartOf":{"@id":"https:\/\/www.celttv.com.ar\/#website"},"datePublished":"2012-01-17T16:31:31+00:00","dateModified":"2012-01-17T16:31:31+00:00","description":"Sitio web de noticias de la localidad de Tornquist, provincia de Buenos Aires, Rep\u00fablica Argentina. Contenido propio originado por periodistas de CELTTV, el canal de TV local de la Cooperativa El\u00e9ctrica de Tornquist. Turismo, Pol\u00edtica, Sociedad, Deporte, Cultura y todo el contenido de inter\u00e9s general que la gente del pueblo y la regi\u00f3n debe conocer.","breadcrumb":{"@id":"https:\/\/www.celttv.com.ar\/index.php\/2012\/01\/17\/es-el-tercer-incendio-de-la-temporada-que-afecta-al-parque-provincial\/#breadcrumb"},"inLanguage":"es","potentialAction":[{"@type":"ReadAction","target":["https:\/\/www.celttv.com.ar\/index.php\/2012\/01\/17\/es-el-tercer-incendio-de-la-temporada-que-afecta-al-parque-provincial\/"]}]},{"@type":"BreadcrumbList","@id":"https:\/\/www.celttv.com.ar\/index.php\/2012\/01\/17\/es-el-tercer-incendio-de-la-temporada-que-afecta-al-parque-provincial\/#breadcrumb","itemListElement":[{"@type":"ListItem","position":1,"name":"Inicio","item":"https:\/\/www.celttv.com.ar\/"},{"@type":"ListItem","position":2,"name":"ES EL TERCER INCENDIO DE LA TEMPORADA QUE AFECTA AL PARQUE PROVINCIAL"}]},{"@type":"WebSite","@id":"https:\/\/www.celttv.com.ar\/#website","url":"https:\/\/www.celttv.com.ar\/","name":"CELTTV","description":"Cooperativa El\u00e9ctrica de Tornquist","publisher":{"@id":"https:\/\/www.celttv.com.ar\/#organization"},"potentialAction":[{"@type":"SearchAction","target":{"@type":"EntryPoint","urlTemplate":"https:\/\/www.celttv.com.ar\/?s={search_term_string}"},"query-input":"required name=search_term_string"}],"inLanguage":"es"},{"@type":"Organization","@id":"https:\/\/www.celttv.com.ar\/#organization","name":"CELTTV","url":"https:\/\/www.celttv.com.ar\/","sameAs":["https:\/\/www.youtube.com\/channel\/UCz_oIt8Hig64Ub-EmcNPIhg","https:\/\/www.facebook.com\/celtTV\/"],"logo":{"@type":"ImageObject","inLanguage":"es","@id":"https:\/\/www.celttv.com.ar\/#\/schema\/logo\/image\/","url":"http:\/\/www.celttv.com.ar\/wp-content\/uploads\/2022\/08\/logo-1.png","contentUrl":"http:\/\/www.celttv.com.ar\/wp-content\/uploads\/2022\/08\/logo-1.png","width":461,"height":159,"caption":"CELTTV"},"image":{"@id":"https:\/\/www.celttv.com.ar\/#\/schema\/logo\/image\/"}},{"@type":"Person","@id":"https:\/\/www.celttv.com.ar\/#\/schema\/person\/6d99c072dba59953809c81446e9d0ace","name":"ulises","image":{"@type":"ImageObject","inLanguage":"es","@id":"https:\/\/www.celttv.com.ar\/#\/schema\/person\/image\/","url":"https:\/\/secure.gravatar.com\/avatar\/7f2c48bdc33b30088f941fb6082e555f2874c98e20cb159d7b92b50eadfce793?s=96&d=mm&r=g","contentUrl":"https:\/\/secure.gravatar.com\/avatar\/7f2c48bdc33b30088f941fb6082e555f2874c98e20cb159d7b92b50eadfce793?s=96&d=mm&r=g","caption":"ulises"},"sameAs":["http:\/\/www.celttv.com.ar"]}]}},"_links":{"self":[{"href":"https:\/\/www.celttv.com.ar\/index.php\/wp-json\/wp\/v2\/posts\/4685","targetHints":{"allow":["GET"]}}],"collection":[{"href":"https:\/\/www.celttv.com.ar\/index.php\/wp-json\/wp\/v2\/posts"}],"about":[{"href":"https:\/\/www.celttv.com.ar\/index.php\/wp-json\/wp\/v2\/types\/post"}],"author":[{"embeddable":true,"href":"https:\/\/www.celttv.com.ar\/index.php\/wp-json\/wp\/v2\/users\/1"}],"replies":[{"embeddable":true,"href":"https:\/\/www.celttv.com.ar\/index.php\/wp-json\/wp\/v2\/comments?post=4685"}],"version-history":[{"count":0,"href":"https:\/\/www.celttv.com.ar\/index.php\/wp-json\/wp\/v2\/posts\/4685\/revisions"}],"wp:attachment":[{"href":"https:\/\/www.celttv.com.ar\/index.php\/wp-json\/wp\/v2\/media?parent=4685"}],"wp:term":[{"taxonomy":"category","embeddable":true,"href":"https:\/\/www.celttv.com.ar\/index.php\/wp-json\/wp\/v2\/categories?post=4685"},{"taxonomy":"post_tag","embeddable":true,"href":"https:\/\/www.celttv.com.ar\/index.php\/wp-json\/wp\/v2\/tags?post=4685"}],"curies":[{"name":"wp","href":"https:\/\/api.w.org\/{rel}","templated":true}]}}