{"id":46907,"date":"2020-01-27T14:52:49","date_gmt":"2020-01-27T14:52:49","guid":{"rendered":"http:\/\/www.celttv.com.ar\/?p=46907"},"modified":"2020-01-27T14:52:49","modified_gmt":"2020-01-27T14:52:49","slug":"la-secretaria-de-turismo-se-reunio-con-autoridades-nacionales","status":"publish","type":"post","link":"https:\/\/www.celttv.com.ar\/index.php\/2020\/01\/27\/la-secretaria-de-turismo-se-reunio-con-autoridades-nacionales\/","title":{"rendered":"La Secretaria de Turismo se reuni\u00f3 con autoridades nacionales"},"content":{"rendered":"<p>La Secretaria de Turismo, Producci\u00f3n, Comercio e Industria viaj\u00f3 a CABA en donde mantuvo reuniones con distintas autoridades nacionales con quienes dialog\u00f3 y avanz\u00f3 en cuanto a proyectos y acciones conjuntas a seguir.<\/p>\n<p>Por un lado mantuvo un encuentro con el equipo de trabajo de la Secretar\u00eda de Promoci\u00f3n Tur\u00edstica de la Naci\u00f3n, que conduce Yanina Mart\u00ednez.<\/p>\n<p>Durante la jornada de trabajo se abordaron temas de conectividad y se puso el \u00e9nfasis en el trabajo en materia de accesibilidad y turismo inclusivo.<\/p>\n<p>Por otro lado, la cartera municipal hizo referencia a los proyectos recupero de La Trochita y la culminaci\u00f3n de Experiencia Ventania. Betina Rolfi, funcionaria del \u00e1rea, junto a Juan Montero seguir\u00e1n el proceso de dichos proyectos.<\/p>\n<p>Por otro lado se hizo hincapi\u00e9 en trabajar en conjunto con los Ministerios de Producci\u00f3n y Cultura.<\/p>\n<p>Posteriormente la funcionaria se reuni\u00f3 con el Director Nacional de Econom\u00eda Social, Rafael Kletzer y parte de su equipo, con quienes comenz\u00f3 a trabajar el Proyecto Estrat\u00e9gico, Integral de Desarrollo Productivo en alimentos:<\/p>\n<p>3 huertas comunitarias,<\/p>\n<p>Desarrollo de la cuenca lechera y sala de elaboraci\u00f3n Tornquist;<\/p>\n<p>Cooperativa ap\u00edcola, sala de extracci\u00f3n.<\/p>\n<p>El mismo ser\u00e1 parte complementaria de los proyectos del Mercado Saldungaray y la Cooperativa Textil.<\/p>\n<p><a href=\"http:\/\/www.celttv.com.ar\/?attachment_id=46908\" rel=\"attachment wp-att-46908\"><img loading=\"lazy\" decoding=\"async\" class=\"alignleft size-full wp-image-46908\" src=\"http:\/\/www.celttv.com.ar\/wp-content\/uploads\/2020\/01\/110_7d81_image0_1579968238.jpeg_959.jpeg\" alt=\"\" width=\"959\" height=\"1280\" srcset=\"https:\/\/www.celttv.com.ar\/wp-content\/uploads\/2020\/01\/110_7d81_image0_1579968238.jpeg_959.jpeg 959w, https:\/\/www.celttv.com.ar\/wp-content\/uploads\/2020\/01\/110_7d81_image0_1579968238.jpeg_959-225x300.jpeg 225w, https:\/\/www.celttv.com.ar\/wp-content\/uploads\/2020\/01\/110_7d81_image0_1579968238.jpeg_959-767x1024.jpeg 767w, https:\/\/www.celttv.com.ar\/wp-content\/uploads\/2020\/01\/110_7d81_image0_1579968238.jpeg_959-768x1025.jpeg 768w, https:\/\/www.celttv.com.ar\/wp-content\/uploads\/2020\/01\/110_7d81_image0_1579968238.jpeg_959-750x1001.jpeg 750w\" sizes=\"auto, (max-width: 959px) 100vw, 959px\" \/><\/a><\/p>\n","protected":false},"excerpt":{"rendered":"<p>La Secretaria de Turismo, Producci\u00f3n, Comercio e Industria viaj\u00f3 a CABA en donde mantuvo reuniones con distintas autoridades nacionales con quienes dialog\u00f3 y avanz\u00f3 en cuanto a proyectos y acciones conjuntas a seguir. Por un lado mantuvo un encuentro con el equipo de trabajo de la Secretar\u00eda de Promoci\u00f3n Tur\u00edstica de la Naci\u00f3n, que conduce [&hellip;]<\/p>\n","protected":false},"author":1,"featured_media":46910,"comment_status":"closed","ping_status":"open","sticky":false,"template":"","format":"standard","meta":{"footnotes":""},"categories":[55,51,52,65,58],"tags":[],"class_list":["post-46907","post","type-post","status-publish","format-standard","has-post-thumbnail","hentry","category-celt-tv-noticias","category-comunidad","category-destacadas","category-produccion","category-turismo"],"yoast_head":"<!-- This site is optimized with the Yoast SEO plugin v19.7.1 - https:\/\/yoast.com\/wordpress\/plugins\/seo\/ -->\n<title>La Secretaria de Turismo se reuni\u00f3 con autoridades nacionales - CELTTV<\/title>\n<meta name=\"description\" content=\"Sitio web de noticias de la localidad de Tornquist, provincia de Buenos Aires, Rep\u00fablica Argentina. Contenido propio originado por periodistas de CELTTV, el canal de TV local de la Cooperativa El\u00e9ctrica de Tornquist. Turismo, Pol\u00edtica, Sociedad, Deporte, Cultura y todo el contenido de inter\u00e9s general que la gente del pueblo y la regi\u00f3n debe conocer.\" \/>\n<meta name=\"robots\" content=\"index, follow, max-snippet:-1, max-image-preview:large, max-video-preview:-1\" \/>\n<link rel=\"canonical\" href=\"https:\/\/www.celttv.com.ar\/index.php\/2020\/01\/27\/la-secretaria-de-turismo-se-reunio-con-autoridades-nacionales\/\" \/>\n<meta property=\"og:locale\" content=\"es_ES\" \/>\n<meta property=\"og:type\" content=\"article\" \/>\n<meta property=\"og:title\" content=\"La Secretaria de Turismo se reuni\u00f3 con autoridades nacionales - CELTTV\" \/>\n<meta property=\"og:description\" content=\"Sitio web de noticias de la localidad de Tornquist, provincia de Buenos Aires, Rep\u00fablica Argentina. Contenido propio originado por periodistas de CELTTV, el canal de TV local de la Cooperativa El\u00e9ctrica de Tornquist. Turismo, Pol\u00edtica, Sociedad, Deporte, Cultura y todo el contenido de inter\u00e9s general que la gente del pueblo y la regi\u00f3n debe conocer.\" \/>\n<meta property=\"og:url\" content=\"https:\/\/www.celttv.com.ar\/index.php\/2020\/01\/27\/la-secretaria-de-turismo-se-reunio-con-autoridades-nacionales\/\" \/>\n<meta property=\"og:site_name\" content=\"CELTTV\" \/>\n<meta property=\"article:publisher\" content=\"https:\/\/www.facebook.com\/celtTV\/\" \/>\n<meta property=\"article:published_time\" content=\"2020-01-27T14:52:49+00:00\" \/>\n<meta property=\"og:image\" content=\"https:\/\/www.celttv.com.ar\/wp-content\/uploads\/2020\/01\/image0.jpeg\" \/>\n\t<meta property=\"og:image:width\" content=\"950\" \/>\n\t<meta property=\"og:image:height\" content=\"705\" \/>\n\t<meta property=\"og:image:type\" content=\"image\/jpeg\" \/>\n<meta name=\"author\" content=\"ulises\" \/>\n<meta name=\"twitter:card\" content=\"summary_large_image\" \/>\n<meta name=\"twitter:label1\" content=\"Escrito por\" \/>\n\t<meta name=\"twitter:data1\" content=\"ulises\" \/>\n\t<meta name=\"twitter:label2\" content=\"Tiempo de lectura\" \/>\n\t<meta name=\"twitter:data2\" content=\"1 minuto\" \/>\n<script type=\"application\/ld+json\" class=\"yoast-schema-graph\">{\"@context\":\"https:\/\/schema.org\",\"@graph\":[{\"@type\":\"NewsArticle\",\"@id\":\"https:\/\/www.celttv.com.ar\/index.php\/2020\/01\/27\/la-secretaria-de-turismo-se-reunio-con-autoridades-nacionales\/#article\",\"isPartOf\":{\"@id\":\"https:\/\/www.celttv.com.ar\/index.php\/2020\/01\/27\/la-secretaria-de-turismo-se-reunio-con-autoridades-nacionales\/\"},\"author\":{\"name\":\"ulises\",\"@id\":\"https:\/\/www.celttv.com.ar\/#\/schema\/person\/6d99c072dba59953809c81446e9d0ace\"},\"headline\":\"La Secretaria de Turismo se reuni\u00f3 con autoridades nacionales\",\"datePublished\":\"2020-01-27T14:52:49+00:00\",\"dateModified\":\"2020-01-27T14:52:49+00:00\",\"mainEntityOfPage\":{\"@id\":\"https:\/\/www.celttv.com.ar\/index.php\/2020\/01\/27\/la-secretaria-de-turismo-se-reunio-con-autoridades-nacionales\/\"},\"wordCount\":223,\"publisher\":{\"@id\":\"https:\/\/www.celttv.com.ar\/#organization\"},\"articleSection\":[\"Celt TV Noticias\",\"Comunidad\",\"Destacadas\",\"Producci\u00f3n y Medio Ambiente\",\"Turismo\"],\"inLanguage\":\"es\"},{\"@type\":\"WebPage\",\"@id\":\"https:\/\/www.celttv.com.ar\/index.php\/2020\/01\/27\/la-secretaria-de-turismo-se-reunio-con-autoridades-nacionales\/\",\"url\":\"https:\/\/www.celttv.com.ar\/index.php\/2020\/01\/27\/la-secretaria-de-turismo-se-reunio-con-autoridades-nacionales\/\",\"name\":\"La Secretaria de Turismo se reuni\u00f3 con autoridades nacionales - CELTTV\",\"isPartOf\":{\"@id\":\"https:\/\/www.celttv.com.ar\/#website\"},\"datePublished\":\"2020-01-27T14:52:49+00:00\",\"dateModified\":\"2020-01-27T14:52:49+00:00\",\"description\":\"Sitio web de noticias de la localidad de Tornquist, provincia de Buenos Aires, Rep\u00fablica Argentina. Contenido propio originado por periodistas de CELTTV, el canal de TV local de la Cooperativa El\u00e9ctrica de Tornquist. Turismo, Pol\u00edtica, Sociedad, Deporte, Cultura y todo el contenido de inter\u00e9s general que la gente del pueblo y la regi\u00f3n debe conocer.\",\"breadcrumb\":{\"@id\":\"https:\/\/www.celttv.com.ar\/index.php\/2020\/01\/27\/la-secretaria-de-turismo-se-reunio-con-autoridades-nacionales\/#breadcrumb\"},\"inLanguage\":\"es\",\"potentialAction\":[{\"@type\":\"ReadAction\",\"target\":[\"https:\/\/www.celttv.com.ar\/index.php\/2020\/01\/27\/la-secretaria-de-turismo-se-reunio-con-autoridades-nacionales\/\"]}]},{\"@type\":\"BreadcrumbList\",\"@id\":\"https:\/\/www.celttv.com.ar\/index.php\/2020\/01\/27\/la-secretaria-de-turismo-se-reunio-con-autoridades-nacionales\/#breadcrumb\",\"itemListElement\":[{\"@type\":\"ListItem\",\"position\":1,\"name\":\"Inicio\",\"item\":\"https:\/\/www.celttv.com.ar\/\"},{\"@type\":\"ListItem\",\"position\":2,\"name\":\"La Secretaria de Turismo se reuni\u00f3 con autoridades nacionales\"}]},{\"@type\":\"WebSite\",\"@id\":\"https:\/\/www.celttv.com.ar\/#website\",\"url\":\"https:\/\/www.celttv.com.ar\/\",\"name\":\"CELTTV\",\"description\":\"Cooperativa El\u00e9ctrica de Tornquist\",\"publisher\":{\"@id\":\"https:\/\/www.celttv.com.ar\/#organization\"},\"potentialAction\":[{\"@type\":\"SearchAction\",\"target\":{\"@type\":\"EntryPoint\",\"urlTemplate\":\"https:\/\/www.celttv.com.ar\/?s={search_term_string}\"},\"query-input\":\"required name=search_term_string\"}],\"inLanguage\":\"es\"},{\"@type\":\"Organization\",\"@id\":\"https:\/\/www.celttv.com.ar\/#organization\",\"name\":\"CELTTV\",\"url\":\"https:\/\/www.celttv.com.ar\/\",\"sameAs\":[\"https:\/\/www.youtube.com\/channel\/UCz_oIt8Hig64Ub-EmcNPIhg\",\"https:\/\/www.facebook.com\/celtTV\/\"],\"logo\":{\"@type\":\"ImageObject\",\"inLanguage\":\"es\",\"@id\":\"https:\/\/www.celttv.com.ar\/#\/schema\/logo\/image\/\",\"url\":\"http:\/\/www.celttv.com.ar\/wp-content\/uploads\/2022\/08\/logo-1.png\",\"contentUrl\":\"http:\/\/www.celttv.com.ar\/wp-content\/uploads\/2022\/08\/logo-1.png\",\"width\":461,\"height\":159,\"caption\":\"CELTTV\"},\"image\":{\"@id\":\"https:\/\/www.celttv.com.ar\/#\/schema\/logo\/image\/\"}},{\"@type\":\"Person\",\"@id\":\"https:\/\/www.celttv.com.ar\/#\/schema\/person\/6d99c072dba59953809c81446e9d0ace\",\"name\":\"ulises\",\"image\":{\"@type\":\"ImageObject\",\"inLanguage\":\"es\",\"@id\":\"https:\/\/www.celttv.com.ar\/#\/schema\/person\/image\/\",\"url\":\"https:\/\/secure.gravatar.com\/avatar\/7f2c48bdc33b30088f941fb6082e555f2874c98e20cb159d7b92b50eadfce793?s=96&d=mm&r=g\",\"contentUrl\":\"https:\/\/secure.gravatar.com\/avatar\/7f2c48bdc33b30088f941fb6082e555f2874c98e20cb159d7b92b50eadfce793?s=96&d=mm&r=g\",\"caption\":\"ulises\"},\"sameAs\":[\"http:\/\/www.celttv.com.ar\"]}]}<\/script>\n<!-- \/ Yoast SEO plugin. -->","yoast_head_json":{"title":"La Secretaria de Turismo se reuni\u00f3 con autoridades nacionales - CELTTV","description":"Sitio web de noticias de la localidad de Tornquist, provincia de Buenos Aires, Rep\u00fablica Argentina. Contenido propio originado por periodistas de CELTTV, el canal de TV local de la Cooperativa El\u00e9ctrica de Tornquist. Turismo, Pol\u00edtica, Sociedad, Deporte, Cultura y todo el contenido de inter\u00e9s general que la gente del pueblo y la regi\u00f3n debe conocer.","robots":{"index":"index","follow":"follow","max-snippet":"max-snippet:-1","max-image-preview":"max-image-preview:large","max-video-preview":"max-video-preview:-1"},"canonical":"https:\/\/www.celttv.com.ar\/index.php\/2020\/01\/27\/la-secretaria-de-turismo-se-reunio-con-autoridades-nacionales\/","og_locale":"es_ES","og_type":"article","og_title":"La Secretaria de Turismo se reuni\u00f3 con autoridades nacionales - CELTTV","og_description":"Sitio web de noticias de la localidad de Tornquist, provincia de Buenos Aires, Rep\u00fablica Argentina. Contenido propio originado por periodistas de CELTTV, el canal de TV local de la Cooperativa El\u00e9ctrica de Tornquist. Turismo, Pol\u00edtica, Sociedad, Deporte, Cultura y todo el contenido de inter\u00e9s general que la gente del pueblo y la regi\u00f3n debe conocer.","og_url":"https:\/\/www.celttv.com.ar\/index.php\/2020\/01\/27\/la-secretaria-de-turismo-se-reunio-con-autoridades-nacionales\/","og_site_name":"CELTTV","article_publisher":"https:\/\/www.facebook.com\/celtTV\/","article_published_time":"2020-01-27T14:52:49+00:00","og_image":[{"width":950,"height":705,"url":"https:\/\/www.celttv.com.ar\/wp-content\/uploads\/2020\/01\/image0.jpeg","type":"image\/jpeg"}],"author":"ulises","twitter_card":"summary_large_image","twitter_misc":{"Escrito por":"ulises","Tiempo de lectura":"1 minuto"},"schema":{"@context":"https:\/\/schema.org","@graph":[{"@type":"NewsArticle","@id":"https:\/\/www.celttv.com.ar\/index.php\/2020\/01\/27\/la-secretaria-de-turismo-se-reunio-con-autoridades-nacionales\/#article","isPartOf":{"@id":"https:\/\/www.celttv.com.ar\/index.php\/2020\/01\/27\/la-secretaria-de-turismo-se-reunio-con-autoridades-nacionales\/"},"author":{"name":"ulises","@id":"https:\/\/www.celttv.com.ar\/#\/schema\/person\/6d99c072dba59953809c81446e9d0ace"},"headline":"La Secretaria de Turismo se reuni\u00f3 con autoridades nacionales","datePublished":"2020-01-27T14:52:49+00:00","dateModified":"2020-01-27T14:52:49+00:00","mainEntityOfPage":{"@id":"https:\/\/www.celttv.com.ar\/index.php\/2020\/01\/27\/la-secretaria-de-turismo-se-reunio-con-autoridades-nacionales\/"},"wordCount":223,"publisher":{"@id":"https:\/\/www.celttv.com.ar\/#organization"},"articleSection":["Celt TV Noticias","Comunidad","Destacadas","Producci\u00f3n y Medio Ambiente","Turismo"],"inLanguage":"es"},{"@type":"WebPage","@id":"https:\/\/www.celttv.com.ar\/index.php\/2020\/01\/27\/la-secretaria-de-turismo-se-reunio-con-autoridades-nacionales\/","url":"https:\/\/www.celttv.com.ar\/index.php\/2020\/01\/27\/la-secretaria-de-turismo-se-reunio-con-autoridades-nacionales\/","name":"La Secretaria de Turismo se reuni\u00f3 con autoridades nacionales - CELTTV","isPartOf":{"@id":"https:\/\/www.celttv.com.ar\/#website"},"datePublished":"2020-01-27T14:52:49+00:00","dateModified":"2020-01-27T14:52:49+00:00","description":"Sitio web de noticias de la localidad de Tornquist, provincia de Buenos Aires, Rep\u00fablica Argentina. Contenido propio originado por periodistas de CELTTV, el canal de TV local de la Cooperativa El\u00e9ctrica de Tornquist. Turismo, Pol\u00edtica, Sociedad, Deporte, Cultura y todo el contenido de inter\u00e9s general que la gente del pueblo y la regi\u00f3n debe conocer.","breadcrumb":{"@id":"https:\/\/www.celttv.com.ar\/index.php\/2020\/01\/27\/la-secretaria-de-turismo-se-reunio-con-autoridades-nacionales\/#breadcrumb"},"inLanguage":"es","potentialAction":[{"@type":"ReadAction","target":["https:\/\/www.celttv.com.ar\/index.php\/2020\/01\/27\/la-secretaria-de-turismo-se-reunio-con-autoridades-nacionales\/"]}]},{"@type":"BreadcrumbList","@id":"https:\/\/www.celttv.com.ar\/index.php\/2020\/01\/27\/la-secretaria-de-turismo-se-reunio-con-autoridades-nacionales\/#breadcrumb","itemListElement":[{"@type":"ListItem","position":1,"name":"Inicio","item":"https:\/\/www.celttv.com.ar\/"},{"@type":"ListItem","position":2,"name":"La Secretaria de Turismo se reuni\u00f3 con autoridades nacionales"}]},{"@type":"WebSite","@id":"https:\/\/www.celttv.com.ar\/#website","url":"https:\/\/www.celttv.com.ar\/","name":"CELTTV","description":"Cooperativa El\u00e9ctrica de Tornquist","publisher":{"@id":"https:\/\/www.celttv.com.ar\/#organization"},"potentialAction":[{"@type":"SearchAction","target":{"@type":"EntryPoint","urlTemplate":"https:\/\/www.celttv.com.ar\/?s={search_term_string}"},"query-input":"required name=search_term_string"}],"inLanguage":"es"},{"@type":"Organization","@id":"https:\/\/www.celttv.com.ar\/#organization","name":"CELTTV","url":"https:\/\/www.celttv.com.ar\/","sameAs":["https:\/\/www.youtube.com\/channel\/UCz_oIt8Hig64Ub-EmcNPIhg","https:\/\/www.facebook.com\/celtTV\/"],"logo":{"@type":"ImageObject","inLanguage":"es","@id":"https:\/\/www.celttv.com.ar\/#\/schema\/logo\/image\/","url":"http:\/\/www.celttv.com.ar\/wp-content\/uploads\/2022\/08\/logo-1.png","contentUrl":"http:\/\/www.celttv.com.ar\/wp-content\/uploads\/2022\/08\/logo-1.png","width":461,"height":159,"caption":"CELTTV"},"image":{"@id":"https:\/\/www.celttv.com.ar\/#\/schema\/logo\/image\/"}},{"@type":"Person","@id":"https:\/\/www.celttv.com.ar\/#\/schema\/person\/6d99c072dba59953809c81446e9d0ace","name":"ulises","image":{"@type":"ImageObject","inLanguage":"es","@id":"https:\/\/www.celttv.com.ar\/#\/schema\/person\/image\/","url":"https:\/\/secure.gravatar.com\/avatar\/7f2c48bdc33b30088f941fb6082e555f2874c98e20cb159d7b92b50eadfce793?s=96&d=mm&r=g","contentUrl":"https:\/\/secure.gravatar.com\/avatar\/7f2c48bdc33b30088f941fb6082e555f2874c98e20cb159d7b92b50eadfce793?s=96&d=mm&r=g","caption":"ulises"},"sameAs":["http:\/\/www.celttv.com.ar"]}]}},"_links":{"self":[{"href":"https:\/\/www.celttv.com.ar\/index.php\/wp-json\/wp\/v2\/posts\/46907","targetHints":{"allow":["GET"]}}],"collection":[{"href":"https:\/\/www.celttv.com.ar\/index.php\/wp-json\/wp\/v2\/posts"}],"about":[{"href":"https:\/\/www.celttv.com.ar\/index.php\/wp-json\/wp\/v2\/types\/post"}],"author":[{"embeddable":true,"href":"https:\/\/www.celttv.com.ar\/index.php\/wp-json\/wp\/v2\/users\/1"}],"replies":[{"embeddable":true,"href":"https:\/\/www.celttv.com.ar\/index.php\/wp-json\/wp\/v2\/comments?post=46907"}],"version-history":[{"count":0,"href":"https:\/\/www.celttv.com.ar\/index.php\/wp-json\/wp\/v2\/posts\/46907\/revisions"}],"wp:featuredmedia":[{"embeddable":true,"href":"https:\/\/www.celttv.com.ar\/index.php\/wp-json\/wp\/v2\/media\/46910"}],"wp:attachment":[{"href":"https:\/\/www.celttv.com.ar\/index.php\/wp-json\/wp\/v2\/media?parent=46907"}],"wp:term":[{"taxonomy":"category","embeddable":true,"href":"https:\/\/www.celttv.com.ar\/index.php\/wp-json\/wp\/v2\/categories?post=46907"},{"taxonomy":"post_tag","embeddable":true,"href":"https:\/\/www.celttv.com.ar\/index.php\/wp-json\/wp\/v2\/tags?post=46907"}],"curies":[{"name":"wp","href":"https:\/\/api.w.org\/{rel}","templated":true}]}}