{"id":46912,"date":"2020-01-27T21:11:41","date_gmt":"2020-01-27T21:11:41","guid":{"rendered":"http:\/\/www.celttv.com.ar\/?p=46912"},"modified":"2020-01-27T21:11:41","modified_gmt":"2020-01-27T21:11:41","slug":"avanzan-las-mejoras-en-el-predio-del-sindicato-de-papeleros-de-tornquist-videos","status":"publish","type":"post","link":"https:\/\/www.celttv.com.ar\/index.php\/2020\/01\/27\/avanzan-las-mejoras-en-el-predio-del-sindicato-de-papeleros-de-tornquist-videos\/","title":{"rendered":"Avanzan las mejoras en el predio del Sindicato de Papeleros de Tornquist (Videos)"},"content":{"rendered":"<p>Tras la firma de un convenio con el Municipio de Tornquist, el Sindicato de Papeleros inici\u00f3 los trabajos en el amplio predio comprendido entre la cancha de b\u00e1squet del CEF N\u00b0 9 y el complejo del Club H\u00edpico y Social Las Sierras.<\/p>\n<p>Recuperaci\u00f3n de la cancha de\u00a0padel, construcci\u00f3n de un quincho, cancha de tejo, f\u00fatbol tenis y estacionamiento, son algunas de las tareas que se comenzaron a realizar desde octubre de 2019.<\/p>\n<p>Las autoridades de dicho sindicato, son optimistas y mencionaron que para la primavera se podr\u00eda inaugurar el nuevo predio.<\/p>\n<div class=\"jeg_video_container jeg_video_content\"><iframe loading=\"lazy\" title=\"2020 01 23 PUESTA EN VALOR PREDIO MUNICIPAL 1 CEFERINO MARCOLINI\" width=\"500\" height=\"281\" src=\"https:\/\/www.youtube.com\/embed\/lIdpP7jHxSM?feature=oembed\" frameborder=\"0\" allow=\"accelerometer; autoplay; clipboard-write; encrypted-media; gyroscope; picture-in-picture; web-share\" referrerpolicy=\"strict-origin-when-cross-origin\" allowfullscreen><\/iframe><\/div>\n<div class=\"jeg_video_container jeg_video_content\"><iframe loading=\"lazy\" title=\"2020 01 23 PUESTA EN VALOR PREDIO MUNICIPAL 2 LUIS NAVAS\" width=\"500\" height=\"281\" src=\"https:\/\/www.youtube.com\/embed\/lOJSPegAWAY?feature=oembed\" frameborder=\"0\" allow=\"accelerometer; autoplay; clipboard-write; encrypted-media; gyroscope; picture-in-picture; web-share\" referrerpolicy=\"strict-origin-when-cross-origin\" allowfullscreen><\/iframe><\/div>\n<div class=\"jeg_video_container jeg_video_content\"><iframe loading=\"lazy\" title=\"2020 01 23 PUESTA EN VALOR PREDIO MUNICIPAL 3 JORGE GUTIERREZ\" width=\"500\" height=\"281\" src=\"https:\/\/www.youtube.com\/embed\/4LjhIPpE1Z4?feature=oembed\" frameborder=\"0\" allow=\"accelerometer; autoplay; clipboard-write; encrypted-media; gyroscope; picture-in-picture; web-share\" referrerpolicy=\"strict-origin-when-cross-origin\" allowfullscreen><\/iframe><\/div>\n","protected":false},"excerpt":{"rendered":"<p>Tras la firma de un convenio con el Municipio de Tornquist, el Sindicato de Papeleros inici\u00f3 los trabajos en el amplio predio comprendido entre la cancha de b\u00e1squet del CEF N\u00b0 9 y el complejo del Club H\u00edpico y Social Las Sierras. Recuperaci\u00f3n de la cancha de\u00a0padel, construcci\u00f3n de un quincho, cancha de tejo, f\u00fatbol [&hellip;]<\/p>\n","protected":false},"author":1,"featured_media":46913,"comment_status":"closed","ping_status":"open","sticky":false,"template":"","format":"standard","meta":{"footnotes":""},"categories":[55,51,52,58],"tags":[],"class_list":["post-46912","post","type-post","status-publish","format-standard","has-post-thumbnail","hentry","category-celt-tv-noticias","category-comunidad","category-destacadas","category-turismo"],"yoast_head":"<!-- This site is optimized with the Yoast SEO plugin v19.7.1 - https:\/\/yoast.com\/wordpress\/plugins\/seo\/ -->\n<title>Avanzan las mejoras en el predio del Sindicato de Papeleros de Tornquist (Videos) - CELTTV<\/title>\n<meta name=\"description\" content=\"Sitio web de noticias de la localidad de Tornquist, provincia de Buenos Aires, Rep\u00fablica Argentina. Contenido propio originado por periodistas de CELTTV, el canal de TV local de la Cooperativa El\u00e9ctrica de Tornquist. Turismo, Pol\u00edtica, Sociedad, Deporte, Cultura y todo el contenido de inter\u00e9s general que la gente del pueblo y la regi\u00f3n debe conocer.\" \/>\n<meta name=\"robots\" content=\"index, follow, max-snippet:-1, max-image-preview:large, max-video-preview:-1\" \/>\n<link rel=\"canonical\" href=\"https:\/\/www.celttv.com.ar\/index.php\/2020\/01\/27\/avanzan-las-mejoras-en-el-predio-del-sindicato-de-papeleros-de-tornquist-videos\/\" \/>\n<meta property=\"og:locale\" content=\"es_ES\" \/>\n<meta property=\"og:type\" content=\"article\" \/>\n<meta property=\"og:title\" content=\"Avanzan las mejoras en el predio del Sindicato de Papeleros de Tornquist (Videos) - CELTTV\" \/>\n<meta property=\"og:description\" content=\"Sitio web de noticias de la localidad de Tornquist, provincia de Buenos Aires, Rep\u00fablica Argentina. Contenido propio originado por periodistas de CELTTV, el canal de TV local de la Cooperativa El\u00e9ctrica de Tornquist. Turismo, Pol\u00edtica, Sociedad, Deporte, Cultura y todo el contenido de inter\u00e9s general que la gente del pueblo y la regi\u00f3n debe conocer.\" \/>\n<meta property=\"og:url\" content=\"https:\/\/www.celttv.com.ar\/index.php\/2020\/01\/27\/avanzan-las-mejoras-en-el-predio-del-sindicato-de-papeleros-de-tornquist-videos\/\" \/>\n<meta property=\"og:site_name\" content=\"CELTTV\" \/>\n<meta property=\"article:publisher\" content=\"https:\/\/www.facebook.com\/celtTV\/\" \/>\n<meta property=\"article:published_time\" content=\"2020-01-27T21:11:41+00:00\" \/>\n<meta property=\"og:image\" content=\"https:\/\/www.celttv.com.ar\/wp-content\/uploads\/2020\/01\/WhatsApp-Image-2020-01-27-at-18.08.47.jpeg\" \/>\n\t<meta property=\"og:image:width\" content=\"1280\" \/>\n\t<meta property=\"og:image:height\" content=\"960\" \/>\n\t<meta property=\"og:image:type\" content=\"image\/jpeg\" \/>\n<meta name=\"author\" content=\"ulises\" \/>\n<meta name=\"twitter:card\" content=\"summary_large_image\" \/>\n<meta name=\"twitter:label1\" content=\"Escrito por\" \/>\n\t<meta name=\"twitter:data1\" content=\"ulises\" \/>\n\t<meta name=\"twitter:label2\" content=\"Tiempo de lectura\" \/>\n\t<meta name=\"twitter:data2\" content=\"1 minuto\" \/>\n<script type=\"application\/ld+json\" class=\"yoast-schema-graph\">{\"@context\":\"https:\/\/schema.org\",\"@graph\":[{\"@type\":\"NewsArticle\",\"@id\":\"https:\/\/www.celttv.com.ar\/index.php\/2020\/01\/27\/avanzan-las-mejoras-en-el-predio-del-sindicato-de-papeleros-de-tornquist-videos\/#article\",\"isPartOf\":{\"@id\":\"https:\/\/www.celttv.com.ar\/index.php\/2020\/01\/27\/avanzan-las-mejoras-en-el-predio-del-sindicato-de-papeleros-de-tornquist-videos\/\"},\"author\":{\"name\":\"ulises\",\"@id\":\"https:\/\/www.celttv.com.ar\/#\/schema\/person\/6d99c072dba59953809c81446e9d0ace\"},\"headline\":\"Avanzan las mejoras en el predio del Sindicato de Papeleros de Tornquist (Videos)\",\"datePublished\":\"2020-01-27T21:11:41+00:00\",\"dateModified\":\"2020-01-27T21:11:41+00:00\",\"mainEntityOfPage\":{\"@id\":\"https:\/\/www.celttv.com.ar\/index.php\/2020\/01\/27\/avanzan-las-mejoras-en-el-predio-del-sindicato-de-papeleros-de-tornquist-videos\/\"},\"wordCount\":132,\"publisher\":{\"@id\":\"https:\/\/www.celttv.com.ar\/#organization\"},\"articleSection\":[\"Celt TV Noticias\",\"Comunidad\",\"Destacadas\",\"Turismo\"],\"inLanguage\":\"es\"},{\"@type\":\"WebPage\",\"@id\":\"https:\/\/www.celttv.com.ar\/index.php\/2020\/01\/27\/avanzan-las-mejoras-en-el-predio-del-sindicato-de-papeleros-de-tornquist-videos\/\",\"url\":\"https:\/\/www.celttv.com.ar\/index.php\/2020\/01\/27\/avanzan-las-mejoras-en-el-predio-del-sindicato-de-papeleros-de-tornquist-videos\/\",\"name\":\"Avanzan las mejoras en el predio del Sindicato de Papeleros de Tornquist (Videos) - CELTTV\",\"isPartOf\":{\"@id\":\"https:\/\/www.celttv.com.ar\/#website\"},\"datePublished\":\"2020-01-27T21:11:41+00:00\",\"dateModified\":\"2020-01-27T21:11:41+00:00\",\"description\":\"Sitio web de noticias de la localidad de Tornquist, provincia de Buenos Aires, Rep\u00fablica Argentina. Contenido propio originado por periodistas de CELTTV, el canal de TV local de la Cooperativa El\u00e9ctrica de Tornquist. Turismo, Pol\u00edtica, Sociedad, Deporte, Cultura y todo el contenido de inter\u00e9s general que la gente del pueblo y la regi\u00f3n debe conocer.\",\"breadcrumb\":{\"@id\":\"https:\/\/www.celttv.com.ar\/index.php\/2020\/01\/27\/avanzan-las-mejoras-en-el-predio-del-sindicato-de-papeleros-de-tornquist-videos\/#breadcrumb\"},\"inLanguage\":\"es\",\"potentialAction\":[{\"@type\":\"ReadAction\",\"target\":[\"https:\/\/www.celttv.com.ar\/index.php\/2020\/01\/27\/avanzan-las-mejoras-en-el-predio-del-sindicato-de-papeleros-de-tornquist-videos\/\"]}]},{\"@type\":\"BreadcrumbList\",\"@id\":\"https:\/\/www.celttv.com.ar\/index.php\/2020\/01\/27\/avanzan-las-mejoras-en-el-predio-del-sindicato-de-papeleros-de-tornquist-videos\/#breadcrumb\",\"itemListElement\":[{\"@type\":\"ListItem\",\"position\":1,\"name\":\"Inicio\",\"item\":\"https:\/\/www.celttv.com.ar\/\"},{\"@type\":\"ListItem\",\"position\":2,\"name\":\"Avanzan las mejoras en el predio del Sindicato de Papeleros de Tornquist (Videos)\"}]},{\"@type\":\"WebSite\",\"@id\":\"https:\/\/www.celttv.com.ar\/#website\",\"url\":\"https:\/\/www.celttv.com.ar\/\",\"name\":\"CELTTV\",\"description\":\"Cooperativa El\u00e9ctrica de Tornquist\",\"publisher\":{\"@id\":\"https:\/\/www.celttv.com.ar\/#organization\"},\"potentialAction\":[{\"@type\":\"SearchAction\",\"target\":{\"@type\":\"EntryPoint\",\"urlTemplate\":\"https:\/\/www.celttv.com.ar\/?s={search_term_string}\"},\"query-input\":\"required name=search_term_string\"}],\"inLanguage\":\"es\"},{\"@type\":\"Organization\",\"@id\":\"https:\/\/www.celttv.com.ar\/#organization\",\"name\":\"CELTTV\",\"url\":\"https:\/\/www.celttv.com.ar\/\",\"sameAs\":[\"https:\/\/www.youtube.com\/channel\/UCz_oIt8Hig64Ub-EmcNPIhg\",\"https:\/\/www.facebook.com\/celtTV\/\"],\"logo\":{\"@type\":\"ImageObject\",\"inLanguage\":\"es\",\"@id\":\"https:\/\/www.celttv.com.ar\/#\/schema\/logo\/image\/\",\"url\":\"http:\/\/www.celttv.com.ar\/wp-content\/uploads\/2022\/08\/logo-1.png\",\"contentUrl\":\"http:\/\/www.celttv.com.ar\/wp-content\/uploads\/2022\/08\/logo-1.png\",\"width\":461,\"height\":159,\"caption\":\"CELTTV\"},\"image\":{\"@id\":\"https:\/\/www.celttv.com.ar\/#\/schema\/logo\/image\/\"}},{\"@type\":\"Person\",\"@id\":\"https:\/\/www.celttv.com.ar\/#\/schema\/person\/6d99c072dba59953809c81446e9d0ace\",\"name\":\"ulises\",\"image\":{\"@type\":\"ImageObject\",\"inLanguage\":\"es\",\"@id\":\"https:\/\/www.celttv.com.ar\/#\/schema\/person\/image\/\",\"url\":\"https:\/\/secure.gravatar.com\/avatar\/7f2c48bdc33b30088f941fb6082e555f2874c98e20cb159d7b92b50eadfce793?s=96&d=mm&r=g\",\"contentUrl\":\"https:\/\/secure.gravatar.com\/avatar\/7f2c48bdc33b30088f941fb6082e555f2874c98e20cb159d7b92b50eadfce793?s=96&d=mm&r=g\",\"caption\":\"ulises\"},\"sameAs\":[\"http:\/\/www.celttv.com.ar\"]}]}<\/script>\n<!-- \/ Yoast SEO plugin. -->","yoast_head_json":{"title":"Avanzan las mejoras en el predio del Sindicato de Papeleros de Tornquist (Videos) - CELTTV","description":"Sitio web de noticias de la localidad de Tornquist, provincia de Buenos Aires, Rep\u00fablica Argentina. Contenido propio originado por periodistas de CELTTV, el canal de TV local de la Cooperativa El\u00e9ctrica de Tornquist. Turismo, Pol\u00edtica, Sociedad, Deporte, Cultura y todo el contenido de inter\u00e9s general que la gente del pueblo y la regi\u00f3n debe conocer.","robots":{"index":"index","follow":"follow","max-snippet":"max-snippet:-1","max-image-preview":"max-image-preview:large","max-video-preview":"max-video-preview:-1"},"canonical":"https:\/\/www.celttv.com.ar\/index.php\/2020\/01\/27\/avanzan-las-mejoras-en-el-predio-del-sindicato-de-papeleros-de-tornquist-videos\/","og_locale":"es_ES","og_type":"article","og_title":"Avanzan las mejoras en el predio del Sindicato de Papeleros de Tornquist (Videos) - CELTTV","og_description":"Sitio web de noticias de la localidad de Tornquist, provincia de Buenos Aires, Rep\u00fablica Argentina. Contenido propio originado por periodistas de CELTTV, el canal de TV local de la Cooperativa El\u00e9ctrica de Tornquist. Turismo, Pol\u00edtica, Sociedad, Deporte, Cultura y todo el contenido de inter\u00e9s general que la gente del pueblo y la regi\u00f3n debe conocer.","og_url":"https:\/\/www.celttv.com.ar\/index.php\/2020\/01\/27\/avanzan-las-mejoras-en-el-predio-del-sindicato-de-papeleros-de-tornquist-videos\/","og_site_name":"CELTTV","article_publisher":"https:\/\/www.facebook.com\/celtTV\/","article_published_time":"2020-01-27T21:11:41+00:00","og_image":[{"width":1280,"height":960,"url":"https:\/\/www.celttv.com.ar\/wp-content\/uploads\/2020\/01\/WhatsApp-Image-2020-01-27-at-18.08.47.jpeg","type":"image\/jpeg"}],"author":"ulises","twitter_card":"summary_large_image","twitter_misc":{"Escrito por":"ulises","Tiempo de lectura":"1 minuto"},"schema":{"@context":"https:\/\/schema.org","@graph":[{"@type":"NewsArticle","@id":"https:\/\/www.celttv.com.ar\/index.php\/2020\/01\/27\/avanzan-las-mejoras-en-el-predio-del-sindicato-de-papeleros-de-tornquist-videos\/#article","isPartOf":{"@id":"https:\/\/www.celttv.com.ar\/index.php\/2020\/01\/27\/avanzan-las-mejoras-en-el-predio-del-sindicato-de-papeleros-de-tornquist-videos\/"},"author":{"name":"ulises","@id":"https:\/\/www.celttv.com.ar\/#\/schema\/person\/6d99c072dba59953809c81446e9d0ace"},"headline":"Avanzan las mejoras en el predio del Sindicato de Papeleros de Tornquist (Videos)","datePublished":"2020-01-27T21:11:41+00:00","dateModified":"2020-01-27T21:11:41+00:00","mainEntityOfPage":{"@id":"https:\/\/www.celttv.com.ar\/index.php\/2020\/01\/27\/avanzan-las-mejoras-en-el-predio-del-sindicato-de-papeleros-de-tornquist-videos\/"},"wordCount":132,"publisher":{"@id":"https:\/\/www.celttv.com.ar\/#organization"},"articleSection":["Celt TV Noticias","Comunidad","Destacadas","Turismo"],"inLanguage":"es"},{"@type":"WebPage","@id":"https:\/\/www.celttv.com.ar\/index.php\/2020\/01\/27\/avanzan-las-mejoras-en-el-predio-del-sindicato-de-papeleros-de-tornquist-videos\/","url":"https:\/\/www.celttv.com.ar\/index.php\/2020\/01\/27\/avanzan-las-mejoras-en-el-predio-del-sindicato-de-papeleros-de-tornquist-videos\/","name":"Avanzan las mejoras en el predio del Sindicato de Papeleros de Tornquist (Videos) - CELTTV","isPartOf":{"@id":"https:\/\/www.celttv.com.ar\/#website"},"datePublished":"2020-01-27T21:11:41+00:00","dateModified":"2020-01-27T21:11:41+00:00","description":"Sitio web de noticias de la localidad de Tornquist, provincia de Buenos Aires, Rep\u00fablica Argentina. Contenido propio originado por periodistas de CELTTV, el canal de TV local de la Cooperativa El\u00e9ctrica de Tornquist. Turismo, Pol\u00edtica, Sociedad, Deporte, Cultura y todo el contenido de inter\u00e9s general que la gente del pueblo y la regi\u00f3n debe conocer.","breadcrumb":{"@id":"https:\/\/www.celttv.com.ar\/index.php\/2020\/01\/27\/avanzan-las-mejoras-en-el-predio-del-sindicato-de-papeleros-de-tornquist-videos\/#breadcrumb"},"inLanguage":"es","potentialAction":[{"@type":"ReadAction","target":["https:\/\/www.celttv.com.ar\/index.php\/2020\/01\/27\/avanzan-las-mejoras-en-el-predio-del-sindicato-de-papeleros-de-tornquist-videos\/"]}]},{"@type":"BreadcrumbList","@id":"https:\/\/www.celttv.com.ar\/index.php\/2020\/01\/27\/avanzan-las-mejoras-en-el-predio-del-sindicato-de-papeleros-de-tornquist-videos\/#breadcrumb","itemListElement":[{"@type":"ListItem","position":1,"name":"Inicio","item":"https:\/\/www.celttv.com.ar\/"},{"@type":"ListItem","position":2,"name":"Avanzan las mejoras en el predio del Sindicato de Papeleros de Tornquist (Videos)"}]},{"@type":"WebSite","@id":"https:\/\/www.celttv.com.ar\/#website","url":"https:\/\/www.celttv.com.ar\/","name":"CELTTV","description":"Cooperativa El\u00e9ctrica de Tornquist","publisher":{"@id":"https:\/\/www.celttv.com.ar\/#organization"},"potentialAction":[{"@type":"SearchAction","target":{"@type":"EntryPoint","urlTemplate":"https:\/\/www.celttv.com.ar\/?s={search_term_string}"},"query-input":"required name=search_term_string"}],"inLanguage":"es"},{"@type":"Organization","@id":"https:\/\/www.celttv.com.ar\/#organization","name":"CELTTV","url":"https:\/\/www.celttv.com.ar\/","sameAs":["https:\/\/www.youtube.com\/channel\/UCz_oIt8Hig64Ub-EmcNPIhg","https:\/\/www.facebook.com\/celtTV\/"],"logo":{"@type":"ImageObject","inLanguage":"es","@id":"https:\/\/www.celttv.com.ar\/#\/schema\/logo\/image\/","url":"http:\/\/www.celttv.com.ar\/wp-content\/uploads\/2022\/08\/logo-1.png","contentUrl":"http:\/\/www.celttv.com.ar\/wp-content\/uploads\/2022\/08\/logo-1.png","width":461,"height":159,"caption":"CELTTV"},"image":{"@id":"https:\/\/www.celttv.com.ar\/#\/schema\/logo\/image\/"}},{"@type":"Person","@id":"https:\/\/www.celttv.com.ar\/#\/schema\/person\/6d99c072dba59953809c81446e9d0ace","name":"ulises","image":{"@type":"ImageObject","inLanguage":"es","@id":"https:\/\/www.celttv.com.ar\/#\/schema\/person\/image\/","url":"https:\/\/secure.gravatar.com\/avatar\/7f2c48bdc33b30088f941fb6082e555f2874c98e20cb159d7b92b50eadfce793?s=96&d=mm&r=g","contentUrl":"https:\/\/secure.gravatar.com\/avatar\/7f2c48bdc33b30088f941fb6082e555f2874c98e20cb159d7b92b50eadfce793?s=96&d=mm&r=g","caption":"ulises"},"sameAs":["http:\/\/www.celttv.com.ar"]}]}},"_links":{"self":[{"href":"https:\/\/www.celttv.com.ar\/index.php\/wp-json\/wp\/v2\/posts\/46912","targetHints":{"allow":["GET"]}}],"collection":[{"href":"https:\/\/www.celttv.com.ar\/index.php\/wp-json\/wp\/v2\/posts"}],"about":[{"href":"https:\/\/www.celttv.com.ar\/index.php\/wp-json\/wp\/v2\/types\/post"}],"author":[{"embeddable":true,"href":"https:\/\/www.celttv.com.ar\/index.php\/wp-json\/wp\/v2\/users\/1"}],"replies":[{"embeddable":true,"href":"https:\/\/www.celttv.com.ar\/index.php\/wp-json\/wp\/v2\/comments?post=46912"}],"version-history":[{"count":0,"href":"https:\/\/www.celttv.com.ar\/index.php\/wp-json\/wp\/v2\/posts\/46912\/revisions"}],"wp:featuredmedia":[{"embeddable":true,"href":"https:\/\/www.celttv.com.ar\/index.php\/wp-json\/wp\/v2\/media\/46913"}],"wp:attachment":[{"href":"https:\/\/www.celttv.com.ar\/index.php\/wp-json\/wp\/v2\/media?parent=46912"}],"wp:term":[{"taxonomy":"category","embeddable":true,"href":"https:\/\/www.celttv.com.ar\/index.php\/wp-json\/wp\/v2\/categories?post=46912"},{"taxonomy":"post_tag","embeddable":true,"href":"https:\/\/www.celttv.com.ar\/index.php\/wp-json\/wp\/v2\/tags?post=46912"}],"curies":[{"name":"wp","href":"https:\/\/api.w.org\/{rel}","templated":true}]}}