{"id":47015,"date":"2020-01-31T13:12:59","date_gmt":"2020-01-31T13:12:59","guid":{"rendered":"http:\/\/www.celttv.com.ar\/?p=47015"},"modified":"2020-01-31T13:12:59","modified_gmt":"2020-01-31T13:12:59","slug":"entidades-se-reunieron-en-sierra-tras-una-denuncia-por-abuso","status":"publish","type":"post","link":"https:\/\/www.celttv.com.ar\/index.php\/2020\/01\/31\/entidades-se-reunieron-en-sierra-tras-una-denuncia-por-abuso\/","title":{"rendered":"Entidades se reunieron en Sierra tras una denuncia por abuso"},"content":{"rendered":"<div class=\"adelanto\">\n<p>El encuentro tuvo lugar este jueves y particip\u00f3 el Consejo Municipal de las Mujeres de Tornquist, desde donde emitieron un comunicado al respecto.<\/p>\n<\/div>\n<div class=\"text\">\n<p>Este jueves en el cuartel de Bomberos Voluntarios de Sierra de la Ventana, participamos de una reuni\u00f3n a la que fuimos invitadas por las mujeres de la comunidad.<\/p>\n<p>Estuvieron presentes, representando al Municipio de Tornquist, el Delegado de Sierra de la Ventana; al Honorable Concejo Deliberante, dos concejales del bloque Juntos por el cambio; a la Polic\u00eda de la Provincia de Buenos Aires, el Comisario Distrital y el Jefe de la Subestaci\u00f3n Policial de Sierra de la Ventana; a la DGCyE, la Coordinadora y la Inspectora de las Escuelas de Verano; a la Biblioteca Popular Mariano Moreno, su bibliotecaria; a los Bomberos Voluntarios, el Presidente e integrantes de la Comisi\u00f3n Directiva; al Consejo Municipal de las Mujeres Tornquist, su presidenta y un grupo de consejeras; trabajadores guardavidas en balnearios y en la pileta, v\u00edctimas\/denunciantes, vecina\/os.<\/p>\n<p>La movilizaci\u00f3n de la comunidad se origin\u00f3 en el hecho de que fuera reconocido utilizando las piletas municipales, en el mismo horario en que realizan sus actividades los alumnos de la Escuela de Verano, un hombre denunciado por abuso de una menor.<\/p>\n<p>Que este suceso se pusiera a la consideraci\u00f3n p\u00fablica, anim\u00f3 a una mujer denunciar que fue abusada, lo que prueba que la visibilizaci\u00f3n de los problemas que nos afectan nos hace mejores como sociedad.<\/p>\n<p>Siguiendo con la conducta de trabajo que hemos adoptado desde nuestro inicio, propusimos la elaboraci\u00f3n conjunta de un protocolo (regla que gu\u00eda de qu\u00e9 manera debe concretarse una acci\u00f3n) que pueda ser usado en todas las instituciones; que se sancione la ordenanza de acoso callejero, proyecto que presentamos hace un a\u00f1o en el HCD, y que se aplique la Ley Micaela de capacitaci\u00f3n en perspectiva de g\u00e9nero en los organismos p\u00fablicos para que no se repita la experiencia de la que fuimos testigos en la reuni\u00f3n de re victimizaci\u00f3n de la v\u00edctima .<\/p>\n<p>Aprovechamos esta ocasi\u00f3n para manifestar una vez m\u00e1s que seguiremos trabajando en el abordaje integral de las violencias de todo tipo propias del sistema patriarcal, para contribuir a la construcci\u00f3n de nuevas y mejores formas de relacionarnos en nuestra sociedad.<\/p>\n<p><em><strong>CONSEJO MUNICIPAL DE LAS MUJERES TORNQUIST<\/strong><\/em><\/p>\n<p><a href=\"http:\/\/www.celttv.com.ar\/?attachment_id=47016\" rel=\"attachment wp-att-47016\"><img loading=\"lazy\" decoding=\"async\" class=\"alignleft size-full wp-image-47016\" src=\"http:\/\/www.celttv.com.ar\/wp-content\/uploads\/2020\/01\/110_d5be_73169322_2482711545331643_4049444189149069312_o_1580466117.jpg_958.jpg\" alt=\"\" width=\"958\" height=\"669\" \/><\/a><\/p>\n<\/div>\n","protected":false},"excerpt":{"rendered":"<p>El encuentro tuvo lugar este jueves y particip\u00f3 el Consejo Municipal de las Mujeres de Tornquist, desde donde emitieron un comunicado al respecto. Este jueves en el cuartel de Bomberos Voluntarios de Sierra de la Ventana, participamos de una reuni\u00f3n a la que fuimos invitadas por las mujeres de la comunidad. Estuvieron presentes, representando al [&hellip;]<\/p>\n","protected":false},"author":1,"featured_media":0,"comment_status":"closed","ping_status":"open","sticky":false,"template":"","format":"standard","meta":{"footnotes":""},"categories":[55,51,52],"tags":[],"class_list":["post-47015","post","type-post","status-publish","format-standard","hentry","category-celt-tv-noticias","category-comunidad","category-destacadas"],"yoast_head":"<!-- This site is optimized with the Yoast SEO plugin v19.7.1 - https:\/\/yoast.com\/wordpress\/plugins\/seo\/ -->\n<title>Entidades se reunieron en Sierra tras una denuncia por abuso - CELTTV<\/title>\n<meta name=\"description\" content=\"Sitio web de noticias de la localidad de Tornquist, provincia de Buenos Aires, Rep\u00fablica Argentina. Contenido propio originado por periodistas de CELTTV, el canal de TV local de la Cooperativa El\u00e9ctrica de Tornquist. Turismo, Pol\u00edtica, Sociedad, Deporte, Cultura y todo el contenido de inter\u00e9s general que la gente del pueblo y la regi\u00f3n debe conocer.\" \/>\n<meta name=\"robots\" content=\"index, follow, max-snippet:-1, max-image-preview:large, max-video-preview:-1\" \/>\n<link rel=\"canonical\" href=\"https:\/\/www.celttv.com.ar\/index.php\/2020\/01\/31\/entidades-se-reunieron-en-sierra-tras-una-denuncia-por-abuso\/\" \/>\n<meta property=\"og:locale\" content=\"es_ES\" \/>\n<meta property=\"og:type\" content=\"article\" \/>\n<meta property=\"og:title\" content=\"Entidades se reunieron en Sierra tras una denuncia por abuso - CELTTV\" \/>\n<meta property=\"og:description\" content=\"Sitio web de noticias de la localidad de Tornquist, provincia de Buenos Aires, Rep\u00fablica Argentina. Contenido propio originado por periodistas de CELTTV, el canal de TV local de la Cooperativa El\u00e9ctrica de Tornquist. Turismo, Pol\u00edtica, Sociedad, Deporte, Cultura y todo el contenido de inter\u00e9s general que la gente del pueblo y la regi\u00f3n debe conocer.\" \/>\n<meta property=\"og:url\" content=\"https:\/\/www.celttv.com.ar\/index.php\/2020\/01\/31\/entidades-se-reunieron-en-sierra-tras-una-denuncia-por-abuso\/\" \/>\n<meta property=\"og:site_name\" content=\"CELTTV\" \/>\n<meta property=\"article:publisher\" content=\"https:\/\/www.facebook.com\/celtTV\/\" \/>\n<meta property=\"article:published_time\" content=\"2020-01-31T13:12:59+00:00\" \/>\n<meta property=\"og:image\" content=\"http:\/\/www.celttv.com.ar\/wp-content\/uploads\/2020\/01\/110_d5be_73169322_2482711545331643_4049444189149069312_o_1580466117.jpg_958.jpg\" \/>\n<meta name=\"author\" content=\"ulises\" \/>\n<meta name=\"twitter:card\" content=\"summary_large_image\" \/>\n<meta name=\"twitter:label1\" content=\"Escrito por\" \/>\n\t<meta name=\"twitter:data1\" content=\"ulises\" \/>\n\t<meta name=\"twitter:label2\" content=\"Tiempo de lectura\" \/>\n\t<meta name=\"twitter:data2\" content=\"2 minutos\" \/>\n<script type=\"application\/ld+json\" class=\"yoast-schema-graph\">{\"@context\":\"https:\/\/schema.org\",\"@graph\":[{\"@type\":\"NewsArticle\",\"@id\":\"https:\/\/www.celttv.com.ar\/index.php\/2020\/01\/31\/entidades-se-reunieron-en-sierra-tras-una-denuncia-por-abuso\/#article\",\"isPartOf\":{\"@id\":\"https:\/\/www.celttv.com.ar\/index.php\/2020\/01\/31\/entidades-se-reunieron-en-sierra-tras-una-denuncia-por-abuso\/\"},\"author\":{\"name\":\"ulises\",\"@id\":\"https:\/\/www.celttv.com.ar\/#\/schema\/person\/6d99c072dba59953809c81446e9d0ace\"},\"headline\":\"Entidades se reunieron en Sierra tras una denuncia por abuso\",\"datePublished\":\"2020-01-31T13:12:59+00:00\",\"dateModified\":\"2020-01-31T13:12:59+00:00\",\"mainEntityOfPage\":{\"@id\":\"https:\/\/www.celttv.com.ar\/index.php\/2020\/01\/31\/entidades-se-reunieron-en-sierra-tras-una-denuncia-por-abuso\/\"},\"wordCount\":406,\"publisher\":{\"@id\":\"https:\/\/www.celttv.com.ar\/#organization\"},\"articleSection\":[\"Celt TV Noticias\",\"Comunidad\",\"Destacadas\"],\"inLanguage\":\"es\"},{\"@type\":\"WebPage\",\"@id\":\"https:\/\/www.celttv.com.ar\/index.php\/2020\/01\/31\/entidades-se-reunieron-en-sierra-tras-una-denuncia-por-abuso\/\",\"url\":\"https:\/\/www.celttv.com.ar\/index.php\/2020\/01\/31\/entidades-se-reunieron-en-sierra-tras-una-denuncia-por-abuso\/\",\"name\":\"Entidades se reunieron en Sierra tras una denuncia por abuso - CELTTV\",\"isPartOf\":{\"@id\":\"https:\/\/www.celttv.com.ar\/#website\"},\"datePublished\":\"2020-01-31T13:12:59+00:00\",\"dateModified\":\"2020-01-31T13:12:59+00:00\",\"description\":\"Sitio web de noticias de la localidad de Tornquist, provincia de Buenos Aires, Rep\u00fablica Argentina. Contenido propio originado por periodistas de CELTTV, el canal de TV local de la Cooperativa El\u00e9ctrica de Tornquist. Turismo, Pol\u00edtica, Sociedad, Deporte, Cultura y todo el contenido de inter\u00e9s general que la gente del pueblo y la regi\u00f3n debe conocer.\",\"breadcrumb\":{\"@id\":\"https:\/\/www.celttv.com.ar\/index.php\/2020\/01\/31\/entidades-se-reunieron-en-sierra-tras-una-denuncia-por-abuso\/#breadcrumb\"},\"inLanguage\":\"es\",\"potentialAction\":[{\"@type\":\"ReadAction\",\"target\":[\"https:\/\/www.celttv.com.ar\/index.php\/2020\/01\/31\/entidades-se-reunieron-en-sierra-tras-una-denuncia-por-abuso\/\"]}]},{\"@type\":\"BreadcrumbList\",\"@id\":\"https:\/\/www.celttv.com.ar\/index.php\/2020\/01\/31\/entidades-se-reunieron-en-sierra-tras-una-denuncia-por-abuso\/#breadcrumb\",\"itemListElement\":[{\"@type\":\"ListItem\",\"position\":1,\"name\":\"Inicio\",\"item\":\"https:\/\/www.celttv.com.ar\/\"},{\"@type\":\"ListItem\",\"position\":2,\"name\":\"Entidades se reunieron en Sierra tras una denuncia por abuso\"}]},{\"@type\":\"WebSite\",\"@id\":\"https:\/\/www.celttv.com.ar\/#website\",\"url\":\"https:\/\/www.celttv.com.ar\/\",\"name\":\"CELTTV\",\"description\":\"Cooperativa El\u00e9ctrica de Tornquist\",\"publisher\":{\"@id\":\"https:\/\/www.celttv.com.ar\/#organization\"},\"potentialAction\":[{\"@type\":\"SearchAction\",\"target\":{\"@type\":\"EntryPoint\",\"urlTemplate\":\"https:\/\/www.celttv.com.ar\/?s={search_term_string}\"},\"query-input\":\"required name=search_term_string\"}],\"inLanguage\":\"es\"},{\"@type\":\"Organization\",\"@id\":\"https:\/\/www.celttv.com.ar\/#organization\",\"name\":\"CELTTV\",\"url\":\"https:\/\/www.celttv.com.ar\/\",\"sameAs\":[\"https:\/\/www.youtube.com\/channel\/UCz_oIt8Hig64Ub-EmcNPIhg\",\"https:\/\/www.facebook.com\/celtTV\/\"],\"logo\":{\"@type\":\"ImageObject\",\"inLanguage\":\"es\",\"@id\":\"https:\/\/www.celttv.com.ar\/#\/schema\/logo\/image\/\",\"url\":\"http:\/\/www.celttv.com.ar\/wp-content\/uploads\/2022\/08\/logo-1.png\",\"contentUrl\":\"http:\/\/www.celttv.com.ar\/wp-content\/uploads\/2022\/08\/logo-1.png\",\"width\":461,\"height\":159,\"caption\":\"CELTTV\"},\"image\":{\"@id\":\"https:\/\/www.celttv.com.ar\/#\/schema\/logo\/image\/\"}},{\"@type\":\"Person\",\"@id\":\"https:\/\/www.celttv.com.ar\/#\/schema\/person\/6d99c072dba59953809c81446e9d0ace\",\"name\":\"ulises\",\"image\":{\"@type\":\"ImageObject\",\"inLanguage\":\"es\",\"@id\":\"https:\/\/www.celttv.com.ar\/#\/schema\/person\/image\/\",\"url\":\"https:\/\/secure.gravatar.com\/avatar\/7f2c48bdc33b30088f941fb6082e555f2874c98e20cb159d7b92b50eadfce793?s=96&d=mm&r=g\",\"contentUrl\":\"https:\/\/secure.gravatar.com\/avatar\/7f2c48bdc33b30088f941fb6082e555f2874c98e20cb159d7b92b50eadfce793?s=96&d=mm&r=g\",\"caption\":\"ulises\"},\"sameAs\":[\"http:\/\/www.celttv.com.ar\"]}]}<\/script>\n<!-- \/ Yoast SEO plugin. -->","yoast_head_json":{"title":"Entidades se reunieron en Sierra tras una denuncia por abuso - CELTTV","description":"Sitio web de noticias de la localidad de Tornquist, provincia de Buenos Aires, Rep\u00fablica Argentina. Contenido propio originado por periodistas de CELTTV, el canal de TV local de la Cooperativa El\u00e9ctrica de Tornquist. Turismo, Pol\u00edtica, Sociedad, Deporte, Cultura y todo el contenido de inter\u00e9s general que la gente del pueblo y la regi\u00f3n debe conocer.","robots":{"index":"index","follow":"follow","max-snippet":"max-snippet:-1","max-image-preview":"max-image-preview:large","max-video-preview":"max-video-preview:-1"},"canonical":"https:\/\/www.celttv.com.ar\/index.php\/2020\/01\/31\/entidades-se-reunieron-en-sierra-tras-una-denuncia-por-abuso\/","og_locale":"es_ES","og_type":"article","og_title":"Entidades se reunieron en Sierra tras una denuncia por abuso - CELTTV","og_description":"Sitio web de noticias de la localidad de Tornquist, provincia de Buenos Aires, Rep\u00fablica Argentina. Contenido propio originado por periodistas de CELTTV, el canal de TV local de la Cooperativa El\u00e9ctrica de Tornquist. Turismo, Pol\u00edtica, Sociedad, Deporte, Cultura y todo el contenido de inter\u00e9s general que la gente del pueblo y la regi\u00f3n debe conocer.","og_url":"https:\/\/www.celttv.com.ar\/index.php\/2020\/01\/31\/entidades-se-reunieron-en-sierra-tras-una-denuncia-por-abuso\/","og_site_name":"CELTTV","article_publisher":"https:\/\/www.facebook.com\/celtTV\/","article_published_time":"2020-01-31T13:12:59+00:00","og_image":[{"url":"http:\/\/www.celttv.com.ar\/wp-content\/uploads\/2020\/01\/110_d5be_73169322_2482711545331643_4049444189149069312_o_1580466117.jpg_958.jpg"}],"author":"ulises","twitter_card":"summary_large_image","twitter_misc":{"Escrito por":"ulises","Tiempo de lectura":"2 minutos"},"schema":{"@context":"https:\/\/schema.org","@graph":[{"@type":"NewsArticle","@id":"https:\/\/www.celttv.com.ar\/index.php\/2020\/01\/31\/entidades-se-reunieron-en-sierra-tras-una-denuncia-por-abuso\/#article","isPartOf":{"@id":"https:\/\/www.celttv.com.ar\/index.php\/2020\/01\/31\/entidades-se-reunieron-en-sierra-tras-una-denuncia-por-abuso\/"},"author":{"name":"ulises","@id":"https:\/\/www.celttv.com.ar\/#\/schema\/person\/6d99c072dba59953809c81446e9d0ace"},"headline":"Entidades se reunieron en Sierra tras una denuncia por abuso","datePublished":"2020-01-31T13:12:59+00:00","dateModified":"2020-01-31T13:12:59+00:00","mainEntityOfPage":{"@id":"https:\/\/www.celttv.com.ar\/index.php\/2020\/01\/31\/entidades-se-reunieron-en-sierra-tras-una-denuncia-por-abuso\/"},"wordCount":406,"publisher":{"@id":"https:\/\/www.celttv.com.ar\/#organization"},"articleSection":["Celt TV Noticias","Comunidad","Destacadas"],"inLanguage":"es"},{"@type":"WebPage","@id":"https:\/\/www.celttv.com.ar\/index.php\/2020\/01\/31\/entidades-se-reunieron-en-sierra-tras-una-denuncia-por-abuso\/","url":"https:\/\/www.celttv.com.ar\/index.php\/2020\/01\/31\/entidades-se-reunieron-en-sierra-tras-una-denuncia-por-abuso\/","name":"Entidades se reunieron en Sierra tras una denuncia por abuso - CELTTV","isPartOf":{"@id":"https:\/\/www.celttv.com.ar\/#website"},"datePublished":"2020-01-31T13:12:59+00:00","dateModified":"2020-01-31T13:12:59+00:00","description":"Sitio web de noticias de la localidad de Tornquist, provincia de Buenos Aires, Rep\u00fablica Argentina. Contenido propio originado por periodistas de CELTTV, el canal de TV local de la Cooperativa El\u00e9ctrica de Tornquist. Turismo, Pol\u00edtica, Sociedad, Deporte, Cultura y todo el contenido de inter\u00e9s general que la gente del pueblo y la regi\u00f3n debe conocer.","breadcrumb":{"@id":"https:\/\/www.celttv.com.ar\/index.php\/2020\/01\/31\/entidades-se-reunieron-en-sierra-tras-una-denuncia-por-abuso\/#breadcrumb"},"inLanguage":"es","potentialAction":[{"@type":"ReadAction","target":["https:\/\/www.celttv.com.ar\/index.php\/2020\/01\/31\/entidades-se-reunieron-en-sierra-tras-una-denuncia-por-abuso\/"]}]},{"@type":"BreadcrumbList","@id":"https:\/\/www.celttv.com.ar\/index.php\/2020\/01\/31\/entidades-se-reunieron-en-sierra-tras-una-denuncia-por-abuso\/#breadcrumb","itemListElement":[{"@type":"ListItem","position":1,"name":"Inicio","item":"https:\/\/www.celttv.com.ar\/"},{"@type":"ListItem","position":2,"name":"Entidades se reunieron en Sierra tras una denuncia por abuso"}]},{"@type":"WebSite","@id":"https:\/\/www.celttv.com.ar\/#website","url":"https:\/\/www.celttv.com.ar\/","name":"CELTTV","description":"Cooperativa El\u00e9ctrica de Tornquist","publisher":{"@id":"https:\/\/www.celttv.com.ar\/#organization"},"potentialAction":[{"@type":"SearchAction","target":{"@type":"EntryPoint","urlTemplate":"https:\/\/www.celttv.com.ar\/?s={search_term_string}"},"query-input":"required name=search_term_string"}],"inLanguage":"es"},{"@type":"Organization","@id":"https:\/\/www.celttv.com.ar\/#organization","name":"CELTTV","url":"https:\/\/www.celttv.com.ar\/","sameAs":["https:\/\/www.youtube.com\/channel\/UCz_oIt8Hig64Ub-EmcNPIhg","https:\/\/www.facebook.com\/celtTV\/"],"logo":{"@type":"ImageObject","inLanguage":"es","@id":"https:\/\/www.celttv.com.ar\/#\/schema\/logo\/image\/","url":"http:\/\/www.celttv.com.ar\/wp-content\/uploads\/2022\/08\/logo-1.png","contentUrl":"http:\/\/www.celttv.com.ar\/wp-content\/uploads\/2022\/08\/logo-1.png","width":461,"height":159,"caption":"CELTTV"},"image":{"@id":"https:\/\/www.celttv.com.ar\/#\/schema\/logo\/image\/"}},{"@type":"Person","@id":"https:\/\/www.celttv.com.ar\/#\/schema\/person\/6d99c072dba59953809c81446e9d0ace","name":"ulises","image":{"@type":"ImageObject","inLanguage":"es","@id":"https:\/\/www.celttv.com.ar\/#\/schema\/person\/image\/","url":"https:\/\/secure.gravatar.com\/avatar\/7f2c48bdc33b30088f941fb6082e555f2874c98e20cb159d7b92b50eadfce793?s=96&d=mm&r=g","contentUrl":"https:\/\/secure.gravatar.com\/avatar\/7f2c48bdc33b30088f941fb6082e555f2874c98e20cb159d7b92b50eadfce793?s=96&d=mm&r=g","caption":"ulises"},"sameAs":["http:\/\/www.celttv.com.ar"]}]}},"_links":{"self":[{"href":"https:\/\/www.celttv.com.ar\/index.php\/wp-json\/wp\/v2\/posts\/47015","targetHints":{"allow":["GET"]}}],"collection":[{"href":"https:\/\/www.celttv.com.ar\/index.php\/wp-json\/wp\/v2\/posts"}],"about":[{"href":"https:\/\/www.celttv.com.ar\/index.php\/wp-json\/wp\/v2\/types\/post"}],"author":[{"embeddable":true,"href":"https:\/\/www.celttv.com.ar\/index.php\/wp-json\/wp\/v2\/users\/1"}],"replies":[{"embeddable":true,"href":"https:\/\/www.celttv.com.ar\/index.php\/wp-json\/wp\/v2\/comments?post=47015"}],"version-history":[{"count":0,"href":"https:\/\/www.celttv.com.ar\/index.php\/wp-json\/wp\/v2\/posts\/47015\/revisions"}],"wp:attachment":[{"href":"https:\/\/www.celttv.com.ar\/index.php\/wp-json\/wp\/v2\/media?parent=47015"}],"wp:term":[{"taxonomy":"category","embeddable":true,"href":"https:\/\/www.celttv.com.ar\/index.php\/wp-json\/wp\/v2\/categories?post=47015"},{"taxonomy":"post_tag","embeddable":true,"href":"https:\/\/www.celttv.com.ar\/index.php\/wp-json\/wp\/v2\/tags?post=47015"}],"curies":[{"name":"wp","href":"https:\/\/api.w.org\/{rel}","templated":true}]}}