{"id":47323,"date":"2020-02-20T20:54:43","date_gmt":"2020-02-20T20:54:43","guid":{"rendered":"http:\/\/www.celttv.com.ar\/?p=47323"},"modified":"2020-02-20T20:54:43","modified_gmt":"2020-02-20T20:54:43","slug":"los-bomberos-combaten-un-incendio-en-el-basurero-municipal-que-por-efecto-del-viento-ingreso-al-terreno-del-aero-club-fotos","status":"publish","type":"post","link":"https:\/\/www.celttv.com.ar\/index.php\/2020\/02\/20\/los-bomberos-combaten-un-incendio-en-el-basurero-municipal-que-por-efecto-del-viento-ingreso-al-terreno-del-aero-club-fotos\/","title":{"rendered":"Los bomberos combaten un incendio en el basurero Municipal que, por efecto del viento, ingreso al terreno del Aero Club (fotos)"},"content":{"rendered":"<p>Los bomberos combaten un incendio\u00a0en un sector del basurero municipal que, por efecto del fuerte viento que sopla del sud oeste, tambi\u00e9n afect\u00f3 pastos en el terreno del Aero club de Tornquist.<\/p>\n<p>Los servidores p\u00fablicos concurrieron con tres unidades compuesta por 12 personas al mando del Oficial Tercero Damian Flores<\/p>\n<p>&nbsp;<\/p>\n<p><a href=\"http:\/\/www.celttv.com.ar\/?attachment_id=47324\" rel=\"attachment wp-att-47324\"><img loading=\"lazy\" decoding=\"async\" class=\"alignleft size-full wp-image-47324\" src=\"http:\/\/www.celttv.com.ar\/wp-content\/uploads\/2020\/02\/IMG_20200220_164912390-Medium.jpg\" alt=\"\" width=\"1024\" height=\"768\" srcset=\"https:\/\/www.celttv.com.ar\/wp-content\/uploads\/2020\/02\/IMG_20200220_164912390-Medium.jpg 1024w, https:\/\/www.celttv.com.ar\/wp-content\/uploads\/2020\/02\/IMG_20200220_164912390-Medium-300x225.jpg 300w, https:\/\/www.celttv.com.ar\/wp-content\/uploads\/2020\/02\/IMG_20200220_164912390-Medium-768x576.jpg 768w, https:\/\/www.celttv.com.ar\/wp-content\/uploads\/2020\/02\/IMG_20200220_164912390-Medium-750x563.jpg 750w\" sizes=\"auto, (max-width: 1024px) 100vw, 1024px\" \/><\/a> <a href=\"http:\/\/www.celttv.com.ar\/?attachment_id=47325\" rel=\"attachment wp-att-47325\"><img loading=\"lazy\" decoding=\"async\" class=\"alignleft size-medium wp-image-47325\" src=\"http:\/\/www.celttv.com.ar\/wp-content\/uploads\/2020\/02\/IMG_20200220_165138340-Medium.jpg\" alt=\"\" width=\"780\" height=\"585\" srcset=\"https:\/\/www.celttv.com.ar\/wp-content\/uploads\/2020\/02\/IMG_20200220_165138340-Medium.jpg 1024w, https:\/\/www.celttv.com.ar\/wp-content\/uploads\/2020\/02\/IMG_20200220_165138340-Medium-300x225.jpg 300w, https:\/\/www.celttv.com.ar\/wp-content\/uploads\/2020\/02\/IMG_20200220_165138340-Medium-768x576.jpg 768w, https:\/\/www.celttv.com.ar\/wp-content\/uploads\/2020\/02\/IMG_20200220_165138340-Medium-750x563.jpg 750w\" sizes=\"auto, (max-width: 780px) 100vw, 780px\" \/><\/a> <a href=\"http:\/\/www.celttv.com.ar\/?attachment_id=47326\" rel=\"attachment wp-att-47326\"><img loading=\"lazy\" decoding=\"async\" class=\"alignleft size-medium wp-image-47326\" src=\"http:\/\/www.celttv.com.ar\/wp-content\/uploads\/2020\/02\/IMG_20200220_165901307-Medium.jpg\" alt=\"\" width=\"780\" height=\"585\" srcset=\"https:\/\/www.celttv.com.ar\/wp-content\/uploads\/2020\/02\/IMG_20200220_165901307-Medium.jpg 1024w, https:\/\/www.celttv.com.ar\/wp-content\/uploads\/2020\/02\/IMG_20200220_165901307-Medium-300x225.jpg 300w, https:\/\/www.celttv.com.ar\/wp-content\/uploads\/2020\/02\/IMG_20200220_165901307-Medium-768x576.jpg 768w, https:\/\/www.celttv.com.ar\/wp-content\/uploads\/2020\/02\/IMG_20200220_165901307-Medium-750x563.jpg 750w\" sizes=\"auto, (max-width: 780px) 100vw, 780px\" \/><\/a> <a href=\"http:\/\/www.celttv.com.ar\/?attachment_id=47327\" rel=\"attachment wp-att-47327\"><img loading=\"lazy\" decoding=\"async\" class=\"alignleft size-medium wp-image-47327\" src=\"http:\/\/www.celttv.com.ar\/wp-content\/uploads\/2020\/02\/viento-fuego.jpg\" alt=\"\" width=\"780\" height=\"585\" srcset=\"https:\/\/www.celttv.com.ar\/wp-content\/uploads\/2020\/02\/viento-fuego.jpg 1024w, https:\/\/www.celttv.com.ar\/wp-content\/uploads\/2020\/02\/viento-fuego-300x225.jpg 300w, https:\/\/www.celttv.com.ar\/wp-content\/uploads\/2020\/02\/viento-fuego-768x576.jpg 768w, https:\/\/www.celttv.com.ar\/wp-content\/uploads\/2020\/02\/viento-fuego-750x563.jpg 750w\" sizes=\"auto, (max-width: 780px) 100vw, 780px\" \/><\/a><\/p>\n","protected":false},"excerpt":{"rendered":"<p>Los bomberos combaten un incendio\u00a0en un sector del basurero municipal que, por efecto del fuerte viento que sopla del sud oeste, tambi\u00e9n afect\u00f3 pastos en el terreno del Aero club de Tornquist. Los servidores p\u00fablicos concurrieron con tres unidades compuesta por 12 personas al mando del Oficial Tercero Damian Flores &nbsp;<\/p>\n","protected":false},"author":1,"featured_media":47326,"comment_status":"closed","ping_status":"open","sticky":false,"template":"","format":"standard","meta":{"footnotes":""},"categories":[51,52],"tags":[],"class_list":["post-47323","post","type-post","status-publish","format-standard","has-post-thumbnail","hentry","category-comunidad","category-destacadas"],"yoast_head":"<!-- This site is optimized with the Yoast SEO plugin v19.7.1 - https:\/\/yoast.com\/wordpress\/plugins\/seo\/ -->\n<title>Los bomberos combaten un incendio en el basurero Municipal que, por efecto del viento, ingreso al terreno del Aero Club (fotos) - CELTTV<\/title>\n<meta name=\"description\" content=\"Sitio web de noticias de la localidad de Tornquist, provincia de Buenos Aires, Rep\u00fablica Argentina. Contenido propio originado por periodistas de CELTTV, el canal de TV local de la Cooperativa El\u00e9ctrica de Tornquist. Turismo, Pol\u00edtica, Sociedad, Deporte, Cultura y todo el contenido de inter\u00e9s general que la gente del pueblo y la regi\u00f3n debe conocer.\" \/>\n<meta name=\"robots\" content=\"index, follow, max-snippet:-1, max-image-preview:large, max-video-preview:-1\" \/>\n<link rel=\"canonical\" href=\"https:\/\/www.celttv.com.ar\/index.php\/2020\/02\/20\/los-bomberos-combaten-un-incendio-en-el-basurero-municipal-que-por-efecto-del-viento-ingreso-al-terreno-del-aero-club-fotos\/\" \/>\n<meta property=\"og:locale\" content=\"es_ES\" \/>\n<meta property=\"og:type\" content=\"article\" \/>\n<meta property=\"og:title\" content=\"Los bomberos combaten un incendio en el basurero Municipal que, por efecto del viento, ingreso al terreno del Aero Club (fotos) - CELTTV\" \/>\n<meta property=\"og:description\" content=\"Sitio web de noticias de la localidad de Tornquist, provincia de Buenos Aires, Rep\u00fablica Argentina. Contenido propio originado por periodistas de CELTTV, el canal de TV local de la Cooperativa El\u00e9ctrica de Tornquist. Turismo, Pol\u00edtica, Sociedad, Deporte, Cultura y todo el contenido de inter\u00e9s general que la gente del pueblo y la regi\u00f3n debe conocer.\" \/>\n<meta property=\"og:url\" content=\"https:\/\/www.celttv.com.ar\/index.php\/2020\/02\/20\/los-bomberos-combaten-un-incendio-en-el-basurero-municipal-que-por-efecto-del-viento-ingreso-al-terreno-del-aero-club-fotos\/\" \/>\n<meta property=\"og:site_name\" content=\"CELTTV\" \/>\n<meta property=\"article:publisher\" content=\"https:\/\/www.facebook.com\/celtTV\/\" \/>\n<meta property=\"article:published_time\" content=\"2020-02-20T20:54:43+00:00\" \/>\n<meta property=\"og:image\" content=\"https:\/\/www.celttv.com.ar\/wp-content\/uploads\/2020\/02\/IMG_20200220_165901307-Medium.jpg\" \/>\n\t<meta property=\"og:image:width\" content=\"1024\" \/>\n\t<meta property=\"og:image:height\" content=\"768\" \/>\n\t<meta property=\"og:image:type\" content=\"image\/jpeg\" \/>\n<meta name=\"author\" content=\"ulises\" \/>\n<meta name=\"twitter:card\" content=\"summary_large_image\" \/>\n<meta name=\"twitter:label1\" content=\"Escrito por\" \/>\n\t<meta name=\"twitter:data1\" content=\"ulises\" \/>\n<script type=\"application\/ld+json\" class=\"yoast-schema-graph\">{\"@context\":\"https:\/\/schema.org\",\"@graph\":[{\"@type\":\"NewsArticle\",\"@id\":\"https:\/\/www.celttv.com.ar\/index.php\/2020\/02\/20\/los-bomberos-combaten-un-incendio-en-el-basurero-municipal-que-por-efecto-del-viento-ingreso-al-terreno-del-aero-club-fotos\/#article\",\"isPartOf\":{\"@id\":\"https:\/\/www.celttv.com.ar\/index.php\/2020\/02\/20\/los-bomberos-combaten-un-incendio-en-el-basurero-municipal-que-por-efecto-del-viento-ingreso-al-terreno-del-aero-club-fotos\/\"},\"author\":{\"name\":\"ulises\",\"@id\":\"https:\/\/www.celttv.com.ar\/#\/schema\/person\/6d99c072dba59953809c81446e9d0ace\"},\"headline\":\"Los bomberos combaten un incendio en el basurero Municipal que, por efecto del viento, ingreso al terreno del Aero Club (fotos)\",\"datePublished\":\"2020-02-20T20:54:43+00:00\",\"dateModified\":\"2020-02-20T20:54:43+00:00\",\"mainEntityOfPage\":{\"@id\":\"https:\/\/www.celttv.com.ar\/index.php\/2020\/02\/20\/los-bomberos-combaten-un-incendio-en-el-basurero-municipal-que-por-efecto-del-viento-ingreso-al-terreno-del-aero-club-fotos\/\"},\"wordCount\":74,\"publisher\":{\"@id\":\"https:\/\/www.celttv.com.ar\/#organization\"},\"articleSection\":[\"Comunidad\",\"Destacadas\"],\"inLanguage\":\"es\"},{\"@type\":\"WebPage\",\"@id\":\"https:\/\/www.celttv.com.ar\/index.php\/2020\/02\/20\/los-bomberos-combaten-un-incendio-en-el-basurero-municipal-que-por-efecto-del-viento-ingreso-al-terreno-del-aero-club-fotos\/\",\"url\":\"https:\/\/www.celttv.com.ar\/index.php\/2020\/02\/20\/los-bomberos-combaten-un-incendio-en-el-basurero-municipal-que-por-efecto-del-viento-ingreso-al-terreno-del-aero-club-fotos\/\",\"name\":\"Los bomberos combaten un incendio en el basurero Municipal que, por efecto del viento, ingreso al terreno del Aero Club (fotos) - CELTTV\",\"isPartOf\":{\"@id\":\"https:\/\/www.celttv.com.ar\/#website\"},\"datePublished\":\"2020-02-20T20:54:43+00:00\",\"dateModified\":\"2020-02-20T20:54:43+00:00\",\"description\":\"Sitio web de noticias de la localidad de Tornquist, provincia de Buenos Aires, Rep\u00fablica Argentina. Contenido propio originado por periodistas de CELTTV, el canal de TV local de la Cooperativa El\u00e9ctrica de Tornquist. Turismo, Pol\u00edtica, Sociedad, Deporte, Cultura y todo el contenido de inter\u00e9s general que la gente del pueblo y la regi\u00f3n debe conocer.\",\"breadcrumb\":{\"@id\":\"https:\/\/www.celttv.com.ar\/index.php\/2020\/02\/20\/los-bomberos-combaten-un-incendio-en-el-basurero-municipal-que-por-efecto-del-viento-ingreso-al-terreno-del-aero-club-fotos\/#breadcrumb\"},\"inLanguage\":\"es\",\"potentialAction\":[{\"@type\":\"ReadAction\",\"target\":[\"https:\/\/www.celttv.com.ar\/index.php\/2020\/02\/20\/los-bomberos-combaten-un-incendio-en-el-basurero-municipal-que-por-efecto-del-viento-ingreso-al-terreno-del-aero-club-fotos\/\"]}]},{\"@type\":\"BreadcrumbList\",\"@id\":\"https:\/\/www.celttv.com.ar\/index.php\/2020\/02\/20\/los-bomberos-combaten-un-incendio-en-el-basurero-municipal-que-por-efecto-del-viento-ingreso-al-terreno-del-aero-club-fotos\/#breadcrumb\",\"itemListElement\":[{\"@type\":\"ListItem\",\"position\":1,\"name\":\"Inicio\",\"item\":\"https:\/\/www.celttv.com.ar\/\"},{\"@type\":\"ListItem\",\"position\":2,\"name\":\"Los bomberos combaten un incendio en el basurero Municipal que, por efecto del viento, ingreso al terreno del Aero Club (fotos)\"}]},{\"@type\":\"WebSite\",\"@id\":\"https:\/\/www.celttv.com.ar\/#website\",\"url\":\"https:\/\/www.celttv.com.ar\/\",\"name\":\"CELTTV\",\"description\":\"Cooperativa El\u00e9ctrica de Tornquist\",\"publisher\":{\"@id\":\"https:\/\/www.celttv.com.ar\/#organization\"},\"potentialAction\":[{\"@type\":\"SearchAction\",\"target\":{\"@type\":\"EntryPoint\",\"urlTemplate\":\"https:\/\/www.celttv.com.ar\/?s={search_term_string}\"},\"query-input\":\"required name=search_term_string\"}],\"inLanguage\":\"es\"},{\"@type\":\"Organization\",\"@id\":\"https:\/\/www.celttv.com.ar\/#organization\",\"name\":\"CELTTV\",\"url\":\"https:\/\/www.celttv.com.ar\/\",\"sameAs\":[\"https:\/\/www.youtube.com\/channel\/UCz_oIt8Hig64Ub-EmcNPIhg\",\"https:\/\/www.facebook.com\/celtTV\/\"],\"logo\":{\"@type\":\"ImageObject\",\"inLanguage\":\"es\",\"@id\":\"https:\/\/www.celttv.com.ar\/#\/schema\/logo\/image\/\",\"url\":\"http:\/\/www.celttv.com.ar\/wp-content\/uploads\/2022\/08\/logo-1.png\",\"contentUrl\":\"http:\/\/www.celttv.com.ar\/wp-content\/uploads\/2022\/08\/logo-1.png\",\"width\":461,\"height\":159,\"caption\":\"CELTTV\"},\"image\":{\"@id\":\"https:\/\/www.celttv.com.ar\/#\/schema\/logo\/image\/\"}},{\"@type\":\"Person\",\"@id\":\"https:\/\/www.celttv.com.ar\/#\/schema\/person\/6d99c072dba59953809c81446e9d0ace\",\"name\":\"ulises\",\"image\":{\"@type\":\"ImageObject\",\"inLanguage\":\"es\",\"@id\":\"https:\/\/www.celttv.com.ar\/#\/schema\/person\/image\/\",\"url\":\"https:\/\/secure.gravatar.com\/avatar\/7f2c48bdc33b30088f941fb6082e555f2874c98e20cb159d7b92b50eadfce793?s=96&d=mm&r=g\",\"contentUrl\":\"https:\/\/secure.gravatar.com\/avatar\/7f2c48bdc33b30088f941fb6082e555f2874c98e20cb159d7b92b50eadfce793?s=96&d=mm&r=g\",\"caption\":\"ulises\"},\"sameAs\":[\"http:\/\/www.celttv.com.ar\"]}]}<\/script>\n<!-- \/ Yoast SEO plugin. -->","yoast_head_json":{"title":"Los bomberos combaten un incendio en el basurero Municipal que, por efecto del viento, ingreso al terreno del Aero Club (fotos) - CELTTV","description":"Sitio web de noticias de la localidad de Tornquist, provincia de Buenos Aires, Rep\u00fablica Argentina. Contenido propio originado por periodistas de CELTTV, el canal de TV local de la Cooperativa El\u00e9ctrica de Tornquist. Turismo, Pol\u00edtica, Sociedad, Deporte, Cultura y todo el contenido de inter\u00e9s general que la gente del pueblo y la regi\u00f3n debe conocer.","robots":{"index":"index","follow":"follow","max-snippet":"max-snippet:-1","max-image-preview":"max-image-preview:large","max-video-preview":"max-video-preview:-1"},"canonical":"https:\/\/www.celttv.com.ar\/index.php\/2020\/02\/20\/los-bomberos-combaten-un-incendio-en-el-basurero-municipal-que-por-efecto-del-viento-ingreso-al-terreno-del-aero-club-fotos\/","og_locale":"es_ES","og_type":"article","og_title":"Los bomberos combaten un incendio en el basurero Municipal que, por efecto del viento, ingreso al terreno del Aero Club (fotos) - CELTTV","og_description":"Sitio web de noticias de la localidad de Tornquist, provincia de Buenos Aires, Rep\u00fablica Argentina. Contenido propio originado por periodistas de CELTTV, el canal de TV local de la Cooperativa El\u00e9ctrica de Tornquist. Turismo, Pol\u00edtica, Sociedad, Deporte, Cultura y todo el contenido de inter\u00e9s general que la gente del pueblo y la regi\u00f3n debe conocer.","og_url":"https:\/\/www.celttv.com.ar\/index.php\/2020\/02\/20\/los-bomberos-combaten-un-incendio-en-el-basurero-municipal-que-por-efecto-del-viento-ingreso-al-terreno-del-aero-club-fotos\/","og_site_name":"CELTTV","article_publisher":"https:\/\/www.facebook.com\/celtTV\/","article_published_time":"2020-02-20T20:54:43+00:00","og_image":[{"width":1024,"height":768,"url":"https:\/\/www.celttv.com.ar\/wp-content\/uploads\/2020\/02\/IMG_20200220_165901307-Medium.jpg","type":"image\/jpeg"}],"author":"ulises","twitter_card":"summary_large_image","twitter_misc":{"Escrito por":"ulises"},"schema":{"@context":"https:\/\/schema.org","@graph":[{"@type":"NewsArticle","@id":"https:\/\/www.celttv.com.ar\/index.php\/2020\/02\/20\/los-bomberos-combaten-un-incendio-en-el-basurero-municipal-que-por-efecto-del-viento-ingreso-al-terreno-del-aero-club-fotos\/#article","isPartOf":{"@id":"https:\/\/www.celttv.com.ar\/index.php\/2020\/02\/20\/los-bomberos-combaten-un-incendio-en-el-basurero-municipal-que-por-efecto-del-viento-ingreso-al-terreno-del-aero-club-fotos\/"},"author":{"name":"ulises","@id":"https:\/\/www.celttv.com.ar\/#\/schema\/person\/6d99c072dba59953809c81446e9d0ace"},"headline":"Los bomberos combaten un incendio en el basurero Municipal que, por efecto del viento, ingreso al terreno del Aero Club (fotos)","datePublished":"2020-02-20T20:54:43+00:00","dateModified":"2020-02-20T20:54:43+00:00","mainEntityOfPage":{"@id":"https:\/\/www.celttv.com.ar\/index.php\/2020\/02\/20\/los-bomberos-combaten-un-incendio-en-el-basurero-municipal-que-por-efecto-del-viento-ingreso-al-terreno-del-aero-club-fotos\/"},"wordCount":74,"publisher":{"@id":"https:\/\/www.celttv.com.ar\/#organization"},"articleSection":["Comunidad","Destacadas"],"inLanguage":"es"},{"@type":"WebPage","@id":"https:\/\/www.celttv.com.ar\/index.php\/2020\/02\/20\/los-bomberos-combaten-un-incendio-en-el-basurero-municipal-que-por-efecto-del-viento-ingreso-al-terreno-del-aero-club-fotos\/","url":"https:\/\/www.celttv.com.ar\/index.php\/2020\/02\/20\/los-bomberos-combaten-un-incendio-en-el-basurero-municipal-que-por-efecto-del-viento-ingreso-al-terreno-del-aero-club-fotos\/","name":"Los bomberos combaten un incendio en el basurero Municipal que, por efecto del viento, ingreso al terreno del Aero Club (fotos) - CELTTV","isPartOf":{"@id":"https:\/\/www.celttv.com.ar\/#website"},"datePublished":"2020-02-20T20:54:43+00:00","dateModified":"2020-02-20T20:54:43+00:00","description":"Sitio web de noticias de la localidad de Tornquist, provincia de Buenos Aires, Rep\u00fablica Argentina. Contenido propio originado por periodistas de CELTTV, el canal de TV local de la Cooperativa El\u00e9ctrica de Tornquist. Turismo, Pol\u00edtica, Sociedad, Deporte, Cultura y todo el contenido de inter\u00e9s general que la gente del pueblo y la regi\u00f3n debe conocer.","breadcrumb":{"@id":"https:\/\/www.celttv.com.ar\/index.php\/2020\/02\/20\/los-bomberos-combaten-un-incendio-en-el-basurero-municipal-que-por-efecto-del-viento-ingreso-al-terreno-del-aero-club-fotos\/#breadcrumb"},"inLanguage":"es","potentialAction":[{"@type":"ReadAction","target":["https:\/\/www.celttv.com.ar\/index.php\/2020\/02\/20\/los-bomberos-combaten-un-incendio-en-el-basurero-municipal-que-por-efecto-del-viento-ingreso-al-terreno-del-aero-club-fotos\/"]}]},{"@type":"BreadcrumbList","@id":"https:\/\/www.celttv.com.ar\/index.php\/2020\/02\/20\/los-bomberos-combaten-un-incendio-en-el-basurero-municipal-que-por-efecto-del-viento-ingreso-al-terreno-del-aero-club-fotos\/#breadcrumb","itemListElement":[{"@type":"ListItem","position":1,"name":"Inicio","item":"https:\/\/www.celttv.com.ar\/"},{"@type":"ListItem","position":2,"name":"Los bomberos combaten un incendio en el basurero Municipal que, por efecto del viento, ingreso al terreno del Aero Club (fotos)"}]},{"@type":"WebSite","@id":"https:\/\/www.celttv.com.ar\/#website","url":"https:\/\/www.celttv.com.ar\/","name":"CELTTV","description":"Cooperativa El\u00e9ctrica de Tornquist","publisher":{"@id":"https:\/\/www.celttv.com.ar\/#organization"},"potentialAction":[{"@type":"SearchAction","target":{"@type":"EntryPoint","urlTemplate":"https:\/\/www.celttv.com.ar\/?s={search_term_string}"},"query-input":"required name=search_term_string"}],"inLanguage":"es"},{"@type":"Organization","@id":"https:\/\/www.celttv.com.ar\/#organization","name":"CELTTV","url":"https:\/\/www.celttv.com.ar\/","sameAs":["https:\/\/www.youtube.com\/channel\/UCz_oIt8Hig64Ub-EmcNPIhg","https:\/\/www.facebook.com\/celtTV\/"],"logo":{"@type":"ImageObject","inLanguage":"es","@id":"https:\/\/www.celttv.com.ar\/#\/schema\/logo\/image\/","url":"http:\/\/www.celttv.com.ar\/wp-content\/uploads\/2022\/08\/logo-1.png","contentUrl":"http:\/\/www.celttv.com.ar\/wp-content\/uploads\/2022\/08\/logo-1.png","width":461,"height":159,"caption":"CELTTV"},"image":{"@id":"https:\/\/www.celttv.com.ar\/#\/schema\/logo\/image\/"}},{"@type":"Person","@id":"https:\/\/www.celttv.com.ar\/#\/schema\/person\/6d99c072dba59953809c81446e9d0ace","name":"ulises","image":{"@type":"ImageObject","inLanguage":"es","@id":"https:\/\/www.celttv.com.ar\/#\/schema\/person\/image\/","url":"https:\/\/secure.gravatar.com\/avatar\/7f2c48bdc33b30088f941fb6082e555f2874c98e20cb159d7b92b50eadfce793?s=96&d=mm&r=g","contentUrl":"https:\/\/secure.gravatar.com\/avatar\/7f2c48bdc33b30088f941fb6082e555f2874c98e20cb159d7b92b50eadfce793?s=96&d=mm&r=g","caption":"ulises"},"sameAs":["http:\/\/www.celttv.com.ar"]}]}},"_links":{"self":[{"href":"https:\/\/www.celttv.com.ar\/index.php\/wp-json\/wp\/v2\/posts\/47323","targetHints":{"allow":["GET"]}}],"collection":[{"href":"https:\/\/www.celttv.com.ar\/index.php\/wp-json\/wp\/v2\/posts"}],"about":[{"href":"https:\/\/www.celttv.com.ar\/index.php\/wp-json\/wp\/v2\/types\/post"}],"author":[{"embeddable":true,"href":"https:\/\/www.celttv.com.ar\/index.php\/wp-json\/wp\/v2\/users\/1"}],"replies":[{"embeddable":true,"href":"https:\/\/www.celttv.com.ar\/index.php\/wp-json\/wp\/v2\/comments?post=47323"}],"version-history":[{"count":0,"href":"https:\/\/www.celttv.com.ar\/index.php\/wp-json\/wp\/v2\/posts\/47323\/revisions"}],"wp:featuredmedia":[{"embeddable":true,"href":"https:\/\/www.celttv.com.ar\/index.php\/wp-json\/wp\/v2\/media\/47326"}],"wp:attachment":[{"href":"https:\/\/www.celttv.com.ar\/index.php\/wp-json\/wp\/v2\/media?parent=47323"}],"wp:term":[{"taxonomy":"category","embeddable":true,"href":"https:\/\/www.celttv.com.ar\/index.php\/wp-json\/wp\/v2\/categories?post=47323"},{"taxonomy":"post_tag","embeddable":true,"href":"https:\/\/www.celttv.com.ar\/index.php\/wp-json\/wp\/v2\/tags?post=47323"}],"curies":[{"name":"wp","href":"https:\/\/api.w.org\/{rel}","templated":true}]}}