{"id":48514,"date":"2020-04-21T18:47:16","date_gmt":"2020-04-21T18:47:16","guid":{"rendered":"http:\/\/www.celttv.com.ar\/?p=48514"},"modified":"2020-04-21T18:47:16","modified_gmt":"2020-04-21T18:47:16","slug":"jovenes-de-tornquist-organizan-una-campana-solidaria-reuniendo-alimentos-no-perecederos","status":"publish","type":"post","link":"https:\/\/www.celttv.com.ar\/index.php\/2020\/04\/21\/jovenes-de-tornquist-organizan-una-campana-solidaria-reuniendo-alimentos-no-perecederos\/","title":{"rendered":"J\u00f3venes de Tornquist organizan una campa\u00f1a solidaria reuniendo alimentos no perecederos"},"content":{"rendered":"<h2>Con la denominaci\u00f3n TORNQUIST SOLIDARIO J\u00f3venes de nuestra ciudad organizan una campa\u00f1a solidaria reuniendo alimentos no perecederos para ser distribuidos, a trav\u00e9s de Acci\u00f3n Social, a las personas con mayor necesidad.<\/h2>\n<h2>La campa\u00f1a se desarrollar\u00e1\u00a0 el pr\u00f3ximo s\u00e1bado 25 y domingo 26 de 10 a 17 hs.<\/h2>\n<h2>Para quienes quieran participar se pueden comunicar con MATI (2915037410), TUCHI (2916435667), MARI (2915768442) y TATI (2914075175)<\/h2>\n<h3><\/h3>\n<h3>NOTA COMPLETA DE CELTTV NOTICIAS con Santiago Sepulveda, uno de los organizadores de la campa\u00f1a solidaria.<\/h3>\n<div class=\"jeg_video_container jeg_video_content\"><iframe loading=\"lazy\" title=\"2020 04 21 SANTIAGO SEPULVEDA   CAMPA\u00d1A SOLIDARIA\" width=\"500\" height=\"281\" src=\"https:\/\/www.youtube.com\/embed\/lavPB8OLi8A?feature=oembed\" frameborder=\"0\" allow=\"accelerometer; autoplay; clipboard-write; encrypted-media; gyroscope; picture-in-picture; web-share\" referrerpolicy=\"strict-origin-when-cross-origin\" allowfullscreen><\/iframe><\/div>\n<p><a href=\"http:\/\/www.celttv.com.ar\/?attachment_id=48520\" rel=\"attachment wp-att-48520\"><img loading=\"lazy\" decoding=\"async\" class=\"alignleft size-full wp-image-48520\" src=\"http:\/\/www.celttv.com.ar\/wp-content\/uploads\/2020\/04\/placa-1-1.jpg\" alt=\"\" width=\"912\" height=\"1280\" srcset=\"https:\/\/www.celttv.com.ar\/wp-content\/uploads\/2020\/04\/placa-1-1.jpg 912w, https:\/\/www.celttv.com.ar\/wp-content\/uploads\/2020\/04\/placa-1-1-214x300.jpg 214w, https:\/\/www.celttv.com.ar\/wp-content\/uploads\/2020\/04\/placa-1-1-730x1024.jpg 730w, https:\/\/www.celttv.com.ar\/wp-content\/uploads\/2020\/04\/placa-1-1-768x1078.jpg 768w, https:\/\/www.celttv.com.ar\/wp-content\/uploads\/2020\/04\/placa-1-1-360x504.jpg 360w, https:\/\/www.celttv.com.ar\/wp-content\/uploads\/2020\/04\/placa-1-1-750x1053.jpg 750w\" sizes=\"auto, (max-width: 912px) 100vw, 912px\" \/><\/a> <a href=\"http:\/\/www.celttv.com.ar\/?attachment_id=48521\" rel=\"attachment wp-att-48521\"><img loading=\"lazy\" decoding=\"async\" class=\"alignleft size-medium wp-image-48521\" src=\"http:\/\/www.celttv.com.ar\/wp-content\/uploads\/2020\/04\/placa-2.jpg\" alt=\"\" width=\"555\" height=\"780\" srcset=\"https:\/\/www.celttv.com.ar\/wp-content\/uploads\/2020\/04\/placa-2.jpg 910w, https:\/\/www.celttv.com.ar\/wp-content\/uploads\/2020\/04\/placa-2-213x300.jpg 213w, https:\/\/www.celttv.com.ar\/wp-content\/uploads\/2020\/04\/placa-2-728x1024.jpg 728w, https:\/\/www.celttv.com.ar\/wp-content\/uploads\/2020\/04\/placa-2-768x1080.jpg 768w, https:\/\/www.celttv.com.ar\/wp-content\/uploads\/2020\/04\/placa-2-750x1055.jpg 750w\" sizes=\"auto, (max-width: 555px) 100vw, 555px\" \/><\/a> <a href=\"http:\/\/www.celttv.com.ar\/?attachment_id=48522\" rel=\"attachment wp-att-48522\"><img loading=\"lazy\" decoding=\"async\" class=\"alignleft size-medium wp-image-48522\" src=\"http:\/\/www.celttv.com.ar\/wp-content\/uploads\/2020\/04\/placa-3.jpg\" alt=\"\" width=\"553\" height=\"780\" srcset=\"https:\/\/www.celttv.com.ar\/wp-content\/uploads\/2020\/04\/placa-3.jpg 908w, https:\/\/www.celttv.com.ar\/wp-content\/uploads\/2020\/04\/placa-3-213x300.jpg 213w, https:\/\/www.celttv.com.ar\/wp-content\/uploads\/2020\/04\/placa-3-726x1024.jpg 726w, https:\/\/www.celttv.com.ar\/wp-content\/uploads\/2020\/04\/placa-3-768x1083.jpg 768w, https:\/\/www.celttv.com.ar\/wp-content\/uploads\/2020\/04\/placa-3-750x1057.jpg 750w\" sizes=\"auto, (max-width: 553px) 100vw, 553px\" \/><\/a><\/p>\n","protected":false},"excerpt":{"rendered":"<p>Con la denominaci\u00f3n TORNQUIST SOLIDARIO J\u00f3venes de nuestra ciudad organizan una campa\u00f1a solidaria reuniendo alimentos no perecederos para ser distribuidos, a trav\u00e9s de Acci\u00f3n Social, a las personas con mayor necesidad. La campa\u00f1a se desarrollar\u00e1\u00a0 el pr\u00f3ximo s\u00e1bado 25 y domingo 26 de 10 a 17 hs. Para quienes quieran participar se pueden comunicar con [&hellip;]<\/p>\n","protected":false},"author":1,"featured_media":48519,"comment_status":"closed","ping_status":"open","sticky":false,"template":"","format":"standard","meta":{"footnotes":""},"categories":[51,52],"tags":[],"class_list":["post-48514","post","type-post","status-publish","format-standard","has-post-thumbnail","hentry","category-comunidad","category-destacadas"],"yoast_head":"<!-- This site is optimized with the Yoast SEO plugin v19.7.1 - https:\/\/yoast.com\/wordpress\/plugins\/seo\/ -->\n<title>J\u00f3venes de Tornquist organizan una campa\u00f1a solidaria reuniendo alimentos no perecederos - CELTTV<\/title>\n<meta name=\"description\" content=\"Sitio web de noticias de la localidad de Tornquist, provincia de Buenos Aires, Rep\u00fablica Argentina. Contenido propio originado por periodistas de CELTTV, el canal de TV local de la Cooperativa El\u00e9ctrica de Tornquist. Turismo, Pol\u00edtica, Sociedad, Deporte, Cultura y todo el contenido de inter\u00e9s general que la gente del pueblo y la regi\u00f3n debe conocer.\" \/>\n<meta name=\"robots\" content=\"index, follow, max-snippet:-1, max-image-preview:large, max-video-preview:-1\" \/>\n<link rel=\"canonical\" href=\"https:\/\/www.celttv.com.ar\/index.php\/2020\/04\/21\/jovenes-de-tornquist-organizan-una-campana-solidaria-reuniendo-alimentos-no-perecederos\/\" \/>\n<meta property=\"og:locale\" content=\"es_ES\" \/>\n<meta property=\"og:type\" content=\"article\" \/>\n<meta property=\"og:title\" content=\"J\u00f3venes de Tornquist organizan una campa\u00f1a solidaria reuniendo alimentos no perecederos - CELTTV\" \/>\n<meta property=\"og:description\" content=\"Sitio web de noticias de la localidad de Tornquist, provincia de Buenos Aires, Rep\u00fablica Argentina. Contenido propio originado por periodistas de CELTTV, el canal de TV local de la Cooperativa El\u00e9ctrica de Tornquist. Turismo, Pol\u00edtica, Sociedad, Deporte, Cultura y todo el contenido de inter\u00e9s general que la gente del pueblo y la regi\u00f3n debe conocer.\" \/>\n<meta property=\"og:url\" content=\"https:\/\/www.celttv.com.ar\/index.php\/2020\/04\/21\/jovenes-de-tornquist-organizan-una-campana-solidaria-reuniendo-alimentos-no-perecederos\/\" \/>\n<meta property=\"og:site_name\" content=\"CELTTV\" \/>\n<meta property=\"article:publisher\" content=\"https:\/\/www.facebook.com\/celtTV\/\" \/>\n<meta property=\"article:published_time\" content=\"2020-04-21T18:47:16+00:00\" \/>\n<meta property=\"og:image\" content=\"https:\/\/www.celttv.com.ar\/wp-content\/uploads\/2020\/04\/placa-1.jpg\" \/>\n\t<meta property=\"og:image:width\" content=\"912\" \/>\n\t<meta property=\"og:image:height\" content=\"1280\" \/>\n\t<meta property=\"og:image:type\" content=\"image\/jpeg\" \/>\n<meta name=\"author\" content=\"ulises\" \/>\n<meta name=\"twitter:card\" content=\"summary_large_image\" \/>\n<meta name=\"twitter:label1\" content=\"Escrito por\" \/>\n\t<meta name=\"twitter:data1\" content=\"ulises\" \/>\n<script type=\"application\/ld+json\" class=\"yoast-schema-graph\">{\"@context\":\"https:\/\/schema.org\",\"@graph\":[{\"@type\":\"NewsArticle\",\"@id\":\"https:\/\/www.celttv.com.ar\/index.php\/2020\/04\/21\/jovenes-de-tornquist-organizan-una-campana-solidaria-reuniendo-alimentos-no-perecederos\/#article\",\"isPartOf\":{\"@id\":\"https:\/\/www.celttv.com.ar\/index.php\/2020\/04\/21\/jovenes-de-tornquist-organizan-una-campana-solidaria-reuniendo-alimentos-no-perecederos\/\"},\"author\":{\"name\":\"ulises\",\"@id\":\"https:\/\/www.celttv.com.ar\/#\/schema\/person\/6d99c072dba59953809c81446e9d0ace\"},\"headline\":\"J\u00f3venes de Tornquist organizan una campa\u00f1a solidaria reuniendo alimentos no perecederos\",\"datePublished\":\"2020-04-21T18:47:16+00:00\",\"dateModified\":\"2020-04-21T18:47:16+00:00\",\"mainEntityOfPage\":{\"@id\":\"https:\/\/www.celttv.com.ar\/index.php\/2020\/04\/21\/jovenes-de-tornquist-organizan-una-campana-solidaria-reuniendo-alimentos-no-perecederos\/\"},\"wordCount\":103,\"publisher\":{\"@id\":\"https:\/\/www.celttv.com.ar\/#organization\"},\"articleSection\":[\"Comunidad\",\"Destacadas\"],\"inLanguage\":\"es\"},{\"@type\":\"WebPage\",\"@id\":\"https:\/\/www.celttv.com.ar\/index.php\/2020\/04\/21\/jovenes-de-tornquist-organizan-una-campana-solidaria-reuniendo-alimentos-no-perecederos\/\",\"url\":\"https:\/\/www.celttv.com.ar\/index.php\/2020\/04\/21\/jovenes-de-tornquist-organizan-una-campana-solidaria-reuniendo-alimentos-no-perecederos\/\",\"name\":\"J\u00f3venes de Tornquist organizan una campa\u00f1a solidaria reuniendo alimentos no perecederos - CELTTV\",\"isPartOf\":{\"@id\":\"https:\/\/www.celttv.com.ar\/#website\"},\"datePublished\":\"2020-04-21T18:47:16+00:00\",\"dateModified\":\"2020-04-21T18:47:16+00:00\",\"description\":\"Sitio web de noticias de la localidad de Tornquist, provincia de Buenos Aires, Rep\u00fablica Argentina. Contenido propio originado por periodistas de CELTTV, el canal de TV local de la Cooperativa El\u00e9ctrica de Tornquist. Turismo, Pol\u00edtica, Sociedad, Deporte, Cultura y todo el contenido de inter\u00e9s general que la gente del pueblo y la regi\u00f3n debe conocer.\",\"breadcrumb\":{\"@id\":\"https:\/\/www.celttv.com.ar\/index.php\/2020\/04\/21\/jovenes-de-tornquist-organizan-una-campana-solidaria-reuniendo-alimentos-no-perecederos\/#breadcrumb\"},\"inLanguage\":\"es\",\"potentialAction\":[{\"@type\":\"ReadAction\",\"target\":[\"https:\/\/www.celttv.com.ar\/index.php\/2020\/04\/21\/jovenes-de-tornquist-organizan-una-campana-solidaria-reuniendo-alimentos-no-perecederos\/\"]}]},{\"@type\":\"BreadcrumbList\",\"@id\":\"https:\/\/www.celttv.com.ar\/index.php\/2020\/04\/21\/jovenes-de-tornquist-organizan-una-campana-solidaria-reuniendo-alimentos-no-perecederos\/#breadcrumb\",\"itemListElement\":[{\"@type\":\"ListItem\",\"position\":1,\"name\":\"Inicio\",\"item\":\"https:\/\/www.celttv.com.ar\/\"},{\"@type\":\"ListItem\",\"position\":2,\"name\":\"J\u00f3venes de Tornquist organizan una campa\u00f1a solidaria reuniendo alimentos no perecederos\"}]},{\"@type\":\"WebSite\",\"@id\":\"https:\/\/www.celttv.com.ar\/#website\",\"url\":\"https:\/\/www.celttv.com.ar\/\",\"name\":\"CELTTV\",\"description\":\"Cooperativa El\u00e9ctrica de Tornquist\",\"publisher\":{\"@id\":\"https:\/\/www.celttv.com.ar\/#organization\"},\"potentialAction\":[{\"@type\":\"SearchAction\",\"target\":{\"@type\":\"EntryPoint\",\"urlTemplate\":\"https:\/\/www.celttv.com.ar\/?s={search_term_string}\"},\"query-input\":\"required name=search_term_string\"}],\"inLanguage\":\"es\"},{\"@type\":\"Organization\",\"@id\":\"https:\/\/www.celttv.com.ar\/#organization\",\"name\":\"CELTTV\",\"url\":\"https:\/\/www.celttv.com.ar\/\",\"sameAs\":[\"https:\/\/www.youtube.com\/channel\/UCz_oIt8Hig64Ub-EmcNPIhg\",\"https:\/\/www.facebook.com\/celtTV\/\"],\"logo\":{\"@type\":\"ImageObject\",\"inLanguage\":\"es\",\"@id\":\"https:\/\/www.celttv.com.ar\/#\/schema\/logo\/image\/\",\"url\":\"http:\/\/www.celttv.com.ar\/wp-content\/uploads\/2022\/08\/logo-1.png\",\"contentUrl\":\"http:\/\/www.celttv.com.ar\/wp-content\/uploads\/2022\/08\/logo-1.png\",\"width\":461,\"height\":159,\"caption\":\"CELTTV\"},\"image\":{\"@id\":\"https:\/\/www.celttv.com.ar\/#\/schema\/logo\/image\/\"}},{\"@type\":\"Person\",\"@id\":\"https:\/\/www.celttv.com.ar\/#\/schema\/person\/6d99c072dba59953809c81446e9d0ace\",\"name\":\"ulises\",\"image\":{\"@type\":\"ImageObject\",\"inLanguage\":\"es\",\"@id\":\"https:\/\/www.celttv.com.ar\/#\/schema\/person\/image\/\",\"url\":\"https:\/\/secure.gravatar.com\/avatar\/7f2c48bdc33b30088f941fb6082e555f2874c98e20cb159d7b92b50eadfce793?s=96&d=mm&r=g\",\"contentUrl\":\"https:\/\/secure.gravatar.com\/avatar\/7f2c48bdc33b30088f941fb6082e555f2874c98e20cb159d7b92b50eadfce793?s=96&d=mm&r=g\",\"caption\":\"ulises\"},\"sameAs\":[\"http:\/\/www.celttv.com.ar\"]}]}<\/script>\n<!-- \/ Yoast SEO plugin. -->","yoast_head_json":{"title":"J\u00f3venes de Tornquist organizan una campa\u00f1a solidaria reuniendo alimentos no perecederos - CELTTV","description":"Sitio web de noticias de la localidad de Tornquist, provincia de Buenos Aires, Rep\u00fablica Argentina. Contenido propio originado por periodistas de CELTTV, el canal de TV local de la Cooperativa El\u00e9ctrica de Tornquist. Turismo, Pol\u00edtica, Sociedad, Deporte, Cultura y todo el contenido de inter\u00e9s general que la gente del pueblo y la regi\u00f3n debe conocer.","robots":{"index":"index","follow":"follow","max-snippet":"max-snippet:-1","max-image-preview":"max-image-preview:large","max-video-preview":"max-video-preview:-1"},"canonical":"https:\/\/www.celttv.com.ar\/index.php\/2020\/04\/21\/jovenes-de-tornquist-organizan-una-campana-solidaria-reuniendo-alimentos-no-perecederos\/","og_locale":"es_ES","og_type":"article","og_title":"J\u00f3venes de Tornquist organizan una campa\u00f1a solidaria reuniendo alimentos no perecederos - CELTTV","og_description":"Sitio web de noticias de la localidad de Tornquist, provincia de Buenos Aires, Rep\u00fablica Argentina. Contenido propio originado por periodistas de CELTTV, el canal de TV local de la Cooperativa El\u00e9ctrica de Tornquist. Turismo, Pol\u00edtica, Sociedad, Deporte, Cultura y todo el contenido de inter\u00e9s general que la gente del pueblo y la regi\u00f3n debe conocer.","og_url":"https:\/\/www.celttv.com.ar\/index.php\/2020\/04\/21\/jovenes-de-tornquist-organizan-una-campana-solidaria-reuniendo-alimentos-no-perecederos\/","og_site_name":"CELTTV","article_publisher":"https:\/\/www.facebook.com\/celtTV\/","article_published_time":"2020-04-21T18:47:16+00:00","og_image":[{"width":912,"height":1280,"url":"https:\/\/www.celttv.com.ar\/wp-content\/uploads\/2020\/04\/placa-1.jpg","type":"image\/jpeg"}],"author":"ulises","twitter_card":"summary_large_image","twitter_misc":{"Escrito por":"ulises"},"schema":{"@context":"https:\/\/schema.org","@graph":[{"@type":"NewsArticle","@id":"https:\/\/www.celttv.com.ar\/index.php\/2020\/04\/21\/jovenes-de-tornquist-organizan-una-campana-solidaria-reuniendo-alimentos-no-perecederos\/#article","isPartOf":{"@id":"https:\/\/www.celttv.com.ar\/index.php\/2020\/04\/21\/jovenes-de-tornquist-organizan-una-campana-solidaria-reuniendo-alimentos-no-perecederos\/"},"author":{"name":"ulises","@id":"https:\/\/www.celttv.com.ar\/#\/schema\/person\/6d99c072dba59953809c81446e9d0ace"},"headline":"J\u00f3venes de Tornquist organizan una campa\u00f1a solidaria reuniendo alimentos no perecederos","datePublished":"2020-04-21T18:47:16+00:00","dateModified":"2020-04-21T18:47:16+00:00","mainEntityOfPage":{"@id":"https:\/\/www.celttv.com.ar\/index.php\/2020\/04\/21\/jovenes-de-tornquist-organizan-una-campana-solidaria-reuniendo-alimentos-no-perecederos\/"},"wordCount":103,"publisher":{"@id":"https:\/\/www.celttv.com.ar\/#organization"},"articleSection":["Comunidad","Destacadas"],"inLanguage":"es"},{"@type":"WebPage","@id":"https:\/\/www.celttv.com.ar\/index.php\/2020\/04\/21\/jovenes-de-tornquist-organizan-una-campana-solidaria-reuniendo-alimentos-no-perecederos\/","url":"https:\/\/www.celttv.com.ar\/index.php\/2020\/04\/21\/jovenes-de-tornquist-organizan-una-campana-solidaria-reuniendo-alimentos-no-perecederos\/","name":"J\u00f3venes de Tornquist organizan una campa\u00f1a solidaria reuniendo alimentos no perecederos - CELTTV","isPartOf":{"@id":"https:\/\/www.celttv.com.ar\/#website"},"datePublished":"2020-04-21T18:47:16+00:00","dateModified":"2020-04-21T18:47:16+00:00","description":"Sitio web de noticias de la localidad de Tornquist, provincia de Buenos Aires, Rep\u00fablica Argentina. Contenido propio originado por periodistas de CELTTV, el canal de TV local de la Cooperativa El\u00e9ctrica de Tornquist. Turismo, Pol\u00edtica, Sociedad, Deporte, Cultura y todo el contenido de inter\u00e9s general que la gente del pueblo y la regi\u00f3n debe conocer.","breadcrumb":{"@id":"https:\/\/www.celttv.com.ar\/index.php\/2020\/04\/21\/jovenes-de-tornquist-organizan-una-campana-solidaria-reuniendo-alimentos-no-perecederos\/#breadcrumb"},"inLanguage":"es","potentialAction":[{"@type":"ReadAction","target":["https:\/\/www.celttv.com.ar\/index.php\/2020\/04\/21\/jovenes-de-tornquist-organizan-una-campana-solidaria-reuniendo-alimentos-no-perecederos\/"]}]},{"@type":"BreadcrumbList","@id":"https:\/\/www.celttv.com.ar\/index.php\/2020\/04\/21\/jovenes-de-tornquist-organizan-una-campana-solidaria-reuniendo-alimentos-no-perecederos\/#breadcrumb","itemListElement":[{"@type":"ListItem","position":1,"name":"Inicio","item":"https:\/\/www.celttv.com.ar\/"},{"@type":"ListItem","position":2,"name":"J\u00f3venes de Tornquist organizan una campa\u00f1a solidaria reuniendo alimentos no perecederos"}]},{"@type":"WebSite","@id":"https:\/\/www.celttv.com.ar\/#website","url":"https:\/\/www.celttv.com.ar\/","name":"CELTTV","description":"Cooperativa El\u00e9ctrica de Tornquist","publisher":{"@id":"https:\/\/www.celttv.com.ar\/#organization"},"potentialAction":[{"@type":"SearchAction","target":{"@type":"EntryPoint","urlTemplate":"https:\/\/www.celttv.com.ar\/?s={search_term_string}"},"query-input":"required name=search_term_string"}],"inLanguage":"es"},{"@type":"Organization","@id":"https:\/\/www.celttv.com.ar\/#organization","name":"CELTTV","url":"https:\/\/www.celttv.com.ar\/","sameAs":["https:\/\/www.youtube.com\/channel\/UCz_oIt8Hig64Ub-EmcNPIhg","https:\/\/www.facebook.com\/celtTV\/"],"logo":{"@type":"ImageObject","inLanguage":"es","@id":"https:\/\/www.celttv.com.ar\/#\/schema\/logo\/image\/","url":"http:\/\/www.celttv.com.ar\/wp-content\/uploads\/2022\/08\/logo-1.png","contentUrl":"http:\/\/www.celttv.com.ar\/wp-content\/uploads\/2022\/08\/logo-1.png","width":461,"height":159,"caption":"CELTTV"},"image":{"@id":"https:\/\/www.celttv.com.ar\/#\/schema\/logo\/image\/"}},{"@type":"Person","@id":"https:\/\/www.celttv.com.ar\/#\/schema\/person\/6d99c072dba59953809c81446e9d0ace","name":"ulises","image":{"@type":"ImageObject","inLanguage":"es","@id":"https:\/\/www.celttv.com.ar\/#\/schema\/person\/image\/","url":"https:\/\/secure.gravatar.com\/avatar\/7f2c48bdc33b30088f941fb6082e555f2874c98e20cb159d7b92b50eadfce793?s=96&d=mm&r=g","contentUrl":"https:\/\/secure.gravatar.com\/avatar\/7f2c48bdc33b30088f941fb6082e555f2874c98e20cb159d7b92b50eadfce793?s=96&d=mm&r=g","caption":"ulises"},"sameAs":["http:\/\/www.celttv.com.ar"]}]}},"_links":{"self":[{"href":"https:\/\/www.celttv.com.ar\/index.php\/wp-json\/wp\/v2\/posts\/48514","targetHints":{"allow":["GET"]}}],"collection":[{"href":"https:\/\/www.celttv.com.ar\/index.php\/wp-json\/wp\/v2\/posts"}],"about":[{"href":"https:\/\/www.celttv.com.ar\/index.php\/wp-json\/wp\/v2\/types\/post"}],"author":[{"embeddable":true,"href":"https:\/\/www.celttv.com.ar\/index.php\/wp-json\/wp\/v2\/users\/1"}],"replies":[{"embeddable":true,"href":"https:\/\/www.celttv.com.ar\/index.php\/wp-json\/wp\/v2\/comments?post=48514"}],"version-history":[{"count":0,"href":"https:\/\/www.celttv.com.ar\/index.php\/wp-json\/wp\/v2\/posts\/48514\/revisions"}],"wp:featuredmedia":[{"embeddable":true,"href":"https:\/\/www.celttv.com.ar\/index.php\/wp-json\/wp\/v2\/media\/48519"}],"wp:attachment":[{"href":"https:\/\/www.celttv.com.ar\/index.php\/wp-json\/wp\/v2\/media?parent=48514"}],"wp:term":[{"taxonomy":"category","embeddable":true,"href":"https:\/\/www.celttv.com.ar\/index.php\/wp-json\/wp\/v2\/categories?post=48514"},{"taxonomy":"post_tag","embeddable":true,"href":"https:\/\/www.celttv.com.ar\/index.php\/wp-json\/wp\/v2\/tags?post=48514"}],"curies":[{"name":"wp","href":"https:\/\/api.w.org\/{rel}","templated":true}]}}