{"id":48530,"date":"2020-04-21T22:29:54","date_gmt":"2020-04-21T22:29:54","guid":{"rendered":"http:\/\/www.celttv.com.ar\/?p=48530"},"modified":"2020-04-21T22:29:54","modified_gmt":"2020-04-21T22:29:54","slug":"el-area-municipal-de-tercera-edad-inicio-la-entrega-de-bolsos-sociales-a-adultos-mayores","status":"publish","type":"post","link":"https:\/\/www.celttv.com.ar\/index.php\/2020\/04\/21\/el-area-municipal-de-tercera-edad-inicio-la-entrega-de-bolsos-sociales-a-adultos-mayores\/","title":{"rendered":"El \u00e1rea municipal de Tercera Edad inici\u00f3 la entrega de bolsos sociales a adultos mayores"},"content":{"rendered":"<h3>La Secretaria de Desarrollo, a trav\u00e9s de la Subsecretar\u00eda de Desarrollos Social y su oficina de Discapacidad y Tercera Edad, inici\u00f3 en los \u00faltimos d\u00edas la entrega de bolsos sociales a adultos mayores de todo el distrito.<br \/>\nSe trata de aquellos jubilados y pensionados que recib\u00edan dicha ayuda desde PAMI y que desde hace tres meses no se ha regularizado.<br \/>\nCon un importante esfuerzo, Tornquist Municipio tom\u00f3 el compromiso con uno de los sectores m\u00e1s vulnerables de la comunidad ante la dif\u00edcil situaci\u00f3n que afrontan por la pandemia del coronavirus.<br \/>\nEn la primera etapa, est\u00e1 prevista la entrega de unos 200 bolsones entre las localidades de Tornquist, Tres Picos, Chasic\u00f3, Sierra de la Ventana y Saldungaray.<br \/>\nSumado a la entrega de los bolsos alimentarios, el equipo de profesionales que integra el \u00e1rea de Discapacidad y Tercera Edad, realiza un relevamiento de los jubilados beneficiarios, a fin de conocer sus necesidades y su situaci\u00f3n personal respecto a acompa\u00f1amiento y medicaci\u00f3n,\u00a0entre otros aspectos.<\/h3>\n<h3>Ante cualquier consulta y mayor informaci\u00f3n, los beneficiarios pueden comunicarse al 2915326977.<\/h3>\n","protected":false},"excerpt":{"rendered":"<p>La Secretaria de Desarrollo, a trav\u00e9s de la Subsecretar\u00eda de Desarrollos Social y su oficina de Discapacidad y Tercera Edad, inici\u00f3 en los \u00faltimos d\u00edas la entrega de bolsos sociales a adultos mayores de todo el distrito. Se trata de aquellos jubilados y pensionados que recib\u00edan dicha ayuda desde PAMI y que desde hace tres [&hellip;]<\/p>\n","protected":false},"author":1,"featured_media":48532,"comment_status":"closed","ping_status":"open","sticky":false,"template":"","format":"standard","meta":{"footnotes":""},"categories":[51,52],"tags":[],"class_list":["post-48530","post","type-post","status-publish","format-standard","has-post-thumbnail","hentry","category-comunidad","category-destacadas"],"yoast_head":"<!-- This site is optimized with the Yoast SEO plugin v19.7.1 - https:\/\/yoast.com\/wordpress\/plugins\/seo\/ -->\n<title>El \u00e1rea municipal de Tercera Edad inici\u00f3 la entrega de bolsos sociales a adultos mayores - CELTTV<\/title>\n<meta name=\"description\" content=\"Sitio web de noticias de la localidad de Tornquist, provincia de Buenos Aires, Rep\u00fablica Argentina. Contenido propio originado por periodistas de CELTTV, el canal de TV local de la Cooperativa El\u00e9ctrica de Tornquist. Turismo, Pol\u00edtica, Sociedad, Deporte, Cultura y todo el contenido de inter\u00e9s general que la gente del pueblo y la regi\u00f3n debe conocer.\" \/>\n<meta name=\"robots\" content=\"index, follow, max-snippet:-1, max-image-preview:large, max-video-preview:-1\" \/>\n<link rel=\"canonical\" href=\"https:\/\/www.celttv.com.ar\/index.php\/2020\/04\/21\/el-area-municipal-de-tercera-edad-inicio-la-entrega-de-bolsos-sociales-a-adultos-mayores\/\" \/>\n<meta property=\"og:locale\" content=\"es_ES\" \/>\n<meta property=\"og:type\" content=\"article\" \/>\n<meta property=\"og:title\" content=\"El \u00e1rea municipal de Tercera Edad inici\u00f3 la entrega de bolsos sociales a adultos mayores - CELTTV\" \/>\n<meta property=\"og:description\" content=\"Sitio web de noticias de la localidad de Tornquist, provincia de Buenos Aires, Rep\u00fablica Argentina. Contenido propio originado por periodistas de CELTTV, el canal de TV local de la Cooperativa El\u00e9ctrica de Tornquist. Turismo, Pol\u00edtica, Sociedad, Deporte, Cultura y todo el contenido de inter\u00e9s general que la gente del pueblo y la regi\u00f3n debe conocer.\" \/>\n<meta property=\"og:url\" content=\"https:\/\/www.celttv.com.ar\/index.php\/2020\/04\/21\/el-area-municipal-de-tercera-edad-inicio-la-entrega-de-bolsos-sociales-a-adultos-mayores\/\" \/>\n<meta property=\"og:site_name\" content=\"CELTTV\" \/>\n<meta property=\"article:publisher\" content=\"https:\/\/www.facebook.com\/celtTV\/\" \/>\n<meta property=\"article:published_time\" content=\"2020-04-21T22:29:54+00:00\" \/>\n<meta property=\"og:image\" content=\"https:\/\/www.celttv.com.ar\/wp-content\/uploads\/2020\/04\/adultos-mayores.jpg\" \/>\n\t<meta property=\"og:image:width\" content=\"751\" \/>\n\t<meta property=\"og:image:height\" content=\"458\" \/>\n\t<meta property=\"og:image:type\" content=\"image\/jpeg\" \/>\n<meta name=\"author\" content=\"ulises\" \/>\n<meta name=\"twitter:card\" content=\"summary_large_image\" \/>\n<meta name=\"twitter:label1\" content=\"Escrito por\" \/>\n\t<meta name=\"twitter:data1\" content=\"ulises\" \/>\n\t<meta name=\"twitter:label2\" content=\"Tiempo de lectura\" \/>\n\t<meta name=\"twitter:data2\" content=\"1 minuto\" \/>\n<script type=\"application\/ld+json\" class=\"yoast-schema-graph\">{\"@context\":\"https:\/\/schema.org\",\"@graph\":[{\"@type\":\"NewsArticle\",\"@id\":\"https:\/\/www.celttv.com.ar\/index.php\/2020\/04\/21\/el-area-municipal-de-tercera-edad-inicio-la-entrega-de-bolsos-sociales-a-adultos-mayores\/#article\",\"isPartOf\":{\"@id\":\"https:\/\/www.celttv.com.ar\/index.php\/2020\/04\/21\/el-area-municipal-de-tercera-edad-inicio-la-entrega-de-bolsos-sociales-a-adultos-mayores\/\"},\"author\":{\"name\":\"ulises\",\"@id\":\"https:\/\/www.celttv.com.ar\/#\/schema\/person\/6d99c072dba59953809c81446e9d0ace\"},\"headline\":\"El \u00e1rea municipal de Tercera Edad inici\u00f3 la entrega de bolsos sociales a adultos mayores\",\"datePublished\":\"2020-04-21T22:29:54+00:00\",\"dateModified\":\"2020-04-21T22:29:54+00:00\",\"mainEntityOfPage\":{\"@id\":\"https:\/\/www.celttv.com.ar\/index.php\/2020\/04\/21\/el-area-municipal-de-tercera-edad-inicio-la-entrega-de-bolsos-sociales-a-adultos-mayores\/\"},\"wordCount\":198,\"publisher\":{\"@id\":\"https:\/\/www.celttv.com.ar\/#organization\"},\"articleSection\":[\"Comunidad\",\"Destacadas\"],\"inLanguage\":\"es\"},{\"@type\":\"WebPage\",\"@id\":\"https:\/\/www.celttv.com.ar\/index.php\/2020\/04\/21\/el-area-municipal-de-tercera-edad-inicio-la-entrega-de-bolsos-sociales-a-adultos-mayores\/\",\"url\":\"https:\/\/www.celttv.com.ar\/index.php\/2020\/04\/21\/el-area-municipal-de-tercera-edad-inicio-la-entrega-de-bolsos-sociales-a-adultos-mayores\/\",\"name\":\"El \u00e1rea municipal de Tercera Edad inici\u00f3 la entrega de bolsos sociales a adultos mayores - CELTTV\",\"isPartOf\":{\"@id\":\"https:\/\/www.celttv.com.ar\/#website\"},\"datePublished\":\"2020-04-21T22:29:54+00:00\",\"dateModified\":\"2020-04-21T22:29:54+00:00\",\"description\":\"Sitio web de noticias de la localidad de Tornquist, provincia de Buenos Aires, Rep\u00fablica Argentina. Contenido propio originado por periodistas de CELTTV, el canal de TV local de la Cooperativa El\u00e9ctrica de Tornquist. Turismo, Pol\u00edtica, Sociedad, Deporte, Cultura y todo el contenido de inter\u00e9s general que la gente del pueblo y la regi\u00f3n debe conocer.\",\"breadcrumb\":{\"@id\":\"https:\/\/www.celttv.com.ar\/index.php\/2020\/04\/21\/el-area-municipal-de-tercera-edad-inicio-la-entrega-de-bolsos-sociales-a-adultos-mayores\/#breadcrumb\"},\"inLanguage\":\"es\",\"potentialAction\":[{\"@type\":\"ReadAction\",\"target\":[\"https:\/\/www.celttv.com.ar\/index.php\/2020\/04\/21\/el-area-municipal-de-tercera-edad-inicio-la-entrega-de-bolsos-sociales-a-adultos-mayores\/\"]}]},{\"@type\":\"BreadcrumbList\",\"@id\":\"https:\/\/www.celttv.com.ar\/index.php\/2020\/04\/21\/el-area-municipal-de-tercera-edad-inicio-la-entrega-de-bolsos-sociales-a-adultos-mayores\/#breadcrumb\",\"itemListElement\":[{\"@type\":\"ListItem\",\"position\":1,\"name\":\"Inicio\",\"item\":\"https:\/\/www.celttv.com.ar\/\"},{\"@type\":\"ListItem\",\"position\":2,\"name\":\"El \u00e1rea municipal de Tercera Edad inici\u00f3 la entrega de bolsos sociales a adultos mayores\"}]},{\"@type\":\"WebSite\",\"@id\":\"https:\/\/www.celttv.com.ar\/#website\",\"url\":\"https:\/\/www.celttv.com.ar\/\",\"name\":\"CELTTV\",\"description\":\"Cooperativa El\u00e9ctrica de Tornquist\",\"publisher\":{\"@id\":\"https:\/\/www.celttv.com.ar\/#organization\"},\"potentialAction\":[{\"@type\":\"SearchAction\",\"target\":{\"@type\":\"EntryPoint\",\"urlTemplate\":\"https:\/\/www.celttv.com.ar\/?s={search_term_string}\"},\"query-input\":\"required name=search_term_string\"}],\"inLanguage\":\"es\"},{\"@type\":\"Organization\",\"@id\":\"https:\/\/www.celttv.com.ar\/#organization\",\"name\":\"CELTTV\",\"url\":\"https:\/\/www.celttv.com.ar\/\",\"sameAs\":[\"https:\/\/www.youtube.com\/channel\/UCz_oIt8Hig64Ub-EmcNPIhg\",\"https:\/\/www.facebook.com\/celtTV\/\"],\"logo\":{\"@type\":\"ImageObject\",\"inLanguage\":\"es\",\"@id\":\"https:\/\/www.celttv.com.ar\/#\/schema\/logo\/image\/\",\"url\":\"http:\/\/www.celttv.com.ar\/wp-content\/uploads\/2022\/08\/logo-1.png\",\"contentUrl\":\"http:\/\/www.celttv.com.ar\/wp-content\/uploads\/2022\/08\/logo-1.png\",\"width\":461,\"height\":159,\"caption\":\"CELTTV\"},\"image\":{\"@id\":\"https:\/\/www.celttv.com.ar\/#\/schema\/logo\/image\/\"}},{\"@type\":\"Person\",\"@id\":\"https:\/\/www.celttv.com.ar\/#\/schema\/person\/6d99c072dba59953809c81446e9d0ace\",\"name\":\"ulises\",\"image\":{\"@type\":\"ImageObject\",\"inLanguage\":\"es\",\"@id\":\"https:\/\/www.celttv.com.ar\/#\/schema\/person\/image\/\",\"url\":\"https:\/\/secure.gravatar.com\/avatar\/7f2c48bdc33b30088f941fb6082e555f2874c98e20cb159d7b92b50eadfce793?s=96&d=mm&r=g\",\"contentUrl\":\"https:\/\/secure.gravatar.com\/avatar\/7f2c48bdc33b30088f941fb6082e555f2874c98e20cb159d7b92b50eadfce793?s=96&d=mm&r=g\",\"caption\":\"ulises\"},\"sameAs\":[\"http:\/\/www.celttv.com.ar\"]}]}<\/script>\n<!-- \/ Yoast SEO plugin. -->","yoast_head_json":{"title":"El \u00e1rea municipal de Tercera Edad inici\u00f3 la entrega de bolsos sociales a adultos mayores - CELTTV","description":"Sitio web de noticias de la localidad de Tornquist, provincia de Buenos Aires, Rep\u00fablica Argentina. Contenido propio originado por periodistas de CELTTV, el canal de TV local de la Cooperativa El\u00e9ctrica de Tornquist. Turismo, Pol\u00edtica, Sociedad, Deporte, Cultura y todo el contenido de inter\u00e9s general que la gente del pueblo y la regi\u00f3n debe conocer.","robots":{"index":"index","follow":"follow","max-snippet":"max-snippet:-1","max-image-preview":"max-image-preview:large","max-video-preview":"max-video-preview:-1"},"canonical":"https:\/\/www.celttv.com.ar\/index.php\/2020\/04\/21\/el-area-municipal-de-tercera-edad-inicio-la-entrega-de-bolsos-sociales-a-adultos-mayores\/","og_locale":"es_ES","og_type":"article","og_title":"El \u00e1rea municipal de Tercera Edad inici\u00f3 la entrega de bolsos sociales a adultos mayores - CELTTV","og_description":"Sitio web de noticias de la localidad de Tornquist, provincia de Buenos Aires, Rep\u00fablica Argentina. Contenido propio originado por periodistas de CELTTV, el canal de TV local de la Cooperativa El\u00e9ctrica de Tornquist. Turismo, Pol\u00edtica, Sociedad, Deporte, Cultura y todo el contenido de inter\u00e9s general que la gente del pueblo y la regi\u00f3n debe conocer.","og_url":"https:\/\/www.celttv.com.ar\/index.php\/2020\/04\/21\/el-area-municipal-de-tercera-edad-inicio-la-entrega-de-bolsos-sociales-a-adultos-mayores\/","og_site_name":"CELTTV","article_publisher":"https:\/\/www.facebook.com\/celtTV\/","article_published_time":"2020-04-21T22:29:54+00:00","og_image":[{"width":751,"height":458,"url":"https:\/\/www.celttv.com.ar\/wp-content\/uploads\/2020\/04\/adultos-mayores.jpg","type":"image\/jpeg"}],"author":"ulises","twitter_card":"summary_large_image","twitter_misc":{"Escrito por":"ulises","Tiempo de lectura":"1 minuto"},"schema":{"@context":"https:\/\/schema.org","@graph":[{"@type":"NewsArticle","@id":"https:\/\/www.celttv.com.ar\/index.php\/2020\/04\/21\/el-area-municipal-de-tercera-edad-inicio-la-entrega-de-bolsos-sociales-a-adultos-mayores\/#article","isPartOf":{"@id":"https:\/\/www.celttv.com.ar\/index.php\/2020\/04\/21\/el-area-municipal-de-tercera-edad-inicio-la-entrega-de-bolsos-sociales-a-adultos-mayores\/"},"author":{"name":"ulises","@id":"https:\/\/www.celttv.com.ar\/#\/schema\/person\/6d99c072dba59953809c81446e9d0ace"},"headline":"El \u00e1rea municipal de Tercera Edad inici\u00f3 la entrega de bolsos sociales a adultos mayores","datePublished":"2020-04-21T22:29:54+00:00","dateModified":"2020-04-21T22:29:54+00:00","mainEntityOfPage":{"@id":"https:\/\/www.celttv.com.ar\/index.php\/2020\/04\/21\/el-area-municipal-de-tercera-edad-inicio-la-entrega-de-bolsos-sociales-a-adultos-mayores\/"},"wordCount":198,"publisher":{"@id":"https:\/\/www.celttv.com.ar\/#organization"},"articleSection":["Comunidad","Destacadas"],"inLanguage":"es"},{"@type":"WebPage","@id":"https:\/\/www.celttv.com.ar\/index.php\/2020\/04\/21\/el-area-municipal-de-tercera-edad-inicio-la-entrega-de-bolsos-sociales-a-adultos-mayores\/","url":"https:\/\/www.celttv.com.ar\/index.php\/2020\/04\/21\/el-area-municipal-de-tercera-edad-inicio-la-entrega-de-bolsos-sociales-a-adultos-mayores\/","name":"El \u00e1rea municipal de Tercera Edad inici\u00f3 la entrega de bolsos sociales a adultos mayores - CELTTV","isPartOf":{"@id":"https:\/\/www.celttv.com.ar\/#website"},"datePublished":"2020-04-21T22:29:54+00:00","dateModified":"2020-04-21T22:29:54+00:00","description":"Sitio web de noticias de la localidad de Tornquist, provincia de Buenos Aires, Rep\u00fablica Argentina. Contenido propio originado por periodistas de CELTTV, el canal de TV local de la Cooperativa El\u00e9ctrica de Tornquist. Turismo, Pol\u00edtica, Sociedad, Deporte, Cultura y todo el contenido de inter\u00e9s general que la gente del pueblo y la regi\u00f3n debe conocer.","breadcrumb":{"@id":"https:\/\/www.celttv.com.ar\/index.php\/2020\/04\/21\/el-area-municipal-de-tercera-edad-inicio-la-entrega-de-bolsos-sociales-a-adultos-mayores\/#breadcrumb"},"inLanguage":"es","potentialAction":[{"@type":"ReadAction","target":["https:\/\/www.celttv.com.ar\/index.php\/2020\/04\/21\/el-area-municipal-de-tercera-edad-inicio-la-entrega-de-bolsos-sociales-a-adultos-mayores\/"]}]},{"@type":"BreadcrumbList","@id":"https:\/\/www.celttv.com.ar\/index.php\/2020\/04\/21\/el-area-municipal-de-tercera-edad-inicio-la-entrega-de-bolsos-sociales-a-adultos-mayores\/#breadcrumb","itemListElement":[{"@type":"ListItem","position":1,"name":"Inicio","item":"https:\/\/www.celttv.com.ar\/"},{"@type":"ListItem","position":2,"name":"El \u00e1rea municipal de Tercera Edad inici\u00f3 la entrega de bolsos sociales a adultos mayores"}]},{"@type":"WebSite","@id":"https:\/\/www.celttv.com.ar\/#website","url":"https:\/\/www.celttv.com.ar\/","name":"CELTTV","description":"Cooperativa El\u00e9ctrica de Tornquist","publisher":{"@id":"https:\/\/www.celttv.com.ar\/#organization"},"potentialAction":[{"@type":"SearchAction","target":{"@type":"EntryPoint","urlTemplate":"https:\/\/www.celttv.com.ar\/?s={search_term_string}"},"query-input":"required name=search_term_string"}],"inLanguage":"es"},{"@type":"Organization","@id":"https:\/\/www.celttv.com.ar\/#organization","name":"CELTTV","url":"https:\/\/www.celttv.com.ar\/","sameAs":["https:\/\/www.youtube.com\/channel\/UCz_oIt8Hig64Ub-EmcNPIhg","https:\/\/www.facebook.com\/celtTV\/"],"logo":{"@type":"ImageObject","inLanguage":"es","@id":"https:\/\/www.celttv.com.ar\/#\/schema\/logo\/image\/","url":"http:\/\/www.celttv.com.ar\/wp-content\/uploads\/2022\/08\/logo-1.png","contentUrl":"http:\/\/www.celttv.com.ar\/wp-content\/uploads\/2022\/08\/logo-1.png","width":461,"height":159,"caption":"CELTTV"},"image":{"@id":"https:\/\/www.celttv.com.ar\/#\/schema\/logo\/image\/"}},{"@type":"Person","@id":"https:\/\/www.celttv.com.ar\/#\/schema\/person\/6d99c072dba59953809c81446e9d0ace","name":"ulises","image":{"@type":"ImageObject","inLanguage":"es","@id":"https:\/\/www.celttv.com.ar\/#\/schema\/person\/image\/","url":"https:\/\/secure.gravatar.com\/avatar\/7f2c48bdc33b30088f941fb6082e555f2874c98e20cb159d7b92b50eadfce793?s=96&d=mm&r=g","contentUrl":"https:\/\/secure.gravatar.com\/avatar\/7f2c48bdc33b30088f941fb6082e555f2874c98e20cb159d7b92b50eadfce793?s=96&d=mm&r=g","caption":"ulises"},"sameAs":["http:\/\/www.celttv.com.ar"]}]}},"_links":{"self":[{"href":"https:\/\/www.celttv.com.ar\/index.php\/wp-json\/wp\/v2\/posts\/48530","targetHints":{"allow":["GET"]}}],"collection":[{"href":"https:\/\/www.celttv.com.ar\/index.php\/wp-json\/wp\/v2\/posts"}],"about":[{"href":"https:\/\/www.celttv.com.ar\/index.php\/wp-json\/wp\/v2\/types\/post"}],"author":[{"embeddable":true,"href":"https:\/\/www.celttv.com.ar\/index.php\/wp-json\/wp\/v2\/users\/1"}],"replies":[{"embeddable":true,"href":"https:\/\/www.celttv.com.ar\/index.php\/wp-json\/wp\/v2\/comments?post=48530"}],"version-history":[{"count":0,"href":"https:\/\/www.celttv.com.ar\/index.php\/wp-json\/wp\/v2\/posts\/48530\/revisions"}],"wp:featuredmedia":[{"embeddable":true,"href":"https:\/\/www.celttv.com.ar\/index.php\/wp-json\/wp\/v2\/media\/48532"}],"wp:attachment":[{"href":"https:\/\/www.celttv.com.ar\/index.php\/wp-json\/wp\/v2\/media?parent=48530"}],"wp:term":[{"taxonomy":"category","embeddable":true,"href":"https:\/\/www.celttv.com.ar\/index.php\/wp-json\/wp\/v2\/categories?post=48530"},{"taxonomy":"post_tag","embeddable":true,"href":"https:\/\/www.celttv.com.ar\/index.php\/wp-json\/wp\/v2\/tags?post=48530"}],"curies":[{"name":"wp","href":"https:\/\/api.w.org\/{rel}","templated":true}]}}