{"id":48533,"date":"2020-04-21T22:38:03","date_gmt":"2020-04-21T22:38:03","guid":{"rendered":"http:\/\/www.celttv.com.ar\/?p=48533"},"modified":"2020-04-21T22:38:03","modified_gmt":"2020-04-21T22:38:03","slug":"el-ministerio-de-las-mujeres-generos-y-diversidad-de-la-nacion-exceptua-a-las-victimas-de-violencia-del-aislamiento-para-realizar-denuncias","status":"publish","type":"post","link":"https:\/\/www.celttv.com.ar\/index.php\/2020\/04\/21\/el-ministerio-de-las-mujeres-generos-y-diversidad-de-la-nacion-exceptua-a-las-victimas-de-violencia-del-aislamiento-para-realizar-denuncias\/","title":{"rendered":"El Ministerio de las Mujeres, G\u00e9neros y Diversidad de la Naci\u00f3n except\u00faa a las v\u00edctimas de violencia del aislamiento para realizar denuncias"},"content":{"rendered":"<p>Tornquist Municipio informa, que \u00a0mediante la resoluci\u00f3n 15\/2020, el Ministerio de las Mujeres, G\u00e9neros y Diversidad de la Naci\u00f3n afirma que las mujeres y LGTB+, v\u00edctimas de violencia, por razones de g\u00e9nero est\u00e1n habilitadas para salir de sus hogares a denunciar y\/o\u00a0 a pedir ayuda.<\/p>\n<p>En caso de fuerza mayor, pueden hacerlo acompa\u00f1adas de una persona de su confianza. (Dec 297\/2020 &#8211; Art\u00edculo 6 Inciso 5).<\/p>\n<p>En tal sentido, el Tornquist Municipio recuerda que se encuentra disponible la l\u00ednea de Atenci\u00f3n Ciudadana, para cualquier persona en conflicto: (0291) 154137411, adem\u00e1s de la l\u00ednea provincial 144 para asistencia a personas en situaci\u00f3n de violencia.<\/p>\n<p><a href=\"http:\/\/www.celttv.com.ar\/?attachment_id=48535\" rel=\"attachment wp-att-48535\"><img loading=\"lazy\" decoding=\"async\" class=\"alignleft size-full wp-image-48535\" src=\"http:\/\/www.celttv.com.ar\/wp-content\/uploads\/2020\/04\/mujeres.jpeg\" alt=\"\" width=\"720\" height=\"720\" srcset=\"https:\/\/www.celttv.com.ar\/wp-content\/uploads\/2020\/04\/mujeres.jpeg 720w, https:\/\/www.celttv.com.ar\/wp-content\/uploads\/2020\/04\/mujeres-300x300.jpeg 300w, https:\/\/www.celttv.com.ar\/wp-content\/uploads\/2020\/04\/mujeres-150x150.jpeg 150w, https:\/\/www.celttv.com.ar\/wp-content\/uploads\/2020\/04\/mujeres-75x75.jpeg 75w\" sizes=\"auto, (max-width: 720px) 100vw, 720px\" \/><\/a><\/p>\n","protected":false},"excerpt":{"rendered":"<p>Tornquist Municipio informa, que \u00a0mediante la resoluci\u00f3n 15\/2020, el Ministerio de las Mujeres, G\u00e9neros y Diversidad de la Naci\u00f3n afirma que las mujeres y LGTB+, v\u00edctimas de violencia, por razones de g\u00e9nero est\u00e1n habilitadas para salir de sus hogares a denunciar y\/o\u00a0 a pedir ayuda. En caso de fuerza mayor, pueden hacerlo acompa\u00f1adas de una [&hellip;]<\/p>\n","protected":false},"author":1,"featured_media":48535,"comment_status":"closed","ping_status":"open","sticky":false,"template":"","format":"standard","meta":{"footnotes":""},"categories":[51,52],"tags":[],"class_list":["post-48533","post","type-post","status-publish","format-standard","has-post-thumbnail","hentry","category-comunidad","category-destacadas"],"yoast_head":"<!-- This site is optimized with the Yoast SEO plugin v19.7.1 - https:\/\/yoast.com\/wordpress\/plugins\/seo\/ -->\n<title>El Ministerio de las Mujeres, G\u00e9neros y Diversidad de la Naci\u00f3n except\u00faa a las v\u00edctimas de violencia del aislamiento para realizar denuncias - CELTTV<\/title>\n<meta name=\"description\" content=\"Sitio web de noticias de la localidad de Tornquist, provincia de Buenos Aires, Rep\u00fablica Argentina. Contenido propio originado por periodistas de CELTTV, el canal de TV local de la Cooperativa El\u00e9ctrica de Tornquist. Turismo, Pol\u00edtica, Sociedad, Deporte, Cultura y todo el contenido de inter\u00e9s general que la gente del pueblo y la regi\u00f3n debe conocer.\" \/>\n<meta name=\"robots\" content=\"index, follow, max-snippet:-1, max-image-preview:large, max-video-preview:-1\" \/>\n<link rel=\"canonical\" href=\"https:\/\/www.celttv.com.ar\/index.php\/2020\/04\/21\/el-ministerio-de-las-mujeres-generos-y-diversidad-de-la-nacion-exceptua-a-las-victimas-de-violencia-del-aislamiento-para-realizar-denuncias\/\" \/>\n<meta property=\"og:locale\" content=\"es_ES\" \/>\n<meta property=\"og:type\" content=\"article\" \/>\n<meta property=\"og:title\" content=\"El Ministerio de las Mujeres, G\u00e9neros y Diversidad de la Naci\u00f3n except\u00faa a las v\u00edctimas de violencia del aislamiento para realizar denuncias - CELTTV\" \/>\n<meta property=\"og:description\" content=\"Sitio web de noticias de la localidad de Tornquist, provincia de Buenos Aires, Rep\u00fablica Argentina. Contenido propio originado por periodistas de CELTTV, el canal de TV local de la Cooperativa El\u00e9ctrica de Tornquist. Turismo, Pol\u00edtica, Sociedad, Deporte, Cultura y todo el contenido de inter\u00e9s general que la gente del pueblo y la regi\u00f3n debe conocer.\" \/>\n<meta property=\"og:url\" content=\"https:\/\/www.celttv.com.ar\/index.php\/2020\/04\/21\/el-ministerio-de-las-mujeres-generos-y-diversidad-de-la-nacion-exceptua-a-las-victimas-de-violencia-del-aislamiento-para-realizar-denuncias\/\" \/>\n<meta property=\"og:site_name\" content=\"CELTTV\" \/>\n<meta property=\"article:publisher\" content=\"https:\/\/www.facebook.com\/celtTV\/\" \/>\n<meta property=\"article:published_time\" content=\"2020-04-21T22:38:03+00:00\" \/>\n<meta property=\"og:image\" content=\"https:\/\/www.celttv.com.ar\/wp-content\/uploads\/2020\/04\/mujeres.jpeg\" \/>\n\t<meta property=\"og:image:width\" content=\"720\" \/>\n\t<meta property=\"og:image:height\" content=\"720\" \/>\n\t<meta property=\"og:image:type\" content=\"image\/jpeg\" \/>\n<meta name=\"author\" content=\"ulises\" \/>\n<meta name=\"twitter:card\" content=\"summary_large_image\" \/>\n<meta name=\"twitter:label1\" content=\"Escrito por\" \/>\n\t<meta name=\"twitter:data1\" content=\"ulises\" \/>\n\t<meta name=\"twitter:label2\" content=\"Tiempo de lectura\" \/>\n\t<meta name=\"twitter:data2\" content=\"1 minuto\" \/>\n<script type=\"application\/ld+json\" class=\"yoast-schema-graph\">{\"@context\":\"https:\/\/schema.org\",\"@graph\":[{\"@type\":\"NewsArticle\",\"@id\":\"https:\/\/www.celttv.com.ar\/index.php\/2020\/04\/21\/el-ministerio-de-las-mujeres-generos-y-diversidad-de-la-nacion-exceptua-a-las-victimas-de-violencia-del-aislamiento-para-realizar-denuncias\/#article\",\"isPartOf\":{\"@id\":\"https:\/\/www.celttv.com.ar\/index.php\/2020\/04\/21\/el-ministerio-de-las-mujeres-generos-y-diversidad-de-la-nacion-exceptua-a-las-victimas-de-violencia-del-aislamiento-para-realizar-denuncias\/\"},\"author\":{\"name\":\"ulises\",\"@id\":\"https:\/\/www.celttv.com.ar\/#\/schema\/person\/6d99c072dba59953809c81446e9d0ace\"},\"headline\":\"El Ministerio de las Mujeres, G\u00e9neros y Diversidad de la Naci\u00f3n except\u00faa a las v\u00edctimas de violencia del aislamiento para realizar denuncias\",\"datePublished\":\"2020-04-21T22:38:03+00:00\",\"dateModified\":\"2020-04-21T22:38:03+00:00\",\"mainEntityOfPage\":{\"@id\":\"https:\/\/www.celttv.com.ar\/index.php\/2020\/04\/21\/el-ministerio-de-las-mujeres-generos-y-diversidad-de-la-nacion-exceptua-a-las-victimas-de-violencia-del-aislamiento-para-realizar-denuncias\/\"},\"wordCount\":136,\"publisher\":{\"@id\":\"https:\/\/www.celttv.com.ar\/#organization\"},\"articleSection\":[\"Comunidad\",\"Destacadas\"],\"inLanguage\":\"es\"},{\"@type\":\"WebPage\",\"@id\":\"https:\/\/www.celttv.com.ar\/index.php\/2020\/04\/21\/el-ministerio-de-las-mujeres-generos-y-diversidad-de-la-nacion-exceptua-a-las-victimas-de-violencia-del-aislamiento-para-realizar-denuncias\/\",\"url\":\"https:\/\/www.celttv.com.ar\/index.php\/2020\/04\/21\/el-ministerio-de-las-mujeres-generos-y-diversidad-de-la-nacion-exceptua-a-las-victimas-de-violencia-del-aislamiento-para-realizar-denuncias\/\",\"name\":\"El Ministerio de las Mujeres, G\u00e9neros y Diversidad de la Naci\u00f3n except\u00faa a las v\u00edctimas de violencia del aislamiento para realizar denuncias - CELTTV\",\"isPartOf\":{\"@id\":\"https:\/\/www.celttv.com.ar\/#website\"},\"datePublished\":\"2020-04-21T22:38:03+00:00\",\"dateModified\":\"2020-04-21T22:38:03+00:00\",\"description\":\"Sitio web de noticias de la localidad de Tornquist, provincia de Buenos Aires, Rep\u00fablica Argentina. Contenido propio originado por periodistas de CELTTV, el canal de TV local de la Cooperativa El\u00e9ctrica de Tornquist. Turismo, Pol\u00edtica, Sociedad, Deporte, Cultura y todo el contenido de inter\u00e9s general que la gente del pueblo y la regi\u00f3n debe conocer.\",\"breadcrumb\":{\"@id\":\"https:\/\/www.celttv.com.ar\/index.php\/2020\/04\/21\/el-ministerio-de-las-mujeres-generos-y-diversidad-de-la-nacion-exceptua-a-las-victimas-de-violencia-del-aislamiento-para-realizar-denuncias\/#breadcrumb\"},\"inLanguage\":\"es\",\"potentialAction\":[{\"@type\":\"ReadAction\",\"target\":[\"https:\/\/www.celttv.com.ar\/index.php\/2020\/04\/21\/el-ministerio-de-las-mujeres-generos-y-diversidad-de-la-nacion-exceptua-a-las-victimas-de-violencia-del-aislamiento-para-realizar-denuncias\/\"]}]},{\"@type\":\"BreadcrumbList\",\"@id\":\"https:\/\/www.celttv.com.ar\/index.php\/2020\/04\/21\/el-ministerio-de-las-mujeres-generos-y-diversidad-de-la-nacion-exceptua-a-las-victimas-de-violencia-del-aislamiento-para-realizar-denuncias\/#breadcrumb\",\"itemListElement\":[{\"@type\":\"ListItem\",\"position\":1,\"name\":\"Inicio\",\"item\":\"https:\/\/www.celttv.com.ar\/\"},{\"@type\":\"ListItem\",\"position\":2,\"name\":\"El Ministerio de las Mujeres, G\u00e9neros y Diversidad de la Naci\u00f3n except\u00faa a las v\u00edctimas de violencia del aislamiento para realizar denuncias\"}]},{\"@type\":\"WebSite\",\"@id\":\"https:\/\/www.celttv.com.ar\/#website\",\"url\":\"https:\/\/www.celttv.com.ar\/\",\"name\":\"CELTTV\",\"description\":\"Cooperativa El\u00e9ctrica de Tornquist\",\"publisher\":{\"@id\":\"https:\/\/www.celttv.com.ar\/#organization\"},\"potentialAction\":[{\"@type\":\"SearchAction\",\"target\":{\"@type\":\"EntryPoint\",\"urlTemplate\":\"https:\/\/www.celttv.com.ar\/?s={search_term_string}\"},\"query-input\":\"required name=search_term_string\"}],\"inLanguage\":\"es\"},{\"@type\":\"Organization\",\"@id\":\"https:\/\/www.celttv.com.ar\/#organization\",\"name\":\"CELTTV\",\"url\":\"https:\/\/www.celttv.com.ar\/\",\"sameAs\":[\"https:\/\/www.youtube.com\/channel\/UCz_oIt8Hig64Ub-EmcNPIhg\",\"https:\/\/www.facebook.com\/celtTV\/\"],\"logo\":{\"@type\":\"ImageObject\",\"inLanguage\":\"es\",\"@id\":\"https:\/\/www.celttv.com.ar\/#\/schema\/logo\/image\/\",\"url\":\"http:\/\/www.celttv.com.ar\/wp-content\/uploads\/2022\/08\/logo-1.png\",\"contentUrl\":\"http:\/\/www.celttv.com.ar\/wp-content\/uploads\/2022\/08\/logo-1.png\",\"width\":461,\"height\":159,\"caption\":\"CELTTV\"},\"image\":{\"@id\":\"https:\/\/www.celttv.com.ar\/#\/schema\/logo\/image\/\"}},{\"@type\":\"Person\",\"@id\":\"https:\/\/www.celttv.com.ar\/#\/schema\/person\/6d99c072dba59953809c81446e9d0ace\",\"name\":\"ulises\",\"image\":{\"@type\":\"ImageObject\",\"inLanguage\":\"es\",\"@id\":\"https:\/\/www.celttv.com.ar\/#\/schema\/person\/image\/\",\"url\":\"https:\/\/secure.gravatar.com\/avatar\/7f2c48bdc33b30088f941fb6082e555f2874c98e20cb159d7b92b50eadfce793?s=96&d=mm&r=g\",\"contentUrl\":\"https:\/\/secure.gravatar.com\/avatar\/7f2c48bdc33b30088f941fb6082e555f2874c98e20cb159d7b92b50eadfce793?s=96&d=mm&r=g\",\"caption\":\"ulises\"},\"sameAs\":[\"http:\/\/www.celttv.com.ar\"]}]}<\/script>\n<!-- \/ Yoast SEO plugin. -->","yoast_head_json":{"title":"El Ministerio de las Mujeres, G\u00e9neros y Diversidad de la Naci\u00f3n except\u00faa a las v\u00edctimas de violencia del aislamiento para realizar denuncias - CELTTV","description":"Sitio web de noticias de la localidad de Tornquist, provincia de Buenos Aires, Rep\u00fablica Argentina. Contenido propio originado por periodistas de CELTTV, el canal de TV local de la Cooperativa El\u00e9ctrica de Tornquist. Turismo, Pol\u00edtica, Sociedad, Deporte, Cultura y todo el contenido de inter\u00e9s general que la gente del pueblo y la regi\u00f3n debe conocer.","robots":{"index":"index","follow":"follow","max-snippet":"max-snippet:-1","max-image-preview":"max-image-preview:large","max-video-preview":"max-video-preview:-1"},"canonical":"https:\/\/www.celttv.com.ar\/index.php\/2020\/04\/21\/el-ministerio-de-las-mujeres-generos-y-diversidad-de-la-nacion-exceptua-a-las-victimas-de-violencia-del-aislamiento-para-realizar-denuncias\/","og_locale":"es_ES","og_type":"article","og_title":"El Ministerio de las Mujeres, G\u00e9neros y Diversidad de la Naci\u00f3n except\u00faa a las v\u00edctimas de violencia del aislamiento para realizar denuncias - CELTTV","og_description":"Sitio web de noticias de la localidad de Tornquist, provincia de Buenos Aires, Rep\u00fablica Argentina. Contenido propio originado por periodistas de CELTTV, el canal de TV local de la Cooperativa El\u00e9ctrica de Tornquist. Turismo, Pol\u00edtica, Sociedad, Deporte, Cultura y todo el contenido de inter\u00e9s general que la gente del pueblo y la regi\u00f3n debe conocer.","og_url":"https:\/\/www.celttv.com.ar\/index.php\/2020\/04\/21\/el-ministerio-de-las-mujeres-generos-y-diversidad-de-la-nacion-exceptua-a-las-victimas-de-violencia-del-aislamiento-para-realizar-denuncias\/","og_site_name":"CELTTV","article_publisher":"https:\/\/www.facebook.com\/celtTV\/","article_published_time":"2020-04-21T22:38:03+00:00","og_image":[{"width":720,"height":720,"url":"https:\/\/www.celttv.com.ar\/wp-content\/uploads\/2020\/04\/mujeres.jpeg","type":"image\/jpeg"}],"author":"ulises","twitter_card":"summary_large_image","twitter_misc":{"Escrito por":"ulises","Tiempo de lectura":"1 minuto"},"schema":{"@context":"https:\/\/schema.org","@graph":[{"@type":"NewsArticle","@id":"https:\/\/www.celttv.com.ar\/index.php\/2020\/04\/21\/el-ministerio-de-las-mujeres-generos-y-diversidad-de-la-nacion-exceptua-a-las-victimas-de-violencia-del-aislamiento-para-realizar-denuncias\/#article","isPartOf":{"@id":"https:\/\/www.celttv.com.ar\/index.php\/2020\/04\/21\/el-ministerio-de-las-mujeres-generos-y-diversidad-de-la-nacion-exceptua-a-las-victimas-de-violencia-del-aislamiento-para-realizar-denuncias\/"},"author":{"name":"ulises","@id":"https:\/\/www.celttv.com.ar\/#\/schema\/person\/6d99c072dba59953809c81446e9d0ace"},"headline":"El Ministerio de las Mujeres, G\u00e9neros y Diversidad de la Naci\u00f3n except\u00faa a las v\u00edctimas de violencia del aislamiento para realizar denuncias","datePublished":"2020-04-21T22:38:03+00:00","dateModified":"2020-04-21T22:38:03+00:00","mainEntityOfPage":{"@id":"https:\/\/www.celttv.com.ar\/index.php\/2020\/04\/21\/el-ministerio-de-las-mujeres-generos-y-diversidad-de-la-nacion-exceptua-a-las-victimas-de-violencia-del-aislamiento-para-realizar-denuncias\/"},"wordCount":136,"publisher":{"@id":"https:\/\/www.celttv.com.ar\/#organization"},"articleSection":["Comunidad","Destacadas"],"inLanguage":"es"},{"@type":"WebPage","@id":"https:\/\/www.celttv.com.ar\/index.php\/2020\/04\/21\/el-ministerio-de-las-mujeres-generos-y-diversidad-de-la-nacion-exceptua-a-las-victimas-de-violencia-del-aislamiento-para-realizar-denuncias\/","url":"https:\/\/www.celttv.com.ar\/index.php\/2020\/04\/21\/el-ministerio-de-las-mujeres-generos-y-diversidad-de-la-nacion-exceptua-a-las-victimas-de-violencia-del-aislamiento-para-realizar-denuncias\/","name":"El Ministerio de las Mujeres, G\u00e9neros y Diversidad de la Naci\u00f3n except\u00faa a las v\u00edctimas de violencia del aislamiento para realizar denuncias - CELTTV","isPartOf":{"@id":"https:\/\/www.celttv.com.ar\/#website"},"datePublished":"2020-04-21T22:38:03+00:00","dateModified":"2020-04-21T22:38:03+00:00","description":"Sitio web de noticias de la localidad de Tornquist, provincia de Buenos Aires, Rep\u00fablica Argentina. Contenido propio originado por periodistas de CELTTV, el canal de TV local de la Cooperativa El\u00e9ctrica de Tornquist. Turismo, Pol\u00edtica, Sociedad, Deporte, Cultura y todo el contenido de inter\u00e9s general que la gente del pueblo y la regi\u00f3n debe conocer.","breadcrumb":{"@id":"https:\/\/www.celttv.com.ar\/index.php\/2020\/04\/21\/el-ministerio-de-las-mujeres-generos-y-diversidad-de-la-nacion-exceptua-a-las-victimas-de-violencia-del-aislamiento-para-realizar-denuncias\/#breadcrumb"},"inLanguage":"es","potentialAction":[{"@type":"ReadAction","target":["https:\/\/www.celttv.com.ar\/index.php\/2020\/04\/21\/el-ministerio-de-las-mujeres-generos-y-diversidad-de-la-nacion-exceptua-a-las-victimas-de-violencia-del-aislamiento-para-realizar-denuncias\/"]}]},{"@type":"BreadcrumbList","@id":"https:\/\/www.celttv.com.ar\/index.php\/2020\/04\/21\/el-ministerio-de-las-mujeres-generos-y-diversidad-de-la-nacion-exceptua-a-las-victimas-de-violencia-del-aislamiento-para-realizar-denuncias\/#breadcrumb","itemListElement":[{"@type":"ListItem","position":1,"name":"Inicio","item":"https:\/\/www.celttv.com.ar\/"},{"@type":"ListItem","position":2,"name":"El Ministerio de las Mujeres, G\u00e9neros y Diversidad de la Naci\u00f3n except\u00faa a las v\u00edctimas de violencia del aislamiento para realizar denuncias"}]},{"@type":"WebSite","@id":"https:\/\/www.celttv.com.ar\/#website","url":"https:\/\/www.celttv.com.ar\/","name":"CELTTV","description":"Cooperativa El\u00e9ctrica de Tornquist","publisher":{"@id":"https:\/\/www.celttv.com.ar\/#organization"},"potentialAction":[{"@type":"SearchAction","target":{"@type":"EntryPoint","urlTemplate":"https:\/\/www.celttv.com.ar\/?s={search_term_string}"},"query-input":"required name=search_term_string"}],"inLanguage":"es"},{"@type":"Organization","@id":"https:\/\/www.celttv.com.ar\/#organization","name":"CELTTV","url":"https:\/\/www.celttv.com.ar\/","sameAs":["https:\/\/www.youtube.com\/channel\/UCz_oIt8Hig64Ub-EmcNPIhg","https:\/\/www.facebook.com\/celtTV\/"],"logo":{"@type":"ImageObject","inLanguage":"es","@id":"https:\/\/www.celttv.com.ar\/#\/schema\/logo\/image\/","url":"http:\/\/www.celttv.com.ar\/wp-content\/uploads\/2022\/08\/logo-1.png","contentUrl":"http:\/\/www.celttv.com.ar\/wp-content\/uploads\/2022\/08\/logo-1.png","width":461,"height":159,"caption":"CELTTV"},"image":{"@id":"https:\/\/www.celttv.com.ar\/#\/schema\/logo\/image\/"}},{"@type":"Person","@id":"https:\/\/www.celttv.com.ar\/#\/schema\/person\/6d99c072dba59953809c81446e9d0ace","name":"ulises","image":{"@type":"ImageObject","inLanguage":"es","@id":"https:\/\/www.celttv.com.ar\/#\/schema\/person\/image\/","url":"https:\/\/secure.gravatar.com\/avatar\/7f2c48bdc33b30088f941fb6082e555f2874c98e20cb159d7b92b50eadfce793?s=96&d=mm&r=g","contentUrl":"https:\/\/secure.gravatar.com\/avatar\/7f2c48bdc33b30088f941fb6082e555f2874c98e20cb159d7b92b50eadfce793?s=96&d=mm&r=g","caption":"ulises"},"sameAs":["http:\/\/www.celttv.com.ar"]}]}},"_links":{"self":[{"href":"https:\/\/www.celttv.com.ar\/index.php\/wp-json\/wp\/v2\/posts\/48533","targetHints":{"allow":["GET"]}}],"collection":[{"href":"https:\/\/www.celttv.com.ar\/index.php\/wp-json\/wp\/v2\/posts"}],"about":[{"href":"https:\/\/www.celttv.com.ar\/index.php\/wp-json\/wp\/v2\/types\/post"}],"author":[{"embeddable":true,"href":"https:\/\/www.celttv.com.ar\/index.php\/wp-json\/wp\/v2\/users\/1"}],"replies":[{"embeddable":true,"href":"https:\/\/www.celttv.com.ar\/index.php\/wp-json\/wp\/v2\/comments?post=48533"}],"version-history":[{"count":0,"href":"https:\/\/www.celttv.com.ar\/index.php\/wp-json\/wp\/v2\/posts\/48533\/revisions"}],"wp:featuredmedia":[{"embeddable":true,"href":"https:\/\/www.celttv.com.ar\/index.php\/wp-json\/wp\/v2\/media\/48535"}],"wp:attachment":[{"href":"https:\/\/www.celttv.com.ar\/index.php\/wp-json\/wp\/v2\/media?parent=48533"}],"wp:term":[{"taxonomy":"category","embeddable":true,"href":"https:\/\/www.celttv.com.ar\/index.php\/wp-json\/wp\/v2\/categories?post=48533"},{"taxonomy":"post_tag","embeddable":true,"href":"https:\/\/www.celttv.com.ar\/index.php\/wp-json\/wp\/v2\/tags?post=48533"}],"curies":[{"name":"wp","href":"https:\/\/api.w.org\/{rel}","templated":true}]}}