{"id":48542,"date":"2020-04-22T00:08:58","date_gmt":"2020-04-22T00:08:58","guid":{"rendered":"http:\/\/www.celttv.com.ar\/?p=48542"},"modified":"2020-04-22T00:08:58","modified_gmt":"2020-04-22T00:08:58","slug":"manana-se-abre-el-plazo-para-actualizar-los-datos-de-los-solicitantes-del-ife-cuya-solicitud-no-fue-aprobada","status":"publish","type":"post","link":"https:\/\/www.celttv.com.ar\/index.php\/2020\/04\/22\/manana-se-abre-el-plazo-para-actualizar-los-datos-de-los-solicitantes-del-ife-cuya-solicitud-no-fue-aprobada\/","title":{"rendered":"MA\u00d1ANA SE ABRE EL PLAZO PARA ACTUALIZAR LOS DATOS DE LOS SOLICITANTES DEL IFE CUYA SOLICITUD NO FUE APROBADA\u00a0\u00a0"},"content":{"rendered":"<p><em><span style=\"color: #808080; font-family: Arial, sans-serif;\">La ANSES informa que, a partir de ma\u00f1ana, mi\u00e9rcoles 22 de abril, todas aquellas personas cuya solicitud para acceder al Ingreso Familiar de Emergencia (IFE) no fue aprobada podr\u00e1n actualizar sus datos para que vuelva a considerarse su caso.\u200b\u00a0\u00a0<\/span><\/em><\/p>\n<div>\n<p>El plazo para presentar los pedidos y aportar los datos que se le solicitar\u00e1n comienza el 22 y se extender\u00e1 hasta el jueves 23 inclusive, para los DNI terminados en 0, deber\u00e1n ingresar a la p\u00e1gina Web de la ANSES y dirigirse a Atenci\u00f3n Virtual, que\u00a0<strong>atender\u00e1 las consultas entre las 8 y las 16 horas<\/strong>.<\/p>\n<p>De esta manera, la Atenci\u00f3n Virtual admitir\u00e1 un m\u00e1ximo de 25.000 tr\u00e1mites diarios, cuando se llega a ese n\u00famero, el sistema deja de receptar solicitudes para ese d\u00eda por razones operativas y a efectos de poder realizar cada tr\u00e1mite con celeridad y prontitud.<\/p>\n<p>Asimismo, el cronograma de ingreso a\u00a0<a href=\"http:\/\/www.anses.gob.ar\/\" target=\"_blank\" rel=\"noopener noreferrer\" data-saferedirecturl=\"https:\/\/www.google.com\/url?q=http:\/\/www.anses.gob.ar\/&amp;source=gmail&amp;ust=1587597092856000&amp;usg=AFQjCNE0ifLqwHXwFFiHjQ1VRZbpwNzrbA\">www.anses.gob.ar<\/a>\u00a0para el resto de los beneficiarios seg\u00fan la terminaci\u00f3n de su DNI es el siguiente:<\/p>\n<ul>\n<li>Viernes 24 y lunes 27 de abril, los DNI terminados en 1<\/li>\n<li>Martes 28 y mi\u00e9rcoles 29 de abril, los DNI terminados en 2<\/li>\n<li>Jueves 30 de abril y lunes 4 de mayo, los DNI terminados en 3<\/li>\n<li>Martes 5 y mi\u00e9rcoles 6 de mayo, los DNI terminados en 4<\/li>\n<li>Jueves 7 y viernes 8 de mayo, los DNI terminados en 5<\/li>\n<li>Lunes 11 y martes 12 de mayo, los DNI terminados en 6<\/li>\n<li>Mi\u00e9rcoles 13 y jueves 14 de mayo, los DNI terminados en 7<\/li>\n<li>Viernes 15 y lunes 18 de mayo, los DNI terminados en 8<\/li>\n<li>Martes 19 y mi\u00e9rcoles 20 de mayo, los DNI terminados en 9<\/li>\n<\/ul>\n<p>A partir del 21 de mayo podr\u00e1n volver a ingresar por terminaci\u00f3n de DNI quienes no hayan podido hacerlo en los d\u00edas que les correspond\u00eda.<\/p>\n<p>En este sentido, debe tenerse en cuenta que las \u00fanicas solicitudes que se van a reconsiderar son aquellas cuya no aprobaci\u00f3n se debi\u00f3 a problemas relacionados con la falta de actualizaci\u00f3n en la base de datos de la ANSES.<\/p>\n<p>Se deber\u00e1 tener a mano el n\u00famero de CUIL y la Clave de la Seguridad Social podr\u00e1 comenzar el tr\u00e1mite. En caso de no poseer la Clave, puede crearla en\u00a0<a href=\"http:\/\/www.anses.gob.ar\/\" target=\"_blank\" rel=\"noopener noreferrer\" data-saferedirecturl=\"https:\/\/www.google.com\/url?q=http:\/\/www.anses.gob.ar\/&amp;source=gmail&amp;ust=1587597092856000&amp;usg=AFQjCNE0ifLqwHXwFFiHjQ1VRZbpwNzrbA\">www.anses.gob.ar<\/a>.<\/p>\n<p>Cabe destacar que la ANSES revisar\u00e1 autom\u00e1ticamente los casos de aquellas personas que perdieron su empleo durante los meses de febrero y marzo y solicitaron el IFE, el cual no les fue aprobado porque la declaraci\u00f3n jurada del cese del contrato de tr\u200babajo no hab\u00eda ingresado a\u00fan en la base de datos del organismo.<\/p>\n<p>De esta manera y en el marco de los planes de emergencia adoptados por el Gobierno nacional ante la pandemia del COVID-19, con esta instancia de reconsideraci\u00f3n se est\u00e1 ampliando a\u00fan m\u00e1s la cobertura del IFE que, hasta el momento, beneficia a casi ocho millones de personas, con un presupuesto total de 80.000 millones de pesos.<\/p>\n<\/div>\n","protected":false},"excerpt":{"rendered":"<p>La ANSES informa que, a partir de ma\u00f1ana, mi\u00e9rcoles 22 de abril, todas aquellas personas cuya solicitud para acceder al Ingreso Familiar de Emergencia (IFE) no fue aprobada podr\u00e1n actualizar sus datos para que vuelva a considerarse su caso.\u200b\u00a0\u00a0 El plazo para presentar los pedidos y aportar los datos que se le solicitar\u00e1n comienza el [&hellip;]<\/p>\n","protected":false},"author":1,"featured_media":36634,"comment_status":"closed","ping_status":"open","sticky":false,"template":"","format":"standard","meta":{"footnotes":""},"categories":[51,52],"tags":[],"class_list":["post-48542","post","type-post","status-publish","format-standard","has-post-thumbnail","hentry","category-comunidad","category-destacadas"],"yoast_head":"<!-- This site is optimized with the Yoast SEO plugin v19.7.1 - https:\/\/yoast.com\/wordpress\/plugins\/seo\/ -->\n<title>MA\u00d1ANA SE ABRE EL PLAZO PARA ACTUALIZAR LOS DATOS DE LOS SOLICITANTES DEL IFE CUYA SOLICITUD NO FUE APROBADA\u00a0\u00a0 - CELTTV<\/title>\n<meta name=\"description\" content=\"Sitio web de noticias de la localidad de Tornquist, provincia de Buenos Aires, Rep\u00fablica Argentina. Contenido propio originado por periodistas de CELTTV, el canal de TV local de la Cooperativa El\u00e9ctrica de Tornquist. Turismo, Pol\u00edtica, Sociedad, Deporte, Cultura y todo el contenido de inter\u00e9s general que la gente del pueblo y la regi\u00f3n debe conocer.\" \/>\n<meta name=\"robots\" content=\"index, follow, max-snippet:-1, max-image-preview:large, max-video-preview:-1\" \/>\n<link rel=\"canonical\" href=\"https:\/\/www.celttv.com.ar\/index.php\/2020\/04\/22\/manana-se-abre-el-plazo-para-actualizar-los-datos-de-los-solicitantes-del-ife-cuya-solicitud-no-fue-aprobada\/\" \/>\n<meta property=\"og:locale\" content=\"es_ES\" \/>\n<meta property=\"og:type\" content=\"article\" \/>\n<meta property=\"og:title\" content=\"MA\u00d1ANA SE ABRE EL PLAZO PARA ACTUALIZAR LOS DATOS DE LOS SOLICITANTES DEL IFE CUYA SOLICITUD NO FUE APROBADA\u00a0\u00a0 - CELTTV\" \/>\n<meta property=\"og:description\" content=\"Sitio web de noticias de la localidad de Tornquist, provincia de Buenos Aires, Rep\u00fablica Argentina. Contenido propio originado por periodistas de CELTTV, el canal de TV local de la Cooperativa El\u00e9ctrica de Tornquist. Turismo, Pol\u00edtica, Sociedad, Deporte, Cultura y todo el contenido de inter\u00e9s general que la gente del pueblo y la regi\u00f3n debe conocer.\" \/>\n<meta property=\"og:url\" content=\"https:\/\/www.celttv.com.ar\/index.php\/2020\/04\/22\/manana-se-abre-el-plazo-para-actualizar-los-datos-de-los-solicitantes-del-ife-cuya-solicitud-no-fue-aprobada\/\" \/>\n<meta property=\"og:site_name\" content=\"CELTTV\" \/>\n<meta property=\"article:publisher\" content=\"https:\/\/www.facebook.com\/celtTV\/\" \/>\n<meta property=\"article:published_time\" content=\"2020-04-22T00:08:58+00:00\" \/>\n<meta property=\"og:image\" content=\"https:\/\/www.celttv.com.ar\/wp-content\/uploads\/2018\/08\/anses_50_0-e1530735610393.jpg\" \/>\n\t<meta property=\"og:image:width\" content=\"700\" \/>\n\t<meta property=\"og:image:height\" content=\"384\" \/>\n\t<meta property=\"og:image:type\" content=\"image\/jpeg\" \/>\n<meta name=\"author\" content=\"ulises\" \/>\n<meta name=\"twitter:card\" content=\"summary_large_image\" \/>\n<meta name=\"twitter:label1\" content=\"Escrito por\" \/>\n\t<meta name=\"twitter:data1\" content=\"ulises\" \/>\n\t<meta name=\"twitter:label2\" content=\"Tiempo de lectura\" \/>\n\t<meta name=\"twitter:data2\" content=\"2 minutos\" \/>\n<script type=\"application\/ld+json\" class=\"yoast-schema-graph\">{\"@context\":\"https:\/\/schema.org\",\"@graph\":[{\"@type\":\"NewsArticle\",\"@id\":\"https:\/\/www.celttv.com.ar\/index.php\/2020\/04\/22\/manana-se-abre-el-plazo-para-actualizar-los-datos-de-los-solicitantes-del-ife-cuya-solicitud-no-fue-aprobada\/#article\",\"isPartOf\":{\"@id\":\"https:\/\/www.celttv.com.ar\/index.php\/2020\/04\/22\/manana-se-abre-el-plazo-para-actualizar-los-datos-de-los-solicitantes-del-ife-cuya-solicitud-no-fue-aprobada\/\"},\"author\":{\"name\":\"ulises\",\"@id\":\"https:\/\/www.celttv.com.ar\/#\/schema\/person\/6d99c072dba59953809c81446e9d0ace\"},\"headline\":\"MA\u00d1ANA SE ABRE EL PLAZO PARA ACTUALIZAR LOS DATOS DE LOS SOLICITANTES DEL IFE CUYA SOLICITUD NO FUE APROBADA\u00a0\u00a0\",\"datePublished\":\"2020-04-22T00:08:58+00:00\",\"dateModified\":\"2020-04-22T00:08:58+00:00\",\"mainEntityOfPage\":{\"@id\":\"https:\/\/www.celttv.com.ar\/index.php\/2020\/04\/22\/manana-se-abre-el-plazo-para-actualizar-los-datos-de-los-solicitantes-del-ife-cuya-solicitud-no-fue-aprobada\/\"},\"wordCount\":500,\"publisher\":{\"@id\":\"https:\/\/www.celttv.com.ar\/#organization\"},\"articleSection\":[\"Comunidad\",\"Destacadas\"],\"inLanguage\":\"es\"},{\"@type\":\"WebPage\",\"@id\":\"https:\/\/www.celttv.com.ar\/index.php\/2020\/04\/22\/manana-se-abre-el-plazo-para-actualizar-los-datos-de-los-solicitantes-del-ife-cuya-solicitud-no-fue-aprobada\/\",\"url\":\"https:\/\/www.celttv.com.ar\/index.php\/2020\/04\/22\/manana-se-abre-el-plazo-para-actualizar-los-datos-de-los-solicitantes-del-ife-cuya-solicitud-no-fue-aprobada\/\",\"name\":\"MA\u00d1ANA SE ABRE EL PLAZO PARA ACTUALIZAR LOS DATOS DE LOS SOLICITANTES DEL IFE CUYA SOLICITUD NO FUE APROBADA\u00a0\u00a0 - CELTTV\",\"isPartOf\":{\"@id\":\"https:\/\/www.celttv.com.ar\/#website\"},\"datePublished\":\"2020-04-22T00:08:58+00:00\",\"dateModified\":\"2020-04-22T00:08:58+00:00\",\"description\":\"Sitio web de noticias de la localidad de Tornquist, provincia de Buenos Aires, Rep\u00fablica Argentina. Contenido propio originado por periodistas de CELTTV, el canal de TV local de la Cooperativa El\u00e9ctrica de Tornquist. Turismo, Pol\u00edtica, Sociedad, Deporte, Cultura y todo el contenido de inter\u00e9s general que la gente del pueblo y la regi\u00f3n debe conocer.\",\"breadcrumb\":{\"@id\":\"https:\/\/www.celttv.com.ar\/index.php\/2020\/04\/22\/manana-se-abre-el-plazo-para-actualizar-los-datos-de-los-solicitantes-del-ife-cuya-solicitud-no-fue-aprobada\/#breadcrumb\"},\"inLanguage\":\"es\",\"potentialAction\":[{\"@type\":\"ReadAction\",\"target\":[\"https:\/\/www.celttv.com.ar\/index.php\/2020\/04\/22\/manana-se-abre-el-plazo-para-actualizar-los-datos-de-los-solicitantes-del-ife-cuya-solicitud-no-fue-aprobada\/\"]}]},{\"@type\":\"BreadcrumbList\",\"@id\":\"https:\/\/www.celttv.com.ar\/index.php\/2020\/04\/22\/manana-se-abre-el-plazo-para-actualizar-los-datos-de-los-solicitantes-del-ife-cuya-solicitud-no-fue-aprobada\/#breadcrumb\",\"itemListElement\":[{\"@type\":\"ListItem\",\"position\":1,\"name\":\"Inicio\",\"item\":\"https:\/\/www.celttv.com.ar\/\"},{\"@type\":\"ListItem\",\"position\":2,\"name\":\"MA\u00d1ANA SE ABRE EL PLAZO PARA ACTUALIZAR LOS DATOS DE LOS SOLICITANTES DEL IFE CUYA SOLICITUD NO FUE APROBADA\u00a0\u00a0\"}]},{\"@type\":\"WebSite\",\"@id\":\"https:\/\/www.celttv.com.ar\/#website\",\"url\":\"https:\/\/www.celttv.com.ar\/\",\"name\":\"CELTTV\",\"description\":\"Cooperativa El\u00e9ctrica de Tornquist\",\"publisher\":{\"@id\":\"https:\/\/www.celttv.com.ar\/#organization\"},\"potentialAction\":[{\"@type\":\"SearchAction\",\"target\":{\"@type\":\"EntryPoint\",\"urlTemplate\":\"https:\/\/www.celttv.com.ar\/?s={search_term_string}\"},\"query-input\":\"required name=search_term_string\"}],\"inLanguage\":\"es\"},{\"@type\":\"Organization\",\"@id\":\"https:\/\/www.celttv.com.ar\/#organization\",\"name\":\"CELTTV\",\"url\":\"https:\/\/www.celttv.com.ar\/\",\"sameAs\":[\"https:\/\/www.youtube.com\/channel\/UCz_oIt8Hig64Ub-EmcNPIhg\",\"https:\/\/www.facebook.com\/celtTV\/\"],\"logo\":{\"@type\":\"ImageObject\",\"inLanguage\":\"es\",\"@id\":\"https:\/\/www.celttv.com.ar\/#\/schema\/logo\/image\/\",\"url\":\"http:\/\/www.celttv.com.ar\/wp-content\/uploads\/2022\/08\/logo-1.png\",\"contentUrl\":\"http:\/\/www.celttv.com.ar\/wp-content\/uploads\/2022\/08\/logo-1.png\",\"width\":461,\"height\":159,\"caption\":\"CELTTV\"},\"image\":{\"@id\":\"https:\/\/www.celttv.com.ar\/#\/schema\/logo\/image\/\"}},{\"@type\":\"Person\",\"@id\":\"https:\/\/www.celttv.com.ar\/#\/schema\/person\/6d99c072dba59953809c81446e9d0ace\",\"name\":\"ulises\",\"image\":{\"@type\":\"ImageObject\",\"inLanguage\":\"es\",\"@id\":\"https:\/\/www.celttv.com.ar\/#\/schema\/person\/image\/\",\"url\":\"https:\/\/secure.gravatar.com\/avatar\/7f2c48bdc33b30088f941fb6082e555f2874c98e20cb159d7b92b50eadfce793?s=96&d=mm&r=g\",\"contentUrl\":\"https:\/\/secure.gravatar.com\/avatar\/7f2c48bdc33b30088f941fb6082e555f2874c98e20cb159d7b92b50eadfce793?s=96&d=mm&r=g\",\"caption\":\"ulises\"},\"sameAs\":[\"http:\/\/www.celttv.com.ar\"]}]}<\/script>\n<!-- \/ Yoast SEO plugin. -->","yoast_head_json":{"title":"MA\u00d1ANA SE ABRE EL PLAZO PARA ACTUALIZAR LOS DATOS DE LOS SOLICITANTES DEL IFE CUYA SOLICITUD NO FUE APROBADA\u00a0\u00a0 - CELTTV","description":"Sitio web de noticias de la localidad de Tornquist, provincia de Buenos Aires, Rep\u00fablica Argentina. Contenido propio originado por periodistas de CELTTV, el canal de TV local de la Cooperativa El\u00e9ctrica de Tornquist. Turismo, Pol\u00edtica, Sociedad, Deporte, Cultura y todo el contenido de inter\u00e9s general que la gente del pueblo y la regi\u00f3n debe conocer.","robots":{"index":"index","follow":"follow","max-snippet":"max-snippet:-1","max-image-preview":"max-image-preview:large","max-video-preview":"max-video-preview:-1"},"canonical":"https:\/\/www.celttv.com.ar\/index.php\/2020\/04\/22\/manana-se-abre-el-plazo-para-actualizar-los-datos-de-los-solicitantes-del-ife-cuya-solicitud-no-fue-aprobada\/","og_locale":"es_ES","og_type":"article","og_title":"MA\u00d1ANA SE ABRE EL PLAZO PARA ACTUALIZAR LOS DATOS DE LOS SOLICITANTES DEL IFE CUYA SOLICITUD NO FUE APROBADA\u00a0\u00a0 - CELTTV","og_description":"Sitio web de noticias de la localidad de Tornquist, provincia de Buenos Aires, Rep\u00fablica Argentina. Contenido propio originado por periodistas de CELTTV, el canal de TV local de la Cooperativa El\u00e9ctrica de Tornquist. Turismo, Pol\u00edtica, Sociedad, Deporte, Cultura y todo el contenido de inter\u00e9s general que la gente del pueblo y la regi\u00f3n debe conocer.","og_url":"https:\/\/www.celttv.com.ar\/index.php\/2020\/04\/22\/manana-se-abre-el-plazo-para-actualizar-los-datos-de-los-solicitantes-del-ife-cuya-solicitud-no-fue-aprobada\/","og_site_name":"CELTTV","article_publisher":"https:\/\/www.facebook.com\/celtTV\/","article_published_time":"2020-04-22T00:08:58+00:00","og_image":[{"width":700,"height":384,"url":"https:\/\/www.celttv.com.ar\/wp-content\/uploads\/2018\/08\/anses_50_0-e1530735610393.jpg","type":"image\/jpeg"}],"author":"ulises","twitter_card":"summary_large_image","twitter_misc":{"Escrito por":"ulises","Tiempo de lectura":"2 minutos"},"schema":{"@context":"https:\/\/schema.org","@graph":[{"@type":"NewsArticle","@id":"https:\/\/www.celttv.com.ar\/index.php\/2020\/04\/22\/manana-se-abre-el-plazo-para-actualizar-los-datos-de-los-solicitantes-del-ife-cuya-solicitud-no-fue-aprobada\/#article","isPartOf":{"@id":"https:\/\/www.celttv.com.ar\/index.php\/2020\/04\/22\/manana-se-abre-el-plazo-para-actualizar-los-datos-de-los-solicitantes-del-ife-cuya-solicitud-no-fue-aprobada\/"},"author":{"name":"ulises","@id":"https:\/\/www.celttv.com.ar\/#\/schema\/person\/6d99c072dba59953809c81446e9d0ace"},"headline":"MA\u00d1ANA SE ABRE EL PLAZO PARA ACTUALIZAR LOS DATOS DE LOS SOLICITANTES DEL IFE CUYA SOLICITUD NO FUE APROBADA\u00a0\u00a0","datePublished":"2020-04-22T00:08:58+00:00","dateModified":"2020-04-22T00:08:58+00:00","mainEntityOfPage":{"@id":"https:\/\/www.celttv.com.ar\/index.php\/2020\/04\/22\/manana-se-abre-el-plazo-para-actualizar-los-datos-de-los-solicitantes-del-ife-cuya-solicitud-no-fue-aprobada\/"},"wordCount":500,"publisher":{"@id":"https:\/\/www.celttv.com.ar\/#organization"},"articleSection":["Comunidad","Destacadas"],"inLanguage":"es"},{"@type":"WebPage","@id":"https:\/\/www.celttv.com.ar\/index.php\/2020\/04\/22\/manana-se-abre-el-plazo-para-actualizar-los-datos-de-los-solicitantes-del-ife-cuya-solicitud-no-fue-aprobada\/","url":"https:\/\/www.celttv.com.ar\/index.php\/2020\/04\/22\/manana-se-abre-el-plazo-para-actualizar-los-datos-de-los-solicitantes-del-ife-cuya-solicitud-no-fue-aprobada\/","name":"MA\u00d1ANA SE ABRE EL PLAZO PARA ACTUALIZAR LOS DATOS DE LOS SOLICITANTES DEL IFE CUYA SOLICITUD NO FUE APROBADA\u00a0\u00a0 - CELTTV","isPartOf":{"@id":"https:\/\/www.celttv.com.ar\/#website"},"datePublished":"2020-04-22T00:08:58+00:00","dateModified":"2020-04-22T00:08:58+00:00","description":"Sitio web de noticias de la localidad de Tornquist, provincia de Buenos Aires, Rep\u00fablica Argentina. Contenido propio originado por periodistas de CELTTV, el canal de TV local de la Cooperativa El\u00e9ctrica de Tornquist. Turismo, Pol\u00edtica, Sociedad, Deporte, Cultura y todo el contenido de inter\u00e9s general que la gente del pueblo y la regi\u00f3n debe conocer.","breadcrumb":{"@id":"https:\/\/www.celttv.com.ar\/index.php\/2020\/04\/22\/manana-se-abre-el-plazo-para-actualizar-los-datos-de-los-solicitantes-del-ife-cuya-solicitud-no-fue-aprobada\/#breadcrumb"},"inLanguage":"es","potentialAction":[{"@type":"ReadAction","target":["https:\/\/www.celttv.com.ar\/index.php\/2020\/04\/22\/manana-se-abre-el-plazo-para-actualizar-los-datos-de-los-solicitantes-del-ife-cuya-solicitud-no-fue-aprobada\/"]}]},{"@type":"BreadcrumbList","@id":"https:\/\/www.celttv.com.ar\/index.php\/2020\/04\/22\/manana-se-abre-el-plazo-para-actualizar-los-datos-de-los-solicitantes-del-ife-cuya-solicitud-no-fue-aprobada\/#breadcrumb","itemListElement":[{"@type":"ListItem","position":1,"name":"Inicio","item":"https:\/\/www.celttv.com.ar\/"},{"@type":"ListItem","position":2,"name":"MA\u00d1ANA SE ABRE EL PLAZO PARA ACTUALIZAR LOS DATOS DE LOS SOLICITANTES DEL IFE CUYA SOLICITUD NO FUE APROBADA\u00a0\u00a0"}]},{"@type":"WebSite","@id":"https:\/\/www.celttv.com.ar\/#website","url":"https:\/\/www.celttv.com.ar\/","name":"CELTTV","description":"Cooperativa El\u00e9ctrica de Tornquist","publisher":{"@id":"https:\/\/www.celttv.com.ar\/#organization"},"potentialAction":[{"@type":"SearchAction","target":{"@type":"EntryPoint","urlTemplate":"https:\/\/www.celttv.com.ar\/?s={search_term_string}"},"query-input":"required name=search_term_string"}],"inLanguage":"es"},{"@type":"Organization","@id":"https:\/\/www.celttv.com.ar\/#organization","name":"CELTTV","url":"https:\/\/www.celttv.com.ar\/","sameAs":["https:\/\/www.youtube.com\/channel\/UCz_oIt8Hig64Ub-EmcNPIhg","https:\/\/www.facebook.com\/celtTV\/"],"logo":{"@type":"ImageObject","inLanguage":"es","@id":"https:\/\/www.celttv.com.ar\/#\/schema\/logo\/image\/","url":"http:\/\/www.celttv.com.ar\/wp-content\/uploads\/2022\/08\/logo-1.png","contentUrl":"http:\/\/www.celttv.com.ar\/wp-content\/uploads\/2022\/08\/logo-1.png","width":461,"height":159,"caption":"CELTTV"},"image":{"@id":"https:\/\/www.celttv.com.ar\/#\/schema\/logo\/image\/"}},{"@type":"Person","@id":"https:\/\/www.celttv.com.ar\/#\/schema\/person\/6d99c072dba59953809c81446e9d0ace","name":"ulises","image":{"@type":"ImageObject","inLanguage":"es","@id":"https:\/\/www.celttv.com.ar\/#\/schema\/person\/image\/","url":"https:\/\/secure.gravatar.com\/avatar\/7f2c48bdc33b30088f941fb6082e555f2874c98e20cb159d7b92b50eadfce793?s=96&d=mm&r=g","contentUrl":"https:\/\/secure.gravatar.com\/avatar\/7f2c48bdc33b30088f941fb6082e555f2874c98e20cb159d7b92b50eadfce793?s=96&d=mm&r=g","caption":"ulises"},"sameAs":["http:\/\/www.celttv.com.ar"]}]}},"_links":{"self":[{"href":"https:\/\/www.celttv.com.ar\/index.php\/wp-json\/wp\/v2\/posts\/48542","targetHints":{"allow":["GET"]}}],"collection":[{"href":"https:\/\/www.celttv.com.ar\/index.php\/wp-json\/wp\/v2\/posts"}],"about":[{"href":"https:\/\/www.celttv.com.ar\/index.php\/wp-json\/wp\/v2\/types\/post"}],"author":[{"embeddable":true,"href":"https:\/\/www.celttv.com.ar\/index.php\/wp-json\/wp\/v2\/users\/1"}],"replies":[{"embeddable":true,"href":"https:\/\/www.celttv.com.ar\/index.php\/wp-json\/wp\/v2\/comments?post=48542"}],"version-history":[{"count":0,"href":"https:\/\/www.celttv.com.ar\/index.php\/wp-json\/wp\/v2\/posts\/48542\/revisions"}],"wp:featuredmedia":[{"embeddable":true,"href":"https:\/\/www.celttv.com.ar\/index.php\/wp-json\/wp\/v2\/media\/36634"}],"wp:attachment":[{"href":"https:\/\/www.celttv.com.ar\/index.php\/wp-json\/wp\/v2\/media?parent=48542"}],"wp:term":[{"taxonomy":"category","embeddable":true,"href":"https:\/\/www.celttv.com.ar\/index.php\/wp-json\/wp\/v2\/categories?post=48542"},{"taxonomy":"post_tag","embeddable":true,"href":"https:\/\/www.celttv.com.ar\/index.php\/wp-json\/wp\/v2\/tags?post=48542"}],"curies":[{"name":"wp","href":"https:\/\/api.w.org\/{rel}","templated":true}]}}