{"id":48568,"date":"2020-04-22T22:34:23","date_gmt":"2020-04-22T22:34:23","guid":{"rendered":"http:\/\/www.celttv.com.ar\/?p=48568"},"modified":"2020-04-22T22:34:23","modified_gmt":"2020-04-22T22:34:23","slug":"el-frente-de-todos-sobre-el-aislamiento-obligatorio","status":"publish","type":"post","link":"https:\/\/www.celttv.com.ar\/index.php\/2020\/04\/22\/el-frente-de-todos-sobre-el-aislamiento-obligatorio\/","title":{"rendered":"El Frente de Todos sobre el aislamiento obligatorio (Nota enviada al Intendente Municipal)"},"content":{"rendered":"<p>SUGERENCIAS Y APORTES A INTENDENTE BORDONI<\/p>\n<p>LUEGO DE ESCUCHAR LAS PREOCUPACIONES DE NUESTROS\/AS VECINOS Y VECINAS EN CUANTO A LA EJECUCI\u00d3N DEL ACTUAL AISLAMIENTO SOCIAL Y OBLIGATORIO, Y ANTE EL POSIBLE LEVANTAMIENTO DE ALGUNAS MEDIDAS DE LA CUARENTENA EN EL DISTRITO; ALGUNOS DE LOS PARTIDOS Y\u00a0AGRUPACIONES QUE FORMAN EL FRENTE DE TODOS TORNQUIST, HEMOS PRESENTADO UNA CARTA AL INTENDENTE MUNICIPAL SERGIO BORDONI, Y AL SECRETARIO DE GOBIERNO Y SEGURIDAD, EZEQUIEL GABELLA CON APORTES PARA MEJORAR EL MANEJO DE LA SITUACI\u00d3N, Y ALGUNAS CONSIDERACIONES A TENER EN CUENTA ANTE EL POSIBLE LEVANTAMIENTO DE LAS ACTUALES CONDICIONES DEL AISLAMIENTO SOCIAL Y OBLIGATORIO O CUARENTENA ADMINISTRADA EN EL DISTRITO DE TORNQUIST.<\/p>\n<p>EN LA CARTA LE HACEMOS LLEGAR ALGUNAS SUGERENCIAS PARA UN MEJORAMIENTO DE LOS CONTROLES, LOS CUIDADOS SANITARIOS Y RECAUDOS A TENER EN CUENTA EN ORDEN A EVITAR EL INGRESO Y EL CONTAGIO DEL COVID-19 O CORONAVIRUS EN EL DISTRITO. AS\u00cd MISMO LE ACONSEJAMOS SOBRE FORMAS M\u00c1S EFICIENTES DE COMUNICACI\u00d3N DE LOS ASUNTOS P\u00daBLICOS SOBRE LA PRESENTE PANDEMIA.<\/p>\n<p>CON ESTA INICIATIVA ESPERAMOS PODER AYUDAR, A LAS AUTORIDADES MUNICIPALES, A MEJORAR LA ACTUAL GESTI\u00d3N DE LA DIF\u00cdCIL SITUACI\u00d3N QUE PRESENTA LA ACTUAL PANDEMIA, Y COLABORAR EN LA TOMA DE DECISIONES MAS ADECUADAS EN LO QUE RESPECTA A LA CUARENTENA ADMINISTRADA.<\/p>\n<p>TAMBI\u00c9N HEMOS HECHO LLEGAR ESTAS CONSIDERACIONES Y APORTES A LOS CONCEJALES DEL FRENTE DE TODOS.<\/p>\n<p>FRENTE DE TODOS TORNQUIST. Frente Renovador, partido Frente Grande, Frente Popular 25 de Febrero, Unidos y Organizados, Movimiento Nacional Alfonsinista, Movimiento Radicales en Red.<\/p>\n<p>&nbsp;<\/p>\n<p>NOTA TEXTUAL<\/p>\n<div dir=\"auto\"><\/div>\n<div dir=\"auto\">MUNICIPALIDAD DE TORNQUIST<\/div>\n<div dir=\"auto\">A\/INTENDENTE MUNICIPAL<\/div>\n<div dir=\"auto\">Se\u00f1or Sergio Bordoni<\/div>\n<div dir=\"auto\">S\/D<\/div>\n<div dir=\"auto\">____________________________<\/div>\n<div dir=\"auto\">Con los debidos respetos.<\/div>\n<div dir=\"auto\">Esperamos que al llegarle esta carta se encuentre usted muy bien dentro de las actuales circunstancias, que para nadie eran posibles de predecir o prever.<\/div>\n<div dir=\"auto\">Durante este tiempo de cuarentena hemos acompa\u00f1ado las medidas determinadas por los gobiernos nacionales, provinciales y municipales con la responsabilidad que la salud p\u00fablica y el respeto a la democracia nos demandaron a todos los que hacemos de la pol\u00edtica una forma de trabajar por el bien com\u00fan y sobre todo por el bien del Otro.<\/div>\n<div dir=\"auto\">En el transcurso de este tiempo, las mayor\u00edas de las medidas adoptadas desde el ejecutivo municipal nos han parecido acertadas y en consonancia con el gobierno nacional y provincial que han priorizado la salud, la seguridad y el bienestar de la mayor\u00eda de los argentinos\/as; a pesar de discrepar en algunas decisiones u omisiones en las que se ha incurrido en el distrito de Tornquist, preferimos hacer silencio porque el momento lo ameritaba. En este sentido creemos conveniente que usted disponga formalmente de un comit\u00e9 cient\u00edfico\/a-pol\u00edtico\/a o una mesa de gesti\u00f3n cient\u00edfico\/a-pol\u00edtico\/a -como han hecho otros intendentes- para que la atenci\u00f3n de la presente pandemia tenga mayor sinergia y dinamismo.<\/div>\n<div dir=\"auto\">Creemos que hay muchas propuestas y aportes que hasta ahora se han canalizado de maneras diversas y desorganizadas, la organizaci\u00f3n de los diferentes esfuerzos bienintencionados es fundamental para que entre todos y unidos podamos lograr que esta pandemia pase, con el menor n\u00famero de enfermos, de muertos, y con las menores consecuencias socioecon\u00f3micas y culturales para los habitantes de nuestro distrito.<\/div>\n<div dir=\"auto\">Atentos a que en \u00e9stos d\u00edas comenzar\u00e1 a desarrollarse lo que se ha denominado cuarentena administrada, deseamos acercarle las siguientes consideraciones para que sean tenidas en cuenta a la hora de elaborar las condiciones de la cuarentena administrada.<\/div>\n<div dir=\"auto\">En primer lugar, La Organizaci\u00f3n Mundial de la Salud, ha sugerido seis criterios a la hora de levantar las medidas de confinamiento y aislamiento y se las compartimos para que su equipo pueda tenerlas en consideraci\u00f3n a la hora de evaluar permitir determinadas actividades y situaciones sociales.<\/div>\n<div dir=\"auto\">A)\u00a0 \u00a0 \u00a0El primero es que la transmisi\u00f3n del virus \u201cdebe estar controlada\u201d.<\/div>\n<div dir=\"auto\">B)\u00a0 \u00a0 \u00a0 El segundo, que los sistemas sanitarios est\u00e1n en disposici\u00f3n de \u201cdetectar, realizar pruebas, aislar y tratar cada caso\u201d, adem\u00e1s de \u201crastrear sus contactos\u201d de riesgo.<\/div>\n<div dir=\"auto\">C)\u00a0 \u00a0 \u00a0 El tercer punto pone el foco en minimizar los riesgos en \u00e1reas clave en la evoluci\u00f3n de la epidemia: las residencias y hospitales.&#8221;<\/div>\n<div dir=\"auto\">D)\u00a0 \u00a0 \u00a0Los otros tres son la adopci\u00f3n de \u201cmedidas de prevenci\u00f3n\u201d en todos aquellos espacios donde la gente deba seguir acudiendo (seg\u00fan el pa\u00eds, centros de trabajo, educativos\u2026), la gesti\u00f3n adecuada de los casos importados y la formaci\u00f3n a la sociedad para que aprenda a convivir y reducir los riesgos frente al virus.<\/div>\n<div dir=\"auto\">En lo que respecta al distrito de Tornquist deseamos sugerirle.<\/div>\n<div dir=\"auto\">1-\u00a0 \u00a0 \u00a0 La cuarentena administrada debe ser gradual y tener en cuenta que en el distrito tenemos limitaciones en la atenci\u00f3n de nuestro sistema de salud.<\/div>\n<div dir=\"auto\">2-\u00a0 \u00a0 \u00a0 Los mensajes desde el municipio son muchos y diversos cosa que es entendible aunque en realidad, durante este tiempo especial, se puede organizar una estrategia comunicacional que permita priorizar la informaci\u00f3n que es especifica de la que es secundaria para que el vecino pueda estar m\u00e1s y mejor informado. Hoy todas las informaciones tienen el mismo nivel de difusi\u00f3n y eso, hemos constatado, genera confusi\u00f3n en los vecinos. M\u00e1s all\u00e1 de la funci\u00f3n de los medios de comunicaci\u00f3n que los vecinos escuchan y ven diariamente, se podr\u00eda establecer un medio municipal con mayor alcance personal, con comunicados pautados diariamente, \u00fanico y oficial, para algunas informaciones de inter\u00e9s p\u00fablico, social y sanitario.<\/div>\n<div dir=\"auto\">3-\u00a0 \u00a0 \u00a0 La utilizaci\u00f3n de los cajeros autom\u00e1ticos necesita de una urgente intervenci\u00f3n dado que en las actuales condiciones cuando tengamos circulaci\u00f3n local del virus ser\u00e1n un elemento de dispersi\u00f3n del mismo ya que no se higienizan convenientemente durante su uso.<\/div>\n<div dir=\"auto\">4-\u00a0 \u00a0 \u00a0 Los llamados \u201cretenes de control\u201d o zonas de control de acceso a las diferentes localidades no est\u00e1n funcionando correctamente, tanto para turistas o proveedores, hacemos menci\u00f3n no solo desde el punto de vista de la vigilancia, sino tambi\u00e9n desde el aspecto sanitario, tenemos muchas constancias de presencia de personas que visitan el distrito sin ning\u00fan cuidado y control. En ese sentido creemos que podr\u00edan seguirse los ejemplos de Coronel Pringles o Coronel Suarez.<\/div>\n<div dir=\"auto\">5-\u00a0 \u00a0 \u00a0 Por la pandemia, hay \u00e1reas del municipio -deportes, cultura, etc-, que no est\u00e1n desarrollando su presupuesto y no est\u00e1n gestionando, por lo que es dable indicar que existen en el distrito numerosos trabajadores de la cultura, artistas, artesanos, deportistas, trabajadores informales y comerciantes que necesitan ayuda para poder tener una vida digna. En este sentido hemos pensado acciones m\u00e1s directas para el sostenimiento y ayuda a esos\/as ciudadanos\/as.<\/div>\n<div dir=\"auto\">6-\u00a0 \u00a0 \u00a0 Creemos que deber\u00eda preverse mejor las situaciones de cuidado y sustituci\u00f3n de los diferentes actores del sistema sanitario que son los primeros que est\u00e1n expuestos al contagio. En este punto tambi\u00e9n deseamos expresarle la necesidad de mejorar la situaci\u00f3n de la vacunaci\u00f3n antigripal sobre la cual hay mucha confusi\u00f3n en los vecinos interesados en la misma, con el agravante que son un grupo de riesgo.<\/div>\n<div dir=\"auto\">7-\u00a0 \u00a0 \u00a0 Con respecto a los protocolos de actuaci\u00f3n acorde a las diferentes actividades no estamos de acuerdo en dejar librado a la responsabilidad individual la concreci\u00f3n o acatamiento de los mismos. Hay rubros en los que algunos ciudadanos tienen muy buenos cuidados y otros son muy descuidados, ante \u00e9ste panorama, es el estado municipal, en su rol de agente habilitante, el que debe velar por el cumplimiento de algunas normas de higiene, aislamiento y cuidado que aseguren las menores posibilidades de contagio.<\/div>\n<div dir=\"auto\">8-\u00a0 \u00a0 \u00a0 Con respecto al cobro de impuestos y tasas nos sorprendi\u00f3 su expresi\u00f3n sobre el ingreso cero por parte del municipio, dado que hay actividades que siguieron con normalidad y algunas aumentaron su actividad. Si usted lo necesita podemos ayudarlo con algunas ideas para mejorar y potenciar la recaudaci\u00f3n en estos tiempos de crisis o tambi\u00e9n se pueden seguir ejemplos de otros municipios vecinos.<\/div>\n<div dir=\"auto\">9-\u00a0 \u00a0 \u00a0 Hemos pensado que el desarrollo de la cuarentena administrada sea acompa\u00f1ada por un servicio de transporte acorde para evitar la utilizaci\u00f3n de autostop o dedo que ya se est\u00e1 usando y es muy perjudicial para la transmisi\u00f3n del virus.<\/div>\n<div dir=\"auto\">10-\u00a0 \u00a0Habida cuenta del esfuerzo que est\u00e1 haciendo el gobierno del Frente de Todos para que los vecinos\/as puedas tener sus necesidades b\u00e1sicas satisfechas, pudiendo comprar sus alimentos, vemos con preocupaci\u00f3n que no se realiza correctamente el control de precios, ni a\u00fan en materiales sanitarios y de higiene esenciales. El control de precios no es una responsabilidad de los ciudadanos, que pueden colaborar, pero no hacer de polic\u00edas de una actividad comercial.<\/div>\n<div dir=\"auto\">Le acercamos estas consideraciones porque sabemos que nadie se salva solo y quedamos a disposici\u00f3n ante esta circunstancia que nos demanda mucha escucha y acertada diligencia.<\/div>\n<div dir=\"auto\"><\/div>\n<div dir=\"auto\"><strong>FRENTE DE TODOS TORNQUIST. Frente Renovador, Partido Frente Grande, Frente Popular 25 de Febrero, Agrup. Unidos y Organizados, Movimiento Radicales en Red.<\/strong><\/div>\n","protected":false},"excerpt":{"rendered":"<p>SUGERENCIAS Y APORTES A INTENDENTE BORDONI LUEGO DE ESCUCHAR LAS PREOCUPACIONES DE NUESTROS\/AS VECINOS Y VECINAS EN CUANTO A LA EJECUCI\u00d3N DEL ACTUAL AISLAMIENTO SOCIAL Y OBLIGATORIO, Y ANTE EL POSIBLE LEVANTAMIENTO DE ALGUNAS MEDIDAS DE LA CUARENTENA EN EL DISTRITO; ALGUNOS DE LOS PARTIDOS Y\u00a0AGRUPACIONES QUE FORMAN EL FRENTE DE TODOS TORNQUIST, HEMOS PRESENTADO [&hellip;]<\/p>\n","protected":false},"author":1,"featured_media":48570,"comment_status":"closed","ping_status":"open","sticky":false,"template":"","format":"standard","meta":{"footnotes":""},"categories":[51,52,53],"tags":[],"class_list":["post-48568","post","type-post","status-publish","format-standard","has-post-thumbnail","hentry","category-comunidad","category-destacadas","category-politica"],"yoast_head":"<!-- This site is optimized with the Yoast SEO plugin v19.7.1 - https:\/\/yoast.com\/wordpress\/plugins\/seo\/ -->\n<title>El Frente de Todos sobre el aislamiento obligatorio (Nota enviada al Intendente Municipal) - CELTTV<\/title>\n<meta name=\"description\" content=\"Sitio web de noticias de la localidad de Tornquist, provincia de Buenos Aires, Rep\u00fablica Argentina. Contenido propio originado por periodistas de CELTTV, el canal de TV local de la Cooperativa El\u00e9ctrica de Tornquist. Turismo, Pol\u00edtica, Sociedad, Deporte, Cultura y todo el contenido de inter\u00e9s general que la gente del pueblo y la regi\u00f3n debe conocer.\" \/>\n<meta name=\"robots\" content=\"index, follow, max-snippet:-1, max-image-preview:large, max-video-preview:-1\" \/>\n<link rel=\"canonical\" href=\"https:\/\/www.celttv.com.ar\/index.php\/2020\/04\/22\/el-frente-de-todos-sobre-el-aislamiento-obligatorio\/\" \/>\n<meta property=\"og:locale\" content=\"es_ES\" \/>\n<meta property=\"og:type\" content=\"article\" \/>\n<meta property=\"og:title\" content=\"El Frente de Todos sobre el aislamiento obligatorio (Nota enviada al Intendente Municipal) - CELTTV\" \/>\n<meta property=\"og:description\" content=\"Sitio web de noticias de la localidad de Tornquist, provincia de Buenos Aires, Rep\u00fablica Argentina. Contenido propio originado por periodistas de CELTTV, el canal de TV local de la Cooperativa El\u00e9ctrica de Tornquist. Turismo, Pol\u00edtica, Sociedad, Deporte, Cultura y todo el contenido de inter\u00e9s general que la gente del pueblo y la regi\u00f3n debe conocer.\" \/>\n<meta property=\"og:url\" content=\"https:\/\/www.celttv.com.ar\/index.php\/2020\/04\/22\/el-frente-de-todos-sobre-el-aislamiento-obligatorio\/\" \/>\n<meta property=\"og:site_name\" content=\"CELTTV\" \/>\n<meta property=\"article:publisher\" content=\"https:\/\/www.facebook.com\/celtTV\/\" \/>\n<meta property=\"article:published_time\" content=\"2020-04-22T22:34:23+00:00\" \/>\n<meta property=\"og:image\" content=\"https:\/\/www.celttv.com.ar\/wp-content\/uploads\/2020\/04\/todos-3.jpg\" \/>\n\t<meta property=\"og:image:width\" content=\"1920\" \/>\n\t<meta property=\"og:image:height\" content=\"1080\" \/>\n\t<meta property=\"og:image:type\" content=\"image\/jpeg\" \/>\n<meta name=\"author\" content=\"ulises\" \/>\n<meta name=\"twitter:card\" content=\"summary_large_image\" \/>\n<meta name=\"twitter:label1\" content=\"Escrito por\" \/>\n\t<meta name=\"twitter:data1\" content=\"ulises\" \/>\n\t<meta name=\"twitter:label2\" content=\"Tiempo de lectura\" \/>\n\t<meta name=\"twitter:data2\" content=\"8 minutos\" \/>\n<script type=\"application\/ld+json\" class=\"yoast-schema-graph\">{\"@context\":\"https:\/\/schema.org\",\"@graph\":[{\"@type\":\"NewsArticle\",\"@id\":\"https:\/\/www.celttv.com.ar\/index.php\/2020\/04\/22\/el-frente-de-todos-sobre-el-aislamiento-obligatorio\/#article\",\"isPartOf\":{\"@id\":\"https:\/\/www.celttv.com.ar\/index.php\/2020\/04\/22\/el-frente-de-todos-sobre-el-aislamiento-obligatorio\/\"},\"author\":{\"name\":\"ulises\",\"@id\":\"https:\/\/www.celttv.com.ar\/#\/schema\/person\/6d99c072dba59953809c81446e9d0ace\"},\"headline\":\"El Frente de Todos sobre el aislamiento obligatorio (Nota enviada al Intendente Municipal)\",\"datePublished\":\"2020-04-22T22:34:23+00:00\",\"dateModified\":\"2020-04-22T22:34:23+00:00\",\"mainEntityOfPage\":{\"@id\":\"https:\/\/www.celttv.com.ar\/index.php\/2020\/04\/22\/el-frente-de-todos-sobre-el-aislamiento-obligatorio\/\"},\"wordCount\":1522,\"publisher\":{\"@id\":\"https:\/\/www.celttv.com.ar\/#organization\"},\"articleSection\":[\"Comunidad\",\"Destacadas\",\"Pol\u00edtica\"],\"inLanguage\":\"es\"},{\"@type\":\"WebPage\",\"@id\":\"https:\/\/www.celttv.com.ar\/index.php\/2020\/04\/22\/el-frente-de-todos-sobre-el-aislamiento-obligatorio\/\",\"url\":\"https:\/\/www.celttv.com.ar\/index.php\/2020\/04\/22\/el-frente-de-todos-sobre-el-aislamiento-obligatorio\/\",\"name\":\"El Frente de Todos sobre el aislamiento obligatorio (Nota enviada al Intendente Municipal) - CELTTV\",\"isPartOf\":{\"@id\":\"https:\/\/www.celttv.com.ar\/#website\"},\"datePublished\":\"2020-04-22T22:34:23+00:00\",\"dateModified\":\"2020-04-22T22:34:23+00:00\",\"description\":\"Sitio web de noticias de la localidad de Tornquist, provincia de Buenos Aires, Rep\u00fablica Argentina. Contenido propio originado por periodistas de CELTTV, el canal de TV local de la Cooperativa El\u00e9ctrica de Tornquist. Turismo, Pol\u00edtica, Sociedad, Deporte, Cultura y todo el contenido de inter\u00e9s general que la gente del pueblo y la regi\u00f3n debe conocer.\",\"breadcrumb\":{\"@id\":\"https:\/\/www.celttv.com.ar\/index.php\/2020\/04\/22\/el-frente-de-todos-sobre-el-aislamiento-obligatorio\/#breadcrumb\"},\"inLanguage\":\"es\",\"potentialAction\":[{\"@type\":\"ReadAction\",\"target\":[\"https:\/\/www.celttv.com.ar\/index.php\/2020\/04\/22\/el-frente-de-todos-sobre-el-aislamiento-obligatorio\/\"]}]},{\"@type\":\"BreadcrumbList\",\"@id\":\"https:\/\/www.celttv.com.ar\/index.php\/2020\/04\/22\/el-frente-de-todos-sobre-el-aislamiento-obligatorio\/#breadcrumb\",\"itemListElement\":[{\"@type\":\"ListItem\",\"position\":1,\"name\":\"Inicio\",\"item\":\"https:\/\/www.celttv.com.ar\/\"},{\"@type\":\"ListItem\",\"position\":2,\"name\":\"El Frente de Todos sobre el aislamiento obligatorio (Nota enviada al Intendente Municipal)\"}]},{\"@type\":\"WebSite\",\"@id\":\"https:\/\/www.celttv.com.ar\/#website\",\"url\":\"https:\/\/www.celttv.com.ar\/\",\"name\":\"CELTTV\",\"description\":\"Cooperativa El\u00e9ctrica de Tornquist\",\"publisher\":{\"@id\":\"https:\/\/www.celttv.com.ar\/#organization\"},\"potentialAction\":[{\"@type\":\"SearchAction\",\"target\":{\"@type\":\"EntryPoint\",\"urlTemplate\":\"https:\/\/www.celttv.com.ar\/?s={search_term_string}\"},\"query-input\":\"required name=search_term_string\"}],\"inLanguage\":\"es\"},{\"@type\":\"Organization\",\"@id\":\"https:\/\/www.celttv.com.ar\/#organization\",\"name\":\"CELTTV\",\"url\":\"https:\/\/www.celttv.com.ar\/\",\"sameAs\":[\"https:\/\/www.youtube.com\/channel\/UCz_oIt8Hig64Ub-EmcNPIhg\",\"https:\/\/www.facebook.com\/celtTV\/\"],\"logo\":{\"@type\":\"ImageObject\",\"inLanguage\":\"es\",\"@id\":\"https:\/\/www.celttv.com.ar\/#\/schema\/logo\/image\/\",\"url\":\"http:\/\/www.celttv.com.ar\/wp-content\/uploads\/2022\/08\/logo-1.png\",\"contentUrl\":\"http:\/\/www.celttv.com.ar\/wp-content\/uploads\/2022\/08\/logo-1.png\",\"width\":461,\"height\":159,\"caption\":\"CELTTV\"},\"image\":{\"@id\":\"https:\/\/www.celttv.com.ar\/#\/schema\/logo\/image\/\"}},{\"@type\":\"Person\",\"@id\":\"https:\/\/www.celttv.com.ar\/#\/schema\/person\/6d99c072dba59953809c81446e9d0ace\",\"name\":\"ulises\",\"image\":{\"@type\":\"ImageObject\",\"inLanguage\":\"es\",\"@id\":\"https:\/\/www.celttv.com.ar\/#\/schema\/person\/image\/\",\"url\":\"https:\/\/secure.gravatar.com\/avatar\/7f2c48bdc33b30088f941fb6082e555f2874c98e20cb159d7b92b50eadfce793?s=96&d=mm&r=g\",\"contentUrl\":\"https:\/\/secure.gravatar.com\/avatar\/7f2c48bdc33b30088f941fb6082e555f2874c98e20cb159d7b92b50eadfce793?s=96&d=mm&r=g\",\"caption\":\"ulises\"},\"sameAs\":[\"http:\/\/www.celttv.com.ar\"]}]}<\/script>\n<!-- \/ Yoast SEO plugin. -->","yoast_head_json":{"title":"El Frente de Todos sobre el aislamiento obligatorio (Nota enviada al Intendente Municipal) - CELTTV","description":"Sitio web de noticias de la localidad de Tornquist, provincia de Buenos Aires, Rep\u00fablica Argentina. Contenido propio originado por periodistas de CELTTV, el canal de TV local de la Cooperativa El\u00e9ctrica de Tornquist. Turismo, Pol\u00edtica, Sociedad, Deporte, Cultura y todo el contenido de inter\u00e9s general que la gente del pueblo y la regi\u00f3n debe conocer.","robots":{"index":"index","follow":"follow","max-snippet":"max-snippet:-1","max-image-preview":"max-image-preview:large","max-video-preview":"max-video-preview:-1"},"canonical":"https:\/\/www.celttv.com.ar\/index.php\/2020\/04\/22\/el-frente-de-todos-sobre-el-aislamiento-obligatorio\/","og_locale":"es_ES","og_type":"article","og_title":"El Frente de Todos sobre el aislamiento obligatorio (Nota enviada al Intendente Municipal) - CELTTV","og_description":"Sitio web de noticias de la localidad de Tornquist, provincia de Buenos Aires, Rep\u00fablica Argentina. Contenido propio originado por periodistas de CELTTV, el canal de TV local de la Cooperativa El\u00e9ctrica de Tornquist. Turismo, Pol\u00edtica, Sociedad, Deporte, Cultura y todo el contenido de inter\u00e9s general que la gente del pueblo y la regi\u00f3n debe conocer.","og_url":"https:\/\/www.celttv.com.ar\/index.php\/2020\/04\/22\/el-frente-de-todos-sobre-el-aislamiento-obligatorio\/","og_site_name":"CELTTV","article_publisher":"https:\/\/www.facebook.com\/celtTV\/","article_published_time":"2020-04-22T22:34:23+00:00","og_image":[{"width":1920,"height":1080,"url":"https:\/\/www.celttv.com.ar\/wp-content\/uploads\/2020\/04\/todos-3.jpg","type":"image\/jpeg"}],"author":"ulises","twitter_card":"summary_large_image","twitter_misc":{"Escrito por":"ulises","Tiempo de lectura":"8 minutos"},"schema":{"@context":"https:\/\/schema.org","@graph":[{"@type":"NewsArticle","@id":"https:\/\/www.celttv.com.ar\/index.php\/2020\/04\/22\/el-frente-de-todos-sobre-el-aislamiento-obligatorio\/#article","isPartOf":{"@id":"https:\/\/www.celttv.com.ar\/index.php\/2020\/04\/22\/el-frente-de-todos-sobre-el-aislamiento-obligatorio\/"},"author":{"name":"ulises","@id":"https:\/\/www.celttv.com.ar\/#\/schema\/person\/6d99c072dba59953809c81446e9d0ace"},"headline":"El Frente de Todos sobre el aislamiento obligatorio (Nota enviada al Intendente Municipal)","datePublished":"2020-04-22T22:34:23+00:00","dateModified":"2020-04-22T22:34:23+00:00","mainEntityOfPage":{"@id":"https:\/\/www.celttv.com.ar\/index.php\/2020\/04\/22\/el-frente-de-todos-sobre-el-aislamiento-obligatorio\/"},"wordCount":1522,"publisher":{"@id":"https:\/\/www.celttv.com.ar\/#organization"},"articleSection":["Comunidad","Destacadas","Pol\u00edtica"],"inLanguage":"es"},{"@type":"WebPage","@id":"https:\/\/www.celttv.com.ar\/index.php\/2020\/04\/22\/el-frente-de-todos-sobre-el-aislamiento-obligatorio\/","url":"https:\/\/www.celttv.com.ar\/index.php\/2020\/04\/22\/el-frente-de-todos-sobre-el-aislamiento-obligatorio\/","name":"El Frente de Todos sobre el aislamiento obligatorio (Nota enviada al Intendente Municipal) - CELTTV","isPartOf":{"@id":"https:\/\/www.celttv.com.ar\/#website"},"datePublished":"2020-04-22T22:34:23+00:00","dateModified":"2020-04-22T22:34:23+00:00","description":"Sitio web de noticias de la localidad de Tornquist, provincia de Buenos Aires, Rep\u00fablica Argentina. Contenido propio originado por periodistas de CELTTV, el canal de TV local de la Cooperativa El\u00e9ctrica de Tornquist. Turismo, Pol\u00edtica, Sociedad, Deporte, Cultura y todo el contenido de inter\u00e9s general que la gente del pueblo y la regi\u00f3n debe conocer.","breadcrumb":{"@id":"https:\/\/www.celttv.com.ar\/index.php\/2020\/04\/22\/el-frente-de-todos-sobre-el-aislamiento-obligatorio\/#breadcrumb"},"inLanguage":"es","potentialAction":[{"@type":"ReadAction","target":["https:\/\/www.celttv.com.ar\/index.php\/2020\/04\/22\/el-frente-de-todos-sobre-el-aislamiento-obligatorio\/"]}]},{"@type":"BreadcrumbList","@id":"https:\/\/www.celttv.com.ar\/index.php\/2020\/04\/22\/el-frente-de-todos-sobre-el-aislamiento-obligatorio\/#breadcrumb","itemListElement":[{"@type":"ListItem","position":1,"name":"Inicio","item":"https:\/\/www.celttv.com.ar\/"},{"@type":"ListItem","position":2,"name":"El Frente de Todos sobre el aislamiento obligatorio (Nota enviada al Intendente Municipal)"}]},{"@type":"WebSite","@id":"https:\/\/www.celttv.com.ar\/#website","url":"https:\/\/www.celttv.com.ar\/","name":"CELTTV","description":"Cooperativa El\u00e9ctrica de Tornquist","publisher":{"@id":"https:\/\/www.celttv.com.ar\/#organization"},"potentialAction":[{"@type":"SearchAction","target":{"@type":"EntryPoint","urlTemplate":"https:\/\/www.celttv.com.ar\/?s={search_term_string}"},"query-input":"required name=search_term_string"}],"inLanguage":"es"},{"@type":"Organization","@id":"https:\/\/www.celttv.com.ar\/#organization","name":"CELTTV","url":"https:\/\/www.celttv.com.ar\/","sameAs":["https:\/\/www.youtube.com\/channel\/UCz_oIt8Hig64Ub-EmcNPIhg","https:\/\/www.facebook.com\/celtTV\/"],"logo":{"@type":"ImageObject","inLanguage":"es","@id":"https:\/\/www.celttv.com.ar\/#\/schema\/logo\/image\/","url":"http:\/\/www.celttv.com.ar\/wp-content\/uploads\/2022\/08\/logo-1.png","contentUrl":"http:\/\/www.celttv.com.ar\/wp-content\/uploads\/2022\/08\/logo-1.png","width":461,"height":159,"caption":"CELTTV"},"image":{"@id":"https:\/\/www.celttv.com.ar\/#\/schema\/logo\/image\/"}},{"@type":"Person","@id":"https:\/\/www.celttv.com.ar\/#\/schema\/person\/6d99c072dba59953809c81446e9d0ace","name":"ulises","image":{"@type":"ImageObject","inLanguage":"es","@id":"https:\/\/www.celttv.com.ar\/#\/schema\/person\/image\/","url":"https:\/\/secure.gravatar.com\/avatar\/7f2c48bdc33b30088f941fb6082e555f2874c98e20cb159d7b92b50eadfce793?s=96&d=mm&r=g","contentUrl":"https:\/\/secure.gravatar.com\/avatar\/7f2c48bdc33b30088f941fb6082e555f2874c98e20cb159d7b92b50eadfce793?s=96&d=mm&r=g","caption":"ulises"},"sameAs":["http:\/\/www.celttv.com.ar"]}]}},"_links":{"self":[{"href":"https:\/\/www.celttv.com.ar\/index.php\/wp-json\/wp\/v2\/posts\/48568","targetHints":{"allow":["GET"]}}],"collection":[{"href":"https:\/\/www.celttv.com.ar\/index.php\/wp-json\/wp\/v2\/posts"}],"about":[{"href":"https:\/\/www.celttv.com.ar\/index.php\/wp-json\/wp\/v2\/types\/post"}],"author":[{"embeddable":true,"href":"https:\/\/www.celttv.com.ar\/index.php\/wp-json\/wp\/v2\/users\/1"}],"replies":[{"embeddable":true,"href":"https:\/\/www.celttv.com.ar\/index.php\/wp-json\/wp\/v2\/comments?post=48568"}],"version-history":[{"count":0,"href":"https:\/\/www.celttv.com.ar\/index.php\/wp-json\/wp\/v2\/posts\/48568\/revisions"}],"wp:featuredmedia":[{"embeddable":true,"href":"https:\/\/www.celttv.com.ar\/index.php\/wp-json\/wp\/v2\/media\/48570"}],"wp:attachment":[{"href":"https:\/\/www.celttv.com.ar\/index.php\/wp-json\/wp\/v2\/media?parent=48568"}],"wp:term":[{"taxonomy":"category","embeddable":true,"href":"https:\/\/www.celttv.com.ar\/index.php\/wp-json\/wp\/v2\/categories?post=48568"},{"taxonomy":"post_tag","embeddable":true,"href":"https:\/\/www.celttv.com.ar\/index.php\/wp-json\/wp\/v2\/tags?post=48568"}],"curies":[{"name":"wp","href":"https:\/\/api.w.org\/{rel}","templated":true}]}}