{"id":48572,"date":"2020-04-22T22:55:03","date_gmt":"2020-04-22T22:55:03","guid":{"rendered":"http:\/\/www.celttv.com.ar\/?p=48572"},"modified":"2020-04-22T22:55:03","modified_gmt":"2020-04-22T22:55:03","slug":"alerta-meteorologico-n1-para-el-sur-de-la-provincia-de-buenos-aires-por-tormentas-fuertes","status":"publish","type":"post","link":"https:\/\/www.celttv.com.ar\/index.php\/2020\/04\/22\/alerta-meteorologico-n1-para-el-sur-de-la-provincia-de-buenos-aires-por-tormentas-fuertes\/","title":{"rendered":"ALERTA METEOROLOGICO N\u00b01 PARA EL SUR DE LA PROVINCIA DE BUENOS AIRES POR TORMENTAS FUERTES"},"content":{"rendered":"<p>ALERTA METEOROLOGICO N\u00b01 PARA EL SUR DE LA PROVINCIA DE BUENOS AIRES POR TORMENTAS FUERTES.<br \/>\nSITUACI\u00d3N Y EVOLUCI\u00d3N: SE ESPERA QUE SOBRE LA REGI\u00d3N, ENTRE LA TARDE Y NOCHE DEL JUEVES 23, COMIENCEN A DESARROLLARSE \u00c1REAS DE LLUVIAS Y TORMENTAS, ALGUNAS LOCALMENTE FUERTES, ACOMPA\u00d1ADAS DE ABUNDANTE CA\u00cdDA DE AGUA EN CORTOS PER\u00cdODOS, FUERTE ACTIVIDAD EL\u00c9CTRICA, R\u00c1FAGAS Y CA\u00cdDA DE GRANIZO.<br \/>\nLAS CONDICIONES SE MANTENDR\u00c1N AL MENOS HASTA LA MADRUGADA DEL VIERNES 24.<br \/>\nFUENTE: SMN.<\/p>\n","protected":false},"excerpt":{"rendered":"<p>ALERTA METEOROLOGICO N\u00b01 PARA EL SUR DE LA PROVINCIA DE BUENOS AIRES POR TORMENTAS FUERTES. SITUACI\u00d3N Y EVOLUCI\u00d3N: SE ESPERA QUE SOBRE LA REGI\u00d3N, ENTRE LA TARDE Y NOCHE DEL JUEVES 23, COMIENCEN A DESARROLLARSE \u00c1REAS DE LLUVIAS Y TORMENTAS, ALGUNAS LOCALMENTE FUERTES, ACOMPA\u00d1ADAS DE ABUNDANTE CA\u00cdDA DE AGUA EN CORTOS PER\u00cdODOS, FUERTE ACTIVIDAD EL\u00c9CTRICA, [&hellip;]<\/p>\n","protected":false},"author":1,"featured_media":30696,"comment_status":"closed","ping_status":"open","sticky":false,"template":"","format":"standard","meta":{"footnotes":""},"categories":[51,52],"tags":[],"class_list":["post-48572","post","type-post","status-publish","format-standard","has-post-thumbnail","hentry","category-comunidad","category-destacadas"],"yoast_head":"<!-- This site is optimized with the Yoast SEO plugin v19.7.1 - https:\/\/yoast.com\/wordpress\/plugins\/seo\/ -->\n<title>ALERTA METEOROLOGICO N\u00b01 PARA EL SUR DE LA PROVINCIA DE BUENOS AIRES POR TORMENTAS FUERTES - CELTTV<\/title>\n<meta name=\"description\" content=\"Sitio web de noticias de la localidad de Tornquist, provincia de Buenos Aires, Rep\u00fablica Argentina. Contenido propio originado por periodistas de CELTTV, el canal de TV local de la Cooperativa El\u00e9ctrica de Tornquist. Turismo, Pol\u00edtica, Sociedad, Deporte, Cultura y todo el contenido de inter\u00e9s general que la gente del pueblo y la regi\u00f3n debe conocer.\" \/>\n<meta name=\"robots\" content=\"index, follow, max-snippet:-1, max-image-preview:large, max-video-preview:-1\" \/>\n<link rel=\"canonical\" href=\"https:\/\/www.celttv.com.ar\/index.php\/2020\/04\/22\/alerta-meteorologico-n1-para-el-sur-de-la-provincia-de-buenos-aires-por-tormentas-fuertes\/\" \/>\n<meta property=\"og:locale\" content=\"es_ES\" \/>\n<meta property=\"og:type\" content=\"article\" \/>\n<meta property=\"og:title\" content=\"ALERTA METEOROLOGICO N\u00b01 PARA EL SUR DE LA PROVINCIA DE BUENOS AIRES POR TORMENTAS FUERTES - CELTTV\" \/>\n<meta property=\"og:description\" content=\"Sitio web de noticias de la localidad de Tornquist, provincia de Buenos Aires, Rep\u00fablica Argentina. Contenido propio originado por periodistas de CELTTV, el canal de TV local de la Cooperativa El\u00e9ctrica de Tornquist. Turismo, Pol\u00edtica, Sociedad, Deporte, Cultura y todo el contenido de inter\u00e9s general que la gente del pueblo y la regi\u00f3n debe conocer.\" \/>\n<meta property=\"og:url\" content=\"https:\/\/www.celttv.com.ar\/index.php\/2020\/04\/22\/alerta-meteorologico-n1-para-el-sur-de-la-provincia-de-buenos-aires-por-tormentas-fuertes\/\" \/>\n<meta property=\"og:site_name\" content=\"CELTTV\" \/>\n<meta property=\"article:publisher\" content=\"https:\/\/www.facebook.com\/celtTV\/\" \/>\n<meta property=\"article:published_time\" content=\"2020-04-22T22:55:03+00:00\" \/>\n<meta property=\"og:image\" content=\"https:\/\/www.celttv.com.ar\/wp-content\/uploads\/2016\/02\/alerta.jpg\" \/>\n\t<meta property=\"og:image:width\" content=\"1024\" \/>\n\t<meta property=\"og:image:height\" content=\"768\" \/>\n\t<meta property=\"og:image:type\" content=\"image\/jpeg\" \/>\n<meta name=\"author\" content=\"ulises\" \/>\n<meta name=\"twitter:card\" content=\"summary_large_image\" \/>\n<meta name=\"twitter:label1\" content=\"Escrito por\" \/>\n\t<meta name=\"twitter:data1\" content=\"ulises\" \/>\n<script type=\"application\/ld+json\" class=\"yoast-schema-graph\">{\"@context\":\"https:\/\/schema.org\",\"@graph\":[{\"@type\":\"NewsArticle\",\"@id\":\"https:\/\/www.celttv.com.ar\/index.php\/2020\/04\/22\/alerta-meteorologico-n1-para-el-sur-de-la-provincia-de-buenos-aires-por-tormentas-fuertes\/#article\",\"isPartOf\":{\"@id\":\"https:\/\/www.celttv.com.ar\/index.php\/2020\/04\/22\/alerta-meteorologico-n1-para-el-sur-de-la-provincia-de-buenos-aires-por-tormentas-fuertes\/\"},\"author\":{\"name\":\"ulises\",\"@id\":\"https:\/\/www.celttv.com.ar\/#\/schema\/person\/6d99c072dba59953809c81446e9d0ace\"},\"headline\":\"ALERTA METEOROLOGICO N\u00b01 PARA EL SUR DE LA PROVINCIA DE BUENOS AIRES POR TORMENTAS FUERTES\",\"datePublished\":\"2020-04-22T22:55:03+00:00\",\"dateModified\":\"2020-04-22T22:55:03+00:00\",\"mainEntityOfPage\":{\"@id\":\"https:\/\/www.celttv.com.ar\/index.php\/2020\/04\/22\/alerta-meteorologico-n1-para-el-sur-de-la-provincia-de-buenos-aires-por-tormentas-fuertes\/\"},\"wordCount\":97,\"publisher\":{\"@id\":\"https:\/\/www.celttv.com.ar\/#organization\"},\"articleSection\":[\"Comunidad\",\"Destacadas\"],\"inLanguage\":\"es\"},{\"@type\":\"WebPage\",\"@id\":\"https:\/\/www.celttv.com.ar\/index.php\/2020\/04\/22\/alerta-meteorologico-n1-para-el-sur-de-la-provincia-de-buenos-aires-por-tormentas-fuertes\/\",\"url\":\"https:\/\/www.celttv.com.ar\/index.php\/2020\/04\/22\/alerta-meteorologico-n1-para-el-sur-de-la-provincia-de-buenos-aires-por-tormentas-fuertes\/\",\"name\":\"ALERTA METEOROLOGICO N\u00b01 PARA EL SUR DE LA PROVINCIA DE BUENOS AIRES POR TORMENTAS FUERTES - CELTTV\",\"isPartOf\":{\"@id\":\"https:\/\/www.celttv.com.ar\/#website\"},\"datePublished\":\"2020-04-22T22:55:03+00:00\",\"dateModified\":\"2020-04-22T22:55:03+00:00\",\"description\":\"Sitio web de noticias de la localidad de Tornquist, provincia de Buenos Aires, Rep\u00fablica Argentina. Contenido propio originado por periodistas de CELTTV, el canal de TV local de la Cooperativa El\u00e9ctrica de Tornquist. Turismo, Pol\u00edtica, Sociedad, Deporte, Cultura y todo el contenido de inter\u00e9s general que la gente del pueblo y la regi\u00f3n debe conocer.\",\"breadcrumb\":{\"@id\":\"https:\/\/www.celttv.com.ar\/index.php\/2020\/04\/22\/alerta-meteorologico-n1-para-el-sur-de-la-provincia-de-buenos-aires-por-tormentas-fuertes\/#breadcrumb\"},\"inLanguage\":\"es\",\"potentialAction\":[{\"@type\":\"ReadAction\",\"target\":[\"https:\/\/www.celttv.com.ar\/index.php\/2020\/04\/22\/alerta-meteorologico-n1-para-el-sur-de-la-provincia-de-buenos-aires-por-tormentas-fuertes\/\"]}]},{\"@type\":\"BreadcrumbList\",\"@id\":\"https:\/\/www.celttv.com.ar\/index.php\/2020\/04\/22\/alerta-meteorologico-n1-para-el-sur-de-la-provincia-de-buenos-aires-por-tormentas-fuertes\/#breadcrumb\",\"itemListElement\":[{\"@type\":\"ListItem\",\"position\":1,\"name\":\"Inicio\",\"item\":\"https:\/\/www.celttv.com.ar\/\"},{\"@type\":\"ListItem\",\"position\":2,\"name\":\"ALERTA METEOROLOGICO N\u00b01 PARA EL SUR DE LA PROVINCIA DE BUENOS AIRES POR TORMENTAS FUERTES\"}]},{\"@type\":\"WebSite\",\"@id\":\"https:\/\/www.celttv.com.ar\/#website\",\"url\":\"https:\/\/www.celttv.com.ar\/\",\"name\":\"CELTTV\",\"description\":\"Cooperativa El\u00e9ctrica de Tornquist\",\"publisher\":{\"@id\":\"https:\/\/www.celttv.com.ar\/#organization\"},\"potentialAction\":[{\"@type\":\"SearchAction\",\"target\":{\"@type\":\"EntryPoint\",\"urlTemplate\":\"https:\/\/www.celttv.com.ar\/?s={search_term_string}\"},\"query-input\":\"required name=search_term_string\"}],\"inLanguage\":\"es\"},{\"@type\":\"Organization\",\"@id\":\"https:\/\/www.celttv.com.ar\/#organization\",\"name\":\"CELTTV\",\"url\":\"https:\/\/www.celttv.com.ar\/\",\"sameAs\":[\"https:\/\/www.youtube.com\/channel\/UCz_oIt8Hig64Ub-EmcNPIhg\",\"https:\/\/www.facebook.com\/celtTV\/\"],\"logo\":{\"@type\":\"ImageObject\",\"inLanguage\":\"es\",\"@id\":\"https:\/\/www.celttv.com.ar\/#\/schema\/logo\/image\/\",\"url\":\"http:\/\/www.celttv.com.ar\/wp-content\/uploads\/2022\/08\/logo-1.png\",\"contentUrl\":\"http:\/\/www.celttv.com.ar\/wp-content\/uploads\/2022\/08\/logo-1.png\",\"width\":461,\"height\":159,\"caption\":\"CELTTV\"},\"image\":{\"@id\":\"https:\/\/www.celttv.com.ar\/#\/schema\/logo\/image\/\"}},{\"@type\":\"Person\",\"@id\":\"https:\/\/www.celttv.com.ar\/#\/schema\/person\/6d99c072dba59953809c81446e9d0ace\",\"name\":\"ulises\",\"image\":{\"@type\":\"ImageObject\",\"inLanguage\":\"es\",\"@id\":\"https:\/\/www.celttv.com.ar\/#\/schema\/person\/image\/\",\"url\":\"https:\/\/secure.gravatar.com\/avatar\/7f2c48bdc33b30088f941fb6082e555f2874c98e20cb159d7b92b50eadfce793?s=96&d=mm&r=g\",\"contentUrl\":\"https:\/\/secure.gravatar.com\/avatar\/7f2c48bdc33b30088f941fb6082e555f2874c98e20cb159d7b92b50eadfce793?s=96&d=mm&r=g\",\"caption\":\"ulises\"},\"sameAs\":[\"http:\/\/www.celttv.com.ar\"]}]}<\/script>\n<!-- \/ Yoast SEO plugin. -->","yoast_head_json":{"title":"ALERTA METEOROLOGICO N\u00b01 PARA EL SUR DE LA PROVINCIA DE BUENOS AIRES POR TORMENTAS FUERTES - CELTTV","description":"Sitio web de noticias de la localidad de Tornquist, provincia de Buenos Aires, Rep\u00fablica Argentina. Contenido propio originado por periodistas de CELTTV, el canal de TV local de la Cooperativa El\u00e9ctrica de Tornquist. Turismo, Pol\u00edtica, Sociedad, Deporte, Cultura y todo el contenido de inter\u00e9s general que la gente del pueblo y la regi\u00f3n debe conocer.","robots":{"index":"index","follow":"follow","max-snippet":"max-snippet:-1","max-image-preview":"max-image-preview:large","max-video-preview":"max-video-preview:-1"},"canonical":"https:\/\/www.celttv.com.ar\/index.php\/2020\/04\/22\/alerta-meteorologico-n1-para-el-sur-de-la-provincia-de-buenos-aires-por-tormentas-fuertes\/","og_locale":"es_ES","og_type":"article","og_title":"ALERTA METEOROLOGICO N\u00b01 PARA EL SUR DE LA PROVINCIA DE BUENOS AIRES POR TORMENTAS FUERTES - CELTTV","og_description":"Sitio web de noticias de la localidad de Tornquist, provincia de Buenos Aires, Rep\u00fablica Argentina. Contenido propio originado por periodistas de CELTTV, el canal de TV local de la Cooperativa El\u00e9ctrica de Tornquist. Turismo, Pol\u00edtica, Sociedad, Deporte, Cultura y todo el contenido de inter\u00e9s general que la gente del pueblo y la regi\u00f3n debe conocer.","og_url":"https:\/\/www.celttv.com.ar\/index.php\/2020\/04\/22\/alerta-meteorologico-n1-para-el-sur-de-la-provincia-de-buenos-aires-por-tormentas-fuertes\/","og_site_name":"CELTTV","article_publisher":"https:\/\/www.facebook.com\/celtTV\/","article_published_time":"2020-04-22T22:55:03+00:00","og_image":[{"width":1024,"height":768,"url":"https:\/\/www.celttv.com.ar\/wp-content\/uploads\/2016\/02\/alerta.jpg","type":"image\/jpeg"}],"author":"ulises","twitter_card":"summary_large_image","twitter_misc":{"Escrito por":"ulises"},"schema":{"@context":"https:\/\/schema.org","@graph":[{"@type":"NewsArticle","@id":"https:\/\/www.celttv.com.ar\/index.php\/2020\/04\/22\/alerta-meteorologico-n1-para-el-sur-de-la-provincia-de-buenos-aires-por-tormentas-fuertes\/#article","isPartOf":{"@id":"https:\/\/www.celttv.com.ar\/index.php\/2020\/04\/22\/alerta-meteorologico-n1-para-el-sur-de-la-provincia-de-buenos-aires-por-tormentas-fuertes\/"},"author":{"name":"ulises","@id":"https:\/\/www.celttv.com.ar\/#\/schema\/person\/6d99c072dba59953809c81446e9d0ace"},"headline":"ALERTA METEOROLOGICO N\u00b01 PARA EL SUR DE LA PROVINCIA DE BUENOS AIRES POR TORMENTAS FUERTES","datePublished":"2020-04-22T22:55:03+00:00","dateModified":"2020-04-22T22:55:03+00:00","mainEntityOfPage":{"@id":"https:\/\/www.celttv.com.ar\/index.php\/2020\/04\/22\/alerta-meteorologico-n1-para-el-sur-de-la-provincia-de-buenos-aires-por-tormentas-fuertes\/"},"wordCount":97,"publisher":{"@id":"https:\/\/www.celttv.com.ar\/#organization"},"articleSection":["Comunidad","Destacadas"],"inLanguage":"es"},{"@type":"WebPage","@id":"https:\/\/www.celttv.com.ar\/index.php\/2020\/04\/22\/alerta-meteorologico-n1-para-el-sur-de-la-provincia-de-buenos-aires-por-tormentas-fuertes\/","url":"https:\/\/www.celttv.com.ar\/index.php\/2020\/04\/22\/alerta-meteorologico-n1-para-el-sur-de-la-provincia-de-buenos-aires-por-tormentas-fuertes\/","name":"ALERTA METEOROLOGICO N\u00b01 PARA EL SUR DE LA PROVINCIA DE BUENOS AIRES POR TORMENTAS FUERTES - CELTTV","isPartOf":{"@id":"https:\/\/www.celttv.com.ar\/#website"},"datePublished":"2020-04-22T22:55:03+00:00","dateModified":"2020-04-22T22:55:03+00:00","description":"Sitio web de noticias de la localidad de Tornquist, provincia de Buenos Aires, Rep\u00fablica Argentina. Contenido propio originado por periodistas de CELTTV, el canal de TV local de la Cooperativa El\u00e9ctrica de Tornquist. Turismo, Pol\u00edtica, Sociedad, Deporte, Cultura y todo el contenido de inter\u00e9s general que la gente del pueblo y la regi\u00f3n debe conocer.","breadcrumb":{"@id":"https:\/\/www.celttv.com.ar\/index.php\/2020\/04\/22\/alerta-meteorologico-n1-para-el-sur-de-la-provincia-de-buenos-aires-por-tormentas-fuertes\/#breadcrumb"},"inLanguage":"es","potentialAction":[{"@type":"ReadAction","target":["https:\/\/www.celttv.com.ar\/index.php\/2020\/04\/22\/alerta-meteorologico-n1-para-el-sur-de-la-provincia-de-buenos-aires-por-tormentas-fuertes\/"]}]},{"@type":"BreadcrumbList","@id":"https:\/\/www.celttv.com.ar\/index.php\/2020\/04\/22\/alerta-meteorologico-n1-para-el-sur-de-la-provincia-de-buenos-aires-por-tormentas-fuertes\/#breadcrumb","itemListElement":[{"@type":"ListItem","position":1,"name":"Inicio","item":"https:\/\/www.celttv.com.ar\/"},{"@type":"ListItem","position":2,"name":"ALERTA METEOROLOGICO N\u00b01 PARA EL SUR DE LA PROVINCIA DE BUENOS AIRES POR TORMENTAS FUERTES"}]},{"@type":"WebSite","@id":"https:\/\/www.celttv.com.ar\/#website","url":"https:\/\/www.celttv.com.ar\/","name":"CELTTV","description":"Cooperativa El\u00e9ctrica de Tornquist","publisher":{"@id":"https:\/\/www.celttv.com.ar\/#organization"},"potentialAction":[{"@type":"SearchAction","target":{"@type":"EntryPoint","urlTemplate":"https:\/\/www.celttv.com.ar\/?s={search_term_string}"},"query-input":"required name=search_term_string"}],"inLanguage":"es"},{"@type":"Organization","@id":"https:\/\/www.celttv.com.ar\/#organization","name":"CELTTV","url":"https:\/\/www.celttv.com.ar\/","sameAs":["https:\/\/www.youtube.com\/channel\/UCz_oIt8Hig64Ub-EmcNPIhg","https:\/\/www.facebook.com\/celtTV\/"],"logo":{"@type":"ImageObject","inLanguage":"es","@id":"https:\/\/www.celttv.com.ar\/#\/schema\/logo\/image\/","url":"http:\/\/www.celttv.com.ar\/wp-content\/uploads\/2022\/08\/logo-1.png","contentUrl":"http:\/\/www.celttv.com.ar\/wp-content\/uploads\/2022\/08\/logo-1.png","width":461,"height":159,"caption":"CELTTV"},"image":{"@id":"https:\/\/www.celttv.com.ar\/#\/schema\/logo\/image\/"}},{"@type":"Person","@id":"https:\/\/www.celttv.com.ar\/#\/schema\/person\/6d99c072dba59953809c81446e9d0ace","name":"ulises","image":{"@type":"ImageObject","inLanguage":"es","@id":"https:\/\/www.celttv.com.ar\/#\/schema\/person\/image\/","url":"https:\/\/secure.gravatar.com\/avatar\/7f2c48bdc33b30088f941fb6082e555f2874c98e20cb159d7b92b50eadfce793?s=96&d=mm&r=g","contentUrl":"https:\/\/secure.gravatar.com\/avatar\/7f2c48bdc33b30088f941fb6082e555f2874c98e20cb159d7b92b50eadfce793?s=96&d=mm&r=g","caption":"ulises"},"sameAs":["http:\/\/www.celttv.com.ar"]}]}},"_links":{"self":[{"href":"https:\/\/www.celttv.com.ar\/index.php\/wp-json\/wp\/v2\/posts\/48572","targetHints":{"allow":["GET"]}}],"collection":[{"href":"https:\/\/www.celttv.com.ar\/index.php\/wp-json\/wp\/v2\/posts"}],"about":[{"href":"https:\/\/www.celttv.com.ar\/index.php\/wp-json\/wp\/v2\/types\/post"}],"author":[{"embeddable":true,"href":"https:\/\/www.celttv.com.ar\/index.php\/wp-json\/wp\/v2\/users\/1"}],"replies":[{"embeddable":true,"href":"https:\/\/www.celttv.com.ar\/index.php\/wp-json\/wp\/v2\/comments?post=48572"}],"version-history":[{"count":0,"href":"https:\/\/www.celttv.com.ar\/index.php\/wp-json\/wp\/v2\/posts\/48572\/revisions"}],"wp:featuredmedia":[{"embeddable":true,"href":"https:\/\/www.celttv.com.ar\/index.php\/wp-json\/wp\/v2\/media\/30696"}],"wp:attachment":[{"href":"https:\/\/www.celttv.com.ar\/index.php\/wp-json\/wp\/v2\/media?parent=48572"}],"wp:term":[{"taxonomy":"category","embeddable":true,"href":"https:\/\/www.celttv.com.ar\/index.php\/wp-json\/wp\/v2\/categories?post=48572"},{"taxonomy":"post_tag","embeddable":true,"href":"https:\/\/www.celttv.com.ar\/index.php\/wp-json\/wp\/v2\/tags?post=48572"}],"curies":[{"name":"wp","href":"https:\/\/api.w.org\/{rel}","templated":true}]}}