{"id":48581,"date":"2020-04-23T15:56:09","date_gmt":"2020-04-23T15:56:09","guid":{"rendered":"http:\/\/www.celttv.com.ar\/?p=48581"},"modified":"2020-04-23T15:56:09","modified_gmt":"2020-04-23T15:56:09","slug":"la-secretaria-de-produccion-destaca-a-la-cerveceria-lobo-negra","status":"publish","type":"post","link":"https:\/\/www.celttv.com.ar\/index.php\/2020\/04\/23\/la-secretaria-de-produccion-destaca-a-la-cerveceria-lobo-negra\/","title":{"rendered":"La Secretar\u00eda de Producci\u00f3n destaca a la Cervecer\u00eda Lobo Negra"},"content":{"rendered":"<p>La Secretar\u00eda de Turismo, Producci\u00f3n, Comercio e Industria desea destacar a la Cervecer\u00eda Lobo Negro, que frente a la pandemia de Covid-19, y ante la imposibilidad de seguir elaborando sus productos, decidi\u00f3 adaptar su producci\u00f3n para hacer frente a este virus.<\/p>\n<p>Desde la determinaci\u00f3n del aislamiento social, preventivo y obligatorio, Marcelo Cachorro, due\u00f1o de este emprendimiento, comenz\u00f3 a adaptar su f\u00e1brica para ayudar y abastecer a los distintos centros de salud del distrito. Lobo Negro, logr\u00f3 destilar alcohol al 70%, producto dif\u00edcil de conseguir en estos momentos.<\/p>\n<p>Desde la cartera, alentamos este tipo de producciones locales, que resignificany fortalecen los sectores productivos del distrito, y las econ\u00f3micas regionales.<\/p>\n<p><a href=\"http:\/\/www.celttv.com.ar\/?attachment_id=48582\" rel=\"attachment wp-att-48582\"><img loading=\"lazy\" decoding=\"async\" class=\"alignleft size-full wp-image-48582\" src=\"http:\/\/www.celttv.com.ar\/wp-content\/uploads\/2020\/04\/WhatsApp-Image-2020-04-23-at-08.57.38.jpeg\" alt=\"\" width=\"1280\" height=\"958\" srcset=\"https:\/\/www.celttv.com.ar\/wp-content\/uploads\/2020\/04\/WhatsApp-Image-2020-04-23-at-08.57.38.jpeg 1280w, https:\/\/www.celttv.com.ar\/wp-content\/uploads\/2020\/04\/WhatsApp-Image-2020-04-23-at-08.57.38-300x225.jpeg 300w, https:\/\/www.celttv.com.ar\/wp-content\/uploads\/2020\/04\/WhatsApp-Image-2020-04-23-at-08.57.38-1024x766.jpeg 1024w, https:\/\/www.celttv.com.ar\/wp-content\/uploads\/2020\/04\/WhatsApp-Image-2020-04-23-at-08.57.38-768x575.jpeg 768w, https:\/\/www.celttv.com.ar\/wp-content\/uploads\/2020\/04\/WhatsApp-Image-2020-04-23-at-08.57.38-750x561.jpeg 750w, https:\/\/www.celttv.com.ar\/wp-content\/uploads\/2020\/04\/WhatsApp-Image-2020-04-23-at-08.57.38-1140x853.jpeg 1140w\" sizes=\"auto, (max-width: 1280px) 100vw, 1280px\" \/><\/a> <a href=\"http:\/\/www.celttv.com.ar\/?attachment_id=48583\" rel=\"attachment wp-att-48583\"><img loading=\"lazy\" decoding=\"async\" class=\"alignleft size-medium wp-image-48583\" src=\"http:\/\/www.celttv.com.ar\/wp-content\/uploads\/2020\/04\/WhatsApp-Image-2020-04-23-at-08.57.39-1.jpeg\" alt=\"\" width=\"780\" height=\"584\" srcset=\"https:\/\/www.celttv.com.ar\/wp-content\/uploads\/2020\/04\/WhatsApp-Image-2020-04-23-at-08.57.39-1.jpeg 1280w, https:\/\/www.celttv.com.ar\/wp-content\/uploads\/2020\/04\/WhatsApp-Image-2020-04-23-at-08.57.39-1-300x225.jpeg 300w, https:\/\/www.celttv.com.ar\/wp-content\/uploads\/2020\/04\/WhatsApp-Image-2020-04-23-at-08.57.39-1-1024x766.jpeg 1024w, https:\/\/www.celttv.com.ar\/wp-content\/uploads\/2020\/04\/WhatsApp-Image-2020-04-23-at-08.57.39-1-768x575.jpeg 768w, https:\/\/www.celttv.com.ar\/wp-content\/uploads\/2020\/04\/WhatsApp-Image-2020-04-23-at-08.57.39-1-750x561.jpeg 750w, https:\/\/www.celttv.com.ar\/wp-content\/uploads\/2020\/04\/WhatsApp-Image-2020-04-23-at-08.57.39-1-1140x853.jpeg 1140w\" sizes=\"auto, (max-width: 780px) 100vw, 780px\" \/><\/a> <a href=\"http:\/\/www.celttv.com.ar\/?attachment_id=48584\" rel=\"attachment wp-att-48584\"><img loading=\"lazy\" decoding=\"async\" class=\"alignleft size-medium wp-image-48584\" src=\"http:\/\/www.celttv.com.ar\/wp-content\/uploads\/2020\/04\/WhatsApp-Image-2020-04-23-at-08.57.39-2.jpeg\" alt=\"\" width=\"780\" height=\"584\" srcset=\"https:\/\/www.celttv.com.ar\/wp-content\/uploads\/2020\/04\/WhatsApp-Image-2020-04-23-at-08.57.39-2.jpeg 1280w, https:\/\/www.celttv.com.ar\/wp-content\/uploads\/2020\/04\/WhatsApp-Image-2020-04-23-at-08.57.39-2-300x225.jpeg 300w, https:\/\/www.celttv.com.ar\/wp-content\/uploads\/2020\/04\/WhatsApp-Image-2020-04-23-at-08.57.39-2-1024x766.jpeg 1024w, https:\/\/www.celttv.com.ar\/wp-content\/uploads\/2020\/04\/WhatsApp-Image-2020-04-23-at-08.57.39-2-768x575.jpeg 768w, https:\/\/www.celttv.com.ar\/wp-content\/uploads\/2020\/04\/WhatsApp-Image-2020-04-23-at-08.57.39-2-750x561.jpeg 750w, https:\/\/www.celttv.com.ar\/wp-content\/uploads\/2020\/04\/WhatsApp-Image-2020-04-23-at-08.57.39-2-1140x853.jpeg 1140w\" sizes=\"auto, (max-width: 780px) 100vw, 780px\" \/><\/a> <a href=\"http:\/\/www.celttv.com.ar\/?attachment_id=48585\" rel=\"attachment wp-att-48585\"><img loading=\"lazy\" decoding=\"async\" class=\"alignleft size-medium wp-image-48585\" src=\"http:\/\/www.celttv.com.ar\/wp-content\/uploads\/2020\/04\/WhatsApp-Image-2020-04-23-at-08.57.39.jpeg\" alt=\"\" width=\"780\" height=\"585\" srcset=\"https:\/\/www.celttv.com.ar\/wp-content\/uploads\/2020\/04\/WhatsApp-Image-2020-04-23-at-08.57.39.jpeg 1280w, https:\/\/www.celttv.com.ar\/wp-content\/uploads\/2020\/04\/WhatsApp-Image-2020-04-23-at-08.57.39-300x225.jpeg 300w, https:\/\/www.celttv.com.ar\/wp-content\/uploads\/2020\/04\/WhatsApp-Image-2020-04-23-at-08.57.39-1024x768.jpeg 1024w, https:\/\/www.celttv.com.ar\/wp-content\/uploads\/2020\/04\/WhatsApp-Image-2020-04-23-at-08.57.39-768x576.jpeg 768w, https:\/\/www.celttv.com.ar\/wp-content\/uploads\/2020\/04\/WhatsApp-Image-2020-04-23-at-08.57.39-750x563.jpeg 750w, https:\/\/www.celttv.com.ar\/wp-content\/uploads\/2020\/04\/WhatsApp-Image-2020-04-23-at-08.57.39-1140x855.jpeg 1140w\" sizes=\"auto, (max-width: 780px) 100vw, 780px\" \/><\/a><\/p>\n<p>&nbsp;<\/p>\n","protected":false},"excerpt":{"rendered":"<p>La Secretar\u00eda de Turismo, Producci\u00f3n, Comercio e Industria desea destacar a la Cervecer\u00eda Lobo Negro, que frente a la pandemia de Covid-19, y ante la imposibilidad de seguir elaborando sus productos, decidi\u00f3 adaptar su producci\u00f3n para hacer frente a este virus. Desde la determinaci\u00f3n del aislamiento social, preventivo y obligatorio, Marcelo Cachorro, due\u00f1o de este [&hellip;]<\/p>\n","protected":false},"author":1,"featured_media":48585,"comment_status":"closed","ping_status":"open","sticky":false,"template":"","format":"standard","meta":{"footnotes":""},"categories":[51,52],"tags":[],"class_list":["post-48581","post","type-post","status-publish","format-standard","has-post-thumbnail","hentry","category-comunidad","category-destacadas"],"yoast_head":"<!-- This site is optimized with the Yoast SEO plugin v19.7.1 - https:\/\/yoast.com\/wordpress\/plugins\/seo\/ -->\n<title>La Secretar\u00eda de Producci\u00f3n destaca a la Cervecer\u00eda Lobo Negra - CELTTV<\/title>\n<meta name=\"description\" content=\"Sitio web de noticias de la localidad de Tornquist, provincia de Buenos Aires, Rep\u00fablica Argentina. Contenido propio originado por periodistas de CELTTV, el canal de TV local de la Cooperativa El\u00e9ctrica de Tornquist. Turismo, Pol\u00edtica, Sociedad, Deporte, Cultura y todo el contenido de inter\u00e9s general que la gente del pueblo y la regi\u00f3n debe conocer.\" \/>\n<meta name=\"robots\" content=\"index, follow, max-snippet:-1, max-image-preview:large, max-video-preview:-1\" \/>\n<link rel=\"canonical\" href=\"https:\/\/www.celttv.com.ar\/index.php\/2020\/04\/23\/la-secretaria-de-produccion-destaca-a-la-cerveceria-lobo-negra\/\" \/>\n<meta property=\"og:locale\" content=\"es_ES\" \/>\n<meta property=\"og:type\" content=\"article\" \/>\n<meta property=\"og:title\" content=\"La Secretar\u00eda de Producci\u00f3n destaca a la Cervecer\u00eda Lobo Negra - CELTTV\" \/>\n<meta property=\"og:description\" content=\"Sitio web de noticias de la localidad de Tornquist, provincia de Buenos Aires, Rep\u00fablica Argentina. Contenido propio originado por periodistas de CELTTV, el canal de TV local de la Cooperativa El\u00e9ctrica de Tornquist. Turismo, Pol\u00edtica, Sociedad, Deporte, Cultura y todo el contenido de inter\u00e9s general que la gente del pueblo y la regi\u00f3n debe conocer.\" \/>\n<meta property=\"og:url\" content=\"https:\/\/www.celttv.com.ar\/index.php\/2020\/04\/23\/la-secretaria-de-produccion-destaca-a-la-cerveceria-lobo-negra\/\" \/>\n<meta property=\"og:site_name\" content=\"CELTTV\" \/>\n<meta property=\"article:publisher\" content=\"https:\/\/www.facebook.com\/celtTV\/\" \/>\n<meta property=\"article:published_time\" content=\"2020-04-23T15:56:09+00:00\" \/>\n<meta property=\"og:image\" content=\"https:\/\/www.celttv.com.ar\/wp-content\/uploads\/2020\/04\/WhatsApp-Image-2020-04-23-at-08.57.39.jpeg\" \/>\n\t<meta property=\"og:image:width\" content=\"1280\" \/>\n\t<meta property=\"og:image:height\" content=\"960\" \/>\n\t<meta property=\"og:image:type\" content=\"image\/jpeg\" \/>\n<meta name=\"author\" content=\"ulises\" \/>\n<meta name=\"twitter:card\" content=\"summary_large_image\" \/>\n<meta name=\"twitter:label1\" content=\"Escrito por\" \/>\n\t<meta name=\"twitter:data1\" content=\"ulises\" \/>\n\t<meta name=\"twitter:label2\" content=\"Tiempo de lectura\" \/>\n\t<meta name=\"twitter:data2\" content=\"1 minuto\" \/>\n<script type=\"application\/ld+json\" class=\"yoast-schema-graph\">{\"@context\":\"https:\/\/schema.org\",\"@graph\":[{\"@type\":\"NewsArticle\",\"@id\":\"https:\/\/www.celttv.com.ar\/index.php\/2020\/04\/23\/la-secretaria-de-produccion-destaca-a-la-cerveceria-lobo-negra\/#article\",\"isPartOf\":{\"@id\":\"https:\/\/www.celttv.com.ar\/index.php\/2020\/04\/23\/la-secretaria-de-produccion-destaca-a-la-cerveceria-lobo-negra\/\"},\"author\":{\"name\":\"ulises\",\"@id\":\"https:\/\/www.celttv.com.ar\/#\/schema\/person\/6d99c072dba59953809c81446e9d0ace\"},\"headline\":\"La Secretar\u00eda de Producci\u00f3n destaca a la Cervecer\u00eda Lobo Negra\",\"datePublished\":\"2020-04-23T15:56:09+00:00\",\"dateModified\":\"2020-04-23T15:56:09+00:00\",\"mainEntityOfPage\":{\"@id\":\"https:\/\/www.celttv.com.ar\/index.php\/2020\/04\/23\/la-secretaria-de-produccion-destaca-a-la-cerveceria-lobo-negra\/\"},\"wordCount\":130,\"publisher\":{\"@id\":\"https:\/\/www.celttv.com.ar\/#organization\"},\"articleSection\":[\"Comunidad\",\"Destacadas\"],\"inLanguage\":\"es\"},{\"@type\":\"WebPage\",\"@id\":\"https:\/\/www.celttv.com.ar\/index.php\/2020\/04\/23\/la-secretaria-de-produccion-destaca-a-la-cerveceria-lobo-negra\/\",\"url\":\"https:\/\/www.celttv.com.ar\/index.php\/2020\/04\/23\/la-secretaria-de-produccion-destaca-a-la-cerveceria-lobo-negra\/\",\"name\":\"La Secretar\u00eda de Producci\u00f3n destaca a la Cervecer\u00eda Lobo Negra - CELTTV\",\"isPartOf\":{\"@id\":\"https:\/\/www.celttv.com.ar\/#website\"},\"datePublished\":\"2020-04-23T15:56:09+00:00\",\"dateModified\":\"2020-04-23T15:56:09+00:00\",\"description\":\"Sitio web de noticias de la localidad de Tornquist, provincia de Buenos Aires, Rep\u00fablica Argentina. Contenido propio originado por periodistas de CELTTV, el canal de TV local de la Cooperativa El\u00e9ctrica de Tornquist. Turismo, Pol\u00edtica, Sociedad, Deporte, Cultura y todo el contenido de inter\u00e9s general que la gente del pueblo y la regi\u00f3n debe conocer.\",\"breadcrumb\":{\"@id\":\"https:\/\/www.celttv.com.ar\/index.php\/2020\/04\/23\/la-secretaria-de-produccion-destaca-a-la-cerveceria-lobo-negra\/#breadcrumb\"},\"inLanguage\":\"es\",\"potentialAction\":[{\"@type\":\"ReadAction\",\"target\":[\"https:\/\/www.celttv.com.ar\/index.php\/2020\/04\/23\/la-secretaria-de-produccion-destaca-a-la-cerveceria-lobo-negra\/\"]}]},{\"@type\":\"BreadcrumbList\",\"@id\":\"https:\/\/www.celttv.com.ar\/index.php\/2020\/04\/23\/la-secretaria-de-produccion-destaca-a-la-cerveceria-lobo-negra\/#breadcrumb\",\"itemListElement\":[{\"@type\":\"ListItem\",\"position\":1,\"name\":\"Inicio\",\"item\":\"https:\/\/www.celttv.com.ar\/\"},{\"@type\":\"ListItem\",\"position\":2,\"name\":\"La Secretar\u00eda de Producci\u00f3n destaca a la Cervecer\u00eda Lobo Negra\"}]},{\"@type\":\"WebSite\",\"@id\":\"https:\/\/www.celttv.com.ar\/#website\",\"url\":\"https:\/\/www.celttv.com.ar\/\",\"name\":\"CELTTV\",\"description\":\"Cooperativa El\u00e9ctrica de Tornquist\",\"publisher\":{\"@id\":\"https:\/\/www.celttv.com.ar\/#organization\"},\"potentialAction\":[{\"@type\":\"SearchAction\",\"target\":{\"@type\":\"EntryPoint\",\"urlTemplate\":\"https:\/\/www.celttv.com.ar\/?s={search_term_string}\"},\"query-input\":\"required name=search_term_string\"}],\"inLanguage\":\"es\"},{\"@type\":\"Organization\",\"@id\":\"https:\/\/www.celttv.com.ar\/#organization\",\"name\":\"CELTTV\",\"url\":\"https:\/\/www.celttv.com.ar\/\",\"sameAs\":[\"https:\/\/www.youtube.com\/channel\/UCz_oIt8Hig64Ub-EmcNPIhg\",\"https:\/\/www.facebook.com\/celtTV\/\"],\"logo\":{\"@type\":\"ImageObject\",\"inLanguage\":\"es\",\"@id\":\"https:\/\/www.celttv.com.ar\/#\/schema\/logo\/image\/\",\"url\":\"http:\/\/www.celttv.com.ar\/wp-content\/uploads\/2022\/08\/logo-1.png\",\"contentUrl\":\"http:\/\/www.celttv.com.ar\/wp-content\/uploads\/2022\/08\/logo-1.png\",\"width\":461,\"height\":159,\"caption\":\"CELTTV\"},\"image\":{\"@id\":\"https:\/\/www.celttv.com.ar\/#\/schema\/logo\/image\/\"}},{\"@type\":\"Person\",\"@id\":\"https:\/\/www.celttv.com.ar\/#\/schema\/person\/6d99c072dba59953809c81446e9d0ace\",\"name\":\"ulises\",\"image\":{\"@type\":\"ImageObject\",\"inLanguage\":\"es\",\"@id\":\"https:\/\/www.celttv.com.ar\/#\/schema\/person\/image\/\",\"url\":\"https:\/\/secure.gravatar.com\/avatar\/7f2c48bdc33b30088f941fb6082e555f2874c98e20cb159d7b92b50eadfce793?s=96&d=mm&r=g\",\"contentUrl\":\"https:\/\/secure.gravatar.com\/avatar\/7f2c48bdc33b30088f941fb6082e555f2874c98e20cb159d7b92b50eadfce793?s=96&d=mm&r=g\",\"caption\":\"ulises\"},\"sameAs\":[\"http:\/\/www.celttv.com.ar\"]}]}<\/script>\n<!-- \/ Yoast SEO plugin. -->","yoast_head_json":{"title":"La Secretar\u00eda de Producci\u00f3n destaca a la Cervecer\u00eda Lobo Negra - CELTTV","description":"Sitio web de noticias de la localidad de Tornquist, provincia de Buenos Aires, Rep\u00fablica Argentina. Contenido propio originado por periodistas de CELTTV, el canal de TV local de la Cooperativa El\u00e9ctrica de Tornquist. Turismo, Pol\u00edtica, Sociedad, Deporte, Cultura y todo el contenido de inter\u00e9s general que la gente del pueblo y la regi\u00f3n debe conocer.","robots":{"index":"index","follow":"follow","max-snippet":"max-snippet:-1","max-image-preview":"max-image-preview:large","max-video-preview":"max-video-preview:-1"},"canonical":"https:\/\/www.celttv.com.ar\/index.php\/2020\/04\/23\/la-secretaria-de-produccion-destaca-a-la-cerveceria-lobo-negra\/","og_locale":"es_ES","og_type":"article","og_title":"La Secretar\u00eda de Producci\u00f3n destaca a la Cervecer\u00eda Lobo Negra - CELTTV","og_description":"Sitio web de noticias de la localidad de Tornquist, provincia de Buenos Aires, Rep\u00fablica Argentina. Contenido propio originado por periodistas de CELTTV, el canal de TV local de la Cooperativa El\u00e9ctrica de Tornquist. Turismo, Pol\u00edtica, Sociedad, Deporte, Cultura y todo el contenido de inter\u00e9s general que la gente del pueblo y la regi\u00f3n debe conocer.","og_url":"https:\/\/www.celttv.com.ar\/index.php\/2020\/04\/23\/la-secretaria-de-produccion-destaca-a-la-cerveceria-lobo-negra\/","og_site_name":"CELTTV","article_publisher":"https:\/\/www.facebook.com\/celtTV\/","article_published_time":"2020-04-23T15:56:09+00:00","og_image":[{"width":1280,"height":960,"url":"https:\/\/www.celttv.com.ar\/wp-content\/uploads\/2020\/04\/WhatsApp-Image-2020-04-23-at-08.57.39.jpeg","type":"image\/jpeg"}],"author":"ulises","twitter_card":"summary_large_image","twitter_misc":{"Escrito por":"ulises","Tiempo de lectura":"1 minuto"},"schema":{"@context":"https:\/\/schema.org","@graph":[{"@type":"NewsArticle","@id":"https:\/\/www.celttv.com.ar\/index.php\/2020\/04\/23\/la-secretaria-de-produccion-destaca-a-la-cerveceria-lobo-negra\/#article","isPartOf":{"@id":"https:\/\/www.celttv.com.ar\/index.php\/2020\/04\/23\/la-secretaria-de-produccion-destaca-a-la-cerveceria-lobo-negra\/"},"author":{"name":"ulises","@id":"https:\/\/www.celttv.com.ar\/#\/schema\/person\/6d99c072dba59953809c81446e9d0ace"},"headline":"La Secretar\u00eda de Producci\u00f3n destaca a la Cervecer\u00eda Lobo Negra","datePublished":"2020-04-23T15:56:09+00:00","dateModified":"2020-04-23T15:56:09+00:00","mainEntityOfPage":{"@id":"https:\/\/www.celttv.com.ar\/index.php\/2020\/04\/23\/la-secretaria-de-produccion-destaca-a-la-cerveceria-lobo-negra\/"},"wordCount":130,"publisher":{"@id":"https:\/\/www.celttv.com.ar\/#organization"},"articleSection":["Comunidad","Destacadas"],"inLanguage":"es"},{"@type":"WebPage","@id":"https:\/\/www.celttv.com.ar\/index.php\/2020\/04\/23\/la-secretaria-de-produccion-destaca-a-la-cerveceria-lobo-negra\/","url":"https:\/\/www.celttv.com.ar\/index.php\/2020\/04\/23\/la-secretaria-de-produccion-destaca-a-la-cerveceria-lobo-negra\/","name":"La Secretar\u00eda de Producci\u00f3n destaca a la Cervecer\u00eda Lobo Negra - CELTTV","isPartOf":{"@id":"https:\/\/www.celttv.com.ar\/#website"},"datePublished":"2020-04-23T15:56:09+00:00","dateModified":"2020-04-23T15:56:09+00:00","description":"Sitio web de noticias de la localidad de Tornquist, provincia de Buenos Aires, Rep\u00fablica Argentina. Contenido propio originado por periodistas de CELTTV, el canal de TV local de la Cooperativa El\u00e9ctrica de Tornquist. Turismo, Pol\u00edtica, Sociedad, Deporte, Cultura y todo el contenido de inter\u00e9s general que la gente del pueblo y la regi\u00f3n debe conocer.","breadcrumb":{"@id":"https:\/\/www.celttv.com.ar\/index.php\/2020\/04\/23\/la-secretaria-de-produccion-destaca-a-la-cerveceria-lobo-negra\/#breadcrumb"},"inLanguage":"es","potentialAction":[{"@type":"ReadAction","target":["https:\/\/www.celttv.com.ar\/index.php\/2020\/04\/23\/la-secretaria-de-produccion-destaca-a-la-cerveceria-lobo-negra\/"]}]},{"@type":"BreadcrumbList","@id":"https:\/\/www.celttv.com.ar\/index.php\/2020\/04\/23\/la-secretaria-de-produccion-destaca-a-la-cerveceria-lobo-negra\/#breadcrumb","itemListElement":[{"@type":"ListItem","position":1,"name":"Inicio","item":"https:\/\/www.celttv.com.ar\/"},{"@type":"ListItem","position":2,"name":"La Secretar\u00eda de Producci\u00f3n destaca a la Cervecer\u00eda Lobo Negra"}]},{"@type":"WebSite","@id":"https:\/\/www.celttv.com.ar\/#website","url":"https:\/\/www.celttv.com.ar\/","name":"CELTTV","description":"Cooperativa El\u00e9ctrica de Tornquist","publisher":{"@id":"https:\/\/www.celttv.com.ar\/#organization"},"potentialAction":[{"@type":"SearchAction","target":{"@type":"EntryPoint","urlTemplate":"https:\/\/www.celttv.com.ar\/?s={search_term_string}"},"query-input":"required name=search_term_string"}],"inLanguage":"es"},{"@type":"Organization","@id":"https:\/\/www.celttv.com.ar\/#organization","name":"CELTTV","url":"https:\/\/www.celttv.com.ar\/","sameAs":["https:\/\/www.youtube.com\/channel\/UCz_oIt8Hig64Ub-EmcNPIhg","https:\/\/www.facebook.com\/celtTV\/"],"logo":{"@type":"ImageObject","inLanguage":"es","@id":"https:\/\/www.celttv.com.ar\/#\/schema\/logo\/image\/","url":"http:\/\/www.celttv.com.ar\/wp-content\/uploads\/2022\/08\/logo-1.png","contentUrl":"http:\/\/www.celttv.com.ar\/wp-content\/uploads\/2022\/08\/logo-1.png","width":461,"height":159,"caption":"CELTTV"},"image":{"@id":"https:\/\/www.celttv.com.ar\/#\/schema\/logo\/image\/"}},{"@type":"Person","@id":"https:\/\/www.celttv.com.ar\/#\/schema\/person\/6d99c072dba59953809c81446e9d0ace","name":"ulises","image":{"@type":"ImageObject","inLanguage":"es","@id":"https:\/\/www.celttv.com.ar\/#\/schema\/person\/image\/","url":"https:\/\/secure.gravatar.com\/avatar\/7f2c48bdc33b30088f941fb6082e555f2874c98e20cb159d7b92b50eadfce793?s=96&d=mm&r=g","contentUrl":"https:\/\/secure.gravatar.com\/avatar\/7f2c48bdc33b30088f941fb6082e555f2874c98e20cb159d7b92b50eadfce793?s=96&d=mm&r=g","caption":"ulises"},"sameAs":["http:\/\/www.celttv.com.ar"]}]}},"_links":{"self":[{"href":"https:\/\/www.celttv.com.ar\/index.php\/wp-json\/wp\/v2\/posts\/48581","targetHints":{"allow":["GET"]}}],"collection":[{"href":"https:\/\/www.celttv.com.ar\/index.php\/wp-json\/wp\/v2\/posts"}],"about":[{"href":"https:\/\/www.celttv.com.ar\/index.php\/wp-json\/wp\/v2\/types\/post"}],"author":[{"embeddable":true,"href":"https:\/\/www.celttv.com.ar\/index.php\/wp-json\/wp\/v2\/users\/1"}],"replies":[{"embeddable":true,"href":"https:\/\/www.celttv.com.ar\/index.php\/wp-json\/wp\/v2\/comments?post=48581"}],"version-history":[{"count":0,"href":"https:\/\/www.celttv.com.ar\/index.php\/wp-json\/wp\/v2\/posts\/48581\/revisions"}],"wp:featuredmedia":[{"embeddable":true,"href":"https:\/\/www.celttv.com.ar\/index.php\/wp-json\/wp\/v2\/media\/48585"}],"wp:attachment":[{"href":"https:\/\/www.celttv.com.ar\/index.php\/wp-json\/wp\/v2\/media?parent=48581"}],"wp:term":[{"taxonomy":"category","embeddable":true,"href":"https:\/\/www.celttv.com.ar\/index.php\/wp-json\/wp\/v2\/categories?post=48581"},{"taxonomy":"post_tag","embeddable":true,"href":"https:\/\/www.celttv.com.ar\/index.php\/wp-json\/wp\/v2\/tags?post=48581"}],"curies":[{"name":"wp","href":"https:\/\/api.w.org\/{rel}","templated":true}]}}