{"id":48587,"date":"2020-04-23T17:17:53","date_gmt":"2020-04-23T17:17:53","guid":{"rendered":"http:\/\/www.celttv.com.ar\/?p=48587"},"modified":"2020-04-23T17:17:53","modified_gmt":"2020-04-23T17:17:53","slug":"celt-informa-de-interes-para-todos-los-usuarios-del-servicio-de-internet-television-por-cable-telefonia-fija-yo-movil","status":"publish","type":"post","link":"https:\/\/www.celttv.com.ar\/index.php\/2020\/04\/23\/celt-informa-de-interes-para-todos-los-usuarios-del-servicio-de-internet-television-por-cable-telefonia-fija-yo-movil\/","title":{"rendered":"CELT INFORMA: De inter\u00e9s para todos los usuarios del servicio de Internet, Televisi\u00f3n por Cable, Telefon\u00eda fija y\/o m\u00f3vil"},"content":{"rendered":"<p>Nos dirigimos a todos los usuarios del servicio de Internet, Televisi\u00f3n por Cable, Telefon\u00eda fija y\/o m\u00f3vil, a fin de ponerlos en conocimiento que, por medio de la Resoluci\u00f3n del Ministerio de Desarrollo Productivo N\u00b0 173\/2020 se ha reglamentado el D.N.U. N\u00ba 311\/2020, que dispuso la suspensi\u00f3n temporaria del corte de suministro de los servicios indicados, en caso de mora o falta de pago de hasta tres facturas, con vencimiento a partir del 01 de marzo del corriente a\u00f1o, la que ser\u00e1 aplicable a un grupo de usuarios predeterminados.<\/p>\n<p>A partir de tal resoluci\u00f3n, se crea la UNIDAD DE COORDINACI\u00d3N, de car\u00e1cter nacional, quien se encargar\u00e1 de determinar qui\u00e9nes son los usuarios alcanzados por el art. N\u00ba 3 del DECRETO 311\/2020 y los no alcanzados que considere conveniente incluir, debiendo notificar a esta cooperativa el listado de usuarios a quien se deba aplicar las medidas establecidas.<br \/>\nPor su parte esta cooperativa, deber\u00e1 informar al ENTE NACIONAL DE COMUNICACIONES (ENACOM), las condiciones y\/o modalidad de los planes de pago que pondr\u00e1 a disposici\u00f3n de los usuarios alcanzados.<br \/>\nLas facilidades de pago deber\u00e1n prever ser abonadas en al menos TRES (3) cuotas mensuales, iguales y consecutivas, no pudi\u00e9ndose aplicar intereses moratorios,<br \/>\ncompensatorios, ni punitorios, ni ninguna otra penalidad.<br \/>\nSi bien nos ordenan publicar el canal o medio de comunicaci\u00f3n que dispondr\u00e1 cada Ente Regulador, a fin de que los usuarios puedan realizar consultas y\/o solicitar la inclusi\u00f3n en el r\u00e9gimen, a la fecha no nos han provisto de dicha informaci\u00f3n.<br \/>\nPara mayor entendimiento, se transcribe a continuaci\u00f3n la parte dispositiva del decreto en cuesti\u00f3n, dejando constancia que en lo que respecta a la energ\u00eda el\u00e9ctrica, a\u00fan no ha sido dictada en el \u00e1mbito de la provincia de Buenos Aires, la normativa que nos permita la aplicaci\u00f3n de alguna medida que ampare a los usuarios de dicho servicio.-<\/p>\n<p>EMERGENCIA SANITARIA. DECRETO N\u00aa 311\/2020. Abstenci\u00f3n de corte de Servicos en caso de mora o falta de pago.<br \/>\nCiudad de Buenos Aires, 24\/03\/2020\u2026.Decreta\u2026.ART\u00cdCULO 1\u00ba.- Las empresas prestadoras de los servicios de energ\u00eda el\u00e9ctrica, gas por redes y agua corriente, telefon\u00eda fija o m\u00f3vil e Internet y TV por cable, por v\u00ednculo radioel\u00e9ctrico o satelital, no podr\u00e1n disponer la suspensi\u00f3n o el corte de los respectivos servicios a los usuarios y las usuarias indicados en el art\u00edculo 3\u00b0, en caso de mora o falta de pago de hasta TRES (3) facturas consecutivas o alternas, con vencimientos desde el 1\u00b0 de marzo de 2020. Quedan comprendidos los usuarios con aviso de corte en curso.<br \/>\nSi se tratare de servicios de telefon\u00eda fija o m\u00f3vil, Internet y TV por cable, por v\u00ednculo radioel\u00e9ctrico o satelital, las empresas prestatarias quedar\u00e1n obligadas a mantener un servicio reducido, conforme se establezca en la reglamentaci\u00f3n.<br \/>\nEstas obligaciones se mantendr\u00e1n por el plazo de CIENTO OCHENTA (180) d\u00edas corridos a contar desde la vigencia de la presente medida.<br \/>\nEn ning\u00fan caso la prohibici\u00f3n alcanzar\u00e1 a aquellos cortes o suspensiones dispuestos por las prestadoras por razones de seguridad, conforme sus respectivas habilitaciones y normas que regulan la actividad.<\/p>\n<p>ART\u00cdCULO 2\u00b0.- Si los usuarios y las usuarias que cuentan con sistema de servicio prepago de energ\u00eda el\u00e9ctrica no abonaren la correspondiente recarga para acceder al consumo, las empresas prestadoras deber\u00e1n brindar el servicio de manera normal y habitual durante el plazo previsto en el art\u00edculo 1\u00b0 del presente.<br \/>\nSi los usuarios o las usuarias que cuentan con sistema de servicio prepago de telefon\u00eda m\u00f3vil o Internet no abonaren la correspondiente recarga para acceder al consumo, las empresas prestadoras deber\u00e1n brindar un servicio reducido que garantice la conectividad, seg\u00fan lo establezca la reglamentaci\u00f3n. Esta obligaci\u00f3n regir\u00e1 hasta el d\u00eda 30 de abril del a\u00f1o en curso.<\/p>\n<p>ART\u00cdCULO 3\u00b0.- 1. Las medidas dispuestas en los art\u00edculos 1\u00b0 y 2\u00b0 ser\u00e1n de aplicaci\u00f3n respecto de los siguientes usuarios y usuarias residenciales:<br \/>\na. Beneficiarios y beneficiarias de la Asignaci\u00f3n Universal por Hijo (AUH) y la Asignaci\u00f3n por Embarazo.<br \/>\nb. Beneficiarios y beneficiarias de Pensiones no Contributivas que perciban ingresos mensuales brutos no superiores a DOS (2) veces<br \/>\nel Salario M\u00ednimo Vital y M\u00f3vil.<br \/>\nc. Usuarios inscriptos y usuarias inscriptas en el R\u00e9gimen de Monotributo Social.<br \/>\nd. Jubilados y jubiladas; pensionadas y pensionados; y trabajadores y trabajadoras en relaci\u00f3n de dependencia que perciban una<br \/>\nremuneraci\u00f3n bruta menor o igual a DOS (2) Salarios M\u00ednimos Vitales y M\u00f3viles.<br \/>\ne. Trabajadores monotributistas inscriptos y trabajadoras monotributistas inscriptas en una categor\u00eda cuyo ingreso anual mensualizado no supere en DOS (2) veces el Salario M\u00ednimo Vital y M\u00f3vil.<br \/>\nf. Usuarios y usuarias que perciben seguro de desempleo.<br \/>\ng. Electrodependientes, beneficiarios de la Ley N\u00b0 27.351.<br \/>\nh. Usuarios incorporados y usuarias incorporadas en el R\u00e9gimen Especial de Seguridad Social para Empleados de Casas Particulares<br \/>\n(Ley N\u00b0 26.844).<br \/>\ni. Exentos en el pago de ABL o tributos locales de igual naturaleza.<br \/>\n2. Las medidas dispuestas en los art\u00edculos 1\u00b0 y 2\u00b0 ser\u00e1n de aplicaci\u00f3n respecto de los siguientes usuarios y usuarias no residenciales:<br \/>\na. las Micro, Peque\u00f1as y Medianas Empresas (MiPyMES), conforme lo dispuesto por la Ley N\u00b0 25.300 afectadas en la emergencia,<br \/>\nseg\u00fan lo establezca la reglamentaci\u00f3n;<br \/>\nb. las Cooperativas de Trabajo o Empresas Recuperadas inscriptas en el INSTITUTO NACIONAL DE ASOCIATIVISMO Y ECONOM\u00cdA SOCIAL (INAES) afectadas en la emergencia, seg\u00fan lo establezca la reglamentaci\u00f3n;<br \/>\nc. las instituciones de salud, p\u00fablicas y privadas afectadas en la emergencia, seg\u00fan lo establezca la reglamentaci\u00f3n;<br \/>\nd. las Entidades de Bien P\u00fablico que contribuyan a la elaboraci\u00f3n y distribuci\u00f3n de alimentos en el marco de la emergencia<br \/>\nalimentaria.<\/p>\n<p>ART\u00cdCULO 4\u00b0.- La autoridad de aplicaci\u00f3n podr\u00e1 incorporar otros beneficiarios y otras beneficiarias de las medidas dispuestas en los art\u00edculos 1\u00b0 y 2\u00b0, siempre que su capacidad de pago resulte sensiblemente afectada por la situaci\u00f3n de emergencia sanitaria y las consecuencias que de ella se deriven. La merma en la capacidad de pago deber\u00e1 ser definida y acreditada de acuerdo con lo que establezca la reglamentaci\u00f3n.<\/p>\n<p>ART\u00cdCULO 5\u00b0.- En todos los casos, las empresas prestadoras de los servicios detallados en los art\u00edculos 1\u00b0 y 2\u00b0 deber\u00e1n otorgar a los usuarios y a las usuarias, planes de facilidades de pago para cancelar las deudas que se generen durante el plazo de vigencia de las medidas aqu\u00ed dispuestas, conforme las pautas que establezcan los entes reguladores o las autoridades de aplicaci\u00f3n de los marcos jur\u00eddicos relativos a los servicios involucrados, con la conformidad de la Autoridad de Aplicaci\u00f3n.<\/p>\n<p>ART\u00cdCULO 6\u00ba.- Los precios m\u00e1ximos de referencia para la comercializaci\u00f3n de gas licuado de petr\u00f3leo (GLP) en las garrafas, cilindros y\/o granel con destino a consumo del mercado interno continuar\u00e1n con los valores vigentes a la fecha de publicaci\u00f3n de la presente medida, durante CIENTO OCHENTA (180) d\u00edas. La Autoridad de Aplicaci\u00f3n deber\u00e1 definir los mecanismos necesarios con el fin de garantizar el adecuado abastecimiento de la demanda residencial.<\/p>\n<p>ART\u00cdCULO 7\u00b0.- Las prestadoras deber\u00e1n dar adecuada publicidad a lo dispuesto en el presente decreto respecto de los servicios a su cargo.<\/p>\n<p>ART\u00cdCULO 8\u00ba.- Des\u00edgnase como Autoridad de Aplicaci\u00f3n del presente decreto al MINISTERIO DE DESARROLLO PRODUCTIVO, con participaci\u00f3n y consulta de dem\u00e1s \u00e1reas competentes, el que deber\u00e1 dictar las normas reglamentarias y complementarias necesarias para el cumplimiento del presente decreto.<\/p>\n<p>ART\u00cdCULO 9\u00b0.- Inv\u00edtase a las Provincias y a la CIUDAD AUT\u00d3NOMA DE BUENOS AIRES a adherir al presente decreto.<\/p>\n<p>ART\u00cdCULO 10.- La presente medida entrar\u00e1 en vigencia el d\u00eda de su publicaci\u00f3n en el BOLET\u00cdN OFICIAL.<\/p>\n<p>&nbsp;<\/p>\n<h3><strong>Para mas consultas comunicarse con el 4941142\u00a0<\/strong><\/h3>\n<p>&nbsp;<\/p>\n","protected":false},"excerpt":{"rendered":"<p>Nos dirigimos a todos los usuarios del servicio de Internet, Televisi\u00f3n por Cable, Telefon\u00eda fija y\/o m\u00f3vil, a fin de ponerlos en conocimiento que, por medio de la Resoluci\u00f3n del Ministerio de Desarrollo Productivo N\u00b0 173\/2020 se ha reglamentado el D.N.U. N\u00ba 311\/2020, que dispuso la suspensi\u00f3n temporaria del corte de suministro de los servicios [&hellip;]<\/p>\n","protected":false},"author":1,"featured_media":44784,"comment_status":"closed","ping_status":"open","sticky":false,"template":"","format":"standard","meta":{"footnotes":""},"categories":[51,52],"tags":[],"class_list":["post-48587","post","type-post","status-publish","format-standard","has-post-thumbnail","hentry","category-comunidad","category-destacadas"],"yoast_head":"<!-- This site is optimized with the Yoast SEO plugin v19.7.1 - https:\/\/yoast.com\/wordpress\/plugins\/seo\/ -->\n<title>CELT INFORMA: De inter\u00e9s para todos los usuarios del servicio de Internet, Televisi\u00f3n por Cable, Telefon\u00eda fija y\/o m\u00f3vil - CELTTV<\/title>\n<meta name=\"description\" content=\"Sitio web de noticias de la localidad de Tornquist, provincia de Buenos Aires, Rep\u00fablica Argentina. Contenido propio originado por periodistas de CELTTV, el canal de TV local de la Cooperativa El\u00e9ctrica de Tornquist. Turismo, Pol\u00edtica, Sociedad, Deporte, Cultura y todo el contenido de inter\u00e9s general que la gente del pueblo y la regi\u00f3n debe conocer.\" \/>\n<meta name=\"robots\" content=\"index, follow, max-snippet:-1, max-image-preview:large, max-video-preview:-1\" \/>\n<link rel=\"canonical\" href=\"https:\/\/www.celttv.com.ar\/index.php\/2020\/04\/23\/celt-informa-de-interes-para-todos-los-usuarios-del-servicio-de-internet-television-por-cable-telefonia-fija-yo-movil\/\" \/>\n<meta property=\"og:locale\" content=\"es_ES\" \/>\n<meta property=\"og:type\" content=\"article\" \/>\n<meta property=\"og:title\" content=\"CELT INFORMA: De inter\u00e9s para todos los usuarios del servicio de Internet, Televisi\u00f3n por Cable, Telefon\u00eda fija y\/o m\u00f3vil - CELTTV\" \/>\n<meta property=\"og:description\" content=\"Sitio web de noticias de la localidad de Tornquist, provincia de Buenos Aires, Rep\u00fablica Argentina. Contenido propio originado por periodistas de CELTTV, el canal de TV local de la Cooperativa El\u00e9ctrica de Tornquist. Turismo, Pol\u00edtica, Sociedad, Deporte, Cultura y todo el contenido de inter\u00e9s general que la gente del pueblo y la regi\u00f3n debe conocer.\" \/>\n<meta property=\"og:url\" content=\"https:\/\/www.celttv.com.ar\/index.php\/2020\/04\/23\/celt-informa-de-interes-para-todos-los-usuarios-del-servicio-de-internet-television-por-cable-telefonia-fija-yo-movil\/\" \/>\n<meta property=\"og:site_name\" content=\"CELTTV\" \/>\n<meta property=\"article:publisher\" content=\"https:\/\/www.facebook.com\/celtTV\/\" \/>\n<meta property=\"article:published_time\" content=\"2020-04-23T17:17:53+00:00\" \/>\n<meta property=\"og:image\" content=\"https:\/\/www.celttv.com.ar\/wp-content\/uploads\/2019\/10\/celt-fondo.png\" \/>\n\t<meta property=\"og:image:width\" content=\"1920\" \/>\n\t<meta property=\"og:image:height\" content=\"1080\" \/>\n\t<meta property=\"og:image:type\" content=\"image\/png\" \/>\n<meta name=\"author\" content=\"ulises\" \/>\n<meta name=\"twitter:card\" content=\"summary_large_image\" \/>\n<meta name=\"twitter:label1\" content=\"Escrito por\" \/>\n\t<meta name=\"twitter:data1\" content=\"ulises\" \/>\n\t<meta name=\"twitter:label2\" content=\"Tiempo de lectura\" \/>\n\t<meta name=\"twitter:data2\" content=\"7 minutos\" \/>\n<script type=\"application\/ld+json\" class=\"yoast-schema-graph\">{\"@context\":\"https:\/\/schema.org\",\"@graph\":[{\"@type\":\"NewsArticle\",\"@id\":\"https:\/\/www.celttv.com.ar\/index.php\/2020\/04\/23\/celt-informa-de-interes-para-todos-los-usuarios-del-servicio-de-internet-television-por-cable-telefonia-fija-yo-movil\/#article\",\"isPartOf\":{\"@id\":\"https:\/\/www.celttv.com.ar\/index.php\/2020\/04\/23\/celt-informa-de-interes-para-todos-los-usuarios-del-servicio-de-internet-television-por-cable-telefonia-fija-yo-movil\/\"},\"author\":{\"name\":\"ulises\",\"@id\":\"https:\/\/www.celttv.com.ar\/#\/schema\/person\/6d99c072dba59953809c81446e9d0ace\"},\"headline\":\"CELT INFORMA: De inter\u00e9s para todos los usuarios del servicio de Internet, Televisi\u00f3n por Cable, Telefon\u00eda fija y\/o m\u00f3vil\",\"datePublished\":\"2020-04-23T17:17:53+00:00\",\"dateModified\":\"2020-04-23T17:17:53+00:00\",\"mainEntityOfPage\":{\"@id\":\"https:\/\/www.celttv.com.ar\/index.php\/2020\/04\/23\/celt-informa-de-interes-para-todos-los-usuarios-del-servicio-de-internet-television-por-cable-telefonia-fija-yo-movil\/\"},\"wordCount\":1352,\"publisher\":{\"@id\":\"https:\/\/www.celttv.com.ar\/#organization\"},\"articleSection\":[\"Comunidad\",\"Destacadas\"],\"inLanguage\":\"es\"},{\"@type\":\"WebPage\",\"@id\":\"https:\/\/www.celttv.com.ar\/index.php\/2020\/04\/23\/celt-informa-de-interes-para-todos-los-usuarios-del-servicio-de-internet-television-por-cable-telefonia-fija-yo-movil\/\",\"url\":\"https:\/\/www.celttv.com.ar\/index.php\/2020\/04\/23\/celt-informa-de-interes-para-todos-los-usuarios-del-servicio-de-internet-television-por-cable-telefonia-fija-yo-movil\/\",\"name\":\"CELT INFORMA: De inter\u00e9s para todos los usuarios del servicio de Internet, Televisi\u00f3n por Cable, Telefon\u00eda fija y\/o m\u00f3vil - CELTTV\",\"isPartOf\":{\"@id\":\"https:\/\/www.celttv.com.ar\/#website\"},\"datePublished\":\"2020-04-23T17:17:53+00:00\",\"dateModified\":\"2020-04-23T17:17:53+00:00\",\"description\":\"Sitio web de noticias de la localidad de Tornquist, provincia de Buenos Aires, Rep\u00fablica Argentina. Contenido propio originado por periodistas de CELTTV, el canal de TV local de la Cooperativa El\u00e9ctrica de Tornquist. Turismo, Pol\u00edtica, Sociedad, Deporte, Cultura y todo el contenido de inter\u00e9s general que la gente del pueblo y la regi\u00f3n debe conocer.\",\"breadcrumb\":{\"@id\":\"https:\/\/www.celttv.com.ar\/index.php\/2020\/04\/23\/celt-informa-de-interes-para-todos-los-usuarios-del-servicio-de-internet-television-por-cable-telefonia-fija-yo-movil\/#breadcrumb\"},\"inLanguage\":\"es\",\"potentialAction\":[{\"@type\":\"ReadAction\",\"target\":[\"https:\/\/www.celttv.com.ar\/index.php\/2020\/04\/23\/celt-informa-de-interes-para-todos-los-usuarios-del-servicio-de-internet-television-por-cable-telefonia-fija-yo-movil\/\"]}]},{\"@type\":\"BreadcrumbList\",\"@id\":\"https:\/\/www.celttv.com.ar\/index.php\/2020\/04\/23\/celt-informa-de-interes-para-todos-los-usuarios-del-servicio-de-internet-television-por-cable-telefonia-fija-yo-movil\/#breadcrumb\",\"itemListElement\":[{\"@type\":\"ListItem\",\"position\":1,\"name\":\"Inicio\",\"item\":\"https:\/\/www.celttv.com.ar\/\"},{\"@type\":\"ListItem\",\"position\":2,\"name\":\"CELT INFORMA: De inter\u00e9s para todos los usuarios del servicio de Internet, Televisi\u00f3n por Cable, Telefon\u00eda fija y\/o m\u00f3vil\"}]},{\"@type\":\"WebSite\",\"@id\":\"https:\/\/www.celttv.com.ar\/#website\",\"url\":\"https:\/\/www.celttv.com.ar\/\",\"name\":\"CELTTV\",\"description\":\"Cooperativa El\u00e9ctrica de Tornquist\",\"publisher\":{\"@id\":\"https:\/\/www.celttv.com.ar\/#organization\"},\"potentialAction\":[{\"@type\":\"SearchAction\",\"target\":{\"@type\":\"EntryPoint\",\"urlTemplate\":\"https:\/\/www.celttv.com.ar\/?s={search_term_string}\"},\"query-input\":\"required name=search_term_string\"}],\"inLanguage\":\"es\"},{\"@type\":\"Organization\",\"@id\":\"https:\/\/www.celttv.com.ar\/#organization\",\"name\":\"CELTTV\",\"url\":\"https:\/\/www.celttv.com.ar\/\",\"sameAs\":[\"https:\/\/www.youtube.com\/channel\/UCz_oIt8Hig64Ub-EmcNPIhg\",\"https:\/\/www.facebook.com\/celtTV\/\"],\"logo\":{\"@type\":\"ImageObject\",\"inLanguage\":\"es\",\"@id\":\"https:\/\/www.celttv.com.ar\/#\/schema\/logo\/image\/\",\"url\":\"http:\/\/www.celttv.com.ar\/wp-content\/uploads\/2022\/08\/logo-1.png\",\"contentUrl\":\"http:\/\/www.celttv.com.ar\/wp-content\/uploads\/2022\/08\/logo-1.png\",\"width\":461,\"height\":159,\"caption\":\"CELTTV\"},\"image\":{\"@id\":\"https:\/\/www.celttv.com.ar\/#\/schema\/logo\/image\/\"}},{\"@type\":\"Person\",\"@id\":\"https:\/\/www.celttv.com.ar\/#\/schema\/person\/6d99c072dba59953809c81446e9d0ace\",\"name\":\"ulises\",\"image\":{\"@type\":\"ImageObject\",\"inLanguage\":\"es\",\"@id\":\"https:\/\/www.celttv.com.ar\/#\/schema\/person\/image\/\",\"url\":\"https:\/\/secure.gravatar.com\/avatar\/7f2c48bdc33b30088f941fb6082e555f2874c98e20cb159d7b92b50eadfce793?s=96&d=mm&r=g\",\"contentUrl\":\"https:\/\/secure.gravatar.com\/avatar\/7f2c48bdc33b30088f941fb6082e555f2874c98e20cb159d7b92b50eadfce793?s=96&d=mm&r=g\",\"caption\":\"ulises\"},\"sameAs\":[\"http:\/\/www.celttv.com.ar\"]}]}<\/script>\n<!-- \/ Yoast SEO plugin. -->","yoast_head_json":{"title":"CELT INFORMA: De inter\u00e9s para todos los usuarios del servicio de Internet, Televisi\u00f3n por Cable, Telefon\u00eda fija y\/o m\u00f3vil - CELTTV","description":"Sitio web de noticias de la localidad de Tornquist, provincia de Buenos Aires, Rep\u00fablica Argentina. Contenido propio originado por periodistas de CELTTV, el canal de TV local de la Cooperativa El\u00e9ctrica de Tornquist. Turismo, Pol\u00edtica, Sociedad, Deporte, Cultura y todo el contenido de inter\u00e9s general que la gente del pueblo y la regi\u00f3n debe conocer.","robots":{"index":"index","follow":"follow","max-snippet":"max-snippet:-1","max-image-preview":"max-image-preview:large","max-video-preview":"max-video-preview:-1"},"canonical":"https:\/\/www.celttv.com.ar\/index.php\/2020\/04\/23\/celt-informa-de-interes-para-todos-los-usuarios-del-servicio-de-internet-television-por-cable-telefonia-fija-yo-movil\/","og_locale":"es_ES","og_type":"article","og_title":"CELT INFORMA: De inter\u00e9s para todos los usuarios del servicio de Internet, Televisi\u00f3n por Cable, Telefon\u00eda fija y\/o m\u00f3vil - CELTTV","og_description":"Sitio web de noticias de la localidad de Tornquist, provincia de Buenos Aires, Rep\u00fablica Argentina. Contenido propio originado por periodistas de CELTTV, el canal de TV local de la Cooperativa El\u00e9ctrica de Tornquist. Turismo, Pol\u00edtica, Sociedad, Deporte, Cultura y todo el contenido de inter\u00e9s general que la gente del pueblo y la regi\u00f3n debe conocer.","og_url":"https:\/\/www.celttv.com.ar\/index.php\/2020\/04\/23\/celt-informa-de-interes-para-todos-los-usuarios-del-servicio-de-internet-television-por-cable-telefonia-fija-yo-movil\/","og_site_name":"CELTTV","article_publisher":"https:\/\/www.facebook.com\/celtTV\/","article_published_time":"2020-04-23T17:17:53+00:00","og_image":[{"width":1920,"height":1080,"url":"https:\/\/www.celttv.com.ar\/wp-content\/uploads\/2019\/10\/celt-fondo.png","type":"image\/png"}],"author":"ulises","twitter_card":"summary_large_image","twitter_misc":{"Escrito por":"ulises","Tiempo de lectura":"7 minutos"},"schema":{"@context":"https:\/\/schema.org","@graph":[{"@type":"NewsArticle","@id":"https:\/\/www.celttv.com.ar\/index.php\/2020\/04\/23\/celt-informa-de-interes-para-todos-los-usuarios-del-servicio-de-internet-television-por-cable-telefonia-fija-yo-movil\/#article","isPartOf":{"@id":"https:\/\/www.celttv.com.ar\/index.php\/2020\/04\/23\/celt-informa-de-interes-para-todos-los-usuarios-del-servicio-de-internet-television-por-cable-telefonia-fija-yo-movil\/"},"author":{"name":"ulises","@id":"https:\/\/www.celttv.com.ar\/#\/schema\/person\/6d99c072dba59953809c81446e9d0ace"},"headline":"CELT INFORMA: De inter\u00e9s para todos los usuarios del servicio de Internet, Televisi\u00f3n por Cable, Telefon\u00eda fija y\/o m\u00f3vil","datePublished":"2020-04-23T17:17:53+00:00","dateModified":"2020-04-23T17:17:53+00:00","mainEntityOfPage":{"@id":"https:\/\/www.celttv.com.ar\/index.php\/2020\/04\/23\/celt-informa-de-interes-para-todos-los-usuarios-del-servicio-de-internet-television-por-cable-telefonia-fija-yo-movil\/"},"wordCount":1352,"publisher":{"@id":"https:\/\/www.celttv.com.ar\/#organization"},"articleSection":["Comunidad","Destacadas"],"inLanguage":"es"},{"@type":"WebPage","@id":"https:\/\/www.celttv.com.ar\/index.php\/2020\/04\/23\/celt-informa-de-interes-para-todos-los-usuarios-del-servicio-de-internet-television-por-cable-telefonia-fija-yo-movil\/","url":"https:\/\/www.celttv.com.ar\/index.php\/2020\/04\/23\/celt-informa-de-interes-para-todos-los-usuarios-del-servicio-de-internet-television-por-cable-telefonia-fija-yo-movil\/","name":"CELT INFORMA: De inter\u00e9s para todos los usuarios del servicio de Internet, Televisi\u00f3n por Cable, Telefon\u00eda fija y\/o m\u00f3vil - CELTTV","isPartOf":{"@id":"https:\/\/www.celttv.com.ar\/#website"},"datePublished":"2020-04-23T17:17:53+00:00","dateModified":"2020-04-23T17:17:53+00:00","description":"Sitio web de noticias de la localidad de Tornquist, provincia de Buenos Aires, Rep\u00fablica Argentina. Contenido propio originado por periodistas de CELTTV, el canal de TV local de la Cooperativa El\u00e9ctrica de Tornquist. Turismo, Pol\u00edtica, Sociedad, Deporte, Cultura y todo el contenido de inter\u00e9s general que la gente del pueblo y la regi\u00f3n debe conocer.","breadcrumb":{"@id":"https:\/\/www.celttv.com.ar\/index.php\/2020\/04\/23\/celt-informa-de-interes-para-todos-los-usuarios-del-servicio-de-internet-television-por-cable-telefonia-fija-yo-movil\/#breadcrumb"},"inLanguage":"es","potentialAction":[{"@type":"ReadAction","target":["https:\/\/www.celttv.com.ar\/index.php\/2020\/04\/23\/celt-informa-de-interes-para-todos-los-usuarios-del-servicio-de-internet-television-por-cable-telefonia-fija-yo-movil\/"]}]},{"@type":"BreadcrumbList","@id":"https:\/\/www.celttv.com.ar\/index.php\/2020\/04\/23\/celt-informa-de-interes-para-todos-los-usuarios-del-servicio-de-internet-television-por-cable-telefonia-fija-yo-movil\/#breadcrumb","itemListElement":[{"@type":"ListItem","position":1,"name":"Inicio","item":"https:\/\/www.celttv.com.ar\/"},{"@type":"ListItem","position":2,"name":"CELT INFORMA: De inter\u00e9s para todos los usuarios del servicio de Internet, Televisi\u00f3n por Cable, Telefon\u00eda fija y\/o m\u00f3vil"}]},{"@type":"WebSite","@id":"https:\/\/www.celttv.com.ar\/#website","url":"https:\/\/www.celttv.com.ar\/","name":"CELTTV","description":"Cooperativa El\u00e9ctrica de Tornquist","publisher":{"@id":"https:\/\/www.celttv.com.ar\/#organization"},"potentialAction":[{"@type":"SearchAction","target":{"@type":"EntryPoint","urlTemplate":"https:\/\/www.celttv.com.ar\/?s={search_term_string}"},"query-input":"required name=search_term_string"}],"inLanguage":"es"},{"@type":"Organization","@id":"https:\/\/www.celttv.com.ar\/#organization","name":"CELTTV","url":"https:\/\/www.celttv.com.ar\/","sameAs":["https:\/\/www.youtube.com\/channel\/UCz_oIt8Hig64Ub-EmcNPIhg","https:\/\/www.facebook.com\/celtTV\/"],"logo":{"@type":"ImageObject","inLanguage":"es","@id":"https:\/\/www.celttv.com.ar\/#\/schema\/logo\/image\/","url":"http:\/\/www.celttv.com.ar\/wp-content\/uploads\/2022\/08\/logo-1.png","contentUrl":"http:\/\/www.celttv.com.ar\/wp-content\/uploads\/2022\/08\/logo-1.png","width":461,"height":159,"caption":"CELTTV"},"image":{"@id":"https:\/\/www.celttv.com.ar\/#\/schema\/logo\/image\/"}},{"@type":"Person","@id":"https:\/\/www.celttv.com.ar\/#\/schema\/person\/6d99c072dba59953809c81446e9d0ace","name":"ulises","image":{"@type":"ImageObject","inLanguage":"es","@id":"https:\/\/www.celttv.com.ar\/#\/schema\/person\/image\/","url":"https:\/\/secure.gravatar.com\/avatar\/7f2c48bdc33b30088f941fb6082e555f2874c98e20cb159d7b92b50eadfce793?s=96&d=mm&r=g","contentUrl":"https:\/\/secure.gravatar.com\/avatar\/7f2c48bdc33b30088f941fb6082e555f2874c98e20cb159d7b92b50eadfce793?s=96&d=mm&r=g","caption":"ulises"},"sameAs":["http:\/\/www.celttv.com.ar"]}]}},"_links":{"self":[{"href":"https:\/\/www.celttv.com.ar\/index.php\/wp-json\/wp\/v2\/posts\/48587","targetHints":{"allow":["GET"]}}],"collection":[{"href":"https:\/\/www.celttv.com.ar\/index.php\/wp-json\/wp\/v2\/posts"}],"about":[{"href":"https:\/\/www.celttv.com.ar\/index.php\/wp-json\/wp\/v2\/types\/post"}],"author":[{"embeddable":true,"href":"https:\/\/www.celttv.com.ar\/index.php\/wp-json\/wp\/v2\/users\/1"}],"replies":[{"embeddable":true,"href":"https:\/\/www.celttv.com.ar\/index.php\/wp-json\/wp\/v2\/comments?post=48587"}],"version-history":[{"count":0,"href":"https:\/\/www.celttv.com.ar\/index.php\/wp-json\/wp\/v2\/posts\/48587\/revisions"}],"wp:featuredmedia":[{"embeddable":true,"href":"https:\/\/www.celttv.com.ar\/index.php\/wp-json\/wp\/v2\/media\/44784"}],"wp:attachment":[{"href":"https:\/\/www.celttv.com.ar\/index.php\/wp-json\/wp\/v2\/media?parent=48587"}],"wp:term":[{"taxonomy":"category","embeddable":true,"href":"https:\/\/www.celttv.com.ar\/index.php\/wp-json\/wp\/v2\/categories?post=48587"},{"taxonomy":"post_tag","embeddable":true,"href":"https:\/\/www.celttv.com.ar\/index.php\/wp-json\/wp\/v2\/tags?post=48587"}],"curies":[{"name":"wp","href":"https:\/\/api.w.org\/{rel}","templated":true}]}}