{"id":48684,"date":"2020-04-27T02:13:53","date_gmt":"2020-04-27T02:13:53","guid":{"rendered":"http:\/\/www.celttv.com.ar\/?p=48684"},"modified":"2020-04-27T02:13:53","modified_gmt":"2020-04-27T02:13:53","slug":"coronavirus-instituciones-de-la-comarca-proponen-la-aplicacion-de-un-nuevo-protocolo-de-control-y-desinfeccion","status":"publish","type":"post","link":"https:\/\/www.celttv.com.ar\/index.php\/2020\/04\/27\/coronavirus-instituciones-de-la-comarca-proponen-la-aplicacion-de-un-nuevo-protocolo-de-control-y-desinfeccion\/","title":{"rendered":"Coronavirus: Instituciones de la Comarca proponen la aplicaci\u00f3n de un nuevo protocolo de control y desinfecci\u00f3n"},"content":{"rendered":"<h4>PROTOCOLO CONTROL Y DESINFECCI\u00d3N PANDEMIA \u2013 ABRIL 2020<\/h4>\n<h4>Atentamente,<br \/>\nComisi\u00f3n Directiva de CamCoTiSas.<\/h4>\n<h4>Sierra de la Ventana, 23 de abril de 2020.-<\/h4>\n<h4>Informamos a la comunidad que a la fecha hemos presentado a las autoridades municipales medidas de control y seguridad sanitaria que solicitamos sean evaluadas para su pronta aplicaci\u00f3n e incluidas en las propuestas de nuestro municipio al ejecutivo bonaerense.<\/h4>\n<h4>En el nuevo contexto de la cuarentena administrada, que busca flexibilizar y administrar a nivel local el aislamiento social, preventivo y obligatorio, tanto el gobierno provincial como el nacional establecen el requisito fundamental de mantener el eje central en el cuidado de la salud de los ciudadanos evitando contagios. El Ejecutivo bonaerense recibe las propuestas de los municipios que ser\u00e1n evaluadas por las \u00e1reas de Salud y Producci\u00f3n.<\/h4>\n<h4>Nuestro aporte es relativo al control de la circulaci\u00f3n de transportes y mercader\u00edas que aumentar\u00e1 en este nuevo escenario desde zonas en las que ya se han detectado casos positivos de COVID-19.<\/h4>\n<h4>Se propone entonces minimizar los riesgos de contagios en nuestra comunidad aplicando el procedimiento PROTOCOLO DE DESINFECCION SARS-CoV-2 elaborado por t\u00e9cnicos especialistas en la materia que han sido consultados tomando como referencia tambi\u00e9n lo ya instituido en otros municipios vecinos. Se trata de un protocolo de control y desinfecci\u00f3n de las unidades de transporte, camiones, alimentos envasados y todo material que ingrese a nuestras localidades como medida preventiva ante la pandemia de COVID-19 que se sumar\u00eda al control de circulaci\u00f3n<br \/>\nde veh\u00edculos particulares verificando permisos y documentaci\u00f3n correspondiente para circular.<\/h4>\n<h4>En la nota se manifiesta tambi\u00e9n la voluntad de colaborar activamente en la implementaci\u00f3n.<\/h4>\n<h4>Esta solicitud a las autoridades municipales, responsables de coordinar las acciones para proteger la salud de todos y cada uno de los vecinos del distrito, se realiz\u00f3 en conjunto con otras instituciones que acompa\u00f1aron la presentaci\u00f3n:<br \/>\n\uf0b7 Asociaci\u00f3n para el Desarrollo Tur\u00edstico de la Comarca de Sierras de la Ventana.<br \/>\n\uf0b7 C\u00e1mara de Comercio, Industria y Turismo \u201cErnesto Tornquist\u201d.<br \/>\n\uf0b7 Asociaci\u00f3n de Prestadores Tur\u00edsticos y Comerciantes de Villa Ventana.<br \/>\n\uf0b7 Sociedad de Fomento y Turismo Villa Serrana La Gruta.<br \/>\n\uf0b7 C\u00e1mara de Comercio y Turismo de Villa Ventana.<br \/>\n\uf0b7 Asociaci\u00f3n de Turismo Comunitario de Saldungaray.<br \/>\n\uf0b7 CamCoTiSas \u2013 C\u00e1mara de Comercio, Turismo, Industria de Saldungaray, Villa Arcadia y<br \/>\nSierra de la Ventana.<\/h4>\n","protected":false},"excerpt":{"rendered":"<p>PROTOCOLO CONTROL Y DESINFECCI\u00d3N PANDEMIA \u2013 ABRIL 2020 Atentamente, Comisi\u00f3n Directiva de CamCoTiSas. Sierra de la Ventana, 23 de abril de 2020.- Informamos a la comunidad que a la fecha hemos presentado a las autoridades municipales medidas de control y seguridad sanitaria que solicitamos sean evaluadas para su pronta aplicaci\u00f3n e incluidas en las propuestas [&hellip;]<\/p>\n","protected":false},"author":1,"featured_media":47365,"comment_status":"closed","ping_status":"open","sticky":false,"template":"","format":"standard","meta":{"footnotes":""},"categories":[51,52,65,58],"tags":[],"class_list":["post-48684","post","type-post","status-publish","format-standard","has-post-thumbnail","hentry","category-comunidad","category-destacadas","category-produccion","category-turismo"],"yoast_head":"<!-- This site is optimized with the Yoast SEO plugin v19.7.1 - https:\/\/yoast.com\/wordpress\/plugins\/seo\/ -->\n<title>Coronavirus: Instituciones de la Comarca proponen la aplicaci\u00f3n de un nuevo protocolo de control y desinfecci\u00f3n - CELTTV<\/title>\n<meta name=\"description\" content=\"Sitio web de noticias de la localidad de Tornquist, provincia de Buenos Aires, Rep\u00fablica Argentina. Contenido propio originado por periodistas de CELTTV, el canal de TV local de la Cooperativa El\u00e9ctrica de Tornquist. Turismo, Pol\u00edtica, Sociedad, Deporte, Cultura y todo el contenido de inter\u00e9s general que la gente del pueblo y la regi\u00f3n debe conocer.\" \/>\n<meta name=\"robots\" content=\"index, follow, max-snippet:-1, max-image-preview:large, max-video-preview:-1\" \/>\n<link rel=\"canonical\" href=\"https:\/\/www.celttv.com.ar\/index.php\/2020\/04\/27\/coronavirus-instituciones-de-la-comarca-proponen-la-aplicacion-de-un-nuevo-protocolo-de-control-y-desinfeccion\/\" \/>\n<meta property=\"og:locale\" content=\"es_ES\" \/>\n<meta property=\"og:type\" content=\"article\" \/>\n<meta property=\"og:title\" content=\"Coronavirus: Instituciones de la Comarca proponen la aplicaci\u00f3n de un nuevo protocolo de control y desinfecci\u00f3n - CELTTV\" \/>\n<meta property=\"og:description\" content=\"Sitio web de noticias de la localidad de Tornquist, provincia de Buenos Aires, Rep\u00fablica Argentina. Contenido propio originado por periodistas de CELTTV, el canal de TV local de la Cooperativa El\u00e9ctrica de Tornquist. Turismo, Pol\u00edtica, Sociedad, Deporte, Cultura y todo el contenido de inter\u00e9s general que la gente del pueblo y la regi\u00f3n debe conocer.\" \/>\n<meta property=\"og:url\" content=\"https:\/\/www.celttv.com.ar\/index.php\/2020\/04\/27\/coronavirus-instituciones-de-la-comarca-proponen-la-aplicacion-de-un-nuevo-protocolo-de-control-y-desinfeccion\/\" \/>\n<meta property=\"og:site_name\" content=\"CELTTV\" \/>\n<meta property=\"article:publisher\" content=\"https:\/\/www.facebook.com\/celtTV\/\" \/>\n<meta property=\"article:published_time\" content=\"2020-04-27T02:13:53+00:00\" \/>\n<meta property=\"og:image\" content=\"https:\/\/www.celttv.com.ar\/wp-content\/uploads\/2020\/02\/cerro-ventana.jpg\" \/>\n\t<meta property=\"og:image:width\" content=\"2000\" \/>\n\t<meta property=\"og:image:height\" content=\"1333\" \/>\n\t<meta property=\"og:image:type\" content=\"image\/jpeg\" \/>\n<meta name=\"author\" content=\"ulises\" \/>\n<meta name=\"twitter:card\" content=\"summary_large_image\" \/>\n<meta name=\"twitter:label1\" content=\"Escrito por\" \/>\n\t<meta name=\"twitter:data1\" content=\"ulises\" \/>\n\t<meta name=\"twitter:label2\" content=\"Tiempo de lectura\" \/>\n\t<meta name=\"twitter:data2\" content=\"2 minutos\" \/>\n<script type=\"application\/ld+json\" class=\"yoast-schema-graph\">{\"@context\":\"https:\/\/schema.org\",\"@graph\":[{\"@type\":\"NewsArticle\",\"@id\":\"https:\/\/www.celttv.com.ar\/index.php\/2020\/04\/27\/coronavirus-instituciones-de-la-comarca-proponen-la-aplicacion-de-un-nuevo-protocolo-de-control-y-desinfeccion\/#article\",\"isPartOf\":{\"@id\":\"https:\/\/www.celttv.com.ar\/index.php\/2020\/04\/27\/coronavirus-instituciones-de-la-comarca-proponen-la-aplicacion-de-un-nuevo-protocolo-de-control-y-desinfeccion\/\"},\"author\":{\"name\":\"ulises\",\"@id\":\"https:\/\/www.celttv.com.ar\/#\/schema\/person\/6d99c072dba59953809c81446e9d0ace\"},\"headline\":\"Coronavirus: Instituciones de la Comarca proponen la aplicaci\u00f3n de un nuevo protocolo de control y desinfecci\u00f3n\",\"datePublished\":\"2020-04-27T02:13:53+00:00\",\"dateModified\":\"2020-04-27T02:13:53+00:00\",\"mainEntityOfPage\":{\"@id\":\"https:\/\/www.celttv.com.ar\/index.php\/2020\/04\/27\/coronavirus-instituciones-de-la-comarca-proponen-la-aplicacion-de-un-nuevo-protocolo-de-control-y-desinfeccion\/\"},\"wordCount\":410,\"publisher\":{\"@id\":\"https:\/\/www.celttv.com.ar\/#organization\"},\"articleSection\":[\"Comunidad\",\"Destacadas\",\"Producci\u00f3n y Medio Ambiente\",\"Turismo\"],\"inLanguage\":\"es\"},{\"@type\":\"WebPage\",\"@id\":\"https:\/\/www.celttv.com.ar\/index.php\/2020\/04\/27\/coronavirus-instituciones-de-la-comarca-proponen-la-aplicacion-de-un-nuevo-protocolo-de-control-y-desinfeccion\/\",\"url\":\"https:\/\/www.celttv.com.ar\/index.php\/2020\/04\/27\/coronavirus-instituciones-de-la-comarca-proponen-la-aplicacion-de-un-nuevo-protocolo-de-control-y-desinfeccion\/\",\"name\":\"Coronavirus: Instituciones de la Comarca proponen la aplicaci\u00f3n de un nuevo protocolo de control y desinfecci\u00f3n - CELTTV\",\"isPartOf\":{\"@id\":\"https:\/\/www.celttv.com.ar\/#website\"},\"datePublished\":\"2020-04-27T02:13:53+00:00\",\"dateModified\":\"2020-04-27T02:13:53+00:00\",\"description\":\"Sitio web de noticias de la localidad de Tornquist, provincia de Buenos Aires, Rep\u00fablica Argentina. Contenido propio originado por periodistas de CELTTV, el canal de TV local de la Cooperativa El\u00e9ctrica de Tornquist. Turismo, Pol\u00edtica, Sociedad, Deporte, Cultura y todo el contenido de inter\u00e9s general que la gente del pueblo y la regi\u00f3n debe conocer.\",\"breadcrumb\":{\"@id\":\"https:\/\/www.celttv.com.ar\/index.php\/2020\/04\/27\/coronavirus-instituciones-de-la-comarca-proponen-la-aplicacion-de-un-nuevo-protocolo-de-control-y-desinfeccion\/#breadcrumb\"},\"inLanguage\":\"es\",\"potentialAction\":[{\"@type\":\"ReadAction\",\"target\":[\"https:\/\/www.celttv.com.ar\/index.php\/2020\/04\/27\/coronavirus-instituciones-de-la-comarca-proponen-la-aplicacion-de-un-nuevo-protocolo-de-control-y-desinfeccion\/\"]}]},{\"@type\":\"BreadcrumbList\",\"@id\":\"https:\/\/www.celttv.com.ar\/index.php\/2020\/04\/27\/coronavirus-instituciones-de-la-comarca-proponen-la-aplicacion-de-un-nuevo-protocolo-de-control-y-desinfeccion\/#breadcrumb\",\"itemListElement\":[{\"@type\":\"ListItem\",\"position\":1,\"name\":\"Inicio\",\"item\":\"https:\/\/www.celttv.com.ar\/\"},{\"@type\":\"ListItem\",\"position\":2,\"name\":\"Coronavirus: Instituciones de la Comarca proponen la aplicaci\u00f3n de un nuevo protocolo de control y desinfecci\u00f3n\"}]},{\"@type\":\"WebSite\",\"@id\":\"https:\/\/www.celttv.com.ar\/#website\",\"url\":\"https:\/\/www.celttv.com.ar\/\",\"name\":\"CELTTV\",\"description\":\"Cooperativa El\u00e9ctrica de Tornquist\",\"publisher\":{\"@id\":\"https:\/\/www.celttv.com.ar\/#organization\"},\"potentialAction\":[{\"@type\":\"SearchAction\",\"target\":{\"@type\":\"EntryPoint\",\"urlTemplate\":\"https:\/\/www.celttv.com.ar\/?s={search_term_string}\"},\"query-input\":\"required name=search_term_string\"}],\"inLanguage\":\"es\"},{\"@type\":\"Organization\",\"@id\":\"https:\/\/www.celttv.com.ar\/#organization\",\"name\":\"CELTTV\",\"url\":\"https:\/\/www.celttv.com.ar\/\",\"sameAs\":[\"https:\/\/www.youtube.com\/channel\/UCz_oIt8Hig64Ub-EmcNPIhg\",\"https:\/\/www.facebook.com\/celtTV\/\"],\"logo\":{\"@type\":\"ImageObject\",\"inLanguage\":\"es\",\"@id\":\"https:\/\/www.celttv.com.ar\/#\/schema\/logo\/image\/\",\"url\":\"http:\/\/www.celttv.com.ar\/wp-content\/uploads\/2022\/08\/logo-1.png\",\"contentUrl\":\"http:\/\/www.celttv.com.ar\/wp-content\/uploads\/2022\/08\/logo-1.png\",\"width\":461,\"height\":159,\"caption\":\"CELTTV\"},\"image\":{\"@id\":\"https:\/\/www.celttv.com.ar\/#\/schema\/logo\/image\/\"}},{\"@type\":\"Person\",\"@id\":\"https:\/\/www.celttv.com.ar\/#\/schema\/person\/6d99c072dba59953809c81446e9d0ace\",\"name\":\"ulises\",\"image\":{\"@type\":\"ImageObject\",\"inLanguage\":\"es\",\"@id\":\"https:\/\/www.celttv.com.ar\/#\/schema\/person\/image\/\",\"url\":\"https:\/\/secure.gravatar.com\/avatar\/7f2c48bdc33b30088f941fb6082e555f2874c98e20cb159d7b92b50eadfce793?s=96&d=mm&r=g\",\"contentUrl\":\"https:\/\/secure.gravatar.com\/avatar\/7f2c48bdc33b30088f941fb6082e555f2874c98e20cb159d7b92b50eadfce793?s=96&d=mm&r=g\",\"caption\":\"ulises\"},\"sameAs\":[\"http:\/\/www.celttv.com.ar\"]}]}<\/script>\n<!-- \/ Yoast SEO plugin. -->","yoast_head_json":{"title":"Coronavirus: Instituciones de la Comarca proponen la aplicaci\u00f3n de un nuevo protocolo de control y desinfecci\u00f3n - CELTTV","description":"Sitio web de noticias de la localidad de Tornquist, provincia de Buenos Aires, Rep\u00fablica Argentina. Contenido propio originado por periodistas de CELTTV, el canal de TV local de la Cooperativa El\u00e9ctrica de Tornquist. Turismo, Pol\u00edtica, Sociedad, Deporte, Cultura y todo el contenido de inter\u00e9s general que la gente del pueblo y la regi\u00f3n debe conocer.","robots":{"index":"index","follow":"follow","max-snippet":"max-snippet:-1","max-image-preview":"max-image-preview:large","max-video-preview":"max-video-preview:-1"},"canonical":"https:\/\/www.celttv.com.ar\/index.php\/2020\/04\/27\/coronavirus-instituciones-de-la-comarca-proponen-la-aplicacion-de-un-nuevo-protocolo-de-control-y-desinfeccion\/","og_locale":"es_ES","og_type":"article","og_title":"Coronavirus: Instituciones de la Comarca proponen la aplicaci\u00f3n de un nuevo protocolo de control y desinfecci\u00f3n - CELTTV","og_description":"Sitio web de noticias de la localidad de Tornquist, provincia de Buenos Aires, Rep\u00fablica Argentina. Contenido propio originado por periodistas de CELTTV, el canal de TV local de la Cooperativa El\u00e9ctrica de Tornquist. Turismo, Pol\u00edtica, Sociedad, Deporte, Cultura y todo el contenido de inter\u00e9s general que la gente del pueblo y la regi\u00f3n debe conocer.","og_url":"https:\/\/www.celttv.com.ar\/index.php\/2020\/04\/27\/coronavirus-instituciones-de-la-comarca-proponen-la-aplicacion-de-un-nuevo-protocolo-de-control-y-desinfeccion\/","og_site_name":"CELTTV","article_publisher":"https:\/\/www.facebook.com\/celtTV\/","article_published_time":"2020-04-27T02:13:53+00:00","og_image":[{"width":2000,"height":1333,"url":"https:\/\/www.celttv.com.ar\/wp-content\/uploads\/2020\/02\/cerro-ventana.jpg","type":"image\/jpeg"}],"author":"ulises","twitter_card":"summary_large_image","twitter_misc":{"Escrito por":"ulises","Tiempo de lectura":"2 minutos"},"schema":{"@context":"https:\/\/schema.org","@graph":[{"@type":"NewsArticle","@id":"https:\/\/www.celttv.com.ar\/index.php\/2020\/04\/27\/coronavirus-instituciones-de-la-comarca-proponen-la-aplicacion-de-un-nuevo-protocolo-de-control-y-desinfeccion\/#article","isPartOf":{"@id":"https:\/\/www.celttv.com.ar\/index.php\/2020\/04\/27\/coronavirus-instituciones-de-la-comarca-proponen-la-aplicacion-de-un-nuevo-protocolo-de-control-y-desinfeccion\/"},"author":{"name":"ulises","@id":"https:\/\/www.celttv.com.ar\/#\/schema\/person\/6d99c072dba59953809c81446e9d0ace"},"headline":"Coronavirus: Instituciones de la Comarca proponen la aplicaci\u00f3n de un nuevo protocolo de control y desinfecci\u00f3n","datePublished":"2020-04-27T02:13:53+00:00","dateModified":"2020-04-27T02:13:53+00:00","mainEntityOfPage":{"@id":"https:\/\/www.celttv.com.ar\/index.php\/2020\/04\/27\/coronavirus-instituciones-de-la-comarca-proponen-la-aplicacion-de-un-nuevo-protocolo-de-control-y-desinfeccion\/"},"wordCount":410,"publisher":{"@id":"https:\/\/www.celttv.com.ar\/#organization"},"articleSection":["Comunidad","Destacadas","Producci\u00f3n y Medio Ambiente","Turismo"],"inLanguage":"es"},{"@type":"WebPage","@id":"https:\/\/www.celttv.com.ar\/index.php\/2020\/04\/27\/coronavirus-instituciones-de-la-comarca-proponen-la-aplicacion-de-un-nuevo-protocolo-de-control-y-desinfeccion\/","url":"https:\/\/www.celttv.com.ar\/index.php\/2020\/04\/27\/coronavirus-instituciones-de-la-comarca-proponen-la-aplicacion-de-un-nuevo-protocolo-de-control-y-desinfeccion\/","name":"Coronavirus: Instituciones de la Comarca proponen la aplicaci\u00f3n de un nuevo protocolo de control y desinfecci\u00f3n - CELTTV","isPartOf":{"@id":"https:\/\/www.celttv.com.ar\/#website"},"datePublished":"2020-04-27T02:13:53+00:00","dateModified":"2020-04-27T02:13:53+00:00","description":"Sitio web de noticias de la localidad de Tornquist, provincia de Buenos Aires, Rep\u00fablica Argentina. Contenido propio originado por periodistas de CELTTV, el canal de TV local de la Cooperativa El\u00e9ctrica de Tornquist. Turismo, Pol\u00edtica, Sociedad, Deporte, Cultura y todo el contenido de inter\u00e9s general que la gente del pueblo y la regi\u00f3n debe conocer.","breadcrumb":{"@id":"https:\/\/www.celttv.com.ar\/index.php\/2020\/04\/27\/coronavirus-instituciones-de-la-comarca-proponen-la-aplicacion-de-un-nuevo-protocolo-de-control-y-desinfeccion\/#breadcrumb"},"inLanguage":"es","potentialAction":[{"@type":"ReadAction","target":["https:\/\/www.celttv.com.ar\/index.php\/2020\/04\/27\/coronavirus-instituciones-de-la-comarca-proponen-la-aplicacion-de-un-nuevo-protocolo-de-control-y-desinfeccion\/"]}]},{"@type":"BreadcrumbList","@id":"https:\/\/www.celttv.com.ar\/index.php\/2020\/04\/27\/coronavirus-instituciones-de-la-comarca-proponen-la-aplicacion-de-un-nuevo-protocolo-de-control-y-desinfeccion\/#breadcrumb","itemListElement":[{"@type":"ListItem","position":1,"name":"Inicio","item":"https:\/\/www.celttv.com.ar\/"},{"@type":"ListItem","position":2,"name":"Coronavirus: Instituciones de la Comarca proponen la aplicaci\u00f3n de un nuevo protocolo de control y desinfecci\u00f3n"}]},{"@type":"WebSite","@id":"https:\/\/www.celttv.com.ar\/#website","url":"https:\/\/www.celttv.com.ar\/","name":"CELTTV","description":"Cooperativa El\u00e9ctrica de Tornquist","publisher":{"@id":"https:\/\/www.celttv.com.ar\/#organization"},"potentialAction":[{"@type":"SearchAction","target":{"@type":"EntryPoint","urlTemplate":"https:\/\/www.celttv.com.ar\/?s={search_term_string}"},"query-input":"required name=search_term_string"}],"inLanguage":"es"},{"@type":"Organization","@id":"https:\/\/www.celttv.com.ar\/#organization","name":"CELTTV","url":"https:\/\/www.celttv.com.ar\/","sameAs":["https:\/\/www.youtube.com\/channel\/UCz_oIt8Hig64Ub-EmcNPIhg","https:\/\/www.facebook.com\/celtTV\/"],"logo":{"@type":"ImageObject","inLanguage":"es","@id":"https:\/\/www.celttv.com.ar\/#\/schema\/logo\/image\/","url":"http:\/\/www.celttv.com.ar\/wp-content\/uploads\/2022\/08\/logo-1.png","contentUrl":"http:\/\/www.celttv.com.ar\/wp-content\/uploads\/2022\/08\/logo-1.png","width":461,"height":159,"caption":"CELTTV"},"image":{"@id":"https:\/\/www.celttv.com.ar\/#\/schema\/logo\/image\/"}},{"@type":"Person","@id":"https:\/\/www.celttv.com.ar\/#\/schema\/person\/6d99c072dba59953809c81446e9d0ace","name":"ulises","image":{"@type":"ImageObject","inLanguage":"es","@id":"https:\/\/www.celttv.com.ar\/#\/schema\/person\/image\/","url":"https:\/\/secure.gravatar.com\/avatar\/7f2c48bdc33b30088f941fb6082e555f2874c98e20cb159d7b92b50eadfce793?s=96&d=mm&r=g","contentUrl":"https:\/\/secure.gravatar.com\/avatar\/7f2c48bdc33b30088f941fb6082e555f2874c98e20cb159d7b92b50eadfce793?s=96&d=mm&r=g","caption":"ulises"},"sameAs":["http:\/\/www.celttv.com.ar"]}]}},"_links":{"self":[{"href":"https:\/\/www.celttv.com.ar\/index.php\/wp-json\/wp\/v2\/posts\/48684","targetHints":{"allow":["GET"]}}],"collection":[{"href":"https:\/\/www.celttv.com.ar\/index.php\/wp-json\/wp\/v2\/posts"}],"about":[{"href":"https:\/\/www.celttv.com.ar\/index.php\/wp-json\/wp\/v2\/types\/post"}],"author":[{"embeddable":true,"href":"https:\/\/www.celttv.com.ar\/index.php\/wp-json\/wp\/v2\/users\/1"}],"replies":[{"embeddable":true,"href":"https:\/\/www.celttv.com.ar\/index.php\/wp-json\/wp\/v2\/comments?post=48684"}],"version-history":[{"count":0,"href":"https:\/\/www.celttv.com.ar\/index.php\/wp-json\/wp\/v2\/posts\/48684\/revisions"}],"wp:featuredmedia":[{"embeddable":true,"href":"https:\/\/www.celttv.com.ar\/index.php\/wp-json\/wp\/v2\/media\/47365"}],"wp:attachment":[{"href":"https:\/\/www.celttv.com.ar\/index.php\/wp-json\/wp\/v2\/media?parent=48684"}],"wp:term":[{"taxonomy":"category","embeddable":true,"href":"https:\/\/www.celttv.com.ar\/index.php\/wp-json\/wp\/v2\/categories?post=48684"},{"taxonomy":"post_tag","embeddable":true,"href":"https:\/\/www.celttv.com.ar\/index.php\/wp-json\/wp\/v2\/tags?post=48684"}],"curies":[{"name":"wp","href":"https:\/\/api.w.org\/{rel}","templated":true}]}}