{"id":48811,"date":"2020-05-04T00:04:52","date_gmt":"2020-05-04T00:04:52","guid":{"rendered":"http:\/\/www.celttv.com.ar\/?p=48811"},"modified":"2020-05-04T00:04:52","modified_gmt":"2020-05-04T00:04:52","slug":"el-congreso-se-prepara-para-la-primera-sesion-virtual-de-su-historia","status":"publish","type":"post","link":"https:\/\/www.celttv.com.ar\/index.php\/2020\/05\/04\/el-congreso-se-prepara-para-la-primera-sesion-virtual-de-su-historia\/","title":{"rendered":"EL CONGRESO SE PREPARA PARA LA PRIMERA SESI\u00d3N VIRTUAL DE SU HISTORIA"},"content":{"rendered":"<p>Sergio Massa recorri\u00f3 esta tarde el recinto de la C\u00e1mara de Diputados con toda la tecnolog\u00eda lista para comenzar a sesionar de forma telem\u00e1tica a partir de esta semana.<\/p>\n<p>El presidente de la C\u00e1mara baja estuvo acompa\u00f1ado por representantes de distintos bloques, como Cristian Ritondo (PRO), Cristina \u00c1lvarez Rodr\u00edguez (Frente de Todos), Facundo Su\u00e1rez Lastra (UCR), Cecilia Moreau (Frente de Todos), \u00c1lvaro Gonz\u00e1lez (PRO) y Miguel Bazz\u00e9 (UCR), y el Secretario General de la C\u00e1mara, Juan Manuel Cheppi.<\/p>\n<p>En un recinto rodeado de paneles con monitores que contendr\u00e1n la imagen en vivo de cada uno de los Diputados, explic\u00f3 el funcionamiento del sistema y los distintos momentos que abarcar\u00e1 la sesion virtual.<\/p>\n<p>Durante el fin de semana se llevaron a cabo numerosas pruebas de estr\u00e9s a la herramienta tecnol\u00f3gica que se implementar\u00e1 junto a la aplicaci\u00f3n desarrollada por los programadores de la C\u00e1mara.<\/p>\n<div class=\"yj6qo\">\u00a0<a href=\"http:\/\/www.celttv.com.ar\/?attachment_id=48813\" rel=\"attachment wp-att-48813\"><img loading=\"lazy\" decoding=\"async\" class=\"alignleft size-full wp-image-48813\" src=\"http:\/\/www.celttv.com.ar\/wp-content\/uploads\/2020\/05\/WhatsApp-Image-2020-05-03-at-20.06.03-1.jpeg\" alt=\"\" width=\"1280\" height=\"853\" srcset=\"https:\/\/www.celttv.com.ar\/wp-content\/uploads\/2020\/05\/WhatsApp-Image-2020-05-03-at-20.06.03-1.jpeg 1280w, https:\/\/www.celttv.com.ar\/wp-content\/uploads\/2020\/05\/WhatsApp-Image-2020-05-03-at-20.06.03-1-300x200.jpeg 300w, https:\/\/www.celttv.com.ar\/wp-content\/uploads\/2020\/05\/WhatsApp-Image-2020-05-03-at-20.06.03-1-1024x682.jpeg 1024w, https:\/\/www.celttv.com.ar\/wp-content\/uploads\/2020\/05\/WhatsApp-Image-2020-05-03-at-20.06.03-1-768x512.jpeg 768w, https:\/\/www.celttv.com.ar\/wp-content\/uploads\/2020\/05\/WhatsApp-Image-2020-05-03-at-20.06.03-1-750x500.jpeg 750w, https:\/\/www.celttv.com.ar\/wp-content\/uploads\/2020\/05\/WhatsApp-Image-2020-05-03-at-20.06.03-1-1140x760.jpeg 1140w\" sizes=\"auto, (max-width: 1280px) 100vw, 1280px\" \/><\/a> <a href=\"http:\/\/www.celttv.com.ar\/?attachment_id=48814\" rel=\"attachment wp-att-48814\"><img loading=\"lazy\" decoding=\"async\" class=\"alignleft size-medium wp-image-48814\" src=\"http:\/\/www.celttv.com.ar\/wp-content\/uploads\/2020\/05\/WhatsApp-Image-2020-05-03-at-20.06.03.jpeg\" alt=\"\" width=\"780\" height=\"520\" srcset=\"https:\/\/www.celttv.com.ar\/wp-content\/uploads\/2020\/05\/WhatsApp-Image-2020-05-03-at-20.06.03.jpeg 1280w, https:\/\/www.celttv.com.ar\/wp-content\/uploads\/2020\/05\/WhatsApp-Image-2020-05-03-at-20.06.03-300x200.jpeg 300w, https:\/\/www.celttv.com.ar\/wp-content\/uploads\/2020\/05\/WhatsApp-Image-2020-05-03-at-20.06.03-1024x682.jpeg 1024w, https:\/\/www.celttv.com.ar\/wp-content\/uploads\/2020\/05\/WhatsApp-Image-2020-05-03-at-20.06.03-768x512.jpeg 768w, https:\/\/www.celttv.com.ar\/wp-content\/uploads\/2020\/05\/WhatsApp-Image-2020-05-03-at-20.06.03-750x500.jpeg 750w, https:\/\/www.celttv.com.ar\/wp-content\/uploads\/2020\/05\/WhatsApp-Image-2020-05-03-at-20.06.03-1140x760.jpeg 1140w\" sizes=\"auto, (max-width: 780px) 100vw, 780px\" \/><\/a> <a href=\"http:\/\/www.celttv.com.ar\/?attachment_id=48815\" rel=\"attachment wp-att-48815\"><img loading=\"lazy\" decoding=\"async\" class=\"alignleft size-medium wp-image-48815\" src=\"http:\/\/www.celttv.com.ar\/wp-content\/uploads\/2020\/05\/WhatsApp-Image-2020-05-03-at-20.06.04.jpeg\" alt=\"\" width=\"780\" height=\"520\" srcset=\"https:\/\/www.celttv.com.ar\/wp-content\/uploads\/2020\/05\/WhatsApp-Image-2020-05-03-at-20.06.04.jpeg 1280w, https:\/\/www.celttv.com.ar\/wp-content\/uploads\/2020\/05\/WhatsApp-Image-2020-05-03-at-20.06.04-300x200.jpeg 300w, https:\/\/www.celttv.com.ar\/wp-content\/uploads\/2020\/05\/WhatsApp-Image-2020-05-03-at-20.06.04-1024x682.jpeg 1024w, https:\/\/www.celttv.com.ar\/wp-content\/uploads\/2020\/05\/WhatsApp-Image-2020-05-03-at-20.06.04-768x512.jpeg 768w, https:\/\/www.celttv.com.ar\/wp-content\/uploads\/2020\/05\/WhatsApp-Image-2020-05-03-at-20.06.04-750x500.jpeg 750w, https:\/\/www.celttv.com.ar\/wp-content\/uploads\/2020\/05\/WhatsApp-Image-2020-05-03-at-20.06.04-1140x760.jpeg 1140w\" sizes=\"auto, (max-width: 780px) 100vw, 780px\" \/><\/a> <a href=\"http:\/\/www.celttv.com.ar\/?attachment_id=48816\" rel=\"attachment wp-att-48816\"><img loading=\"lazy\" decoding=\"async\" class=\"alignleft size-medium wp-image-48816\" src=\"http:\/\/www.celttv.com.ar\/wp-content\/uploads\/2020\/05\/WhatsApp-Image-2020-05-03-at-20.06.06.jpeg\" alt=\"\" width=\"780\" height=\"520\" srcset=\"https:\/\/www.celttv.com.ar\/wp-content\/uploads\/2020\/05\/WhatsApp-Image-2020-05-03-at-20.06.06.jpeg 1280w, https:\/\/www.celttv.com.ar\/wp-content\/uploads\/2020\/05\/WhatsApp-Image-2020-05-03-at-20.06.06-300x200.jpeg 300w, https:\/\/www.celttv.com.ar\/wp-content\/uploads\/2020\/05\/WhatsApp-Image-2020-05-03-at-20.06.06-1024x682.jpeg 1024w, https:\/\/www.celttv.com.ar\/wp-content\/uploads\/2020\/05\/WhatsApp-Image-2020-05-03-at-20.06.06-768x512.jpeg 768w, https:\/\/www.celttv.com.ar\/wp-content\/uploads\/2020\/05\/WhatsApp-Image-2020-05-03-at-20.06.06-750x500.jpeg 750w, https:\/\/www.celttv.com.ar\/wp-content\/uploads\/2020\/05\/WhatsApp-Image-2020-05-03-at-20.06.06-1140x760.jpeg 1140w\" sizes=\"auto, (max-width: 780px) 100vw, 780px\" \/><\/a><\/div>\n<div class=\"adL\"><\/div>\n","protected":false},"excerpt":{"rendered":"<p>Sergio Massa recorri\u00f3 esta tarde el recinto de la C\u00e1mara de Diputados con toda la tecnolog\u00eda lista para comenzar a sesionar de forma telem\u00e1tica a partir de esta semana. El presidente de la C\u00e1mara baja estuvo acompa\u00f1ado por representantes de distintos bloques, como Cristian Ritondo (PRO), Cristina \u00c1lvarez Rodr\u00edguez (Frente de Todos), Facundo Su\u00e1rez Lastra [&hellip;]<\/p>\n","protected":false},"author":1,"featured_media":48814,"comment_status":"closed","ping_status":"open","sticky":false,"template":"","format":"standard","meta":{"footnotes":""},"categories":[51,52,53],"tags":[],"class_list":["post-48811","post","type-post","status-publish","format-standard","has-post-thumbnail","hentry","category-comunidad","category-destacadas","category-politica"],"yoast_head":"<!-- This site is optimized with the Yoast SEO plugin v19.7.1 - https:\/\/yoast.com\/wordpress\/plugins\/seo\/ -->\n<title>EL CONGRESO SE PREPARA PARA LA PRIMERA SESI\u00d3N VIRTUAL DE SU HISTORIA - CELTTV<\/title>\n<meta name=\"description\" content=\"Sitio web de noticias de la localidad de Tornquist, provincia de Buenos Aires, Rep\u00fablica Argentina. Contenido propio originado por periodistas de CELTTV, el canal de TV local de la Cooperativa El\u00e9ctrica de Tornquist. Turismo, Pol\u00edtica, Sociedad, Deporte, Cultura y todo el contenido de inter\u00e9s general que la gente del pueblo y la regi\u00f3n debe conocer.\" \/>\n<meta name=\"robots\" content=\"index, follow, max-snippet:-1, max-image-preview:large, max-video-preview:-1\" \/>\n<link rel=\"canonical\" href=\"https:\/\/www.celttv.com.ar\/index.php\/2020\/05\/04\/el-congreso-se-prepara-para-la-primera-sesion-virtual-de-su-historia\/\" \/>\n<meta property=\"og:locale\" content=\"es_ES\" \/>\n<meta property=\"og:type\" content=\"article\" \/>\n<meta property=\"og:title\" content=\"EL CONGRESO SE PREPARA PARA LA PRIMERA SESI\u00d3N VIRTUAL DE SU HISTORIA - CELTTV\" \/>\n<meta property=\"og:description\" content=\"Sitio web de noticias de la localidad de Tornquist, provincia de Buenos Aires, Rep\u00fablica Argentina. Contenido propio originado por periodistas de CELTTV, el canal de TV local de la Cooperativa El\u00e9ctrica de Tornquist. Turismo, Pol\u00edtica, Sociedad, Deporte, Cultura y todo el contenido de inter\u00e9s general que la gente del pueblo y la regi\u00f3n debe conocer.\" \/>\n<meta property=\"og:url\" content=\"https:\/\/www.celttv.com.ar\/index.php\/2020\/05\/04\/el-congreso-se-prepara-para-la-primera-sesion-virtual-de-su-historia\/\" \/>\n<meta property=\"og:site_name\" content=\"CELTTV\" \/>\n<meta property=\"article:publisher\" content=\"https:\/\/www.facebook.com\/celtTV\/\" \/>\n<meta property=\"article:published_time\" content=\"2020-05-04T00:04:52+00:00\" \/>\n<meta property=\"og:image\" content=\"https:\/\/www.celttv.com.ar\/wp-content\/uploads\/2020\/05\/WhatsApp-Image-2020-05-03-at-20.06.03.jpeg\" \/>\n\t<meta property=\"og:image:width\" content=\"1280\" \/>\n\t<meta property=\"og:image:height\" content=\"853\" \/>\n\t<meta property=\"og:image:type\" content=\"image\/jpeg\" \/>\n<meta name=\"author\" content=\"ulises\" \/>\n<meta name=\"twitter:card\" content=\"summary_large_image\" \/>\n<meta name=\"twitter:label1\" content=\"Escrito por\" \/>\n\t<meta name=\"twitter:data1\" content=\"ulises\" \/>\n\t<meta name=\"twitter:label2\" content=\"Tiempo de lectura\" \/>\n\t<meta name=\"twitter:data2\" content=\"1 minuto\" \/>\n<script type=\"application\/ld+json\" class=\"yoast-schema-graph\">{\"@context\":\"https:\/\/schema.org\",\"@graph\":[{\"@type\":\"NewsArticle\",\"@id\":\"https:\/\/www.celttv.com.ar\/index.php\/2020\/05\/04\/el-congreso-se-prepara-para-la-primera-sesion-virtual-de-su-historia\/#article\",\"isPartOf\":{\"@id\":\"https:\/\/www.celttv.com.ar\/index.php\/2020\/05\/04\/el-congreso-se-prepara-para-la-primera-sesion-virtual-de-su-historia\/\"},\"author\":{\"name\":\"ulises\",\"@id\":\"https:\/\/www.celttv.com.ar\/#\/schema\/person\/6d99c072dba59953809c81446e9d0ace\"},\"headline\":\"EL CONGRESO SE PREPARA PARA LA PRIMERA SESI\u00d3N VIRTUAL DE SU HISTORIA\",\"datePublished\":\"2020-05-04T00:04:52+00:00\",\"dateModified\":\"2020-05-04T00:04:52+00:00\",\"mainEntityOfPage\":{\"@id\":\"https:\/\/www.celttv.com.ar\/index.php\/2020\/05\/04\/el-congreso-se-prepara-para-la-primera-sesion-virtual-de-su-historia\/\"},\"wordCount\":170,\"publisher\":{\"@id\":\"https:\/\/www.celttv.com.ar\/#organization\"},\"articleSection\":[\"Comunidad\",\"Destacadas\",\"Pol\u00edtica\"],\"inLanguage\":\"es\"},{\"@type\":\"WebPage\",\"@id\":\"https:\/\/www.celttv.com.ar\/index.php\/2020\/05\/04\/el-congreso-se-prepara-para-la-primera-sesion-virtual-de-su-historia\/\",\"url\":\"https:\/\/www.celttv.com.ar\/index.php\/2020\/05\/04\/el-congreso-se-prepara-para-la-primera-sesion-virtual-de-su-historia\/\",\"name\":\"EL CONGRESO SE PREPARA PARA LA PRIMERA SESI\u00d3N VIRTUAL DE SU HISTORIA - CELTTV\",\"isPartOf\":{\"@id\":\"https:\/\/www.celttv.com.ar\/#website\"},\"datePublished\":\"2020-05-04T00:04:52+00:00\",\"dateModified\":\"2020-05-04T00:04:52+00:00\",\"description\":\"Sitio web de noticias de la localidad de Tornquist, provincia de Buenos Aires, Rep\u00fablica Argentina. Contenido propio originado por periodistas de CELTTV, el canal de TV local de la Cooperativa El\u00e9ctrica de Tornquist. Turismo, Pol\u00edtica, Sociedad, Deporte, Cultura y todo el contenido de inter\u00e9s general que la gente del pueblo y la regi\u00f3n debe conocer.\",\"breadcrumb\":{\"@id\":\"https:\/\/www.celttv.com.ar\/index.php\/2020\/05\/04\/el-congreso-se-prepara-para-la-primera-sesion-virtual-de-su-historia\/#breadcrumb\"},\"inLanguage\":\"es\",\"potentialAction\":[{\"@type\":\"ReadAction\",\"target\":[\"https:\/\/www.celttv.com.ar\/index.php\/2020\/05\/04\/el-congreso-se-prepara-para-la-primera-sesion-virtual-de-su-historia\/\"]}]},{\"@type\":\"BreadcrumbList\",\"@id\":\"https:\/\/www.celttv.com.ar\/index.php\/2020\/05\/04\/el-congreso-se-prepara-para-la-primera-sesion-virtual-de-su-historia\/#breadcrumb\",\"itemListElement\":[{\"@type\":\"ListItem\",\"position\":1,\"name\":\"Inicio\",\"item\":\"https:\/\/www.celttv.com.ar\/\"},{\"@type\":\"ListItem\",\"position\":2,\"name\":\"EL CONGRESO SE PREPARA PARA LA PRIMERA SESI\u00d3N VIRTUAL DE SU HISTORIA\"}]},{\"@type\":\"WebSite\",\"@id\":\"https:\/\/www.celttv.com.ar\/#website\",\"url\":\"https:\/\/www.celttv.com.ar\/\",\"name\":\"CELTTV\",\"description\":\"Cooperativa El\u00e9ctrica de Tornquist\",\"publisher\":{\"@id\":\"https:\/\/www.celttv.com.ar\/#organization\"},\"potentialAction\":[{\"@type\":\"SearchAction\",\"target\":{\"@type\":\"EntryPoint\",\"urlTemplate\":\"https:\/\/www.celttv.com.ar\/?s={search_term_string}\"},\"query-input\":\"required name=search_term_string\"}],\"inLanguage\":\"es\"},{\"@type\":\"Organization\",\"@id\":\"https:\/\/www.celttv.com.ar\/#organization\",\"name\":\"CELTTV\",\"url\":\"https:\/\/www.celttv.com.ar\/\",\"sameAs\":[\"https:\/\/www.youtube.com\/channel\/UCz_oIt8Hig64Ub-EmcNPIhg\",\"https:\/\/www.facebook.com\/celtTV\/\"],\"logo\":{\"@type\":\"ImageObject\",\"inLanguage\":\"es\",\"@id\":\"https:\/\/www.celttv.com.ar\/#\/schema\/logo\/image\/\",\"url\":\"http:\/\/www.celttv.com.ar\/wp-content\/uploads\/2022\/08\/logo-1.png\",\"contentUrl\":\"http:\/\/www.celttv.com.ar\/wp-content\/uploads\/2022\/08\/logo-1.png\",\"width\":461,\"height\":159,\"caption\":\"CELTTV\"},\"image\":{\"@id\":\"https:\/\/www.celttv.com.ar\/#\/schema\/logo\/image\/\"}},{\"@type\":\"Person\",\"@id\":\"https:\/\/www.celttv.com.ar\/#\/schema\/person\/6d99c072dba59953809c81446e9d0ace\",\"name\":\"ulises\",\"image\":{\"@type\":\"ImageObject\",\"inLanguage\":\"es\",\"@id\":\"https:\/\/www.celttv.com.ar\/#\/schema\/person\/image\/\",\"url\":\"https:\/\/secure.gravatar.com\/avatar\/7f2c48bdc33b30088f941fb6082e555f2874c98e20cb159d7b92b50eadfce793?s=96&d=mm&r=g\",\"contentUrl\":\"https:\/\/secure.gravatar.com\/avatar\/7f2c48bdc33b30088f941fb6082e555f2874c98e20cb159d7b92b50eadfce793?s=96&d=mm&r=g\",\"caption\":\"ulises\"},\"sameAs\":[\"http:\/\/www.celttv.com.ar\"]}]}<\/script>\n<!-- \/ Yoast SEO plugin. -->","yoast_head_json":{"title":"EL CONGRESO SE PREPARA PARA LA PRIMERA SESI\u00d3N VIRTUAL DE SU HISTORIA - CELTTV","description":"Sitio web de noticias de la localidad de Tornquist, provincia de Buenos Aires, Rep\u00fablica Argentina. Contenido propio originado por periodistas de CELTTV, el canal de TV local de la Cooperativa El\u00e9ctrica de Tornquist. Turismo, Pol\u00edtica, Sociedad, Deporte, Cultura y todo el contenido de inter\u00e9s general que la gente del pueblo y la regi\u00f3n debe conocer.","robots":{"index":"index","follow":"follow","max-snippet":"max-snippet:-1","max-image-preview":"max-image-preview:large","max-video-preview":"max-video-preview:-1"},"canonical":"https:\/\/www.celttv.com.ar\/index.php\/2020\/05\/04\/el-congreso-se-prepara-para-la-primera-sesion-virtual-de-su-historia\/","og_locale":"es_ES","og_type":"article","og_title":"EL CONGRESO SE PREPARA PARA LA PRIMERA SESI\u00d3N VIRTUAL DE SU HISTORIA - CELTTV","og_description":"Sitio web de noticias de la localidad de Tornquist, provincia de Buenos Aires, Rep\u00fablica Argentina. Contenido propio originado por periodistas de CELTTV, el canal de TV local de la Cooperativa El\u00e9ctrica de Tornquist. Turismo, Pol\u00edtica, Sociedad, Deporte, Cultura y todo el contenido de inter\u00e9s general que la gente del pueblo y la regi\u00f3n debe conocer.","og_url":"https:\/\/www.celttv.com.ar\/index.php\/2020\/05\/04\/el-congreso-se-prepara-para-la-primera-sesion-virtual-de-su-historia\/","og_site_name":"CELTTV","article_publisher":"https:\/\/www.facebook.com\/celtTV\/","article_published_time":"2020-05-04T00:04:52+00:00","og_image":[{"width":1280,"height":853,"url":"https:\/\/www.celttv.com.ar\/wp-content\/uploads\/2020\/05\/WhatsApp-Image-2020-05-03-at-20.06.03.jpeg","type":"image\/jpeg"}],"author":"ulises","twitter_card":"summary_large_image","twitter_misc":{"Escrito por":"ulises","Tiempo de lectura":"1 minuto"},"schema":{"@context":"https:\/\/schema.org","@graph":[{"@type":"NewsArticle","@id":"https:\/\/www.celttv.com.ar\/index.php\/2020\/05\/04\/el-congreso-se-prepara-para-la-primera-sesion-virtual-de-su-historia\/#article","isPartOf":{"@id":"https:\/\/www.celttv.com.ar\/index.php\/2020\/05\/04\/el-congreso-se-prepara-para-la-primera-sesion-virtual-de-su-historia\/"},"author":{"name":"ulises","@id":"https:\/\/www.celttv.com.ar\/#\/schema\/person\/6d99c072dba59953809c81446e9d0ace"},"headline":"EL CONGRESO SE PREPARA PARA LA PRIMERA SESI\u00d3N VIRTUAL DE SU HISTORIA","datePublished":"2020-05-04T00:04:52+00:00","dateModified":"2020-05-04T00:04:52+00:00","mainEntityOfPage":{"@id":"https:\/\/www.celttv.com.ar\/index.php\/2020\/05\/04\/el-congreso-se-prepara-para-la-primera-sesion-virtual-de-su-historia\/"},"wordCount":170,"publisher":{"@id":"https:\/\/www.celttv.com.ar\/#organization"},"articleSection":["Comunidad","Destacadas","Pol\u00edtica"],"inLanguage":"es"},{"@type":"WebPage","@id":"https:\/\/www.celttv.com.ar\/index.php\/2020\/05\/04\/el-congreso-se-prepara-para-la-primera-sesion-virtual-de-su-historia\/","url":"https:\/\/www.celttv.com.ar\/index.php\/2020\/05\/04\/el-congreso-se-prepara-para-la-primera-sesion-virtual-de-su-historia\/","name":"EL CONGRESO SE PREPARA PARA LA PRIMERA SESI\u00d3N VIRTUAL DE SU HISTORIA - CELTTV","isPartOf":{"@id":"https:\/\/www.celttv.com.ar\/#website"},"datePublished":"2020-05-04T00:04:52+00:00","dateModified":"2020-05-04T00:04:52+00:00","description":"Sitio web de noticias de la localidad de Tornquist, provincia de Buenos Aires, Rep\u00fablica Argentina. Contenido propio originado por periodistas de CELTTV, el canal de TV local de la Cooperativa El\u00e9ctrica de Tornquist. Turismo, Pol\u00edtica, Sociedad, Deporte, Cultura y todo el contenido de inter\u00e9s general que la gente del pueblo y la regi\u00f3n debe conocer.","breadcrumb":{"@id":"https:\/\/www.celttv.com.ar\/index.php\/2020\/05\/04\/el-congreso-se-prepara-para-la-primera-sesion-virtual-de-su-historia\/#breadcrumb"},"inLanguage":"es","potentialAction":[{"@type":"ReadAction","target":["https:\/\/www.celttv.com.ar\/index.php\/2020\/05\/04\/el-congreso-se-prepara-para-la-primera-sesion-virtual-de-su-historia\/"]}]},{"@type":"BreadcrumbList","@id":"https:\/\/www.celttv.com.ar\/index.php\/2020\/05\/04\/el-congreso-se-prepara-para-la-primera-sesion-virtual-de-su-historia\/#breadcrumb","itemListElement":[{"@type":"ListItem","position":1,"name":"Inicio","item":"https:\/\/www.celttv.com.ar\/"},{"@type":"ListItem","position":2,"name":"EL CONGRESO SE PREPARA PARA LA PRIMERA SESI\u00d3N VIRTUAL DE SU HISTORIA"}]},{"@type":"WebSite","@id":"https:\/\/www.celttv.com.ar\/#website","url":"https:\/\/www.celttv.com.ar\/","name":"CELTTV","description":"Cooperativa El\u00e9ctrica de Tornquist","publisher":{"@id":"https:\/\/www.celttv.com.ar\/#organization"},"potentialAction":[{"@type":"SearchAction","target":{"@type":"EntryPoint","urlTemplate":"https:\/\/www.celttv.com.ar\/?s={search_term_string}"},"query-input":"required name=search_term_string"}],"inLanguage":"es"},{"@type":"Organization","@id":"https:\/\/www.celttv.com.ar\/#organization","name":"CELTTV","url":"https:\/\/www.celttv.com.ar\/","sameAs":["https:\/\/www.youtube.com\/channel\/UCz_oIt8Hig64Ub-EmcNPIhg","https:\/\/www.facebook.com\/celtTV\/"],"logo":{"@type":"ImageObject","inLanguage":"es","@id":"https:\/\/www.celttv.com.ar\/#\/schema\/logo\/image\/","url":"http:\/\/www.celttv.com.ar\/wp-content\/uploads\/2022\/08\/logo-1.png","contentUrl":"http:\/\/www.celttv.com.ar\/wp-content\/uploads\/2022\/08\/logo-1.png","width":461,"height":159,"caption":"CELTTV"},"image":{"@id":"https:\/\/www.celttv.com.ar\/#\/schema\/logo\/image\/"}},{"@type":"Person","@id":"https:\/\/www.celttv.com.ar\/#\/schema\/person\/6d99c072dba59953809c81446e9d0ace","name":"ulises","image":{"@type":"ImageObject","inLanguage":"es","@id":"https:\/\/www.celttv.com.ar\/#\/schema\/person\/image\/","url":"https:\/\/secure.gravatar.com\/avatar\/7f2c48bdc33b30088f941fb6082e555f2874c98e20cb159d7b92b50eadfce793?s=96&d=mm&r=g","contentUrl":"https:\/\/secure.gravatar.com\/avatar\/7f2c48bdc33b30088f941fb6082e555f2874c98e20cb159d7b92b50eadfce793?s=96&d=mm&r=g","caption":"ulises"},"sameAs":["http:\/\/www.celttv.com.ar"]}]}},"_links":{"self":[{"href":"https:\/\/www.celttv.com.ar\/index.php\/wp-json\/wp\/v2\/posts\/48811","targetHints":{"allow":["GET"]}}],"collection":[{"href":"https:\/\/www.celttv.com.ar\/index.php\/wp-json\/wp\/v2\/posts"}],"about":[{"href":"https:\/\/www.celttv.com.ar\/index.php\/wp-json\/wp\/v2\/types\/post"}],"author":[{"embeddable":true,"href":"https:\/\/www.celttv.com.ar\/index.php\/wp-json\/wp\/v2\/users\/1"}],"replies":[{"embeddable":true,"href":"https:\/\/www.celttv.com.ar\/index.php\/wp-json\/wp\/v2\/comments?post=48811"}],"version-history":[{"count":0,"href":"https:\/\/www.celttv.com.ar\/index.php\/wp-json\/wp\/v2\/posts\/48811\/revisions"}],"wp:featuredmedia":[{"embeddable":true,"href":"https:\/\/www.celttv.com.ar\/index.php\/wp-json\/wp\/v2\/media\/48814"}],"wp:attachment":[{"href":"https:\/\/www.celttv.com.ar\/index.php\/wp-json\/wp\/v2\/media?parent=48811"}],"wp:term":[{"taxonomy":"category","embeddable":true,"href":"https:\/\/www.celttv.com.ar\/index.php\/wp-json\/wp\/v2\/categories?post=48811"},{"taxonomy":"post_tag","embeddable":true,"href":"https:\/\/www.celttv.com.ar\/index.php\/wp-json\/wp\/v2\/tags?post=48811"}],"curies":[{"name":"wp","href":"https:\/\/api.w.org\/{rel}","templated":true}]}}