{"id":48819,"date":"2020-05-04T00:48:56","date_gmt":"2020-05-04T00:48:56","guid":{"rendered":"http:\/\/www.celttv.com.ar\/?p=48819"},"modified":"2020-05-04T00:48:56","modified_gmt":"2020-05-04T00:48:56","slug":"se-amplian-las-actividades-que-podran-desarrollarse-en-el-distrito","status":"publish","type":"post","link":"https:\/\/www.celttv.com.ar\/index.php\/2020\/05\/04\/se-amplian-las-actividades-que-podran-desarrollarse-en-el-distrito\/","title":{"rendered":"Se ampl\u00edan las actividades que podr\u00e1n desarrollarse en el distrito"},"content":{"rendered":"<p>Tornquist Municipio informa que con el fin de comenzar a reactivar los circuitos econ\u00f3micos dentro del distrito, y considerando que no tenemos casos de Covid-19 en el mismo, se ha decidido ampliar el listado de actividades que podr\u00e1n desarrollarse dentro del aislamiento administrado.<\/p>\n<p>Las actividades que podr\u00e1n comenzar a funcionar son:<\/p>\n<ol>\n<li>Comercios minoristas: venta de indumentaria, calzado, blanquear\u00edas, art\u00edculos deportivos, casas de electrodom\u00e9sticos y art\u00edculos para el hogar, casas de computaci\u00f3n y tecnolog\u00eda, bazares y todo aquel comercio que ofrezca productos a la venta individual.<\/li>\n<\/ol>\n<p><strong><u>Medidas para atenci\u00f3n del cliente:<\/u><\/strong><\/p>\n<ul>\n<li>Ingreso de un solo cliente por vez, en el caso de salones comerciales de grandes superficies, se permite el ingreso de 1 persona por cada 2 metros cuadrados disponibles para la espera de clientes.<\/li>\n<\/ul>\n<p>&nbsp;<\/p>\n<ul>\n<li>Uso de mascara facial, tapabocas o barbijo casero por parte del empleado durante la atenci\u00f3n del cliente.<\/li>\n<\/ul>\n<p>&nbsp;<\/p>\n<ul>\n<li>Dejar a disposici\u00f3n de los clientes los productos necesarios para la desinfecci\u00f3n de manos tales como alcohol al 70% o alcohol en gel.<\/li>\n<li>Limpieza de todas las superficies regularmente con agua con lavandina (1 litro de agua m\u00e1s 10 ml de lavandina) o con alcohol 70%.<\/li>\n<\/ul>\n<p>&nbsp;<\/p>\n<ul>\n<li>D\u00edas y horario de atenci\u00f3n de lunes a domingo de 8.00 a 17.00hs <strong>(sin excepci\u00f3n)<\/strong><\/li>\n<\/ul>\n<p>D\u00edas permitidos seg\u00fan DNI de los clientes:<\/p>\n<ul>\n<li>D\u00edas MI\u00c9RCOLES, VIERNES Y DOMINGO permiso otorgado para aquellas personas cuyo D.N.I. finaliza en n\u00famero par. (0-2-4-6-8)<\/li>\n<li>D\u00edas MARTES, JUEVES Y S\u00c1BADOS, permiso otorgado para aquellas personas cuyo D.N.I. finaliza con n\u00famero impar (1-3-5-7-9)<\/li>\n<li>Los d\u00edas lunes ser\u00e1n exclusivos para adultos mayores o personas de riesgo.<\/li>\n<\/ul>\n<ol start=\"2\">\n<li>Restaurantes y Casas de Comidas: Seguir\u00e1n con el acceso cerrado a clientes a ocupar mesas o sillas del local, podr\u00e1n seguir vendiendo con el modo delivery, pero se permitir\u00e1 tambi\u00e9n a los clientes que puedan recoger los pedidos en el comercio ingresando al mismo, \u00fanicamente en el horario de 8 a 17hs. Se deber\u00e1 respetar el criterio de atender solo una persona a la vez, manteniendo el distanciamiento social exigido. Los horarios de atenci\u00f3n contin\u00faan siendo los mismos, de 8 a 17 podr\u00e1n hacerlo en modo delivery o bajo esta nueva modalidad, y de <strong><u>20 a 23 hs podr\u00e1n comercializar s\u00f3lo con la modalidad de entrega a domicilio.<\/u><\/strong><\/li>\n<\/ol>\n<p>Recordamos que se deber\u00e1n respetar los protocolos de sanidad establecidos para poder desarrollar las distintas actividades.<\/p>\n<p>Asimismo reforzamos que el horario habilitado para mantener las puertas de los comercios abiertas es de 8 a 17hs, con el fin de evitar aglomeraci\u00f3n de personas.<\/p>\n<p>Las compras, solo se podr\u00e1n realizar con una persona por veh\u00edculo, acci\u00f3n que ser\u00e1 controlada por las fuerzas policiales.<\/p>\n<p>Solicitamos la buena colaboraci\u00f3n de los vecinos del distrito, para poder ir llevando adelante el aislamiento administrado, cuid\u00e1ndonos entre todos. Respetemos el distanciamiento social.<\/p>\n<hr \/>\n<p><strong>\u00a0<\/strong><\/p>\n<p><u>PROTOCOLO DE CONTINGENCIA COVID &#8211; 19 \u00a0EN EL DISTRITO DE TORNQUIST<\/u><\/p>\n<p><u>\u00a0<\/u><\/p>\n<p><strong>1.- Se establecen las siguientes medidas para el funcionamiento de los comercios de venta minorista al p\u00fablico con atenci\u00f3n en local comercial.<\/strong><\/p>\n<p><strong>\u00a0<\/strong><\/p>\n<p>Medidas para atenci\u00f3n del cliente:<\/p>\n<ul>\n<li>Ingreso de un solo cliente por vez, en el caso de salones comerciales de grandes superficies, se permite el ingreso de 1 persona por cada 2 metros cuadrados disponibles para la espera de clientes.<\/li>\n<li>Uso de mascara facial, tapabocas o barbijo casero por parte del empleado durante la atenci\u00f3n del cliente.<\/li>\n<li>Dejar a disposici\u00f3n de los clientes los productos necesarios para la desinfecci\u00f3n de manos tales como alcohol al 70% o alcohol en gel.<\/li>\n<li>Limpieza de todas las superficies regularmente con agua con lavandina (1 litro de agua m\u00e1s 10 ml de lavandina) o con alcohol 70%.<\/li>\n<li>D\u00edas y horario de atenci\u00f3n de lunes a domingo de 8.00 a 17.00hs (sin excepci\u00f3n).<\/li>\n<\/ul>\n<p>D\u00edas permitidos seg\u00fan DNI de los clientes:<\/p>\n<ul>\n<li>D\u00edas MI\u00c9RCOLES, VIERNES Y DOMINGO permiso otorgado para aquellas personas cuyo D.N.I. finaliza en n\u00famero par. (0-2-4-6-8)<\/li>\n<li>D\u00edas MARTES, JUEVES Y S\u00c1BADOS, permiso otorgado para aquellas personas cuyo D.N.I. finaliza con n\u00famero impar (1-3-5-7-9)<\/li>\n<li>Los d\u00edas lunes ser\u00e1n exclusivos para adultos mayores o personas de riesgo.<\/li>\n<li>\u00daNICAMENTE en HORARIO de 8:00 a 17:00 hs.<\/li>\n<li>Realizar turnos de trabajo por parte del personal, de modo tal que se reduzca la cantidad de personas en el \u00e1mbito laboral.<\/li>\n<\/ul>\n<p>&nbsp;<\/p>\n<p>2.- Modificaci\u00f3n al protocolo a seguir por restaurantes y casas de comida<\/p>\n<ul>\n<li>Seguir\u00e1n con el acceso cerrado a clientes para ocupar mesas o sillas del local, podr\u00e1n seguir vendiendo con el modo delivery, pero se permitir\u00e1 tambi\u00e9n a los clientes que puedan recoger los pedidos en el comercio ingresando al mismo. Se deber\u00e1 respetar el criterio de atender solo una persona a la vez, manteniendo el distanciamiento social exigido. Los horarios de atenci\u00f3n contin\u00faan siendo los mismos, de 8 a 17 podr\u00e1n hacerlo en modo delivery o bajo esta nueva modalidad, y de 20 a 23 hs podr\u00e1n comercializar s\u00f3lo con la modalidad de entrega a domicilio.<\/li>\n<\/ul>\n<hr \/>\n<p><a href=\"http:\/\/www.celttv.com.ar\/?attachment_id=48820\" rel=\"attachment wp-att-48820\"><img loading=\"lazy\" decoding=\"async\" class=\"alignleft size-full wp-image-48820\" src=\"http:\/\/www.celttv.com.ar\/wp-content\/uploads\/2020\/05\/WhatsApp-Image-2020-05-03-at-19.01.09.jpeg\" alt=\"\" width=\"719\" height=\"1280\" srcset=\"https:\/\/www.celttv.com.ar\/wp-content\/uploads\/2020\/05\/WhatsApp-Image-2020-05-03-at-19.01.09.jpeg 719w, https:\/\/www.celttv.com.ar\/wp-content\/uploads\/2020\/05\/WhatsApp-Image-2020-05-03-at-19.01.09-169x300.jpeg 169w, https:\/\/www.celttv.com.ar\/wp-content\/uploads\/2020\/05\/WhatsApp-Image-2020-05-03-at-19.01.09-575x1024.jpeg 575w\" sizes=\"auto, (max-width: 719px) 100vw, 719px\" \/><\/a> <a href=\"http:\/\/www.celttv.com.ar\/?attachment_id=48821\" rel=\"attachment wp-att-48821\"><img loading=\"lazy\" decoding=\"async\" class=\"alignleft size-medium wp-image-48821\" src=\"http:\/\/www.celttv.com.ar\/wp-content\/uploads\/2020\/05\/WhatsApp-Image-2020-05-03-at-20.36.44.jpeg\" alt=\"\" width=\"438\" height=\"780\" srcset=\"https:\/\/www.celttv.com.ar\/wp-content\/uploads\/2020\/05\/WhatsApp-Image-2020-05-03-at-20.36.44.jpeg 719w, https:\/\/www.celttv.com.ar\/wp-content\/uploads\/2020\/05\/WhatsApp-Image-2020-05-03-at-20.36.44-169x300.jpeg 169w, https:\/\/www.celttv.com.ar\/wp-content\/uploads\/2020\/05\/WhatsApp-Image-2020-05-03-at-20.36.44-575x1024.jpeg 575w\" sizes=\"auto, (max-width: 438px) 100vw, 438px\" \/><\/a> <a href=\"http:\/\/www.celttv.com.ar\/?attachment_id=48822\" rel=\"attachment wp-att-48822\"><img loading=\"lazy\" decoding=\"async\" class=\"alignleft size-medium wp-image-48822\" src=\"http:\/\/www.celttv.com.ar\/wp-content\/uploads\/2020\/05\/WhatsApp-Image-2020-05-03-at-20.37.53.jpeg\" alt=\"\" width=\"438\" height=\"780\" srcset=\"https:\/\/www.celttv.com.ar\/wp-content\/uploads\/2020\/05\/WhatsApp-Image-2020-05-03-at-20.37.53.jpeg 719w, https:\/\/www.celttv.com.ar\/wp-content\/uploads\/2020\/05\/WhatsApp-Image-2020-05-03-at-20.37.53-169x300.jpeg 169w, https:\/\/www.celttv.com.ar\/wp-content\/uploads\/2020\/05\/WhatsApp-Image-2020-05-03-at-20.37.53-575x1024.jpeg 575w\" sizes=\"auto, (max-width: 438px) 100vw, 438px\" \/><\/a><\/p>\n<p>&nbsp;<\/p>\n","protected":false},"excerpt":{"rendered":"<p>Tornquist Municipio informa que con el fin de comenzar a reactivar los circuitos econ\u00f3micos dentro del distrito, y considerando que no tenemos casos de Covid-19 en el mismo, se ha decidido ampliar el listado de actividades que podr\u00e1n desarrollarse dentro del aislamiento administrado. Las actividades que podr\u00e1n comenzar a funcionar son: Comercios minoristas: venta de [&hellip;]<\/p>\n","protected":false},"author":1,"featured_media":48821,"comment_status":"closed","ping_status":"open","sticky":false,"template":"","format":"standard","meta":{"footnotes":""},"categories":[51,52,59],"tags":[],"class_list":["post-48819","post","type-post","status-publish","format-standard","has-post-thumbnail","hentry","category-comunidad","category-destacadas","category-municipales"],"yoast_head":"<!-- This site is optimized with the Yoast SEO plugin v19.7.1 - https:\/\/yoast.com\/wordpress\/plugins\/seo\/ -->\n<title>Se ampl\u00edan las actividades que podr\u00e1n desarrollarse en el distrito - CELTTV<\/title>\n<meta name=\"description\" content=\"Sitio web de noticias de la localidad de Tornquist, provincia de Buenos Aires, Rep\u00fablica Argentina. Contenido propio originado por periodistas de CELTTV, el canal de TV local de la Cooperativa El\u00e9ctrica de Tornquist. Turismo, Pol\u00edtica, Sociedad, Deporte, Cultura y todo el contenido de inter\u00e9s general que la gente del pueblo y la regi\u00f3n debe conocer.\" \/>\n<meta name=\"robots\" content=\"index, follow, max-snippet:-1, max-image-preview:large, max-video-preview:-1\" \/>\n<link rel=\"canonical\" href=\"https:\/\/www.celttv.com.ar\/index.php\/2020\/05\/04\/se-amplian-las-actividades-que-podran-desarrollarse-en-el-distrito\/\" \/>\n<meta property=\"og:locale\" content=\"es_ES\" \/>\n<meta property=\"og:type\" content=\"article\" \/>\n<meta property=\"og:title\" content=\"Se ampl\u00edan las actividades que podr\u00e1n desarrollarse en el distrito - CELTTV\" \/>\n<meta property=\"og:description\" content=\"Sitio web de noticias de la localidad de Tornquist, provincia de Buenos Aires, Rep\u00fablica Argentina. Contenido propio originado por periodistas de CELTTV, el canal de TV local de la Cooperativa El\u00e9ctrica de Tornquist. Turismo, Pol\u00edtica, Sociedad, Deporte, Cultura y todo el contenido de inter\u00e9s general que la gente del pueblo y la regi\u00f3n debe conocer.\" \/>\n<meta property=\"og:url\" content=\"https:\/\/www.celttv.com.ar\/index.php\/2020\/05\/04\/se-amplian-las-actividades-que-podran-desarrollarse-en-el-distrito\/\" \/>\n<meta property=\"og:site_name\" content=\"CELTTV\" \/>\n<meta property=\"article:publisher\" content=\"https:\/\/www.facebook.com\/celtTV\/\" \/>\n<meta property=\"article:published_time\" content=\"2020-05-04T00:48:56+00:00\" \/>\n<meta property=\"og:image\" content=\"https:\/\/www.celttv.com.ar\/wp-content\/uploads\/2020\/05\/WhatsApp-Image-2020-05-03-at-20.36.44.jpeg\" \/>\n\t<meta property=\"og:image:width\" content=\"719\" \/>\n\t<meta property=\"og:image:height\" content=\"1280\" \/>\n\t<meta property=\"og:image:type\" content=\"image\/jpeg\" \/>\n<meta name=\"author\" content=\"ulises\" \/>\n<meta name=\"twitter:card\" content=\"summary_large_image\" \/>\n<meta name=\"twitter:label1\" content=\"Escrito por\" \/>\n\t<meta name=\"twitter:data1\" content=\"ulises\" \/>\n\t<meta name=\"twitter:label2\" content=\"Tiempo de lectura\" \/>\n\t<meta name=\"twitter:data2\" content=\"4 minutos\" \/>\n<script type=\"application\/ld+json\" class=\"yoast-schema-graph\">{\"@context\":\"https:\/\/schema.org\",\"@graph\":[{\"@type\":\"NewsArticle\",\"@id\":\"https:\/\/www.celttv.com.ar\/index.php\/2020\/05\/04\/se-amplian-las-actividades-que-podran-desarrollarse-en-el-distrito\/#article\",\"isPartOf\":{\"@id\":\"https:\/\/www.celttv.com.ar\/index.php\/2020\/05\/04\/se-amplian-las-actividades-que-podran-desarrollarse-en-el-distrito\/\"},\"author\":{\"name\":\"ulises\",\"@id\":\"https:\/\/www.celttv.com.ar\/#\/schema\/person\/6d99c072dba59953809c81446e9d0ace\"},\"headline\":\"Se ampl\u00edan las actividades que podr\u00e1n desarrollarse en el distrito\",\"datePublished\":\"2020-05-04T00:48:56+00:00\",\"dateModified\":\"2020-05-04T00:48:56+00:00\",\"mainEntityOfPage\":{\"@id\":\"https:\/\/www.celttv.com.ar\/index.php\/2020\/05\/04\/se-amplian-las-actividades-que-podran-desarrollarse-en-el-distrito\/\"},\"wordCount\":870,\"publisher\":{\"@id\":\"https:\/\/www.celttv.com.ar\/#organization\"},\"articleSection\":[\"Comunidad\",\"Destacadas\",\"Municipales\"],\"inLanguage\":\"es\"},{\"@type\":\"WebPage\",\"@id\":\"https:\/\/www.celttv.com.ar\/index.php\/2020\/05\/04\/se-amplian-las-actividades-que-podran-desarrollarse-en-el-distrito\/\",\"url\":\"https:\/\/www.celttv.com.ar\/index.php\/2020\/05\/04\/se-amplian-las-actividades-que-podran-desarrollarse-en-el-distrito\/\",\"name\":\"Se ampl\u00edan las actividades que podr\u00e1n desarrollarse en el distrito - CELTTV\",\"isPartOf\":{\"@id\":\"https:\/\/www.celttv.com.ar\/#website\"},\"datePublished\":\"2020-05-04T00:48:56+00:00\",\"dateModified\":\"2020-05-04T00:48:56+00:00\",\"description\":\"Sitio web de noticias de la localidad de Tornquist, provincia de Buenos Aires, Rep\u00fablica Argentina. Contenido propio originado por periodistas de CELTTV, el canal de TV local de la Cooperativa El\u00e9ctrica de Tornquist. Turismo, Pol\u00edtica, Sociedad, Deporte, Cultura y todo el contenido de inter\u00e9s general que la gente del pueblo y la regi\u00f3n debe conocer.\",\"breadcrumb\":{\"@id\":\"https:\/\/www.celttv.com.ar\/index.php\/2020\/05\/04\/se-amplian-las-actividades-que-podran-desarrollarse-en-el-distrito\/#breadcrumb\"},\"inLanguage\":\"es\",\"potentialAction\":[{\"@type\":\"ReadAction\",\"target\":[\"https:\/\/www.celttv.com.ar\/index.php\/2020\/05\/04\/se-amplian-las-actividades-que-podran-desarrollarse-en-el-distrito\/\"]}]},{\"@type\":\"BreadcrumbList\",\"@id\":\"https:\/\/www.celttv.com.ar\/index.php\/2020\/05\/04\/se-amplian-las-actividades-que-podran-desarrollarse-en-el-distrito\/#breadcrumb\",\"itemListElement\":[{\"@type\":\"ListItem\",\"position\":1,\"name\":\"Inicio\",\"item\":\"https:\/\/www.celttv.com.ar\/\"},{\"@type\":\"ListItem\",\"position\":2,\"name\":\"Se ampl\u00edan las actividades que podr\u00e1n desarrollarse en el distrito\"}]},{\"@type\":\"WebSite\",\"@id\":\"https:\/\/www.celttv.com.ar\/#website\",\"url\":\"https:\/\/www.celttv.com.ar\/\",\"name\":\"CELTTV\",\"description\":\"Cooperativa El\u00e9ctrica de Tornquist\",\"publisher\":{\"@id\":\"https:\/\/www.celttv.com.ar\/#organization\"},\"potentialAction\":[{\"@type\":\"SearchAction\",\"target\":{\"@type\":\"EntryPoint\",\"urlTemplate\":\"https:\/\/www.celttv.com.ar\/?s={search_term_string}\"},\"query-input\":\"required name=search_term_string\"}],\"inLanguage\":\"es\"},{\"@type\":\"Organization\",\"@id\":\"https:\/\/www.celttv.com.ar\/#organization\",\"name\":\"CELTTV\",\"url\":\"https:\/\/www.celttv.com.ar\/\",\"sameAs\":[\"https:\/\/www.youtube.com\/channel\/UCz_oIt8Hig64Ub-EmcNPIhg\",\"https:\/\/www.facebook.com\/celtTV\/\"],\"logo\":{\"@type\":\"ImageObject\",\"inLanguage\":\"es\",\"@id\":\"https:\/\/www.celttv.com.ar\/#\/schema\/logo\/image\/\",\"url\":\"http:\/\/www.celttv.com.ar\/wp-content\/uploads\/2022\/08\/logo-1.png\",\"contentUrl\":\"http:\/\/www.celttv.com.ar\/wp-content\/uploads\/2022\/08\/logo-1.png\",\"width\":461,\"height\":159,\"caption\":\"CELTTV\"},\"image\":{\"@id\":\"https:\/\/www.celttv.com.ar\/#\/schema\/logo\/image\/\"}},{\"@type\":\"Person\",\"@id\":\"https:\/\/www.celttv.com.ar\/#\/schema\/person\/6d99c072dba59953809c81446e9d0ace\",\"name\":\"ulises\",\"image\":{\"@type\":\"ImageObject\",\"inLanguage\":\"es\",\"@id\":\"https:\/\/www.celttv.com.ar\/#\/schema\/person\/image\/\",\"url\":\"https:\/\/secure.gravatar.com\/avatar\/7f2c48bdc33b30088f941fb6082e555f2874c98e20cb159d7b92b50eadfce793?s=96&d=mm&r=g\",\"contentUrl\":\"https:\/\/secure.gravatar.com\/avatar\/7f2c48bdc33b30088f941fb6082e555f2874c98e20cb159d7b92b50eadfce793?s=96&d=mm&r=g\",\"caption\":\"ulises\"},\"sameAs\":[\"http:\/\/www.celttv.com.ar\"]}]}<\/script>\n<!-- \/ Yoast SEO plugin. -->","yoast_head_json":{"title":"Se ampl\u00edan las actividades que podr\u00e1n desarrollarse en el distrito - CELTTV","description":"Sitio web de noticias de la localidad de Tornquist, provincia de Buenos Aires, Rep\u00fablica Argentina. Contenido propio originado por periodistas de CELTTV, el canal de TV local de la Cooperativa El\u00e9ctrica de Tornquist. Turismo, Pol\u00edtica, Sociedad, Deporte, Cultura y todo el contenido de inter\u00e9s general que la gente del pueblo y la regi\u00f3n debe conocer.","robots":{"index":"index","follow":"follow","max-snippet":"max-snippet:-1","max-image-preview":"max-image-preview:large","max-video-preview":"max-video-preview:-1"},"canonical":"https:\/\/www.celttv.com.ar\/index.php\/2020\/05\/04\/se-amplian-las-actividades-que-podran-desarrollarse-en-el-distrito\/","og_locale":"es_ES","og_type":"article","og_title":"Se ampl\u00edan las actividades que podr\u00e1n desarrollarse en el distrito - CELTTV","og_description":"Sitio web de noticias de la localidad de Tornquist, provincia de Buenos Aires, Rep\u00fablica Argentina. Contenido propio originado por periodistas de CELTTV, el canal de TV local de la Cooperativa El\u00e9ctrica de Tornquist. Turismo, Pol\u00edtica, Sociedad, Deporte, Cultura y todo el contenido de inter\u00e9s general que la gente del pueblo y la regi\u00f3n debe conocer.","og_url":"https:\/\/www.celttv.com.ar\/index.php\/2020\/05\/04\/se-amplian-las-actividades-que-podran-desarrollarse-en-el-distrito\/","og_site_name":"CELTTV","article_publisher":"https:\/\/www.facebook.com\/celtTV\/","article_published_time":"2020-05-04T00:48:56+00:00","og_image":[{"width":719,"height":1280,"url":"https:\/\/www.celttv.com.ar\/wp-content\/uploads\/2020\/05\/WhatsApp-Image-2020-05-03-at-20.36.44.jpeg","type":"image\/jpeg"}],"author":"ulises","twitter_card":"summary_large_image","twitter_misc":{"Escrito por":"ulises","Tiempo de lectura":"4 minutos"},"schema":{"@context":"https:\/\/schema.org","@graph":[{"@type":"NewsArticle","@id":"https:\/\/www.celttv.com.ar\/index.php\/2020\/05\/04\/se-amplian-las-actividades-que-podran-desarrollarse-en-el-distrito\/#article","isPartOf":{"@id":"https:\/\/www.celttv.com.ar\/index.php\/2020\/05\/04\/se-amplian-las-actividades-que-podran-desarrollarse-en-el-distrito\/"},"author":{"name":"ulises","@id":"https:\/\/www.celttv.com.ar\/#\/schema\/person\/6d99c072dba59953809c81446e9d0ace"},"headline":"Se ampl\u00edan las actividades que podr\u00e1n desarrollarse en el distrito","datePublished":"2020-05-04T00:48:56+00:00","dateModified":"2020-05-04T00:48:56+00:00","mainEntityOfPage":{"@id":"https:\/\/www.celttv.com.ar\/index.php\/2020\/05\/04\/se-amplian-las-actividades-que-podran-desarrollarse-en-el-distrito\/"},"wordCount":870,"publisher":{"@id":"https:\/\/www.celttv.com.ar\/#organization"},"articleSection":["Comunidad","Destacadas","Municipales"],"inLanguage":"es"},{"@type":"WebPage","@id":"https:\/\/www.celttv.com.ar\/index.php\/2020\/05\/04\/se-amplian-las-actividades-que-podran-desarrollarse-en-el-distrito\/","url":"https:\/\/www.celttv.com.ar\/index.php\/2020\/05\/04\/se-amplian-las-actividades-que-podran-desarrollarse-en-el-distrito\/","name":"Se ampl\u00edan las actividades que podr\u00e1n desarrollarse en el distrito - CELTTV","isPartOf":{"@id":"https:\/\/www.celttv.com.ar\/#website"},"datePublished":"2020-05-04T00:48:56+00:00","dateModified":"2020-05-04T00:48:56+00:00","description":"Sitio web de noticias de la localidad de Tornquist, provincia de Buenos Aires, Rep\u00fablica Argentina. Contenido propio originado por periodistas de CELTTV, el canal de TV local de la Cooperativa El\u00e9ctrica de Tornquist. Turismo, Pol\u00edtica, Sociedad, Deporte, Cultura y todo el contenido de inter\u00e9s general que la gente del pueblo y la regi\u00f3n debe conocer.","breadcrumb":{"@id":"https:\/\/www.celttv.com.ar\/index.php\/2020\/05\/04\/se-amplian-las-actividades-que-podran-desarrollarse-en-el-distrito\/#breadcrumb"},"inLanguage":"es","potentialAction":[{"@type":"ReadAction","target":["https:\/\/www.celttv.com.ar\/index.php\/2020\/05\/04\/se-amplian-las-actividades-que-podran-desarrollarse-en-el-distrito\/"]}]},{"@type":"BreadcrumbList","@id":"https:\/\/www.celttv.com.ar\/index.php\/2020\/05\/04\/se-amplian-las-actividades-que-podran-desarrollarse-en-el-distrito\/#breadcrumb","itemListElement":[{"@type":"ListItem","position":1,"name":"Inicio","item":"https:\/\/www.celttv.com.ar\/"},{"@type":"ListItem","position":2,"name":"Se ampl\u00edan las actividades que podr\u00e1n desarrollarse en el distrito"}]},{"@type":"WebSite","@id":"https:\/\/www.celttv.com.ar\/#website","url":"https:\/\/www.celttv.com.ar\/","name":"CELTTV","description":"Cooperativa El\u00e9ctrica de Tornquist","publisher":{"@id":"https:\/\/www.celttv.com.ar\/#organization"},"potentialAction":[{"@type":"SearchAction","target":{"@type":"EntryPoint","urlTemplate":"https:\/\/www.celttv.com.ar\/?s={search_term_string}"},"query-input":"required name=search_term_string"}],"inLanguage":"es"},{"@type":"Organization","@id":"https:\/\/www.celttv.com.ar\/#organization","name":"CELTTV","url":"https:\/\/www.celttv.com.ar\/","sameAs":["https:\/\/www.youtube.com\/channel\/UCz_oIt8Hig64Ub-EmcNPIhg","https:\/\/www.facebook.com\/celtTV\/"],"logo":{"@type":"ImageObject","inLanguage":"es","@id":"https:\/\/www.celttv.com.ar\/#\/schema\/logo\/image\/","url":"http:\/\/www.celttv.com.ar\/wp-content\/uploads\/2022\/08\/logo-1.png","contentUrl":"http:\/\/www.celttv.com.ar\/wp-content\/uploads\/2022\/08\/logo-1.png","width":461,"height":159,"caption":"CELTTV"},"image":{"@id":"https:\/\/www.celttv.com.ar\/#\/schema\/logo\/image\/"}},{"@type":"Person","@id":"https:\/\/www.celttv.com.ar\/#\/schema\/person\/6d99c072dba59953809c81446e9d0ace","name":"ulises","image":{"@type":"ImageObject","inLanguage":"es","@id":"https:\/\/www.celttv.com.ar\/#\/schema\/person\/image\/","url":"https:\/\/secure.gravatar.com\/avatar\/7f2c48bdc33b30088f941fb6082e555f2874c98e20cb159d7b92b50eadfce793?s=96&d=mm&r=g","contentUrl":"https:\/\/secure.gravatar.com\/avatar\/7f2c48bdc33b30088f941fb6082e555f2874c98e20cb159d7b92b50eadfce793?s=96&d=mm&r=g","caption":"ulises"},"sameAs":["http:\/\/www.celttv.com.ar"]}]}},"_links":{"self":[{"href":"https:\/\/www.celttv.com.ar\/index.php\/wp-json\/wp\/v2\/posts\/48819","targetHints":{"allow":["GET"]}}],"collection":[{"href":"https:\/\/www.celttv.com.ar\/index.php\/wp-json\/wp\/v2\/posts"}],"about":[{"href":"https:\/\/www.celttv.com.ar\/index.php\/wp-json\/wp\/v2\/types\/post"}],"author":[{"embeddable":true,"href":"https:\/\/www.celttv.com.ar\/index.php\/wp-json\/wp\/v2\/users\/1"}],"replies":[{"embeddable":true,"href":"https:\/\/www.celttv.com.ar\/index.php\/wp-json\/wp\/v2\/comments?post=48819"}],"version-history":[{"count":0,"href":"https:\/\/www.celttv.com.ar\/index.php\/wp-json\/wp\/v2\/posts\/48819\/revisions"}],"wp:featuredmedia":[{"embeddable":true,"href":"https:\/\/www.celttv.com.ar\/index.php\/wp-json\/wp\/v2\/media\/48821"}],"wp:attachment":[{"href":"https:\/\/www.celttv.com.ar\/index.php\/wp-json\/wp\/v2\/media?parent=48819"}],"wp:term":[{"taxonomy":"category","embeddable":true,"href":"https:\/\/www.celttv.com.ar\/index.php\/wp-json\/wp\/v2\/categories?post=48819"},{"taxonomy":"post_tag","embeddable":true,"href":"https:\/\/www.celttv.com.ar\/index.php\/wp-json\/wp\/v2\/tags?post=48819"}],"curies":[{"name":"wp","href":"https:\/\/api.w.org\/{rel}","templated":true}]}}