{"id":48824,"date":"2020-05-04T13:38:11","date_gmt":"2020-05-04T13:38:11","guid":{"rendered":"http:\/\/www.celttv.com.ar\/?p=48824"},"modified":"2020-05-04T13:38:11","modified_gmt":"2020-05-04T13:38:11","slug":"autoridades-de-la-celt-se-reunieron-con-entidades-representantes-de-la-actividad-comercial-y-turistica","status":"publish","type":"post","link":"https:\/\/www.celttv.com.ar\/index.php\/2020\/05\/04\/autoridades-de-la-celt-se-reunieron-con-entidades-representantes-de-la-actividad-comercial-y-turistica\/","title":{"rendered":"Autoridades de la CELT. se reunieron con entidades representantes de la actividad comercial y tur\u00edstica"},"content":{"rendered":"<p><a href=\"http:\/\/www.celttv.com.ar\/?attachment_id=48826\" rel=\"attachment wp-att-48826\"><img loading=\"lazy\" decoding=\"async\" class=\"alignleft size-full wp-image-48826\" src=\"http:\/\/www.celttv.com.ar\/wp-content\/uploads\/2020\/05\/96c66227-ddf0-4b3b-8c03-ffc98aff7abe.jpg\" alt=\"\" width=\"1280\" height=\"853\" srcset=\"https:\/\/www.celttv.com.ar\/wp-content\/uploads\/2020\/05\/96c66227-ddf0-4b3b-8c03-ffc98aff7abe.jpg 1280w, https:\/\/www.celttv.com.ar\/wp-content\/uploads\/2020\/05\/96c66227-ddf0-4b3b-8c03-ffc98aff7abe-300x200.jpg 300w, https:\/\/www.celttv.com.ar\/wp-content\/uploads\/2020\/05\/96c66227-ddf0-4b3b-8c03-ffc98aff7abe-1024x682.jpg 1024w, https:\/\/www.celttv.com.ar\/wp-content\/uploads\/2020\/05\/96c66227-ddf0-4b3b-8c03-ffc98aff7abe-768x512.jpg 768w, https:\/\/www.celttv.com.ar\/wp-content\/uploads\/2020\/05\/96c66227-ddf0-4b3b-8c03-ffc98aff7abe-750x500.jpg 750w, https:\/\/www.celttv.com.ar\/wp-content\/uploads\/2020\/05\/96c66227-ddf0-4b3b-8c03-ffc98aff7abe-1140x760.jpg 1140w\" sizes=\"auto, (max-width: 1280px) 100vw, 1280px\" \/><\/a> <a href=\"http:\/\/www.celttv.com.ar\/?attachment_id=48827\" rel=\"attachment wp-att-48827\"><img loading=\"lazy\" decoding=\"async\" class=\"alignleft size-medium wp-image-48827\" src=\"http:\/\/www.celttv.com.ar\/wp-content\/uploads\/2020\/05\/633a7f43-a53a-4588-a481-1fbcb30cd9f3.jpg\" alt=\"\" width=\"780\" height=\"520\" srcset=\"https:\/\/www.celttv.com.ar\/wp-content\/uploads\/2020\/05\/633a7f43-a53a-4588-a481-1fbcb30cd9f3.jpg 1280w, https:\/\/www.celttv.com.ar\/wp-content\/uploads\/2020\/05\/633a7f43-a53a-4588-a481-1fbcb30cd9f3-300x200.jpg 300w, https:\/\/www.celttv.com.ar\/wp-content\/uploads\/2020\/05\/633a7f43-a53a-4588-a481-1fbcb30cd9f3-1024x682.jpg 1024w, https:\/\/www.celttv.com.ar\/wp-content\/uploads\/2020\/05\/633a7f43-a53a-4588-a481-1fbcb30cd9f3-768x512.jpg 768w, https:\/\/www.celttv.com.ar\/wp-content\/uploads\/2020\/05\/633a7f43-a53a-4588-a481-1fbcb30cd9f3-750x500.jpg 750w, https:\/\/www.celttv.com.ar\/wp-content\/uploads\/2020\/05\/633a7f43-a53a-4588-a481-1fbcb30cd9f3-1140x760.jpg 1140w\" sizes=\"auto, (max-width: 780px) 100vw, 780px\" \/><\/a> <a href=\"http:\/\/www.celttv.com.ar\/?attachment_id=48828\" rel=\"attachment wp-att-48828\"><img loading=\"lazy\" decoding=\"async\" class=\"alignleft size-medium wp-image-48828\" src=\"http:\/\/www.celttv.com.ar\/wp-content\/uploads\/2020\/05\/aaea1c45-649f-47c0-8111-954bd514b87f.jpg\" alt=\"\" width=\"780\" height=\"520\" srcset=\"https:\/\/www.celttv.com.ar\/wp-content\/uploads\/2020\/05\/aaea1c45-649f-47c0-8111-954bd514b87f.jpg 1280w, https:\/\/www.celttv.com.ar\/wp-content\/uploads\/2020\/05\/aaea1c45-649f-47c0-8111-954bd514b87f-300x200.jpg 300w, https:\/\/www.celttv.com.ar\/wp-content\/uploads\/2020\/05\/aaea1c45-649f-47c0-8111-954bd514b87f-1024x682.jpg 1024w, https:\/\/www.celttv.com.ar\/wp-content\/uploads\/2020\/05\/aaea1c45-649f-47c0-8111-954bd514b87f-768x512.jpg 768w, https:\/\/www.celttv.com.ar\/wp-content\/uploads\/2020\/05\/aaea1c45-649f-47c0-8111-954bd514b87f-750x500.jpg 750w, https:\/\/www.celttv.com.ar\/wp-content\/uploads\/2020\/05\/aaea1c45-649f-47c0-8111-954bd514b87f-1140x760.jpg 1140w\" sizes=\"auto, (max-width: 780px) 100vw, 780px\" \/><\/a>En instalaciones de la CELT, Alberto Rubio y Nicolas Barrio, Presidente y Vicepresidente del Consejo de Administraci\u00f3n, recibieron a Pablo Canle, Presidente de la Asociaci\u00f3n de Turismo del Distrito de Tornquist, Fabi\u00e1n Massa, Secretario de la C\u00e1mara de Comercio de Villa Ventana y Mario Rodriguez, Presidente de la C\u00e1mara de Comercio de Tornquist.<\/p>\n<p>Durante la reuni\u00f3n cada una de las entidades como as\u00ed tambi\u00e9n la CELT, compartieron el diagnostico de la situaci\u00f3n, que a partir de la pandemia las instituciones vienen atravesando.<\/p>\n<p>Se acordaron l\u00edneas de trabajo que ir\u00e1n adecuando a medida que transcurra el tiempo y\/o se normalice la situaci\u00f3n.<\/p>\n","protected":false},"excerpt":{"rendered":"<p>En instalaciones de la CELT, Alberto Rubio y Nicolas Barrio, Presidente y Vicepresidente del Consejo de Administraci\u00f3n, recibieron a Pablo Canle, Presidente de la Asociaci\u00f3n de Turismo del Distrito de Tornquist, Fabi\u00e1n Massa, Secretario de la C\u00e1mara de Comercio de Villa Ventana y Mario Rodriguez, Presidente de la C\u00e1mara de Comercio de Tornquist. Durante la [&hellip;]<\/p>\n","protected":false},"author":1,"featured_media":48826,"comment_status":"closed","ping_status":"open","sticky":false,"template":"","format":"standard","meta":{"footnotes":""},"categories":[55,51,52],"tags":[],"class_list":["post-48824","post","type-post","status-publish","format-standard","has-post-thumbnail","hentry","category-celt-tv-noticias","category-comunidad","category-destacadas"],"yoast_head":"<!-- This site is optimized with the Yoast SEO plugin v19.7.1 - https:\/\/yoast.com\/wordpress\/plugins\/seo\/ -->\n<title>Autoridades de la CELT. se reunieron con entidades representantes de la actividad comercial y tur\u00edstica - CELTTV<\/title>\n<meta name=\"description\" content=\"Sitio web de noticias de la localidad de Tornquist, provincia de Buenos Aires, Rep\u00fablica Argentina. Contenido propio originado por periodistas de CELTTV, el canal de TV local de la Cooperativa El\u00e9ctrica de Tornquist. Turismo, Pol\u00edtica, Sociedad, Deporte, Cultura y todo el contenido de inter\u00e9s general que la gente del pueblo y la regi\u00f3n debe conocer.\" \/>\n<meta name=\"robots\" content=\"index, follow, max-snippet:-1, max-image-preview:large, max-video-preview:-1\" \/>\n<link rel=\"canonical\" href=\"https:\/\/www.celttv.com.ar\/index.php\/2020\/05\/04\/autoridades-de-la-celt-se-reunieron-con-entidades-representantes-de-la-actividad-comercial-y-turistica\/\" \/>\n<meta property=\"og:locale\" content=\"es_ES\" \/>\n<meta property=\"og:type\" content=\"article\" \/>\n<meta property=\"og:title\" content=\"Autoridades de la CELT. se reunieron con entidades representantes de la actividad comercial y tur\u00edstica - CELTTV\" \/>\n<meta property=\"og:description\" content=\"Sitio web de noticias de la localidad de Tornquist, provincia de Buenos Aires, Rep\u00fablica Argentina. Contenido propio originado por periodistas de CELTTV, el canal de TV local de la Cooperativa El\u00e9ctrica de Tornquist. Turismo, Pol\u00edtica, Sociedad, Deporte, Cultura y todo el contenido de inter\u00e9s general que la gente del pueblo y la regi\u00f3n debe conocer.\" \/>\n<meta property=\"og:url\" content=\"https:\/\/www.celttv.com.ar\/index.php\/2020\/05\/04\/autoridades-de-la-celt-se-reunieron-con-entidades-representantes-de-la-actividad-comercial-y-turistica\/\" \/>\n<meta property=\"og:site_name\" content=\"CELTTV\" \/>\n<meta property=\"article:publisher\" content=\"https:\/\/www.facebook.com\/celtTV\/\" \/>\n<meta property=\"article:published_time\" content=\"2020-05-04T13:38:11+00:00\" \/>\n<meta property=\"og:image\" content=\"https:\/\/www.celttv.com.ar\/wp-content\/uploads\/2020\/05\/96c66227-ddf0-4b3b-8c03-ffc98aff7abe.jpg\" \/>\n\t<meta property=\"og:image:width\" content=\"1280\" \/>\n\t<meta property=\"og:image:height\" content=\"853\" \/>\n\t<meta property=\"og:image:type\" content=\"image\/jpeg\" \/>\n<meta name=\"author\" content=\"ulises\" \/>\n<meta name=\"twitter:card\" content=\"summary_large_image\" \/>\n<meta name=\"twitter:label1\" content=\"Escrito por\" \/>\n\t<meta name=\"twitter:data1\" content=\"ulises\" \/>\n\t<meta name=\"twitter:label2\" content=\"Tiempo de lectura\" \/>\n\t<meta name=\"twitter:data2\" content=\"1 minuto\" \/>\n<script type=\"application\/ld+json\" class=\"yoast-schema-graph\">{\"@context\":\"https:\/\/schema.org\",\"@graph\":[{\"@type\":\"NewsArticle\",\"@id\":\"https:\/\/www.celttv.com.ar\/index.php\/2020\/05\/04\/autoridades-de-la-celt-se-reunieron-con-entidades-representantes-de-la-actividad-comercial-y-turistica\/#article\",\"isPartOf\":{\"@id\":\"https:\/\/www.celttv.com.ar\/index.php\/2020\/05\/04\/autoridades-de-la-celt-se-reunieron-con-entidades-representantes-de-la-actividad-comercial-y-turistica\/\"},\"author\":{\"name\":\"ulises\",\"@id\":\"https:\/\/www.celttv.com.ar\/#\/schema\/person\/6d99c072dba59953809c81446e9d0ace\"},\"headline\":\"Autoridades de la CELT. se reunieron con entidades representantes de la actividad comercial y tur\u00edstica\",\"datePublished\":\"2020-05-04T13:38:11+00:00\",\"dateModified\":\"2020-05-04T13:38:11+00:00\",\"mainEntityOfPage\":{\"@id\":\"https:\/\/www.celttv.com.ar\/index.php\/2020\/05\/04\/autoridades-de-la-celt-se-reunieron-con-entidades-representantes-de-la-actividad-comercial-y-turistica\/\"},\"wordCount\":129,\"publisher\":{\"@id\":\"https:\/\/www.celttv.com.ar\/#organization\"},\"articleSection\":[\"Celt TV Noticias\",\"Comunidad\",\"Destacadas\"],\"inLanguage\":\"es\"},{\"@type\":\"WebPage\",\"@id\":\"https:\/\/www.celttv.com.ar\/index.php\/2020\/05\/04\/autoridades-de-la-celt-se-reunieron-con-entidades-representantes-de-la-actividad-comercial-y-turistica\/\",\"url\":\"https:\/\/www.celttv.com.ar\/index.php\/2020\/05\/04\/autoridades-de-la-celt-se-reunieron-con-entidades-representantes-de-la-actividad-comercial-y-turistica\/\",\"name\":\"Autoridades de la CELT. se reunieron con entidades representantes de la actividad comercial y tur\u00edstica - CELTTV\",\"isPartOf\":{\"@id\":\"https:\/\/www.celttv.com.ar\/#website\"},\"datePublished\":\"2020-05-04T13:38:11+00:00\",\"dateModified\":\"2020-05-04T13:38:11+00:00\",\"description\":\"Sitio web de noticias de la localidad de Tornquist, provincia de Buenos Aires, Rep\u00fablica Argentina. Contenido propio originado por periodistas de CELTTV, el canal de TV local de la Cooperativa El\u00e9ctrica de Tornquist. Turismo, Pol\u00edtica, Sociedad, Deporte, Cultura y todo el contenido de inter\u00e9s general que la gente del pueblo y la regi\u00f3n debe conocer.\",\"breadcrumb\":{\"@id\":\"https:\/\/www.celttv.com.ar\/index.php\/2020\/05\/04\/autoridades-de-la-celt-se-reunieron-con-entidades-representantes-de-la-actividad-comercial-y-turistica\/#breadcrumb\"},\"inLanguage\":\"es\",\"potentialAction\":[{\"@type\":\"ReadAction\",\"target\":[\"https:\/\/www.celttv.com.ar\/index.php\/2020\/05\/04\/autoridades-de-la-celt-se-reunieron-con-entidades-representantes-de-la-actividad-comercial-y-turistica\/\"]}]},{\"@type\":\"BreadcrumbList\",\"@id\":\"https:\/\/www.celttv.com.ar\/index.php\/2020\/05\/04\/autoridades-de-la-celt-se-reunieron-con-entidades-representantes-de-la-actividad-comercial-y-turistica\/#breadcrumb\",\"itemListElement\":[{\"@type\":\"ListItem\",\"position\":1,\"name\":\"Inicio\",\"item\":\"https:\/\/www.celttv.com.ar\/\"},{\"@type\":\"ListItem\",\"position\":2,\"name\":\"Autoridades de la CELT. se reunieron con entidades representantes de la actividad comercial y tur\u00edstica\"}]},{\"@type\":\"WebSite\",\"@id\":\"https:\/\/www.celttv.com.ar\/#website\",\"url\":\"https:\/\/www.celttv.com.ar\/\",\"name\":\"CELTTV\",\"description\":\"Cooperativa El\u00e9ctrica de Tornquist\",\"publisher\":{\"@id\":\"https:\/\/www.celttv.com.ar\/#organization\"},\"potentialAction\":[{\"@type\":\"SearchAction\",\"target\":{\"@type\":\"EntryPoint\",\"urlTemplate\":\"https:\/\/www.celttv.com.ar\/?s={search_term_string}\"},\"query-input\":\"required name=search_term_string\"}],\"inLanguage\":\"es\"},{\"@type\":\"Organization\",\"@id\":\"https:\/\/www.celttv.com.ar\/#organization\",\"name\":\"CELTTV\",\"url\":\"https:\/\/www.celttv.com.ar\/\",\"sameAs\":[\"https:\/\/www.youtube.com\/channel\/UCz_oIt8Hig64Ub-EmcNPIhg\",\"https:\/\/www.facebook.com\/celtTV\/\"],\"logo\":{\"@type\":\"ImageObject\",\"inLanguage\":\"es\",\"@id\":\"https:\/\/www.celttv.com.ar\/#\/schema\/logo\/image\/\",\"url\":\"http:\/\/www.celttv.com.ar\/wp-content\/uploads\/2022\/08\/logo-1.png\",\"contentUrl\":\"http:\/\/www.celttv.com.ar\/wp-content\/uploads\/2022\/08\/logo-1.png\",\"width\":461,\"height\":159,\"caption\":\"CELTTV\"},\"image\":{\"@id\":\"https:\/\/www.celttv.com.ar\/#\/schema\/logo\/image\/\"}},{\"@type\":\"Person\",\"@id\":\"https:\/\/www.celttv.com.ar\/#\/schema\/person\/6d99c072dba59953809c81446e9d0ace\",\"name\":\"ulises\",\"image\":{\"@type\":\"ImageObject\",\"inLanguage\":\"es\",\"@id\":\"https:\/\/www.celttv.com.ar\/#\/schema\/person\/image\/\",\"url\":\"https:\/\/secure.gravatar.com\/avatar\/7f2c48bdc33b30088f941fb6082e555f2874c98e20cb159d7b92b50eadfce793?s=96&d=mm&r=g\",\"contentUrl\":\"https:\/\/secure.gravatar.com\/avatar\/7f2c48bdc33b30088f941fb6082e555f2874c98e20cb159d7b92b50eadfce793?s=96&d=mm&r=g\",\"caption\":\"ulises\"},\"sameAs\":[\"http:\/\/www.celttv.com.ar\"]}]}<\/script>\n<!-- \/ Yoast SEO plugin. -->","yoast_head_json":{"title":"Autoridades de la CELT. se reunieron con entidades representantes de la actividad comercial y tur\u00edstica - CELTTV","description":"Sitio web de noticias de la localidad de Tornquist, provincia de Buenos Aires, Rep\u00fablica Argentina. Contenido propio originado por periodistas de CELTTV, el canal de TV local de la Cooperativa El\u00e9ctrica de Tornquist. Turismo, Pol\u00edtica, Sociedad, Deporte, Cultura y todo el contenido de inter\u00e9s general que la gente del pueblo y la regi\u00f3n debe conocer.","robots":{"index":"index","follow":"follow","max-snippet":"max-snippet:-1","max-image-preview":"max-image-preview:large","max-video-preview":"max-video-preview:-1"},"canonical":"https:\/\/www.celttv.com.ar\/index.php\/2020\/05\/04\/autoridades-de-la-celt-se-reunieron-con-entidades-representantes-de-la-actividad-comercial-y-turistica\/","og_locale":"es_ES","og_type":"article","og_title":"Autoridades de la CELT. se reunieron con entidades representantes de la actividad comercial y tur\u00edstica - CELTTV","og_description":"Sitio web de noticias de la localidad de Tornquist, provincia de Buenos Aires, Rep\u00fablica Argentina. Contenido propio originado por periodistas de CELTTV, el canal de TV local de la Cooperativa El\u00e9ctrica de Tornquist. Turismo, Pol\u00edtica, Sociedad, Deporte, Cultura y todo el contenido de inter\u00e9s general que la gente del pueblo y la regi\u00f3n debe conocer.","og_url":"https:\/\/www.celttv.com.ar\/index.php\/2020\/05\/04\/autoridades-de-la-celt-se-reunieron-con-entidades-representantes-de-la-actividad-comercial-y-turistica\/","og_site_name":"CELTTV","article_publisher":"https:\/\/www.facebook.com\/celtTV\/","article_published_time":"2020-05-04T13:38:11+00:00","og_image":[{"width":1280,"height":853,"url":"https:\/\/www.celttv.com.ar\/wp-content\/uploads\/2020\/05\/96c66227-ddf0-4b3b-8c03-ffc98aff7abe.jpg","type":"image\/jpeg"}],"author":"ulises","twitter_card":"summary_large_image","twitter_misc":{"Escrito por":"ulises","Tiempo de lectura":"1 minuto"},"schema":{"@context":"https:\/\/schema.org","@graph":[{"@type":"NewsArticle","@id":"https:\/\/www.celttv.com.ar\/index.php\/2020\/05\/04\/autoridades-de-la-celt-se-reunieron-con-entidades-representantes-de-la-actividad-comercial-y-turistica\/#article","isPartOf":{"@id":"https:\/\/www.celttv.com.ar\/index.php\/2020\/05\/04\/autoridades-de-la-celt-se-reunieron-con-entidades-representantes-de-la-actividad-comercial-y-turistica\/"},"author":{"name":"ulises","@id":"https:\/\/www.celttv.com.ar\/#\/schema\/person\/6d99c072dba59953809c81446e9d0ace"},"headline":"Autoridades de la CELT. se reunieron con entidades representantes de la actividad comercial y tur\u00edstica","datePublished":"2020-05-04T13:38:11+00:00","dateModified":"2020-05-04T13:38:11+00:00","mainEntityOfPage":{"@id":"https:\/\/www.celttv.com.ar\/index.php\/2020\/05\/04\/autoridades-de-la-celt-se-reunieron-con-entidades-representantes-de-la-actividad-comercial-y-turistica\/"},"wordCount":129,"publisher":{"@id":"https:\/\/www.celttv.com.ar\/#organization"},"articleSection":["Celt TV Noticias","Comunidad","Destacadas"],"inLanguage":"es"},{"@type":"WebPage","@id":"https:\/\/www.celttv.com.ar\/index.php\/2020\/05\/04\/autoridades-de-la-celt-se-reunieron-con-entidades-representantes-de-la-actividad-comercial-y-turistica\/","url":"https:\/\/www.celttv.com.ar\/index.php\/2020\/05\/04\/autoridades-de-la-celt-se-reunieron-con-entidades-representantes-de-la-actividad-comercial-y-turistica\/","name":"Autoridades de la CELT. se reunieron con entidades representantes de la actividad comercial y tur\u00edstica - CELTTV","isPartOf":{"@id":"https:\/\/www.celttv.com.ar\/#website"},"datePublished":"2020-05-04T13:38:11+00:00","dateModified":"2020-05-04T13:38:11+00:00","description":"Sitio web de noticias de la localidad de Tornquist, provincia de Buenos Aires, Rep\u00fablica Argentina. Contenido propio originado por periodistas de CELTTV, el canal de TV local de la Cooperativa El\u00e9ctrica de Tornquist. Turismo, Pol\u00edtica, Sociedad, Deporte, Cultura y todo el contenido de inter\u00e9s general que la gente del pueblo y la regi\u00f3n debe conocer.","breadcrumb":{"@id":"https:\/\/www.celttv.com.ar\/index.php\/2020\/05\/04\/autoridades-de-la-celt-se-reunieron-con-entidades-representantes-de-la-actividad-comercial-y-turistica\/#breadcrumb"},"inLanguage":"es","potentialAction":[{"@type":"ReadAction","target":["https:\/\/www.celttv.com.ar\/index.php\/2020\/05\/04\/autoridades-de-la-celt-se-reunieron-con-entidades-representantes-de-la-actividad-comercial-y-turistica\/"]}]},{"@type":"BreadcrumbList","@id":"https:\/\/www.celttv.com.ar\/index.php\/2020\/05\/04\/autoridades-de-la-celt-se-reunieron-con-entidades-representantes-de-la-actividad-comercial-y-turistica\/#breadcrumb","itemListElement":[{"@type":"ListItem","position":1,"name":"Inicio","item":"https:\/\/www.celttv.com.ar\/"},{"@type":"ListItem","position":2,"name":"Autoridades de la CELT. se reunieron con entidades representantes de la actividad comercial y tur\u00edstica"}]},{"@type":"WebSite","@id":"https:\/\/www.celttv.com.ar\/#website","url":"https:\/\/www.celttv.com.ar\/","name":"CELTTV","description":"Cooperativa El\u00e9ctrica de Tornquist","publisher":{"@id":"https:\/\/www.celttv.com.ar\/#organization"},"potentialAction":[{"@type":"SearchAction","target":{"@type":"EntryPoint","urlTemplate":"https:\/\/www.celttv.com.ar\/?s={search_term_string}"},"query-input":"required name=search_term_string"}],"inLanguage":"es"},{"@type":"Organization","@id":"https:\/\/www.celttv.com.ar\/#organization","name":"CELTTV","url":"https:\/\/www.celttv.com.ar\/","sameAs":["https:\/\/www.youtube.com\/channel\/UCz_oIt8Hig64Ub-EmcNPIhg","https:\/\/www.facebook.com\/celtTV\/"],"logo":{"@type":"ImageObject","inLanguage":"es","@id":"https:\/\/www.celttv.com.ar\/#\/schema\/logo\/image\/","url":"http:\/\/www.celttv.com.ar\/wp-content\/uploads\/2022\/08\/logo-1.png","contentUrl":"http:\/\/www.celttv.com.ar\/wp-content\/uploads\/2022\/08\/logo-1.png","width":461,"height":159,"caption":"CELTTV"},"image":{"@id":"https:\/\/www.celttv.com.ar\/#\/schema\/logo\/image\/"}},{"@type":"Person","@id":"https:\/\/www.celttv.com.ar\/#\/schema\/person\/6d99c072dba59953809c81446e9d0ace","name":"ulises","image":{"@type":"ImageObject","inLanguage":"es","@id":"https:\/\/www.celttv.com.ar\/#\/schema\/person\/image\/","url":"https:\/\/secure.gravatar.com\/avatar\/7f2c48bdc33b30088f941fb6082e555f2874c98e20cb159d7b92b50eadfce793?s=96&d=mm&r=g","contentUrl":"https:\/\/secure.gravatar.com\/avatar\/7f2c48bdc33b30088f941fb6082e555f2874c98e20cb159d7b92b50eadfce793?s=96&d=mm&r=g","caption":"ulises"},"sameAs":["http:\/\/www.celttv.com.ar"]}]}},"_links":{"self":[{"href":"https:\/\/www.celttv.com.ar\/index.php\/wp-json\/wp\/v2\/posts\/48824","targetHints":{"allow":["GET"]}}],"collection":[{"href":"https:\/\/www.celttv.com.ar\/index.php\/wp-json\/wp\/v2\/posts"}],"about":[{"href":"https:\/\/www.celttv.com.ar\/index.php\/wp-json\/wp\/v2\/types\/post"}],"author":[{"embeddable":true,"href":"https:\/\/www.celttv.com.ar\/index.php\/wp-json\/wp\/v2\/users\/1"}],"replies":[{"embeddable":true,"href":"https:\/\/www.celttv.com.ar\/index.php\/wp-json\/wp\/v2\/comments?post=48824"}],"version-history":[{"count":0,"href":"https:\/\/www.celttv.com.ar\/index.php\/wp-json\/wp\/v2\/posts\/48824\/revisions"}],"wp:featuredmedia":[{"embeddable":true,"href":"https:\/\/www.celttv.com.ar\/index.php\/wp-json\/wp\/v2\/media\/48826"}],"wp:attachment":[{"href":"https:\/\/www.celttv.com.ar\/index.php\/wp-json\/wp\/v2\/media?parent=48824"}],"wp:term":[{"taxonomy":"category","embeddable":true,"href":"https:\/\/www.celttv.com.ar\/index.php\/wp-json\/wp\/v2\/categories?post=48824"},{"taxonomy":"post_tag","embeddable":true,"href":"https:\/\/www.celttv.com.ar\/index.php\/wp-json\/wp\/v2\/tags?post=48824"}],"curies":[{"name":"wp","href":"https:\/\/api.w.org\/{rel}","templated":true}]}}