{"id":48831,"date":"2020-05-04T16:02:27","date_gmt":"2020-05-04T16:02:27","guid":{"rendered":"http:\/\/www.celttv.com.ar\/?p=48831"},"modified":"2020-05-04T16:02:27","modified_gmt":"2020-05-04T16:02:27","slug":"celt-informa-la-mesa-de-entradas-estara-abierta-lunes-miercoles-y-viernes-de-10-a-12-hs","status":"publish","type":"post","link":"https:\/\/www.celttv.com.ar\/index.php\/2020\/05\/04\/celt-informa-la-mesa-de-entradas-estara-abierta-lunes-miercoles-y-viernes-de-10-a-12-hs\/","title":{"rendered":"CELT. INFORMA: La mesa de entradas estar\u00e1 abierta Lunes, Mi\u00e9rcoles y Viernes de 10 a 12 hs."},"content":{"rendered":"<h3>ATENCION AL PUBLICO<br \/>\nLa Mesa de entradas de la CELT permanecer\u00e1 abierta los d\u00edas Lunes, Mi\u00e9rcoles y Viernes en el horario de 10 a 12 hs.<br \/>\nRecordamos que para reclamos pueden comunicarse a trav\u00e9s:<br \/>\n&#8211; email celt&#8221;celt.com.ar<br \/>\n&#8211; Guardia el\u00e9ctrica 4941008<br \/>\n&#8211; Guardia telecomunicaciones 4941180<\/h3>\n<p><a href=\"http:\/\/www.celttv.com.ar\/?attachment_id=48837\" rel=\"attachment wp-att-48837\"><img loading=\"lazy\" decoding=\"async\" class=\"alignleft size-full wp-image-48837\" src=\"http:\/\/www.celttv.com.ar\/wp-content\/uploads\/2020\/05\/celt-mesa-de3-entrada.jpg\" alt=\"\" width=\"768\" height=\"768\" srcset=\"https:\/\/www.celttv.com.ar\/wp-content\/uploads\/2020\/05\/celt-mesa-de3-entrada.jpg 768w, https:\/\/www.celttv.com.ar\/wp-content\/uploads\/2020\/05\/celt-mesa-de3-entrada-300x300.jpg 300w, https:\/\/www.celttv.com.ar\/wp-content\/uploads\/2020\/05\/celt-mesa-de3-entrada-150x150.jpg 150w, https:\/\/www.celttv.com.ar\/wp-content\/uploads\/2020\/05\/celt-mesa-de3-entrada-75x75.jpg 75w, https:\/\/www.celttv.com.ar\/wp-content\/uploads\/2020\/05\/celt-mesa-de3-entrada-750x750.jpg 750w\" sizes=\"auto, (max-width: 768px) 100vw, 768px\" \/><\/a><\/p>\n","protected":false},"excerpt":{"rendered":"<p>ATENCION AL PUBLICO La Mesa de entradas de la CELT permanecer\u00e1 abierta los d\u00edas Lunes, Mi\u00e9rcoles y Viernes en el horario de 10 a 12 hs. Recordamos que para reclamos pueden comunicarse a trav\u00e9s: &#8211; email celt&#8221;celt.com.ar &#8211; Guardia el\u00e9ctrica 4941008 &#8211; Guardia telecomunicaciones 4941180<\/p>\n","protected":false},"author":1,"featured_media":48837,"comment_status":"closed","ping_status":"open","sticky":false,"template":"","format":"standard","meta":{"footnotes":""},"categories":[55,51,52],"tags":[],"class_list":["post-48831","post","type-post","status-publish","format-standard","has-post-thumbnail","hentry","category-celt-tv-noticias","category-comunidad","category-destacadas"],"yoast_head":"<!-- This site is optimized with the Yoast SEO plugin v19.7.1 - https:\/\/yoast.com\/wordpress\/plugins\/seo\/ -->\n<title>CELT. INFORMA: La mesa de entradas estar\u00e1 abierta Lunes, Mi\u00e9rcoles y Viernes de 10 a 12 hs. - CELTTV<\/title>\n<meta name=\"description\" content=\"Sitio web de noticias de la localidad de Tornquist, provincia de Buenos Aires, Rep\u00fablica Argentina. Contenido propio originado por periodistas de CELTTV, el canal de TV local de la Cooperativa El\u00e9ctrica de Tornquist. Turismo, Pol\u00edtica, Sociedad, Deporte, Cultura y todo el contenido de inter\u00e9s general que la gente del pueblo y la regi\u00f3n debe conocer.\" \/>\n<meta name=\"robots\" content=\"index, follow, max-snippet:-1, max-image-preview:large, max-video-preview:-1\" \/>\n<link rel=\"canonical\" href=\"https:\/\/www.celttv.com.ar\/index.php\/2020\/05\/04\/celt-informa-la-mesa-de-entradas-estara-abierta-lunes-miercoles-y-viernes-de-10-a-12-hs\/\" \/>\n<meta property=\"og:locale\" content=\"es_ES\" \/>\n<meta property=\"og:type\" content=\"article\" \/>\n<meta property=\"og:title\" content=\"CELT. INFORMA: La mesa de entradas estar\u00e1 abierta Lunes, Mi\u00e9rcoles y Viernes de 10 a 12 hs. - CELTTV\" \/>\n<meta property=\"og:description\" content=\"Sitio web de noticias de la localidad de Tornquist, provincia de Buenos Aires, Rep\u00fablica Argentina. Contenido propio originado por periodistas de CELTTV, el canal de TV local de la Cooperativa El\u00e9ctrica de Tornquist. Turismo, Pol\u00edtica, Sociedad, Deporte, Cultura y todo el contenido de inter\u00e9s general que la gente del pueblo y la regi\u00f3n debe conocer.\" \/>\n<meta property=\"og:url\" content=\"https:\/\/www.celttv.com.ar\/index.php\/2020\/05\/04\/celt-informa-la-mesa-de-entradas-estara-abierta-lunes-miercoles-y-viernes-de-10-a-12-hs\/\" \/>\n<meta property=\"og:site_name\" content=\"CELTTV\" \/>\n<meta property=\"article:publisher\" content=\"https:\/\/www.facebook.com\/celtTV\/\" \/>\n<meta property=\"article:published_time\" content=\"2020-05-04T16:02:27+00:00\" \/>\n<meta property=\"og:image\" content=\"https:\/\/www.celttv.com.ar\/wp-content\/uploads\/2020\/05\/celt-mesa-de3-entrada.jpg\" \/>\n\t<meta property=\"og:image:width\" content=\"768\" \/>\n\t<meta property=\"og:image:height\" content=\"768\" \/>\n\t<meta property=\"og:image:type\" content=\"image\/jpeg\" \/>\n<meta name=\"author\" content=\"ulises\" \/>\n<meta name=\"twitter:card\" content=\"summary_large_image\" \/>\n<meta name=\"twitter:label1\" content=\"Escrito por\" \/>\n\t<meta name=\"twitter:data1\" content=\"ulises\" \/>\n<script type=\"application\/ld+json\" class=\"yoast-schema-graph\">{\"@context\":\"https:\/\/schema.org\",\"@graph\":[{\"@type\":\"NewsArticle\",\"@id\":\"https:\/\/www.celttv.com.ar\/index.php\/2020\/05\/04\/celt-informa-la-mesa-de-entradas-estara-abierta-lunes-miercoles-y-viernes-de-10-a-12-hs\/#article\",\"isPartOf\":{\"@id\":\"https:\/\/www.celttv.com.ar\/index.php\/2020\/05\/04\/celt-informa-la-mesa-de-entradas-estara-abierta-lunes-miercoles-y-viernes-de-10-a-12-hs\/\"},\"author\":{\"name\":\"ulises\",\"@id\":\"https:\/\/www.celttv.com.ar\/#\/schema\/person\/6d99c072dba59953809c81446e9d0ace\"},\"headline\":\"CELT. INFORMA: La mesa de entradas estar\u00e1 abierta Lunes, Mi\u00e9rcoles y Viernes de 10 a 12 hs.\",\"datePublished\":\"2020-05-04T16:02:27+00:00\",\"dateModified\":\"2020-05-04T16:02:27+00:00\",\"mainEntityOfPage\":{\"@id\":\"https:\/\/www.celttv.com.ar\/index.php\/2020\/05\/04\/celt-informa-la-mesa-de-entradas-estara-abierta-lunes-miercoles-y-viernes-de-10-a-12-hs\/\"},\"wordCount\":64,\"publisher\":{\"@id\":\"https:\/\/www.celttv.com.ar\/#organization\"},\"articleSection\":[\"Celt TV Noticias\",\"Comunidad\",\"Destacadas\"],\"inLanguage\":\"es\"},{\"@type\":\"WebPage\",\"@id\":\"https:\/\/www.celttv.com.ar\/index.php\/2020\/05\/04\/celt-informa-la-mesa-de-entradas-estara-abierta-lunes-miercoles-y-viernes-de-10-a-12-hs\/\",\"url\":\"https:\/\/www.celttv.com.ar\/index.php\/2020\/05\/04\/celt-informa-la-mesa-de-entradas-estara-abierta-lunes-miercoles-y-viernes-de-10-a-12-hs\/\",\"name\":\"CELT. INFORMA: La mesa de entradas estar\u00e1 abierta Lunes, Mi\u00e9rcoles y Viernes de 10 a 12 hs. - CELTTV\",\"isPartOf\":{\"@id\":\"https:\/\/www.celttv.com.ar\/#website\"},\"datePublished\":\"2020-05-04T16:02:27+00:00\",\"dateModified\":\"2020-05-04T16:02:27+00:00\",\"description\":\"Sitio web de noticias de la localidad de Tornquist, provincia de Buenos Aires, Rep\u00fablica Argentina. Contenido propio originado por periodistas de CELTTV, el canal de TV local de la Cooperativa El\u00e9ctrica de Tornquist. Turismo, Pol\u00edtica, Sociedad, Deporte, Cultura y todo el contenido de inter\u00e9s general que la gente del pueblo y la regi\u00f3n debe conocer.\",\"breadcrumb\":{\"@id\":\"https:\/\/www.celttv.com.ar\/index.php\/2020\/05\/04\/celt-informa-la-mesa-de-entradas-estara-abierta-lunes-miercoles-y-viernes-de-10-a-12-hs\/#breadcrumb\"},\"inLanguage\":\"es\",\"potentialAction\":[{\"@type\":\"ReadAction\",\"target\":[\"https:\/\/www.celttv.com.ar\/index.php\/2020\/05\/04\/celt-informa-la-mesa-de-entradas-estara-abierta-lunes-miercoles-y-viernes-de-10-a-12-hs\/\"]}]},{\"@type\":\"BreadcrumbList\",\"@id\":\"https:\/\/www.celttv.com.ar\/index.php\/2020\/05\/04\/celt-informa-la-mesa-de-entradas-estara-abierta-lunes-miercoles-y-viernes-de-10-a-12-hs\/#breadcrumb\",\"itemListElement\":[{\"@type\":\"ListItem\",\"position\":1,\"name\":\"Inicio\",\"item\":\"https:\/\/www.celttv.com.ar\/\"},{\"@type\":\"ListItem\",\"position\":2,\"name\":\"CELT. INFORMA: La mesa de entradas estar\u00e1 abierta Lunes, Mi\u00e9rcoles y Viernes de 10 a 12 hs.\"}]},{\"@type\":\"WebSite\",\"@id\":\"https:\/\/www.celttv.com.ar\/#website\",\"url\":\"https:\/\/www.celttv.com.ar\/\",\"name\":\"CELTTV\",\"description\":\"Cooperativa El\u00e9ctrica de Tornquist\",\"publisher\":{\"@id\":\"https:\/\/www.celttv.com.ar\/#organization\"},\"potentialAction\":[{\"@type\":\"SearchAction\",\"target\":{\"@type\":\"EntryPoint\",\"urlTemplate\":\"https:\/\/www.celttv.com.ar\/?s={search_term_string}\"},\"query-input\":\"required name=search_term_string\"}],\"inLanguage\":\"es\"},{\"@type\":\"Organization\",\"@id\":\"https:\/\/www.celttv.com.ar\/#organization\",\"name\":\"CELTTV\",\"url\":\"https:\/\/www.celttv.com.ar\/\",\"sameAs\":[\"https:\/\/www.youtube.com\/channel\/UCz_oIt8Hig64Ub-EmcNPIhg\",\"https:\/\/www.facebook.com\/celtTV\/\"],\"logo\":{\"@type\":\"ImageObject\",\"inLanguage\":\"es\",\"@id\":\"https:\/\/www.celttv.com.ar\/#\/schema\/logo\/image\/\",\"url\":\"http:\/\/www.celttv.com.ar\/wp-content\/uploads\/2022\/08\/logo-1.png\",\"contentUrl\":\"http:\/\/www.celttv.com.ar\/wp-content\/uploads\/2022\/08\/logo-1.png\",\"width\":461,\"height\":159,\"caption\":\"CELTTV\"},\"image\":{\"@id\":\"https:\/\/www.celttv.com.ar\/#\/schema\/logo\/image\/\"}},{\"@type\":\"Person\",\"@id\":\"https:\/\/www.celttv.com.ar\/#\/schema\/person\/6d99c072dba59953809c81446e9d0ace\",\"name\":\"ulises\",\"image\":{\"@type\":\"ImageObject\",\"inLanguage\":\"es\",\"@id\":\"https:\/\/www.celttv.com.ar\/#\/schema\/person\/image\/\",\"url\":\"https:\/\/secure.gravatar.com\/avatar\/7f2c48bdc33b30088f941fb6082e555f2874c98e20cb159d7b92b50eadfce793?s=96&d=mm&r=g\",\"contentUrl\":\"https:\/\/secure.gravatar.com\/avatar\/7f2c48bdc33b30088f941fb6082e555f2874c98e20cb159d7b92b50eadfce793?s=96&d=mm&r=g\",\"caption\":\"ulises\"},\"sameAs\":[\"http:\/\/www.celttv.com.ar\"]}]}<\/script>\n<!-- \/ Yoast SEO plugin. -->","yoast_head_json":{"title":"CELT. INFORMA: La mesa de entradas estar\u00e1 abierta Lunes, Mi\u00e9rcoles y Viernes de 10 a 12 hs. - CELTTV","description":"Sitio web de noticias de la localidad de Tornquist, provincia de Buenos Aires, Rep\u00fablica Argentina. Contenido propio originado por periodistas de CELTTV, el canal de TV local de la Cooperativa El\u00e9ctrica de Tornquist. Turismo, Pol\u00edtica, Sociedad, Deporte, Cultura y todo el contenido de inter\u00e9s general que la gente del pueblo y la regi\u00f3n debe conocer.","robots":{"index":"index","follow":"follow","max-snippet":"max-snippet:-1","max-image-preview":"max-image-preview:large","max-video-preview":"max-video-preview:-1"},"canonical":"https:\/\/www.celttv.com.ar\/index.php\/2020\/05\/04\/celt-informa-la-mesa-de-entradas-estara-abierta-lunes-miercoles-y-viernes-de-10-a-12-hs\/","og_locale":"es_ES","og_type":"article","og_title":"CELT. INFORMA: La mesa de entradas estar\u00e1 abierta Lunes, Mi\u00e9rcoles y Viernes de 10 a 12 hs. - CELTTV","og_description":"Sitio web de noticias de la localidad de Tornquist, provincia de Buenos Aires, Rep\u00fablica Argentina. Contenido propio originado por periodistas de CELTTV, el canal de TV local de la Cooperativa El\u00e9ctrica de Tornquist. Turismo, Pol\u00edtica, Sociedad, Deporte, Cultura y todo el contenido de inter\u00e9s general que la gente del pueblo y la regi\u00f3n debe conocer.","og_url":"https:\/\/www.celttv.com.ar\/index.php\/2020\/05\/04\/celt-informa-la-mesa-de-entradas-estara-abierta-lunes-miercoles-y-viernes-de-10-a-12-hs\/","og_site_name":"CELTTV","article_publisher":"https:\/\/www.facebook.com\/celtTV\/","article_published_time":"2020-05-04T16:02:27+00:00","og_image":[{"width":768,"height":768,"url":"https:\/\/www.celttv.com.ar\/wp-content\/uploads\/2020\/05\/celt-mesa-de3-entrada.jpg","type":"image\/jpeg"}],"author":"ulises","twitter_card":"summary_large_image","twitter_misc":{"Escrito por":"ulises"},"schema":{"@context":"https:\/\/schema.org","@graph":[{"@type":"NewsArticle","@id":"https:\/\/www.celttv.com.ar\/index.php\/2020\/05\/04\/celt-informa-la-mesa-de-entradas-estara-abierta-lunes-miercoles-y-viernes-de-10-a-12-hs\/#article","isPartOf":{"@id":"https:\/\/www.celttv.com.ar\/index.php\/2020\/05\/04\/celt-informa-la-mesa-de-entradas-estara-abierta-lunes-miercoles-y-viernes-de-10-a-12-hs\/"},"author":{"name":"ulises","@id":"https:\/\/www.celttv.com.ar\/#\/schema\/person\/6d99c072dba59953809c81446e9d0ace"},"headline":"CELT. INFORMA: La mesa de entradas estar\u00e1 abierta Lunes, Mi\u00e9rcoles y Viernes de 10 a 12 hs.","datePublished":"2020-05-04T16:02:27+00:00","dateModified":"2020-05-04T16:02:27+00:00","mainEntityOfPage":{"@id":"https:\/\/www.celttv.com.ar\/index.php\/2020\/05\/04\/celt-informa-la-mesa-de-entradas-estara-abierta-lunes-miercoles-y-viernes-de-10-a-12-hs\/"},"wordCount":64,"publisher":{"@id":"https:\/\/www.celttv.com.ar\/#organization"},"articleSection":["Celt TV Noticias","Comunidad","Destacadas"],"inLanguage":"es"},{"@type":"WebPage","@id":"https:\/\/www.celttv.com.ar\/index.php\/2020\/05\/04\/celt-informa-la-mesa-de-entradas-estara-abierta-lunes-miercoles-y-viernes-de-10-a-12-hs\/","url":"https:\/\/www.celttv.com.ar\/index.php\/2020\/05\/04\/celt-informa-la-mesa-de-entradas-estara-abierta-lunes-miercoles-y-viernes-de-10-a-12-hs\/","name":"CELT. INFORMA: La mesa de entradas estar\u00e1 abierta Lunes, Mi\u00e9rcoles y Viernes de 10 a 12 hs. - CELTTV","isPartOf":{"@id":"https:\/\/www.celttv.com.ar\/#website"},"datePublished":"2020-05-04T16:02:27+00:00","dateModified":"2020-05-04T16:02:27+00:00","description":"Sitio web de noticias de la localidad de Tornquist, provincia de Buenos Aires, Rep\u00fablica Argentina. Contenido propio originado por periodistas de CELTTV, el canal de TV local de la Cooperativa El\u00e9ctrica de Tornquist. Turismo, Pol\u00edtica, Sociedad, Deporte, Cultura y todo el contenido de inter\u00e9s general que la gente del pueblo y la regi\u00f3n debe conocer.","breadcrumb":{"@id":"https:\/\/www.celttv.com.ar\/index.php\/2020\/05\/04\/celt-informa-la-mesa-de-entradas-estara-abierta-lunes-miercoles-y-viernes-de-10-a-12-hs\/#breadcrumb"},"inLanguage":"es","potentialAction":[{"@type":"ReadAction","target":["https:\/\/www.celttv.com.ar\/index.php\/2020\/05\/04\/celt-informa-la-mesa-de-entradas-estara-abierta-lunes-miercoles-y-viernes-de-10-a-12-hs\/"]}]},{"@type":"BreadcrumbList","@id":"https:\/\/www.celttv.com.ar\/index.php\/2020\/05\/04\/celt-informa-la-mesa-de-entradas-estara-abierta-lunes-miercoles-y-viernes-de-10-a-12-hs\/#breadcrumb","itemListElement":[{"@type":"ListItem","position":1,"name":"Inicio","item":"https:\/\/www.celttv.com.ar\/"},{"@type":"ListItem","position":2,"name":"CELT. INFORMA: La mesa de entradas estar\u00e1 abierta Lunes, Mi\u00e9rcoles y Viernes de 10 a 12 hs."}]},{"@type":"WebSite","@id":"https:\/\/www.celttv.com.ar\/#website","url":"https:\/\/www.celttv.com.ar\/","name":"CELTTV","description":"Cooperativa El\u00e9ctrica de Tornquist","publisher":{"@id":"https:\/\/www.celttv.com.ar\/#organization"},"potentialAction":[{"@type":"SearchAction","target":{"@type":"EntryPoint","urlTemplate":"https:\/\/www.celttv.com.ar\/?s={search_term_string}"},"query-input":"required name=search_term_string"}],"inLanguage":"es"},{"@type":"Organization","@id":"https:\/\/www.celttv.com.ar\/#organization","name":"CELTTV","url":"https:\/\/www.celttv.com.ar\/","sameAs":["https:\/\/www.youtube.com\/channel\/UCz_oIt8Hig64Ub-EmcNPIhg","https:\/\/www.facebook.com\/celtTV\/"],"logo":{"@type":"ImageObject","inLanguage":"es","@id":"https:\/\/www.celttv.com.ar\/#\/schema\/logo\/image\/","url":"http:\/\/www.celttv.com.ar\/wp-content\/uploads\/2022\/08\/logo-1.png","contentUrl":"http:\/\/www.celttv.com.ar\/wp-content\/uploads\/2022\/08\/logo-1.png","width":461,"height":159,"caption":"CELTTV"},"image":{"@id":"https:\/\/www.celttv.com.ar\/#\/schema\/logo\/image\/"}},{"@type":"Person","@id":"https:\/\/www.celttv.com.ar\/#\/schema\/person\/6d99c072dba59953809c81446e9d0ace","name":"ulises","image":{"@type":"ImageObject","inLanguage":"es","@id":"https:\/\/www.celttv.com.ar\/#\/schema\/person\/image\/","url":"https:\/\/secure.gravatar.com\/avatar\/7f2c48bdc33b30088f941fb6082e555f2874c98e20cb159d7b92b50eadfce793?s=96&d=mm&r=g","contentUrl":"https:\/\/secure.gravatar.com\/avatar\/7f2c48bdc33b30088f941fb6082e555f2874c98e20cb159d7b92b50eadfce793?s=96&d=mm&r=g","caption":"ulises"},"sameAs":["http:\/\/www.celttv.com.ar"]}]}},"_links":{"self":[{"href":"https:\/\/www.celttv.com.ar\/index.php\/wp-json\/wp\/v2\/posts\/48831","targetHints":{"allow":["GET"]}}],"collection":[{"href":"https:\/\/www.celttv.com.ar\/index.php\/wp-json\/wp\/v2\/posts"}],"about":[{"href":"https:\/\/www.celttv.com.ar\/index.php\/wp-json\/wp\/v2\/types\/post"}],"author":[{"embeddable":true,"href":"https:\/\/www.celttv.com.ar\/index.php\/wp-json\/wp\/v2\/users\/1"}],"replies":[{"embeddable":true,"href":"https:\/\/www.celttv.com.ar\/index.php\/wp-json\/wp\/v2\/comments?post=48831"}],"version-history":[{"count":0,"href":"https:\/\/www.celttv.com.ar\/index.php\/wp-json\/wp\/v2\/posts\/48831\/revisions"}],"wp:featuredmedia":[{"embeddable":true,"href":"https:\/\/www.celttv.com.ar\/index.php\/wp-json\/wp\/v2\/media\/48837"}],"wp:attachment":[{"href":"https:\/\/www.celttv.com.ar\/index.php\/wp-json\/wp\/v2\/media?parent=48831"}],"wp:term":[{"taxonomy":"category","embeddable":true,"href":"https:\/\/www.celttv.com.ar\/index.php\/wp-json\/wp\/v2\/categories?post=48831"},{"taxonomy":"post_tag","embeddable":true,"href":"https:\/\/www.celttv.com.ar\/index.php\/wp-json\/wp\/v2\/tags?post=48831"}],"curies":[{"name":"wp","href":"https:\/\/api.w.org\/{rel}","templated":true}]}}