{"id":49207,"date":"2020-05-22T15:39:32","date_gmt":"2020-05-22T15:39:32","guid":{"rendered":"http:\/\/www.celttv.com.ar\/?p=49207"},"modified":"2020-05-22T15:39:32","modified_gmt":"2020-05-22T15:39:32","slug":"la-camara-de-diputados-aprobo-el-pedido-de-mayores-testeos-para-el-personal-de-los-hogares-de-ancianos-y-centros-de-dia","status":"publish","type":"post","link":"https:\/\/www.celttv.com.ar\/index.php\/2020\/05\/22\/la-camara-de-diputados-aprobo-el-pedido-de-mayores-testeos-para-el-personal-de-los-hogares-de-ancianos-y-centros-de-dia\/","title":{"rendered":"LA CAMARA DE DIPUTADOS APROB\u00d3 EL PEDIDO DE MAYORES TESTEOS PARA EL PERSONAL DE LOS HOGARES DE ANCIANOS Y CENTROS DE D\u00cdA"},"content":{"rendered":"<p align=\"center\"><i>Es una iniciativa del diputado Emiliano Balb\u00edn, quien, entre otras cosas, celebr\u00f3 que la Legislatura vuelva a funcionar. \u201cEstamos tomando una bocanada de aire democr\u00e1tico\u201d, dijo.<\/i><\/p>\n<p>La C\u00e1mara de diputados bonaerense tuvo su primera sesi\u00f3n ordinaria, donde se trataron varios proyectos que estaban en agenda y archivados en virtud de la inactividad provocada por la pandemia del COVID 19. En este contexto es que el diputado de Juntos por el Cambio, Emiliano Balb\u00edn, resalt\u00f3 la posibilidad de que ambas c\u00e1maras legislativas de la Provincia hayan retomado su actividad normal, de acuerdo con lo que permiten los protocolos actuales de funcionamiento.<\/p>\n<p>&nbsp;<\/p>\n<p>\u201cHace un tiempo atr\u00e1s algunos de los que estamos aqu\u00ed empezamos a sostener que la pandemia del COVID-19 cambiar\u00eda el paradigma mundial de los tiempos venideros y que ser\u00eda nuestra responsabilidad en el \u00e1mbito de la provincia de Buenos Aires comenzar a readaptar las herramientas legales que ya ten\u00edamos a los cambios que indefectiblemente llegar\u00edan\u201d, se\u00f1al\u00f3 Balb\u00edn.<\/p>\n<p>&nbsp;<\/p>\n<p>En el mismo sentido agreg\u00f3 que \u201ces por eso que celebro que en el d\u00eda de la fecha los aqu\u00ed presentes hayamos puesto por delante de todo la representatividad del pueblo bonaerense y la gran responsabilidad que \u00e9ste nos ha otorgado. Y agradezco el trabajo de nuestro presidente de bloque, Maximiliano Abad, as\u00ed como tambi\u00e9n de todo el personal de esta Casa, que ha mostrado una gran predisposici\u00f3n\u201d.<\/p>\n<p>&nbsp;<\/p>\n<p>Con relaci\u00f3n al trabajo presentado, el diputado radical resalt\u00f3: \u201chemos propuesto una serie de proyectos vinculados con le emergencia sanitaria y econ\u00f3mica. Nos preocupa que llevamos sesenta d\u00edas de aislamiento social, con la econom\u00eda resentida y el sistema social en una situaci\u00f3n problem\u00e1tica y sin respuestas concretas en todo el territorio bonaerense\u201d.<\/p>\n<p>&nbsp;<\/p>\n<p>\u201cParticularmente -avanzo Balb\u00edn-, le hemos pedido, y esta C\u00e1mara as\u00ed lo ratific\u00f3 hoy, al Ministerio de Salud de la Provincia que instrumente en los Hogares de Adultos Mayores (Geri\u00e1tricos) p\u00fablicos y privados en el \u00e1mbito de la Provincia, la implementaci\u00f3n peri\u00f3dica de test r\u00e1pidos de Covid-19, para el personal de estos, con el objeto de detectar en forma precoz casos activos que puedan generar contagios masivos.<\/p>\n<p>&nbsp;<\/p>\n<p>\u201cLo hicimos porque se ha tomado conocimiento de un aumento significativo de casos de contagios de coronavirus en residencias destinadas al cuidado de adultos mayores en las diferentes jurisdicciones. Justamente la poblaci\u00f3n compuesta en su mayor\u00eda por personas mayores de 65 a\u00f1os, adultos mayores que han sido considerados por la Organizaci\u00f3n Mundial de la Salud como grupo de riesgo frente a esta enfermedad\u201d, agreg\u00f3 el flamante presidente de la recientemente creada comisi\u00f3n de Adultos Mayores.<\/p>\n<p>&nbsp;<\/p>\n<p>\u201cEs fundamental el control de testeos al personal de los Hogares de Ancianos y Centros de d\u00edas, la implementaci\u00f3n ordenada de las vacunas, y tener la cantidad de vacunas necesarias en todo el territorio bonaerense\u201d.<\/p>\n<p>&nbsp;<\/p>\n<p>&nbsp;<\/p>\n<p><u>La crisis econ\u00f3mica<\/u><\/p>\n<p>&nbsp;<\/p>\n<p>Adem\u00e1s, el legislador se\u00f1al\u00f3 que \u201ctambi\u00e9n nos pone en alerta la situaci\u00f3n cr\u00edtica por la que atraviesan los nuestros intendentes y sus econom\u00edas locales. En muchos casos no sabremos hasta que esto pase c\u00f3mo ser\u00e1 el camino de la recuperaci\u00f3n en esos lugares\u201d.<\/p>\n<p>&nbsp;<\/p>\n<p>\u201cCoincidimos con muchas de las medidas que se ejecutaron desde el ejecutivo provincial teniendo en cuenta la emergencia, pero consideramos fundamental, en este tiempo, detenernos a repensar la implementaci\u00f3n de estas teniendo en cuenta la diversidad que existe en el territorio bonaerense\u201d.<\/p>\n<p>&nbsp;<\/p>\n<p>\u201cComo dije en otras oportunidades, estamos en un proceso de cambio constante, y saldremos victoriosos de \u00e9ste en tanto y en cuanto logremos adaptarnos a \u00e9l, acept\u00e1ndolo, poniendo lo mejor de nosotros y siendo responsables. Nadie se salva o muere solo y tenemos una oportunidad para demostrarlo. No debemos desperdiciarla\u201d, finaliz\u00f3 Balb\u00edn.<\/p>\n<p>&nbsp;<\/p>\n<p>&nbsp;<\/p>\n<p>&nbsp;<\/p>\n<p>&nbsp;<\/p>\n<p>&nbsp;<\/p>\n","protected":false},"excerpt":{"rendered":"<p>Es una iniciativa del diputado Emiliano Balb\u00edn, quien, entre otras cosas, celebr\u00f3 que la Legislatura vuelva a funcionar. \u201cEstamos tomando una bocanada de aire democr\u00e1tico\u201d, dijo. La C\u00e1mara de diputados bonaerense tuvo su primera sesi\u00f3n ordinaria, donde se trataron varios proyectos que estaban en agenda y archivados en virtud de la inactividad provocada por la [&hellip;]<\/p>\n","protected":false},"author":1,"featured_media":49209,"comment_status":"closed","ping_status":"open","sticky":false,"template":"","format":"standard","meta":{"footnotes":""},"categories":[51,52,53],"tags":[],"class_list":["post-49207","post","type-post","status-publish","format-standard","has-post-thumbnail","hentry","category-comunidad","category-destacadas","category-politica"],"yoast_head":"<!-- This site is optimized with the Yoast SEO plugin v19.7.1 - https:\/\/yoast.com\/wordpress\/plugins\/seo\/ -->\n<title>LA CAMARA DE DIPUTADOS APROB\u00d3 EL PEDIDO DE MAYORES TESTEOS PARA EL PERSONAL DE LOS HOGARES DE ANCIANOS Y CENTROS DE D\u00cdA - CELTTV<\/title>\n<meta name=\"description\" content=\"Sitio web de noticias de la localidad de Tornquist, provincia de Buenos Aires, Rep\u00fablica Argentina. Contenido propio originado por periodistas de CELTTV, el canal de TV local de la Cooperativa El\u00e9ctrica de Tornquist. Turismo, Pol\u00edtica, Sociedad, Deporte, Cultura y todo el contenido de inter\u00e9s general que la gente del pueblo y la regi\u00f3n debe conocer.\" \/>\n<meta name=\"robots\" content=\"index, follow, max-snippet:-1, max-image-preview:large, max-video-preview:-1\" \/>\n<link rel=\"canonical\" href=\"https:\/\/www.celttv.com.ar\/index.php\/2020\/05\/22\/la-camara-de-diputados-aprobo-el-pedido-de-mayores-testeos-para-el-personal-de-los-hogares-de-ancianos-y-centros-de-dia\/\" \/>\n<meta property=\"og:locale\" content=\"es_ES\" \/>\n<meta property=\"og:type\" content=\"article\" \/>\n<meta property=\"og:title\" content=\"LA CAMARA DE DIPUTADOS APROB\u00d3 EL PEDIDO DE MAYORES TESTEOS PARA EL PERSONAL DE LOS HOGARES DE ANCIANOS Y CENTROS DE D\u00cdA - CELTTV\" \/>\n<meta property=\"og:description\" content=\"Sitio web de noticias de la localidad de Tornquist, provincia de Buenos Aires, Rep\u00fablica Argentina. Contenido propio originado por periodistas de CELTTV, el canal de TV local de la Cooperativa El\u00e9ctrica de Tornquist. Turismo, Pol\u00edtica, Sociedad, Deporte, Cultura y todo el contenido de inter\u00e9s general que la gente del pueblo y la regi\u00f3n debe conocer.\" \/>\n<meta property=\"og:url\" content=\"https:\/\/www.celttv.com.ar\/index.php\/2020\/05\/22\/la-camara-de-diputados-aprobo-el-pedido-de-mayores-testeos-para-el-personal-de-los-hogares-de-ancianos-y-centros-de-dia\/\" \/>\n<meta property=\"og:site_name\" content=\"CELTTV\" \/>\n<meta property=\"article:publisher\" content=\"https:\/\/www.facebook.com\/celtTV\/\" \/>\n<meta property=\"article:published_time\" content=\"2020-05-22T15:39:32+00:00\" \/>\n<meta property=\"og:image\" content=\"https:\/\/www.celttv.com.ar\/wp-content\/uploads\/2020\/05\/sesion-200521-2.jpeg\" \/>\n\t<meta property=\"og:image:width\" content=\"1024\" \/>\n\t<meta property=\"og:image:height\" content=\"768\" \/>\n\t<meta property=\"og:image:type\" content=\"image\/jpeg\" \/>\n<meta name=\"author\" content=\"ulises\" \/>\n<meta name=\"twitter:card\" content=\"summary_large_image\" \/>\n<meta name=\"twitter:label1\" content=\"Escrito por\" \/>\n\t<meta name=\"twitter:data1\" content=\"ulises\" \/>\n\t<meta name=\"twitter:label2\" content=\"Tiempo de lectura\" \/>\n\t<meta name=\"twitter:data2\" content=\"3 minutos\" \/>\n<script type=\"application\/ld+json\" class=\"yoast-schema-graph\">{\"@context\":\"https:\/\/schema.org\",\"@graph\":[{\"@type\":\"NewsArticle\",\"@id\":\"https:\/\/www.celttv.com.ar\/index.php\/2020\/05\/22\/la-camara-de-diputados-aprobo-el-pedido-de-mayores-testeos-para-el-personal-de-los-hogares-de-ancianos-y-centros-de-dia\/#article\",\"isPartOf\":{\"@id\":\"https:\/\/www.celttv.com.ar\/index.php\/2020\/05\/22\/la-camara-de-diputados-aprobo-el-pedido-de-mayores-testeos-para-el-personal-de-los-hogares-de-ancianos-y-centros-de-dia\/\"},\"author\":{\"name\":\"ulises\",\"@id\":\"https:\/\/www.celttv.com.ar\/#\/schema\/person\/6d99c072dba59953809c81446e9d0ace\"},\"headline\":\"LA CAMARA DE DIPUTADOS APROB\u00d3 EL PEDIDO DE MAYORES TESTEOS PARA EL PERSONAL DE LOS HOGARES DE ANCIANOS Y CENTROS DE D\u00cdA\",\"datePublished\":\"2020-05-22T15:39:32+00:00\",\"dateModified\":\"2020-05-22T15:39:32+00:00\",\"mainEntityOfPage\":{\"@id\":\"https:\/\/www.celttv.com.ar\/index.php\/2020\/05\/22\/la-camara-de-diputados-aprobo-el-pedido-de-mayores-testeos-para-el-personal-de-los-hogares-de-ancianos-y-centros-de-dia\/\"},\"wordCount\":678,\"publisher\":{\"@id\":\"https:\/\/www.celttv.com.ar\/#organization\"},\"articleSection\":[\"Comunidad\",\"Destacadas\",\"Pol\u00edtica\"],\"inLanguage\":\"es\"},{\"@type\":\"WebPage\",\"@id\":\"https:\/\/www.celttv.com.ar\/index.php\/2020\/05\/22\/la-camara-de-diputados-aprobo-el-pedido-de-mayores-testeos-para-el-personal-de-los-hogares-de-ancianos-y-centros-de-dia\/\",\"url\":\"https:\/\/www.celttv.com.ar\/index.php\/2020\/05\/22\/la-camara-de-diputados-aprobo-el-pedido-de-mayores-testeos-para-el-personal-de-los-hogares-de-ancianos-y-centros-de-dia\/\",\"name\":\"LA CAMARA DE DIPUTADOS APROB\u00d3 EL PEDIDO DE MAYORES TESTEOS PARA EL PERSONAL DE LOS HOGARES DE ANCIANOS Y CENTROS DE D\u00cdA - CELTTV\",\"isPartOf\":{\"@id\":\"https:\/\/www.celttv.com.ar\/#website\"},\"datePublished\":\"2020-05-22T15:39:32+00:00\",\"dateModified\":\"2020-05-22T15:39:32+00:00\",\"description\":\"Sitio web de noticias de la localidad de Tornquist, provincia de Buenos Aires, Rep\u00fablica Argentina. Contenido propio originado por periodistas de CELTTV, el canal de TV local de la Cooperativa El\u00e9ctrica de Tornquist. Turismo, Pol\u00edtica, Sociedad, Deporte, Cultura y todo el contenido de inter\u00e9s general que la gente del pueblo y la regi\u00f3n debe conocer.\",\"breadcrumb\":{\"@id\":\"https:\/\/www.celttv.com.ar\/index.php\/2020\/05\/22\/la-camara-de-diputados-aprobo-el-pedido-de-mayores-testeos-para-el-personal-de-los-hogares-de-ancianos-y-centros-de-dia\/#breadcrumb\"},\"inLanguage\":\"es\",\"potentialAction\":[{\"@type\":\"ReadAction\",\"target\":[\"https:\/\/www.celttv.com.ar\/index.php\/2020\/05\/22\/la-camara-de-diputados-aprobo-el-pedido-de-mayores-testeos-para-el-personal-de-los-hogares-de-ancianos-y-centros-de-dia\/\"]}]},{\"@type\":\"BreadcrumbList\",\"@id\":\"https:\/\/www.celttv.com.ar\/index.php\/2020\/05\/22\/la-camara-de-diputados-aprobo-el-pedido-de-mayores-testeos-para-el-personal-de-los-hogares-de-ancianos-y-centros-de-dia\/#breadcrumb\",\"itemListElement\":[{\"@type\":\"ListItem\",\"position\":1,\"name\":\"Inicio\",\"item\":\"https:\/\/www.celttv.com.ar\/\"},{\"@type\":\"ListItem\",\"position\":2,\"name\":\"LA CAMARA DE DIPUTADOS APROB\u00d3 EL PEDIDO DE MAYORES TESTEOS PARA EL PERSONAL DE LOS HOGARES DE ANCIANOS Y CENTROS DE D\u00cdA\"}]},{\"@type\":\"WebSite\",\"@id\":\"https:\/\/www.celttv.com.ar\/#website\",\"url\":\"https:\/\/www.celttv.com.ar\/\",\"name\":\"CELTTV\",\"description\":\"Cooperativa El\u00e9ctrica de Tornquist\",\"publisher\":{\"@id\":\"https:\/\/www.celttv.com.ar\/#organization\"},\"potentialAction\":[{\"@type\":\"SearchAction\",\"target\":{\"@type\":\"EntryPoint\",\"urlTemplate\":\"https:\/\/www.celttv.com.ar\/?s={search_term_string}\"},\"query-input\":\"required name=search_term_string\"}],\"inLanguage\":\"es\"},{\"@type\":\"Organization\",\"@id\":\"https:\/\/www.celttv.com.ar\/#organization\",\"name\":\"CELTTV\",\"url\":\"https:\/\/www.celttv.com.ar\/\",\"sameAs\":[\"https:\/\/www.youtube.com\/channel\/UCz_oIt8Hig64Ub-EmcNPIhg\",\"https:\/\/www.facebook.com\/celtTV\/\"],\"logo\":{\"@type\":\"ImageObject\",\"inLanguage\":\"es\",\"@id\":\"https:\/\/www.celttv.com.ar\/#\/schema\/logo\/image\/\",\"url\":\"http:\/\/www.celttv.com.ar\/wp-content\/uploads\/2022\/08\/logo-1.png\",\"contentUrl\":\"http:\/\/www.celttv.com.ar\/wp-content\/uploads\/2022\/08\/logo-1.png\",\"width\":461,\"height\":159,\"caption\":\"CELTTV\"},\"image\":{\"@id\":\"https:\/\/www.celttv.com.ar\/#\/schema\/logo\/image\/\"}},{\"@type\":\"Person\",\"@id\":\"https:\/\/www.celttv.com.ar\/#\/schema\/person\/6d99c072dba59953809c81446e9d0ace\",\"name\":\"ulises\",\"image\":{\"@type\":\"ImageObject\",\"inLanguage\":\"es\",\"@id\":\"https:\/\/www.celttv.com.ar\/#\/schema\/person\/image\/\",\"url\":\"https:\/\/secure.gravatar.com\/avatar\/7f2c48bdc33b30088f941fb6082e555f2874c98e20cb159d7b92b50eadfce793?s=96&d=mm&r=g\",\"contentUrl\":\"https:\/\/secure.gravatar.com\/avatar\/7f2c48bdc33b30088f941fb6082e555f2874c98e20cb159d7b92b50eadfce793?s=96&d=mm&r=g\",\"caption\":\"ulises\"},\"sameAs\":[\"http:\/\/www.celttv.com.ar\"]}]}<\/script>\n<!-- \/ Yoast SEO plugin. -->","yoast_head_json":{"title":"LA CAMARA DE DIPUTADOS APROB\u00d3 EL PEDIDO DE MAYORES TESTEOS PARA EL PERSONAL DE LOS HOGARES DE ANCIANOS Y CENTROS DE D\u00cdA - CELTTV","description":"Sitio web de noticias de la localidad de Tornquist, provincia de Buenos Aires, Rep\u00fablica Argentina. Contenido propio originado por periodistas de CELTTV, el canal de TV local de la Cooperativa El\u00e9ctrica de Tornquist. Turismo, Pol\u00edtica, Sociedad, Deporte, Cultura y todo el contenido de inter\u00e9s general que la gente del pueblo y la regi\u00f3n debe conocer.","robots":{"index":"index","follow":"follow","max-snippet":"max-snippet:-1","max-image-preview":"max-image-preview:large","max-video-preview":"max-video-preview:-1"},"canonical":"https:\/\/www.celttv.com.ar\/index.php\/2020\/05\/22\/la-camara-de-diputados-aprobo-el-pedido-de-mayores-testeos-para-el-personal-de-los-hogares-de-ancianos-y-centros-de-dia\/","og_locale":"es_ES","og_type":"article","og_title":"LA CAMARA DE DIPUTADOS APROB\u00d3 EL PEDIDO DE MAYORES TESTEOS PARA EL PERSONAL DE LOS HOGARES DE ANCIANOS Y CENTROS DE D\u00cdA - CELTTV","og_description":"Sitio web de noticias de la localidad de Tornquist, provincia de Buenos Aires, Rep\u00fablica Argentina. Contenido propio originado por periodistas de CELTTV, el canal de TV local de la Cooperativa El\u00e9ctrica de Tornquist. Turismo, Pol\u00edtica, Sociedad, Deporte, Cultura y todo el contenido de inter\u00e9s general que la gente del pueblo y la regi\u00f3n debe conocer.","og_url":"https:\/\/www.celttv.com.ar\/index.php\/2020\/05\/22\/la-camara-de-diputados-aprobo-el-pedido-de-mayores-testeos-para-el-personal-de-los-hogares-de-ancianos-y-centros-de-dia\/","og_site_name":"CELTTV","article_publisher":"https:\/\/www.facebook.com\/celtTV\/","article_published_time":"2020-05-22T15:39:32+00:00","og_image":[{"width":1024,"height":768,"url":"https:\/\/www.celttv.com.ar\/wp-content\/uploads\/2020\/05\/sesion-200521-2.jpeg","type":"image\/jpeg"}],"author":"ulises","twitter_card":"summary_large_image","twitter_misc":{"Escrito por":"ulises","Tiempo de lectura":"3 minutos"},"schema":{"@context":"https:\/\/schema.org","@graph":[{"@type":"NewsArticle","@id":"https:\/\/www.celttv.com.ar\/index.php\/2020\/05\/22\/la-camara-de-diputados-aprobo-el-pedido-de-mayores-testeos-para-el-personal-de-los-hogares-de-ancianos-y-centros-de-dia\/#article","isPartOf":{"@id":"https:\/\/www.celttv.com.ar\/index.php\/2020\/05\/22\/la-camara-de-diputados-aprobo-el-pedido-de-mayores-testeos-para-el-personal-de-los-hogares-de-ancianos-y-centros-de-dia\/"},"author":{"name":"ulises","@id":"https:\/\/www.celttv.com.ar\/#\/schema\/person\/6d99c072dba59953809c81446e9d0ace"},"headline":"LA CAMARA DE DIPUTADOS APROB\u00d3 EL PEDIDO DE MAYORES TESTEOS PARA EL PERSONAL DE LOS HOGARES DE ANCIANOS Y CENTROS DE D\u00cdA","datePublished":"2020-05-22T15:39:32+00:00","dateModified":"2020-05-22T15:39:32+00:00","mainEntityOfPage":{"@id":"https:\/\/www.celttv.com.ar\/index.php\/2020\/05\/22\/la-camara-de-diputados-aprobo-el-pedido-de-mayores-testeos-para-el-personal-de-los-hogares-de-ancianos-y-centros-de-dia\/"},"wordCount":678,"publisher":{"@id":"https:\/\/www.celttv.com.ar\/#organization"},"articleSection":["Comunidad","Destacadas","Pol\u00edtica"],"inLanguage":"es"},{"@type":"WebPage","@id":"https:\/\/www.celttv.com.ar\/index.php\/2020\/05\/22\/la-camara-de-diputados-aprobo-el-pedido-de-mayores-testeos-para-el-personal-de-los-hogares-de-ancianos-y-centros-de-dia\/","url":"https:\/\/www.celttv.com.ar\/index.php\/2020\/05\/22\/la-camara-de-diputados-aprobo-el-pedido-de-mayores-testeos-para-el-personal-de-los-hogares-de-ancianos-y-centros-de-dia\/","name":"LA CAMARA DE DIPUTADOS APROB\u00d3 EL PEDIDO DE MAYORES TESTEOS PARA EL PERSONAL DE LOS HOGARES DE ANCIANOS Y CENTROS DE D\u00cdA - CELTTV","isPartOf":{"@id":"https:\/\/www.celttv.com.ar\/#website"},"datePublished":"2020-05-22T15:39:32+00:00","dateModified":"2020-05-22T15:39:32+00:00","description":"Sitio web de noticias de la localidad de Tornquist, provincia de Buenos Aires, Rep\u00fablica Argentina. Contenido propio originado por periodistas de CELTTV, el canal de TV local de la Cooperativa El\u00e9ctrica de Tornquist. Turismo, Pol\u00edtica, Sociedad, Deporte, Cultura y todo el contenido de inter\u00e9s general que la gente del pueblo y la regi\u00f3n debe conocer.","breadcrumb":{"@id":"https:\/\/www.celttv.com.ar\/index.php\/2020\/05\/22\/la-camara-de-diputados-aprobo-el-pedido-de-mayores-testeos-para-el-personal-de-los-hogares-de-ancianos-y-centros-de-dia\/#breadcrumb"},"inLanguage":"es","potentialAction":[{"@type":"ReadAction","target":["https:\/\/www.celttv.com.ar\/index.php\/2020\/05\/22\/la-camara-de-diputados-aprobo-el-pedido-de-mayores-testeos-para-el-personal-de-los-hogares-de-ancianos-y-centros-de-dia\/"]}]},{"@type":"BreadcrumbList","@id":"https:\/\/www.celttv.com.ar\/index.php\/2020\/05\/22\/la-camara-de-diputados-aprobo-el-pedido-de-mayores-testeos-para-el-personal-de-los-hogares-de-ancianos-y-centros-de-dia\/#breadcrumb","itemListElement":[{"@type":"ListItem","position":1,"name":"Inicio","item":"https:\/\/www.celttv.com.ar\/"},{"@type":"ListItem","position":2,"name":"LA CAMARA DE DIPUTADOS APROB\u00d3 EL PEDIDO DE MAYORES TESTEOS PARA EL PERSONAL DE LOS HOGARES DE ANCIANOS Y CENTROS DE D\u00cdA"}]},{"@type":"WebSite","@id":"https:\/\/www.celttv.com.ar\/#website","url":"https:\/\/www.celttv.com.ar\/","name":"CELTTV","description":"Cooperativa El\u00e9ctrica de Tornquist","publisher":{"@id":"https:\/\/www.celttv.com.ar\/#organization"},"potentialAction":[{"@type":"SearchAction","target":{"@type":"EntryPoint","urlTemplate":"https:\/\/www.celttv.com.ar\/?s={search_term_string}"},"query-input":"required name=search_term_string"}],"inLanguage":"es"},{"@type":"Organization","@id":"https:\/\/www.celttv.com.ar\/#organization","name":"CELTTV","url":"https:\/\/www.celttv.com.ar\/","sameAs":["https:\/\/www.youtube.com\/channel\/UCz_oIt8Hig64Ub-EmcNPIhg","https:\/\/www.facebook.com\/celtTV\/"],"logo":{"@type":"ImageObject","inLanguage":"es","@id":"https:\/\/www.celttv.com.ar\/#\/schema\/logo\/image\/","url":"http:\/\/www.celttv.com.ar\/wp-content\/uploads\/2022\/08\/logo-1.png","contentUrl":"http:\/\/www.celttv.com.ar\/wp-content\/uploads\/2022\/08\/logo-1.png","width":461,"height":159,"caption":"CELTTV"},"image":{"@id":"https:\/\/www.celttv.com.ar\/#\/schema\/logo\/image\/"}},{"@type":"Person","@id":"https:\/\/www.celttv.com.ar\/#\/schema\/person\/6d99c072dba59953809c81446e9d0ace","name":"ulises","image":{"@type":"ImageObject","inLanguage":"es","@id":"https:\/\/www.celttv.com.ar\/#\/schema\/person\/image\/","url":"https:\/\/secure.gravatar.com\/avatar\/7f2c48bdc33b30088f941fb6082e555f2874c98e20cb159d7b92b50eadfce793?s=96&d=mm&r=g","contentUrl":"https:\/\/secure.gravatar.com\/avatar\/7f2c48bdc33b30088f941fb6082e555f2874c98e20cb159d7b92b50eadfce793?s=96&d=mm&r=g","caption":"ulises"},"sameAs":["http:\/\/www.celttv.com.ar"]}]}},"_links":{"self":[{"href":"https:\/\/www.celttv.com.ar\/index.php\/wp-json\/wp\/v2\/posts\/49207","targetHints":{"allow":["GET"]}}],"collection":[{"href":"https:\/\/www.celttv.com.ar\/index.php\/wp-json\/wp\/v2\/posts"}],"about":[{"href":"https:\/\/www.celttv.com.ar\/index.php\/wp-json\/wp\/v2\/types\/post"}],"author":[{"embeddable":true,"href":"https:\/\/www.celttv.com.ar\/index.php\/wp-json\/wp\/v2\/users\/1"}],"replies":[{"embeddable":true,"href":"https:\/\/www.celttv.com.ar\/index.php\/wp-json\/wp\/v2\/comments?post=49207"}],"version-history":[{"count":0,"href":"https:\/\/www.celttv.com.ar\/index.php\/wp-json\/wp\/v2\/posts\/49207\/revisions"}],"wp:featuredmedia":[{"embeddable":true,"href":"https:\/\/www.celttv.com.ar\/index.php\/wp-json\/wp\/v2\/media\/49209"}],"wp:attachment":[{"href":"https:\/\/www.celttv.com.ar\/index.php\/wp-json\/wp\/v2\/media?parent=49207"}],"wp:term":[{"taxonomy":"category","embeddable":true,"href":"https:\/\/www.celttv.com.ar\/index.php\/wp-json\/wp\/v2\/categories?post=49207"},{"taxonomy":"post_tag","embeddable":true,"href":"https:\/\/www.celttv.com.ar\/index.php\/wp-json\/wp\/v2\/tags?post=49207"}],"curies":[{"name":"wp","href":"https:\/\/api.w.org\/{rel}","templated":true}]}}