{"id":49212,"date":"2020-05-22T16:14:33","date_gmt":"2020-05-22T16:14:33","guid":{"rendered":"http:\/\/www.celttv.com.ar\/?p=49212"},"modified":"2020-05-22T16:14:33","modified_gmt":"2020-05-22T16:14:33","slug":"49212","status":"publish","type":"post","link":"https:\/\/www.celttv.com.ar\/index.php\/2020\/05\/22\/49212\/","title":{"rendered":"Principio de incendio en un obrador del Parque E\u00f3lico"},"content":{"rendered":"<p>A las 8:15 de esta ma\u00f1ana se escuch\u00f3 la sirena de los Bomberos Voluntarios de Tornquist.<\/p>\n<p>Los servidores p\u00fablicos concurrieron con una dotaci\u00f3n a un Principio de incendio en un obrador del Parque E\u00f3lico.<\/p>\n<p><a href=\"http:\/\/www.celttv.com.ar\/?attachment_id=49213\" rel=\"attachment wp-att-49213\"><img loading=\"lazy\" decoding=\"async\" class=\"alignleft size-full wp-image-49213\" src=\"http:\/\/www.celttv.com.ar\/wp-content\/uploads\/2020\/05\/99158854_2688172388175336_1698367121244815360_o.jpg\" alt=\"\" width=\"1160\" height=\"872\" srcset=\"https:\/\/www.celttv.com.ar\/wp-content\/uploads\/2020\/05\/99158854_2688172388175336_1698367121244815360_o.jpg 1160w, https:\/\/www.celttv.com.ar\/wp-content\/uploads\/2020\/05\/99158854_2688172388175336_1698367121244815360_o-300x226.jpg 300w, https:\/\/www.celttv.com.ar\/wp-content\/uploads\/2020\/05\/99158854_2688172388175336_1698367121244815360_o-1024x770.jpg 1024w, https:\/\/www.celttv.com.ar\/wp-content\/uploads\/2020\/05\/99158854_2688172388175336_1698367121244815360_o-768x577.jpg 768w, https:\/\/www.celttv.com.ar\/wp-content\/uploads\/2020\/05\/99158854_2688172388175336_1698367121244815360_o-750x564.jpg 750w, https:\/\/www.celttv.com.ar\/wp-content\/uploads\/2020\/05\/99158854_2688172388175336_1698367121244815360_o-1140x857.jpg 1140w\" sizes=\"auto, (max-width: 1160px) 100vw, 1160px\" \/><\/a> <a href=\"http:\/\/www.celttv.com.ar\/?attachment_id=49214\" rel=\"attachment wp-att-49214\"><img loading=\"lazy\" decoding=\"async\" class=\"alignleft size-medium wp-image-49214\" src=\"http:\/\/www.celttv.com.ar\/wp-content\/uploads\/2020\/05\/99279058_2688172298175345_2155917791243272192_o.jpg\" alt=\"\" width=\"439\" height=\"780\" srcset=\"https:\/\/www.celttv.com.ar\/wp-content\/uploads\/2020\/05\/99279058_2688172298175345_2155917791243272192_o.jpg 648w, https:\/\/www.celttv.com.ar\/wp-content\/uploads\/2020\/05\/99279058_2688172298175345_2155917791243272192_o-169x300.jpg 169w, https:\/\/www.celttv.com.ar\/wp-content\/uploads\/2020\/05\/99279058_2688172298175345_2155917791243272192_o-576x1024.jpg 576w\" sizes=\"auto, (max-width: 439px) 100vw, 439px\" \/><\/a> <a href=\"http:\/\/www.celttv.com.ar\/?attachment_id=49215\" rel=\"attachment wp-att-49215\"><img loading=\"lazy\" decoding=\"async\" class=\"alignleft size-medium wp-image-49215\" src=\"http:\/\/www.celttv.com.ar\/wp-content\/uploads\/2020\/05\/99293127_2688172364842005_5797558516424114176_o.jpg\" alt=\"\" width=\"780\" height=\"586\" srcset=\"https:\/\/www.celttv.com.ar\/wp-content\/uploads\/2020\/05\/99293127_2688172364842005_5797558516424114176_o.jpg 1160w, https:\/\/www.celttv.com.ar\/wp-content\/uploads\/2020\/05\/99293127_2688172364842005_5797558516424114176_o-300x226.jpg 300w, https:\/\/www.celttv.com.ar\/wp-content\/uploads\/2020\/05\/99293127_2688172364842005_5797558516424114176_o-1024x770.jpg 1024w, https:\/\/www.celttv.com.ar\/wp-content\/uploads\/2020\/05\/99293127_2688172364842005_5797558516424114176_o-768x577.jpg 768w, https:\/\/www.celttv.com.ar\/wp-content\/uploads\/2020\/05\/99293127_2688172364842005_5797558516424114176_o-750x564.jpg 750w, https:\/\/www.celttv.com.ar\/wp-content\/uploads\/2020\/05\/99293127_2688172364842005_5797558516424114176_o-1140x857.jpg 1140w\" sizes=\"auto, (max-width: 780px) 100vw, 780px\" \/><\/a> <a href=\"http:\/\/www.celttv.com.ar\/?attachment_id=49216\" rel=\"attachment wp-att-49216\"><img loading=\"lazy\" decoding=\"async\" class=\"alignleft size-medium wp-image-49216\" src=\"http:\/\/www.celttv.com.ar\/wp-content\/uploads\/2020\/05\/99439498_2688172308175344_7950685901774913536_o.jpg\" alt=\"\" width=\"780\" height=\"586\" srcset=\"https:\/\/www.celttv.com.ar\/wp-content\/uploads\/2020\/05\/99439498_2688172308175344_7950685901774913536_o.jpg 1160w, https:\/\/www.celttv.com.ar\/wp-content\/uploads\/2020\/05\/99439498_2688172308175344_7950685901774913536_o-300x226.jpg 300w, https:\/\/www.celttv.com.ar\/wp-content\/uploads\/2020\/05\/99439498_2688172308175344_7950685901774913536_o-1024x770.jpg 1024w, https:\/\/www.celttv.com.ar\/wp-content\/uploads\/2020\/05\/99439498_2688172308175344_7950685901774913536_o-768x577.jpg 768w, https:\/\/www.celttv.com.ar\/wp-content\/uploads\/2020\/05\/99439498_2688172308175344_7950685901774913536_o-750x564.jpg 750w, https:\/\/www.celttv.com.ar\/wp-content\/uploads\/2020\/05\/99439498_2688172308175344_7950685901774913536_o-1140x857.jpg 1140w\" sizes=\"auto, (max-width: 780px) 100vw, 780px\" \/><\/a> <a href=\"http:\/\/www.celttv.com.ar\/?attachment_id=49217\" rel=\"attachment wp-att-49217\"><img loading=\"lazy\" decoding=\"async\" class=\"alignleft size-medium wp-image-49217\" src=\"http:\/\/www.celttv.com.ar\/wp-content\/uploads\/2020\/05\/100087906_2688172418175333_8182317770130587648_o.jpg\" alt=\"\" width=\"586\" height=\"780\" srcset=\"https:\/\/www.celttv.com.ar\/wp-content\/uploads\/2020\/05\/100087906_2688172418175333_8182317770130587648_o.jpg 872w, https:\/\/www.celttv.com.ar\/wp-content\/uploads\/2020\/05\/100087906_2688172418175333_8182317770130587648_o-226x300.jpg 226w, https:\/\/www.celttv.com.ar\/wp-content\/uploads\/2020\/05\/100087906_2688172418175333_8182317770130587648_o-770x1024.jpg 770w, https:\/\/www.celttv.com.ar\/wp-content\/uploads\/2020\/05\/100087906_2688172418175333_8182317770130587648_o-768x1022.jpg 768w, https:\/\/www.celttv.com.ar\/wp-content\/uploads\/2020\/05\/100087906_2688172418175333_8182317770130587648_o-750x998.jpg 750w\" sizes=\"auto, (max-width: 586px) 100vw, 586px\" \/><\/a><\/p>\n","protected":false},"excerpt":{"rendered":"<p>A las 8:15 de esta ma\u00f1ana se escuch\u00f3 la sirena de los Bomberos Voluntarios de Tornquist. Los servidores p\u00fablicos concurrieron con una dotaci\u00f3n a un Principio de incendio en un obrador del Parque E\u00f3lico.<\/p>\n","protected":false},"author":1,"featured_media":49216,"comment_status":"closed","ping_status":"open","sticky":false,"template":"","format":"standard","meta":{"footnotes":""},"categories":[51,52],"tags":[],"class_list":["post-49212","post","type-post","status-publish","format-standard","has-post-thumbnail","hentry","category-comunidad","category-destacadas"],"yoast_head":"<!-- This site is optimized with the Yoast SEO plugin v19.7.1 - https:\/\/yoast.com\/wordpress\/plugins\/seo\/ -->\n<title>Principio de incendio en un obrador del Parque E\u00f3lico - CELTTV<\/title>\n<meta name=\"description\" content=\"Sitio web de noticias de la localidad de Tornquist, provincia de Buenos Aires, Rep\u00fablica Argentina. Contenido propio originado por periodistas de CELTTV, el canal de TV local de la Cooperativa El\u00e9ctrica de Tornquist. Turismo, Pol\u00edtica, Sociedad, Deporte, Cultura y todo el contenido de inter\u00e9s general que la gente del pueblo y la regi\u00f3n debe conocer.\" \/>\n<meta name=\"robots\" content=\"index, follow, max-snippet:-1, max-image-preview:large, max-video-preview:-1\" \/>\n<link rel=\"canonical\" href=\"https:\/\/www.celttv.com.ar\/index.php\/2020\/05\/22\/49212\/\" \/>\n<meta property=\"og:locale\" content=\"es_ES\" \/>\n<meta property=\"og:type\" content=\"article\" \/>\n<meta property=\"og:title\" content=\"Principio de incendio en un obrador del Parque E\u00f3lico - CELTTV\" \/>\n<meta property=\"og:description\" content=\"Sitio web de noticias de la localidad de Tornquist, provincia de Buenos Aires, Rep\u00fablica Argentina. Contenido propio originado por periodistas de CELTTV, el canal de TV local de la Cooperativa El\u00e9ctrica de Tornquist. Turismo, Pol\u00edtica, Sociedad, Deporte, Cultura y todo el contenido de inter\u00e9s general que la gente del pueblo y la regi\u00f3n debe conocer.\" \/>\n<meta property=\"og:url\" content=\"https:\/\/www.celttv.com.ar\/index.php\/2020\/05\/22\/49212\/\" \/>\n<meta property=\"og:site_name\" content=\"CELTTV\" \/>\n<meta property=\"article:publisher\" content=\"https:\/\/www.facebook.com\/celtTV\/\" \/>\n<meta property=\"article:published_time\" content=\"2020-05-22T16:14:33+00:00\" \/>\n<meta property=\"og:image\" content=\"https:\/\/www.celttv.com.ar\/wp-content\/uploads\/2020\/05\/99439498_2688172308175344_7950685901774913536_o.jpg\" \/>\n\t<meta property=\"og:image:width\" content=\"1160\" \/>\n\t<meta property=\"og:image:height\" content=\"872\" \/>\n\t<meta property=\"og:image:type\" content=\"image\/jpeg\" \/>\n<meta name=\"author\" content=\"ulises\" \/>\n<meta name=\"twitter:card\" content=\"summary_large_image\" \/>\n<meta name=\"twitter:label1\" content=\"Escrito por\" \/>\n\t<meta name=\"twitter:data1\" content=\"ulises\" \/>\n<script type=\"application\/ld+json\" class=\"yoast-schema-graph\">{\"@context\":\"https:\/\/schema.org\",\"@graph\":[{\"@type\":\"NewsArticle\",\"@id\":\"https:\/\/www.celttv.com.ar\/index.php\/2020\/05\/22\/49212\/#article\",\"isPartOf\":{\"@id\":\"https:\/\/www.celttv.com.ar\/index.php\/2020\/05\/22\/49212\/\"},\"author\":{\"name\":\"ulises\",\"@id\":\"https:\/\/www.celttv.com.ar\/#\/schema\/person\/6d99c072dba59953809c81446e9d0ace\"},\"headline\":\"Principio de incendio en un obrador del Parque E\u00f3lico\",\"datePublished\":\"2020-05-22T16:14:33+00:00\",\"dateModified\":\"2020-05-22T16:14:33+00:00\",\"mainEntityOfPage\":{\"@id\":\"https:\/\/www.celttv.com.ar\/index.php\/2020\/05\/22\/49212\/\"},\"wordCount\":47,\"publisher\":{\"@id\":\"https:\/\/www.celttv.com.ar\/#organization\"},\"articleSection\":[\"Comunidad\",\"Destacadas\"],\"inLanguage\":\"es\"},{\"@type\":\"WebPage\",\"@id\":\"https:\/\/www.celttv.com.ar\/index.php\/2020\/05\/22\/49212\/\",\"url\":\"https:\/\/www.celttv.com.ar\/index.php\/2020\/05\/22\/49212\/\",\"name\":\"Principio de incendio en un obrador del Parque E\u00f3lico - CELTTV\",\"isPartOf\":{\"@id\":\"https:\/\/www.celttv.com.ar\/#website\"},\"datePublished\":\"2020-05-22T16:14:33+00:00\",\"dateModified\":\"2020-05-22T16:14:33+00:00\",\"description\":\"Sitio web de noticias de la localidad de Tornquist, provincia de Buenos Aires, Rep\u00fablica Argentina. Contenido propio originado por periodistas de CELTTV, el canal de TV local de la Cooperativa El\u00e9ctrica de Tornquist. Turismo, Pol\u00edtica, Sociedad, Deporte, Cultura y todo el contenido de inter\u00e9s general que la gente del pueblo y la regi\u00f3n debe conocer.\",\"breadcrumb\":{\"@id\":\"https:\/\/www.celttv.com.ar\/index.php\/2020\/05\/22\/49212\/#breadcrumb\"},\"inLanguage\":\"es\",\"potentialAction\":[{\"@type\":\"ReadAction\",\"target\":[\"https:\/\/www.celttv.com.ar\/index.php\/2020\/05\/22\/49212\/\"]}]},{\"@type\":\"BreadcrumbList\",\"@id\":\"https:\/\/www.celttv.com.ar\/index.php\/2020\/05\/22\/49212\/#breadcrumb\",\"itemListElement\":[{\"@type\":\"ListItem\",\"position\":1,\"name\":\"Inicio\",\"item\":\"https:\/\/www.celttv.com.ar\/\"},{\"@type\":\"ListItem\",\"position\":2,\"name\":\"Principio de incendio en un obrador del Parque E\u00f3lico\"}]},{\"@type\":\"WebSite\",\"@id\":\"https:\/\/www.celttv.com.ar\/#website\",\"url\":\"https:\/\/www.celttv.com.ar\/\",\"name\":\"CELTTV\",\"description\":\"Cooperativa El\u00e9ctrica de Tornquist\",\"publisher\":{\"@id\":\"https:\/\/www.celttv.com.ar\/#organization\"},\"potentialAction\":[{\"@type\":\"SearchAction\",\"target\":{\"@type\":\"EntryPoint\",\"urlTemplate\":\"https:\/\/www.celttv.com.ar\/?s={search_term_string}\"},\"query-input\":\"required name=search_term_string\"}],\"inLanguage\":\"es\"},{\"@type\":\"Organization\",\"@id\":\"https:\/\/www.celttv.com.ar\/#organization\",\"name\":\"CELTTV\",\"url\":\"https:\/\/www.celttv.com.ar\/\",\"sameAs\":[\"https:\/\/www.youtube.com\/channel\/UCz_oIt8Hig64Ub-EmcNPIhg\",\"https:\/\/www.facebook.com\/celtTV\/\"],\"logo\":{\"@type\":\"ImageObject\",\"inLanguage\":\"es\",\"@id\":\"https:\/\/www.celttv.com.ar\/#\/schema\/logo\/image\/\",\"url\":\"http:\/\/www.celttv.com.ar\/wp-content\/uploads\/2022\/08\/logo-1.png\",\"contentUrl\":\"http:\/\/www.celttv.com.ar\/wp-content\/uploads\/2022\/08\/logo-1.png\",\"width\":461,\"height\":159,\"caption\":\"CELTTV\"},\"image\":{\"@id\":\"https:\/\/www.celttv.com.ar\/#\/schema\/logo\/image\/\"}},{\"@type\":\"Person\",\"@id\":\"https:\/\/www.celttv.com.ar\/#\/schema\/person\/6d99c072dba59953809c81446e9d0ace\",\"name\":\"ulises\",\"image\":{\"@type\":\"ImageObject\",\"inLanguage\":\"es\",\"@id\":\"https:\/\/www.celttv.com.ar\/#\/schema\/person\/image\/\",\"url\":\"https:\/\/secure.gravatar.com\/avatar\/7f2c48bdc33b30088f941fb6082e555f2874c98e20cb159d7b92b50eadfce793?s=96&d=mm&r=g\",\"contentUrl\":\"https:\/\/secure.gravatar.com\/avatar\/7f2c48bdc33b30088f941fb6082e555f2874c98e20cb159d7b92b50eadfce793?s=96&d=mm&r=g\",\"caption\":\"ulises\"},\"sameAs\":[\"http:\/\/www.celttv.com.ar\"]}]}<\/script>\n<!-- \/ Yoast SEO plugin. -->","yoast_head_json":{"title":"Principio de incendio en un obrador del Parque E\u00f3lico - CELTTV","description":"Sitio web de noticias de la localidad de Tornquist, provincia de Buenos Aires, Rep\u00fablica Argentina. Contenido propio originado por periodistas de CELTTV, el canal de TV local de la Cooperativa El\u00e9ctrica de Tornquist. Turismo, Pol\u00edtica, Sociedad, Deporte, Cultura y todo el contenido de inter\u00e9s general que la gente del pueblo y la regi\u00f3n debe conocer.","robots":{"index":"index","follow":"follow","max-snippet":"max-snippet:-1","max-image-preview":"max-image-preview:large","max-video-preview":"max-video-preview:-1"},"canonical":"https:\/\/www.celttv.com.ar\/index.php\/2020\/05\/22\/49212\/","og_locale":"es_ES","og_type":"article","og_title":"Principio de incendio en un obrador del Parque E\u00f3lico - CELTTV","og_description":"Sitio web de noticias de la localidad de Tornquist, provincia de Buenos Aires, Rep\u00fablica Argentina. Contenido propio originado por periodistas de CELTTV, el canal de TV local de la Cooperativa El\u00e9ctrica de Tornquist. Turismo, Pol\u00edtica, Sociedad, Deporte, Cultura y todo el contenido de inter\u00e9s general que la gente del pueblo y la regi\u00f3n debe conocer.","og_url":"https:\/\/www.celttv.com.ar\/index.php\/2020\/05\/22\/49212\/","og_site_name":"CELTTV","article_publisher":"https:\/\/www.facebook.com\/celtTV\/","article_published_time":"2020-05-22T16:14:33+00:00","og_image":[{"width":1160,"height":872,"url":"https:\/\/www.celttv.com.ar\/wp-content\/uploads\/2020\/05\/99439498_2688172308175344_7950685901774913536_o.jpg","type":"image\/jpeg"}],"author":"ulises","twitter_card":"summary_large_image","twitter_misc":{"Escrito por":"ulises"},"schema":{"@context":"https:\/\/schema.org","@graph":[{"@type":"NewsArticle","@id":"https:\/\/www.celttv.com.ar\/index.php\/2020\/05\/22\/49212\/#article","isPartOf":{"@id":"https:\/\/www.celttv.com.ar\/index.php\/2020\/05\/22\/49212\/"},"author":{"name":"ulises","@id":"https:\/\/www.celttv.com.ar\/#\/schema\/person\/6d99c072dba59953809c81446e9d0ace"},"headline":"Principio de incendio en un obrador del Parque E\u00f3lico","datePublished":"2020-05-22T16:14:33+00:00","dateModified":"2020-05-22T16:14:33+00:00","mainEntityOfPage":{"@id":"https:\/\/www.celttv.com.ar\/index.php\/2020\/05\/22\/49212\/"},"wordCount":47,"publisher":{"@id":"https:\/\/www.celttv.com.ar\/#organization"},"articleSection":["Comunidad","Destacadas"],"inLanguage":"es"},{"@type":"WebPage","@id":"https:\/\/www.celttv.com.ar\/index.php\/2020\/05\/22\/49212\/","url":"https:\/\/www.celttv.com.ar\/index.php\/2020\/05\/22\/49212\/","name":"Principio de incendio en un obrador del Parque E\u00f3lico - CELTTV","isPartOf":{"@id":"https:\/\/www.celttv.com.ar\/#website"},"datePublished":"2020-05-22T16:14:33+00:00","dateModified":"2020-05-22T16:14:33+00:00","description":"Sitio web de noticias de la localidad de Tornquist, provincia de Buenos Aires, Rep\u00fablica Argentina. Contenido propio originado por periodistas de CELTTV, el canal de TV local de la Cooperativa El\u00e9ctrica de Tornquist. Turismo, Pol\u00edtica, Sociedad, Deporte, Cultura y todo el contenido de inter\u00e9s general que la gente del pueblo y la regi\u00f3n debe conocer.","breadcrumb":{"@id":"https:\/\/www.celttv.com.ar\/index.php\/2020\/05\/22\/49212\/#breadcrumb"},"inLanguage":"es","potentialAction":[{"@type":"ReadAction","target":["https:\/\/www.celttv.com.ar\/index.php\/2020\/05\/22\/49212\/"]}]},{"@type":"BreadcrumbList","@id":"https:\/\/www.celttv.com.ar\/index.php\/2020\/05\/22\/49212\/#breadcrumb","itemListElement":[{"@type":"ListItem","position":1,"name":"Inicio","item":"https:\/\/www.celttv.com.ar\/"},{"@type":"ListItem","position":2,"name":"Principio de incendio en un obrador del Parque E\u00f3lico"}]},{"@type":"WebSite","@id":"https:\/\/www.celttv.com.ar\/#website","url":"https:\/\/www.celttv.com.ar\/","name":"CELTTV","description":"Cooperativa El\u00e9ctrica de Tornquist","publisher":{"@id":"https:\/\/www.celttv.com.ar\/#organization"},"potentialAction":[{"@type":"SearchAction","target":{"@type":"EntryPoint","urlTemplate":"https:\/\/www.celttv.com.ar\/?s={search_term_string}"},"query-input":"required name=search_term_string"}],"inLanguage":"es"},{"@type":"Organization","@id":"https:\/\/www.celttv.com.ar\/#organization","name":"CELTTV","url":"https:\/\/www.celttv.com.ar\/","sameAs":["https:\/\/www.youtube.com\/channel\/UCz_oIt8Hig64Ub-EmcNPIhg","https:\/\/www.facebook.com\/celtTV\/"],"logo":{"@type":"ImageObject","inLanguage":"es","@id":"https:\/\/www.celttv.com.ar\/#\/schema\/logo\/image\/","url":"http:\/\/www.celttv.com.ar\/wp-content\/uploads\/2022\/08\/logo-1.png","contentUrl":"http:\/\/www.celttv.com.ar\/wp-content\/uploads\/2022\/08\/logo-1.png","width":461,"height":159,"caption":"CELTTV"},"image":{"@id":"https:\/\/www.celttv.com.ar\/#\/schema\/logo\/image\/"}},{"@type":"Person","@id":"https:\/\/www.celttv.com.ar\/#\/schema\/person\/6d99c072dba59953809c81446e9d0ace","name":"ulises","image":{"@type":"ImageObject","inLanguage":"es","@id":"https:\/\/www.celttv.com.ar\/#\/schema\/person\/image\/","url":"https:\/\/secure.gravatar.com\/avatar\/7f2c48bdc33b30088f941fb6082e555f2874c98e20cb159d7b92b50eadfce793?s=96&d=mm&r=g","contentUrl":"https:\/\/secure.gravatar.com\/avatar\/7f2c48bdc33b30088f941fb6082e555f2874c98e20cb159d7b92b50eadfce793?s=96&d=mm&r=g","caption":"ulises"},"sameAs":["http:\/\/www.celttv.com.ar"]}]}},"_links":{"self":[{"href":"https:\/\/www.celttv.com.ar\/index.php\/wp-json\/wp\/v2\/posts\/49212","targetHints":{"allow":["GET"]}}],"collection":[{"href":"https:\/\/www.celttv.com.ar\/index.php\/wp-json\/wp\/v2\/posts"}],"about":[{"href":"https:\/\/www.celttv.com.ar\/index.php\/wp-json\/wp\/v2\/types\/post"}],"author":[{"embeddable":true,"href":"https:\/\/www.celttv.com.ar\/index.php\/wp-json\/wp\/v2\/users\/1"}],"replies":[{"embeddable":true,"href":"https:\/\/www.celttv.com.ar\/index.php\/wp-json\/wp\/v2\/comments?post=49212"}],"version-history":[{"count":0,"href":"https:\/\/www.celttv.com.ar\/index.php\/wp-json\/wp\/v2\/posts\/49212\/revisions"}],"wp:featuredmedia":[{"embeddable":true,"href":"https:\/\/www.celttv.com.ar\/index.php\/wp-json\/wp\/v2\/media\/49216"}],"wp:attachment":[{"href":"https:\/\/www.celttv.com.ar\/index.php\/wp-json\/wp\/v2\/media?parent=49212"}],"wp:term":[{"taxonomy":"category","embeddable":true,"href":"https:\/\/www.celttv.com.ar\/index.php\/wp-json\/wp\/v2\/categories?post=49212"},{"taxonomy":"post_tag","embeddable":true,"href":"https:\/\/www.celttv.com.ar\/index.php\/wp-json\/wp\/v2\/tags?post=49212"}],"curies":[{"name":"wp","href":"https:\/\/api.w.org\/{rel}","templated":true}]}}