{"id":49220,"date":"2020-05-22T20:27:05","date_gmt":"2020-05-22T20:27:05","guid":{"rendered":"http:\/\/www.celttv.com.ar\/?p=49220"},"modified":"2020-05-22T20:27:05","modified_gmt":"2020-05-22T20:27:05","slug":"monica-sagredo-no-sabemos-hasta-cuando-podemos-estar-en-esta-situacion","status":"publish","type":"post","link":"https:\/\/www.celttv.com.ar\/index.php\/2020\/05\/22\/monica-sagredo-no-sabemos-hasta-cuando-podemos-estar-en-esta-situacion\/","title":{"rendered":"M\u00f3nica Sagredo: &#8220;No sabemos hasta cuando podemos estar en esta situaci\u00f3n&#8221;"},"content":{"rendered":"<p>La concejal M\u00f3nica Sagredo del Frente de Todos se refiri\u00f3 a los proyectos presentados en el HCD. por los Bloque Frente de Todos y Frente para la Victoria.<\/p>\n<p><strong>Cajero Autom\u00e1tico en Villa Ventana<\/strong><\/p>\n<ul>\n<li>La importancia que reviste el uso del servicio de cajeros autom\u00e1ticos en la localidad de Villa Ventana ya que los habitantes de dicha localidad deben trasladarse a otra ciudad para el cobro de sus haberes y que al ser \u00e9sta una localidad tur\u00edstica resulta indispensable contar con el servicio. Por todo esto decidimos presentar el proyecto de resoluci\u00f3n d\u00f3nde proponemos la instalaci\u00f3n de un cajero autom\u00e1tico fijo para saldar el pedido de los habitantes que llevan a\u00f1os esperando.<\/li>\n<li>&#8220;Este proyecto tuvo tratamiento sobre tablas\u00a0 y fue aprobado por unanimidad y est\u00e1 en marcha para que se puedan realizar las gestiones necesarias&#8221; explic\u00f3 la edil a CELTTV Noticias<\/li>\n<\/ul>\n<p><strong>Eximici\u00f3n del pago de la tasa de seguridad e higiene<\/strong><\/p>\n<p>Con el fin de contribuir y acompa\u00f1ar a los comerciantes de nuestro distrito que no pueden trabajar por el covid 19 presentamos un proyecto de ordenanza d\u00f3nde se exima el pago de la tasa de seguridad e higiene a dichos trabajadores por el lapso de dos bimestres y la reducci\u00f3n del 50% del pago de dicha tasa por un periodo de 60 d\u00edas cuando finalice la pandemia.<\/p>\n<p>&#8220;Apunta a los comerciantes que no han podido trabajar a partir del 17 de marzo. La gran mayor\u00eda de los comercios tuvieron que permanecer con sus puertas cerradas&#8221; explic\u00f3 Sagredo.<\/p>\n<p>&#8220;Es una herramienta mas sumado a las medidas provinciales y nacionales&#8221; se\u00f1al\u00f3, agregando que la solicitud es por un per\u00edodo de dos bimestres a partir del 1ro. de mayo y la reducci\u00f3n del 50% del cobro a los 70\u00a0 d\u00edas posteriores a la finalizaci\u00f3n del aislamiento. &#8220;Que puede ser prorrogable porque no sabemos hasta cuando podemos estar en esta situaci\u00f3n&#8221; indic\u00f3 la concejal del Frente de Todos, aclarando que en este caso los bloques oficialistas no aceptaron el tratamiento sobre tablas.<\/p>\n<p><strong>Declarar la emergencia econ\u00f3mica del sector tur\u00edstico<\/strong><\/p>\n<p>Teniendo en cuenta la situaci\u00f3n que atraviesa el sector tur\u00edstico debido al covid 19 y sosteniendo que es una actividad estrat\u00e9gica para el desarrollo distrital vemos necesario que el municipio genere medidas pro activas que posibiliten enfrentar la crisis econ\u00f3mica. Por todo ello, los concejales presentamos este proyecto de ordenanza con el objetivo de declarar la emergencia tur\u00edstica en el distrito, como as\u00ed tambi\u00e9n eximir del pago de la tasa de seguridad e higiene por el lapso de tres bimestres prorrogables \u00a0a los prestadores y operadores tur\u00edsticos del Distrito de Tornquist.<\/p>\n<p>&#8220;Al declarar la emergencia econ\u00f3mica en el distrito se faculta al intendente para que pueda realizar todas las gestiones necesarias\u00a0 para que los operadores y prestadores tur\u00edsticos puedan acceder a los beneficios que otorga la ley 14209, que es una ley provincia que en uno de sus cap\u00edtulos habla precisamente de la emergencia y\/o desastre del sector tur\u00edstico. Seriamos el primer distrito en hacerlo y una ves declarada se puede gestionar ante la provincia para acceder a los beneficios de la ley&#8221; subray\u00f3 la concejal M\u00f3nica Sagredo.<\/p>\n<p>NOTA COMPLETA EN VIDEO<\/p>\n<p><iframe loading=\"lazy\" title=\"2020 05 22 COMUNICACION VIA SKYPE MONICA SAGREDO\" width=\"500\" height=\"281\" src=\"https:\/\/www.youtube.com\/embed\/KFylFnETEiw?feature=oembed\" frameborder=\"0\" allow=\"accelerometer; autoplay; clipboard-write; encrypted-media; gyroscope; picture-in-picture; web-share\" referrerpolicy=\"strict-origin-when-cross-origin\" allowfullscreen><\/iframe><\/p>\n","protected":false},"excerpt":{"rendered":"<p>La concejal M\u00f3nica Sagredo del Frente de Todos se refiri\u00f3 a los proyectos presentados en el HCD. por los Bloque Frente de Todos y Frente para la Victoria. Cajero Autom\u00e1tico en Villa Ventana La importancia que reviste el uso del servicio de cajeros autom\u00e1ticos en la localidad de Villa Ventana ya que los habitantes de [&hellip;]<\/p>\n","protected":false},"author":1,"featured_media":48859,"comment_status":"closed","ping_status":"open","sticky":false,"template":"","format":"standard","meta":{"footnotes":""},"categories":[51,52,53],"tags":[],"class_list":["post-49220","post","type-post","status-publish","format-standard","has-post-thumbnail","hentry","category-comunidad","category-destacadas","category-politica"],"yoast_head":"<!-- This site is optimized with the Yoast SEO plugin v19.7.1 - https:\/\/yoast.com\/wordpress\/plugins\/seo\/ -->\n<title>M\u00f3nica Sagredo: &quot;No sabemos hasta cuando podemos estar en esta situaci\u00f3n&quot; - CELTTV<\/title>\n<meta name=\"description\" content=\"Sitio web de noticias de la localidad de Tornquist, provincia de Buenos Aires, Rep\u00fablica Argentina. Contenido propio originado por periodistas de CELTTV, el canal de TV local de la Cooperativa El\u00e9ctrica de Tornquist. Turismo, Pol\u00edtica, Sociedad, Deporte, Cultura y todo el contenido de inter\u00e9s general que la gente del pueblo y la regi\u00f3n debe conocer.\" \/>\n<meta name=\"robots\" content=\"index, follow, max-snippet:-1, max-image-preview:large, max-video-preview:-1\" \/>\n<link rel=\"canonical\" href=\"https:\/\/www.celttv.com.ar\/index.php\/2020\/05\/22\/monica-sagredo-no-sabemos-hasta-cuando-podemos-estar-en-esta-situacion\/\" \/>\n<meta property=\"og:locale\" content=\"es_ES\" \/>\n<meta property=\"og:type\" content=\"article\" \/>\n<meta property=\"og:title\" content=\"M\u00f3nica Sagredo: &quot;No sabemos hasta cuando podemos estar en esta situaci\u00f3n&quot; - CELTTV\" \/>\n<meta property=\"og:description\" content=\"Sitio web de noticias de la localidad de Tornquist, provincia de Buenos Aires, Rep\u00fablica Argentina. Contenido propio originado por periodistas de CELTTV, el canal de TV local de la Cooperativa El\u00e9ctrica de Tornquist. Turismo, Pol\u00edtica, Sociedad, Deporte, Cultura y todo el contenido de inter\u00e9s general que la gente del pueblo y la regi\u00f3n debe conocer.\" \/>\n<meta property=\"og:url\" content=\"https:\/\/www.celttv.com.ar\/index.php\/2020\/05\/22\/monica-sagredo-no-sabemos-hasta-cuando-podemos-estar-en-esta-situacion\/\" \/>\n<meta property=\"og:site_name\" content=\"CELTTV\" \/>\n<meta property=\"article:publisher\" content=\"https:\/\/www.facebook.com\/celtTV\/\" \/>\n<meta property=\"article:published_time\" content=\"2020-05-22T20:27:05+00:00\" \/>\n<meta property=\"og:image\" content=\"https:\/\/www.celttv.com.ar\/wp-content\/uploads\/2020\/05\/monica-sagredo.jpg\" \/>\n\t<meta property=\"og:image:width\" content=\"736\" \/>\n\t<meta property=\"og:image:height\" content=\"429\" \/>\n\t<meta property=\"og:image:type\" content=\"image\/jpeg\" \/>\n<meta name=\"author\" content=\"ulises\" \/>\n<meta name=\"twitter:card\" content=\"summary_large_image\" \/>\n<meta name=\"twitter:label1\" content=\"Escrito por\" \/>\n\t<meta name=\"twitter:data1\" content=\"ulises\" \/>\n\t<meta name=\"twitter:label2\" content=\"Tiempo de lectura\" \/>\n\t<meta name=\"twitter:data2\" content=\"3 minutos\" \/>\n<script type=\"application\/ld+json\" class=\"yoast-schema-graph\">{\"@context\":\"https:\/\/schema.org\",\"@graph\":[{\"@type\":\"NewsArticle\",\"@id\":\"https:\/\/www.celttv.com.ar\/index.php\/2020\/05\/22\/monica-sagredo-no-sabemos-hasta-cuando-podemos-estar-en-esta-situacion\/#article\",\"isPartOf\":{\"@id\":\"https:\/\/www.celttv.com.ar\/index.php\/2020\/05\/22\/monica-sagredo-no-sabemos-hasta-cuando-podemos-estar-en-esta-situacion\/\"},\"author\":{\"name\":\"ulises\",\"@id\":\"https:\/\/www.celttv.com.ar\/#\/schema\/person\/6d99c072dba59953809c81446e9d0ace\"},\"headline\":\"M\u00f3nica Sagredo: &#8220;No sabemos hasta cuando podemos estar en esta situaci\u00f3n&#8221;\",\"datePublished\":\"2020-05-22T20:27:05+00:00\",\"dateModified\":\"2020-05-22T20:27:05+00:00\",\"mainEntityOfPage\":{\"@id\":\"https:\/\/www.celttv.com.ar\/index.php\/2020\/05\/22\/monica-sagredo-no-sabemos-hasta-cuando-podemos-estar-en-esta-situacion\/\"},\"wordCount\":562,\"publisher\":{\"@id\":\"https:\/\/www.celttv.com.ar\/#organization\"},\"articleSection\":[\"Comunidad\",\"Destacadas\",\"Pol\u00edtica\"],\"inLanguage\":\"es\"},{\"@type\":\"WebPage\",\"@id\":\"https:\/\/www.celttv.com.ar\/index.php\/2020\/05\/22\/monica-sagredo-no-sabemos-hasta-cuando-podemos-estar-en-esta-situacion\/\",\"url\":\"https:\/\/www.celttv.com.ar\/index.php\/2020\/05\/22\/monica-sagredo-no-sabemos-hasta-cuando-podemos-estar-en-esta-situacion\/\",\"name\":\"M\u00f3nica Sagredo: \\\"No sabemos hasta cuando podemos estar en esta situaci\u00f3n\\\" - CELTTV\",\"isPartOf\":{\"@id\":\"https:\/\/www.celttv.com.ar\/#website\"},\"datePublished\":\"2020-05-22T20:27:05+00:00\",\"dateModified\":\"2020-05-22T20:27:05+00:00\",\"description\":\"Sitio web de noticias de la localidad de Tornquist, provincia de Buenos Aires, Rep\u00fablica Argentina. Contenido propio originado por periodistas de CELTTV, el canal de TV local de la Cooperativa El\u00e9ctrica de Tornquist. Turismo, Pol\u00edtica, Sociedad, Deporte, Cultura y todo el contenido de inter\u00e9s general que la gente del pueblo y la regi\u00f3n debe conocer.\",\"breadcrumb\":{\"@id\":\"https:\/\/www.celttv.com.ar\/index.php\/2020\/05\/22\/monica-sagredo-no-sabemos-hasta-cuando-podemos-estar-en-esta-situacion\/#breadcrumb\"},\"inLanguage\":\"es\",\"potentialAction\":[{\"@type\":\"ReadAction\",\"target\":[\"https:\/\/www.celttv.com.ar\/index.php\/2020\/05\/22\/monica-sagredo-no-sabemos-hasta-cuando-podemos-estar-en-esta-situacion\/\"]}]},{\"@type\":\"BreadcrumbList\",\"@id\":\"https:\/\/www.celttv.com.ar\/index.php\/2020\/05\/22\/monica-sagredo-no-sabemos-hasta-cuando-podemos-estar-en-esta-situacion\/#breadcrumb\",\"itemListElement\":[{\"@type\":\"ListItem\",\"position\":1,\"name\":\"Inicio\",\"item\":\"https:\/\/www.celttv.com.ar\/\"},{\"@type\":\"ListItem\",\"position\":2,\"name\":\"M\u00f3nica Sagredo: &#8220;No sabemos hasta cuando podemos estar en esta situaci\u00f3n&#8221;\"}]},{\"@type\":\"WebSite\",\"@id\":\"https:\/\/www.celttv.com.ar\/#website\",\"url\":\"https:\/\/www.celttv.com.ar\/\",\"name\":\"CELTTV\",\"description\":\"Cooperativa El\u00e9ctrica de Tornquist\",\"publisher\":{\"@id\":\"https:\/\/www.celttv.com.ar\/#organization\"},\"potentialAction\":[{\"@type\":\"SearchAction\",\"target\":{\"@type\":\"EntryPoint\",\"urlTemplate\":\"https:\/\/www.celttv.com.ar\/?s={search_term_string}\"},\"query-input\":\"required name=search_term_string\"}],\"inLanguage\":\"es\"},{\"@type\":\"Organization\",\"@id\":\"https:\/\/www.celttv.com.ar\/#organization\",\"name\":\"CELTTV\",\"url\":\"https:\/\/www.celttv.com.ar\/\",\"sameAs\":[\"https:\/\/www.youtube.com\/channel\/UCz_oIt8Hig64Ub-EmcNPIhg\",\"https:\/\/www.facebook.com\/celtTV\/\"],\"logo\":{\"@type\":\"ImageObject\",\"inLanguage\":\"es\",\"@id\":\"https:\/\/www.celttv.com.ar\/#\/schema\/logo\/image\/\",\"url\":\"http:\/\/www.celttv.com.ar\/wp-content\/uploads\/2022\/08\/logo-1.png\",\"contentUrl\":\"http:\/\/www.celttv.com.ar\/wp-content\/uploads\/2022\/08\/logo-1.png\",\"width\":461,\"height\":159,\"caption\":\"CELTTV\"},\"image\":{\"@id\":\"https:\/\/www.celttv.com.ar\/#\/schema\/logo\/image\/\"}},{\"@type\":\"Person\",\"@id\":\"https:\/\/www.celttv.com.ar\/#\/schema\/person\/6d99c072dba59953809c81446e9d0ace\",\"name\":\"ulises\",\"image\":{\"@type\":\"ImageObject\",\"inLanguage\":\"es\",\"@id\":\"https:\/\/www.celttv.com.ar\/#\/schema\/person\/image\/\",\"url\":\"https:\/\/secure.gravatar.com\/avatar\/7f2c48bdc33b30088f941fb6082e555f2874c98e20cb159d7b92b50eadfce793?s=96&d=mm&r=g\",\"contentUrl\":\"https:\/\/secure.gravatar.com\/avatar\/7f2c48bdc33b30088f941fb6082e555f2874c98e20cb159d7b92b50eadfce793?s=96&d=mm&r=g\",\"caption\":\"ulises\"},\"sameAs\":[\"http:\/\/www.celttv.com.ar\"]}]}<\/script>\n<!-- \/ Yoast SEO plugin. -->","yoast_head_json":{"title":"M\u00f3nica Sagredo: \"No sabemos hasta cuando podemos estar en esta situaci\u00f3n\" - CELTTV","description":"Sitio web de noticias de la localidad de Tornquist, provincia de Buenos Aires, Rep\u00fablica Argentina. Contenido propio originado por periodistas de CELTTV, el canal de TV local de la Cooperativa El\u00e9ctrica de Tornquist. Turismo, Pol\u00edtica, Sociedad, Deporte, Cultura y todo el contenido de inter\u00e9s general que la gente del pueblo y la regi\u00f3n debe conocer.","robots":{"index":"index","follow":"follow","max-snippet":"max-snippet:-1","max-image-preview":"max-image-preview:large","max-video-preview":"max-video-preview:-1"},"canonical":"https:\/\/www.celttv.com.ar\/index.php\/2020\/05\/22\/monica-sagredo-no-sabemos-hasta-cuando-podemos-estar-en-esta-situacion\/","og_locale":"es_ES","og_type":"article","og_title":"M\u00f3nica Sagredo: \"No sabemos hasta cuando podemos estar en esta situaci\u00f3n\" - CELTTV","og_description":"Sitio web de noticias de la localidad de Tornquist, provincia de Buenos Aires, Rep\u00fablica Argentina. Contenido propio originado por periodistas de CELTTV, el canal de TV local de la Cooperativa El\u00e9ctrica de Tornquist. Turismo, Pol\u00edtica, Sociedad, Deporte, Cultura y todo el contenido de inter\u00e9s general que la gente del pueblo y la regi\u00f3n debe conocer.","og_url":"https:\/\/www.celttv.com.ar\/index.php\/2020\/05\/22\/monica-sagredo-no-sabemos-hasta-cuando-podemos-estar-en-esta-situacion\/","og_site_name":"CELTTV","article_publisher":"https:\/\/www.facebook.com\/celtTV\/","article_published_time":"2020-05-22T20:27:05+00:00","og_image":[{"width":736,"height":429,"url":"https:\/\/www.celttv.com.ar\/wp-content\/uploads\/2020\/05\/monica-sagredo.jpg","type":"image\/jpeg"}],"author":"ulises","twitter_card":"summary_large_image","twitter_misc":{"Escrito por":"ulises","Tiempo de lectura":"3 minutos"},"schema":{"@context":"https:\/\/schema.org","@graph":[{"@type":"NewsArticle","@id":"https:\/\/www.celttv.com.ar\/index.php\/2020\/05\/22\/monica-sagredo-no-sabemos-hasta-cuando-podemos-estar-en-esta-situacion\/#article","isPartOf":{"@id":"https:\/\/www.celttv.com.ar\/index.php\/2020\/05\/22\/monica-sagredo-no-sabemos-hasta-cuando-podemos-estar-en-esta-situacion\/"},"author":{"name":"ulises","@id":"https:\/\/www.celttv.com.ar\/#\/schema\/person\/6d99c072dba59953809c81446e9d0ace"},"headline":"M\u00f3nica Sagredo: &#8220;No sabemos hasta cuando podemos estar en esta situaci\u00f3n&#8221;","datePublished":"2020-05-22T20:27:05+00:00","dateModified":"2020-05-22T20:27:05+00:00","mainEntityOfPage":{"@id":"https:\/\/www.celttv.com.ar\/index.php\/2020\/05\/22\/monica-sagredo-no-sabemos-hasta-cuando-podemos-estar-en-esta-situacion\/"},"wordCount":562,"publisher":{"@id":"https:\/\/www.celttv.com.ar\/#organization"},"articleSection":["Comunidad","Destacadas","Pol\u00edtica"],"inLanguage":"es"},{"@type":"WebPage","@id":"https:\/\/www.celttv.com.ar\/index.php\/2020\/05\/22\/monica-sagredo-no-sabemos-hasta-cuando-podemos-estar-en-esta-situacion\/","url":"https:\/\/www.celttv.com.ar\/index.php\/2020\/05\/22\/monica-sagredo-no-sabemos-hasta-cuando-podemos-estar-en-esta-situacion\/","name":"M\u00f3nica Sagredo: \"No sabemos hasta cuando podemos estar en esta situaci\u00f3n\" - CELTTV","isPartOf":{"@id":"https:\/\/www.celttv.com.ar\/#website"},"datePublished":"2020-05-22T20:27:05+00:00","dateModified":"2020-05-22T20:27:05+00:00","description":"Sitio web de noticias de la localidad de Tornquist, provincia de Buenos Aires, Rep\u00fablica Argentina. Contenido propio originado por periodistas de CELTTV, el canal de TV local de la Cooperativa El\u00e9ctrica de Tornquist. Turismo, Pol\u00edtica, Sociedad, Deporte, Cultura y todo el contenido de inter\u00e9s general que la gente del pueblo y la regi\u00f3n debe conocer.","breadcrumb":{"@id":"https:\/\/www.celttv.com.ar\/index.php\/2020\/05\/22\/monica-sagredo-no-sabemos-hasta-cuando-podemos-estar-en-esta-situacion\/#breadcrumb"},"inLanguage":"es","potentialAction":[{"@type":"ReadAction","target":["https:\/\/www.celttv.com.ar\/index.php\/2020\/05\/22\/monica-sagredo-no-sabemos-hasta-cuando-podemos-estar-en-esta-situacion\/"]}]},{"@type":"BreadcrumbList","@id":"https:\/\/www.celttv.com.ar\/index.php\/2020\/05\/22\/monica-sagredo-no-sabemos-hasta-cuando-podemos-estar-en-esta-situacion\/#breadcrumb","itemListElement":[{"@type":"ListItem","position":1,"name":"Inicio","item":"https:\/\/www.celttv.com.ar\/"},{"@type":"ListItem","position":2,"name":"M\u00f3nica Sagredo: &#8220;No sabemos hasta cuando podemos estar en esta situaci\u00f3n&#8221;"}]},{"@type":"WebSite","@id":"https:\/\/www.celttv.com.ar\/#website","url":"https:\/\/www.celttv.com.ar\/","name":"CELTTV","description":"Cooperativa El\u00e9ctrica de Tornquist","publisher":{"@id":"https:\/\/www.celttv.com.ar\/#organization"},"potentialAction":[{"@type":"SearchAction","target":{"@type":"EntryPoint","urlTemplate":"https:\/\/www.celttv.com.ar\/?s={search_term_string}"},"query-input":"required name=search_term_string"}],"inLanguage":"es"},{"@type":"Organization","@id":"https:\/\/www.celttv.com.ar\/#organization","name":"CELTTV","url":"https:\/\/www.celttv.com.ar\/","sameAs":["https:\/\/www.youtube.com\/channel\/UCz_oIt8Hig64Ub-EmcNPIhg","https:\/\/www.facebook.com\/celtTV\/"],"logo":{"@type":"ImageObject","inLanguage":"es","@id":"https:\/\/www.celttv.com.ar\/#\/schema\/logo\/image\/","url":"http:\/\/www.celttv.com.ar\/wp-content\/uploads\/2022\/08\/logo-1.png","contentUrl":"http:\/\/www.celttv.com.ar\/wp-content\/uploads\/2022\/08\/logo-1.png","width":461,"height":159,"caption":"CELTTV"},"image":{"@id":"https:\/\/www.celttv.com.ar\/#\/schema\/logo\/image\/"}},{"@type":"Person","@id":"https:\/\/www.celttv.com.ar\/#\/schema\/person\/6d99c072dba59953809c81446e9d0ace","name":"ulises","image":{"@type":"ImageObject","inLanguage":"es","@id":"https:\/\/www.celttv.com.ar\/#\/schema\/person\/image\/","url":"https:\/\/secure.gravatar.com\/avatar\/7f2c48bdc33b30088f941fb6082e555f2874c98e20cb159d7b92b50eadfce793?s=96&d=mm&r=g","contentUrl":"https:\/\/secure.gravatar.com\/avatar\/7f2c48bdc33b30088f941fb6082e555f2874c98e20cb159d7b92b50eadfce793?s=96&d=mm&r=g","caption":"ulises"},"sameAs":["http:\/\/www.celttv.com.ar"]}]}},"_links":{"self":[{"href":"https:\/\/www.celttv.com.ar\/index.php\/wp-json\/wp\/v2\/posts\/49220","targetHints":{"allow":["GET"]}}],"collection":[{"href":"https:\/\/www.celttv.com.ar\/index.php\/wp-json\/wp\/v2\/posts"}],"about":[{"href":"https:\/\/www.celttv.com.ar\/index.php\/wp-json\/wp\/v2\/types\/post"}],"author":[{"embeddable":true,"href":"https:\/\/www.celttv.com.ar\/index.php\/wp-json\/wp\/v2\/users\/1"}],"replies":[{"embeddable":true,"href":"https:\/\/www.celttv.com.ar\/index.php\/wp-json\/wp\/v2\/comments?post=49220"}],"version-history":[{"count":0,"href":"https:\/\/www.celttv.com.ar\/index.php\/wp-json\/wp\/v2\/posts\/49220\/revisions"}],"wp:featuredmedia":[{"embeddable":true,"href":"https:\/\/www.celttv.com.ar\/index.php\/wp-json\/wp\/v2\/media\/48859"}],"wp:attachment":[{"href":"https:\/\/www.celttv.com.ar\/index.php\/wp-json\/wp\/v2\/media?parent=49220"}],"wp:term":[{"taxonomy":"category","embeddable":true,"href":"https:\/\/www.celttv.com.ar\/index.php\/wp-json\/wp\/v2\/categories?post=49220"},{"taxonomy":"post_tag","embeddable":true,"href":"https:\/\/www.celttv.com.ar\/index.php\/wp-json\/wp\/v2\/tags?post=49220"}],"curies":[{"name":"wp","href":"https:\/\/api.w.org\/{rel}","templated":true}]}}