{"id":49224,"date":"2020-05-22T22:52:55","date_gmt":"2020-05-22T22:52:55","guid":{"rendered":"http:\/\/www.celttv.com.ar\/?p=49224"},"modified":"2020-05-22T22:52:55","modified_gmt":"2020-05-22T22:52:55","slug":"habra-futbol-en-el-2020-opinan-los-dirigentes","status":"publish","type":"post","link":"https:\/\/www.celttv.com.ar\/index.php\/2020\/05\/22\/habra-futbol-en-el-2020-opinan-los-dirigentes\/","title":{"rendered":"\u00bfHABRA FUTBOL EN EL 2020? Opinan los dirigentes"},"content":{"rendered":"<p>El interrogante que se plantea a nivel nacional, no es diferente en la \u00f3rbita de la Liga Regional de F\u00fatbol de Coronel Su\u00e1rez. Si bien la intenci\u00f3n y las ganas por parte de la LRF y de la mayor\u00eda de los clubes, es que vuelva el f\u00fatbol promediando septiembre, la realidad econ\u00f3mica y obviamente la salud, son las preocupaciones m\u00e1s importantes en la cabeza de los dirigentes.<\/p>\n<p>Ante la consulta a los dirigentes acerca de la posibilidad de la vuelta del f\u00fatbol, en un campeonato que abarcar\u00eda los tres \u00faltimos meses del a\u00f1o (propuesta elevada por Pe\u00f1arol de Pig\u00fc\u00e9), las respuestas fueron las siguientes:<\/p>\n<p>&nbsp;<\/p>\n<p><strong>Dar\u00edo Garc\u00eda Pereyra, Vicepresidente de Empleados de Comercio:<\/strong><\/p>\n<p><em>\u201cLa verdad es que en las reuniones que hemos tenido desde el club, no se habl\u00f3 todav\u00eda del tema campeonato. Depende de cuando termine todo esto. Lo que si tenemos claro, es que sin p\u00fablico no se puede jugar. Si todo vuelve a la normalidad, vemos factible que se pueda hacer algo medio corto. Pero a su vez la realidad econ\u00f3mica de la gente que colabora en el club es complicada y hay que ver qu\u00e9 pasa, si pueden seguir colaborando o no. Cambio todo. Con viento a favor, estar\u00edamos dispuestos a jugar un torneo que finalice en diciembre\u201d.<\/em><\/p>\n<p>&nbsp;<\/p>\n<p><strong>Ricardo Salerno, Presidente de Boca Jrs:<\/strong><\/p>\n<p><em>\u201cSi bien no tenemos la certeza de cu\u00e1ndo y en qu\u00e9 condiciones puede volver el f\u00fatbol, sabemos que si o si tiene que ser con p\u00fablico, otra no hay. La idea es aceptable, con tan poco tiempo mucho mas no se puede inventar. Los detalles se pueden discutir pero as\u00ed ser\u00eda l\u00f3gico y jugable.<\/em><\/p>\n<p><em>Nosotros decidimos que hasta que no haya clases no abrimos el club. El riesgo es grande y a los chicos tambi\u00e9n los afecta. No vamos a hacer cosas de las que nos podamos arrepentir\u201d.<\/em><\/p>\n<p>&nbsp;<\/p>\n<p><strong>Mauro Gonz\u00e1lez, Presidente de Deportivo Argentino:<\/strong><\/p>\n<p><em>\u201cSi bien todos tenemos ganas de que vuelva el f\u00fatbol, es muy dif\u00edcil evaluar si no se tiene certeza de cu\u00e1ndo se va a volver a jugar y en qu\u00e9 condiciones. Si bien desde el gobierno se estableci\u00f3 un cese de actividades hasta septiembre, no significa que en septiembre se habiliten las actividades. Con los meses complicados que se vienen, vemos muy dif\u00edcil el regreso a la actividad en septiembre, y a su vez con las limitaciones que se puedan llegar a dar, como jugar sin p\u00fablico. Ser\u00eda imposible. Hay que seguir esperando, porque sin la certeza de cu\u00e1ndo vuelve, no se puede pensar en un formato de campeonato. Adem\u00e1s hay que cambiar la forma de trabajo y elaborar protocolos exhaustivos para el regreso a las pr\u00e1cticas, sobre todo con las formativas, que es lo que m\u00e1s me preocupa. Vamos a tener que hacer mucho hincapi\u00e9 en las cuestiones sanitarias que nos van a cambiar un poco en definitiva, la forma de vivir\u201d.<\/em><\/p>\n<p>&nbsp;<\/p>\n<p><strong>Hugo Lissarrague, Presidente de Atl\u00e9tico Huanguel\u00e9n:<\/strong><\/p>\n<p><em>\u201cA nosotros nos hab\u00eda parecido bien hacer el torneo corto hasta diciembre, pero tenemos la incertidumbre acerca de los jugadores que vienen de otros lados, por ejemplo Buenos Aires o Bah\u00eda Blanca. Es medio complicado, est\u00e1 bueno que se pueda hacer pero hay que pensar en todo eso. Quiero proteger a mis jugadores y la gente del pueblo. Tambi\u00e9n hay que ver el tema p\u00fablico. Sin gente no se puede jugar\u201d.<\/em><\/p>\n<p>&nbsp;<\/p>\n<p><strong>Jos\u00e9 Ignacio Robla, Subcomisi\u00f3n de f\u00fatbol de San Mart\u00edn de Carhu\u00e9:<\/strong><\/p>\n<p><em>\u201cEstamos de acuerdo con el torneo presentado por Pe\u00f1arol. La idea nuestra es ver c\u00f3mo transcurre todo y si podemos hacer alg\u00fan torneo este a\u00f1o ser\u00eda bueno, pero somos cautos con respecto a que hay que esperar como pasa la pandemia en \u00e9sta zona\u201d.<\/em><\/p>\n<p>&nbsp;<\/p>\n<p><strong>Silvia Lestarpe, Presidente de Independiente:<\/strong><\/p>\n<p><em>\u201cA nosotros no nos conviene. Yo asum\u00ed la presidencia con el club menos diez y nos cuesta mucho juntar para la liga, los pases, y m\u00e1s ahora que no se puede realizar ning\u00fan evento. A Independiente no le conviene, ya que solo jugar\u00edamos tres meses y no se justifica pagar tantos pases por poco tiempo\u201d.<\/em><\/p>\n<p><strong>Gustavo Walter, Presidente Tiro Federal de Pu\u00e1n:<\/strong><\/p>\n<p><em>\u201cNos gust\u00f3 el torneo que present\u00f3 Pe\u00f1arol y si habilitan jugar hasta fin de a\u00f1o vamos a participar, porque vemos que es mucho tiempo parados, y no podemos perder todo el a\u00f1o por completo. Cuando est\u00e9n las condiciones y nos den el OK, queremos empezar a mover con primera, reserva y los chicos, porque es mucho tiempo parado para todos. Vamos a apoyar el torneo\u201d.<\/em><\/p>\n<p>&nbsp;<\/p>\n<p><strong>Gustavo Monti, Subcomisi\u00f3n de f\u00fatbol de Pu\u00e1n FC:<\/strong><\/p>\n<p><em>\u201cLa idea es esperar alg\u00fan dato seguro con respecto al inicio del torneo. Al momento de contar con ese dato, queremos hacer algo este a\u00f1o, pero que termine este mismo a\u00f1o\u201d.<\/em><\/p>\n<p>&nbsp;<\/p>\n<p><strong>Germ\u00e1n Pettinari, Presidente Club Uni\u00f3n de Tornquist:<\/strong><\/p>\n<p><em>\u201cNo nos parece mal lo que present\u00f3 Pe\u00f1arol, pero todo depender\u00e1 de cuando se pueda volver a jugar, para dise\u00f1ar un campeonato en funci\u00f3n del tiempo que nos queda hasta fin de a\u00f1o. Si excede la fecha de fin de a\u00f1o, hay que ver c\u00f3mo se resuelve el tema de pases de jugadores que est\u00e1n a pr\u00e9stamo. Otro tema es el p\u00fablico, porque sin gente no se puede jugar. Tampoco estoy convencido de jugar en verano como algunos plantearon, pero si termina a fin de diciembre no estar\u00eda mal\u201d.<\/em><\/p>\n<p>&nbsp;<\/p>\n<p><strong>Julio Mart\u00ednez, Presidente de San Mart\u00edn de Santa Trinidad:<\/strong><\/p>\n<p><em>\u201cEs interesante en el sentido de que no tendr\u00edamos mucho tiempo, pero no se tienen en cuenta alguna suspensi\u00f3n por lluvia por ejemplo. Ser\u00eda lindo darle a los jugadores una levantada de \u00e1nimo jugando el torneo, pero requiere de por lo menos un mes de preparaci\u00f3n, los costos para la gente que trabaja, la liga, \u00e1rbitros, polic\u00eda. Y estamos todos los clubes iguales, casi no tenemos ingresos. La parte econ\u00f3mica esta dif\u00edcil pero queremos darle un incentivo a los jugadores. Pero tambi\u00e9n hay que pensar que pasa si por ejemplo, empezamos el campeonato y aparece alg\u00fan caso en cualquier ciudad. Se estar\u00eda parando nuevamente. Hay que tener los pies sobre la tierra tambi\u00e9n, por dos meses y medio de f\u00fatbol tampoco enloquecernos\u201d.<\/em><\/p>\n<p><strong>\u00a0<\/strong><\/p>\n<p><strong>Gabriel Artola, Presidente del Automoto Club Deportivo:<\/strong><\/p>\n<p><em>\u201cApoyamos el proyecto que present\u00f3 Pe\u00f1arol, pero siempre y cuando se pueda jugar con p\u00fablico y las condiciones de salud est\u00e9n dadas\u201d.<\/em><\/p>\n<p>&nbsp;<\/p>\n<p><strong>Javier Malla, Presidente de Uni\u00f3n de Pig\u00fc\u00e9:<\/strong><\/p>\n<p><em>\u201cMe parece bueno el campeonato que presento Pe\u00f1arol, pero no podemos hablar hasta que tengamos una fecha. A nosotros nos gustar\u00eda hacer un campeonato largo, como estaba estipulado, que se juegue de tardecita o de noche el que tiene luz. La alternativa de Pe\u00f1arol tambi\u00e9n la vemos positiva. Pero no tenemos siquiera una fecha estimativa para empezar a entrenar aunque sea en grupos. La idea es jugar si se puede, obvio que siempre y cuando con p\u00fablico. Sin p\u00fablico no\u201d.<\/em><\/p>\n<p>&nbsp;<\/p>\n<p><strong>Alejandro Pedroche, Subcomisi\u00f3n de f\u00fatbol de Racing:<\/strong><\/p>\n<p><em>\u201cTodav\u00eda no sabemos porque es medio hablar sobre la nada. Porque te dicen que en septiembre puede volver el f\u00fatbol pero no sabemos ni si vuelve y como vuelve. Sin p\u00fablico por ejemplo no se puede jugar. Los costos para abrir la cancha son muy grandes y sin p\u00fablico perder\u00edamos mucho dinero. Y viendo como viene la mano no creo que autoricen espect\u00e1culos con p\u00fablico. Pero llegado el caso de que se pueda jugar, con p\u00fablico y en condiciones, no me parece malo el formato de campeonato que present\u00f3 Pe\u00f1arol. Pero si no habilitan el p\u00fablico no podemos jugar.<\/em><\/p>\n<p><em>Lo que s\u00ed me parece es que si se juega este a\u00f1o o no, nos tendr\u00eda que servir para pensar bien para el 2021. Hay cosas que se tendr\u00edan que haber cambiado o agregado. Por ejemplo la apertura del libro de pases a mitad de a\u00f1o. Es la \u00fanica liga de la zona que lo tiene cerrado. Tambi\u00e9n podr\u00edamos arrancar a mediados de febrero para aprovechar la \u00e9poca linda, parar a principio de julio, hacer una mini pretemporada con apertura de libro de pases interligas, por alg\u00fan lesionado, por si alg\u00fan refuerzo no rindi\u00f3 y lo quer\u00e9s reemplazar, o alg\u00fan jugador le sale una propuesta de una liga mayor y te quedas sin un jugador. Y despu\u00e9s se retoma y se termina en noviembre o diciembre. Habr\u00eda que pensar a futuro.<\/em><\/p>\n<p><em>Vemos complicado que se juegue este a\u00f1o, porque adem\u00e1s hay que ver si la gente quiere volver a la cancha porque va a seguir con miedo. Esto va cambiando continuamente, hay que esperar. Pero insisto, nos tiene que servir para el a\u00f1o que viene, para hacer algunos retoques al torneo\u201d.<\/em><\/p>\n<p>&nbsp;<\/p>\n<p><strong>Ignacio Orazi, Vicepresidente Pe\u00f1arol de Guamin\u00ed:<\/strong><\/p>\n<p><em>\u201cEl torneo est\u00e1 espectacular, pero nosotros no podr\u00edamos jugarlo. Traemos muchos jugadores de afuera porque no tenemos muchos jugadores, y encima los jugadores la mayor\u00eda viene de Buenos Aires. Y est\u00e1 muy complicado. La prioridad es la salud y no queremos ser los que traigamos gente que pueda estar contagiada. Despu\u00e9s la parte econ\u00f3mica, el presupuesto es de gente que aporta y la situaci\u00f3n est\u00e1 muy dif\u00edcil. Pero lo principal es la salud, por eso no podr\u00edamos jugar y hay que ver qu\u00e9 pasa el a\u00f1o que viene\u201d.<\/em><\/p>\n<p>&nbsp;<\/p>\n<p><strong>Ricardo Salvi, Presidente de Blanco y Negro:<\/strong><\/p>\n<p><em>\u201cLa propuesta de Pe\u00f1arol es atrayente, linda y r\u00e1pida. Pero hay que ver si esto se levanta, porque est\u00e1 complicado. Tambi\u00e9n hay que ver el tema p\u00fablico, porque sin gente no se puede jugar. Los clubes estamos pasando un momento extremadamente dif\u00edcil. Juntamos peso por peso para cumplir con todas las obligaciones\u201d.<\/em><\/p>\n<p>&nbsp;<\/p>\n<p><strong>Hugo Caldera, Presidente de Club Sarmiento:<\/strong><\/p>\n<p><em>\u201cNuestra postura es jugar lo antes que se pueda, sabemos que hay varias opciones y decidiremos basados en las normas que proponga el Consejo Federal. Hoy nuestro tiempo y esfuerzo est\u00e1 destinado a mantener nuestras instalaciones y acompa\u00f1ar a nuestros futbolistas y cuerpo t\u00e9cnico, sin quemarles la cabeza\u201d.<\/em><\/p>\n<p>&nbsp;<\/p>\n<p>Las opiniones son casi similares en todos los casos. Se volver\u00e1 a jugar si la gente puede ir normalmente a la cancha y las condiciones de salud en las diferentes ciudades sea la adecuada y segura, para que absolutamente nadie corra ning\u00fan riesgo. Por el momento no hay fechas ni para la vuelta a los entrenamientos ni para el comienzo de torneo; por ahora no hay protocolos, solamente propuestas; por ahora no hay certezas, solamente interrogantes.<\/p>\n<p>&nbsp;<\/p>\n<p>Informe:<\/p>\n<p><strong>Gustavo Bacci<\/strong><\/p>\n<p><strong>SOLO FUTBOL<\/strong><\/p>\n<p><strong>CELTTV.<\/strong><\/p>\n","protected":false},"excerpt":{"rendered":"<p>El interrogante que se plantea a nivel nacional, no es diferente en la \u00f3rbita de la Liga Regional de F\u00fatbol de Coronel Su\u00e1rez. Si bien la intenci\u00f3n y las ganas por parte de la LRF y de la mayor\u00eda de los clubes, es que vuelva el f\u00fatbol promediando septiembre, la realidad econ\u00f3mica y obviamente la [&hellip;]<\/p>\n","protected":false},"author":1,"featured_media":47926,"comment_status":"closed","ping_status":"open","sticky":false,"template":"","format":"standard","meta":{"footnotes":""},"categories":[55,60,52],"tags":[],"class_list":["post-49224","post","type-post","status-publish","format-standard","has-post-thumbnail","hentry","category-celt-tv-noticias","category-deporte","category-destacadas"],"yoast_head":"<!-- This site is optimized with the Yoast SEO plugin v19.7.1 - https:\/\/yoast.com\/wordpress\/plugins\/seo\/ -->\n<title>\u00bfHABRA FUTBOL EN EL 2020? Opinan los dirigentes - CELTTV<\/title>\n<meta name=\"description\" content=\"Sitio web de noticias de la localidad de Tornquist, provincia de Buenos Aires, Rep\u00fablica Argentina. Contenido propio originado por periodistas de CELTTV, el canal de TV local de la Cooperativa El\u00e9ctrica de Tornquist. Turismo, Pol\u00edtica, Sociedad, Deporte, Cultura y todo el contenido de inter\u00e9s general que la gente del pueblo y la regi\u00f3n debe conocer.\" \/>\n<meta name=\"robots\" content=\"index, follow, max-snippet:-1, max-image-preview:large, max-video-preview:-1\" \/>\n<link rel=\"canonical\" href=\"https:\/\/www.celttv.com.ar\/index.php\/2020\/05\/22\/habra-futbol-en-el-2020-opinan-los-dirigentes\/\" \/>\n<meta property=\"og:locale\" content=\"es_ES\" \/>\n<meta property=\"og:type\" content=\"article\" \/>\n<meta property=\"og:title\" content=\"\u00bfHABRA FUTBOL EN EL 2020? Opinan los dirigentes - CELTTV\" \/>\n<meta property=\"og:description\" content=\"Sitio web de noticias de la localidad de Tornquist, provincia de Buenos Aires, Rep\u00fablica Argentina. Contenido propio originado por periodistas de CELTTV, el canal de TV local de la Cooperativa El\u00e9ctrica de Tornquist. Turismo, Pol\u00edtica, Sociedad, Deporte, Cultura y todo el contenido de inter\u00e9s general que la gente del pueblo y la regi\u00f3n debe conocer.\" \/>\n<meta property=\"og:url\" content=\"https:\/\/www.celttv.com.ar\/index.php\/2020\/05\/22\/habra-futbol-en-el-2020-opinan-los-dirigentes\/\" \/>\n<meta property=\"og:site_name\" content=\"CELTTV\" \/>\n<meta property=\"article:publisher\" content=\"https:\/\/www.facebook.com\/celtTV\/\" \/>\n<meta property=\"article:published_time\" content=\"2020-05-22T22:52:55+00:00\" \/>\n<meta property=\"og:image\" content=\"https:\/\/www.celttv.com.ar\/wp-content\/uploads\/2020\/03\/futbol-coronavirus-696x696-1.jpg\" \/>\n\t<meta property=\"og:image:width\" content=\"696\" \/>\n\t<meta property=\"og:image:height\" content=\"696\" \/>\n\t<meta property=\"og:image:type\" content=\"image\/jpeg\" \/>\n<meta name=\"author\" content=\"ulises\" \/>\n<meta name=\"twitter:card\" content=\"summary_large_image\" \/>\n<meta name=\"twitter:label1\" content=\"Escrito por\" \/>\n\t<meta name=\"twitter:data1\" content=\"ulises\" \/>\n\t<meta name=\"twitter:label2\" content=\"Tiempo de lectura\" \/>\n\t<meta name=\"twitter:data2\" content=\"9 minutos\" \/>\n<script type=\"application\/ld+json\" class=\"yoast-schema-graph\">{\"@context\":\"https:\/\/schema.org\",\"@graph\":[{\"@type\":\"NewsArticle\",\"@id\":\"https:\/\/www.celttv.com.ar\/index.php\/2020\/05\/22\/habra-futbol-en-el-2020-opinan-los-dirigentes\/#article\",\"isPartOf\":{\"@id\":\"https:\/\/www.celttv.com.ar\/index.php\/2020\/05\/22\/habra-futbol-en-el-2020-opinan-los-dirigentes\/\"},\"author\":{\"name\":\"ulises\",\"@id\":\"https:\/\/www.celttv.com.ar\/#\/schema\/person\/6d99c072dba59953809c81446e9d0ace\"},\"headline\":\"\u00bfHABRA FUTBOL EN EL 2020? Opinan los dirigentes\",\"datePublished\":\"2020-05-22T22:52:55+00:00\",\"dateModified\":\"2020-05-22T22:52:55+00:00\",\"mainEntityOfPage\":{\"@id\":\"https:\/\/www.celttv.com.ar\/index.php\/2020\/05\/22\/habra-futbol-en-el-2020-opinan-los-dirigentes\/\"},\"wordCount\":1860,\"publisher\":{\"@id\":\"https:\/\/www.celttv.com.ar\/#organization\"},\"articleSection\":[\"Celt TV Noticias\",\"Deporte\",\"Destacadas\"],\"inLanguage\":\"es\"},{\"@type\":\"WebPage\",\"@id\":\"https:\/\/www.celttv.com.ar\/index.php\/2020\/05\/22\/habra-futbol-en-el-2020-opinan-los-dirigentes\/\",\"url\":\"https:\/\/www.celttv.com.ar\/index.php\/2020\/05\/22\/habra-futbol-en-el-2020-opinan-los-dirigentes\/\",\"name\":\"\u00bfHABRA FUTBOL EN EL 2020? Opinan los dirigentes - CELTTV\",\"isPartOf\":{\"@id\":\"https:\/\/www.celttv.com.ar\/#website\"},\"datePublished\":\"2020-05-22T22:52:55+00:00\",\"dateModified\":\"2020-05-22T22:52:55+00:00\",\"description\":\"Sitio web de noticias de la localidad de Tornquist, provincia de Buenos Aires, Rep\u00fablica Argentina. Contenido propio originado por periodistas de CELTTV, el canal de TV local de la Cooperativa El\u00e9ctrica de Tornquist. Turismo, Pol\u00edtica, Sociedad, Deporte, Cultura y todo el contenido de inter\u00e9s general que la gente del pueblo y la regi\u00f3n debe conocer.\",\"breadcrumb\":{\"@id\":\"https:\/\/www.celttv.com.ar\/index.php\/2020\/05\/22\/habra-futbol-en-el-2020-opinan-los-dirigentes\/#breadcrumb\"},\"inLanguage\":\"es\",\"potentialAction\":[{\"@type\":\"ReadAction\",\"target\":[\"https:\/\/www.celttv.com.ar\/index.php\/2020\/05\/22\/habra-futbol-en-el-2020-opinan-los-dirigentes\/\"]}]},{\"@type\":\"BreadcrumbList\",\"@id\":\"https:\/\/www.celttv.com.ar\/index.php\/2020\/05\/22\/habra-futbol-en-el-2020-opinan-los-dirigentes\/#breadcrumb\",\"itemListElement\":[{\"@type\":\"ListItem\",\"position\":1,\"name\":\"Inicio\",\"item\":\"https:\/\/www.celttv.com.ar\/\"},{\"@type\":\"ListItem\",\"position\":2,\"name\":\"\u00bfHABRA FUTBOL EN EL 2020? Opinan los dirigentes\"}]},{\"@type\":\"WebSite\",\"@id\":\"https:\/\/www.celttv.com.ar\/#website\",\"url\":\"https:\/\/www.celttv.com.ar\/\",\"name\":\"CELTTV\",\"description\":\"Cooperativa El\u00e9ctrica de Tornquist\",\"publisher\":{\"@id\":\"https:\/\/www.celttv.com.ar\/#organization\"},\"potentialAction\":[{\"@type\":\"SearchAction\",\"target\":{\"@type\":\"EntryPoint\",\"urlTemplate\":\"https:\/\/www.celttv.com.ar\/?s={search_term_string}\"},\"query-input\":\"required name=search_term_string\"}],\"inLanguage\":\"es\"},{\"@type\":\"Organization\",\"@id\":\"https:\/\/www.celttv.com.ar\/#organization\",\"name\":\"CELTTV\",\"url\":\"https:\/\/www.celttv.com.ar\/\",\"sameAs\":[\"https:\/\/www.youtube.com\/channel\/UCz_oIt8Hig64Ub-EmcNPIhg\",\"https:\/\/www.facebook.com\/celtTV\/\"],\"logo\":{\"@type\":\"ImageObject\",\"inLanguage\":\"es\",\"@id\":\"https:\/\/www.celttv.com.ar\/#\/schema\/logo\/image\/\",\"url\":\"http:\/\/www.celttv.com.ar\/wp-content\/uploads\/2022\/08\/logo-1.png\",\"contentUrl\":\"http:\/\/www.celttv.com.ar\/wp-content\/uploads\/2022\/08\/logo-1.png\",\"width\":461,\"height\":159,\"caption\":\"CELTTV\"},\"image\":{\"@id\":\"https:\/\/www.celttv.com.ar\/#\/schema\/logo\/image\/\"}},{\"@type\":\"Person\",\"@id\":\"https:\/\/www.celttv.com.ar\/#\/schema\/person\/6d99c072dba59953809c81446e9d0ace\",\"name\":\"ulises\",\"image\":{\"@type\":\"ImageObject\",\"inLanguage\":\"es\",\"@id\":\"https:\/\/www.celttv.com.ar\/#\/schema\/person\/image\/\",\"url\":\"https:\/\/secure.gravatar.com\/avatar\/7f2c48bdc33b30088f941fb6082e555f2874c98e20cb159d7b92b50eadfce793?s=96&d=mm&r=g\",\"contentUrl\":\"https:\/\/secure.gravatar.com\/avatar\/7f2c48bdc33b30088f941fb6082e555f2874c98e20cb159d7b92b50eadfce793?s=96&d=mm&r=g\",\"caption\":\"ulises\"},\"sameAs\":[\"http:\/\/www.celttv.com.ar\"]}]}<\/script>\n<!-- \/ Yoast SEO plugin. -->","yoast_head_json":{"title":"\u00bfHABRA FUTBOL EN EL 2020? Opinan los dirigentes - CELTTV","description":"Sitio web de noticias de la localidad de Tornquist, provincia de Buenos Aires, Rep\u00fablica Argentina. Contenido propio originado por periodistas de CELTTV, el canal de TV local de la Cooperativa El\u00e9ctrica de Tornquist. Turismo, Pol\u00edtica, Sociedad, Deporte, Cultura y todo el contenido de inter\u00e9s general que la gente del pueblo y la regi\u00f3n debe conocer.","robots":{"index":"index","follow":"follow","max-snippet":"max-snippet:-1","max-image-preview":"max-image-preview:large","max-video-preview":"max-video-preview:-1"},"canonical":"https:\/\/www.celttv.com.ar\/index.php\/2020\/05\/22\/habra-futbol-en-el-2020-opinan-los-dirigentes\/","og_locale":"es_ES","og_type":"article","og_title":"\u00bfHABRA FUTBOL EN EL 2020? Opinan los dirigentes - CELTTV","og_description":"Sitio web de noticias de la localidad de Tornquist, provincia de Buenos Aires, Rep\u00fablica Argentina. Contenido propio originado por periodistas de CELTTV, el canal de TV local de la Cooperativa El\u00e9ctrica de Tornquist. Turismo, Pol\u00edtica, Sociedad, Deporte, Cultura y todo el contenido de inter\u00e9s general que la gente del pueblo y la regi\u00f3n debe conocer.","og_url":"https:\/\/www.celttv.com.ar\/index.php\/2020\/05\/22\/habra-futbol-en-el-2020-opinan-los-dirigentes\/","og_site_name":"CELTTV","article_publisher":"https:\/\/www.facebook.com\/celtTV\/","article_published_time":"2020-05-22T22:52:55+00:00","og_image":[{"width":696,"height":696,"url":"https:\/\/www.celttv.com.ar\/wp-content\/uploads\/2020\/03\/futbol-coronavirus-696x696-1.jpg","type":"image\/jpeg"}],"author":"ulises","twitter_card":"summary_large_image","twitter_misc":{"Escrito por":"ulises","Tiempo de lectura":"9 minutos"},"schema":{"@context":"https:\/\/schema.org","@graph":[{"@type":"NewsArticle","@id":"https:\/\/www.celttv.com.ar\/index.php\/2020\/05\/22\/habra-futbol-en-el-2020-opinan-los-dirigentes\/#article","isPartOf":{"@id":"https:\/\/www.celttv.com.ar\/index.php\/2020\/05\/22\/habra-futbol-en-el-2020-opinan-los-dirigentes\/"},"author":{"name":"ulises","@id":"https:\/\/www.celttv.com.ar\/#\/schema\/person\/6d99c072dba59953809c81446e9d0ace"},"headline":"\u00bfHABRA FUTBOL EN EL 2020? Opinan los dirigentes","datePublished":"2020-05-22T22:52:55+00:00","dateModified":"2020-05-22T22:52:55+00:00","mainEntityOfPage":{"@id":"https:\/\/www.celttv.com.ar\/index.php\/2020\/05\/22\/habra-futbol-en-el-2020-opinan-los-dirigentes\/"},"wordCount":1860,"publisher":{"@id":"https:\/\/www.celttv.com.ar\/#organization"},"articleSection":["Celt TV Noticias","Deporte","Destacadas"],"inLanguage":"es"},{"@type":"WebPage","@id":"https:\/\/www.celttv.com.ar\/index.php\/2020\/05\/22\/habra-futbol-en-el-2020-opinan-los-dirigentes\/","url":"https:\/\/www.celttv.com.ar\/index.php\/2020\/05\/22\/habra-futbol-en-el-2020-opinan-los-dirigentes\/","name":"\u00bfHABRA FUTBOL EN EL 2020? Opinan los dirigentes - CELTTV","isPartOf":{"@id":"https:\/\/www.celttv.com.ar\/#website"},"datePublished":"2020-05-22T22:52:55+00:00","dateModified":"2020-05-22T22:52:55+00:00","description":"Sitio web de noticias de la localidad de Tornquist, provincia de Buenos Aires, Rep\u00fablica Argentina. Contenido propio originado por periodistas de CELTTV, el canal de TV local de la Cooperativa El\u00e9ctrica de Tornquist. Turismo, Pol\u00edtica, Sociedad, Deporte, Cultura y todo el contenido de inter\u00e9s general que la gente del pueblo y la regi\u00f3n debe conocer.","breadcrumb":{"@id":"https:\/\/www.celttv.com.ar\/index.php\/2020\/05\/22\/habra-futbol-en-el-2020-opinan-los-dirigentes\/#breadcrumb"},"inLanguage":"es","potentialAction":[{"@type":"ReadAction","target":["https:\/\/www.celttv.com.ar\/index.php\/2020\/05\/22\/habra-futbol-en-el-2020-opinan-los-dirigentes\/"]}]},{"@type":"BreadcrumbList","@id":"https:\/\/www.celttv.com.ar\/index.php\/2020\/05\/22\/habra-futbol-en-el-2020-opinan-los-dirigentes\/#breadcrumb","itemListElement":[{"@type":"ListItem","position":1,"name":"Inicio","item":"https:\/\/www.celttv.com.ar\/"},{"@type":"ListItem","position":2,"name":"\u00bfHABRA FUTBOL EN EL 2020? Opinan los dirigentes"}]},{"@type":"WebSite","@id":"https:\/\/www.celttv.com.ar\/#website","url":"https:\/\/www.celttv.com.ar\/","name":"CELTTV","description":"Cooperativa El\u00e9ctrica de Tornquist","publisher":{"@id":"https:\/\/www.celttv.com.ar\/#organization"},"potentialAction":[{"@type":"SearchAction","target":{"@type":"EntryPoint","urlTemplate":"https:\/\/www.celttv.com.ar\/?s={search_term_string}"},"query-input":"required name=search_term_string"}],"inLanguage":"es"},{"@type":"Organization","@id":"https:\/\/www.celttv.com.ar\/#organization","name":"CELTTV","url":"https:\/\/www.celttv.com.ar\/","sameAs":["https:\/\/www.youtube.com\/channel\/UCz_oIt8Hig64Ub-EmcNPIhg","https:\/\/www.facebook.com\/celtTV\/"],"logo":{"@type":"ImageObject","inLanguage":"es","@id":"https:\/\/www.celttv.com.ar\/#\/schema\/logo\/image\/","url":"http:\/\/www.celttv.com.ar\/wp-content\/uploads\/2022\/08\/logo-1.png","contentUrl":"http:\/\/www.celttv.com.ar\/wp-content\/uploads\/2022\/08\/logo-1.png","width":461,"height":159,"caption":"CELTTV"},"image":{"@id":"https:\/\/www.celttv.com.ar\/#\/schema\/logo\/image\/"}},{"@type":"Person","@id":"https:\/\/www.celttv.com.ar\/#\/schema\/person\/6d99c072dba59953809c81446e9d0ace","name":"ulises","image":{"@type":"ImageObject","inLanguage":"es","@id":"https:\/\/www.celttv.com.ar\/#\/schema\/person\/image\/","url":"https:\/\/secure.gravatar.com\/avatar\/7f2c48bdc33b30088f941fb6082e555f2874c98e20cb159d7b92b50eadfce793?s=96&d=mm&r=g","contentUrl":"https:\/\/secure.gravatar.com\/avatar\/7f2c48bdc33b30088f941fb6082e555f2874c98e20cb159d7b92b50eadfce793?s=96&d=mm&r=g","caption":"ulises"},"sameAs":["http:\/\/www.celttv.com.ar"]}]}},"_links":{"self":[{"href":"https:\/\/www.celttv.com.ar\/index.php\/wp-json\/wp\/v2\/posts\/49224","targetHints":{"allow":["GET"]}}],"collection":[{"href":"https:\/\/www.celttv.com.ar\/index.php\/wp-json\/wp\/v2\/posts"}],"about":[{"href":"https:\/\/www.celttv.com.ar\/index.php\/wp-json\/wp\/v2\/types\/post"}],"author":[{"embeddable":true,"href":"https:\/\/www.celttv.com.ar\/index.php\/wp-json\/wp\/v2\/users\/1"}],"replies":[{"embeddable":true,"href":"https:\/\/www.celttv.com.ar\/index.php\/wp-json\/wp\/v2\/comments?post=49224"}],"version-history":[{"count":0,"href":"https:\/\/www.celttv.com.ar\/index.php\/wp-json\/wp\/v2\/posts\/49224\/revisions"}],"wp:featuredmedia":[{"embeddable":true,"href":"https:\/\/www.celttv.com.ar\/index.php\/wp-json\/wp\/v2\/media\/47926"}],"wp:attachment":[{"href":"https:\/\/www.celttv.com.ar\/index.php\/wp-json\/wp\/v2\/media?parent=49224"}],"wp:term":[{"taxonomy":"category","embeddable":true,"href":"https:\/\/www.celttv.com.ar\/index.php\/wp-json\/wp\/v2\/categories?post=49224"},{"taxonomy":"post_tag","embeddable":true,"href":"https:\/\/www.celttv.com.ar\/index.php\/wp-json\/wp\/v2\/tags?post=49224"}],"curies":[{"name":"wp","href":"https:\/\/api.w.org\/{rel}","templated":true}]}}