{"id":49633,"date":"2020-06-05T23:39:47","date_gmt":"2020-06-05T23:39:47","guid":{"rendered":"http:\/\/www.celttv.com.ar\/?p=49633"},"modified":"2020-06-05T23:39:47","modified_gmt":"2020-06-05T23:39:47","slug":"el-gobierno-bonaerense-definio-las-actividades-permitidas-en-municipios-de-acuerdo-a-cada-fase","status":"publish","type":"post","link":"https:\/\/www.celttv.com.ar\/index.php\/2020\/06\/05\/el-gobierno-bonaerense-definio-las-actividades-permitidas-en-municipios-de-acuerdo-a-cada-fase\/","title":{"rendered":"El Gobierno bonaerense defini\u00f3 las actividades permitidas en municipios de acuerdo a cada fase"},"content":{"rendered":"<p>El gobierno bonaerense dio hoy precisiones sobre las condiciones de cada fase para la nueva etapa del aislamiento social preventivo y obligatorio, seg\u00fan corresponda a cada uno de los 135 municipios cuyas actividades se habilitar\u00e1n de acuerdo a la situaci\u00f3n epidemiol\u00f3gica.<\/p>\n<p>En un comunicado, la gobernaci\u00f3n aclar\u00f3, adem\u00e1s, que ante cambios en esa situaci\u00f3n, cada municipio podr\u00e1 avanzar o retroceder de fase seg\u00fan corresponda.<\/p>\n<p>En los 40 municipios del AMBA regir\u00e1 la fase 3, en la que se except\u00faan las industrias con protocolos establecidos, con control de temperatura en el ingreso de los trabajadores, con transporte proporcionado por la empresa y con funcionamiento con personal local.<\/p>\n<p>Las actividades comerciales y de servicios, s\u00f3lo minoristas, no mayoristas, ser\u00e1n en comercios de cercan\u00eda, no en avenidas comerciales ni en centros comerciales abiertos o cerrados.<\/p>\n<p>Deber\u00e1n funcionar con personal local y en el caso de los comercios de indumentaria y calzado, podr\u00e1n atender \u00fanicamente con modalidad \u201ctake away\u201d o de atenci\u00f3n en la vereda y los clientes no podr\u00e1n probarse los art\u00edculos.<\/p>\n<p>En los municipios fuera del AMBA que cuenten con casos positivos en los \u00faltimos 21 d\u00edas, regir\u00e1 la Fase 4, en la que adem\u00e1s de lo habilitado en la fase 3, se permite la construcci\u00f3n privada, servicio dom\u00e9stico y de mantenimiento hogare\u00f1o, s\u00f3lo con personal local.<\/p>\n<p>Esos municipios pueden habilitar tambi\u00e9n servicios de alojamiento para trabajadores esenciales con control de s\u00edntomas al ingreso, registro diario de personas hospedadas, una sola por habitaci\u00f3n y sin utilizar espacios comunes.<\/p>\n<p>Adem\u00e1s, se habilitan los servicios de est\u00e9tica personal con las mismas recomendaciones que los comercios y las salidas recreativas con uso de tapabocas obligatorio, en espacios abiertos, con una distancia de 500 metros de domicilio y las reuniones de no mas de diez personas.<\/p>\n<p>En tanto, los municipios fuera del AMBA que no cuenten con casos en los \u00faltimos 21 d\u00edas, entrar\u00e1n en Fase 5, sumar\u00e1n la habilitaci\u00f3n de los comercios de gastronom\u00eda abiertos al p\u00fablico con protocolo, distancia preventiva dentro del local, una capacidad ocupada que no supere el 50% del total, con registro de clientes y con la obligaci\u00f3n de que todas las mesas deben tener disponible soluci\u00f3n alcoh\u00f3lica al 70%.<\/p>\n<p>Adem\u00e1s, sumar\u00e1n actividades deportivas y de esparcimiento con distanciamiento f\u00edsico, sin p\u00fablico, con registro de asistentes, protocolo y desinfecci\u00f3n de los elementos de uso com\u00fan luego de cada uso.<\/p>\n<p>(telam)<\/p>\n","protected":false},"excerpt":{"rendered":"<p>El gobierno bonaerense dio hoy precisiones sobre las condiciones de cada fase para la nueva etapa del aislamiento social preventivo y obligatorio, seg\u00fan corresponda a cada uno de los 135 municipios cuyas actividades se habilitar\u00e1n de acuerdo a la situaci\u00f3n epidemiol\u00f3gica. En un comunicado, la gobernaci\u00f3n aclar\u00f3, adem\u00e1s, que ante cambios en esa situaci\u00f3n, cada [&hellip;]<\/p>\n","protected":false},"author":1,"featured_media":49634,"comment_status":"closed","ping_status":"open","sticky":false,"template":"","format":"standard","meta":{"footnotes":""},"categories":[55,51,52],"tags":[],"class_list":["post-49633","post","type-post","status-publish","format-standard","has-post-thumbnail","hentry","category-celt-tv-noticias","category-comunidad","category-destacadas"],"yoast_head":"<!-- This site is optimized with the Yoast SEO plugin v19.7.1 - https:\/\/yoast.com\/wordpress\/plugins\/seo\/ -->\n<title>El Gobierno bonaerense defini\u00f3 las actividades permitidas en municipios de acuerdo a cada fase - CELTTV<\/title>\n<meta name=\"description\" content=\"Sitio web de noticias de la localidad de Tornquist, provincia de Buenos Aires, Rep\u00fablica Argentina. Contenido propio originado por periodistas de CELTTV, el canal de TV local de la Cooperativa El\u00e9ctrica de Tornquist. Turismo, Pol\u00edtica, Sociedad, Deporte, Cultura y todo el contenido de inter\u00e9s general que la gente del pueblo y la regi\u00f3n debe conocer.\" \/>\n<meta name=\"robots\" content=\"index, follow, max-snippet:-1, max-image-preview:large, max-video-preview:-1\" \/>\n<link rel=\"canonical\" href=\"https:\/\/www.celttv.com.ar\/index.php\/2020\/06\/05\/el-gobierno-bonaerense-definio-las-actividades-permitidas-en-municipios-de-acuerdo-a-cada-fase\/\" \/>\n<meta property=\"og:locale\" content=\"es_ES\" \/>\n<meta property=\"og:type\" content=\"article\" \/>\n<meta property=\"og:title\" content=\"El Gobierno bonaerense defini\u00f3 las actividades permitidas en municipios de acuerdo a cada fase - CELTTV\" \/>\n<meta property=\"og:description\" content=\"Sitio web de noticias de la localidad de Tornquist, provincia de Buenos Aires, Rep\u00fablica Argentina. Contenido propio originado por periodistas de CELTTV, el canal de TV local de la Cooperativa El\u00e9ctrica de Tornquist. Turismo, Pol\u00edtica, Sociedad, Deporte, Cultura y todo el contenido de inter\u00e9s general que la gente del pueblo y la regi\u00f3n debe conocer.\" \/>\n<meta property=\"og:url\" content=\"https:\/\/www.celttv.com.ar\/index.php\/2020\/06\/05\/el-gobierno-bonaerense-definio-las-actividades-permitidas-en-municipios-de-acuerdo-a-cada-fase\/\" \/>\n<meta property=\"og:site_name\" content=\"CELTTV\" \/>\n<meta property=\"article:publisher\" content=\"https:\/\/www.facebook.com\/celtTV\/\" \/>\n<meta property=\"article:published_time\" content=\"2020-06-05T23:39:47+00:00\" \/>\n<meta property=\"og:image\" content=\"https:\/\/www.celttv.com.ar\/wp-content\/uploads\/2020\/06\/fases-distintas.jpg\" \/>\n\t<meta property=\"og:image:width\" content=\"740\" \/>\n\t<meta property=\"og:image:height\" content=\"493\" \/>\n\t<meta property=\"og:image:type\" content=\"image\/jpeg\" \/>\n<meta name=\"author\" content=\"ulises\" \/>\n<meta name=\"twitter:card\" content=\"summary_large_image\" \/>\n<meta name=\"twitter:label1\" content=\"Escrito por\" \/>\n\t<meta name=\"twitter:data1\" content=\"ulises\" \/>\n\t<meta name=\"twitter:label2\" content=\"Tiempo de lectura\" \/>\n\t<meta name=\"twitter:data2\" content=\"2 minutos\" \/>\n<script type=\"application\/ld+json\" class=\"yoast-schema-graph\">{\"@context\":\"https:\/\/schema.org\",\"@graph\":[{\"@type\":\"NewsArticle\",\"@id\":\"https:\/\/www.celttv.com.ar\/index.php\/2020\/06\/05\/el-gobierno-bonaerense-definio-las-actividades-permitidas-en-municipios-de-acuerdo-a-cada-fase\/#article\",\"isPartOf\":{\"@id\":\"https:\/\/www.celttv.com.ar\/index.php\/2020\/06\/05\/el-gobierno-bonaerense-definio-las-actividades-permitidas-en-municipios-de-acuerdo-a-cada-fase\/\"},\"author\":{\"name\":\"ulises\",\"@id\":\"https:\/\/www.celttv.com.ar\/#\/schema\/person\/6d99c072dba59953809c81446e9d0ace\"},\"headline\":\"El Gobierno bonaerense defini\u00f3 las actividades permitidas en municipios de acuerdo a cada fase\",\"datePublished\":\"2020-06-05T23:39:47+00:00\",\"dateModified\":\"2020-06-05T23:39:47+00:00\",\"mainEntityOfPage\":{\"@id\":\"https:\/\/www.celttv.com.ar\/index.php\/2020\/06\/05\/el-gobierno-bonaerense-definio-las-actividades-permitidas-en-municipios-de-acuerdo-a-cada-fase\/\"},\"wordCount\":435,\"publisher\":{\"@id\":\"https:\/\/www.celttv.com.ar\/#organization\"},\"articleSection\":[\"Celt TV Noticias\",\"Comunidad\",\"Destacadas\"],\"inLanguage\":\"es\"},{\"@type\":\"WebPage\",\"@id\":\"https:\/\/www.celttv.com.ar\/index.php\/2020\/06\/05\/el-gobierno-bonaerense-definio-las-actividades-permitidas-en-municipios-de-acuerdo-a-cada-fase\/\",\"url\":\"https:\/\/www.celttv.com.ar\/index.php\/2020\/06\/05\/el-gobierno-bonaerense-definio-las-actividades-permitidas-en-municipios-de-acuerdo-a-cada-fase\/\",\"name\":\"El Gobierno bonaerense defini\u00f3 las actividades permitidas en municipios de acuerdo a cada fase - CELTTV\",\"isPartOf\":{\"@id\":\"https:\/\/www.celttv.com.ar\/#website\"},\"datePublished\":\"2020-06-05T23:39:47+00:00\",\"dateModified\":\"2020-06-05T23:39:47+00:00\",\"description\":\"Sitio web de noticias de la localidad de Tornquist, provincia de Buenos Aires, Rep\u00fablica Argentina. Contenido propio originado por periodistas de CELTTV, el canal de TV local de la Cooperativa El\u00e9ctrica de Tornquist. Turismo, Pol\u00edtica, Sociedad, Deporte, Cultura y todo el contenido de inter\u00e9s general que la gente del pueblo y la regi\u00f3n debe conocer.\",\"breadcrumb\":{\"@id\":\"https:\/\/www.celttv.com.ar\/index.php\/2020\/06\/05\/el-gobierno-bonaerense-definio-las-actividades-permitidas-en-municipios-de-acuerdo-a-cada-fase\/#breadcrumb\"},\"inLanguage\":\"es\",\"potentialAction\":[{\"@type\":\"ReadAction\",\"target\":[\"https:\/\/www.celttv.com.ar\/index.php\/2020\/06\/05\/el-gobierno-bonaerense-definio-las-actividades-permitidas-en-municipios-de-acuerdo-a-cada-fase\/\"]}]},{\"@type\":\"BreadcrumbList\",\"@id\":\"https:\/\/www.celttv.com.ar\/index.php\/2020\/06\/05\/el-gobierno-bonaerense-definio-las-actividades-permitidas-en-municipios-de-acuerdo-a-cada-fase\/#breadcrumb\",\"itemListElement\":[{\"@type\":\"ListItem\",\"position\":1,\"name\":\"Inicio\",\"item\":\"https:\/\/www.celttv.com.ar\/\"},{\"@type\":\"ListItem\",\"position\":2,\"name\":\"El Gobierno bonaerense defini\u00f3 las actividades permitidas en municipios de acuerdo a cada fase\"}]},{\"@type\":\"WebSite\",\"@id\":\"https:\/\/www.celttv.com.ar\/#website\",\"url\":\"https:\/\/www.celttv.com.ar\/\",\"name\":\"CELTTV\",\"description\":\"Cooperativa El\u00e9ctrica de Tornquist\",\"publisher\":{\"@id\":\"https:\/\/www.celttv.com.ar\/#organization\"},\"potentialAction\":[{\"@type\":\"SearchAction\",\"target\":{\"@type\":\"EntryPoint\",\"urlTemplate\":\"https:\/\/www.celttv.com.ar\/?s={search_term_string}\"},\"query-input\":\"required name=search_term_string\"}],\"inLanguage\":\"es\"},{\"@type\":\"Organization\",\"@id\":\"https:\/\/www.celttv.com.ar\/#organization\",\"name\":\"CELTTV\",\"url\":\"https:\/\/www.celttv.com.ar\/\",\"sameAs\":[\"https:\/\/www.youtube.com\/channel\/UCz_oIt8Hig64Ub-EmcNPIhg\",\"https:\/\/www.facebook.com\/celtTV\/\"],\"logo\":{\"@type\":\"ImageObject\",\"inLanguage\":\"es\",\"@id\":\"https:\/\/www.celttv.com.ar\/#\/schema\/logo\/image\/\",\"url\":\"http:\/\/www.celttv.com.ar\/wp-content\/uploads\/2022\/08\/logo-1.png\",\"contentUrl\":\"http:\/\/www.celttv.com.ar\/wp-content\/uploads\/2022\/08\/logo-1.png\",\"width\":461,\"height\":159,\"caption\":\"CELTTV\"},\"image\":{\"@id\":\"https:\/\/www.celttv.com.ar\/#\/schema\/logo\/image\/\"}},{\"@type\":\"Person\",\"@id\":\"https:\/\/www.celttv.com.ar\/#\/schema\/person\/6d99c072dba59953809c81446e9d0ace\",\"name\":\"ulises\",\"image\":{\"@type\":\"ImageObject\",\"inLanguage\":\"es\",\"@id\":\"https:\/\/www.celttv.com.ar\/#\/schema\/person\/image\/\",\"url\":\"https:\/\/secure.gravatar.com\/avatar\/7f2c48bdc33b30088f941fb6082e555f2874c98e20cb159d7b92b50eadfce793?s=96&d=mm&r=g\",\"contentUrl\":\"https:\/\/secure.gravatar.com\/avatar\/7f2c48bdc33b30088f941fb6082e555f2874c98e20cb159d7b92b50eadfce793?s=96&d=mm&r=g\",\"caption\":\"ulises\"},\"sameAs\":[\"http:\/\/www.celttv.com.ar\"]}]}<\/script>\n<!-- \/ Yoast SEO plugin. -->","yoast_head_json":{"title":"El Gobierno bonaerense defini\u00f3 las actividades permitidas en municipios de acuerdo a cada fase - CELTTV","description":"Sitio web de noticias de la localidad de Tornquist, provincia de Buenos Aires, Rep\u00fablica Argentina. Contenido propio originado por periodistas de CELTTV, el canal de TV local de la Cooperativa El\u00e9ctrica de Tornquist. Turismo, Pol\u00edtica, Sociedad, Deporte, Cultura y todo el contenido de inter\u00e9s general que la gente del pueblo y la regi\u00f3n debe conocer.","robots":{"index":"index","follow":"follow","max-snippet":"max-snippet:-1","max-image-preview":"max-image-preview:large","max-video-preview":"max-video-preview:-1"},"canonical":"https:\/\/www.celttv.com.ar\/index.php\/2020\/06\/05\/el-gobierno-bonaerense-definio-las-actividades-permitidas-en-municipios-de-acuerdo-a-cada-fase\/","og_locale":"es_ES","og_type":"article","og_title":"El Gobierno bonaerense defini\u00f3 las actividades permitidas en municipios de acuerdo a cada fase - CELTTV","og_description":"Sitio web de noticias de la localidad de Tornquist, provincia de Buenos Aires, Rep\u00fablica Argentina. Contenido propio originado por periodistas de CELTTV, el canal de TV local de la Cooperativa El\u00e9ctrica de Tornquist. Turismo, Pol\u00edtica, Sociedad, Deporte, Cultura y todo el contenido de inter\u00e9s general que la gente del pueblo y la regi\u00f3n debe conocer.","og_url":"https:\/\/www.celttv.com.ar\/index.php\/2020\/06\/05\/el-gobierno-bonaerense-definio-las-actividades-permitidas-en-municipios-de-acuerdo-a-cada-fase\/","og_site_name":"CELTTV","article_publisher":"https:\/\/www.facebook.com\/celtTV\/","article_published_time":"2020-06-05T23:39:47+00:00","og_image":[{"width":740,"height":493,"url":"https:\/\/www.celttv.com.ar\/wp-content\/uploads\/2020\/06\/fases-distintas.jpg","type":"image\/jpeg"}],"author":"ulises","twitter_card":"summary_large_image","twitter_misc":{"Escrito por":"ulises","Tiempo de lectura":"2 minutos"},"schema":{"@context":"https:\/\/schema.org","@graph":[{"@type":"NewsArticle","@id":"https:\/\/www.celttv.com.ar\/index.php\/2020\/06\/05\/el-gobierno-bonaerense-definio-las-actividades-permitidas-en-municipios-de-acuerdo-a-cada-fase\/#article","isPartOf":{"@id":"https:\/\/www.celttv.com.ar\/index.php\/2020\/06\/05\/el-gobierno-bonaerense-definio-las-actividades-permitidas-en-municipios-de-acuerdo-a-cada-fase\/"},"author":{"name":"ulises","@id":"https:\/\/www.celttv.com.ar\/#\/schema\/person\/6d99c072dba59953809c81446e9d0ace"},"headline":"El Gobierno bonaerense defini\u00f3 las actividades permitidas en municipios de acuerdo a cada fase","datePublished":"2020-06-05T23:39:47+00:00","dateModified":"2020-06-05T23:39:47+00:00","mainEntityOfPage":{"@id":"https:\/\/www.celttv.com.ar\/index.php\/2020\/06\/05\/el-gobierno-bonaerense-definio-las-actividades-permitidas-en-municipios-de-acuerdo-a-cada-fase\/"},"wordCount":435,"publisher":{"@id":"https:\/\/www.celttv.com.ar\/#organization"},"articleSection":["Celt TV Noticias","Comunidad","Destacadas"],"inLanguage":"es"},{"@type":"WebPage","@id":"https:\/\/www.celttv.com.ar\/index.php\/2020\/06\/05\/el-gobierno-bonaerense-definio-las-actividades-permitidas-en-municipios-de-acuerdo-a-cada-fase\/","url":"https:\/\/www.celttv.com.ar\/index.php\/2020\/06\/05\/el-gobierno-bonaerense-definio-las-actividades-permitidas-en-municipios-de-acuerdo-a-cada-fase\/","name":"El Gobierno bonaerense defini\u00f3 las actividades permitidas en municipios de acuerdo a cada fase - CELTTV","isPartOf":{"@id":"https:\/\/www.celttv.com.ar\/#website"},"datePublished":"2020-06-05T23:39:47+00:00","dateModified":"2020-06-05T23:39:47+00:00","description":"Sitio web de noticias de la localidad de Tornquist, provincia de Buenos Aires, Rep\u00fablica Argentina. Contenido propio originado por periodistas de CELTTV, el canal de TV local de la Cooperativa El\u00e9ctrica de Tornquist. Turismo, Pol\u00edtica, Sociedad, Deporte, Cultura y todo el contenido de inter\u00e9s general que la gente del pueblo y la regi\u00f3n debe conocer.","breadcrumb":{"@id":"https:\/\/www.celttv.com.ar\/index.php\/2020\/06\/05\/el-gobierno-bonaerense-definio-las-actividades-permitidas-en-municipios-de-acuerdo-a-cada-fase\/#breadcrumb"},"inLanguage":"es","potentialAction":[{"@type":"ReadAction","target":["https:\/\/www.celttv.com.ar\/index.php\/2020\/06\/05\/el-gobierno-bonaerense-definio-las-actividades-permitidas-en-municipios-de-acuerdo-a-cada-fase\/"]}]},{"@type":"BreadcrumbList","@id":"https:\/\/www.celttv.com.ar\/index.php\/2020\/06\/05\/el-gobierno-bonaerense-definio-las-actividades-permitidas-en-municipios-de-acuerdo-a-cada-fase\/#breadcrumb","itemListElement":[{"@type":"ListItem","position":1,"name":"Inicio","item":"https:\/\/www.celttv.com.ar\/"},{"@type":"ListItem","position":2,"name":"El Gobierno bonaerense defini\u00f3 las actividades permitidas en municipios de acuerdo a cada fase"}]},{"@type":"WebSite","@id":"https:\/\/www.celttv.com.ar\/#website","url":"https:\/\/www.celttv.com.ar\/","name":"CELTTV","description":"Cooperativa El\u00e9ctrica de Tornquist","publisher":{"@id":"https:\/\/www.celttv.com.ar\/#organization"},"potentialAction":[{"@type":"SearchAction","target":{"@type":"EntryPoint","urlTemplate":"https:\/\/www.celttv.com.ar\/?s={search_term_string}"},"query-input":"required name=search_term_string"}],"inLanguage":"es"},{"@type":"Organization","@id":"https:\/\/www.celttv.com.ar\/#organization","name":"CELTTV","url":"https:\/\/www.celttv.com.ar\/","sameAs":["https:\/\/www.youtube.com\/channel\/UCz_oIt8Hig64Ub-EmcNPIhg","https:\/\/www.facebook.com\/celtTV\/"],"logo":{"@type":"ImageObject","inLanguage":"es","@id":"https:\/\/www.celttv.com.ar\/#\/schema\/logo\/image\/","url":"http:\/\/www.celttv.com.ar\/wp-content\/uploads\/2022\/08\/logo-1.png","contentUrl":"http:\/\/www.celttv.com.ar\/wp-content\/uploads\/2022\/08\/logo-1.png","width":461,"height":159,"caption":"CELTTV"},"image":{"@id":"https:\/\/www.celttv.com.ar\/#\/schema\/logo\/image\/"}},{"@type":"Person","@id":"https:\/\/www.celttv.com.ar\/#\/schema\/person\/6d99c072dba59953809c81446e9d0ace","name":"ulises","image":{"@type":"ImageObject","inLanguage":"es","@id":"https:\/\/www.celttv.com.ar\/#\/schema\/person\/image\/","url":"https:\/\/secure.gravatar.com\/avatar\/7f2c48bdc33b30088f941fb6082e555f2874c98e20cb159d7b92b50eadfce793?s=96&d=mm&r=g","contentUrl":"https:\/\/secure.gravatar.com\/avatar\/7f2c48bdc33b30088f941fb6082e555f2874c98e20cb159d7b92b50eadfce793?s=96&d=mm&r=g","caption":"ulises"},"sameAs":["http:\/\/www.celttv.com.ar"]}]}},"_links":{"self":[{"href":"https:\/\/www.celttv.com.ar\/index.php\/wp-json\/wp\/v2\/posts\/49633","targetHints":{"allow":["GET"]}}],"collection":[{"href":"https:\/\/www.celttv.com.ar\/index.php\/wp-json\/wp\/v2\/posts"}],"about":[{"href":"https:\/\/www.celttv.com.ar\/index.php\/wp-json\/wp\/v2\/types\/post"}],"author":[{"embeddable":true,"href":"https:\/\/www.celttv.com.ar\/index.php\/wp-json\/wp\/v2\/users\/1"}],"replies":[{"embeddable":true,"href":"https:\/\/www.celttv.com.ar\/index.php\/wp-json\/wp\/v2\/comments?post=49633"}],"version-history":[{"count":0,"href":"https:\/\/www.celttv.com.ar\/index.php\/wp-json\/wp\/v2\/posts\/49633\/revisions"}],"wp:featuredmedia":[{"embeddable":true,"href":"https:\/\/www.celttv.com.ar\/index.php\/wp-json\/wp\/v2\/media\/49634"}],"wp:attachment":[{"href":"https:\/\/www.celttv.com.ar\/index.php\/wp-json\/wp\/v2\/media?parent=49633"}],"wp:term":[{"taxonomy":"category","embeddable":true,"href":"https:\/\/www.celttv.com.ar\/index.php\/wp-json\/wp\/v2\/categories?post=49633"},{"taxonomy":"post_tag","embeddable":true,"href":"https:\/\/www.celttv.com.ar\/index.php\/wp-json\/wp\/v2\/tags?post=49633"}],"curies":[{"name":"wp","href":"https:\/\/api.w.org\/{rel}","templated":true}]}}